{"id":875,"date":"2011-02-05T16:57:00","date_gmt":"2011-02-05T16:57:00","guid":{"rendered":"http:\/\/carideal.com\/blog\/?p=875"},"modified":"2011-02-05T16:57:00","modified_gmt":"2011-02-05T16:57:00","slug":"volkswagen-polo-gti","status":"publish","type":"post","link":"https:\/\/www.carideal.com\/blog\/2011\/02\/05\/volkswagen-polo-gti\/","title":{"rendered":"Volkswagen Polo GTI"},"content":{"rendered":"<p><img decoding=\"async\" src=\"\/blog\/public\/.Volkswagen-Polo-GTI-02-achat-carideal-mandataire_m.jpg\" alt=\"Volkswagen polo GTI achat mandataire carideal\" title=\"Volkswagen polo GTI achat mandataire carideal, f\u00e9v. 2011\" \/><\/p>\n<blockquote>\n<p>Une Polo de 180 ch sans malus&nbsp;!<\/p>\n<\/blockquote>\n<p>Dans la gamme <a href=\"\/blog\/index.php?tag\/Volkswagen\">Volkswagen<\/a>, GTI rime forc\u00e9ment avec Golf. Pourtant, voici la polo GTI troisi\u00e8me du nom. Apr\u00e8s les mod\u00e8les de 2000, avec le 1.6 de 125 ch, et de 2006, avec le 1.8T de 150 ch, la nouvelle Polo d\u00e9vergond\u00e9e conserve le m\u00eame cap&nbsp;: le sport un peu, l'\u00e9quipement beaucoup et la polyvalence surtout. Sur la base de la d\u00e8rni\u00e8re Polo, la GTI re\u00e7oit le petit <a href=\"\/blog\/index.php?tag\/1.4%20TSI\">1.4 TSI<\/a> gonfl\u00e9 \u00e0 180 ch gr\u00e2ce \u00e0 la double suralimentation <a href=\"\/blog\/index.php?tag\/compresseur\">compresseur<\/a> et <a href=\"\/blog\/index.php?tag\/turbo\">turbo<\/a>. Ce moteur nerveux, de 0 \u00e0 100 km\/h en 6.9 secn fait de cette GTI la championne des Grand Prix du feu rouge, surtout que la boite de vitesse DSG \u00e0 7 rapports passe les vitesses \u00e0 la vol\u00e9e.<\/p>\n<p><a href=\"\/blog\/index.php?post\/2011\/01\/22\/Les-Volkswagen-de-2011\">\/ Volkswagen de 2011<\/a><br \/>\n<a href=\"\/blog\/index.php?post\/2010\/06\/02\/la-Volkswagen-Polo-se-decline-%C3%A0-toutes-les-sauces\">\/ volkswagen polo \u00e0 toutes les sauces<\/a><br \/>\n<a href=\"http:\/\/blogautomobile.fr\/compresseurs-multisuralimentation-99681\" hreflang=\"fr\">\/ Les diff\u00e9rentes suralimentations<\/a><\/p>\n","protected":false},"excerpt":{"rendered":"<p>Une Polo de 180 ch sans malus&nbsp;! Dans la gamme Volkswagen, GTI rime forc\u00e9ment avec Golf. Pourtant, voici la polo GTI troisi\u00e8me du nom. Apr\u00e8s les mod\u00e8les de 2000, avec le 1.6 de 125 ch, et de 2006, avec le 1.8T de 150 ch, la nouvelle Polo d\u00e9vergond\u00e9e conserve le m\u00eame cap&nbsp;: le sport un &#8230; <a title=\"Volkswagen Polo GTI\" class=\"read-more\" href=\"https:\/\/www.carideal.com\/blog\/2011\/02\/05\/volkswagen-polo-gti\/\" aria-label=\"En savoir plus sur Volkswagen Polo GTI\">Lire plus<\/a><\/p>\n","protected":false},"author":1,"featured_media":0,"comment_status":"open","ping_status":"open","sticky":false,"template":"","format":"standard","meta":{"_uag_custom_page_level_css":"","_themeisle_gutenberg_block_has_review":false,"footnotes":""},"categories":[10],"tags":[1435],"class_list":["post-875","post","type-post","status-publish","format-standard","hentry","category-marche-automobile-voiture-neuve-occasion-4x4-suv","tag-gti"],"wppr_data":[],"yoast_head":"<!-- This site is optimized with the Yoast SEO plugin v24.8.1 - https:\/\/yoast.com\/wordpress\/plugins\/seo\/ -->\n<title>Volkswagen Polo GTI - Blog auto Carid\u00e9al<\/title>\n<meta name=\"robots\" content=\"index, follow, max-snippet:-1, max-image-preview:large, max-video-preview:-1\" \/>\n<link rel=\"canonical\" href=\"https:\/\/www.carideal.com\/blog\/2011\/02\/05\/volkswagen-polo-gti\/\" \/>\n<meta property=\"og:locale\" content=\"fr_FR\" \/>\n<meta property=\"og:type\" content=\"article\" \/>\n<meta property=\"og:title\" content=\"Volkswagen Polo GTI - Blog auto Carid\u00e9al\" \/>\n<meta property=\"og:description\" content=\"Une Polo de 180 ch sans malus&nbsp;! Dans la gamme Volkswagen, GTI rime forc\u00e9ment avec Golf. Pourtant, voici la polo GTI troisi\u00e8me du nom. Apr\u00e8s les mod\u00e8les de 2000, avec le 1.6 de 125 ch, et de 2006, avec le 1.8T de 150 ch, la nouvelle Polo d\u00e9vergond\u00e9e conserve le m\u00eame cap&nbsp;: le sport un ... Lire plus\" \/>\n<meta property=\"og:url\" content=\"https:\/\/www.carideal.com\/blog\/2011\/02\/05\/volkswagen-polo-gti\/\" \/>\n<meta property=\"og:site_name\" content=\"Blog auto Carid\u00e9al\" \/>\n<meta property=\"article:publisher\" content=\"https:\/\/www.facebook.com\/Carideal.mandataire.automobile\" \/>\n<meta property=\"article:author\" content=\"https:\/\/www.facebook.com\/Carideal.mandataire.automobile\/\" \/>\n<meta property=\"article:published_time\" content=\"2011-02-05T16:57:00+00:00\" \/>\n<meta property=\"og:image\" content=\"https:\/\/www.carideal.com\/blog\/wp-content\/uploads\/2016\/03\/logo-carideal-mandataire-automobile.png\" \/>\n\t<meta property=\"og:image:width\" content=\"300\" \/>\n\t<meta property=\"og:image:height\" content=\"300\" \/>\n\t<meta property=\"og:image:type\" content=\"image\/png\" \/>\n<meta name=\"author\" content=\"N.S Carideal\" \/>\n<meta name=\"twitter:card\" content=\"summary_large_image\" \/>\n<meta name=\"twitter:creator\" content=\"@caridealauto\" \/>\n<meta name=\"twitter:site\" content=\"@caridealauto\" \/>\n<meta name=\"twitter:label1\" content=\"\u00c9crit par\" \/>\n\t<meta name=\"twitter:data1\" content=\"N.S Carideal\" \/>\n\t<meta name=\"twitter:label2\" content=\"Dur\u00e9e de lecture estim\u00e9e\" \/>\n\t<meta name=\"twitter:data2\" content=\"1 minute\" \/>\n<script type=\"application\/ld+json\" class=\"yoast-schema-graph\">{\"@context\":\"https:\/\/schema.org\",\"@graph\":[{\"@type\":\"Article\",\"@id\":\"https:\/\/www.carideal.com\/blog\/2011\/02\/05\/volkswagen-polo-gti\/#article\",\"isPartOf\":{\"@id\":\"https:\/\/www.carideal.com\/blog\/2011\/02\/05\/volkswagen-polo-gti\/\"},\"author\":{\"name\":\"N.S Carideal\",\"@id\":\"https:\/\/www.carideal.com\/blog\/#\/schema\/person\/985c7e757d1042d647f21bfaf8d41ebc\"},\"headline\":\"Volkswagen Polo GTI\",\"datePublished\":\"2011-02-05T16:57:00+00:00\",\"mainEntityOfPage\":{\"@id\":\"https:\/\/www.carideal.com\/blog\/2011\/02\/05\/volkswagen-polo-gti\/\"},\"wordCount\":140,\"commentCount\":0,\"publisher\":{\"@id\":\"https:\/\/www.carideal.com\/blog\/#organization\"},\"keywords\":[\"GTI\"],\"articleSection\":[\"March\u00e9 automobile\"],\"inLanguage\":\"fr-FR\",\"potentialAction\":[{\"@type\":\"CommentAction\",\"name\":\"Comment\",\"target\":[\"https:\/\/www.carideal.com\/blog\/2011\/02\/05\/volkswagen-polo-gti\/#respond\"]}]},{\"@type\":\"WebPage\",\"@id\":\"https:\/\/www.carideal.com\/blog\/2011\/02\/05\/volkswagen-polo-gti\/\",\"url\":\"https:\/\/www.carideal.com\/blog\/2011\/02\/05\/volkswagen-polo-gti\/\",\"name\":\"Volkswagen Polo GTI - Blog auto Carid\u00e9al\",\"isPartOf\":{\"@id\":\"https:\/\/www.carideal.com\/blog\/#website\"},\"datePublished\":\"2011-02-05T16:57:00+00:00\",\"breadcrumb\":{\"@id\":\"https:\/\/www.carideal.com\/blog\/2011\/02\/05\/volkswagen-polo-gti\/#breadcrumb\"},\"inLanguage\":\"fr-FR\",\"potentialAction\":[{\"@type\":\"ReadAction\",\"target\":[\"https:\/\/www.carideal.com\/blog\/2011\/02\/05\/volkswagen-polo-gti\/\"]}]},{\"@type\":\"BreadcrumbList\",\"@id\":\"https:\/\/www.carideal.com\/blog\/2011\/02\/05\/volkswagen-polo-gti\/#breadcrumb\",\"itemListElement\":[{\"@type\":\"ListItem\",\"position\":1,\"name\":\"Blog Carid\u00e9al\",\"item\":\"https:\/\/www.carideal.com\/blog\/\"},{\"@type\":\"ListItem\",\"position\":2,\"name\":\"March\u00e9 automobile\",\"item\":\"https:\/\/www.carideal.com\/blog\/marche-automobile-voiture-neuve-occasion-4x4-suv\/\"},{\"@type\":\"ListItem\",\"position\":3,\"name\":\"Volkswagen Polo GTI\"}]},{\"@type\":\"WebSite\",\"@id\":\"https:\/\/www.carideal.com\/blog\/#website\",\"url\":\"https:\/\/www.carideal.com\/blog\/\",\"name\":\"Blog auto Carid\u00e9al\",\"description\":\"Actualit\u00e9 auto par des passionn\u00e9s\",\"publisher\":{\"@id\":\"https:\/\/www.carideal.com\/blog\/#organization\"},\"potentialAction\":[{\"@type\":\"SearchAction\",\"target\":{\"@type\":\"EntryPoint\",\"urlTemplate\":\"https:\/\/www.carideal.com\/blog\/?s={search_term_string}\"},\"query-input\":{\"@type\":\"PropertyValueSpecification\",\"valueRequired\":true,\"valueName\":\"search_term_string\"}}],\"inLanguage\":\"fr-FR\"},{\"@type\":\"Organization\",\"@id\":\"https:\/\/www.carideal.com\/blog\/#organization\",\"name\":\"Carideal\",\"url\":\"https:\/\/www.carideal.com\/blog\/\",\"logo\":{\"@type\":\"ImageObject\",\"inLanguage\":\"fr-FR\",\"@id\":\"https:\/\/www.carideal.com\/blog\/#\/schema\/logo\/image\/\",\"url\":\"http:\/\/www.carideal.com\/blog\/wp-content\/uploads\/2016\/03\/logo-carideal-mandataire-automobile.png\",\"contentUrl\":\"http:\/\/www.carideal.com\/blog\/wp-content\/uploads\/2016\/03\/logo-carideal-mandataire-automobile.png\",\"width\":300,\"height\":300,\"caption\":\"Carideal\"},\"image\":{\"@id\":\"https:\/\/www.carideal.com\/blog\/#\/schema\/logo\/image\/\"},\"sameAs\":[\"https:\/\/www.facebook.com\/Carideal.mandataire.automobile\",\"https:\/\/x.com\/caridealauto\",\"https:\/\/www.instagram.com\/carideal1\/\",\"https:\/\/www.linkedin.com\/company\/carideal.com\",\"https:\/\/fr.pinterest.com\/schiavonsas\/\",\"https:\/\/www.youtube.com\/user\/caridealsas\"]},{\"@type\":\"Person\",\"@id\":\"https:\/\/www.carideal.com\/blog\/#\/schema\/person\/985c7e757d1042d647f21bfaf8d41ebc\",\"name\":\"N.S Carideal\",\"image\":{\"@type\":\"ImageObject\",\"inLanguage\":\"fr-FR\",\"@id\":\"https:\/\/www.carideal.com\/blog\/#\/schema\/person\/image\/\",\"url\":\"https:\/\/secure.gravatar.com\/avatar\/edb7ccdf1a4e3d14aef967760d354d0e?s=96&r=g\",\"contentUrl\":\"https:\/\/secure.gravatar.com\/avatar\/edb7ccdf1a4e3d14aef967760d354d0e?s=96&r=g\",\"caption\":\"N.S Carideal\"},\"description\":\"Depuis tout petit fan d'automobile. Il est question d'essayer et de comparer toutes ces voitures qui nous ont fait r\u00e9ver, avant que celles-ci ne devient uniquement des voitures de collection.\",\"sameAs\":[\"http:\/\/www.carideal.com\/blog\",\"https:\/\/www.facebook.com\/Carideal.mandataire.automobile\/\",\"https:\/\/www.linkedin.com\/in\/nschiavon\/\",\"https:\/\/www.youtube.com\/user\/caridealsas\/\"],\"url\":\"https:\/\/www.carideal.com\/blog\/author\/admin_carideal\/\"}]}<\/script>\n<!-- \/ Yoast SEO plugin. -->","yoast_head_json":{"title":"Volkswagen Polo GTI - Blog auto Carid\u00e9al","robots":{"index":"index","follow":"follow","max-snippet":"max-snippet:-1","max-image-preview":"max-image-preview:large","max-video-preview":"max-video-preview:-1"},"canonical":"https:\/\/www.carideal.com\/blog\/2011\/02\/05\/volkswagen-polo-gti\/","og_locale":"fr_FR","og_type":"article","og_title":"Volkswagen Polo GTI - Blog auto Carid\u00e9al","og_description":"Une Polo de 180 ch sans malus&nbsp;! Dans la gamme Volkswagen, GTI rime forc\u00e9ment avec Golf. Pourtant, voici la polo GTI troisi\u00e8me du nom. Apr\u00e8s les mod\u00e8les de 2000, avec le 1.6 de 125 ch, et de 2006, avec le 1.8T de 150 ch, la nouvelle Polo d\u00e9vergond\u00e9e conserve le m\u00eame cap&nbsp;: le sport un ... Lire plus","og_url":"https:\/\/www.carideal.com\/blog\/2011\/02\/05\/volkswagen-polo-gti\/","og_site_name":"Blog auto Carid\u00e9al","article_publisher":"https:\/\/www.facebook.com\/Carideal.mandataire.automobile","article_author":"https:\/\/www.facebook.com\/Carideal.mandataire.automobile\/","article_published_time":"2011-02-05T16:57:00+00:00","og_image":[{"width":300,"height":300,"url":"https:\/\/www.carideal.com\/blog\/wp-content\/uploads\/2016\/03\/logo-carideal-mandataire-automobile.png","type":"image\/png"}],"author":"N.S Carideal","twitter_card":"summary_large_image","twitter_creator":"@caridealauto","twitter_site":"@caridealauto","twitter_misc":{"\u00c9crit par":"N.S Carideal","Dur\u00e9e de lecture estim\u00e9e":"1 minute"},"schema":{"@context":"https:\/\/schema.org","@graph":[{"@type":"Article","@id":"https:\/\/www.carideal.com\/blog\/2011\/02\/05\/volkswagen-polo-gti\/#article","isPartOf":{"@id":"https:\/\/www.carideal.com\/blog\/2011\/02\/05\/volkswagen-polo-gti\/"},"author":{"name":"N.S Carideal","@id":"https:\/\/www.carideal.com\/blog\/#\/schema\/person\/985c7e757d1042d647f21bfaf8d41ebc"},"headline":"Volkswagen Polo GTI","datePublished":"2011-02-05T16:57:00+00:00","mainEntityOfPage":{"@id":"https:\/\/www.carideal.com\/blog\/2011\/02\/05\/volkswagen-polo-gti\/"},"wordCount":140,"commentCount":0,"publisher":{"@id":"https:\/\/www.carideal.com\/blog\/#organization"},"keywords":["GTI"],"articleSection":["March\u00e9 automobile"],"inLanguage":"fr-FR","potentialAction":[{"@type":"CommentAction","name":"Comment","target":["https:\/\/www.carideal.com\/blog\/2011\/02\/05\/volkswagen-polo-gti\/#respond"]}]},{"@type":"WebPage","@id":"https:\/\/www.carideal.com\/blog\/2011\/02\/05\/volkswagen-polo-gti\/","url":"https:\/\/www.carideal.com\/blog\/2011\/02\/05\/volkswagen-polo-gti\/","name":"Volkswagen Polo GTI - Blog auto Carid\u00e9al","isPartOf":{"@id":"https:\/\/www.carideal.com\/blog\/#website"},"datePublished":"2011-02-05T16:57:00+00:00","breadcrumb":{"@id":"https:\/\/www.carideal.com\/blog\/2011\/02\/05\/volkswagen-polo-gti\/#breadcrumb"},"inLanguage":"fr-FR","potentialAction":[{"@type":"ReadAction","target":["https:\/\/www.carideal.com\/blog\/2011\/02\/05\/volkswagen-polo-gti\/"]}]},{"@type":"BreadcrumbList","@id":"https:\/\/www.carideal.com\/blog\/2011\/02\/05\/volkswagen-polo-gti\/#breadcrumb","itemListElement":[{"@type":"ListItem","position":1,"name":"Blog Carid\u00e9al","item":"https:\/\/www.carideal.com\/blog\/"},{"@type":"ListItem","position":2,"name":"March\u00e9 automobile","item":"https:\/\/www.carideal.com\/blog\/marche-automobile-voiture-neuve-occasion-4x4-suv\/"},{"@type":"ListItem","position":3,"name":"Volkswagen Polo GTI"}]},{"@type":"WebSite","@id":"https:\/\/www.carideal.com\/blog\/#website","url":"https:\/\/www.carideal.com\/blog\/","name":"Blog auto Carid\u00e9al","description":"Actualit\u00e9 auto par des passionn\u00e9s","publisher":{"@id":"https:\/\/www.carideal.com\/blog\/#organization"},"potentialAction":[{"@type":"SearchAction","target":{"@type":"EntryPoint","urlTemplate":"https:\/\/www.carideal.com\/blog\/?s={search_term_string}"},"query-input":{"@type":"PropertyValueSpecification","valueRequired":true,"valueName":"search_term_string"}}],"inLanguage":"fr-FR"},{"@type":"Organization","@id":"https:\/\/www.carideal.com\/blog\/#organization","name":"Carideal","url":"https:\/\/www.carideal.com\/blog\/","logo":{"@type":"ImageObject","inLanguage":"fr-FR","@id":"https:\/\/www.carideal.com\/blog\/#\/schema\/logo\/image\/","url":"http:\/\/www.carideal.com\/blog\/wp-content\/uploads\/2016\/03\/logo-carideal-mandataire-automobile.png","contentUrl":"http:\/\/www.carideal.com\/blog\/wp-content\/uploads\/2016\/03\/logo-carideal-mandataire-automobile.png","width":300,"height":300,"caption":"Carideal"},"image":{"@id":"https:\/\/www.carideal.com\/blog\/#\/schema\/logo\/image\/"},"sameAs":["https:\/\/www.facebook.com\/Carideal.mandataire.automobile","https:\/\/x.com\/caridealauto","https:\/\/www.instagram.com\/carideal1\/","https:\/\/www.linkedin.com\/company\/carideal.com","https:\/\/fr.pinterest.com\/schiavonsas\/","https:\/\/www.youtube.com\/user\/caridealsas"]},{"@type":"Person","@id":"https:\/\/www.carideal.com\/blog\/#\/schema\/person\/985c7e757d1042d647f21bfaf8d41ebc","name":"N.S Carideal","image":{"@type":"ImageObject","inLanguage":"fr-FR","@id":"https:\/\/www.carideal.com\/blog\/#\/schema\/person\/image\/","url":"https:\/\/secure.gravatar.com\/avatar\/edb7ccdf1a4e3d14aef967760d354d0e?s=96&r=g","contentUrl":"https:\/\/secure.gravatar.com\/avatar\/edb7ccdf1a4e3d14aef967760d354d0e?s=96&r=g","caption":"N.S Carideal"},"description":"Depuis tout petit fan d'automobile. Il est question d'essayer et de comparer toutes ces voitures qui nous ont fait r\u00e9ver, avant que celles-ci ne devient uniquement des voitures de collection.","sameAs":["http:\/\/www.carideal.com\/blog","https:\/\/www.facebook.com\/Carideal.mandataire.automobile\/","https:\/\/www.linkedin.com\/in\/nschiavon\/","https:\/\/www.youtube.com\/user\/caridealsas\/"],"url":"https:\/\/www.carideal.com\/blog\/author\/admin_carideal\/"}]}},"uagb_featured_image_src":{"full":false,"thumbnail":false,"medium":false,"medium_large":false,"large":false,"1536x1536":false,"2048x2048":false,"wppr-widget":false},"uagb_author_info":{"display_name":"N.S Carideal","author_link":"https:\/\/www.carideal.com\/blog\/author\/admin_carideal\/"},"uagb_comment_info":0,"uagb_excerpt":"Une Polo de 180 ch sans malus&nbsp;! Dans la gamme Volkswagen, GTI rime forc\u00e9ment avec Golf. Pourtant, voici la polo GTI troisi\u00e8me du nom. Apr\u00e8s les mod\u00e8les de 2000, avec le 1.6 de 125 ch, et de 2006, avec le 1.8T de 150 ch, la nouvelle Polo d\u00e9vergond\u00e9e conserve le m\u00eame cap&nbsp;: le sport un\u2026","_links":{"self":[{"href":"https:\/\/www.carideal.com\/blog\/wp-json\/wp\/v2\/posts\/875"}],"collection":[{"href":"https:\/\/www.carideal.com\/blog\/wp-json\/wp\/v2\/posts"}],"about":[{"href":"https:\/\/www.carideal.com\/blog\/wp-json\/wp\/v2\/types\/post"}],"author":[{"embeddable":true,"href":"https:\/\/www.carideal.com\/blog\/wp-json\/wp\/v2\/users\/1"}],"replies":[{"embeddable":true,"href":"https:\/\/www.carideal.com\/blog\/wp-json\/wp\/v2\/comments?post=875"}],"version-history":[{"count":0,"href":"https:\/\/www.carideal.com\/blog\/wp-json\/wp\/v2\/posts\/875\/revisions"}],"wp:attachment":[{"href":"https:\/\/www.carideal.com\/blog\/wp-json\/wp\/v2\/media?parent=875"}],"wp:term":[{"taxonomy":"category","embeddable":true,"href":"https:\/\/www.carideal.com\/blog\/wp-json\/wp\/v2\/categories?post=875"},{"taxonomy":"post_tag","embeddable":true,"href":"https:\/\/www.carideal.com\/blog\/wp-json\/wp\/v2\/tags?post=875"}],"curies":[{"name":"wp","href":"https:\/\/api.w.org\/{rel}","templated":true}]}}