{"id":874,"date":"2011-02-05T16:31:00","date_gmt":"2011-02-05T16:31:00","guid":{"rendered":"http:\/\/carideal.com\/blog\/?p=874"},"modified":"2020-03-07T18:04:22","modified_gmt":"2020-03-07T17:04:22","slug":"renault-laguna-iii-la-mauvaise-reputation","status":"publish","type":"post","link":"https:\/\/www.carideal.com\/blog\/2011\/02\/05\/renault-laguna-iii-la-mauvaise-reputation\/","title":{"rendered":"Renault Laguna III : la mauvaise r\u00e9putation"},"content":{"rendered":"<p> La Renault Laguna III n'arrive pas \u00e0 regagner le terrain perdu C'est injuste mais c'est ainsi, la renault Laguna III paie pour une faute qu'elle n'a pas commise. Car le public garde toujours en travers de la gorge les dysfonctionnements \u00e9lectroniques de la <a href=\"\/blog\/index.php?tag\/Laguna%20II\">Laguna II<\/a> premi\u00e8re phase. D\u00e8s lors, rien n'y a chang\u00e9. Ni le bon ch\u00e2ssis \u00e0 quatres roues directrices, des ses versions <a href=\"\/blog\/index.php?tag\/4control\">4control<\/a>, ni une garantie port\u00e9e \u00e0 trois ans&nbsp;: la Laguna III est battue par la <a href=\"\/blog\/index.php?tag\/Citroen\">Citroen<\/a> <a href=\"\/blog\/index.php?tag\/C5\">C5<\/a> dans une cat\u00e9gorie des berlines familiales o\u00f9 jamais auparavant une Citroen n'avait devanc\u00e9 une Renault.<\/p>\n<p><a href=\"\/blog\/index.php?post\/2010\/10\/08\/Renault-Serie-limiteee-bose-edition\">\/ Renault s\u00e9rie bose<\/a><br \/>\n<a href=\"\/blog\/index.php?post\/2010\/06\/08\/Renault-Latitude\">\/ Renault Latitude<\/a><br \/>\n<a href=\"\/blog\/index.php?post\/2009\/10\/31\/Renault-Laguna-en-stock-jusque-28%25\">\/ Renault laguna avec remise<\/a><\/p>\n","protected":false},"excerpt":{"rendered":"<p>La Renault Laguna III n&rsquo;arrive pas \u00e0 regagner le terrain perdu C&rsquo;est injuste mais c&rsquo;est ainsi, la renault Laguna III paie pour une faute qu&rsquo;elle n&rsquo;a pas commise. Car le public garde toujours en travers de la gorge les dysfonctionnements \u00e9lectroniques de la Laguna II premi\u00e8re phase. D\u00e8s lors, rien n&rsquo;y a chang\u00e9. Ni le &#8230; <a title=\"Renault Laguna III : la mauvaise r\u00e9putation\" class=\"read-more\" href=\"https:\/\/www.carideal.com\/blog\/2011\/02\/05\/renault-laguna-iii-la-mauvaise-reputation\/\" aria-label=\"En savoir plus sur Renault Laguna III : la mauvaise r\u00e9putation\">Lire plus<\/a><\/p>\n","protected":false},"author":1,"featured_media":0,"comment_status":"open","ping_status":"open","sticky":false,"template":"","format":"standard","meta":{"_uag_custom_page_level_css":"","_themeisle_gutenberg_block_has_review":false,"footnotes":""},"categories":[10],"tags":[],"class_list":["post-874","post","type-post","status-publish","format-standard","hentry","category-marche-automobile-voiture-neuve-occasion-4x4-suv"],"wppr_data":[],"yoast_head":"<!-- This site is optimized with the Yoast SEO plugin v24.8.1 - https:\/\/yoast.com\/wordpress\/plugins\/seo\/ -->\n<title>Renault Laguna III : la mauvaise r\u00e9putation - Blog auto Carid\u00e9al<\/title>\n<meta name=\"robots\" content=\"index, follow, max-snippet:-1, max-image-preview:large, max-video-preview:-1\" \/>\n<link rel=\"canonical\" href=\"https:\/\/www.carideal.com\/blog\/2011\/02\/05\/renault-laguna-iii-la-mauvaise-reputation\/\" \/>\n<meta property=\"og:locale\" content=\"fr_FR\" \/>\n<meta property=\"og:type\" content=\"article\" \/>\n<meta property=\"og:title\" content=\"Renault Laguna III : la mauvaise r\u00e9putation - Blog auto Carid\u00e9al\" \/>\n<meta property=\"og:description\" content=\"La Renault Laguna III n&#039;arrive pas \u00e0 regagner le terrain perdu C&#039;est injuste mais c&#039;est ainsi, la renault Laguna III paie pour une faute qu&#039;elle n&#039;a pas commise. Car le public garde toujours en travers de la gorge les dysfonctionnements \u00e9lectroniques de la Laguna II premi\u00e8re phase. D\u00e8s lors, rien n&#039;y a chang\u00e9. Ni le ... Lire plus\" \/>\n<meta property=\"og:url\" content=\"https:\/\/www.carideal.com\/blog\/2011\/02\/05\/renault-laguna-iii-la-mauvaise-reputation\/\" \/>\n<meta property=\"og:site_name\" content=\"Blog auto Carid\u00e9al\" \/>\n<meta property=\"article:publisher\" content=\"https:\/\/www.facebook.com\/Carideal.mandataire.automobile\" \/>\n<meta property=\"article:author\" content=\"https:\/\/www.facebook.com\/Carideal.mandataire.automobile\/\" \/>\n<meta property=\"article:published_time\" content=\"2011-02-05T16:31:00+00:00\" \/>\n<meta property=\"article:modified_time\" content=\"2020-03-07T17:04:22+00:00\" \/>\n<meta property=\"og:image\" content=\"https:\/\/www.carideal.com\/blog\/wp-content\/uploads\/2016\/03\/logo-carideal-mandataire-automobile.png\" \/>\n\t<meta property=\"og:image:width\" content=\"300\" \/>\n\t<meta property=\"og:image:height\" content=\"300\" \/>\n\t<meta property=\"og:image:type\" content=\"image\/png\" \/>\n<meta name=\"author\" content=\"N.S Carideal\" \/>\n<meta name=\"twitter:card\" content=\"summary_large_image\" \/>\n<meta name=\"twitter:creator\" content=\"@caridealauto\" \/>\n<meta name=\"twitter:site\" content=\"@caridealauto\" \/>\n<meta name=\"twitter:label1\" content=\"\u00c9crit par\" \/>\n\t<meta name=\"twitter:data1\" content=\"N.S Carideal\" \/>\n\t<meta name=\"twitter:label2\" content=\"Dur\u00e9e de lecture estim\u00e9e\" \/>\n\t<meta name=\"twitter:data2\" content=\"1 minute\" \/>\n<script type=\"application\/ld+json\" class=\"yoast-schema-graph\">{\"@context\":\"https:\/\/schema.org\",\"@graph\":[{\"@type\":\"Article\",\"@id\":\"https:\/\/www.carideal.com\/blog\/2011\/02\/05\/renault-laguna-iii-la-mauvaise-reputation\/#article\",\"isPartOf\":{\"@id\":\"https:\/\/www.carideal.com\/blog\/2011\/02\/05\/renault-laguna-iii-la-mauvaise-reputation\/\"},\"author\":{\"name\":\"N.S Carideal\",\"@id\":\"https:\/\/www.carideal.com\/blog\/#\/schema\/person\/985c7e757d1042d647f21bfaf8d41ebc\"},\"headline\":\"Renault Laguna III : la mauvaise r\u00e9putation\",\"datePublished\":\"2011-02-05T16:31:00+00:00\",\"dateModified\":\"2020-03-07T17:04:22+00:00\",\"mainEntityOfPage\":{\"@id\":\"https:\/\/www.carideal.com\/blog\/2011\/02\/05\/renault-laguna-iii-la-mauvaise-reputation\/\"},\"wordCount\":116,\"commentCount\":1,\"publisher\":{\"@id\":\"https:\/\/www.carideal.com\/blog\/#organization\"},\"articleSection\":[\"March\u00e9 automobile\"],\"inLanguage\":\"fr-FR\",\"potentialAction\":[{\"@type\":\"CommentAction\",\"name\":\"Comment\",\"target\":[\"https:\/\/www.carideal.com\/blog\/2011\/02\/05\/renault-laguna-iii-la-mauvaise-reputation\/#respond\"]}]},{\"@type\":\"WebPage\",\"@id\":\"https:\/\/www.carideal.com\/blog\/2011\/02\/05\/renault-laguna-iii-la-mauvaise-reputation\/\",\"url\":\"https:\/\/www.carideal.com\/blog\/2011\/02\/05\/renault-laguna-iii-la-mauvaise-reputation\/\",\"name\":\"Renault Laguna III : la mauvaise r\u00e9putation - Blog auto Carid\u00e9al\",\"isPartOf\":{\"@id\":\"https:\/\/www.carideal.com\/blog\/#website\"},\"datePublished\":\"2011-02-05T16:31:00+00:00\",\"dateModified\":\"2020-03-07T17:04:22+00:00\",\"breadcrumb\":{\"@id\":\"https:\/\/www.carideal.com\/blog\/2011\/02\/05\/renault-laguna-iii-la-mauvaise-reputation\/#breadcrumb\"},\"inLanguage\":\"fr-FR\",\"potentialAction\":[{\"@type\":\"ReadAction\",\"target\":[\"https:\/\/www.carideal.com\/blog\/2011\/02\/05\/renault-laguna-iii-la-mauvaise-reputation\/\"]}]},{\"@type\":\"BreadcrumbList\",\"@id\":\"https:\/\/www.carideal.com\/blog\/2011\/02\/05\/renault-laguna-iii-la-mauvaise-reputation\/#breadcrumb\",\"itemListElement\":[{\"@type\":\"ListItem\",\"position\":1,\"name\":\"Blog Carid\u00e9al\",\"item\":\"https:\/\/www.carideal.com\/blog\/\"},{\"@type\":\"ListItem\",\"position\":2,\"name\":\"March\u00e9 automobile\",\"item\":\"https:\/\/www.carideal.com\/blog\/marche-automobile-voiture-neuve-occasion-4x4-suv\/\"},{\"@type\":\"ListItem\",\"position\":3,\"name\":\"Renault Laguna III : la mauvaise r\u00e9putation\"}]},{\"@type\":\"WebSite\",\"@id\":\"https:\/\/www.carideal.com\/blog\/#website\",\"url\":\"https:\/\/www.carideal.com\/blog\/\",\"name\":\"Blog auto Carid\u00e9al\",\"description\":\"Actualit\u00e9 auto par des passionn\u00e9s\",\"publisher\":{\"@id\":\"https:\/\/www.carideal.com\/blog\/#organization\"},\"potentialAction\":[{\"@type\":\"SearchAction\",\"target\":{\"@type\":\"EntryPoint\",\"urlTemplate\":\"https:\/\/www.carideal.com\/blog\/?s={search_term_string}\"},\"query-input\":{\"@type\":\"PropertyValueSpecification\",\"valueRequired\":true,\"valueName\":\"search_term_string\"}}],\"inLanguage\":\"fr-FR\"},{\"@type\":\"Organization\",\"@id\":\"https:\/\/www.carideal.com\/blog\/#organization\",\"name\":\"Carideal\",\"url\":\"https:\/\/www.carideal.com\/blog\/\",\"logo\":{\"@type\":\"ImageObject\",\"inLanguage\":\"fr-FR\",\"@id\":\"https:\/\/www.carideal.com\/blog\/#\/schema\/logo\/image\/\",\"url\":\"http:\/\/www.carideal.com\/blog\/wp-content\/uploads\/2016\/03\/logo-carideal-mandataire-automobile.png\",\"contentUrl\":\"http:\/\/www.carideal.com\/blog\/wp-content\/uploads\/2016\/03\/logo-carideal-mandataire-automobile.png\",\"width\":300,\"height\":300,\"caption\":\"Carideal\"},\"image\":{\"@id\":\"https:\/\/www.carideal.com\/blog\/#\/schema\/logo\/image\/\"},\"sameAs\":[\"https:\/\/www.facebook.com\/Carideal.mandataire.automobile\",\"https:\/\/x.com\/caridealauto\",\"https:\/\/www.instagram.com\/carideal1\/\",\"https:\/\/www.linkedin.com\/company\/carideal.com\",\"https:\/\/fr.pinterest.com\/schiavonsas\/\",\"https:\/\/www.youtube.com\/user\/caridealsas\"]},{\"@type\":\"Person\",\"@id\":\"https:\/\/www.carideal.com\/blog\/#\/schema\/person\/985c7e757d1042d647f21bfaf8d41ebc\",\"name\":\"N.S Carideal\",\"image\":{\"@type\":\"ImageObject\",\"inLanguage\":\"fr-FR\",\"@id\":\"https:\/\/www.carideal.com\/blog\/#\/schema\/person\/image\/\",\"url\":\"https:\/\/secure.gravatar.com\/avatar\/edb7ccdf1a4e3d14aef967760d354d0e?s=96&r=g\",\"contentUrl\":\"https:\/\/secure.gravatar.com\/avatar\/edb7ccdf1a4e3d14aef967760d354d0e?s=96&r=g\",\"caption\":\"N.S Carideal\"},\"description\":\"Depuis tout petit fan d'automobile. Il est question d'essayer et de comparer toutes ces voitures qui nous ont fait r\u00e9ver, avant que celles-ci ne devient uniquement des voitures de collection.\",\"sameAs\":[\"http:\/\/www.carideal.com\/blog\",\"https:\/\/www.facebook.com\/Carideal.mandataire.automobile\/\",\"https:\/\/www.linkedin.com\/in\/nschiavon\/\",\"https:\/\/www.youtube.com\/user\/caridealsas\/\"],\"url\":\"https:\/\/www.carideal.com\/blog\/author\/admin_carideal\/\"}]}<\/script>\n<!-- \/ Yoast SEO plugin. -->","yoast_head_json":{"title":"Renault Laguna III : la mauvaise r\u00e9putation - Blog auto Carid\u00e9al","robots":{"index":"index","follow":"follow","max-snippet":"max-snippet:-1","max-image-preview":"max-image-preview:large","max-video-preview":"max-video-preview:-1"},"canonical":"https:\/\/www.carideal.com\/blog\/2011\/02\/05\/renault-laguna-iii-la-mauvaise-reputation\/","og_locale":"fr_FR","og_type":"article","og_title":"Renault Laguna III : la mauvaise r\u00e9putation - Blog auto Carid\u00e9al","og_description":"La Renault Laguna III n'arrive pas \u00e0 regagner le terrain perdu C'est injuste mais c'est ainsi, la renault Laguna III paie pour une faute qu'elle n'a pas commise. Car le public garde toujours en travers de la gorge les dysfonctionnements \u00e9lectroniques de la Laguna II premi\u00e8re phase. D\u00e8s lors, rien n'y a chang\u00e9. Ni le ... Lire plus","og_url":"https:\/\/www.carideal.com\/blog\/2011\/02\/05\/renault-laguna-iii-la-mauvaise-reputation\/","og_site_name":"Blog auto Carid\u00e9al","article_publisher":"https:\/\/www.facebook.com\/Carideal.mandataire.automobile","article_author":"https:\/\/www.facebook.com\/Carideal.mandataire.automobile\/","article_published_time":"2011-02-05T16:31:00+00:00","article_modified_time":"2020-03-07T17:04:22+00:00","og_image":[{"width":300,"height":300,"url":"https:\/\/www.carideal.com\/blog\/wp-content\/uploads\/2016\/03\/logo-carideal-mandataire-automobile.png","type":"image\/png"}],"author":"N.S Carideal","twitter_card":"summary_large_image","twitter_creator":"@caridealauto","twitter_site":"@caridealauto","twitter_misc":{"\u00c9crit par":"N.S Carideal","Dur\u00e9e de lecture estim\u00e9e":"1 minute"},"schema":{"@context":"https:\/\/schema.org","@graph":[{"@type":"Article","@id":"https:\/\/www.carideal.com\/blog\/2011\/02\/05\/renault-laguna-iii-la-mauvaise-reputation\/#article","isPartOf":{"@id":"https:\/\/www.carideal.com\/blog\/2011\/02\/05\/renault-laguna-iii-la-mauvaise-reputation\/"},"author":{"name":"N.S Carideal","@id":"https:\/\/www.carideal.com\/blog\/#\/schema\/person\/985c7e757d1042d647f21bfaf8d41ebc"},"headline":"Renault Laguna III : la mauvaise r\u00e9putation","datePublished":"2011-02-05T16:31:00+00:00","dateModified":"2020-03-07T17:04:22+00:00","mainEntityOfPage":{"@id":"https:\/\/www.carideal.com\/blog\/2011\/02\/05\/renault-laguna-iii-la-mauvaise-reputation\/"},"wordCount":116,"commentCount":1,"publisher":{"@id":"https:\/\/www.carideal.com\/blog\/#organization"},"articleSection":["March\u00e9 automobile"],"inLanguage":"fr-FR","potentialAction":[{"@type":"CommentAction","name":"Comment","target":["https:\/\/www.carideal.com\/blog\/2011\/02\/05\/renault-laguna-iii-la-mauvaise-reputation\/#respond"]}]},{"@type":"WebPage","@id":"https:\/\/www.carideal.com\/blog\/2011\/02\/05\/renault-laguna-iii-la-mauvaise-reputation\/","url":"https:\/\/www.carideal.com\/blog\/2011\/02\/05\/renault-laguna-iii-la-mauvaise-reputation\/","name":"Renault Laguna III : la mauvaise r\u00e9putation - Blog auto Carid\u00e9al","isPartOf":{"@id":"https:\/\/www.carideal.com\/blog\/#website"},"datePublished":"2011-02-05T16:31:00+00:00","dateModified":"2020-03-07T17:04:22+00:00","breadcrumb":{"@id":"https:\/\/www.carideal.com\/blog\/2011\/02\/05\/renault-laguna-iii-la-mauvaise-reputation\/#breadcrumb"},"inLanguage":"fr-FR","potentialAction":[{"@type":"ReadAction","target":["https:\/\/www.carideal.com\/blog\/2011\/02\/05\/renault-laguna-iii-la-mauvaise-reputation\/"]}]},{"@type":"BreadcrumbList","@id":"https:\/\/www.carideal.com\/blog\/2011\/02\/05\/renault-laguna-iii-la-mauvaise-reputation\/#breadcrumb","itemListElement":[{"@type":"ListItem","position":1,"name":"Blog Carid\u00e9al","item":"https:\/\/www.carideal.com\/blog\/"},{"@type":"ListItem","position":2,"name":"March\u00e9 automobile","item":"https:\/\/www.carideal.com\/blog\/marche-automobile-voiture-neuve-occasion-4x4-suv\/"},{"@type":"ListItem","position":3,"name":"Renault Laguna III : la mauvaise r\u00e9putation"}]},{"@type":"WebSite","@id":"https:\/\/www.carideal.com\/blog\/#website","url":"https:\/\/www.carideal.com\/blog\/","name":"Blog auto Carid\u00e9al","description":"Actualit\u00e9 auto par des passionn\u00e9s","publisher":{"@id":"https:\/\/www.carideal.com\/blog\/#organization"},"potentialAction":[{"@type":"SearchAction","target":{"@type":"EntryPoint","urlTemplate":"https:\/\/www.carideal.com\/blog\/?s={search_term_string}"},"query-input":{"@type":"PropertyValueSpecification","valueRequired":true,"valueName":"search_term_string"}}],"inLanguage":"fr-FR"},{"@type":"Organization","@id":"https:\/\/www.carideal.com\/blog\/#organization","name":"Carideal","url":"https:\/\/www.carideal.com\/blog\/","logo":{"@type":"ImageObject","inLanguage":"fr-FR","@id":"https:\/\/www.carideal.com\/blog\/#\/schema\/logo\/image\/","url":"http:\/\/www.carideal.com\/blog\/wp-content\/uploads\/2016\/03\/logo-carideal-mandataire-automobile.png","contentUrl":"http:\/\/www.carideal.com\/blog\/wp-content\/uploads\/2016\/03\/logo-carideal-mandataire-automobile.png","width":300,"height":300,"caption":"Carideal"},"image":{"@id":"https:\/\/www.carideal.com\/blog\/#\/schema\/logo\/image\/"},"sameAs":["https:\/\/www.facebook.com\/Carideal.mandataire.automobile","https:\/\/x.com\/caridealauto","https:\/\/www.instagram.com\/carideal1\/","https:\/\/www.linkedin.com\/company\/carideal.com","https:\/\/fr.pinterest.com\/schiavonsas\/","https:\/\/www.youtube.com\/user\/caridealsas"]},{"@type":"Person","@id":"https:\/\/www.carideal.com\/blog\/#\/schema\/person\/985c7e757d1042d647f21bfaf8d41ebc","name":"N.S Carideal","image":{"@type":"ImageObject","inLanguage":"fr-FR","@id":"https:\/\/www.carideal.com\/blog\/#\/schema\/person\/image\/","url":"https:\/\/secure.gravatar.com\/avatar\/edb7ccdf1a4e3d14aef967760d354d0e?s=96&r=g","contentUrl":"https:\/\/secure.gravatar.com\/avatar\/edb7ccdf1a4e3d14aef967760d354d0e?s=96&r=g","caption":"N.S Carideal"},"description":"Depuis tout petit fan d'automobile. Il est question d'essayer et de comparer toutes ces voitures qui nous ont fait r\u00e9ver, avant que celles-ci ne devient uniquement des voitures de collection.","sameAs":["http:\/\/www.carideal.com\/blog","https:\/\/www.facebook.com\/Carideal.mandataire.automobile\/","https:\/\/www.linkedin.com\/in\/nschiavon\/","https:\/\/www.youtube.com\/user\/caridealsas\/"],"url":"https:\/\/www.carideal.com\/blog\/author\/admin_carideal\/"}]}},"uagb_featured_image_src":{"full":false,"thumbnail":false,"medium":false,"medium_large":false,"large":false,"1536x1536":false,"2048x2048":false,"wppr-widget":false},"uagb_author_info":{"display_name":"N.S Carideal","author_link":"https:\/\/www.carideal.com\/blog\/author\/admin_carideal\/"},"uagb_comment_info":1,"uagb_excerpt":"La Renault Laguna III n'arrive pas \u00e0 regagner le terrain perdu C'est injuste mais c'est ainsi, la renault Laguna III paie pour une faute qu'elle n'a pas commise. Car le public garde toujours en travers de la gorge les dysfonctionnements \u00e9lectroniques de la Laguna II premi\u00e8re phase. D\u00e8s lors, rien n'y a chang\u00e9. Ni le\u2026","_links":{"self":[{"href":"https:\/\/www.carideal.com\/blog\/wp-json\/wp\/v2\/posts\/874"}],"collection":[{"href":"https:\/\/www.carideal.com\/blog\/wp-json\/wp\/v2\/posts"}],"about":[{"href":"https:\/\/www.carideal.com\/blog\/wp-json\/wp\/v2\/types\/post"}],"author":[{"embeddable":true,"href":"https:\/\/www.carideal.com\/blog\/wp-json\/wp\/v2\/users\/1"}],"replies":[{"embeddable":true,"href":"https:\/\/www.carideal.com\/blog\/wp-json\/wp\/v2\/comments?post=874"}],"version-history":[{"count":0,"href":"https:\/\/www.carideal.com\/blog\/wp-json\/wp\/v2\/posts\/874\/revisions"}],"wp:attachment":[{"href":"https:\/\/www.carideal.com\/blog\/wp-json\/wp\/v2\/media?parent=874"}],"wp:term":[{"taxonomy":"category","embeddable":true,"href":"https:\/\/www.carideal.com\/blog\/wp-json\/wp\/v2\/categories?post=874"},{"taxonomy":"post_tag","embeddable":true,"href":"https:\/\/www.carideal.com\/blog\/wp-json\/wp\/v2\/tags?post=874"}],"curies":[{"name":"wp","href":"https:\/\/api.w.org\/{rel}","templated":true}]}}