{"id":8720,"date":"2015-12-22T23:01:22","date_gmt":"2015-12-22T22:01:22","guid":{"rendered":"http:\/\/www.carideal.com\/blog\/?p=8720"},"modified":"2020-03-09T06:19:44","modified_gmt":"2020-03-09T05:19:44","slug":"google-car-construite-par-ford","status":"publish","type":"post","link":"https:\/\/www.carideal.com\/blog\/2015\/12\/22\/google-car-construite-par-ford\/","title":{"rendered":"Google Car construite par Ford ?"},"content":{"rendered":"<h1>Ford pourrait construite la Google Car.<\/h1>\n<figure id=\"attachment_8721\" aria-describedby=\"caption-attachment-8721\" style=\"width: 290px\" class=\"wp-caption alignleft\"><a href=\"http:\/\/www.carideal.com\/blog\/wp-content\/uploads\/2015\/12\/ford-voiture-autonome.jpg\"><img loading=\"lazy\" decoding=\"async\" class=\"size-medium wp-image-8721\" src=\"http:\/\/www.carideal.com\/blog\/wp-content\/uploads\/2015\/12\/ford-voiture-autonome-300x165.jpg\" alt=\"La Google Car consruite par Ford\" width=\"300\" height=\"165\" srcset=\"https:\/\/www.carideal.com\/blog\/wp-content\/uploads\/2015\/12\/ford-voiture-autonome-300x165.jpg 300w, https:\/\/www.carideal.com\/blog\/wp-content\/uploads\/2015\/12\/ford-voiture-autonome-624x343.jpg 624w, https:\/\/www.carideal.com\/blog\/wp-content\/uploads\/2015\/12\/ford-voiture-autonome.jpg 658w\" sizes=\"(max-width: 300px) 100vw, 300px\" \/><\/a><figcaption id=\"caption-attachment-8721\" class=\"wp-caption-text\">La Google Car consruite par Ford<\/figcaption><\/figure>\n<p>Il y a quelques jours, justement je m'\u00e9tonnais que les majors Google, Apple et Uber ne se soit pas encores lanc\u00e9s dans la <span style=\"text-decoration: underline;\"><span style=\"color: #0000ff;\"><a style=\"color: #0000ff; text-decoration: underline;\" href=\"http:\/\/www.carideal.com\/blog\/2015\/11\/05\/pourquoi-donc-apple-google-uber-ne-se-lancent-ils-pas-dans-lauto\/\">voiture autonome<\/a><\/span><\/span>, alors qu'ils y travaillent depuis tant de mois et que leurs capacit\u00e9s financi\u00e8res le leur permettent largement. Alors que font ils ?<\/p>\n<p>Depuis quelques jours, on parlent de <span style=\"text-decoration: underline;\"><span style=\"color: #0000ff;\">Ford<\/span><\/span> et de ses essais de voiture autonome, mais pas seulement puisqu'on vient de l'apprendre : Ford ne sera pas pr\u00e9sent au prochain salon <span style=\"text-decoration: underline;\"><span style=\"color: #0000ff;\">Mondial de l'automobile<\/span><\/span> \u00e0 Paris.<\/p>\n<p>Et voil\u00e0 justement que depuisi quelques heures et \u00e0 \u00e0 quelques jours de l'ouverture du salon\u00a0de Las Vegas, circulent des rumeurs sur la possible joint venture entre Ford et Google pour construire sa\u00a0voiture autonome, la Google Car.<\/p>\n<p>Automotive News laisse transpara\u00eetre que c'est le constructeur am\u00e9ricain Ford qui aurait \u00e9t\u00e9 choisi par Google pour construire la voiture autonome Google Car. La confirmation de cet accord devrait \u00eatre officiellement annonc\u00e9 le 5 janvier pendant la conf\u00e9rence de presse d'ouverture de Ford au Salon Consumer Electronics Show de Las Vegas. (CES)<\/p>\n<p>Aujourd'hui Aucun \u00a0des deux groupes\u00a0ne confirme cette information. L'accord devrait avoir lieu entre la holding Alphabet (holding de Google qui regroupent\u00a0les activit\u00e9s de recherches et de d\u00e9velloppement\u00a0) et une nouvelle structure\u00a0de Ford, aussi s\u00e9par\u00e9e de Ford afin d'\u00e9viter les probl\u00e8mes juridiques en cas d'accidents de Google Car ou de logiciel.<\/p>\n<p>Ford avait annonc\u00e9 au debut 2015, l'av\u00e8nement de son plan bas\u00e9 sur le d\u00e9veloppement de la voiture autonome. Ford a m\u00eame cr\u00e9\u00e9 une ville fictive, MCity, au\u00a0sein de l'universit\u00e9 du Michigan. Il souhaite y faire rouler ses futures <span style=\"text-decoration: underline;\"><a href=\"http:\/\/www.carideal.com\/blog\/2015\/03\/11\/ford-mondeo-le-beau-retour\/\">Mond\u00e9o<\/a><\/span> Hybride autonomes.<\/p>\n","protected":false},"excerpt":{"rendered":"<p>Ford pourrait construite la Google Car. Il y a quelques jours, justement je m&rsquo;\u00e9tonnais que les majors Google, Apple et Uber ne se soit pas encores lanc\u00e9s dans la voiture autonome, alors qu&rsquo;ils y travaillent depuis tant de mois et que leurs capacit\u00e9s financi\u00e8res le leur permettent largement. Alors que font ils ? Depuis quelques &#8230; <a title=\"Google Car construite par Ford ?\" class=\"read-more\" href=\"https:\/\/www.carideal.com\/blog\/2015\/12\/22\/google-car-construite-par-ford\/\" aria-label=\"En savoir plus sur Google Car construite par Ford ?\">Lire plus<\/a><\/p>\n","protected":false},"author":3,"featured_media":0,"comment_status":"open","ping_status":"open","sticky":false,"template":"","format":"standard","meta":{"_uag_custom_page_level_css":"","_themeisle_gutenberg_block_has_review":false,"footnotes":""},"categories":[21,5944,3,5968,5979,10,5972],"tags":[],"class_list":["post-8720","post","type-post","status-publish","format-standard","hentry","category-actualites-auto","category-constructeur","category-actualites-financieres","category-ford","category-ces-las-vega","category-marche-automobile-voiture-neuve-occasion-4x4-suv","category-salons"],"wppr_data":[],"yoast_head":"<!-- This site is optimized with the Yoast SEO plugin v24.8.1 - https:\/\/yoast.com\/wordpress\/plugins\/seo\/ -->\n<title>Google Car construite par Ford ? - Blog auto Carid\u00e9al<\/title>\n<meta name=\"description\" content=\"La Google Car construite par Ford ? C&#039;est en tous cas une rumeur qui commence \u00e0 circuler et qui pourrait \u00eatre confirm\u00e9e au Salon de Las Vegas.\" \/>\n<meta name=\"robots\" content=\"index, follow, max-snippet:-1, max-image-preview:large, max-video-preview:-1\" \/>\n<link rel=\"canonical\" href=\"https:\/\/www.carideal.com\/blog\/2015\/12\/22\/google-car-construite-par-ford\/\" \/>\n<meta property=\"og:locale\" content=\"fr_FR\" \/>\n<meta property=\"og:type\" content=\"article\" \/>\n<meta property=\"og:title\" content=\"Google Car construite par Ford ? - Blog auto Carid\u00e9al\" \/>\n<meta property=\"og:description\" content=\"La Google Car construite par Ford ? C&#039;est en tous cas une rumeur qui commence \u00e0 circuler et qui pourrait \u00eatre confirm\u00e9e au Salon de Las Vegas.\" \/>\n<meta property=\"og:url\" content=\"https:\/\/www.carideal.com\/blog\/2015\/12\/22\/google-car-construite-par-ford\/\" \/>\n<meta property=\"og:site_name\" content=\"Blog auto Carid\u00e9al\" \/>\n<meta property=\"article:publisher\" content=\"https:\/\/www.facebook.com\/Carideal.mandataire.automobile\" \/>\n<meta property=\"article:author\" content=\"https:\/\/www.facebook.com\/nicolas.schiavon.39\" \/>\n<meta property=\"article:published_time\" content=\"2015-12-22T22:01:22+00:00\" \/>\n<meta property=\"article:modified_time\" content=\"2020-03-09T05:19:44+00:00\" \/>\n<meta property=\"og:image\" content=\"http:\/\/www.carideal.com\/blog\/wp-content\/uploads\/2015\/12\/ford-voiture-autonome-300x165.jpg\" \/>\n<meta name=\"author\" content=\"Nicolas SCHIAVON\" \/>\n<meta name=\"twitter:card\" content=\"summary_large_image\" \/>\n<meta name=\"twitter:creator\" content=\"@caridealauto\" \/>\n<meta name=\"twitter:site\" content=\"@caridealauto\" \/>\n<meta name=\"twitter:label1\" content=\"\u00c9crit par\" \/>\n\t<meta name=\"twitter:data1\" content=\"Nicolas SCHIAVON\" \/>\n\t<meta name=\"twitter:label2\" content=\"Dur\u00e9e de lecture estim\u00e9e\" \/>\n\t<meta name=\"twitter:data2\" content=\"1 minute\" \/>\n<script type=\"application\/ld+json\" class=\"yoast-schema-graph\">{\"@context\":\"https:\/\/schema.org\",\"@graph\":[{\"@type\":\"Article\",\"@id\":\"https:\/\/www.carideal.com\/blog\/2015\/12\/22\/google-car-construite-par-ford\/#article\",\"isPartOf\":{\"@id\":\"https:\/\/www.carideal.com\/blog\/2015\/12\/22\/google-car-construite-par-ford\/\"},\"author\":{\"name\":\"Nicolas SCHIAVON\",\"@id\":\"https:\/\/www.carideal.com\/blog\/#\/schema\/person\/cd95dc7919660de90d31b366f85be1ec\"},\"headline\":\"Google Car construite par Ford ?\",\"datePublished\":\"2015-12-22T22:01:22+00:00\",\"dateModified\":\"2020-03-09T05:19:44+00:00\",\"mainEntityOfPage\":{\"@id\":\"https:\/\/www.carideal.com\/blog\/2015\/12\/22\/google-car-construite-par-ford\/\"},\"wordCount\":303,\"commentCount\":0,\"publisher\":{\"@id\":\"https:\/\/www.carideal.com\/blog\/#organization\"},\"image\":{\"@id\":\"https:\/\/www.carideal.com\/blog\/2015\/12\/22\/google-car-construite-par-ford\/#primaryimage\"},\"thumbnailUrl\":\"http:\/\/www.carideal.com\/blog\/wp-content\/uploads\/2015\/12\/ford-voiture-autonome-300x165.jpg\",\"articleSection\":[\"Actualit\u00e9 automobile\",\"Actualit\u00e9 Constructeur automobile\",\"Actualit\u00e9 Financi\u00e8re\",\"Actualit\u00e9 Ford\",\"CES Las Vega\",\"March\u00e9 automobile\",\"Salon automobile\"],\"inLanguage\":\"fr-FR\",\"potentialAction\":[{\"@type\":\"CommentAction\",\"name\":\"Comment\",\"target\":[\"https:\/\/www.carideal.com\/blog\/2015\/12\/22\/google-car-construite-par-ford\/#respond\"]}]},{\"@type\":\"WebPage\",\"@id\":\"https:\/\/www.carideal.com\/blog\/2015\/12\/22\/google-car-construite-par-ford\/\",\"url\":\"https:\/\/www.carideal.com\/blog\/2015\/12\/22\/google-car-construite-par-ford\/\",\"name\":\"Google Car construite par Ford ? - Blog auto Carid\u00e9al\",\"isPartOf\":{\"@id\":\"https:\/\/www.carideal.com\/blog\/#website\"},\"primaryImageOfPage\":{\"@id\":\"https:\/\/www.carideal.com\/blog\/2015\/12\/22\/google-car-construite-par-ford\/#primaryimage\"},\"image\":{\"@id\":\"https:\/\/www.carideal.com\/blog\/2015\/12\/22\/google-car-construite-par-ford\/#primaryimage\"},\"thumbnailUrl\":\"http:\/\/www.carideal.com\/blog\/wp-content\/uploads\/2015\/12\/ford-voiture-autonome-300x165.jpg\",\"datePublished\":\"2015-12-22T22:01:22+00:00\",\"dateModified\":\"2020-03-09T05:19:44+00:00\",\"description\":\"La Google Car construite par Ford ? C'est en tous cas une rumeur qui commence \u00e0 circuler et qui pourrait \u00eatre confirm\u00e9e au Salon de Las Vegas.\",\"breadcrumb\":{\"@id\":\"https:\/\/www.carideal.com\/blog\/2015\/12\/22\/google-car-construite-par-ford\/#breadcrumb\"},\"inLanguage\":\"fr-FR\",\"potentialAction\":[{\"@type\":\"ReadAction\",\"target\":[\"https:\/\/www.carideal.com\/blog\/2015\/12\/22\/google-car-construite-par-ford\/\"]}]},{\"@type\":\"ImageObject\",\"inLanguage\":\"fr-FR\",\"@id\":\"https:\/\/www.carideal.com\/blog\/2015\/12\/22\/google-car-construite-par-ford\/#primaryimage\",\"url\":\"http:\/\/www.carideal.com\/blog\/wp-content\/uploads\/2015\/12\/ford-voiture-autonome-300x165.jpg\",\"contentUrl\":\"http:\/\/www.carideal.com\/blog\/wp-content\/uploads\/2015\/12\/ford-voiture-autonome-300x165.jpg\"},{\"@type\":\"BreadcrumbList\",\"@id\":\"https:\/\/www.carideal.com\/blog\/2015\/12\/22\/google-car-construite-par-ford\/#breadcrumb\",\"itemListElement\":[{\"@type\":\"ListItem\",\"position\":1,\"name\":\"Blog Carid\u00e9al\",\"item\":\"https:\/\/www.carideal.com\/blog\/\"},{\"@type\":\"ListItem\",\"position\":2,\"name\":\"Actualit\u00e9 constructeur automobile\",\"item\":\"https:\/\/www.carideal.com\/blog\/constructeur\/\"},{\"@type\":\"ListItem\",\"position\":3,\"name\":\"Actualit\u00e9 Ford\",\"item\":\"https:\/\/www.carideal.com\/blog\/constructeur\/ford\/\"},{\"@type\":\"ListItem\",\"position\":4,\"name\":\"Google Car construite par Ford ?\"}]},{\"@type\":\"WebSite\",\"@id\":\"https:\/\/www.carideal.com\/blog\/#website\",\"url\":\"https:\/\/www.carideal.com\/blog\/\",\"name\":\"Blog auto Carid\u00e9al\",\"description\":\"Actualit\u00e9 auto par des passionn\u00e9s\",\"publisher\":{\"@id\":\"https:\/\/www.carideal.com\/blog\/#organization\"},\"potentialAction\":[{\"@type\":\"SearchAction\",\"target\":{\"@type\":\"EntryPoint\",\"urlTemplate\":\"https:\/\/www.carideal.com\/blog\/?s={search_term_string}\"},\"query-input\":{\"@type\":\"PropertyValueSpecification\",\"valueRequired\":true,\"valueName\":\"search_term_string\"}}],\"inLanguage\":\"fr-FR\"},{\"@type\":\"Organization\",\"@id\":\"https:\/\/www.carideal.com\/blog\/#organization\",\"name\":\"Carideal\",\"url\":\"https:\/\/www.carideal.com\/blog\/\",\"logo\":{\"@type\":\"ImageObject\",\"inLanguage\":\"fr-FR\",\"@id\":\"https:\/\/www.carideal.com\/blog\/#\/schema\/logo\/image\/\",\"url\":\"http:\/\/www.carideal.com\/blog\/wp-content\/uploads\/2016\/03\/logo-carideal-mandataire-automobile.png\",\"contentUrl\":\"http:\/\/www.carideal.com\/blog\/wp-content\/uploads\/2016\/03\/logo-carideal-mandataire-automobile.png\",\"width\":300,\"height\":300,\"caption\":\"Carideal\"},\"image\":{\"@id\":\"https:\/\/www.carideal.com\/blog\/#\/schema\/logo\/image\/\"},\"sameAs\":[\"https:\/\/www.facebook.com\/Carideal.mandataire.automobile\",\"https:\/\/x.com\/caridealauto\",\"https:\/\/www.instagram.com\/carideal1\/\",\"https:\/\/www.linkedin.com\/company\/carideal.com\",\"https:\/\/fr.pinterest.com\/schiavonsas\/\",\"https:\/\/www.youtube.com\/user\/caridealsas\"]},{\"@type\":\"Person\",\"@id\":\"https:\/\/www.carideal.com\/blog\/#\/schema\/person\/cd95dc7919660de90d31b366f85be1ec\",\"name\":\"Nicolas SCHIAVON\",\"image\":{\"@type\":\"ImageObject\",\"inLanguage\":\"fr-FR\",\"@id\":\"https:\/\/www.carideal.com\/blog\/#\/schema\/person\/image\/\",\"url\":\"https:\/\/secure.gravatar.com\/avatar\/c17e55009e671d92cc7f5dc837dc418a?s=96&r=g\",\"contentUrl\":\"https:\/\/secure.gravatar.com\/avatar\/c17e55009e671d92cc7f5dc837dc418a?s=96&r=g\",\"caption\":\"Nicolas SCHIAVON\"},\"description\":\"Nicolas Schiavon est tomb\u00e9 tout petit dans la marmite automobile. Ayant eu un garage de marque automobile, mandataire automobile de la premi\u00e8re heure d\u00e8s 1999. Nicolas a cr\u00e9\u00e9 ces premiers sites de vente de voiture et blog automobile d\u00e8s 1994. Carideal est n\u00e9 le 15 d\u00e9cembre 2000 de la volont\u00e9 de vendre des voitures d'occasions en ligne puis des voitures neuves. Il a pu essayer beaucoup de voitures tr\u00e8s diff\u00e9rentes et ayant eu personnellement quelques belles autos, Subaru Impreza, Mitsubishi Lancer Evo 7, Porsche 911, Ferrari Testarrossa, Audi RS3, RS4 et j'en passe...\",\"sameAs\":[\"http:\/\/www.carideal.com\",\"https:\/\/www.facebook.com\/nicolas.schiavon.39\",\"https:\/\/www.instagram.com\/carideal1\/\",\"https:\/\/www.linkedin.com\/in\/nschiavon\/\",\"https:\/\/x.com\/caridealauto\",\"https:\/\/www.youtube.com\/user\/caridealsas\/\"],\"url\":\"https:\/\/www.carideal.com\/blog\/author\/nschiavon\/\"}]}<\/script>\n<!-- \/ Yoast SEO plugin. -->","yoast_head_json":{"title":"Google Car construite par Ford ? - Blog auto Carid\u00e9al","description":"La Google Car construite par Ford ? C'est en tous cas une rumeur qui commence \u00e0 circuler et qui pourrait \u00eatre confirm\u00e9e au Salon de Las Vegas.","robots":{"index":"index","follow":"follow","max-snippet":"max-snippet:-1","max-image-preview":"max-image-preview:large","max-video-preview":"max-video-preview:-1"},"canonical":"https:\/\/www.carideal.com\/blog\/2015\/12\/22\/google-car-construite-par-ford\/","og_locale":"fr_FR","og_type":"article","og_title":"Google Car construite par Ford ? - Blog auto Carid\u00e9al","og_description":"La Google Car construite par Ford ? C'est en tous cas une rumeur qui commence \u00e0 circuler et qui pourrait \u00eatre confirm\u00e9e au Salon de Las Vegas.","og_url":"https:\/\/www.carideal.com\/blog\/2015\/12\/22\/google-car-construite-par-ford\/","og_site_name":"Blog auto Carid\u00e9al","article_publisher":"https:\/\/www.facebook.com\/Carideal.mandataire.automobile","article_author":"https:\/\/www.facebook.com\/nicolas.schiavon.39","article_published_time":"2015-12-22T22:01:22+00:00","article_modified_time":"2020-03-09T05:19:44+00:00","og_image":[{"url":"http:\/\/www.carideal.com\/blog\/wp-content\/uploads\/2015\/12\/ford-voiture-autonome-300x165.jpg","type":"","width":"","height":""}],"author":"Nicolas SCHIAVON","twitter_card":"summary_large_image","twitter_creator":"@caridealauto","twitter_site":"@caridealauto","twitter_misc":{"\u00c9crit par":"Nicolas SCHIAVON","Dur\u00e9e de lecture estim\u00e9e":"1 minute"},"schema":{"@context":"https:\/\/schema.org","@graph":[{"@type":"Article","@id":"https:\/\/www.carideal.com\/blog\/2015\/12\/22\/google-car-construite-par-ford\/#article","isPartOf":{"@id":"https:\/\/www.carideal.com\/blog\/2015\/12\/22\/google-car-construite-par-ford\/"},"author":{"name":"Nicolas SCHIAVON","@id":"https:\/\/www.carideal.com\/blog\/#\/schema\/person\/cd95dc7919660de90d31b366f85be1ec"},"headline":"Google Car construite par Ford ?","datePublished":"2015-12-22T22:01:22+00:00","dateModified":"2020-03-09T05:19:44+00:00","mainEntityOfPage":{"@id":"https:\/\/www.carideal.com\/blog\/2015\/12\/22\/google-car-construite-par-ford\/"},"wordCount":303,"commentCount":0,"publisher":{"@id":"https:\/\/www.carideal.com\/blog\/#organization"},"image":{"@id":"https:\/\/www.carideal.com\/blog\/2015\/12\/22\/google-car-construite-par-ford\/#primaryimage"},"thumbnailUrl":"http:\/\/www.carideal.com\/blog\/wp-content\/uploads\/2015\/12\/ford-voiture-autonome-300x165.jpg","articleSection":["Actualit\u00e9 automobile","Actualit\u00e9 Constructeur automobile","Actualit\u00e9 Financi\u00e8re","Actualit\u00e9 Ford","CES Las Vega","March\u00e9 automobile","Salon automobile"],"inLanguage":"fr-FR","potentialAction":[{"@type":"CommentAction","name":"Comment","target":["https:\/\/www.carideal.com\/blog\/2015\/12\/22\/google-car-construite-par-ford\/#respond"]}]},{"@type":"WebPage","@id":"https:\/\/www.carideal.com\/blog\/2015\/12\/22\/google-car-construite-par-ford\/","url":"https:\/\/www.carideal.com\/blog\/2015\/12\/22\/google-car-construite-par-ford\/","name":"Google Car construite par Ford ? - Blog auto Carid\u00e9al","isPartOf":{"@id":"https:\/\/www.carideal.com\/blog\/#website"},"primaryImageOfPage":{"@id":"https:\/\/www.carideal.com\/blog\/2015\/12\/22\/google-car-construite-par-ford\/#primaryimage"},"image":{"@id":"https:\/\/www.carideal.com\/blog\/2015\/12\/22\/google-car-construite-par-ford\/#primaryimage"},"thumbnailUrl":"http:\/\/www.carideal.com\/blog\/wp-content\/uploads\/2015\/12\/ford-voiture-autonome-300x165.jpg","datePublished":"2015-12-22T22:01:22+00:00","dateModified":"2020-03-09T05:19:44+00:00","description":"La Google Car construite par Ford ? C'est en tous cas une rumeur qui commence \u00e0 circuler et qui pourrait \u00eatre confirm\u00e9e au Salon de Las Vegas.","breadcrumb":{"@id":"https:\/\/www.carideal.com\/blog\/2015\/12\/22\/google-car-construite-par-ford\/#breadcrumb"},"inLanguage":"fr-FR","potentialAction":[{"@type":"ReadAction","target":["https:\/\/www.carideal.com\/blog\/2015\/12\/22\/google-car-construite-par-ford\/"]}]},{"@type":"ImageObject","inLanguage":"fr-FR","@id":"https:\/\/www.carideal.com\/blog\/2015\/12\/22\/google-car-construite-par-ford\/#primaryimage","url":"http:\/\/www.carideal.com\/blog\/wp-content\/uploads\/2015\/12\/ford-voiture-autonome-300x165.jpg","contentUrl":"http:\/\/www.carideal.com\/blog\/wp-content\/uploads\/2015\/12\/ford-voiture-autonome-300x165.jpg"},{"@type":"BreadcrumbList","@id":"https:\/\/www.carideal.com\/blog\/2015\/12\/22\/google-car-construite-par-ford\/#breadcrumb","itemListElement":[{"@type":"ListItem","position":1,"name":"Blog Carid\u00e9al","item":"https:\/\/www.carideal.com\/blog\/"},{"@type":"ListItem","position":2,"name":"Actualit\u00e9 constructeur automobile","item":"https:\/\/www.carideal.com\/blog\/constructeur\/"},{"@type":"ListItem","position":3,"name":"Actualit\u00e9 Ford","item":"https:\/\/www.carideal.com\/blog\/constructeur\/ford\/"},{"@type":"ListItem","position":4,"name":"Google Car construite par Ford ?"}]},{"@type":"WebSite","@id":"https:\/\/www.carideal.com\/blog\/#website","url":"https:\/\/www.carideal.com\/blog\/","name":"Blog auto Carid\u00e9al","description":"Actualit\u00e9 auto par des passionn\u00e9s","publisher":{"@id":"https:\/\/www.carideal.com\/blog\/#organization"},"potentialAction":[{"@type":"SearchAction","target":{"@type":"EntryPoint","urlTemplate":"https:\/\/www.carideal.com\/blog\/?s={search_term_string}"},"query-input":{"@type":"PropertyValueSpecification","valueRequired":true,"valueName":"search_term_string"}}],"inLanguage":"fr-FR"},{"@type":"Organization","@id":"https:\/\/www.carideal.com\/blog\/#organization","name":"Carideal","url":"https:\/\/www.carideal.com\/blog\/","logo":{"@type":"ImageObject","inLanguage":"fr-FR","@id":"https:\/\/www.carideal.com\/blog\/#\/schema\/logo\/image\/","url":"http:\/\/www.carideal.com\/blog\/wp-content\/uploads\/2016\/03\/logo-carideal-mandataire-automobile.png","contentUrl":"http:\/\/www.carideal.com\/blog\/wp-content\/uploads\/2016\/03\/logo-carideal-mandataire-automobile.png","width":300,"height":300,"caption":"Carideal"},"image":{"@id":"https:\/\/www.carideal.com\/blog\/#\/schema\/logo\/image\/"},"sameAs":["https:\/\/www.facebook.com\/Carideal.mandataire.automobile","https:\/\/x.com\/caridealauto","https:\/\/www.instagram.com\/carideal1\/","https:\/\/www.linkedin.com\/company\/carideal.com","https:\/\/fr.pinterest.com\/schiavonsas\/","https:\/\/www.youtube.com\/user\/caridealsas"]},{"@type":"Person","@id":"https:\/\/www.carideal.com\/blog\/#\/schema\/person\/cd95dc7919660de90d31b366f85be1ec","name":"Nicolas SCHIAVON","image":{"@type":"ImageObject","inLanguage":"fr-FR","@id":"https:\/\/www.carideal.com\/blog\/#\/schema\/person\/image\/","url":"https:\/\/secure.gravatar.com\/avatar\/c17e55009e671d92cc7f5dc837dc418a?s=96&r=g","contentUrl":"https:\/\/secure.gravatar.com\/avatar\/c17e55009e671d92cc7f5dc837dc418a?s=96&r=g","caption":"Nicolas SCHIAVON"},"description":"Nicolas Schiavon est tomb\u00e9 tout petit dans la marmite automobile. Ayant eu un garage de marque automobile, mandataire automobile de la premi\u00e8re heure d\u00e8s 1999. Nicolas a cr\u00e9\u00e9 ces premiers sites de vente de voiture et blog automobile d\u00e8s 1994. Carideal est n\u00e9 le 15 d\u00e9cembre 2000 de la volont\u00e9 de vendre des voitures d'occasions en ligne puis des voitures neuves. Il a pu essayer beaucoup de voitures tr\u00e8s diff\u00e9rentes et ayant eu personnellement quelques belles autos, Subaru Impreza, Mitsubishi Lancer Evo 7, Porsche 911, Ferrari Testarrossa, Audi RS3, RS4 et j'en passe...","sameAs":["http:\/\/www.carideal.com","https:\/\/www.facebook.com\/nicolas.schiavon.39","https:\/\/www.instagram.com\/carideal1\/","https:\/\/www.linkedin.com\/in\/nschiavon\/","https:\/\/x.com\/caridealauto","https:\/\/www.youtube.com\/user\/caridealsas\/"],"url":"https:\/\/www.carideal.com\/blog\/author\/nschiavon\/"}]}},"uagb_featured_image_src":{"full":false,"thumbnail":false,"medium":false,"medium_large":false,"large":false,"1536x1536":false,"2048x2048":false,"wppr-widget":false},"uagb_author_info":{"display_name":"Nicolas SCHIAVON","author_link":"https:\/\/www.carideal.com\/blog\/author\/nschiavon\/"},"uagb_comment_info":0,"uagb_excerpt":"Ford pourrait construite la Google Car. Il y a quelques jours, justement je m'\u00e9tonnais que les majors Google, Apple et Uber ne se soit pas encores lanc\u00e9s dans la voiture autonome, alors qu'ils y travaillent depuis tant de mois et que leurs capacit\u00e9s financi\u00e8res le leur permettent largement. Alors que font ils ? Depuis quelques\u2026","_links":{"self":[{"href":"https:\/\/www.carideal.com\/blog\/wp-json\/wp\/v2\/posts\/8720"}],"collection":[{"href":"https:\/\/www.carideal.com\/blog\/wp-json\/wp\/v2\/posts"}],"about":[{"href":"https:\/\/www.carideal.com\/blog\/wp-json\/wp\/v2\/types\/post"}],"author":[{"embeddable":true,"href":"https:\/\/www.carideal.com\/blog\/wp-json\/wp\/v2\/users\/3"}],"replies":[{"embeddable":true,"href":"https:\/\/www.carideal.com\/blog\/wp-json\/wp\/v2\/comments?post=8720"}],"version-history":[{"count":0,"href":"https:\/\/www.carideal.com\/blog\/wp-json\/wp\/v2\/posts\/8720\/revisions"}],"wp:attachment":[{"href":"https:\/\/www.carideal.com\/blog\/wp-json\/wp\/v2\/media?parent=8720"}],"wp:term":[{"taxonomy":"category","embeddable":true,"href":"https:\/\/www.carideal.com\/blog\/wp-json\/wp\/v2\/categories?post=8720"},{"taxonomy":"post_tag","embeddable":true,"href":"https:\/\/www.carideal.com\/blog\/wp-json\/wp\/v2\/tags?post=8720"}],"curies":[{"name":"wp","href":"https:\/\/api.w.org\/{rel}","templated":true}]}}