{"id":8701,"date":"2014-04-20T16:55:23","date_gmt":"2014-04-20T14:55:23","guid":{"rendered":"http:\/\/www.carideal.com\/blog\/?p=8701"},"modified":"2015-12-20T17:58:39","modified_gmt":"2015-12-20T16:58:39","slug":"peugeot-exalt","status":"publish","type":"post","link":"https:\/\/www.carideal.com\/blog\/2014\/04\/20\/peugeot-exalt\/","title":{"rendered":"Peugeot Exalt Concept car"},"content":{"rendered":"<h1>Peugeot Exalt le concept-car qui annonce sa future familiale.<\/h1>\n<figure id=\"attachment_8702\" aria-describedby=\"caption-attachment-8702\" style=\"width: 290px\" class=\"wp-caption alignleft\"><a href=\"http:\/\/www.carideal.com\/blog\/wp-content\/uploads\/2015\/12\/peugeot-exalt.jpg\"><img loading=\"lazy\" decoding=\"async\" class=\"wp-image-8702 size-medium\" title=\"Peugeot Exalt\" src=\"http:\/\/www.carideal.com\/blog\/wp-content\/uploads\/2015\/12\/peugeot-exalt-300x164.jpg\" alt=\"Peugeot Exalt\" width=\"300\" height=\"164\" srcset=\"https:\/\/www.carideal.com\/blog\/wp-content\/uploads\/2015\/12\/peugeot-exalt-300x164.jpg 300w, https:\/\/www.carideal.com\/blog\/wp-content\/uploads\/2015\/12\/peugeot-exalt-624x341.jpg 624w, https:\/\/www.carideal.com\/blog\/wp-content\/uploads\/2015\/12\/peugeot-exalt.jpg 640w\" sizes=\"(max-width: 300px) 100vw, 300px\" \/><\/a><figcaption id=\"caption-attachment-8702\" class=\"wp-caption-text\">Peugeot Exalt<\/figcaption><\/figure>\n<p><strong>Peugeot Exalt fait son show au salon de Pekin du 21 au 29 avril, et Citroen y pr\u00e9sentera son prochain SUV de la Gamme DS : PSA veut attaquer de front les autres stars du salon avec Audi, Lexus et Mercedes.<\/strong><br \/>\nLe <span style=\"text-decoration: underline;\"><span style=\"color: #0000ff;\"><a style=\"color: #0000ff; text-decoration: underline;\" href=\"http:\/\/www.carideal.com\/blog\/2012\/11\/09\/peugeot-onyx-concept-car\/\">concept-car<\/a><\/span><\/span> Exalte a \u00e9t\u00e9 inspir\u00e9 de l'\u00e9tude de style Onyx qui a rencontr\u00e9e un grand succ\u00e8s au\u00a0Mondial de Paris en 2012. Peugeot souhaite tester les\u00a0r\u00e9ac\u00adtions du public chinois \u00e0 la for\u00admule de la berline basse avec des lignes a\u00e9rodynamiques et pas que des SUV.<br \/>\nIl est vrai que\u00a0Peugeot souhaite remplacer sa berline familiale 508 de 4.79m par uen voiture plus compacte d'un format de 4.70m comme les Audi A4 ou autre Mercedes Classe C, avec une ligne de toit plus basse \u00e0 131 m. Serions nous l\u00e0 en pr\u00e9sence de la future 408 GT ?<\/p>\n<p>Ce qui voudrait dire qu'en France nous aurions le retour de la s\u00e9rie \"400\", et qu'en Chine cette version viendrait en compl\u00e9ment de la Peugeot 408 qui n'est autre qu'une ancienne 308 avec un coffre.<\/p>\n<p>Il est vrai que depuis l'arr\u00eat de la 407 coup\u00e9 en 2011, il n'y avait pas de rempla\u00e7ante dans la gamme. Cette 408 GT viendrait cibler l'Audi A5 Sportback reine sur son propre segment depuis 2009, mais vise aussi la Mercedes CLA.<\/p>\n<figure id=\"attachment_8706\" aria-describedby=\"caption-attachment-8706\" style=\"width: 290px\" class=\"wp-caption alignleft\"><a href=\"http:\/\/www.carideal.com\/blog\/wp-content\/uploads\/2014\/04\/peugeot-exalt-arriere.jpg\"><img loading=\"lazy\" decoding=\"async\" class=\"wp-image-8706 size-medium\" title=\"La proue du concept car Peugeot Exalt\" src=\"http:\/\/www.carideal.com\/blog\/wp-content\/uploads\/2014\/04\/peugeot-exalt-arriere-300x215.jpg\" alt=\"La proue du concept car Peugeot Exalt\" width=\"300\" height=\"215\" srcset=\"https:\/\/www.carideal.com\/blog\/wp-content\/uploads\/2014\/04\/peugeot-exalt-arriere-300x215.jpg 300w, https:\/\/www.carideal.com\/blog\/wp-content\/uploads\/2014\/04\/peugeot-exalt-arriere-624x448.jpg 624w, https:\/\/www.carideal.com\/blog\/wp-content\/uploads\/2014\/04\/peugeot-exalt-arriere.jpg 960w\" sizes=\"(max-width: 300px) 100vw, 300px\" \/><\/a><figcaption id=\"caption-attachment-8706\" class=\"wp-caption-text\">La proue du concept car Peugeot Exalt<\/figcaption><\/figure>\n<h2>Mod\u00e8les de niche le Peugeot Exalt<\/h2>\n<p>On comprend donc que Peugeot va abandonner le segment des familiales ce qui veut dire aussi qu'il change de fusil d'\u00e9paule et vise plus les objectifs de faire du volume, cela tombe bien... la Peugeot 508 ne les r\u00e9alisent pas. Peugeot change de strat\u00e9gie de Peugeot et vis emaintenant les mod\u00e8les de niche, c'est plus valorisants, et plus rentable et cela tombe bien, c'est parfaitement en accord avec la volont\u00e9e de monter en gamme que Peugeot a d\u00e9cider d'op\u00e9r\u00e9e pour\u00a0l'ensemble des mod\u00e8les\u00a0de la marque. Comme on vient de le dire, la volont\u00e9 est de g\u00e9n\u00e9rer plus de marge. On comprend bien que ce n'est pas un hasard si le concept-car Exalt est pr\u00e9sent\u00e9 au salon de P\u00e9kin, le plus gros march\u00e9 auto mondial, et c'est aussi signal fort \u00e0 <span style=\"text-decoration: underline;\"><span style=\"color: #0000ff;\"><a style=\"color: #0000ff; text-decoration: underline;\" href=\"http:\/\/www.carideal.com\/blog\/2013\/10\/08\/dongfeng-pret-a-prendre-30-du-capital-de-psa\/\">Dong Feng<\/a><\/span><\/span> le partenaire chinois de PSA.<\/p>\n<p>FILIATION Le concept Exalt revisite le th\u00e8me du e-cockpit (petit volant et instrumentation en direction du pare-brise) apparu sur les 208, 2008 et 308.<\/p>\n","protected":false},"excerpt":{"rendered":"<p>Peugeot Exalt le concept-car qui annonce sa future familiale. Peugeot Exalt fait son show au salon de Pekin du 21 au 29 avril, et Citroen y pr\u00e9sentera son prochain SUV de la Gamme DS : PSA veut attaquer de front les autres stars du salon avec Audi, Lexus et Mercedes. Le concept-car Exalte a \u00e9t\u00e9 &#8230; <a title=\"Peugeot Exalt Concept car\" class=\"read-more\" href=\"https:\/\/www.carideal.com\/blog\/2014\/04\/20\/peugeot-exalt\/\" aria-label=\"En savoir plus sur Peugeot Exalt Concept car\">Lire plus<\/a><\/p>\n","protected":false},"author":3,"featured_media":0,"comment_status":"open","ping_status":"open","sticky":false,"template":"","format":"standard","meta":{"_uag_custom_page_level_css":"","_themeisle_gutenberg_block_has_review":false,"footnotes":""},"categories":[21,5944,5946,5975,10,5972,5973,5974],"tags":[163],"class_list":["post-8701","post","type-post","status-publish","format-standard","hentry","category-actualites-auto","category-constructeur","category-peugeot","category-concept-car","category-marche-automobile-voiture-neuve-occasion-4x4-suv","category-salons","category-salon-de-pekin","category-type-de-vehicule","tag-chine"],"wppr_data":[],"yoast_head":"<!-- This site is optimized with the Yoast SEO plugin v24.8.1 - https:\/\/yoast.com\/wordpress\/plugins\/seo\/ -->\n<title>Peugeot Exalt Concept car - Blog auto Carid\u00e9al<\/title>\n<meta name=\"description\" content=\"Peugeot Exalt le constructeur pr\u00e9sente son concept car au salin de P\u00e9kin en Chine, il s&#039;agit de tester les attentes du march\u00e9 chinois pour l&#039;avenir.\" \/>\n<meta name=\"robots\" content=\"index, follow, max-snippet:-1, max-image-preview:large, max-video-preview:-1\" \/>\n<link rel=\"canonical\" href=\"https:\/\/www.carideal.com\/blog\/2014\/04\/20\/peugeot-exalt\/\" \/>\n<meta property=\"og:locale\" content=\"fr_FR\" \/>\n<meta property=\"og:type\" content=\"article\" \/>\n<meta property=\"og:title\" content=\"Peugeot Exalt Concept car - Blog auto Carid\u00e9al\" \/>\n<meta property=\"og:description\" content=\"Peugeot Exalt le constructeur pr\u00e9sente son concept car au salin de P\u00e9kin en Chine, il s&#039;agit de tester les attentes du march\u00e9 chinois pour l&#039;avenir.\" \/>\n<meta property=\"og:url\" content=\"https:\/\/www.carideal.com\/blog\/2014\/04\/20\/peugeot-exalt\/\" \/>\n<meta property=\"og:site_name\" content=\"Blog auto Carid\u00e9al\" \/>\n<meta property=\"article:publisher\" content=\"https:\/\/www.facebook.com\/Carideal.mandataire.automobile\" \/>\n<meta property=\"article:author\" content=\"https:\/\/www.facebook.com\/nicolas.schiavon.39\" \/>\n<meta property=\"article:published_time\" content=\"2014-04-20T14:55:23+00:00\" \/>\n<meta property=\"article:modified_time\" content=\"2015-12-20T16:58:39+00:00\" \/>\n<meta property=\"og:image\" content=\"http:\/\/www.carideal.com\/blog\/wp-content\/uploads\/2015\/12\/peugeot-exalt-300x164.jpg\" \/>\n<meta name=\"author\" content=\"Nicolas SCHIAVON\" \/>\n<meta name=\"twitter:card\" content=\"summary_large_image\" \/>\n<meta name=\"twitter:creator\" content=\"@caridealauto\" \/>\n<meta name=\"twitter:site\" content=\"@caridealauto\" \/>\n<meta name=\"twitter:label1\" content=\"\u00c9crit par\" \/>\n\t<meta name=\"twitter:data1\" content=\"Nicolas SCHIAVON\" \/>\n\t<meta name=\"twitter:label2\" content=\"Dur\u00e9e de lecture estim\u00e9e\" \/>\n\t<meta name=\"twitter:data2\" content=\"2 minutes\" \/>\n<script type=\"application\/ld+json\" class=\"yoast-schema-graph\">{\"@context\":\"https:\/\/schema.org\",\"@graph\":[{\"@type\":\"Article\",\"@id\":\"https:\/\/www.carideal.com\/blog\/2014\/04\/20\/peugeot-exalt\/#article\",\"isPartOf\":{\"@id\":\"https:\/\/www.carideal.com\/blog\/2014\/04\/20\/peugeot-exalt\/\"},\"author\":{\"name\":\"Nicolas SCHIAVON\",\"@id\":\"https:\/\/www.carideal.com\/blog\/#\/schema\/person\/cd95dc7919660de90d31b366f85be1ec\"},\"headline\":\"Peugeot Exalt Concept car\",\"datePublished\":\"2014-04-20T14:55:23+00:00\",\"dateModified\":\"2015-12-20T16:58:39+00:00\",\"mainEntityOfPage\":{\"@id\":\"https:\/\/www.carideal.com\/blog\/2014\/04\/20\/peugeot-exalt\/\"},\"wordCount\":427,\"commentCount\":0,\"publisher\":{\"@id\":\"https:\/\/www.carideal.com\/blog\/#organization\"},\"image\":{\"@id\":\"https:\/\/www.carideal.com\/blog\/2014\/04\/20\/peugeot-exalt\/#primaryimage\"},\"thumbnailUrl\":\"http:\/\/www.carideal.com\/blog\/wp-content\/uploads\/2015\/12\/peugeot-exalt-300x164.jpg\",\"keywords\":[\"Voiture chinoise\"],\"articleSection\":[\"Actualit\u00e9 automobile\",\"Actualit\u00e9 Constructeur automobile\",\"Actualit\u00e9 Peugeot\",\"Concept car\",\"March\u00e9 automobile\",\"Salon automobile\",\"Salon de P\u00e9kin\",\"Type de v\u00e9hicule\"],\"inLanguage\":\"fr-FR\",\"potentialAction\":[{\"@type\":\"CommentAction\",\"name\":\"Comment\",\"target\":[\"https:\/\/www.carideal.com\/blog\/2014\/04\/20\/peugeot-exalt\/#respond\"]}]},{\"@type\":\"WebPage\",\"@id\":\"https:\/\/www.carideal.com\/blog\/2014\/04\/20\/peugeot-exalt\/\",\"url\":\"https:\/\/www.carideal.com\/blog\/2014\/04\/20\/peugeot-exalt\/\",\"name\":\"Peugeot Exalt Concept car - Blog auto Carid\u00e9al\",\"isPartOf\":{\"@id\":\"https:\/\/www.carideal.com\/blog\/#website\"},\"primaryImageOfPage\":{\"@id\":\"https:\/\/www.carideal.com\/blog\/2014\/04\/20\/peugeot-exalt\/#primaryimage\"},\"image\":{\"@id\":\"https:\/\/www.carideal.com\/blog\/2014\/04\/20\/peugeot-exalt\/#primaryimage\"},\"thumbnailUrl\":\"http:\/\/www.carideal.com\/blog\/wp-content\/uploads\/2015\/12\/peugeot-exalt-300x164.jpg\",\"datePublished\":\"2014-04-20T14:55:23+00:00\",\"dateModified\":\"2015-12-20T16:58:39+00:00\",\"description\":\"Peugeot Exalt le constructeur pr\u00e9sente son concept car au salin de P\u00e9kin en Chine, il s'agit de tester les attentes du march\u00e9 chinois pour l'avenir.\",\"breadcrumb\":{\"@id\":\"https:\/\/www.carideal.com\/blog\/2014\/04\/20\/peugeot-exalt\/#breadcrumb\"},\"inLanguage\":\"fr-FR\",\"potentialAction\":[{\"@type\":\"ReadAction\",\"target\":[\"https:\/\/www.carideal.com\/blog\/2014\/04\/20\/peugeot-exalt\/\"]}]},{\"@type\":\"ImageObject\",\"inLanguage\":\"fr-FR\",\"@id\":\"https:\/\/www.carideal.com\/blog\/2014\/04\/20\/peugeot-exalt\/#primaryimage\",\"url\":\"http:\/\/www.carideal.com\/blog\/wp-content\/uploads\/2015\/12\/peugeot-exalt-300x164.jpg\",\"contentUrl\":\"http:\/\/www.carideal.com\/blog\/wp-content\/uploads\/2015\/12\/peugeot-exalt-300x164.jpg\"},{\"@type\":\"BreadcrumbList\",\"@id\":\"https:\/\/www.carideal.com\/blog\/2014\/04\/20\/peugeot-exalt\/#breadcrumb\",\"itemListElement\":[{\"@type\":\"ListItem\",\"position\":1,\"name\":\"Blog Carid\u00e9al\",\"item\":\"https:\/\/www.carideal.com\/blog\/\"},{\"@type\":\"ListItem\",\"position\":2,\"name\":\"Actualit\u00e9 constructeur automobile\",\"item\":\"https:\/\/www.carideal.com\/blog\/constructeur\/\"},{\"@type\":\"ListItem\",\"position\":3,\"name\":\"Actualit\u00e9 Peugeot\",\"item\":\"https:\/\/www.carideal.com\/blog\/constructeur\/peugeot\/\"},{\"@type\":\"ListItem\",\"position\":4,\"name\":\"Peugeot Exalt Concept car\"}]},{\"@type\":\"WebSite\",\"@id\":\"https:\/\/www.carideal.com\/blog\/#website\",\"url\":\"https:\/\/www.carideal.com\/blog\/\",\"name\":\"Blog auto Carid\u00e9al\",\"description\":\"Actualit\u00e9 auto par des passionn\u00e9s\",\"publisher\":{\"@id\":\"https:\/\/www.carideal.com\/blog\/#organization\"},\"potentialAction\":[{\"@type\":\"SearchAction\",\"target\":{\"@type\":\"EntryPoint\",\"urlTemplate\":\"https:\/\/www.carideal.com\/blog\/?s={search_term_string}\"},\"query-input\":{\"@type\":\"PropertyValueSpecification\",\"valueRequired\":true,\"valueName\":\"search_term_string\"}}],\"inLanguage\":\"fr-FR\"},{\"@type\":\"Organization\",\"@id\":\"https:\/\/www.carideal.com\/blog\/#organization\",\"name\":\"Carideal\",\"url\":\"https:\/\/www.carideal.com\/blog\/\",\"logo\":{\"@type\":\"ImageObject\",\"inLanguage\":\"fr-FR\",\"@id\":\"https:\/\/www.carideal.com\/blog\/#\/schema\/logo\/image\/\",\"url\":\"http:\/\/www.carideal.com\/blog\/wp-content\/uploads\/2016\/03\/logo-carideal-mandataire-automobile.png\",\"contentUrl\":\"http:\/\/www.carideal.com\/blog\/wp-content\/uploads\/2016\/03\/logo-carideal-mandataire-automobile.png\",\"width\":300,\"height\":300,\"caption\":\"Carideal\"},\"image\":{\"@id\":\"https:\/\/www.carideal.com\/blog\/#\/schema\/logo\/image\/\"},\"sameAs\":[\"https:\/\/www.facebook.com\/Carideal.mandataire.automobile\",\"https:\/\/x.com\/caridealauto\",\"https:\/\/www.instagram.com\/carideal1\/\",\"https:\/\/www.linkedin.com\/company\/carideal.com\",\"https:\/\/fr.pinterest.com\/schiavonsas\/\",\"https:\/\/www.youtube.com\/user\/caridealsas\"]},{\"@type\":\"Person\",\"@id\":\"https:\/\/www.carideal.com\/blog\/#\/schema\/person\/cd95dc7919660de90d31b366f85be1ec\",\"name\":\"Nicolas SCHIAVON\",\"image\":{\"@type\":\"ImageObject\",\"inLanguage\":\"fr-FR\",\"@id\":\"https:\/\/www.carideal.com\/blog\/#\/schema\/person\/image\/\",\"url\":\"https:\/\/secure.gravatar.com\/avatar\/c17e55009e671d92cc7f5dc837dc418a?s=96&r=g\",\"contentUrl\":\"https:\/\/secure.gravatar.com\/avatar\/c17e55009e671d92cc7f5dc837dc418a?s=96&r=g\",\"caption\":\"Nicolas SCHIAVON\"},\"description\":\"Nicolas Schiavon est tomb\u00e9 tout petit dans la marmite automobile. Ayant eu un garage de marque automobile, mandataire automobile de la premi\u00e8re heure d\u00e8s 1999. Nicolas a cr\u00e9\u00e9 ces premiers sites de vente de voiture et blog automobile d\u00e8s 1994. Carideal est n\u00e9 le 15 d\u00e9cembre 2000 de la volont\u00e9 de vendre des voitures d'occasions en ligne puis des voitures neuves. Il a pu essayer beaucoup de voitures tr\u00e8s diff\u00e9rentes et ayant eu personnellement quelques belles autos, Subaru Impreza, Mitsubishi Lancer Evo 7, Porsche 911, Ferrari Testarrossa, Audi RS3, RS4 et j'en passe...\",\"sameAs\":[\"http:\/\/www.carideal.com\",\"https:\/\/www.facebook.com\/nicolas.schiavon.39\",\"https:\/\/www.instagram.com\/carideal1\/\",\"https:\/\/www.linkedin.com\/in\/nschiavon\/\",\"https:\/\/x.com\/caridealauto\",\"https:\/\/www.youtube.com\/user\/caridealsas\/\"],\"url\":\"https:\/\/www.carideal.com\/blog\/author\/nschiavon\/\"}]}<\/script>\n<!-- \/ Yoast SEO plugin. -->","yoast_head_json":{"title":"Peugeot Exalt Concept car - Blog auto Carid\u00e9al","description":"Peugeot Exalt le constructeur pr\u00e9sente son concept car au salin de P\u00e9kin en Chine, il s'agit de tester les attentes du march\u00e9 chinois pour l'avenir.","robots":{"index":"index","follow":"follow","max-snippet":"max-snippet:-1","max-image-preview":"max-image-preview:large","max-video-preview":"max-video-preview:-1"},"canonical":"https:\/\/www.carideal.com\/blog\/2014\/04\/20\/peugeot-exalt\/","og_locale":"fr_FR","og_type":"article","og_title":"Peugeot Exalt Concept car - Blog auto Carid\u00e9al","og_description":"Peugeot Exalt le constructeur pr\u00e9sente son concept car au salin de P\u00e9kin en Chine, il s'agit de tester les attentes du march\u00e9 chinois pour l'avenir.","og_url":"https:\/\/www.carideal.com\/blog\/2014\/04\/20\/peugeot-exalt\/","og_site_name":"Blog auto Carid\u00e9al","article_publisher":"https:\/\/www.facebook.com\/Carideal.mandataire.automobile","article_author":"https:\/\/www.facebook.com\/nicolas.schiavon.39","article_published_time":"2014-04-20T14:55:23+00:00","article_modified_time":"2015-12-20T16:58:39+00:00","og_image":[{"url":"http:\/\/www.carideal.com\/blog\/wp-content\/uploads\/2015\/12\/peugeot-exalt-300x164.jpg","type":"","width":"","height":""}],"author":"Nicolas SCHIAVON","twitter_card":"summary_large_image","twitter_creator":"@caridealauto","twitter_site":"@caridealauto","twitter_misc":{"\u00c9crit par":"Nicolas SCHIAVON","Dur\u00e9e de lecture estim\u00e9e":"2 minutes"},"schema":{"@context":"https:\/\/schema.org","@graph":[{"@type":"Article","@id":"https:\/\/www.carideal.com\/blog\/2014\/04\/20\/peugeot-exalt\/#article","isPartOf":{"@id":"https:\/\/www.carideal.com\/blog\/2014\/04\/20\/peugeot-exalt\/"},"author":{"name":"Nicolas SCHIAVON","@id":"https:\/\/www.carideal.com\/blog\/#\/schema\/person\/cd95dc7919660de90d31b366f85be1ec"},"headline":"Peugeot Exalt Concept car","datePublished":"2014-04-20T14:55:23+00:00","dateModified":"2015-12-20T16:58:39+00:00","mainEntityOfPage":{"@id":"https:\/\/www.carideal.com\/blog\/2014\/04\/20\/peugeot-exalt\/"},"wordCount":427,"commentCount":0,"publisher":{"@id":"https:\/\/www.carideal.com\/blog\/#organization"},"image":{"@id":"https:\/\/www.carideal.com\/blog\/2014\/04\/20\/peugeot-exalt\/#primaryimage"},"thumbnailUrl":"http:\/\/www.carideal.com\/blog\/wp-content\/uploads\/2015\/12\/peugeot-exalt-300x164.jpg","keywords":["Voiture chinoise"],"articleSection":["Actualit\u00e9 automobile","Actualit\u00e9 Constructeur automobile","Actualit\u00e9 Peugeot","Concept car","March\u00e9 automobile","Salon automobile","Salon de P\u00e9kin","Type de v\u00e9hicule"],"inLanguage":"fr-FR","potentialAction":[{"@type":"CommentAction","name":"Comment","target":["https:\/\/www.carideal.com\/blog\/2014\/04\/20\/peugeot-exalt\/#respond"]}]},{"@type":"WebPage","@id":"https:\/\/www.carideal.com\/blog\/2014\/04\/20\/peugeot-exalt\/","url":"https:\/\/www.carideal.com\/blog\/2014\/04\/20\/peugeot-exalt\/","name":"Peugeot Exalt Concept car - Blog auto Carid\u00e9al","isPartOf":{"@id":"https:\/\/www.carideal.com\/blog\/#website"},"primaryImageOfPage":{"@id":"https:\/\/www.carideal.com\/blog\/2014\/04\/20\/peugeot-exalt\/#primaryimage"},"image":{"@id":"https:\/\/www.carideal.com\/blog\/2014\/04\/20\/peugeot-exalt\/#primaryimage"},"thumbnailUrl":"http:\/\/www.carideal.com\/blog\/wp-content\/uploads\/2015\/12\/peugeot-exalt-300x164.jpg","datePublished":"2014-04-20T14:55:23+00:00","dateModified":"2015-12-20T16:58:39+00:00","description":"Peugeot Exalt le constructeur pr\u00e9sente son concept car au salin de P\u00e9kin en Chine, il s'agit de tester les attentes du march\u00e9 chinois pour l'avenir.","breadcrumb":{"@id":"https:\/\/www.carideal.com\/blog\/2014\/04\/20\/peugeot-exalt\/#breadcrumb"},"inLanguage":"fr-FR","potentialAction":[{"@type":"ReadAction","target":["https:\/\/www.carideal.com\/blog\/2014\/04\/20\/peugeot-exalt\/"]}]},{"@type":"ImageObject","inLanguage":"fr-FR","@id":"https:\/\/www.carideal.com\/blog\/2014\/04\/20\/peugeot-exalt\/#primaryimage","url":"http:\/\/www.carideal.com\/blog\/wp-content\/uploads\/2015\/12\/peugeot-exalt-300x164.jpg","contentUrl":"http:\/\/www.carideal.com\/blog\/wp-content\/uploads\/2015\/12\/peugeot-exalt-300x164.jpg"},{"@type":"BreadcrumbList","@id":"https:\/\/www.carideal.com\/blog\/2014\/04\/20\/peugeot-exalt\/#breadcrumb","itemListElement":[{"@type":"ListItem","position":1,"name":"Blog Carid\u00e9al","item":"https:\/\/www.carideal.com\/blog\/"},{"@type":"ListItem","position":2,"name":"Actualit\u00e9 constructeur automobile","item":"https:\/\/www.carideal.com\/blog\/constructeur\/"},{"@type":"ListItem","position":3,"name":"Actualit\u00e9 Peugeot","item":"https:\/\/www.carideal.com\/blog\/constructeur\/peugeot\/"},{"@type":"ListItem","position":4,"name":"Peugeot Exalt Concept car"}]},{"@type":"WebSite","@id":"https:\/\/www.carideal.com\/blog\/#website","url":"https:\/\/www.carideal.com\/blog\/","name":"Blog auto Carid\u00e9al","description":"Actualit\u00e9 auto par des passionn\u00e9s","publisher":{"@id":"https:\/\/www.carideal.com\/blog\/#organization"},"potentialAction":[{"@type":"SearchAction","target":{"@type":"EntryPoint","urlTemplate":"https:\/\/www.carideal.com\/blog\/?s={search_term_string}"},"query-input":{"@type":"PropertyValueSpecification","valueRequired":true,"valueName":"search_term_string"}}],"inLanguage":"fr-FR"},{"@type":"Organization","@id":"https:\/\/www.carideal.com\/blog\/#organization","name":"Carideal","url":"https:\/\/www.carideal.com\/blog\/","logo":{"@type":"ImageObject","inLanguage":"fr-FR","@id":"https:\/\/www.carideal.com\/blog\/#\/schema\/logo\/image\/","url":"http:\/\/www.carideal.com\/blog\/wp-content\/uploads\/2016\/03\/logo-carideal-mandataire-automobile.png","contentUrl":"http:\/\/www.carideal.com\/blog\/wp-content\/uploads\/2016\/03\/logo-carideal-mandataire-automobile.png","width":300,"height":300,"caption":"Carideal"},"image":{"@id":"https:\/\/www.carideal.com\/blog\/#\/schema\/logo\/image\/"},"sameAs":["https:\/\/www.facebook.com\/Carideal.mandataire.automobile","https:\/\/x.com\/caridealauto","https:\/\/www.instagram.com\/carideal1\/","https:\/\/www.linkedin.com\/company\/carideal.com","https:\/\/fr.pinterest.com\/schiavonsas\/","https:\/\/www.youtube.com\/user\/caridealsas"]},{"@type":"Person","@id":"https:\/\/www.carideal.com\/blog\/#\/schema\/person\/cd95dc7919660de90d31b366f85be1ec","name":"Nicolas SCHIAVON","image":{"@type":"ImageObject","inLanguage":"fr-FR","@id":"https:\/\/www.carideal.com\/blog\/#\/schema\/person\/image\/","url":"https:\/\/secure.gravatar.com\/avatar\/c17e55009e671d92cc7f5dc837dc418a?s=96&r=g","contentUrl":"https:\/\/secure.gravatar.com\/avatar\/c17e55009e671d92cc7f5dc837dc418a?s=96&r=g","caption":"Nicolas SCHIAVON"},"description":"Nicolas Schiavon est tomb\u00e9 tout petit dans la marmite automobile. Ayant eu un garage de marque automobile, mandataire automobile de la premi\u00e8re heure d\u00e8s 1999. Nicolas a cr\u00e9\u00e9 ces premiers sites de vente de voiture et blog automobile d\u00e8s 1994. Carideal est n\u00e9 le 15 d\u00e9cembre 2000 de la volont\u00e9 de vendre des voitures d'occasions en ligne puis des voitures neuves. Il a pu essayer beaucoup de voitures tr\u00e8s diff\u00e9rentes et ayant eu personnellement quelques belles autos, Subaru Impreza, Mitsubishi Lancer Evo 7, Porsche 911, Ferrari Testarrossa, Audi RS3, RS4 et j'en passe...","sameAs":["http:\/\/www.carideal.com","https:\/\/www.facebook.com\/nicolas.schiavon.39","https:\/\/www.instagram.com\/carideal1\/","https:\/\/www.linkedin.com\/in\/nschiavon\/","https:\/\/x.com\/caridealauto","https:\/\/www.youtube.com\/user\/caridealsas\/"],"url":"https:\/\/www.carideal.com\/blog\/author\/nschiavon\/"}]}},"uagb_featured_image_src":{"full":false,"thumbnail":false,"medium":false,"medium_large":false,"large":false,"1536x1536":false,"2048x2048":false,"wppr-widget":false},"uagb_author_info":{"display_name":"Nicolas SCHIAVON","author_link":"https:\/\/www.carideal.com\/blog\/author\/nschiavon\/"},"uagb_comment_info":0,"uagb_excerpt":"Peugeot Exalt le concept-car qui annonce sa future familiale. Peugeot Exalt fait son show au salon de Pekin du 21 au 29 avril, et Citroen y pr\u00e9sentera son prochain SUV de la Gamme DS : PSA veut attaquer de front les autres stars du salon avec Audi, Lexus et Mercedes. Le concept-car Exalte a \u00e9t\u00e9\u2026","_links":{"self":[{"href":"https:\/\/www.carideal.com\/blog\/wp-json\/wp\/v2\/posts\/8701"}],"collection":[{"href":"https:\/\/www.carideal.com\/blog\/wp-json\/wp\/v2\/posts"}],"about":[{"href":"https:\/\/www.carideal.com\/blog\/wp-json\/wp\/v2\/types\/post"}],"author":[{"embeddable":true,"href":"https:\/\/www.carideal.com\/blog\/wp-json\/wp\/v2\/users\/3"}],"replies":[{"embeddable":true,"href":"https:\/\/www.carideal.com\/blog\/wp-json\/wp\/v2\/comments?post=8701"}],"version-history":[{"count":0,"href":"https:\/\/www.carideal.com\/blog\/wp-json\/wp\/v2\/posts\/8701\/revisions"}],"wp:attachment":[{"href":"https:\/\/www.carideal.com\/blog\/wp-json\/wp\/v2\/media?parent=8701"}],"wp:term":[{"taxonomy":"category","embeddable":true,"href":"https:\/\/www.carideal.com\/blog\/wp-json\/wp\/v2\/categories?post=8701"},{"taxonomy":"post_tag","embeddable":true,"href":"https:\/\/www.carideal.com\/blog\/wp-json\/wp\/v2\/tags?post=8701"}],"curies":[{"name":"wp","href":"https:\/\/api.w.org\/{rel}","templated":true}]}}