{"id":8675,"date":"2015-12-17T18:01:01","date_gmt":"2015-12-17T17:01:01","guid":{"rendered":"http:\/\/www.carideal.com\/blog\/?p=8675"},"modified":"2020-03-07T22:41:43","modified_gmt":"2020-03-07T21:41:43","slug":"essai-peugeot-308-sw-gt","status":"publish","type":"post","link":"https:\/\/www.carideal.com\/blog\/2015\/12\/17\/essai-peugeot-308-sw-gt\/","title":{"rendered":"Essai Peugeot 308 SW GT"},"content":{"rendered":"<h1><strong>ESSAI PEUGEOT 308 SW GT<\/strong><\/h1>\n<figure id=\"attachment_8676\" aria-describedby=\"caption-attachment-8676\" style=\"width: 630px\" class=\"wp-caption aligncenter\"><a href=\"http:\/\/www.carideal.com\/blog\/wp-content\/uploads\/2015\/12\/peugeot-308-sw-gt-carideal.jpg\"><img loading=\"lazy\" decoding=\"async\" class=\"wp-image-8676 size-full\" title=\"Essai Peugeot 308 SW GT\" src=\"http:\/\/www.carideal.com\/blog\/wp-content\/uploads\/2015\/12\/peugeot-308-sw-gt-carideal.jpg\" alt=\"Essai Peugeot 308 SW GT\" width=\"640\" height=\"350\" srcset=\"https:\/\/www.carideal.com\/blog\/wp-content\/uploads\/2015\/12\/peugeot-308-sw-gt-carideal.jpg 640w, https:\/\/www.carideal.com\/blog\/wp-content\/uploads\/2015\/12\/peugeot-308-sw-gt-carideal-300x164.jpg 300w, https:\/\/www.carideal.com\/blog\/wp-content\/uploads\/2015\/12\/peugeot-308-sw-gt-carideal-624x341.jpg 624w\" sizes=\"(max-width: 640px) 100vw, 640px\" \/><\/a><figcaption id=\"caption-attachment-8676\" class=\"wp-caption-text\">Essai Peugeot 308 SW GT<\/figcaption><\/figure>\n<p>LIMITEE, IL Y A PEU, A 155 CH EN ESSENCE, LA 308 \u00a0MONTE EN PUISSANCE. PREMIER JALON D'UNE GAMME SPORTIVE EN DEVELOPPEMENT,<strong> POUR CET ESSAI PEUGEOT 308 SW GT <\/strong>ELLE CACHE UNE EVOLUTION DE 205 CH DU BIEN CONNU 1.6 THP... QUI DONNE ENVIE DE LA PROCHAINE GTI<\/p>\n<p>D\u00e9j\u00e0\u00a0utilis\u00e9es dans les ann\u00e9es 1980, les lettres \"GT\" d\u00e9signent des Peugeot charg\u00e9es de faire le lien entre les versions familiales et les sportives du type <span style=\"text-decoration: underline;\"><a href=\"http:\/\/www.carideal.com\/blog\/2010\/05\/21\/le-retour-surprise-de-la-peugeot-308-gti\/\">GTi<\/a><\/span> ou R. Avec son bloc essence<br \/>\nde 205 ch (elle existe aussi avec le 2.0 BlueHDi de 180 ch), la <span style=\"text-decoration: underline;\">308<\/span> ainsi estampill\u00e9e r\u00e9pond parfaitement \u00e0\u00a0cette d\u00e9finition... et confirme qu'au moins une d\u00e9clinaison plus puissante viendra coiffer l'offre. Une compacte de plus de 200 ch a sans doute peu d'avenir en France, me direz-vous? Certes, mais nombre de n<span style=\"line-height: 1.71429; font-size: 1rem;\">os voisins, Anglais et Allemands en t\u00eate, sont friands de cette formule. C'est m\u00eame pour s\u00e9duire ces derniers que la <strong>308 GT<\/strong> se d\u00e9cline, comme ici, en <strong>break SW<\/strong>. Avec son bouclier avant sp\u00e9cifique, ses jantes de 18 pouces et son Lion qui tr\u00f4ne au centre de sa calandre, la fran\u00e7aise a fi\u00e8re allure. Un constat qui vaut aussi pour l'habitacle, dot\u00e9 de si\u00e9ges sport habill\u00e9s de simili-cuir et d'Alcantara noir avec surpiqures rouges, et d'un p\u00e9dalier alu. Des artifices qui ne donnent qu'une envie: presser le bouton de d\u00e9marrage.<\/span><\/p>\n<h2>Essai Peugeot 308 SW GT : du grand tourisme !<\/h2>\n<p>Et l\u00e0, il faut avouer que l'on est un peu d\u00e9\u00e7u lorsque le quatre-cylindres s'\u00e9broue. M\u00eame avec le Driver Sport Pack, cens\u00e9, entre autres, amplifier sa sonorit\u00e9, le 1.6 THP\u00a0est quasiment imperceptible au ralenti. En revanche, sa souplesse s\u00e9duit. Avec 285 Nm d\u00e9s 1 750 tr\/mn, il fait preuve de vigueur sur tous les rapports, bien aid\u00e9 par le poids contenu (1420 kg mesur\u00e9s) de ce break, qui ne sacrifie ni les aspects pratiques, ni le volume de chargement. S'ils lui interdisent de revendiquer le qualificatif de sportif, ses r\u00e9glages permettent de limiter au maximum les r\u00e9trogradages. Un bon point, tant la bo\u00eete de vitesses ne se r\u00e9v\u00e8le gu\u00e8re agr\u00e9able \u00e0\u00a0manier. Les suspensions, abaiss\u00e9es de 10 mm et dot\u00e9es d'amortisseurs plus fermes, m\u00e9nagent un peu moins les vert\u00e8bres que celles des 308 moins puissantes, mais le confort g\u00e9n\u00e9ral demeure largement sup\u00e9rieur \u00e0\u00a0celui de la plupart de ses rivales. Quant au comportement routier, il se montre imp\u00e9rial en toutes circonstances. Le train avant semble impossible \u00e0\u00a0prendre en d\u00e9faut et les trajectoires qu'il dessine sont suivies au millim\u00e8tre par son homologue arri\u00e8re. Sans nul doute, cette 308 SW GT, dont le tarif un tantinet \u00e9lev\u00e9 cache une dotation compl\u00e8te, m\u00e9rite l'appellation\u00a0Grand Tourisme.<\/p>\n<h2>Essai Peugeot 308 SW GT la conclusion<\/h2>\n<p>D\u00e9j\u00e0 bluffante avec des motorisations plus sages, \u00e0 l'essai\u00a0Peugeot 308 SW GT gagne ici en caract\u00e8re, m\u00eame si son THP de 205 ch se r\u00e9v\u00e8le plus <span style=\"text-decoration: underline;\">GT<\/span> que r\u00e9solument sportif.\u00a0Cette <span style=\"text-decoration: underline;\"><a href=\"http:\/\/www.carideal.com\/blog\/2012\/01\/02\/citroen-ds5-thp-200-sport-chic\/\">motorisation THP 205 ch existe aussi sur la DS5<\/a><\/span>.<\/p>\n","protected":false},"excerpt":{"rendered":"<p>ESSAI PEUGEOT 308 SW GT LIMITEE, IL Y A PEU, A 155 CH EN ESSENCE, LA 308 \u00a0MONTE EN PUISSANCE. PREMIER JALON D&rsquo;UNE GAMME SPORTIVE EN DEVELOPPEMENT, POUR CET ESSAI PEUGEOT 308 SW GT ELLE CACHE UNE EVOLUTION DE 205 CH DU BIEN CONNU 1.6 THP&#8230; QUI DONNE ENVIE DE LA PROCHAINE GTI D\u00e9j\u00e0\u00a0utilis\u00e9es dans &#8230; <a title=\"Essai Peugeot 308 SW GT\" class=\"read-more\" href=\"https:\/\/www.carideal.com\/blog\/2015\/12\/17\/essai-peugeot-308-sw-gt\/\" aria-label=\"En savoir plus sur Essai Peugeot 308 SW GT\">Lire plus<\/a><\/p>\n","protected":false},"author":3,"featured_media":13274,"comment_status":"open","ping_status":"open","sticky":false,"template":"","format":"standard","meta":{"_uag_custom_page_level_css":"","_themeisle_gutenberg_block_has_review":false,"footnotes":""},"categories":[21,5944,5946,5947,5948,10],"tags":[2289],"class_list":["post-8675","post","type-post","status-publish","format-standard","has-post-thumbnail","hentry","category-actualites-auto","category-constructeur","category-peugeot","category-essai","category-peugeot-essai","category-marche-automobile-voiture-neuve-occasion-4x4-suv","tag-gt"],"wppr_data":{"cwp_meta_box_check":"No"},"yoast_head":"<!-- This site is optimized with the Yoast SEO plugin v24.8.1 - https:\/\/yoast.com\/wordpress\/plugins\/seo\/ -->\n<title>Essai Peugeot 308 SW GT - Blog auto Carid\u00e9al<\/title>\n<meta name=\"description\" content=\"Essai Peugeot 308 SW GT qui monte en puissance avec son moteur de 205 ch, elle gagne en caract\u00e8re et se r\u00e9v\u00e8le une vrai GT.\" \/>\n<meta name=\"robots\" content=\"index, follow, max-snippet:-1, max-image-preview:large, max-video-preview:-1\" \/>\n<link rel=\"canonical\" href=\"https:\/\/www.carideal.com\/blog\/2015\/12\/17\/essai-peugeot-308-sw-gt\/\" \/>\n<meta property=\"og:locale\" content=\"fr_FR\" \/>\n<meta property=\"og:type\" content=\"article\" \/>\n<meta property=\"og:title\" content=\"Essai Peugeot 308 SW GT - Blog auto Carid\u00e9al\" \/>\n<meta property=\"og:description\" content=\"Essai Peugeot 308 SW GT qui monte en puissance avec son moteur de 205 ch, elle gagne en caract\u00e8re et se r\u00e9v\u00e8le une vrai GT.\" \/>\n<meta property=\"og:url\" content=\"https:\/\/www.carideal.com\/blog\/2015\/12\/17\/essai-peugeot-308-sw-gt\/\" \/>\n<meta property=\"og:site_name\" content=\"Blog auto Carid\u00e9al\" \/>\n<meta property=\"article:publisher\" content=\"https:\/\/www.facebook.com\/Carideal.mandataire.automobile\" \/>\n<meta property=\"article:author\" content=\"https:\/\/www.facebook.com\/nicolas.schiavon.39\" \/>\n<meta property=\"article:published_time\" content=\"2015-12-17T17:01:01+00:00\" \/>\n<meta property=\"article:modified_time\" content=\"2020-03-07T21:41:43+00:00\" \/>\n<meta property=\"og:image\" content=\"https:\/\/www.carideal.com\/blog\/wp-content\/uploads\/2015\/12\/peugeot-308-gt-sw.jpg\" \/>\n\t<meta property=\"og:image:width\" content=\"800\" \/>\n\t<meta property=\"og:image:height\" content=\"600\" \/>\n\t<meta property=\"og:image:type\" content=\"image\/jpeg\" \/>\n<meta name=\"author\" content=\"Nicolas SCHIAVON\" \/>\n<meta name=\"twitter:card\" content=\"summary_large_image\" \/>\n<meta name=\"twitter:creator\" content=\"@caridealauto\" \/>\n<meta name=\"twitter:site\" content=\"@caridealauto\" \/>\n<meta name=\"twitter:label1\" content=\"\u00c9crit par\" \/>\n\t<meta name=\"twitter:data1\" content=\"Nicolas SCHIAVON\" \/>\n\t<meta name=\"twitter:label2\" content=\"Dur\u00e9e de lecture estim\u00e9e\" \/>\n\t<meta name=\"twitter:data2\" content=\"3 minutes\" \/>\n<script type=\"application\/ld+json\" class=\"yoast-schema-graph\">{\"@context\":\"https:\/\/schema.org\",\"@graph\":[{\"@type\":\"Article\",\"@id\":\"https:\/\/www.carideal.com\/blog\/2015\/12\/17\/essai-peugeot-308-sw-gt\/#article\",\"isPartOf\":{\"@id\":\"https:\/\/www.carideal.com\/blog\/2015\/12\/17\/essai-peugeot-308-sw-gt\/\"},\"author\":{\"name\":\"Nicolas SCHIAVON\",\"@id\":\"https:\/\/www.carideal.com\/blog\/#\/schema\/person\/cd95dc7919660de90d31b366f85be1ec\"},\"headline\":\"Essai Peugeot 308 SW GT\",\"datePublished\":\"2015-12-17T17:01:01+00:00\",\"dateModified\":\"2020-03-07T21:41:43+00:00\",\"mainEntityOfPage\":{\"@id\":\"https:\/\/www.carideal.com\/blog\/2015\/12\/17\/essai-peugeot-308-sw-gt\/\"},\"wordCount\":527,\"commentCount\":0,\"publisher\":{\"@id\":\"https:\/\/www.carideal.com\/blog\/#organization\"},\"image\":{\"@id\":\"https:\/\/www.carideal.com\/blog\/2015\/12\/17\/essai-peugeot-308-sw-gt\/#primaryimage\"},\"thumbnailUrl\":\"https:\/\/www.carideal.com\/blog\/wp-content\/uploads\/2015\/12\/peugeot-308-gt-sw.jpg\",\"keywords\":[\"GT\"],\"articleSection\":[\"Actualit\u00e9 automobile\",\"Actualit\u00e9 Constructeur automobile\",\"Actualit\u00e9 Peugeot\",\"Essais automobile\",\"Essais Peugeot\",\"March\u00e9 automobile\"],\"inLanguage\":\"fr-FR\",\"potentialAction\":[{\"@type\":\"CommentAction\",\"name\":\"Comment\",\"target\":[\"https:\/\/www.carideal.com\/blog\/2015\/12\/17\/essai-peugeot-308-sw-gt\/#respond\"]}]},{\"@type\":\"WebPage\",\"@id\":\"https:\/\/www.carideal.com\/blog\/2015\/12\/17\/essai-peugeot-308-sw-gt\/\",\"url\":\"https:\/\/www.carideal.com\/blog\/2015\/12\/17\/essai-peugeot-308-sw-gt\/\",\"name\":\"Essai Peugeot 308 SW GT - Blog auto Carid\u00e9al\",\"isPartOf\":{\"@id\":\"https:\/\/www.carideal.com\/blog\/#website\"},\"primaryImageOfPage\":{\"@id\":\"https:\/\/www.carideal.com\/blog\/2015\/12\/17\/essai-peugeot-308-sw-gt\/#primaryimage\"},\"image\":{\"@id\":\"https:\/\/www.carideal.com\/blog\/2015\/12\/17\/essai-peugeot-308-sw-gt\/#primaryimage\"},\"thumbnailUrl\":\"https:\/\/www.carideal.com\/blog\/wp-content\/uploads\/2015\/12\/peugeot-308-gt-sw.jpg\",\"datePublished\":\"2015-12-17T17:01:01+00:00\",\"dateModified\":\"2020-03-07T21:41:43+00:00\",\"description\":\"Essai Peugeot 308 SW GT qui monte en puissance avec son moteur de 205 ch, elle gagne en caract\u00e8re et se r\u00e9v\u00e8le une vrai GT.\",\"breadcrumb\":{\"@id\":\"https:\/\/www.carideal.com\/blog\/2015\/12\/17\/essai-peugeot-308-sw-gt\/#breadcrumb\"},\"inLanguage\":\"fr-FR\",\"potentialAction\":[{\"@type\":\"ReadAction\",\"target\":[\"https:\/\/www.carideal.com\/blog\/2015\/12\/17\/essai-peugeot-308-sw-gt\/\"]}]},{\"@type\":\"ImageObject\",\"inLanguage\":\"fr-FR\",\"@id\":\"https:\/\/www.carideal.com\/blog\/2015\/12\/17\/essai-peugeot-308-sw-gt\/#primaryimage\",\"url\":\"https:\/\/www.carideal.com\/blog\/wp-content\/uploads\/2015\/12\/peugeot-308-gt-sw.jpg\",\"contentUrl\":\"https:\/\/www.carideal.com\/blog\/wp-content\/uploads\/2015\/12\/peugeot-308-gt-sw.jpg\",\"width\":800,\"height\":600,\"caption\":\"Essai Peugeot 308 SW GT\"},{\"@type\":\"BreadcrumbList\",\"@id\":\"https:\/\/www.carideal.com\/blog\/2015\/12\/17\/essai-peugeot-308-sw-gt\/#breadcrumb\",\"itemListElement\":[{\"@type\":\"ListItem\",\"position\":1,\"name\":\"Blog Carid\u00e9al\",\"item\":\"https:\/\/www.carideal.com\/blog\/\"},{\"@type\":\"ListItem\",\"position\":2,\"name\":\"March\u00e9 automobile\",\"item\":\"https:\/\/www.carideal.com\/blog\/marche-automobile-voiture-neuve-occasion-4x4-suv\/\"},{\"@type\":\"ListItem\",\"position\":3,\"name\":\"Essai Peugeot 308 SW GT\"}]},{\"@type\":\"WebSite\",\"@id\":\"https:\/\/www.carideal.com\/blog\/#website\",\"url\":\"https:\/\/www.carideal.com\/blog\/\",\"name\":\"Blog auto Carid\u00e9al\",\"description\":\"Actualit\u00e9 auto par des passionn\u00e9s\",\"publisher\":{\"@id\":\"https:\/\/www.carideal.com\/blog\/#organization\"},\"potentialAction\":[{\"@type\":\"SearchAction\",\"target\":{\"@type\":\"EntryPoint\",\"urlTemplate\":\"https:\/\/www.carideal.com\/blog\/?s={search_term_string}\"},\"query-input\":{\"@type\":\"PropertyValueSpecification\",\"valueRequired\":true,\"valueName\":\"search_term_string\"}}],\"inLanguage\":\"fr-FR\"},{\"@type\":\"Organization\",\"@id\":\"https:\/\/www.carideal.com\/blog\/#organization\",\"name\":\"Carideal\",\"url\":\"https:\/\/www.carideal.com\/blog\/\",\"logo\":{\"@type\":\"ImageObject\",\"inLanguage\":\"fr-FR\",\"@id\":\"https:\/\/www.carideal.com\/blog\/#\/schema\/logo\/image\/\",\"url\":\"http:\/\/www.carideal.com\/blog\/wp-content\/uploads\/2016\/03\/logo-carideal-mandataire-automobile.png\",\"contentUrl\":\"http:\/\/www.carideal.com\/blog\/wp-content\/uploads\/2016\/03\/logo-carideal-mandataire-automobile.png\",\"width\":300,\"height\":300,\"caption\":\"Carideal\"},\"image\":{\"@id\":\"https:\/\/www.carideal.com\/blog\/#\/schema\/logo\/image\/\"},\"sameAs\":[\"https:\/\/www.facebook.com\/Carideal.mandataire.automobile\",\"https:\/\/x.com\/caridealauto\",\"https:\/\/www.instagram.com\/carideal1\/\",\"https:\/\/www.linkedin.com\/company\/carideal.com\",\"https:\/\/fr.pinterest.com\/schiavonsas\/\",\"https:\/\/www.youtube.com\/user\/caridealsas\"]},{\"@type\":\"Person\",\"@id\":\"https:\/\/www.carideal.com\/blog\/#\/schema\/person\/cd95dc7919660de90d31b366f85be1ec\",\"name\":\"Nicolas SCHIAVON\",\"image\":{\"@type\":\"ImageObject\",\"inLanguage\":\"fr-FR\",\"@id\":\"https:\/\/www.carideal.com\/blog\/#\/schema\/person\/image\/\",\"url\":\"https:\/\/secure.gravatar.com\/avatar\/c17e55009e671d92cc7f5dc837dc418a?s=96&r=g\",\"contentUrl\":\"https:\/\/secure.gravatar.com\/avatar\/c17e55009e671d92cc7f5dc837dc418a?s=96&r=g\",\"caption\":\"Nicolas SCHIAVON\"},\"description\":\"Nicolas Schiavon est tomb\u00e9 tout petit dans la marmite automobile. Ayant eu un garage de marque automobile, mandataire automobile de la premi\u00e8re heure d\u00e8s 1999. Nicolas a cr\u00e9\u00e9 ces premiers sites de vente de voiture et blog automobile d\u00e8s 1994. Carideal est n\u00e9 le 15 d\u00e9cembre 2000 de la volont\u00e9 de vendre des voitures d'occasions en ligne puis des voitures neuves. Il a pu essayer beaucoup de voitures tr\u00e8s diff\u00e9rentes et ayant eu personnellement quelques belles autos, Subaru Impreza, Mitsubishi Lancer Evo 7, Porsche 911, Ferrari Testarrossa, Audi RS3, RS4 et j'en passe...\",\"sameAs\":[\"http:\/\/www.carideal.com\",\"https:\/\/www.facebook.com\/nicolas.schiavon.39\",\"https:\/\/www.instagram.com\/carideal1\/\",\"https:\/\/www.linkedin.com\/in\/nschiavon\/\",\"https:\/\/x.com\/caridealauto\",\"https:\/\/www.youtube.com\/user\/caridealsas\/\"],\"url\":\"https:\/\/www.carideal.com\/blog\/author\/nschiavon\/\"}]}<\/script>\n<!-- \/ Yoast SEO plugin. -->","yoast_head_json":{"title":"Essai Peugeot 308 SW GT - Blog auto Carid\u00e9al","description":"Essai Peugeot 308 SW GT qui monte en puissance avec son moteur de 205 ch, elle gagne en caract\u00e8re et se r\u00e9v\u00e8le une vrai GT.","robots":{"index":"index","follow":"follow","max-snippet":"max-snippet:-1","max-image-preview":"max-image-preview:large","max-video-preview":"max-video-preview:-1"},"canonical":"https:\/\/www.carideal.com\/blog\/2015\/12\/17\/essai-peugeot-308-sw-gt\/","og_locale":"fr_FR","og_type":"article","og_title":"Essai Peugeot 308 SW GT - Blog auto Carid\u00e9al","og_description":"Essai Peugeot 308 SW GT qui monte en puissance avec son moteur de 205 ch, elle gagne en caract\u00e8re et se r\u00e9v\u00e8le une vrai GT.","og_url":"https:\/\/www.carideal.com\/blog\/2015\/12\/17\/essai-peugeot-308-sw-gt\/","og_site_name":"Blog auto Carid\u00e9al","article_publisher":"https:\/\/www.facebook.com\/Carideal.mandataire.automobile","article_author":"https:\/\/www.facebook.com\/nicolas.schiavon.39","article_published_time":"2015-12-17T17:01:01+00:00","article_modified_time":"2020-03-07T21:41:43+00:00","og_image":[{"width":800,"height":600,"url":"https:\/\/www.carideal.com\/blog\/wp-content\/uploads\/2015\/12\/peugeot-308-gt-sw.jpg","type":"image\/jpeg"}],"author":"Nicolas SCHIAVON","twitter_card":"summary_large_image","twitter_creator":"@caridealauto","twitter_site":"@caridealauto","twitter_misc":{"\u00c9crit par":"Nicolas SCHIAVON","Dur\u00e9e de lecture estim\u00e9e":"3 minutes"},"schema":{"@context":"https:\/\/schema.org","@graph":[{"@type":"Article","@id":"https:\/\/www.carideal.com\/blog\/2015\/12\/17\/essai-peugeot-308-sw-gt\/#article","isPartOf":{"@id":"https:\/\/www.carideal.com\/blog\/2015\/12\/17\/essai-peugeot-308-sw-gt\/"},"author":{"name":"Nicolas SCHIAVON","@id":"https:\/\/www.carideal.com\/blog\/#\/schema\/person\/cd95dc7919660de90d31b366f85be1ec"},"headline":"Essai Peugeot 308 SW GT","datePublished":"2015-12-17T17:01:01+00:00","dateModified":"2020-03-07T21:41:43+00:00","mainEntityOfPage":{"@id":"https:\/\/www.carideal.com\/blog\/2015\/12\/17\/essai-peugeot-308-sw-gt\/"},"wordCount":527,"commentCount":0,"publisher":{"@id":"https:\/\/www.carideal.com\/blog\/#organization"},"image":{"@id":"https:\/\/www.carideal.com\/blog\/2015\/12\/17\/essai-peugeot-308-sw-gt\/#primaryimage"},"thumbnailUrl":"https:\/\/www.carideal.com\/blog\/wp-content\/uploads\/2015\/12\/peugeot-308-gt-sw.jpg","keywords":["GT"],"articleSection":["Actualit\u00e9 automobile","Actualit\u00e9 Constructeur automobile","Actualit\u00e9 Peugeot","Essais automobile","Essais Peugeot","March\u00e9 automobile"],"inLanguage":"fr-FR","potentialAction":[{"@type":"CommentAction","name":"Comment","target":["https:\/\/www.carideal.com\/blog\/2015\/12\/17\/essai-peugeot-308-sw-gt\/#respond"]}]},{"@type":"WebPage","@id":"https:\/\/www.carideal.com\/blog\/2015\/12\/17\/essai-peugeot-308-sw-gt\/","url":"https:\/\/www.carideal.com\/blog\/2015\/12\/17\/essai-peugeot-308-sw-gt\/","name":"Essai Peugeot 308 SW GT - Blog auto Carid\u00e9al","isPartOf":{"@id":"https:\/\/www.carideal.com\/blog\/#website"},"primaryImageOfPage":{"@id":"https:\/\/www.carideal.com\/blog\/2015\/12\/17\/essai-peugeot-308-sw-gt\/#primaryimage"},"image":{"@id":"https:\/\/www.carideal.com\/blog\/2015\/12\/17\/essai-peugeot-308-sw-gt\/#primaryimage"},"thumbnailUrl":"https:\/\/www.carideal.com\/blog\/wp-content\/uploads\/2015\/12\/peugeot-308-gt-sw.jpg","datePublished":"2015-12-17T17:01:01+00:00","dateModified":"2020-03-07T21:41:43+00:00","description":"Essai Peugeot 308 SW GT qui monte en puissance avec son moteur de 205 ch, elle gagne en caract\u00e8re et se r\u00e9v\u00e8le une vrai GT.","breadcrumb":{"@id":"https:\/\/www.carideal.com\/blog\/2015\/12\/17\/essai-peugeot-308-sw-gt\/#breadcrumb"},"inLanguage":"fr-FR","potentialAction":[{"@type":"ReadAction","target":["https:\/\/www.carideal.com\/blog\/2015\/12\/17\/essai-peugeot-308-sw-gt\/"]}]},{"@type":"ImageObject","inLanguage":"fr-FR","@id":"https:\/\/www.carideal.com\/blog\/2015\/12\/17\/essai-peugeot-308-sw-gt\/#primaryimage","url":"https:\/\/www.carideal.com\/blog\/wp-content\/uploads\/2015\/12\/peugeot-308-gt-sw.jpg","contentUrl":"https:\/\/www.carideal.com\/blog\/wp-content\/uploads\/2015\/12\/peugeot-308-gt-sw.jpg","width":800,"height":600,"caption":"Essai Peugeot 308 SW GT"},{"@type":"BreadcrumbList","@id":"https:\/\/www.carideal.com\/blog\/2015\/12\/17\/essai-peugeot-308-sw-gt\/#breadcrumb","itemListElement":[{"@type":"ListItem","position":1,"name":"Blog Carid\u00e9al","item":"https:\/\/www.carideal.com\/blog\/"},{"@type":"ListItem","position":2,"name":"March\u00e9 automobile","item":"https:\/\/www.carideal.com\/blog\/marche-automobile-voiture-neuve-occasion-4x4-suv\/"},{"@type":"ListItem","position":3,"name":"Essai Peugeot 308 SW GT"}]},{"@type":"WebSite","@id":"https:\/\/www.carideal.com\/blog\/#website","url":"https:\/\/www.carideal.com\/blog\/","name":"Blog auto Carid\u00e9al","description":"Actualit\u00e9 auto par des passionn\u00e9s","publisher":{"@id":"https:\/\/www.carideal.com\/blog\/#organization"},"potentialAction":[{"@type":"SearchAction","target":{"@type":"EntryPoint","urlTemplate":"https:\/\/www.carideal.com\/blog\/?s={search_term_string}"},"query-input":{"@type":"PropertyValueSpecification","valueRequired":true,"valueName":"search_term_string"}}],"inLanguage":"fr-FR"},{"@type":"Organization","@id":"https:\/\/www.carideal.com\/blog\/#organization","name":"Carideal","url":"https:\/\/www.carideal.com\/blog\/","logo":{"@type":"ImageObject","inLanguage":"fr-FR","@id":"https:\/\/www.carideal.com\/blog\/#\/schema\/logo\/image\/","url":"http:\/\/www.carideal.com\/blog\/wp-content\/uploads\/2016\/03\/logo-carideal-mandataire-automobile.png","contentUrl":"http:\/\/www.carideal.com\/blog\/wp-content\/uploads\/2016\/03\/logo-carideal-mandataire-automobile.png","width":300,"height":300,"caption":"Carideal"},"image":{"@id":"https:\/\/www.carideal.com\/blog\/#\/schema\/logo\/image\/"},"sameAs":["https:\/\/www.facebook.com\/Carideal.mandataire.automobile","https:\/\/x.com\/caridealauto","https:\/\/www.instagram.com\/carideal1\/","https:\/\/www.linkedin.com\/company\/carideal.com","https:\/\/fr.pinterest.com\/schiavonsas\/","https:\/\/www.youtube.com\/user\/caridealsas"]},{"@type":"Person","@id":"https:\/\/www.carideal.com\/blog\/#\/schema\/person\/cd95dc7919660de90d31b366f85be1ec","name":"Nicolas SCHIAVON","image":{"@type":"ImageObject","inLanguage":"fr-FR","@id":"https:\/\/www.carideal.com\/blog\/#\/schema\/person\/image\/","url":"https:\/\/secure.gravatar.com\/avatar\/c17e55009e671d92cc7f5dc837dc418a?s=96&r=g","contentUrl":"https:\/\/secure.gravatar.com\/avatar\/c17e55009e671d92cc7f5dc837dc418a?s=96&r=g","caption":"Nicolas SCHIAVON"},"description":"Nicolas Schiavon est tomb\u00e9 tout petit dans la marmite automobile. Ayant eu un garage de marque automobile, mandataire automobile de la premi\u00e8re heure d\u00e8s 1999. Nicolas a cr\u00e9\u00e9 ces premiers sites de vente de voiture et blog automobile d\u00e8s 1994. Carideal est n\u00e9 le 15 d\u00e9cembre 2000 de la volont\u00e9 de vendre des voitures d'occasions en ligne puis des voitures neuves. Il a pu essayer beaucoup de voitures tr\u00e8s diff\u00e9rentes et ayant eu personnellement quelques belles autos, Subaru Impreza, Mitsubishi Lancer Evo 7, Porsche 911, Ferrari Testarrossa, Audi RS3, RS4 et j'en passe...","sameAs":["http:\/\/www.carideal.com","https:\/\/www.facebook.com\/nicolas.schiavon.39","https:\/\/www.instagram.com\/carideal1\/","https:\/\/www.linkedin.com\/in\/nschiavon\/","https:\/\/x.com\/caridealauto","https:\/\/www.youtube.com\/user\/caridealsas\/"],"url":"https:\/\/www.carideal.com\/blog\/author\/nschiavon\/"}]}},"uagb_featured_image_src":{"full":["https:\/\/www.carideal.com\/blog\/wp-content\/uploads\/2015\/12\/peugeot-308-gt-sw.jpg",800,600,false],"thumbnail":["https:\/\/www.carideal.com\/blog\/wp-content\/uploads\/2015\/12\/peugeot-308-gt-sw-150x150.jpg",150,150,true],"medium":["https:\/\/www.carideal.com\/blog\/wp-content\/uploads\/2015\/12\/peugeot-308-gt-sw-300x225.jpg",300,225,true],"medium_large":["https:\/\/www.carideal.com\/blog\/wp-content\/uploads\/2015\/12\/peugeot-308-gt-sw-768x576.jpg",768,576,true],"large":["https:\/\/www.carideal.com\/blog\/wp-content\/uploads\/2015\/12\/peugeot-308-gt-sw.jpg",800,600,false],"1536x1536":["https:\/\/www.carideal.com\/blog\/wp-content\/uploads\/2015\/12\/peugeot-308-gt-sw.jpg",800,600,false],"2048x2048":["https:\/\/www.carideal.com\/blog\/wp-content\/uploads\/2015\/12\/peugeot-308-gt-sw.jpg",800,600,false],"wppr-widget":["https:\/\/www.carideal.com\/blog\/wp-content\/uploads\/2015\/12\/peugeot-308-gt-sw.jpg",50,38,false]},"uagb_author_info":{"display_name":"Nicolas SCHIAVON","author_link":"https:\/\/www.carideal.com\/blog\/author\/nschiavon\/"},"uagb_comment_info":0,"uagb_excerpt":"ESSAI PEUGEOT 308 SW GT LIMITEE, IL Y A PEU, A 155 CH EN ESSENCE, LA 308 \u00a0MONTE EN PUISSANCE. PREMIER JALON D'UNE GAMME SPORTIVE EN DEVELOPPEMENT, POUR CET ESSAI PEUGEOT 308 SW GT ELLE CACHE UNE EVOLUTION DE 205 CH DU BIEN CONNU 1.6 THP... QUI DONNE ENVIE DE LA PROCHAINE GTI D\u00e9j\u00e0\u00a0utilis\u00e9es dans\u2026","_links":{"self":[{"href":"https:\/\/www.carideal.com\/blog\/wp-json\/wp\/v2\/posts\/8675"}],"collection":[{"href":"https:\/\/www.carideal.com\/blog\/wp-json\/wp\/v2\/posts"}],"about":[{"href":"https:\/\/www.carideal.com\/blog\/wp-json\/wp\/v2\/types\/post"}],"author":[{"embeddable":true,"href":"https:\/\/www.carideal.com\/blog\/wp-json\/wp\/v2\/users\/3"}],"replies":[{"embeddable":true,"href":"https:\/\/www.carideal.com\/blog\/wp-json\/wp\/v2\/comments?post=8675"}],"version-history":[{"count":0,"href":"https:\/\/www.carideal.com\/blog\/wp-json\/wp\/v2\/posts\/8675\/revisions"}],"wp:featuredmedia":[{"embeddable":true,"href":"https:\/\/www.carideal.com\/blog\/wp-json\/wp\/v2\/media\/13274"}],"wp:attachment":[{"href":"https:\/\/www.carideal.com\/blog\/wp-json\/wp\/v2\/media?parent=8675"}],"wp:term":[{"taxonomy":"category","embeddable":true,"href":"https:\/\/www.carideal.com\/blog\/wp-json\/wp\/v2\/categories?post=8675"},{"taxonomy":"post_tag","embeddable":true,"href":"https:\/\/www.carideal.com\/blog\/wp-json\/wp\/v2\/tags?post=8675"}],"curies":[{"name":"wp","href":"https:\/\/api.w.org\/{rel}","templated":true}]}}