{"id":8662,"date":"2015-12-16T18:00:52","date_gmt":"2015-12-16T17:00:52","guid":{"rendered":"http:\/\/www.carideal.com\/blog\/?p=8662"},"modified":"2015-12-16T21:43:07","modified_gmt":"2015-12-16T20:43:07","slug":"generalites-sur-letude-signaletique","status":"publish","type":"post","link":"https:\/\/www.carideal.com\/blog\/2015\/12\/16\/generalites-sur-letude-signaletique\/","title":{"rendered":"G\u00e9n\u00e9ralit\u00e9s sur l&rsquo;\u00e9tude signal\u00e9tique"},"content":{"rendered":"<figure id=\"attachment_8664\" aria-describedby=\"caption-attachment-8664\" style=\"width: 290px\" class=\"wp-caption alignleft\"><a href=\"http:\/\/www.carideal.com\/blog\/wp-content\/uploads\/2015\/12\/panneau-signalisation.jpg\"><img loading=\"lazy\" decoding=\"async\" class=\"wp-image-8664 size-medium\" title=\"Etude Signaletique\" src=\"http:\/\/www.carideal.com\/blog\/wp-content\/uploads\/2015\/12\/panneau-signalisation-300x195.jpg\" alt=\"Etude Signaletique\" width=\"300\" height=\"195\" srcset=\"https:\/\/www.carideal.com\/blog\/wp-content\/uploads\/2015\/12\/panneau-signalisation-300x195.jpg 300w, https:\/\/www.carideal.com\/blog\/wp-content\/uploads\/2015\/12\/panneau-signalisation.jpg 600w\" sizes=\"(max-width: 300px) 100vw, 300px\" \/><\/a><figcaption id=\"caption-attachment-8664\" class=\"wp-caption-text\">Etude Signal\u00e9tique<\/figcaption><\/figure>\n<h1 class=\"western\">G\u00e9n\u00e9ralit\u00e9s sur l'\u00e9tude signal\u00e9tique et la signalisation routi\u00e8re<\/h1>\n<p align=\"JUSTIFY\">Visiter un lieu ou un endroit inconnu est un vrai casse-t\u00eate pour les visiteurs et clients. Heureusement, il y a des panneaux de signalisation dans ces endroits pourtant, ils ne sont pas assez clairs. Pour rendre ces territoires plus accessibles aux clients et visiteurs, une \u00e9tude signal\u00e9tique est une bonne option.<\/p>\n<h2 class=\"western\">Importance et avantages de l\u2019\u00e9tude signal\u00e9tique<\/h2>\n<p align=\"JUSTIFY\">La signal\u00e9tique est un vecteur de communication visuelle. Une <span style=\"color: #0000ff;\"><u><a href=\"http:\/\/www.amos-signalisation.fr\/etude-signaletique\/\"><b>\u00e9tude signal\u00e9tique<\/b><\/a><\/u><\/span> consiste \u00e0 d\u00e9finir les besoins d\u2019un endroit ou territoire en termes de signalisation\u00a0: signal\u00e9tique commerciale, signal\u00e9tique de services, signal\u00e9tique touristique, signal\u00e9tique patrimoniale ...<\/p>\n<p align=\"JUSTIFY\">Le mot \u00ab\u00a0signal\u00e9tique\u00a0\u00bb d\u00e9signe tous les \u00e9l\u00e9ments qui permettent d'indiquer aux clients, ou visiteurs l\u2019endroit pr\u00e9cis o\u00f9 se trouve une entreprise. Les panneaux de signalisation consistent \u00e0 guider, informer, localiser, signaler, orienter et guider le client ou les visiteurs sur les services et produits d\u2019une soci\u00e9t\u00e9. En outre, les signal\u00e9tiques sont l\u2019un des \u00e9l\u00e9ments le plus efficace pour s\u00e9duire les client\u00e8les. A travers ces signal\u00e9tiques, l\u2019entreprise se diff\u00e9rencie de la concurrence.<\/p>\n<p align=\"JUSTIFY\">L\u2019impact d\u2019une signal\u00e9tique se base sur les principes d\u2019efficacit\u00e9. Il est indispensable qu\u2019elle soit extr\u00eamement dynamique et percutante.<\/p>\n<h2 class=\"western\">N\u00e9cessit\u00e9 de la signalisation routi\u00e8re<\/h2>\n<p align=\"JUSTIFY\">La circulation routi\u00e8re est r\u00e9gie par des codes qui doivent \u00eatre suivis \u00e0 la lettre par tous les usagers de la route. La <b>signalisation routi\u00e8re<\/b> permet de comprendre et respecter ces codes gr\u00e2ce \u00e0 des panneaux, support lumineux ou marquage\u2026<\/p>\n<p align=\"JUSTIFY\">Les panneaux de signalisation sont divis\u00e9s en diff\u00e9rentes indications : danger, ordre expr\u00e8s, informations, signalisation lumineuse, ou marquages sol. Ils permettent d\u2019informer les usagers de la route des r\u00e8gles en vigueur et les orientent dans leurs d\u00e9placements.<\/p>\n<p align=\"JUSTIFY\">Les panneaux de signalisation sont tout aussi importants pour les pi\u00e9tons que pour les v\u00e9hicules. Pour les pi\u00e9tons, elles assurent la s\u00e9curit\u00e9 et les rendent plus prudentes. Elles aident les pi\u00e9tons \u00e0 se sentir plus en s\u00e9curit\u00e9 dans la rue. Cot\u00e9 conduite, elles permettent aux chauffeurs d\u2019\u00e9viter les accidents de la circulation.<\/p>\n<p align=\"JUSTIFY\">Actuellement, il existe une nouvelle option dans les voitures et les smartphones qui reconnaissent rapidement la signification de ces panneaux. Malheureusement, ce syst\u00e8me ne fonctionne que si les plaques sont en bon \u00e9tat. Heureusement, les mairies et communes font aujourd\u2019hui appel \u00e0 des professionnels pour faire une \u00e9tude signal\u00e9tique et optimiser l\u2019agencement de ces panneaux.<\/p>\n","protected":false},"excerpt":{"rendered":"<p>G\u00e9n\u00e9ralit\u00e9s sur l&rsquo;\u00e9tude signal\u00e9tique et la signalisation routi\u00e8re Visiter un lieu ou un endroit inconnu est un vrai casse-t\u00eate pour les visiteurs et clients. Heureusement, il y a des panneaux de signalisation dans ces endroits pourtant, ils ne sont pas assez clairs. Pour rendre ces territoires plus accessibles aux clients et visiteurs, une \u00e9tude signal\u00e9tique &#8230; <a title=\"G\u00e9n\u00e9ralit\u00e9s sur l&rsquo;\u00e9tude signal\u00e9tique\" class=\"read-more\" href=\"https:\/\/www.carideal.com\/blog\/2015\/12\/16\/generalites-sur-letude-signaletique\/\" aria-label=\"En savoir plus sur G\u00e9n\u00e9ralit\u00e9s sur l&rsquo;\u00e9tude signal\u00e9tique\">Lire plus<\/a><\/p>\n","protected":false},"author":3,"featured_media":0,"comment_status":"open","ping_status":"open","sticky":false,"template":"","format":"standard","meta":{"_uag_custom_page_level_css":"","_themeisle_gutenberg_block_has_review":false,"footnotes":""},"categories":[9,5962,15],"tags":[],"class_list":["post-8662","post","type-post","status-publish","format-standard","hentry","category-divers","category-legislation","category-radar-et-securite-routiere"],"wppr_data":[],"yoast_head":"<!-- This site is optimized with the Yoast SEO plugin v24.8.1 - https:\/\/yoast.com\/wordpress\/plugins\/seo\/ -->\n<title>G\u00e9n\u00e9ralit\u00e9s sur l&#039;\u00e9tude signal\u00e9tique - Blog auto Carid\u00e9al<\/title>\n<meta name=\"robots\" content=\"index, follow, max-snippet:-1, max-image-preview:large, max-video-preview:-1\" \/>\n<link rel=\"canonical\" href=\"https:\/\/www.carideal.com\/blog\/2015\/12\/16\/generalites-sur-letude-signaletique\/\" \/>\n<meta property=\"og:locale\" content=\"fr_FR\" \/>\n<meta property=\"og:type\" content=\"article\" \/>\n<meta property=\"og:title\" content=\"G\u00e9n\u00e9ralit\u00e9s sur l&#039;\u00e9tude signal\u00e9tique - Blog auto Carid\u00e9al\" \/>\n<meta property=\"og:description\" content=\"G\u00e9n\u00e9ralit\u00e9s sur l&#039;\u00e9tude signal\u00e9tique et la signalisation routi\u00e8re Visiter un lieu ou un endroit inconnu est un vrai casse-t\u00eate pour les visiteurs et clients. Heureusement, il y a des panneaux de signalisation dans ces endroits pourtant, ils ne sont pas assez clairs. Pour rendre ces territoires plus accessibles aux clients et visiteurs, une \u00e9tude signal\u00e9tique ... Lire plus\" \/>\n<meta property=\"og:url\" content=\"https:\/\/www.carideal.com\/blog\/2015\/12\/16\/generalites-sur-letude-signaletique\/\" \/>\n<meta property=\"og:site_name\" content=\"Blog auto Carid\u00e9al\" \/>\n<meta property=\"article:publisher\" content=\"https:\/\/www.facebook.com\/Carideal.mandataire.automobile\" \/>\n<meta property=\"article:author\" content=\"https:\/\/www.facebook.com\/nicolas.schiavon.39\" \/>\n<meta property=\"article:published_time\" content=\"2015-12-16T17:00:52+00:00\" \/>\n<meta property=\"article:modified_time\" content=\"2015-12-16T20:43:07+00:00\" \/>\n<meta property=\"og:image\" content=\"http:\/\/www.carideal.com\/blog\/wp-content\/uploads\/2015\/12\/panneau-signalisation-300x195.jpg\" \/>\n<meta name=\"author\" content=\"Nicolas SCHIAVON\" \/>\n<meta name=\"twitter:card\" content=\"summary_large_image\" \/>\n<meta name=\"twitter:creator\" content=\"@caridealauto\" \/>\n<meta name=\"twitter:site\" content=\"@caridealauto\" \/>\n<meta name=\"twitter:label1\" content=\"\u00c9crit par\" \/>\n\t<meta name=\"twitter:data1\" content=\"Nicolas SCHIAVON\" \/>\n\t<meta name=\"twitter:label2\" content=\"Dur\u00e9e de lecture estim\u00e9e\" \/>\n\t<meta name=\"twitter:data2\" content=\"2 minutes\" \/>\n<script type=\"application\/ld+json\" class=\"yoast-schema-graph\">{\"@context\":\"https:\/\/schema.org\",\"@graph\":[{\"@type\":\"Article\",\"@id\":\"https:\/\/www.carideal.com\/blog\/2015\/12\/16\/generalites-sur-letude-signaletique\/#article\",\"isPartOf\":{\"@id\":\"https:\/\/www.carideal.com\/blog\/2015\/12\/16\/generalites-sur-letude-signaletique\/\"},\"author\":{\"name\":\"Nicolas SCHIAVON\",\"@id\":\"https:\/\/www.carideal.com\/blog\/#\/schema\/person\/cd95dc7919660de90d31b366f85be1ec\"},\"headline\":\"G\u00e9n\u00e9ralit\u00e9s sur l&rsquo;\u00e9tude signal\u00e9tique\",\"datePublished\":\"2015-12-16T17:00:52+00:00\",\"dateModified\":\"2015-12-16T20:43:07+00:00\",\"mainEntityOfPage\":{\"@id\":\"https:\/\/www.carideal.com\/blog\/2015\/12\/16\/generalites-sur-letude-signaletique\/\"},\"wordCount\":450,\"commentCount\":2,\"publisher\":{\"@id\":\"https:\/\/www.carideal.com\/blog\/#organization\"},\"image\":{\"@id\":\"https:\/\/www.carideal.com\/blog\/2015\/12\/16\/generalites-sur-letude-signaletique\/#primaryimage\"},\"thumbnailUrl\":\"http:\/\/www.carideal.com\/blog\/wp-content\/uploads\/2015\/12\/panneau-signalisation-300x195.jpg\",\"articleSection\":[\"Divers\",\"L\u00e9gislation Automobile\",\"Radar et s\u00e9curit\u00e9 routi\u00e8re\"],\"inLanguage\":\"fr-FR\",\"potentialAction\":[{\"@type\":\"CommentAction\",\"name\":\"Comment\",\"target\":[\"https:\/\/www.carideal.com\/blog\/2015\/12\/16\/generalites-sur-letude-signaletique\/#respond\"]}]},{\"@type\":\"WebPage\",\"@id\":\"https:\/\/www.carideal.com\/blog\/2015\/12\/16\/generalites-sur-letude-signaletique\/\",\"url\":\"https:\/\/www.carideal.com\/blog\/2015\/12\/16\/generalites-sur-letude-signaletique\/\",\"name\":\"G\u00e9n\u00e9ralit\u00e9s sur l'\u00e9tude signal\u00e9tique - Blog auto Carid\u00e9al\",\"isPartOf\":{\"@id\":\"https:\/\/www.carideal.com\/blog\/#website\"},\"primaryImageOfPage\":{\"@id\":\"https:\/\/www.carideal.com\/blog\/2015\/12\/16\/generalites-sur-letude-signaletique\/#primaryimage\"},\"image\":{\"@id\":\"https:\/\/www.carideal.com\/blog\/2015\/12\/16\/generalites-sur-letude-signaletique\/#primaryimage\"},\"thumbnailUrl\":\"http:\/\/www.carideal.com\/blog\/wp-content\/uploads\/2015\/12\/panneau-signalisation-300x195.jpg\",\"datePublished\":\"2015-12-16T17:00:52+00:00\",\"dateModified\":\"2015-12-16T20:43:07+00:00\",\"breadcrumb\":{\"@id\":\"https:\/\/www.carideal.com\/blog\/2015\/12\/16\/generalites-sur-letude-signaletique\/#breadcrumb\"},\"inLanguage\":\"fr-FR\",\"potentialAction\":[{\"@type\":\"ReadAction\",\"target\":[\"https:\/\/www.carideal.com\/blog\/2015\/12\/16\/generalites-sur-letude-signaletique\/\"]}]},{\"@type\":\"ImageObject\",\"inLanguage\":\"fr-FR\",\"@id\":\"https:\/\/www.carideal.com\/blog\/2015\/12\/16\/generalites-sur-letude-signaletique\/#primaryimage\",\"url\":\"http:\/\/www.carideal.com\/blog\/wp-content\/uploads\/2015\/12\/panneau-signalisation-300x195.jpg\",\"contentUrl\":\"http:\/\/www.carideal.com\/blog\/wp-content\/uploads\/2015\/12\/panneau-signalisation-300x195.jpg\"},{\"@type\":\"BreadcrumbList\",\"@id\":\"https:\/\/www.carideal.com\/blog\/2015\/12\/16\/generalites-sur-letude-signaletique\/#breadcrumb\",\"itemListElement\":[{\"@type\":\"ListItem\",\"position\":1,\"name\":\"Blog Carid\u00e9al\",\"item\":\"https:\/\/www.carideal.com\/blog\/\"},{\"@type\":\"ListItem\",\"position\":2,\"name\":\"Divers\",\"item\":\"https:\/\/www.carideal.com\/blog\/divers\/\"},{\"@type\":\"ListItem\",\"position\":3,\"name\":\"L\u00e9gislation Automobile\",\"item\":\"https:\/\/www.carideal.com\/blog\/divers\/legislation\/\"},{\"@type\":\"ListItem\",\"position\":4,\"name\":\"G\u00e9n\u00e9ralit\u00e9s sur l&rsquo;\u00e9tude signal\u00e9tique\"}]},{\"@type\":\"WebSite\",\"@id\":\"https:\/\/www.carideal.com\/blog\/#website\",\"url\":\"https:\/\/www.carideal.com\/blog\/\",\"name\":\"Blog auto Carid\u00e9al\",\"description\":\"Actualit\u00e9 auto par des passionn\u00e9s\",\"publisher\":{\"@id\":\"https:\/\/www.carideal.com\/blog\/#organization\"},\"potentialAction\":[{\"@type\":\"SearchAction\",\"target\":{\"@type\":\"EntryPoint\",\"urlTemplate\":\"https:\/\/www.carideal.com\/blog\/?s={search_term_string}\"},\"query-input\":{\"@type\":\"PropertyValueSpecification\",\"valueRequired\":true,\"valueName\":\"search_term_string\"}}],\"inLanguage\":\"fr-FR\"},{\"@type\":\"Organization\",\"@id\":\"https:\/\/www.carideal.com\/blog\/#organization\",\"name\":\"Carideal\",\"url\":\"https:\/\/www.carideal.com\/blog\/\",\"logo\":{\"@type\":\"ImageObject\",\"inLanguage\":\"fr-FR\",\"@id\":\"https:\/\/www.carideal.com\/blog\/#\/schema\/logo\/image\/\",\"url\":\"http:\/\/www.carideal.com\/blog\/wp-content\/uploads\/2016\/03\/logo-carideal-mandataire-automobile.png\",\"contentUrl\":\"http:\/\/www.carideal.com\/blog\/wp-content\/uploads\/2016\/03\/logo-carideal-mandataire-automobile.png\",\"width\":300,\"height\":300,\"caption\":\"Carideal\"},\"image\":{\"@id\":\"https:\/\/www.carideal.com\/blog\/#\/schema\/logo\/image\/\"},\"sameAs\":[\"https:\/\/www.facebook.com\/Carideal.mandataire.automobile\",\"https:\/\/x.com\/caridealauto\",\"https:\/\/www.instagram.com\/carideal1\/\",\"https:\/\/www.linkedin.com\/company\/carideal.com\",\"https:\/\/fr.pinterest.com\/schiavonsas\/\",\"https:\/\/www.youtube.com\/user\/caridealsas\"]},{\"@type\":\"Person\",\"@id\":\"https:\/\/www.carideal.com\/blog\/#\/schema\/person\/cd95dc7919660de90d31b366f85be1ec\",\"name\":\"Nicolas SCHIAVON\",\"image\":{\"@type\":\"ImageObject\",\"inLanguage\":\"fr-FR\",\"@id\":\"https:\/\/www.carideal.com\/blog\/#\/schema\/person\/image\/\",\"url\":\"https:\/\/secure.gravatar.com\/avatar\/c17e55009e671d92cc7f5dc837dc418a?s=96&r=g\",\"contentUrl\":\"https:\/\/secure.gravatar.com\/avatar\/c17e55009e671d92cc7f5dc837dc418a?s=96&r=g\",\"caption\":\"Nicolas SCHIAVON\"},\"description\":\"Nicolas Schiavon est tomb\u00e9 tout petit dans la marmite automobile. Ayant eu un garage de marque automobile, mandataire automobile de la premi\u00e8re heure d\u00e8s 1999. Nicolas a cr\u00e9\u00e9 ces premiers sites de vente de voiture et blog automobile d\u00e8s 1994. Carideal est n\u00e9 le 15 d\u00e9cembre 2000 de la volont\u00e9 de vendre des voitures d'occasions en ligne puis des voitures neuves. Il a pu essayer beaucoup de voitures tr\u00e8s diff\u00e9rentes et ayant eu personnellement quelques belles autos, Subaru Impreza, Mitsubishi Lancer Evo 7, Porsche 911, Ferrari Testarrossa, Audi RS3, RS4 et j'en passe...\",\"sameAs\":[\"http:\/\/www.carideal.com\",\"https:\/\/www.facebook.com\/nicolas.schiavon.39\",\"https:\/\/www.instagram.com\/carideal1\/\",\"https:\/\/www.linkedin.com\/in\/nschiavon\/\",\"https:\/\/x.com\/caridealauto\",\"https:\/\/www.youtube.com\/user\/caridealsas\/\"],\"url\":\"https:\/\/www.carideal.com\/blog\/author\/nschiavon\/\"}]}<\/script>\n<!-- \/ Yoast SEO plugin. -->","yoast_head_json":{"title":"G\u00e9n\u00e9ralit\u00e9s sur l'\u00e9tude signal\u00e9tique - Blog auto Carid\u00e9al","robots":{"index":"index","follow":"follow","max-snippet":"max-snippet:-1","max-image-preview":"max-image-preview:large","max-video-preview":"max-video-preview:-1"},"canonical":"https:\/\/www.carideal.com\/blog\/2015\/12\/16\/generalites-sur-letude-signaletique\/","og_locale":"fr_FR","og_type":"article","og_title":"G\u00e9n\u00e9ralit\u00e9s sur l'\u00e9tude signal\u00e9tique - Blog auto Carid\u00e9al","og_description":"G\u00e9n\u00e9ralit\u00e9s sur l'\u00e9tude signal\u00e9tique et la signalisation routi\u00e8re Visiter un lieu ou un endroit inconnu est un vrai casse-t\u00eate pour les visiteurs et clients. Heureusement, il y a des panneaux de signalisation dans ces endroits pourtant, ils ne sont pas assez clairs. Pour rendre ces territoires plus accessibles aux clients et visiteurs, une \u00e9tude signal\u00e9tique ... Lire plus","og_url":"https:\/\/www.carideal.com\/blog\/2015\/12\/16\/generalites-sur-letude-signaletique\/","og_site_name":"Blog auto Carid\u00e9al","article_publisher":"https:\/\/www.facebook.com\/Carideal.mandataire.automobile","article_author":"https:\/\/www.facebook.com\/nicolas.schiavon.39","article_published_time":"2015-12-16T17:00:52+00:00","article_modified_time":"2015-12-16T20:43:07+00:00","og_image":[{"url":"http:\/\/www.carideal.com\/blog\/wp-content\/uploads\/2015\/12\/panneau-signalisation-300x195.jpg","type":"","width":"","height":""}],"author":"Nicolas SCHIAVON","twitter_card":"summary_large_image","twitter_creator":"@caridealauto","twitter_site":"@caridealauto","twitter_misc":{"\u00c9crit par":"Nicolas SCHIAVON","Dur\u00e9e de lecture estim\u00e9e":"2 minutes"},"schema":{"@context":"https:\/\/schema.org","@graph":[{"@type":"Article","@id":"https:\/\/www.carideal.com\/blog\/2015\/12\/16\/generalites-sur-letude-signaletique\/#article","isPartOf":{"@id":"https:\/\/www.carideal.com\/blog\/2015\/12\/16\/generalites-sur-letude-signaletique\/"},"author":{"name":"Nicolas SCHIAVON","@id":"https:\/\/www.carideal.com\/blog\/#\/schema\/person\/cd95dc7919660de90d31b366f85be1ec"},"headline":"G\u00e9n\u00e9ralit\u00e9s sur l&rsquo;\u00e9tude signal\u00e9tique","datePublished":"2015-12-16T17:00:52+00:00","dateModified":"2015-12-16T20:43:07+00:00","mainEntityOfPage":{"@id":"https:\/\/www.carideal.com\/blog\/2015\/12\/16\/generalites-sur-letude-signaletique\/"},"wordCount":450,"commentCount":2,"publisher":{"@id":"https:\/\/www.carideal.com\/blog\/#organization"},"image":{"@id":"https:\/\/www.carideal.com\/blog\/2015\/12\/16\/generalites-sur-letude-signaletique\/#primaryimage"},"thumbnailUrl":"http:\/\/www.carideal.com\/blog\/wp-content\/uploads\/2015\/12\/panneau-signalisation-300x195.jpg","articleSection":["Divers","L\u00e9gislation Automobile","Radar et s\u00e9curit\u00e9 routi\u00e8re"],"inLanguage":"fr-FR","potentialAction":[{"@type":"CommentAction","name":"Comment","target":["https:\/\/www.carideal.com\/blog\/2015\/12\/16\/generalites-sur-letude-signaletique\/#respond"]}]},{"@type":"WebPage","@id":"https:\/\/www.carideal.com\/blog\/2015\/12\/16\/generalites-sur-letude-signaletique\/","url":"https:\/\/www.carideal.com\/blog\/2015\/12\/16\/generalites-sur-letude-signaletique\/","name":"G\u00e9n\u00e9ralit\u00e9s sur l'\u00e9tude signal\u00e9tique - Blog auto Carid\u00e9al","isPartOf":{"@id":"https:\/\/www.carideal.com\/blog\/#website"},"primaryImageOfPage":{"@id":"https:\/\/www.carideal.com\/blog\/2015\/12\/16\/generalites-sur-letude-signaletique\/#primaryimage"},"image":{"@id":"https:\/\/www.carideal.com\/blog\/2015\/12\/16\/generalites-sur-letude-signaletique\/#primaryimage"},"thumbnailUrl":"http:\/\/www.carideal.com\/blog\/wp-content\/uploads\/2015\/12\/panneau-signalisation-300x195.jpg","datePublished":"2015-12-16T17:00:52+00:00","dateModified":"2015-12-16T20:43:07+00:00","breadcrumb":{"@id":"https:\/\/www.carideal.com\/blog\/2015\/12\/16\/generalites-sur-letude-signaletique\/#breadcrumb"},"inLanguage":"fr-FR","potentialAction":[{"@type":"ReadAction","target":["https:\/\/www.carideal.com\/blog\/2015\/12\/16\/generalites-sur-letude-signaletique\/"]}]},{"@type":"ImageObject","inLanguage":"fr-FR","@id":"https:\/\/www.carideal.com\/blog\/2015\/12\/16\/generalites-sur-letude-signaletique\/#primaryimage","url":"http:\/\/www.carideal.com\/blog\/wp-content\/uploads\/2015\/12\/panneau-signalisation-300x195.jpg","contentUrl":"http:\/\/www.carideal.com\/blog\/wp-content\/uploads\/2015\/12\/panneau-signalisation-300x195.jpg"},{"@type":"BreadcrumbList","@id":"https:\/\/www.carideal.com\/blog\/2015\/12\/16\/generalites-sur-letude-signaletique\/#breadcrumb","itemListElement":[{"@type":"ListItem","position":1,"name":"Blog Carid\u00e9al","item":"https:\/\/www.carideal.com\/blog\/"},{"@type":"ListItem","position":2,"name":"Divers","item":"https:\/\/www.carideal.com\/blog\/divers\/"},{"@type":"ListItem","position":3,"name":"L\u00e9gislation Automobile","item":"https:\/\/www.carideal.com\/blog\/divers\/legislation\/"},{"@type":"ListItem","position":4,"name":"G\u00e9n\u00e9ralit\u00e9s sur l&rsquo;\u00e9tude signal\u00e9tique"}]},{"@type":"WebSite","@id":"https:\/\/www.carideal.com\/blog\/#website","url":"https:\/\/www.carideal.com\/blog\/","name":"Blog auto Carid\u00e9al","description":"Actualit\u00e9 auto par des passionn\u00e9s","publisher":{"@id":"https:\/\/www.carideal.com\/blog\/#organization"},"potentialAction":[{"@type":"SearchAction","target":{"@type":"EntryPoint","urlTemplate":"https:\/\/www.carideal.com\/blog\/?s={search_term_string}"},"query-input":{"@type":"PropertyValueSpecification","valueRequired":true,"valueName":"search_term_string"}}],"inLanguage":"fr-FR"},{"@type":"Organization","@id":"https:\/\/www.carideal.com\/blog\/#organization","name":"Carideal","url":"https:\/\/www.carideal.com\/blog\/","logo":{"@type":"ImageObject","inLanguage":"fr-FR","@id":"https:\/\/www.carideal.com\/blog\/#\/schema\/logo\/image\/","url":"http:\/\/www.carideal.com\/blog\/wp-content\/uploads\/2016\/03\/logo-carideal-mandataire-automobile.png","contentUrl":"http:\/\/www.carideal.com\/blog\/wp-content\/uploads\/2016\/03\/logo-carideal-mandataire-automobile.png","width":300,"height":300,"caption":"Carideal"},"image":{"@id":"https:\/\/www.carideal.com\/blog\/#\/schema\/logo\/image\/"},"sameAs":["https:\/\/www.facebook.com\/Carideal.mandataire.automobile","https:\/\/x.com\/caridealauto","https:\/\/www.instagram.com\/carideal1\/","https:\/\/www.linkedin.com\/company\/carideal.com","https:\/\/fr.pinterest.com\/schiavonsas\/","https:\/\/www.youtube.com\/user\/caridealsas"]},{"@type":"Person","@id":"https:\/\/www.carideal.com\/blog\/#\/schema\/person\/cd95dc7919660de90d31b366f85be1ec","name":"Nicolas SCHIAVON","image":{"@type":"ImageObject","inLanguage":"fr-FR","@id":"https:\/\/www.carideal.com\/blog\/#\/schema\/person\/image\/","url":"https:\/\/secure.gravatar.com\/avatar\/c17e55009e671d92cc7f5dc837dc418a?s=96&r=g","contentUrl":"https:\/\/secure.gravatar.com\/avatar\/c17e55009e671d92cc7f5dc837dc418a?s=96&r=g","caption":"Nicolas SCHIAVON"},"description":"Nicolas Schiavon est tomb\u00e9 tout petit dans la marmite automobile. Ayant eu un garage de marque automobile, mandataire automobile de la premi\u00e8re heure d\u00e8s 1999. Nicolas a cr\u00e9\u00e9 ces premiers sites de vente de voiture et blog automobile d\u00e8s 1994. Carideal est n\u00e9 le 15 d\u00e9cembre 2000 de la volont\u00e9 de vendre des voitures d'occasions en ligne puis des voitures neuves. Il a pu essayer beaucoup de voitures tr\u00e8s diff\u00e9rentes et ayant eu personnellement quelques belles autos, Subaru Impreza, Mitsubishi Lancer Evo 7, Porsche 911, Ferrari Testarrossa, Audi RS3, RS4 et j'en passe...","sameAs":["http:\/\/www.carideal.com","https:\/\/www.facebook.com\/nicolas.schiavon.39","https:\/\/www.instagram.com\/carideal1\/","https:\/\/www.linkedin.com\/in\/nschiavon\/","https:\/\/x.com\/caridealauto","https:\/\/www.youtube.com\/user\/caridealsas\/"],"url":"https:\/\/www.carideal.com\/blog\/author\/nschiavon\/"}]}},"uagb_featured_image_src":{"full":false,"thumbnail":false,"medium":false,"medium_large":false,"large":false,"1536x1536":false,"2048x2048":false,"wppr-widget":false},"uagb_author_info":{"display_name":"Nicolas SCHIAVON","author_link":"https:\/\/www.carideal.com\/blog\/author\/nschiavon\/"},"uagb_comment_info":2,"uagb_excerpt":"G\u00e9n\u00e9ralit\u00e9s sur l'\u00e9tude signal\u00e9tique et la signalisation routi\u00e8re Visiter un lieu ou un endroit inconnu est un vrai casse-t\u00eate pour les visiteurs et clients. Heureusement, il y a des panneaux de signalisation dans ces endroits pourtant, ils ne sont pas assez clairs. Pour rendre ces territoires plus accessibles aux clients et visiteurs, une \u00e9tude signal\u00e9tique\u2026","_links":{"self":[{"href":"https:\/\/www.carideal.com\/blog\/wp-json\/wp\/v2\/posts\/8662"}],"collection":[{"href":"https:\/\/www.carideal.com\/blog\/wp-json\/wp\/v2\/posts"}],"about":[{"href":"https:\/\/www.carideal.com\/blog\/wp-json\/wp\/v2\/types\/post"}],"author":[{"embeddable":true,"href":"https:\/\/www.carideal.com\/blog\/wp-json\/wp\/v2\/users\/3"}],"replies":[{"embeddable":true,"href":"https:\/\/www.carideal.com\/blog\/wp-json\/wp\/v2\/comments?post=8662"}],"version-history":[{"count":0,"href":"https:\/\/www.carideal.com\/blog\/wp-json\/wp\/v2\/posts\/8662\/revisions"}],"wp:attachment":[{"href":"https:\/\/www.carideal.com\/blog\/wp-json\/wp\/v2\/media?parent=8662"}],"wp:term":[{"taxonomy":"category","embeddable":true,"href":"https:\/\/www.carideal.com\/blog\/wp-json\/wp\/v2\/categories?post=8662"},{"taxonomy":"post_tag","embeddable":true,"href":"https:\/\/www.carideal.com\/blog\/wp-json\/wp\/v2\/tags?post=8662"}],"curies":[{"name":"wp","href":"https:\/\/api.w.org\/{rel}","templated":true}]}}