{"id":8655,"date":"2015-12-16T15:43:15","date_gmt":"2015-12-16T14:43:15","guid":{"rendered":"http:\/\/www.carideal.com\/blog\/?p=8655"},"modified":"2020-03-09T06:19:44","modified_gmt":"2020-03-09T05:19:44","slug":"toyota-salomon-nouvelle-serie-speciale","status":"publish","type":"post","link":"https:\/\/www.carideal.com\/blog\/2015\/12\/16\/toyota-salomon-nouvelle-serie-speciale\/","title":{"rendered":"Toyota Salomon nouvelle s\u00e9rie sp\u00e9ciale"},"content":{"rendered":"<h1>Toyota Salomon nouvelle s\u00e9rie sp\u00e9ciale<\/h1>\n<figure id=\"attachment_8657\" aria-describedby=\"caption-attachment-8657\" style=\"width: 290px\" class=\"wp-caption alignleft\"><a href=\"http:\/\/www.carideal.com\/blog\/wp-content\/uploads\/2015\/12\/toyota-auris-et-avensis-touring-sport-salomon-2.jpg\"><img loading=\"lazy\" decoding=\"async\" class=\"size-medium wp-image-8657\" src=\"http:\/\/www.carideal.com\/blog\/wp-content\/uploads\/2015\/12\/toyota-auris-et-avensis-touring-sport-salomon-2-300x158.jpg\" alt=\"Toyota Salomon s\u00e9rie sp\u00e9ciale sur Auris et Avensis\" width=\"300\" height=\"158\" srcset=\"https:\/\/www.carideal.com\/blog\/wp-content\/uploads\/2015\/12\/toyota-auris-et-avensis-touring-sport-salomon-2-300x158.jpg 300w, https:\/\/www.carideal.com\/blog\/wp-content\/uploads\/2015\/12\/toyota-auris-et-avensis-touring-sport-salomon-2.jpg 617w\" sizes=\"(max-width: 300px) 100vw, 300px\" \/><\/a><figcaption id=\"caption-attachment-8657\" class=\"wp-caption-text\">Toyota Salomon s\u00e9rie sp\u00e9ciale sur Auris et Avensis<\/figcaption><\/figure>\n<p><a href=\"http:\/\/www.carideal.com\/blog\/wp-content\/uploads\/2015\/12\/toyota-auris-et-avensis-touring-sport-salomon.jpg\"><img loading=\"lazy\" decoding=\"async\" class=\"alignleft size-medium wp-image-8658\" src=\"http:\/\/www.carideal.com\/blog\/wp-content\/uploads\/2015\/12\/toyota-auris-et-avensis-touring-sport-salomon-300x200.jpg\" alt=\"toyota-auris-et-avensis-touring-sport-salomon\" width=\"300\" height=\"200\" srcset=\"https:\/\/www.carideal.com\/blog\/wp-content\/uploads\/2015\/12\/toyota-auris-et-avensis-touring-sport-salomon-300x200.jpg 300w, https:\/\/www.carideal.com\/blog\/wp-content\/uploads\/2015\/12\/toyota-auris-et-avensis-touring-sport-salomon-624x416.jpg 624w, https:\/\/www.carideal.com\/blog\/wp-content\/uploads\/2015\/12\/toyota-auris-et-avensis-touring-sport-salomon.jpg 1000w\" sizes=\"(max-width: 300px) 100vw, 300px\" \/><\/a><\/p>\n<p>De nouvelles s\u00e9ries sp\u00e9ciales Toyota Salomon sont disponibles sur les Toyota Auris Touring Sports Hybride et Avensis Touring Sports diesel.<\/p>\n<p>Cette s\u00e9rie sp\u00e9ciale\u00a0\u00e9quip\u00e9 pour l'occasion des sports d'hiver pour que le client passe\u00a0des vacances au ski sans b\u00e9mols. Il faudra quand m\u00eame, <span style=\"text-decoration: underline; color: #0000ff;\"><strong><a href=\"https:\/\/www.facebook.com\/pourrendreobligatoirelespneusneigesenhiver\">s'\u00e9quiper en pneu neige<\/a><\/strong><\/span>\u00a0ou\u00a0pr\u00e9voir les cha\u00eenes mais d\u00e9couvrons\u00a0cette s\u00e9rie limit\u00e9e Toyota Salomon. Toyota a donc \u00e9quip\u00e9 cette s\u00e9rie sp\u00e9ciale de barres de toit avec porte-skis, d'un coffre de toit d'un bac de coffre et un filet choc bagage en proitant au passage de 25% de r\u00e9duction sur le tarif accessoire. La remise client passe dans cette avantage client.<\/p>\n<h2>Des finitions haut de gamme<\/h2>\n<p>Pour la Toyota Auris <span style=\"text-decoration: underline; color: #0000ff;\"><strong>Touring Sports<\/strong><\/span>, le constructeur s'est bas\u00e9 sur\u00a0le mod\u00e8le hybride de 136 ch et qui b\u00e9n\u00e9ficie d'un bonus \u00e9cologique de 1 502 euros, en finition Design et y a rajout\u00e9 le toit panoramique, le syst\u00e8me de navigation Toyota Touch &amp; Go 2 et le pack Safety Sense (syst\u00e8me de s\u00e9curit\u00e9 pr\u00e9-collision, alerte au franchissement de ligne, lecture des panneaux de signalisation...).<\/p>\n<p>L'Avensis <span style=\"text-decoration: underline; color: #0000ff;\"><strong>Touring Sports<\/strong><\/span> est une version Executive \u00e9quip\u00e9 des moteurs diesel 1.6 D-4D de 112 ch ou le 2.0 D-4D de 143 ch, puisqu'elle n'est pas propos\u00e9e en Hybride.<br \/>\nLes deux seront commercialis\u00e9es \u00e0 partir du mois de janvier, \u00e0 seulement 450 exemplaires : l'Auris Touring Sports Hybride Salomon, sera propos\u00e9e au tarif de 30 050 euros. L'Avensis Touring Sports Salomon, sera vendu au m\u00eame tarif que la finition Executive, 32 100 euros.<\/p>\n<h2>Produits Salomon offerts sur la Toyota<\/h2>\n<p>Toyota offre en sus une carte de r\u00e9duction offrant \u00a030% de remise\u00a0sur les produits Salomon et organisera un concours chez les concessionnaires\u00a0afin de remporter\u00a0une paire de skis Salomon.\u00a0Les deux voitures seront propos\u00e9es en quantit\u00e9 limit\u00e9e. Commercialisation en Janvier c'est un peu tard pour la saison ? non ?<\/p>\n<p>On peut s'attendre donc \u00e0 ce que les proriders du team Salomon soient motoris\u00e9s par la marque Japonaise cette ann\u00e9e et une belle Toyota Salomon. L'\u00e9quipe de <span style=\"text-decoration: underline; color: #0000ff;\"><strong><a style=\"color: #0000ff; text-decoration: underline;\" href=\"http:\/\/www.bonappetitski.com\/\">Bon Appetit Ski<\/a><\/strong><\/span> devra-t-elle choisir entre sa deuch et une auto brid\u00e9e ? LOL<\/p>\n<p>&nbsp;<\/p>\n","protected":false},"excerpt":{"rendered":"<p>Toyota Salomon nouvelle s\u00e9rie sp\u00e9ciale De nouvelles s\u00e9ries sp\u00e9ciales Toyota Salomon sont disponibles sur les Toyota Auris Touring Sports Hybride et Avensis Touring Sports diesel. Cette s\u00e9rie sp\u00e9ciale\u00a0\u00e9quip\u00e9 pour l&rsquo;occasion des sports d&rsquo;hiver pour que le client passe\u00a0des vacances au ski sans b\u00e9mols. Il faudra quand m\u00eame, s&rsquo;\u00e9quiper en pneu neige\u00a0ou\u00a0pr\u00e9voir les cha\u00eenes mais d\u00e9couvrons\u00a0cette &#8230; <a title=\"Toyota Salomon nouvelle s\u00e9rie sp\u00e9ciale\" class=\"read-more\" href=\"https:\/\/www.carideal.com\/blog\/2015\/12\/16\/toyota-salomon-nouvelle-serie-speciale\/\" aria-label=\"En savoir plus sur Toyota Salomon nouvelle s\u00e9rie sp\u00e9ciale\">Lire plus<\/a><\/p>\n","protected":false},"author":3,"featured_media":0,"comment_status":"open","ping_status":"open","sticky":false,"template":"","format":"standard","meta":{"_uag_custom_page_level_css":"","_themeisle_gutenberg_block_has_review":false,"footnotes":""},"categories":[21,5944,5951,10,5080,6089],"tags":[2723],"class_list":["post-8655","post","type-post","status-publish","format-standard","hentry","category-actualites-auto","category-constructeur","category-toyota","category-marche-automobile-voiture-neuve-occasion-4x4-suv","category-technologie-2","category-hybride","tag-serie-speciale"],"wppr_data":[],"yoast_head":"<!-- This site is optimized with the Yoast SEO plugin v24.8.1 - https:\/\/yoast.com\/wordpress\/plugins\/seo\/ -->\n<title>Toyota Salomon nouvelle s\u00e9rie sp\u00e9ciale - Blog auto Carid\u00e9al<\/title>\n<meta name=\"description\" content=\"Toyota Salomon, nouvelle s\u00e9rie sp\u00e9ciale pour les Toyota Avensis Touring et Toyota Auris Hybrid \u00e9quip\u00e9es pour passer l&#039;hiver.\" \/>\n<meta name=\"robots\" content=\"index, follow, max-snippet:-1, max-image-preview:large, max-video-preview:-1\" \/>\n<link rel=\"canonical\" href=\"https:\/\/www.carideal.com\/blog\/2015\/12\/16\/toyota-salomon-nouvelle-serie-speciale\/\" \/>\n<meta property=\"og:locale\" content=\"fr_FR\" \/>\n<meta property=\"og:type\" content=\"article\" \/>\n<meta property=\"og:title\" content=\"Toyota Salomon nouvelle s\u00e9rie sp\u00e9ciale - Blog auto Carid\u00e9al\" \/>\n<meta property=\"og:description\" content=\"Toyota Salomon, nouvelle s\u00e9rie sp\u00e9ciale pour les Toyota Avensis Touring et Toyota Auris Hybrid \u00e9quip\u00e9es pour passer l&#039;hiver.\" \/>\n<meta property=\"og:url\" content=\"https:\/\/www.carideal.com\/blog\/2015\/12\/16\/toyota-salomon-nouvelle-serie-speciale\/\" \/>\n<meta property=\"og:site_name\" content=\"Blog auto Carid\u00e9al\" \/>\n<meta property=\"article:publisher\" content=\"https:\/\/www.facebook.com\/Carideal.mandataire.automobile\" \/>\n<meta property=\"article:author\" content=\"https:\/\/www.facebook.com\/nicolas.schiavon.39\" \/>\n<meta property=\"article:published_time\" content=\"2015-12-16T14:43:15+00:00\" \/>\n<meta property=\"article:modified_time\" content=\"2020-03-09T05:19:44+00:00\" \/>\n<meta property=\"og:image\" content=\"http:\/\/www.carideal.com\/blog\/wp-content\/uploads\/2015\/12\/toyota-auris-et-avensis-touring-sport-salomon-2-300x158.jpg\" \/>\n<meta name=\"author\" content=\"Nicolas SCHIAVON\" \/>\n<meta name=\"twitter:card\" content=\"summary_large_image\" \/>\n<meta name=\"twitter:creator\" content=\"@caridealauto\" \/>\n<meta name=\"twitter:site\" content=\"@caridealauto\" \/>\n<meta name=\"twitter:label1\" content=\"\u00c9crit par\" \/>\n\t<meta name=\"twitter:data1\" content=\"Nicolas SCHIAVON\" \/>\n\t<meta name=\"twitter:label2\" content=\"Dur\u00e9e de lecture estim\u00e9e\" \/>\n\t<meta name=\"twitter:data2\" content=\"2 minutes\" \/>\n<script type=\"application\/ld+json\" class=\"yoast-schema-graph\">{\"@context\":\"https:\/\/schema.org\",\"@graph\":[{\"@type\":\"Article\",\"@id\":\"https:\/\/www.carideal.com\/blog\/2015\/12\/16\/toyota-salomon-nouvelle-serie-speciale\/#article\",\"isPartOf\":{\"@id\":\"https:\/\/www.carideal.com\/blog\/2015\/12\/16\/toyota-salomon-nouvelle-serie-speciale\/\"},\"author\":{\"name\":\"Nicolas SCHIAVON\",\"@id\":\"https:\/\/www.carideal.com\/blog\/#\/schema\/person\/cd95dc7919660de90d31b366f85be1ec\"},\"headline\":\"Toyota Salomon nouvelle s\u00e9rie sp\u00e9ciale\",\"datePublished\":\"2015-12-16T14:43:15+00:00\",\"dateModified\":\"2020-03-09T05:19:44+00:00\",\"mainEntityOfPage\":{\"@id\":\"https:\/\/www.carideal.com\/blog\/2015\/12\/16\/toyota-salomon-nouvelle-serie-speciale\/\"},\"wordCount\":392,\"commentCount\":0,\"publisher\":{\"@id\":\"https:\/\/www.carideal.com\/blog\/#organization\"},\"image\":{\"@id\":\"https:\/\/www.carideal.com\/blog\/2015\/12\/16\/toyota-salomon-nouvelle-serie-speciale\/#primaryimage\"},\"thumbnailUrl\":\"http:\/\/www.carideal.com\/blog\/wp-content\/uploads\/2015\/12\/toyota-auris-et-avensis-touring-sport-salomon-2-300x158.jpg\",\"keywords\":[\"S\u00e9rie Sp\u00e9ciale\"],\"articleSection\":[\"Actualit\u00e9 automobile\",\"Actualit\u00e9 Constructeur automobile\",\"Actualit\u00e9 Toyota\",\"March\u00e9 automobile\",\"Technologie Automobile\",\"Voiture Hybride\"],\"inLanguage\":\"fr-FR\",\"potentialAction\":[{\"@type\":\"CommentAction\",\"name\":\"Comment\",\"target\":[\"https:\/\/www.carideal.com\/blog\/2015\/12\/16\/toyota-salomon-nouvelle-serie-speciale\/#respond\"]}]},{\"@type\":\"WebPage\",\"@id\":\"https:\/\/www.carideal.com\/blog\/2015\/12\/16\/toyota-salomon-nouvelle-serie-speciale\/\",\"url\":\"https:\/\/www.carideal.com\/blog\/2015\/12\/16\/toyota-salomon-nouvelle-serie-speciale\/\",\"name\":\"Toyota Salomon nouvelle s\u00e9rie sp\u00e9ciale - Blog auto Carid\u00e9al\",\"isPartOf\":{\"@id\":\"https:\/\/www.carideal.com\/blog\/#website\"},\"primaryImageOfPage\":{\"@id\":\"https:\/\/www.carideal.com\/blog\/2015\/12\/16\/toyota-salomon-nouvelle-serie-speciale\/#primaryimage\"},\"image\":{\"@id\":\"https:\/\/www.carideal.com\/blog\/2015\/12\/16\/toyota-salomon-nouvelle-serie-speciale\/#primaryimage\"},\"thumbnailUrl\":\"http:\/\/www.carideal.com\/blog\/wp-content\/uploads\/2015\/12\/toyota-auris-et-avensis-touring-sport-salomon-2-300x158.jpg\",\"datePublished\":\"2015-12-16T14:43:15+00:00\",\"dateModified\":\"2020-03-09T05:19:44+00:00\",\"description\":\"Toyota Salomon, nouvelle s\u00e9rie sp\u00e9ciale pour les Toyota Avensis Touring et Toyota Auris Hybrid \u00e9quip\u00e9es pour passer l'hiver.\",\"breadcrumb\":{\"@id\":\"https:\/\/www.carideal.com\/blog\/2015\/12\/16\/toyota-salomon-nouvelle-serie-speciale\/#breadcrumb\"},\"inLanguage\":\"fr-FR\",\"potentialAction\":[{\"@type\":\"ReadAction\",\"target\":[\"https:\/\/www.carideal.com\/blog\/2015\/12\/16\/toyota-salomon-nouvelle-serie-speciale\/\"]}]},{\"@type\":\"ImageObject\",\"inLanguage\":\"fr-FR\",\"@id\":\"https:\/\/www.carideal.com\/blog\/2015\/12\/16\/toyota-salomon-nouvelle-serie-speciale\/#primaryimage\",\"url\":\"http:\/\/www.carideal.com\/blog\/wp-content\/uploads\/2015\/12\/toyota-auris-et-avensis-touring-sport-salomon-2-300x158.jpg\",\"contentUrl\":\"http:\/\/www.carideal.com\/blog\/wp-content\/uploads\/2015\/12\/toyota-auris-et-avensis-touring-sport-salomon-2-300x158.jpg\"},{\"@type\":\"BreadcrumbList\",\"@id\":\"https:\/\/www.carideal.com\/blog\/2015\/12\/16\/toyota-salomon-nouvelle-serie-speciale\/#breadcrumb\",\"itemListElement\":[{\"@type\":\"ListItem\",\"position\":1,\"name\":\"Blog Carid\u00e9al\",\"item\":\"https:\/\/www.carideal.com\/blog\/\"},{\"@type\":\"ListItem\",\"position\":2,\"name\":\"March\u00e9 automobile\",\"item\":\"https:\/\/www.carideal.com\/blog\/marche-automobile-voiture-neuve-occasion-4x4-suv\/\"},{\"@type\":\"ListItem\",\"position\":3,\"name\":\"Toyota Salomon nouvelle s\u00e9rie sp\u00e9ciale\"}]},{\"@type\":\"WebSite\",\"@id\":\"https:\/\/www.carideal.com\/blog\/#website\",\"url\":\"https:\/\/www.carideal.com\/blog\/\",\"name\":\"Blog auto Carid\u00e9al\",\"description\":\"Actualit\u00e9 auto par des passionn\u00e9s\",\"publisher\":{\"@id\":\"https:\/\/www.carideal.com\/blog\/#organization\"},\"potentialAction\":[{\"@type\":\"SearchAction\",\"target\":{\"@type\":\"EntryPoint\",\"urlTemplate\":\"https:\/\/www.carideal.com\/blog\/?s={search_term_string}\"},\"query-input\":{\"@type\":\"PropertyValueSpecification\",\"valueRequired\":true,\"valueName\":\"search_term_string\"}}],\"inLanguage\":\"fr-FR\"},{\"@type\":\"Organization\",\"@id\":\"https:\/\/www.carideal.com\/blog\/#organization\",\"name\":\"Carideal\",\"url\":\"https:\/\/www.carideal.com\/blog\/\",\"logo\":{\"@type\":\"ImageObject\",\"inLanguage\":\"fr-FR\",\"@id\":\"https:\/\/www.carideal.com\/blog\/#\/schema\/logo\/image\/\",\"url\":\"http:\/\/www.carideal.com\/blog\/wp-content\/uploads\/2016\/03\/logo-carideal-mandataire-automobile.png\",\"contentUrl\":\"http:\/\/www.carideal.com\/blog\/wp-content\/uploads\/2016\/03\/logo-carideal-mandataire-automobile.png\",\"width\":300,\"height\":300,\"caption\":\"Carideal\"},\"image\":{\"@id\":\"https:\/\/www.carideal.com\/blog\/#\/schema\/logo\/image\/\"},\"sameAs\":[\"https:\/\/www.facebook.com\/Carideal.mandataire.automobile\",\"https:\/\/x.com\/caridealauto\",\"https:\/\/www.instagram.com\/carideal1\/\",\"https:\/\/www.linkedin.com\/company\/carideal.com\",\"https:\/\/fr.pinterest.com\/schiavonsas\/\",\"https:\/\/www.youtube.com\/user\/caridealsas\"]},{\"@type\":\"Person\",\"@id\":\"https:\/\/www.carideal.com\/blog\/#\/schema\/person\/cd95dc7919660de90d31b366f85be1ec\",\"name\":\"Nicolas SCHIAVON\",\"image\":{\"@type\":\"ImageObject\",\"inLanguage\":\"fr-FR\",\"@id\":\"https:\/\/www.carideal.com\/blog\/#\/schema\/person\/image\/\",\"url\":\"https:\/\/secure.gravatar.com\/avatar\/c17e55009e671d92cc7f5dc837dc418a?s=96&r=g\",\"contentUrl\":\"https:\/\/secure.gravatar.com\/avatar\/c17e55009e671d92cc7f5dc837dc418a?s=96&r=g\",\"caption\":\"Nicolas SCHIAVON\"},\"description\":\"Nicolas Schiavon est tomb\u00e9 tout petit dans la marmite automobile. Ayant eu un garage de marque automobile, mandataire automobile de la premi\u00e8re heure d\u00e8s 1999. Nicolas a cr\u00e9\u00e9 ces premiers sites de vente de voiture et blog automobile d\u00e8s 1994. Carideal est n\u00e9 le 15 d\u00e9cembre 2000 de la volont\u00e9 de vendre des voitures d'occasions en ligne puis des voitures neuves. Il a pu essayer beaucoup de voitures tr\u00e8s diff\u00e9rentes et ayant eu personnellement quelques belles autos, Subaru Impreza, Mitsubishi Lancer Evo 7, Porsche 911, Ferrari Testarrossa, Audi RS3, RS4 et j'en passe...\",\"sameAs\":[\"http:\/\/www.carideal.com\",\"https:\/\/www.facebook.com\/nicolas.schiavon.39\",\"https:\/\/www.instagram.com\/carideal1\/\",\"https:\/\/www.linkedin.com\/in\/nschiavon\/\",\"https:\/\/x.com\/caridealauto\",\"https:\/\/www.youtube.com\/user\/caridealsas\/\"],\"url\":\"https:\/\/www.carideal.com\/blog\/author\/nschiavon\/\"}]}<\/script>\n<!-- \/ Yoast SEO plugin. -->","yoast_head_json":{"title":"Toyota Salomon nouvelle s\u00e9rie sp\u00e9ciale - Blog auto Carid\u00e9al","description":"Toyota Salomon, nouvelle s\u00e9rie sp\u00e9ciale pour les Toyota Avensis Touring et Toyota Auris Hybrid \u00e9quip\u00e9es pour passer l'hiver.","robots":{"index":"index","follow":"follow","max-snippet":"max-snippet:-1","max-image-preview":"max-image-preview:large","max-video-preview":"max-video-preview:-1"},"canonical":"https:\/\/www.carideal.com\/blog\/2015\/12\/16\/toyota-salomon-nouvelle-serie-speciale\/","og_locale":"fr_FR","og_type":"article","og_title":"Toyota Salomon nouvelle s\u00e9rie sp\u00e9ciale - Blog auto Carid\u00e9al","og_description":"Toyota Salomon, nouvelle s\u00e9rie sp\u00e9ciale pour les Toyota Avensis Touring et Toyota Auris Hybrid \u00e9quip\u00e9es pour passer l'hiver.","og_url":"https:\/\/www.carideal.com\/blog\/2015\/12\/16\/toyota-salomon-nouvelle-serie-speciale\/","og_site_name":"Blog auto Carid\u00e9al","article_publisher":"https:\/\/www.facebook.com\/Carideal.mandataire.automobile","article_author":"https:\/\/www.facebook.com\/nicolas.schiavon.39","article_published_time":"2015-12-16T14:43:15+00:00","article_modified_time":"2020-03-09T05:19:44+00:00","og_image":[{"url":"http:\/\/www.carideal.com\/blog\/wp-content\/uploads\/2015\/12\/toyota-auris-et-avensis-touring-sport-salomon-2-300x158.jpg","type":"","width":"","height":""}],"author":"Nicolas SCHIAVON","twitter_card":"summary_large_image","twitter_creator":"@caridealauto","twitter_site":"@caridealauto","twitter_misc":{"\u00c9crit par":"Nicolas SCHIAVON","Dur\u00e9e de lecture estim\u00e9e":"2 minutes"},"schema":{"@context":"https:\/\/schema.org","@graph":[{"@type":"Article","@id":"https:\/\/www.carideal.com\/blog\/2015\/12\/16\/toyota-salomon-nouvelle-serie-speciale\/#article","isPartOf":{"@id":"https:\/\/www.carideal.com\/blog\/2015\/12\/16\/toyota-salomon-nouvelle-serie-speciale\/"},"author":{"name":"Nicolas SCHIAVON","@id":"https:\/\/www.carideal.com\/blog\/#\/schema\/person\/cd95dc7919660de90d31b366f85be1ec"},"headline":"Toyota Salomon nouvelle s\u00e9rie sp\u00e9ciale","datePublished":"2015-12-16T14:43:15+00:00","dateModified":"2020-03-09T05:19:44+00:00","mainEntityOfPage":{"@id":"https:\/\/www.carideal.com\/blog\/2015\/12\/16\/toyota-salomon-nouvelle-serie-speciale\/"},"wordCount":392,"commentCount":0,"publisher":{"@id":"https:\/\/www.carideal.com\/blog\/#organization"},"image":{"@id":"https:\/\/www.carideal.com\/blog\/2015\/12\/16\/toyota-salomon-nouvelle-serie-speciale\/#primaryimage"},"thumbnailUrl":"http:\/\/www.carideal.com\/blog\/wp-content\/uploads\/2015\/12\/toyota-auris-et-avensis-touring-sport-salomon-2-300x158.jpg","keywords":["S\u00e9rie Sp\u00e9ciale"],"articleSection":["Actualit\u00e9 automobile","Actualit\u00e9 Constructeur automobile","Actualit\u00e9 Toyota","March\u00e9 automobile","Technologie Automobile","Voiture Hybride"],"inLanguage":"fr-FR","potentialAction":[{"@type":"CommentAction","name":"Comment","target":["https:\/\/www.carideal.com\/blog\/2015\/12\/16\/toyota-salomon-nouvelle-serie-speciale\/#respond"]}]},{"@type":"WebPage","@id":"https:\/\/www.carideal.com\/blog\/2015\/12\/16\/toyota-salomon-nouvelle-serie-speciale\/","url":"https:\/\/www.carideal.com\/blog\/2015\/12\/16\/toyota-salomon-nouvelle-serie-speciale\/","name":"Toyota Salomon nouvelle s\u00e9rie sp\u00e9ciale - Blog auto Carid\u00e9al","isPartOf":{"@id":"https:\/\/www.carideal.com\/blog\/#website"},"primaryImageOfPage":{"@id":"https:\/\/www.carideal.com\/blog\/2015\/12\/16\/toyota-salomon-nouvelle-serie-speciale\/#primaryimage"},"image":{"@id":"https:\/\/www.carideal.com\/blog\/2015\/12\/16\/toyota-salomon-nouvelle-serie-speciale\/#primaryimage"},"thumbnailUrl":"http:\/\/www.carideal.com\/blog\/wp-content\/uploads\/2015\/12\/toyota-auris-et-avensis-touring-sport-salomon-2-300x158.jpg","datePublished":"2015-12-16T14:43:15+00:00","dateModified":"2020-03-09T05:19:44+00:00","description":"Toyota Salomon, nouvelle s\u00e9rie sp\u00e9ciale pour les Toyota Avensis Touring et Toyota Auris Hybrid \u00e9quip\u00e9es pour passer l'hiver.","breadcrumb":{"@id":"https:\/\/www.carideal.com\/blog\/2015\/12\/16\/toyota-salomon-nouvelle-serie-speciale\/#breadcrumb"},"inLanguage":"fr-FR","potentialAction":[{"@type":"ReadAction","target":["https:\/\/www.carideal.com\/blog\/2015\/12\/16\/toyota-salomon-nouvelle-serie-speciale\/"]}]},{"@type":"ImageObject","inLanguage":"fr-FR","@id":"https:\/\/www.carideal.com\/blog\/2015\/12\/16\/toyota-salomon-nouvelle-serie-speciale\/#primaryimage","url":"http:\/\/www.carideal.com\/blog\/wp-content\/uploads\/2015\/12\/toyota-auris-et-avensis-touring-sport-salomon-2-300x158.jpg","contentUrl":"http:\/\/www.carideal.com\/blog\/wp-content\/uploads\/2015\/12\/toyota-auris-et-avensis-touring-sport-salomon-2-300x158.jpg"},{"@type":"BreadcrumbList","@id":"https:\/\/www.carideal.com\/blog\/2015\/12\/16\/toyota-salomon-nouvelle-serie-speciale\/#breadcrumb","itemListElement":[{"@type":"ListItem","position":1,"name":"Blog Carid\u00e9al","item":"https:\/\/www.carideal.com\/blog\/"},{"@type":"ListItem","position":2,"name":"March\u00e9 automobile","item":"https:\/\/www.carideal.com\/blog\/marche-automobile-voiture-neuve-occasion-4x4-suv\/"},{"@type":"ListItem","position":3,"name":"Toyota Salomon nouvelle s\u00e9rie sp\u00e9ciale"}]},{"@type":"WebSite","@id":"https:\/\/www.carideal.com\/blog\/#website","url":"https:\/\/www.carideal.com\/blog\/","name":"Blog auto Carid\u00e9al","description":"Actualit\u00e9 auto par des passionn\u00e9s","publisher":{"@id":"https:\/\/www.carideal.com\/blog\/#organization"},"potentialAction":[{"@type":"SearchAction","target":{"@type":"EntryPoint","urlTemplate":"https:\/\/www.carideal.com\/blog\/?s={search_term_string}"},"query-input":{"@type":"PropertyValueSpecification","valueRequired":true,"valueName":"search_term_string"}}],"inLanguage":"fr-FR"},{"@type":"Organization","@id":"https:\/\/www.carideal.com\/blog\/#organization","name":"Carideal","url":"https:\/\/www.carideal.com\/blog\/","logo":{"@type":"ImageObject","inLanguage":"fr-FR","@id":"https:\/\/www.carideal.com\/blog\/#\/schema\/logo\/image\/","url":"http:\/\/www.carideal.com\/blog\/wp-content\/uploads\/2016\/03\/logo-carideal-mandataire-automobile.png","contentUrl":"http:\/\/www.carideal.com\/blog\/wp-content\/uploads\/2016\/03\/logo-carideal-mandataire-automobile.png","width":300,"height":300,"caption":"Carideal"},"image":{"@id":"https:\/\/www.carideal.com\/blog\/#\/schema\/logo\/image\/"},"sameAs":["https:\/\/www.facebook.com\/Carideal.mandataire.automobile","https:\/\/x.com\/caridealauto","https:\/\/www.instagram.com\/carideal1\/","https:\/\/www.linkedin.com\/company\/carideal.com","https:\/\/fr.pinterest.com\/schiavonsas\/","https:\/\/www.youtube.com\/user\/caridealsas"]},{"@type":"Person","@id":"https:\/\/www.carideal.com\/blog\/#\/schema\/person\/cd95dc7919660de90d31b366f85be1ec","name":"Nicolas SCHIAVON","image":{"@type":"ImageObject","inLanguage":"fr-FR","@id":"https:\/\/www.carideal.com\/blog\/#\/schema\/person\/image\/","url":"https:\/\/secure.gravatar.com\/avatar\/c17e55009e671d92cc7f5dc837dc418a?s=96&r=g","contentUrl":"https:\/\/secure.gravatar.com\/avatar\/c17e55009e671d92cc7f5dc837dc418a?s=96&r=g","caption":"Nicolas SCHIAVON"},"description":"Nicolas Schiavon est tomb\u00e9 tout petit dans la marmite automobile. Ayant eu un garage de marque automobile, mandataire automobile de la premi\u00e8re heure d\u00e8s 1999. Nicolas a cr\u00e9\u00e9 ces premiers sites de vente de voiture et blog automobile d\u00e8s 1994. Carideal est n\u00e9 le 15 d\u00e9cembre 2000 de la volont\u00e9 de vendre des voitures d'occasions en ligne puis des voitures neuves. Il a pu essayer beaucoup de voitures tr\u00e8s diff\u00e9rentes et ayant eu personnellement quelques belles autos, Subaru Impreza, Mitsubishi Lancer Evo 7, Porsche 911, Ferrari Testarrossa, Audi RS3, RS4 et j'en passe...","sameAs":["http:\/\/www.carideal.com","https:\/\/www.facebook.com\/nicolas.schiavon.39","https:\/\/www.instagram.com\/carideal1\/","https:\/\/www.linkedin.com\/in\/nschiavon\/","https:\/\/x.com\/caridealauto","https:\/\/www.youtube.com\/user\/caridealsas\/"],"url":"https:\/\/www.carideal.com\/blog\/author\/nschiavon\/"}]}},"uagb_featured_image_src":{"full":false,"thumbnail":false,"medium":false,"medium_large":false,"large":false,"1536x1536":false,"2048x2048":false,"wppr-widget":false},"uagb_author_info":{"display_name":"Nicolas SCHIAVON","author_link":"https:\/\/www.carideal.com\/blog\/author\/nschiavon\/"},"uagb_comment_info":1,"uagb_excerpt":"Toyota Salomon nouvelle s\u00e9rie sp\u00e9ciale De nouvelles s\u00e9ries sp\u00e9ciales Toyota Salomon sont disponibles sur les Toyota Auris Touring Sports Hybride et Avensis Touring Sports diesel. Cette s\u00e9rie sp\u00e9ciale\u00a0\u00e9quip\u00e9 pour l'occasion des sports d'hiver pour que le client passe\u00a0des vacances au ski sans b\u00e9mols. Il faudra quand m\u00eame, s'\u00e9quiper en pneu neige\u00a0ou\u00a0pr\u00e9voir les cha\u00eenes mais d\u00e9couvrons\u00a0cette\u2026","_links":{"self":[{"href":"https:\/\/www.carideal.com\/blog\/wp-json\/wp\/v2\/posts\/8655"}],"collection":[{"href":"https:\/\/www.carideal.com\/blog\/wp-json\/wp\/v2\/posts"}],"about":[{"href":"https:\/\/www.carideal.com\/blog\/wp-json\/wp\/v2\/types\/post"}],"author":[{"embeddable":true,"href":"https:\/\/www.carideal.com\/blog\/wp-json\/wp\/v2\/users\/3"}],"replies":[{"embeddable":true,"href":"https:\/\/www.carideal.com\/blog\/wp-json\/wp\/v2\/comments?post=8655"}],"version-history":[{"count":0,"href":"https:\/\/www.carideal.com\/blog\/wp-json\/wp\/v2\/posts\/8655\/revisions"}],"wp:attachment":[{"href":"https:\/\/www.carideal.com\/blog\/wp-json\/wp\/v2\/media?parent=8655"}],"wp:term":[{"taxonomy":"category","embeddable":true,"href":"https:\/\/www.carideal.com\/blog\/wp-json\/wp\/v2\/categories?post=8655"},{"taxonomy":"post_tag","embeddable":true,"href":"https:\/\/www.carideal.com\/blog\/wp-json\/wp\/v2\/tags?post=8655"}],"curies":[{"name":"wp","href":"https:\/\/api.w.org\/{rel}","templated":true}]}}