{"id":8642,"date":"2015-12-16T11:02:41","date_gmt":"2015-12-16T10:02:41","guid":{"rendered":"http:\/\/www.carideal.com\/blog\/?p=8642"},"modified":"2020-03-12T08:21:27","modified_gmt":"2020-03-12T07:21:27","slug":"8642","status":"publish","type":"post","link":"https:\/\/www.carideal.com\/blog\/2015\/12\/16\/8642\/","title":{"rendered":"Motorhead course de cote au Japon"},"content":{"rendered":"<h1>Motorhead met des Supercars en Folie sur une route de montagne au Japon<\/h1>\n<figure id=\"attachment_8644\" aria-describedby=\"caption-attachment-8644\" style=\"width: 290px\" class=\"wp-caption alignleft\"><a href=\"http:\/\/www.carideal.com\/blog\/wp-content\/uploads\/2015\/12\/motorhead-course-cote-japon-video-drift.png\"><img loading=\"lazy\" decoding=\"async\" class=\"size-medium wp-image-8644\" src=\"http:\/\/www.carideal.com\/blog\/wp-content\/uploads\/2015\/12\/motorhead-course-cote-japon-video-drift-300x150.png\" alt=\"Motorhead Organise une Course de cote de super cars au Japon\" width=\"300\" height=\"150\" srcset=\"https:\/\/www.carideal.com\/blog\/wp-content\/uploads\/2015\/12\/motorhead-course-cote-japon-video-drift-300x150.png 300w, https:\/\/www.carideal.com\/blog\/wp-content\/uploads\/2015\/12\/motorhead-course-cote-japon-video-drift-624x312.png 624w, https:\/\/www.carideal.com\/blog\/wp-content\/uploads\/2015\/12\/motorhead-course-cote-japon-video-drift.png 980w\" sizes=\"(max-width: 300px) 100vw, 300px\" \/><\/a><figcaption id=\"caption-attachment-8644\" class=\"wp-caption-text\">Motorhead Organise une Course de cote de super cars au Japon<\/figcaption><\/figure>\n<p>Le Magazine Motorhead a initi\u00e9 une course de c\u00f4te, situ\u00e9 sur un\u00a0tron\u00e7on de la route sinueuse de la montagne de Hakone au Japon, Mazda Turnpike. Cet \u00e9v\u00e9nement sp\u00e9cial a \u00e9t\u00e9 l'h\u00f4te d'un large \u00e9ventail de machines de course de classique \u00e0 des voitures de course Super GT avec une voiture\u00a0tr\u00e8s puissante de drift tout avec la seules intentions d'attaquer \u00e0 grande vitesse cette\u00a0route dangereuse.<\/p>\n<figure id=\"attachment_8645\" aria-describedby=\"caption-attachment-8645\" style=\"width: 290px\" class=\"wp-caption alignleft\"><a href=\"http:\/\/www.carideal.com\/blog\/wp-content\/uploads\/2015\/12\/motorhead-course-cote-japon-video-drift-2.jpg\"><img loading=\"lazy\" decoding=\"async\" class=\"wp-image-8645 size-medium\" title=\"Motorhead course de cote au Japon\" src=\"http:\/\/www.carideal.com\/blog\/wp-content\/uploads\/2015\/12\/motorhead-course-cote-japon-video-drift-2-300x162.jpg\" alt=\"Motorhead course de cote au Japon\" width=\"300\" height=\"162\" srcset=\"https:\/\/www.carideal.com\/blog\/wp-content\/uploads\/2015\/12\/motorhead-course-cote-japon-video-drift-2-300x162.jpg 300w, https:\/\/www.carideal.com\/blog\/wp-content\/uploads\/2015\/12\/motorhead-course-cote-japon-video-drift-2-624x338.jpg 624w, https:\/\/www.carideal.com\/blog\/wp-content\/uploads\/2015\/12\/motorhead-course-cote-japon-video-drift-2.jpg 750w\" sizes=\"(max-width: 300px) 100vw, 300px\" \/><\/a><figcaption id=\"caption-attachment-8645\" class=\"wp-caption-text\">En Drift Pas question de sortir de la route<\/figcaption><\/figure>\n<figure id=\"attachment_8648\" aria-describedby=\"caption-attachment-8648\" style=\"width: 290px\" class=\"wp-caption alignleft\"><a href=\"http:\/\/www.carideal.com\/blog\/wp-content\/uploads\/2015\/12\/motorhead-course-cote-japon-video-drift-3.jpg\"><img loading=\"lazy\" decoding=\"async\" class=\"wp-image-8648 size-medium\" title=\"Motorhead course de cote au Japon\" src=\"http:\/\/www.carideal.com\/blog\/wp-content\/uploads\/2015\/12\/motorhead-course-cote-japon-video-drift-3-300x158.jpg\" alt=\"motorhead-course-cote-japon-video-drift-3\" width=\"300\" height=\"158\" srcset=\"https:\/\/www.carideal.com\/blog\/wp-content\/uploads\/2015\/12\/motorhead-course-cote-japon-video-drift-3-300x158.jpg 300w, https:\/\/www.carideal.com\/blog\/wp-content\/uploads\/2015\/12\/motorhead-course-cote-japon-video-drift-3-624x329.jpg 624w, https:\/\/www.carideal.com\/blog\/wp-content\/uploads\/2015\/12\/motorhead-course-cote-japon-video-drift-3.jpg 667w\" sizes=\"(max-width: 300px) 100vw, 300px\" \/><\/a><figcaption id=\"caption-attachment-8648\" class=\"wp-caption-text\">Une Classic Ford GT40 Motorhead course de cote au Japon<\/figcaption><\/figure>\n<figure id=\"attachment_8647\" aria-describedby=\"caption-attachment-8647\" style=\"width: 290px\" class=\"wp-caption alignleft\"><a href=\"http:\/\/www.carideal.com\/blog\/wp-content\/uploads\/2015\/12\/motorhead-course-cote-japon-video-drift-4.jpg\"><img loading=\"lazy\" decoding=\"async\" class=\"wp-image-8647 size-medium\" title=\"Motorhead course de cote au Japon\" src=\"http:\/\/www.carideal.com\/blog\/wp-content\/uploads\/2015\/12\/motorhead-course-cote-japon-video-drift-4-300x127.jpg\" alt=\"motorhead-course-cote-japon-video-drift-4\" width=\"300\" height=\"127\" srcset=\"https:\/\/www.carideal.com\/blog\/wp-content\/uploads\/2015\/12\/motorhead-course-cote-japon-video-drift-4-300x127.jpg 300w, https:\/\/www.carideal.com\/blog\/wp-content\/uploads\/2015\/12\/motorhead-course-cote-japon-video-drift-4.jpg 1024w, https:\/\/www.carideal.com\/blog\/wp-content\/uploads\/2015\/12\/motorhead-course-cote-japon-video-drift-4-624x264.jpg 624w\" sizes=\"(max-width: 300px) 100vw, 300px\" \/><\/a><figcaption id=\"caption-attachment-8647\" class=\"wp-caption-text\">BMW Z4<\/figcaption><\/figure>\n<p><iframe loading=\"lazy\" src=\"https:\/\/www.youtube.com\/embed\/ORu58PY1S_g\" width=\"560\" height=\"315\" frameborder=\"0\" allowfullscreen=\"allowfullscreen\"><\/iframe><\/p>\n<p>En surfant sur le net hier soir je suis tomb\u00e9 sur cette vid\u00e9o sympa sur <span style=\"text-decoration: underline; color: #0000ff;\">www.mygt.fr<\/span> . Dans cette Vid\u00e9o vous pourrez voir les courses des voitures suivantes :\u00a0BMW Z4 Super GT Race Car, \u00a0Ford GT40,\u00a0Nissan GT-R 35RX Spec-D,\u00a0Nissan GT-R HKS 600,\u00a0Subaru WRX STI NBR Challenge 2013,\u00a0Subaru WRX STI Spec-C Arai Motorsport<\/p>\n","protected":false},"excerpt":{"rendered":"<p>Motorhead met des Supercars en Folie sur une route de montagne au Japon Le Magazine Motorhead a initi\u00e9 une course de c\u00f4te, situ\u00e9 sur un\u00a0tron\u00e7on de la route sinueuse de la montagne de Hakone au Japon, Mazda Turnpike. Cet \u00e9v\u00e9nement sp\u00e9cial a \u00e9t\u00e9 l&rsquo;h\u00f4te d&rsquo;un large \u00e9ventail de machines de course de classique \u00e0 des &#8230; <a title=\"Motorhead course de cote au Japon\" class=\"read-more\" href=\"https:\/\/www.carideal.com\/blog\/2015\/12\/16\/8642\/\" aria-label=\"En savoir plus sur Motorhead course de cote au Japon\">Lire plus<\/a><\/p>\n","protected":false},"author":3,"featured_media":0,"comment_status":"open","ping_status":"open","sticky":false,"template":"","format":"standard","meta":{"_uag_custom_page_level_css":"","_themeisle_gutenberg_block_has_review":false,"footnotes":""},"categories":[16,18],"tags":[],"class_list":["post-8642","post","type-post","status-publish","format-standard","hentry","category-sport-auto","category-videos"],"wppr_data":[],"yoast_head":"<!-- This site is optimized with the Yoast SEO plugin v24.8.1 - https:\/\/yoast.com\/wordpress\/plugins\/seo\/ -->\n<title>Motorhead course de cote au Japon - Blog auto Carid\u00e9al<\/title>\n<meta name=\"description\" content=\"Le magazine automobile Motorhead organise une course de cote exceptionnelle au Japon dur les fameux virages de la montagne de Hakone.\" \/>\n<meta name=\"robots\" content=\"index, follow, max-snippet:-1, max-image-preview:large, max-video-preview:-1\" \/>\n<link rel=\"canonical\" href=\"https:\/\/www.carideal.com\/blog\/2015\/12\/16\/8642\/\" \/>\n<meta property=\"og:locale\" content=\"fr_FR\" \/>\n<meta property=\"og:type\" content=\"article\" \/>\n<meta property=\"og:title\" content=\"Motorhead course de cote au Japon - Blog auto Carid\u00e9al\" \/>\n<meta property=\"og:description\" content=\"Le magazine automobile Motorhead organise une course de cote exceptionnelle au Japon dur les fameux virages de la montagne de Hakone.\" \/>\n<meta property=\"og:url\" content=\"https:\/\/www.carideal.com\/blog\/2015\/12\/16\/8642\/\" \/>\n<meta property=\"og:site_name\" content=\"Blog auto Carid\u00e9al\" \/>\n<meta property=\"article:publisher\" content=\"https:\/\/www.facebook.com\/Carideal.mandataire.automobile\" \/>\n<meta property=\"article:author\" content=\"https:\/\/www.facebook.com\/nicolas.schiavon.39\" \/>\n<meta property=\"article:published_time\" content=\"2015-12-16T10:02:41+00:00\" \/>\n<meta property=\"article:modified_time\" content=\"2020-03-12T07:21:27+00:00\" \/>\n<meta property=\"og:image\" content=\"http:\/\/www.carideal.com\/blog\/wp-content\/uploads\/2015\/12\/motorhead-course-cote-japon-video-drift-300x150.png\" \/>\n<meta name=\"author\" content=\"Nicolas SCHIAVON\" \/>\n<meta name=\"twitter:card\" content=\"summary_large_image\" \/>\n<meta name=\"twitter:creator\" content=\"@caridealauto\" \/>\n<meta name=\"twitter:site\" content=\"@caridealauto\" \/>\n<meta name=\"twitter:label1\" content=\"\u00c9crit par\" \/>\n\t<meta name=\"twitter:data1\" content=\"Nicolas SCHIAVON\" \/>\n\t<meta name=\"twitter:label2\" content=\"Dur\u00e9e de lecture estim\u00e9e\" \/>\n\t<meta name=\"twitter:data2\" content=\"1 minute\" \/>\n<script type=\"application\/ld+json\" class=\"yoast-schema-graph\">{\"@context\":\"https:\/\/schema.org\",\"@graph\":[{\"@type\":\"Article\",\"@id\":\"https:\/\/www.carideal.com\/blog\/2015\/12\/16\/8642\/#article\",\"isPartOf\":{\"@id\":\"https:\/\/www.carideal.com\/blog\/2015\/12\/16\/8642\/\"},\"author\":{\"name\":\"Nicolas SCHIAVON\",\"@id\":\"https:\/\/www.carideal.com\/blog\/#\/schema\/person\/cd95dc7919660de90d31b366f85be1ec\"},\"headline\":\"Motorhead course de cote au Japon\",\"datePublished\":\"2015-12-16T10:02:41+00:00\",\"dateModified\":\"2020-03-12T07:21:27+00:00\",\"mainEntityOfPage\":{\"@id\":\"https:\/\/www.carideal.com\/blog\/2015\/12\/16\/8642\/\"},\"wordCount\":207,\"commentCount\":0,\"publisher\":{\"@id\":\"https:\/\/www.carideal.com\/blog\/#organization\"},\"image\":{\"@id\":\"https:\/\/www.carideal.com\/blog\/2015\/12\/16\/8642\/#primaryimage\"},\"thumbnailUrl\":\"http:\/\/www.carideal.com\/blog\/wp-content\/uploads\/2015\/12\/motorhead-course-cote-japon-video-drift-300x150.png\",\"articleSection\":[\"Sport Automobile\",\"Vid\u00e9o voiture : vid\u00e9o automobile\"],\"inLanguage\":\"fr-FR\",\"potentialAction\":[{\"@type\":\"CommentAction\",\"name\":\"Comment\",\"target\":[\"https:\/\/www.carideal.com\/blog\/2015\/12\/16\/8642\/#respond\"]}]},{\"@type\":\"WebPage\",\"@id\":\"https:\/\/www.carideal.com\/blog\/2015\/12\/16\/8642\/\",\"url\":\"https:\/\/www.carideal.com\/blog\/2015\/12\/16\/8642\/\",\"name\":\"Motorhead course de cote au Japon - Blog auto Carid\u00e9al\",\"isPartOf\":{\"@id\":\"https:\/\/www.carideal.com\/blog\/#website\"},\"primaryImageOfPage\":{\"@id\":\"https:\/\/www.carideal.com\/blog\/2015\/12\/16\/8642\/#primaryimage\"},\"image\":{\"@id\":\"https:\/\/www.carideal.com\/blog\/2015\/12\/16\/8642\/#primaryimage\"},\"thumbnailUrl\":\"http:\/\/www.carideal.com\/blog\/wp-content\/uploads\/2015\/12\/motorhead-course-cote-japon-video-drift-300x150.png\",\"datePublished\":\"2015-12-16T10:02:41+00:00\",\"dateModified\":\"2020-03-12T07:21:27+00:00\",\"description\":\"Le magazine automobile Motorhead organise une course de cote exceptionnelle au Japon dur les fameux virages de la montagne de Hakone.\",\"breadcrumb\":{\"@id\":\"https:\/\/www.carideal.com\/blog\/2015\/12\/16\/8642\/#breadcrumb\"},\"inLanguage\":\"fr-FR\",\"potentialAction\":[{\"@type\":\"ReadAction\",\"target\":[\"https:\/\/www.carideal.com\/blog\/2015\/12\/16\/8642\/\"]}]},{\"@type\":\"ImageObject\",\"inLanguage\":\"fr-FR\",\"@id\":\"https:\/\/www.carideal.com\/blog\/2015\/12\/16\/8642\/#primaryimage\",\"url\":\"http:\/\/www.carideal.com\/blog\/wp-content\/uploads\/2015\/12\/motorhead-course-cote-japon-video-drift-300x150.png\",\"contentUrl\":\"http:\/\/www.carideal.com\/blog\/wp-content\/uploads\/2015\/12\/motorhead-course-cote-japon-video-drift-300x150.png\"},{\"@type\":\"BreadcrumbList\",\"@id\":\"https:\/\/www.carideal.com\/blog\/2015\/12\/16\/8642\/#breadcrumb\",\"itemListElement\":[{\"@type\":\"ListItem\",\"position\":1,\"name\":\"Blog Carid\u00e9al\",\"item\":\"https:\/\/www.carideal.com\/blog\/\"},{\"@type\":\"ListItem\",\"position\":2,\"name\":\"Sport Automobile\",\"item\":\"https:\/\/www.carideal.com\/blog\/sport-auto\/\"},{\"@type\":\"ListItem\",\"position\":3,\"name\":\"Motorhead course de cote au Japon\"}]},{\"@type\":\"WebSite\",\"@id\":\"https:\/\/www.carideal.com\/blog\/#website\",\"url\":\"https:\/\/www.carideal.com\/blog\/\",\"name\":\"Blog auto Carid\u00e9al\",\"description\":\"Actualit\u00e9 auto par des passionn\u00e9s\",\"publisher\":{\"@id\":\"https:\/\/www.carideal.com\/blog\/#organization\"},\"potentialAction\":[{\"@type\":\"SearchAction\",\"target\":{\"@type\":\"EntryPoint\",\"urlTemplate\":\"https:\/\/www.carideal.com\/blog\/?s={search_term_string}\"},\"query-input\":{\"@type\":\"PropertyValueSpecification\",\"valueRequired\":true,\"valueName\":\"search_term_string\"}}],\"inLanguage\":\"fr-FR\"},{\"@type\":\"Organization\",\"@id\":\"https:\/\/www.carideal.com\/blog\/#organization\",\"name\":\"Carideal\",\"url\":\"https:\/\/www.carideal.com\/blog\/\",\"logo\":{\"@type\":\"ImageObject\",\"inLanguage\":\"fr-FR\",\"@id\":\"https:\/\/www.carideal.com\/blog\/#\/schema\/logo\/image\/\",\"url\":\"http:\/\/www.carideal.com\/blog\/wp-content\/uploads\/2016\/03\/logo-carideal-mandataire-automobile.png\",\"contentUrl\":\"http:\/\/www.carideal.com\/blog\/wp-content\/uploads\/2016\/03\/logo-carideal-mandataire-automobile.png\",\"width\":300,\"height\":300,\"caption\":\"Carideal\"},\"image\":{\"@id\":\"https:\/\/www.carideal.com\/blog\/#\/schema\/logo\/image\/\"},\"sameAs\":[\"https:\/\/www.facebook.com\/Carideal.mandataire.automobile\",\"https:\/\/x.com\/caridealauto\",\"https:\/\/www.instagram.com\/carideal1\/\",\"https:\/\/www.linkedin.com\/company\/carideal.com\",\"https:\/\/fr.pinterest.com\/schiavonsas\/\",\"https:\/\/www.youtube.com\/user\/caridealsas\"]},{\"@type\":\"Person\",\"@id\":\"https:\/\/www.carideal.com\/blog\/#\/schema\/person\/cd95dc7919660de90d31b366f85be1ec\",\"name\":\"Nicolas SCHIAVON\",\"image\":{\"@type\":\"ImageObject\",\"inLanguage\":\"fr-FR\",\"@id\":\"https:\/\/www.carideal.com\/blog\/#\/schema\/person\/image\/\",\"url\":\"https:\/\/secure.gravatar.com\/avatar\/c17e55009e671d92cc7f5dc837dc418a?s=96&r=g\",\"contentUrl\":\"https:\/\/secure.gravatar.com\/avatar\/c17e55009e671d92cc7f5dc837dc418a?s=96&r=g\",\"caption\":\"Nicolas SCHIAVON\"},\"description\":\"Nicolas Schiavon est tomb\u00e9 tout petit dans la marmite automobile. Ayant eu un garage de marque automobile, mandataire automobile de la premi\u00e8re heure d\u00e8s 1999. Nicolas a cr\u00e9\u00e9 ces premiers sites de vente de voiture et blog automobile d\u00e8s 1994. Carideal est n\u00e9 le 15 d\u00e9cembre 2000 de la volont\u00e9 de vendre des voitures d'occasions en ligne puis des voitures neuves. Il a pu essayer beaucoup de voitures tr\u00e8s diff\u00e9rentes et ayant eu personnellement quelques belles autos, Subaru Impreza, Mitsubishi Lancer Evo 7, Porsche 911, Ferrari Testarrossa, Audi RS3, RS4 et j'en passe...\",\"sameAs\":[\"http:\/\/www.carideal.com\",\"https:\/\/www.facebook.com\/nicolas.schiavon.39\",\"https:\/\/www.instagram.com\/carideal1\/\",\"https:\/\/www.linkedin.com\/in\/nschiavon\/\",\"https:\/\/x.com\/caridealauto\",\"https:\/\/www.youtube.com\/user\/caridealsas\/\"],\"url\":\"https:\/\/www.carideal.com\/blog\/author\/nschiavon\/\"}]}<\/script>\n<!-- \/ Yoast SEO plugin. -->","yoast_head_json":{"title":"Motorhead course de cote au Japon - Blog auto Carid\u00e9al","description":"Le magazine automobile Motorhead organise une course de cote exceptionnelle au Japon dur les fameux virages de la montagne de Hakone.","robots":{"index":"index","follow":"follow","max-snippet":"max-snippet:-1","max-image-preview":"max-image-preview:large","max-video-preview":"max-video-preview:-1"},"canonical":"https:\/\/www.carideal.com\/blog\/2015\/12\/16\/8642\/","og_locale":"fr_FR","og_type":"article","og_title":"Motorhead course de cote au Japon - Blog auto Carid\u00e9al","og_description":"Le magazine automobile Motorhead organise une course de cote exceptionnelle au Japon dur les fameux virages de la montagne de Hakone.","og_url":"https:\/\/www.carideal.com\/blog\/2015\/12\/16\/8642\/","og_site_name":"Blog auto Carid\u00e9al","article_publisher":"https:\/\/www.facebook.com\/Carideal.mandataire.automobile","article_author":"https:\/\/www.facebook.com\/nicolas.schiavon.39","article_published_time":"2015-12-16T10:02:41+00:00","article_modified_time":"2020-03-12T07:21:27+00:00","og_image":[{"url":"http:\/\/www.carideal.com\/blog\/wp-content\/uploads\/2015\/12\/motorhead-course-cote-japon-video-drift-300x150.png","type":"","width":"","height":""}],"author":"Nicolas SCHIAVON","twitter_card":"summary_large_image","twitter_creator":"@caridealauto","twitter_site":"@caridealauto","twitter_misc":{"\u00c9crit par":"Nicolas SCHIAVON","Dur\u00e9e de lecture estim\u00e9e":"1 minute"},"schema":{"@context":"https:\/\/schema.org","@graph":[{"@type":"Article","@id":"https:\/\/www.carideal.com\/blog\/2015\/12\/16\/8642\/#article","isPartOf":{"@id":"https:\/\/www.carideal.com\/blog\/2015\/12\/16\/8642\/"},"author":{"name":"Nicolas SCHIAVON","@id":"https:\/\/www.carideal.com\/blog\/#\/schema\/person\/cd95dc7919660de90d31b366f85be1ec"},"headline":"Motorhead course de cote au Japon","datePublished":"2015-12-16T10:02:41+00:00","dateModified":"2020-03-12T07:21:27+00:00","mainEntityOfPage":{"@id":"https:\/\/www.carideal.com\/blog\/2015\/12\/16\/8642\/"},"wordCount":207,"commentCount":0,"publisher":{"@id":"https:\/\/www.carideal.com\/blog\/#organization"},"image":{"@id":"https:\/\/www.carideal.com\/blog\/2015\/12\/16\/8642\/#primaryimage"},"thumbnailUrl":"http:\/\/www.carideal.com\/blog\/wp-content\/uploads\/2015\/12\/motorhead-course-cote-japon-video-drift-300x150.png","articleSection":["Sport Automobile","Vid\u00e9o voiture : vid\u00e9o automobile"],"inLanguage":"fr-FR","potentialAction":[{"@type":"CommentAction","name":"Comment","target":["https:\/\/www.carideal.com\/blog\/2015\/12\/16\/8642\/#respond"]}]},{"@type":"WebPage","@id":"https:\/\/www.carideal.com\/blog\/2015\/12\/16\/8642\/","url":"https:\/\/www.carideal.com\/blog\/2015\/12\/16\/8642\/","name":"Motorhead course de cote au Japon - Blog auto Carid\u00e9al","isPartOf":{"@id":"https:\/\/www.carideal.com\/blog\/#website"},"primaryImageOfPage":{"@id":"https:\/\/www.carideal.com\/blog\/2015\/12\/16\/8642\/#primaryimage"},"image":{"@id":"https:\/\/www.carideal.com\/blog\/2015\/12\/16\/8642\/#primaryimage"},"thumbnailUrl":"http:\/\/www.carideal.com\/blog\/wp-content\/uploads\/2015\/12\/motorhead-course-cote-japon-video-drift-300x150.png","datePublished":"2015-12-16T10:02:41+00:00","dateModified":"2020-03-12T07:21:27+00:00","description":"Le magazine automobile Motorhead organise une course de cote exceptionnelle au Japon dur les fameux virages de la montagne de Hakone.","breadcrumb":{"@id":"https:\/\/www.carideal.com\/blog\/2015\/12\/16\/8642\/#breadcrumb"},"inLanguage":"fr-FR","potentialAction":[{"@type":"ReadAction","target":["https:\/\/www.carideal.com\/blog\/2015\/12\/16\/8642\/"]}]},{"@type":"ImageObject","inLanguage":"fr-FR","@id":"https:\/\/www.carideal.com\/blog\/2015\/12\/16\/8642\/#primaryimage","url":"http:\/\/www.carideal.com\/blog\/wp-content\/uploads\/2015\/12\/motorhead-course-cote-japon-video-drift-300x150.png","contentUrl":"http:\/\/www.carideal.com\/blog\/wp-content\/uploads\/2015\/12\/motorhead-course-cote-japon-video-drift-300x150.png"},{"@type":"BreadcrumbList","@id":"https:\/\/www.carideal.com\/blog\/2015\/12\/16\/8642\/#breadcrumb","itemListElement":[{"@type":"ListItem","position":1,"name":"Blog Carid\u00e9al","item":"https:\/\/www.carideal.com\/blog\/"},{"@type":"ListItem","position":2,"name":"Sport Automobile","item":"https:\/\/www.carideal.com\/blog\/sport-auto\/"},{"@type":"ListItem","position":3,"name":"Motorhead course de cote au Japon"}]},{"@type":"WebSite","@id":"https:\/\/www.carideal.com\/blog\/#website","url":"https:\/\/www.carideal.com\/blog\/","name":"Blog auto Carid\u00e9al","description":"Actualit\u00e9 auto par des passionn\u00e9s","publisher":{"@id":"https:\/\/www.carideal.com\/blog\/#organization"},"potentialAction":[{"@type":"SearchAction","target":{"@type":"EntryPoint","urlTemplate":"https:\/\/www.carideal.com\/blog\/?s={search_term_string}"},"query-input":{"@type":"PropertyValueSpecification","valueRequired":true,"valueName":"search_term_string"}}],"inLanguage":"fr-FR"},{"@type":"Organization","@id":"https:\/\/www.carideal.com\/blog\/#organization","name":"Carideal","url":"https:\/\/www.carideal.com\/blog\/","logo":{"@type":"ImageObject","inLanguage":"fr-FR","@id":"https:\/\/www.carideal.com\/blog\/#\/schema\/logo\/image\/","url":"http:\/\/www.carideal.com\/blog\/wp-content\/uploads\/2016\/03\/logo-carideal-mandataire-automobile.png","contentUrl":"http:\/\/www.carideal.com\/blog\/wp-content\/uploads\/2016\/03\/logo-carideal-mandataire-automobile.png","width":300,"height":300,"caption":"Carideal"},"image":{"@id":"https:\/\/www.carideal.com\/blog\/#\/schema\/logo\/image\/"},"sameAs":["https:\/\/www.facebook.com\/Carideal.mandataire.automobile","https:\/\/x.com\/caridealauto","https:\/\/www.instagram.com\/carideal1\/","https:\/\/www.linkedin.com\/company\/carideal.com","https:\/\/fr.pinterest.com\/schiavonsas\/","https:\/\/www.youtube.com\/user\/caridealsas"]},{"@type":"Person","@id":"https:\/\/www.carideal.com\/blog\/#\/schema\/person\/cd95dc7919660de90d31b366f85be1ec","name":"Nicolas SCHIAVON","image":{"@type":"ImageObject","inLanguage":"fr-FR","@id":"https:\/\/www.carideal.com\/blog\/#\/schema\/person\/image\/","url":"https:\/\/secure.gravatar.com\/avatar\/c17e55009e671d92cc7f5dc837dc418a?s=96&r=g","contentUrl":"https:\/\/secure.gravatar.com\/avatar\/c17e55009e671d92cc7f5dc837dc418a?s=96&r=g","caption":"Nicolas SCHIAVON"},"description":"Nicolas Schiavon est tomb\u00e9 tout petit dans la marmite automobile. Ayant eu un garage de marque automobile, mandataire automobile de la premi\u00e8re heure d\u00e8s 1999. Nicolas a cr\u00e9\u00e9 ces premiers sites de vente de voiture et blog automobile d\u00e8s 1994. Carideal est n\u00e9 le 15 d\u00e9cembre 2000 de la volont\u00e9 de vendre des voitures d'occasions en ligne puis des voitures neuves. Il a pu essayer beaucoup de voitures tr\u00e8s diff\u00e9rentes et ayant eu personnellement quelques belles autos, Subaru Impreza, Mitsubishi Lancer Evo 7, Porsche 911, Ferrari Testarrossa, Audi RS3, RS4 et j'en passe...","sameAs":["http:\/\/www.carideal.com","https:\/\/www.facebook.com\/nicolas.schiavon.39","https:\/\/www.instagram.com\/carideal1\/","https:\/\/www.linkedin.com\/in\/nschiavon\/","https:\/\/x.com\/caridealauto","https:\/\/www.youtube.com\/user\/caridealsas\/"],"url":"https:\/\/www.carideal.com\/blog\/author\/nschiavon\/"}]}},"uagb_featured_image_src":{"full":false,"thumbnail":false,"medium":false,"medium_large":false,"large":false,"1536x1536":false,"2048x2048":false,"wppr-widget":false},"uagb_author_info":{"display_name":"Nicolas SCHIAVON","author_link":"https:\/\/www.carideal.com\/blog\/author\/nschiavon\/"},"uagb_comment_info":0,"uagb_excerpt":"Motorhead met des Supercars en Folie sur une route de montagne au Japon Le Magazine Motorhead a initi\u00e9 une course de c\u00f4te, situ\u00e9 sur un\u00a0tron\u00e7on de la route sinueuse de la montagne de Hakone au Japon, Mazda Turnpike. Cet \u00e9v\u00e9nement sp\u00e9cial a \u00e9t\u00e9 l'h\u00f4te d'un large \u00e9ventail de machines de course de classique \u00e0 des\u2026","_links":{"self":[{"href":"https:\/\/www.carideal.com\/blog\/wp-json\/wp\/v2\/posts\/8642"}],"collection":[{"href":"https:\/\/www.carideal.com\/blog\/wp-json\/wp\/v2\/posts"}],"about":[{"href":"https:\/\/www.carideal.com\/blog\/wp-json\/wp\/v2\/types\/post"}],"author":[{"embeddable":true,"href":"https:\/\/www.carideal.com\/blog\/wp-json\/wp\/v2\/users\/3"}],"replies":[{"embeddable":true,"href":"https:\/\/www.carideal.com\/blog\/wp-json\/wp\/v2\/comments?post=8642"}],"version-history":[{"count":0,"href":"https:\/\/www.carideal.com\/blog\/wp-json\/wp\/v2\/posts\/8642\/revisions"}],"wp:attachment":[{"href":"https:\/\/www.carideal.com\/blog\/wp-json\/wp\/v2\/media?parent=8642"}],"wp:term":[{"taxonomy":"category","embeddable":true,"href":"https:\/\/www.carideal.com\/blog\/wp-json\/wp\/v2\/categories?post=8642"},{"taxonomy":"post_tag","embeddable":true,"href":"https:\/\/www.carideal.com\/blog\/wp-json\/wp\/v2\/tags?post=8642"}],"curies":[{"name":"wp","href":"https:\/\/api.w.org\/{rel}","templated":true}]}}