{"id":862,"date":"2011-01-27T22:02:00","date_gmt":"2011-01-27T22:02:00","guid":{"rendered":"http:\/\/carideal.com\/blog\/?p=862"},"modified":"2020-02-05T17:21:42","modified_gmt":"2020-02-05T16:21:42","slug":"citroen-berlingo-i-d-occasion","status":"publish","type":"post","link":"https:\/\/www.carideal.com\/blog\/2011\/01\/27\/citroen-berlingo-i-d-occasion\/","title":{"rendered":"Avis Citroen Berlingo 1 occasion"},"content":{"rendered":"<h2>Avis du Citroen Berlingo 1 d'occasion<\/h2>\n<p>Ce\u00a0<a href=\"http:\/\/www.carideal.com\/blog\/marque-de-voiture-actualites-essais\/citroen\/berlingo\/\">Citroen Berlingo<\/a>\u00a0est une valeur s\u00fbre. Malgr\u00e9 son \u00e2ge avanc\u00e9, le <strong>Berlingo 1 d'occasion<\/strong> est encore \u00e0 la page en mati\u00e8re de comportement routier et de confort de roulement.<\/p>\n<figure id=\"attachment_20691\" aria-describedby=\"caption-attachment-20691\" style=\"width: 438px\" class=\"wp-caption alignnone\"><img loading=\"lazy\" decoding=\"async\" class=\"size-full wp-image-20691\" src=\"http:\/\/www.carideal.com\/blog\/wp-content\/uploads\/2011\/01\/image-7265gbs-citroen-berlingo-occasion-schiavon-carideal-3_m.jpg\" alt=\"Essai Citroen Berlingo 1 occasion\" width=\"448\" height=\"336\" srcset=\"https:\/\/www.carideal.com\/blog\/wp-content\/uploads\/2011\/01\/image-7265gbs-citroen-berlingo-occasion-schiavon-carideal-3_m.jpg 448w, https:\/\/www.carideal.com\/blog\/wp-content\/uploads\/2011\/01\/image-7265gbs-citroen-berlingo-occasion-schiavon-carideal-3_m-300x225.jpg 300w, https:\/\/www.carideal.com\/blog\/wp-content\/uploads\/2011\/01\/image-7265gbs-citroen-berlingo-occasion-schiavon-carideal-3_m-50x38.jpg 50w, https:\/\/www.carideal.com\/blog\/wp-content\/uploads\/2011\/01\/image-7265gbs-citroen-berlingo-occasion-schiavon-carideal-3_m-110x83.jpg 110w, https:\/\/www.carideal.com\/blog\/wp-content\/uploads\/2011\/01\/image-7265gbs-citroen-berlingo-occasion-schiavon-carideal-3_m-420x315.jpg 420w\" sizes=\"(max-width: 448px) 100vw, 448px\" \/><figcaption id=\"caption-attachment-20691\" class=\"wp-caption-text\">Essai Citroen Berlingo 1 occasion<\/figcaption><\/figure>\n<p>Pr\u00e9f\u00e9rez la version restyl\u00e9e depuis octobre 2002 dont la pr\u00e9sentation est plus avenante. Avec son coffre dont la capacit\u00e9 varie de 624 \u00e0 2800 litres, les valises et les gros bagages ne lui font pas peur. Sous le capot, les 1.6 et 20 HDI sont de bons alli\u00e9s, \u00e0 la fois sobres et agr\u00e9ables. Enfin, il est pr\u00e9f\u00e9rable d'opter pour la finition Multispace Pack \u00e9quip\u00e9e de la climatisation de s\u00e9rie.<\/p>\n<ul>\n<li>Retrouvez nos offres de <span style=\"text-decoration: underline;\">Berlingo occasion<\/span> sur Carideal <span style=\"text-decoration: underline;\"><a href=\"http:\/\/www.carideal.com\/\">mandataire auto<\/a><\/span><\/li>\n<\/ul>\n<p>Quand le Citro\u00ebn Berlingo appara\u00eet, c'est \u00e0 l'origine pour remplacer des camionnettes d\u00e9pass\u00e9es, dont la conception remonte aux ann\u00e9es 1980. Le <a href=\"http:\/\/www.carideal.com\/blog\/2011\/02\/25\/le-citroen-c15-dans-star-wars-resiste-au-sabre-laser\/\">C15<\/a> est issu d'une Citro\u00ebn Visa n\u00e9e en 1978 ! Citro\u00ebn lance tout d'abord le Berlingo utilitaire. C'est Citro\u00ebn qui invente le march\u00e9 du Ludospace en lan\u00e7ant, en 1996, une version familiale, appel\u00e9e \"<a href=\"http:\/\/www.carideal.com\/blog\/2012\/02\/09\/nouveau-citroen-berlingo-multispace\/\">multispace<\/a>\", \u00e0 5 places. Citro\u00ebn pour l'occasion revoit les \u00e9quipements du Berlingo \u00e0 la hausse, un peu plus haut de gamme : pare-chocs peints, meilleur choix de mat\u00e9riaux int\u00e9rieurs et de coloris de peinture, hayon monobloc, des moteurs essence disponible etc.<\/p>\n<p>Tr\u00e8s vite le Citroen Berlingo rencontre un certain succ\u00e8s en voiture neuve. Quelques mois apr\u00e8s, les Berlingo 1 d'occasions deviennent tr\u00e8s demand\u00e9s sur le march\u00e9 de la voiture d'occasion.<\/p>\n<h2>Citroen Berlingo 1 occasion pratique et pas cher<\/h2>\n<p>Les clients raffolent du Citroen Berlingo 1 d'occasion qui offre une multitude d'avantages : espace int\u00e9rieur important pour un prix raisonnable. Citroen est d'autant content que la version Berlingo Multispace contribue \u00e0 rentabiliser ses investissements\u00a0industrielles avec l'augmentation des ventes.<\/p>\n<p>Mais si Citro\u00ebn a invent\u00e9 le segment des ludospaces, il attise les convoitises de la concurrence. <a href=\"http:\/\/www.carideal.com\/blog\/marque-de-voiture-actualites-essais\/renault\/\">Renault<\/a> pr\u00e9sente son concurrent, le <a href=\"http:\/\/www.carideal.com\/blog\/2011\/01\/29\/renault-kangoo-ii-d-occasion\/\">Renault Kangoo<\/a> \u00e9quip\u00e9 de s\u00e9rie d'une porte lat\u00e9rale coulissante arri\u00e8re. Citro\u00ebn n'avait pouss\u00e9 la r\u00e9flexion assez loin dans la conception de son <a href=\"http:\/\/www.carideal.com\/blog\/2012\/09\/30\/lachat-dun-loduspace-doccasion-au-bon-prix\/\">ludospace<\/a>. Sur un v\u00e9hicule de loisir, il devait impensable que celui-ci ne soit pas \u00e9quip\u00e9 de porte lat\u00e9rale. Ce d\u00e9tail a fait infl\u00e9chir les ventes du Berlingo 1 d'occasion.\u00a0Citroen a d\u00fb r\u00e9agir dans un minimum de temps.<\/p>\n<p>Citroen sort au printemps 1999, un Berlingo \u00e9quip\u00e9 d'une porte coulissante \u00e0 droite pour des raisons de s\u00e9curit\u00e9. Les ventes de Berlingo 1 d'occasion reprennent le leadership.<\/p>\n<p>Les Fran\u00e7ais aiment le diesel, c'est bien connu. Le Berlingo 1 occasion \u00e9quip\u00e9 du moteur diesel 1.9 de 71 ch est d\u00e9pass\u00e9. D\u00e9but 2000, appara\u00eet un moteur 2L HDi de 90 ch, en sus\u00a0du 1.9 diesel de 71 ch et des deux moteurs\u00a0essence.<\/p>\n<p>Dans la suite logique de cette d\u00e9marche, Renault \u00e9quipe le Kangoo d'une deuxi\u00e8me porte de ce type, \u00e0 gauche. Citro\u00ebn alignera \u00e0 nouveau son offre, avec une deuxi\u00e8me porte coulissante, d'abord en option, puis en s\u00e9rie sur les Multispaces.<\/p>\n<h2>Prix Berlingo 1 occasion<\/h2>\n<p>On peut trouver des Citroen Berlingo 1 d'occasion 1.6 hdi 92 Multispace pack de 2006 avec 90000 km \u00e0 8500 \u20ac.<\/p>\n<ul>\n<li>Retrouvez nos <a href=\"http:\/\/www.carideal.com\/blog\/voitures-occasions\/\"><span style=\"text-decoration: underline;\">voitures d'occasions<\/span><\/a> sur Carideal.com<\/li>\n<\/ul>\n<h2>Vid\u00e9o de Citroen Berlingo 1 occasion<\/h2>\n<p><iframe loading=\"lazy\" src=\"https:\/\/www.youtube.com\/embed\/JxULx0eJbYA\" width=\"420\" height=\"315\" frameborder=\"0\" allowfullscreen=\"allowfullscreen\"><\/iframe><\/p>\n","protected":false},"excerpt":{"rendered":"<p>Avis du Citroen Berlingo 1 d&rsquo;occasion Ce\u00a0Citroen Berlingo\u00a0est une valeur s\u00fbre. Malgr\u00e9 son \u00e2ge avanc\u00e9, le Berlingo 1 d&rsquo;occasion est encore \u00e0 la page en mati\u00e8re de comportement routier et de confort de roulement. Pr\u00e9f\u00e9rez la version restyl\u00e9e depuis octobre 2002 dont la pr\u00e9sentation est plus avenante. Avec son coffre dont la capacit\u00e9 varie de &#8230; <a title=\"Avis Citroen Berlingo 1 occasion\" class=\"read-more\" href=\"https:\/\/www.carideal.com\/blog\/2011\/01\/27\/citroen-berlingo-i-d-occasion\/\" aria-label=\"En savoir plus sur Avis Citroen Berlingo 1 occasion\">Lire plus<\/a><\/p>\n","protected":false},"author":1,"featured_media":20691,"comment_status":"open","ping_status":"open","sticky":false,"template":"","format":"standard","meta":{"_uag_custom_page_level_css":"","_themeisle_gutenberg_block_has_review":false,"footnotes":""},"categories":[6025,5950,17190,6149,5974],"tags":[17183],"class_list":["post-862","post","type-post","status-publish","format-standard","has-post-thumbnail","hentry","category-occasion-type-de-vehicule-type-de-vehicule","category-citroen-essai","category-essais-citroen-berlingo","category-ludospace","category-type-de-vehicule","tag-avis-voiture"],"wppr_data":{"cwp_meta_box_check":"No"},"yoast_head":"<!-- This site is optimized with the Yoast SEO plugin v24.8.1 - https:\/\/yoast.com\/wordpress\/plugins\/seo\/ -->\n<title>Avis Citroen Berlingo 1 occasion - Blog auto Carid\u00e9al<\/title>\n<meta name=\"description\" content=\"Ce Citroen Berlingo est une valeur s\u00fbr. Malgr\u00e9 son \u00e2ge avanc\u00e9, le Berlingo 1 occasion est encore \u00e0 la page en mati\u00e8re de comportement routier et de confort.\" \/>\n<meta name=\"robots\" content=\"index, follow, max-snippet:-1, max-image-preview:large, max-video-preview:-1\" \/>\n<link rel=\"canonical\" href=\"https:\/\/www.carideal.com\/blog\/2011\/01\/27\/citroen-berlingo-i-d-occasion\/\" \/>\n<meta property=\"og:locale\" content=\"fr_FR\" \/>\n<meta property=\"og:type\" content=\"article\" \/>\n<meta property=\"og:title\" content=\"Avis Citroen Berlingo 1 occasion - Blog auto Carid\u00e9al\" \/>\n<meta property=\"og:description\" content=\"Ce Citroen Berlingo est une valeur s\u00fbr. Malgr\u00e9 son \u00e2ge avanc\u00e9, le Berlingo 1 occasion est encore \u00e0 la page en mati\u00e8re de comportement routier et de confort.\" \/>\n<meta property=\"og:url\" content=\"https:\/\/www.carideal.com\/blog\/2011\/01\/27\/citroen-berlingo-i-d-occasion\/\" \/>\n<meta property=\"og:site_name\" content=\"Blog auto Carid\u00e9al\" \/>\n<meta property=\"article:publisher\" content=\"https:\/\/www.facebook.com\/Carideal.mandataire.automobile\" \/>\n<meta property=\"article:author\" content=\"https:\/\/www.facebook.com\/Carideal.mandataire.automobile\/\" \/>\n<meta property=\"article:published_time\" content=\"2011-01-27T22:02:00+00:00\" \/>\n<meta property=\"article:modified_time\" content=\"2020-02-05T16:21:42+00:00\" \/>\n<meta property=\"og:image\" content=\"https:\/\/www.carideal.com\/blog\/wp-content\/uploads\/2011\/01\/image-7265gbs-citroen-berlingo-occasion-schiavon-carideal-3_m.jpg\" \/>\n\t<meta property=\"og:image:width\" content=\"448\" \/>\n\t<meta property=\"og:image:height\" content=\"336\" \/>\n\t<meta property=\"og:image:type\" content=\"image\/jpeg\" \/>\n<meta name=\"author\" content=\"N.S Carideal\" \/>\n<meta name=\"twitter:card\" content=\"summary_large_image\" \/>\n<meta name=\"twitter:creator\" content=\"@caridealauto\" \/>\n<meta name=\"twitter:site\" content=\"@caridealauto\" \/>\n<meta name=\"twitter:label1\" content=\"\u00c9crit par\" \/>\n\t<meta name=\"twitter:data1\" content=\"N.S Carideal\" \/>\n\t<meta name=\"twitter:label2\" content=\"Dur\u00e9e de lecture estim\u00e9e\" \/>\n\t<meta name=\"twitter:data2\" content=\"3 minutes\" \/>\n<script type=\"application\/ld+json\" class=\"yoast-schema-graph\">{\"@context\":\"https:\/\/schema.org\",\"@graph\":[{\"@type\":\"Article\",\"@id\":\"https:\/\/www.carideal.com\/blog\/2011\/01\/27\/citroen-berlingo-i-d-occasion\/#article\",\"isPartOf\":{\"@id\":\"https:\/\/www.carideal.com\/blog\/2011\/01\/27\/citroen-berlingo-i-d-occasion\/\"},\"author\":{\"name\":\"N.S Carideal\",\"@id\":\"https:\/\/www.carideal.com\/blog\/#\/schema\/person\/985c7e757d1042d647f21bfaf8d41ebc\"},\"headline\":\"Avis Citroen Berlingo 1 occasion\",\"datePublished\":\"2011-01-27T22:02:00+00:00\",\"dateModified\":\"2020-02-05T16:21:42+00:00\",\"mainEntityOfPage\":{\"@id\":\"https:\/\/www.carideal.com\/blog\/2011\/01\/27\/citroen-berlingo-i-d-occasion\/\"},\"wordCount\":541,\"commentCount\":0,\"publisher\":{\"@id\":\"https:\/\/www.carideal.com\/blog\/#organization\"},\"image\":{\"@id\":\"https:\/\/www.carideal.com\/blog\/2011\/01\/27\/citroen-berlingo-i-d-occasion\/#primaryimage\"},\"thumbnailUrl\":\"https:\/\/www.carideal.com\/blog\/wp-content\/uploads\/2011\/01\/image-7265gbs-citroen-berlingo-occasion-schiavon-carideal-3_m.jpg\",\"keywords\":[\"Avis voiture - Notes -\"],\"articleSection\":[\"Essai Voiture Occasion\",\"Essais Citroen\",\"Essais Citroen Berlingo\",\"Ludospace\",\"Type de v\u00e9hicule\"],\"inLanguage\":\"fr-FR\",\"potentialAction\":[{\"@type\":\"CommentAction\",\"name\":\"Comment\",\"target\":[\"https:\/\/www.carideal.com\/blog\/2011\/01\/27\/citroen-berlingo-i-d-occasion\/#respond\"]}]},{\"@type\":\"WebPage\",\"@id\":\"https:\/\/www.carideal.com\/blog\/2011\/01\/27\/citroen-berlingo-i-d-occasion\/\",\"url\":\"https:\/\/www.carideal.com\/blog\/2011\/01\/27\/citroen-berlingo-i-d-occasion\/\",\"name\":\"Avis Citroen Berlingo 1 occasion - Blog auto Carid\u00e9al\",\"isPartOf\":{\"@id\":\"https:\/\/www.carideal.com\/blog\/#website\"},\"primaryImageOfPage\":{\"@id\":\"https:\/\/www.carideal.com\/blog\/2011\/01\/27\/citroen-berlingo-i-d-occasion\/#primaryimage\"},\"image\":{\"@id\":\"https:\/\/www.carideal.com\/blog\/2011\/01\/27\/citroen-berlingo-i-d-occasion\/#primaryimage\"},\"thumbnailUrl\":\"https:\/\/www.carideal.com\/blog\/wp-content\/uploads\/2011\/01\/image-7265gbs-citroen-berlingo-occasion-schiavon-carideal-3_m.jpg\",\"datePublished\":\"2011-01-27T22:02:00+00:00\",\"dateModified\":\"2020-02-05T16:21:42+00:00\",\"description\":\"Ce Citroen Berlingo est une valeur s\u00fbr. Malgr\u00e9 son \u00e2ge avanc\u00e9, le Berlingo 1 occasion est encore \u00e0 la page en mati\u00e8re de comportement routier et de confort.\",\"breadcrumb\":{\"@id\":\"https:\/\/www.carideal.com\/blog\/2011\/01\/27\/citroen-berlingo-i-d-occasion\/#breadcrumb\"},\"inLanguage\":\"fr-FR\",\"potentialAction\":[{\"@type\":\"ReadAction\",\"target\":[\"https:\/\/www.carideal.com\/blog\/2011\/01\/27\/citroen-berlingo-i-d-occasion\/\"]}]},{\"@type\":\"ImageObject\",\"inLanguage\":\"fr-FR\",\"@id\":\"https:\/\/www.carideal.com\/blog\/2011\/01\/27\/citroen-berlingo-i-d-occasion\/#primaryimage\",\"url\":\"https:\/\/www.carideal.com\/blog\/wp-content\/uploads\/2011\/01\/image-7265gbs-citroen-berlingo-occasion-schiavon-carideal-3_m.jpg\",\"contentUrl\":\"https:\/\/www.carideal.com\/blog\/wp-content\/uploads\/2011\/01\/image-7265gbs-citroen-berlingo-occasion-schiavon-carideal-3_m.jpg\",\"width\":448,\"height\":336,\"caption\":\"Essai Citroen Berlingo 1 occasion\"},{\"@type\":\"BreadcrumbList\",\"@id\":\"https:\/\/www.carideal.com\/blog\/2011\/01\/27\/citroen-berlingo-i-d-occasion\/#breadcrumb\",\"itemListElement\":[{\"@type\":\"ListItem\",\"position\":1,\"name\":\"Blog Carid\u00e9al\",\"item\":\"https:\/\/www.carideal.com\/blog\/\"},{\"@type\":\"ListItem\",\"position\":2,\"name\":\"Essais automobile\",\"item\":\"https:\/\/www.carideal.com\/blog\/essai\/\"},{\"@type\":\"ListItem\",\"position\":3,\"name\":\"Essais Citroen\",\"item\":\"https:\/\/www.carideal.com\/blog\/essai\/citroen-essai\/\"},{\"@type\":\"ListItem\",\"position\":4,\"name\":\"Essais Citroen Berlingo\",\"item\":\"https:\/\/www.carideal.com\/blog\/essai\/citroen-essai\/essais-citroen-berlingo\/\"},{\"@type\":\"ListItem\",\"position\":5,\"name\":\"Avis Citroen Berlingo 1 occasion\"}]},{\"@type\":\"WebSite\",\"@id\":\"https:\/\/www.carideal.com\/blog\/#website\",\"url\":\"https:\/\/www.carideal.com\/blog\/\",\"name\":\"Blog auto Carid\u00e9al\",\"description\":\"Actualit\u00e9 auto par des passionn\u00e9s\",\"publisher\":{\"@id\":\"https:\/\/www.carideal.com\/blog\/#organization\"},\"potentialAction\":[{\"@type\":\"SearchAction\",\"target\":{\"@type\":\"EntryPoint\",\"urlTemplate\":\"https:\/\/www.carideal.com\/blog\/?s={search_term_string}\"},\"query-input\":{\"@type\":\"PropertyValueSpecification\",\"valueRequired\":true,\"valueName\":\"search_term_string\"}}],\"inLanguage\":\"fr-FR\"},{\"@type\":\"Organization\",\"@id\":\"https:\/\/www.carideal.com\/blog\/#organization\",\"name\":\"Carideal\",\"url\":\"https:\/\/www.carideal.com\/blog\/\",\"logo\":{\"@type\":\"ImageObject\",\"inLanguage\":\"fr-FR\",\"@id\":\"https:\/\/www.carideal.com\/blog\/#\/schema\/logo\/image\/\",\"url\":\"http:\/\/www.carideal.com\/blog\/wp-content\/uploads\/2016\/03\/logo-carideal-mandataire-automobile.png\",\"contentUrl\":\"http:\/\/www.carideal.com\/blog\/wp-content\/uploads\/2016\/03\/logo-carideal-mandataire-automobile.png\",\"width\":300,\"height\":300,\"caption\":\"Carideal\"},\"image\":{\"@id\":\"https:\/\/www.carideal.com\/blog\/#\/schema\/logo\/image\/\"},\"sameAs\":[\"https:\/\/www.facebook.com\/Carideal.mandataire.automobile\",\"https:\/\/x.com\/caridealauto\",\"https:\/\/www.instagram.com\/carideal1\/\",\"https:\/\/www.linkedin.com\/company\/carideal.com\",\"https:\/\/fr.pinterest.com\/schiavonsas\/\",\"https:\/\/www.youtube.com\/user\/caridealsas\"]},{\"@type\":\"Person\",\"@id\":\"https:\/\/www.carideal.com\/blog\/#\/schema\/person\/985c7e757d1042d647f21bfaf8d41ebc\",\"name\":\"N.S Carideal\",\"image\":{\"@type\":\"ImageObject\",\"inLanguage\":\"fr-FR\",\"@id\":\"https:\/\/www.carideal.com\/blog\/#\/schema\/person\/image\/\",\"url\":\"https:\/\/secure.gravatar.com\/avatar\/edb7ccdf1a4e3d14aef967760d354d0e?s=96&r=g\",\"contentUrl\":\"https:\/\/secure.gravatar.com\/avatar\/edb7ccdf1a4e3d14aef967760d354d0e?s=96&r=g\",\"caption\":\"N.S Carideal\"},\"description\":\"Depuis tout petit fan d'automobile. Il est question d'essayer et de comparer toutes ces voitures qui nous ont fait r\u00e9ver, avant que celles-ci ne devient uniquement des voitures de collection.\",\"sameAs\":[\"http:\/\/www.carideal.com\/blog\",\"https:\/\/www.facebook.com\/Carideal.mandataire.automobile\/\",\"https:\/\/www.linkedin.com\/in\/nschiavon\/\",\"https:\/\/www.youtube.com\/user\/caridealsas\/\"],\"url\":\"https:\/\/www.carideal.com\/blog\/author\/admin_carideal\/\"}]}<\/script>\n<!-- \/ Yoast SEO plugin. -->","yoast_head_json":{"title":"Avis Citroen Berlingo 1 occasion - Blog auto Carid\u00e9al","description":"Ce Citroen Berlingo est une valeur s\u00fbr. Malgr\u00e9 son \u00e2ge avanc\u00e9, le Berlingo 1 occasion est encore \u00e0 la page en mati\u00e8re de comportement routier et de confort.","robots":{"index":"index","follow":"follow","max-snippet":"max-snippet:-1","max-image-preview":"max-image-preview:large","max-video-preview":"max-video-preview:-1"},"canonical":"https:\/\/www.carideal.com\/blog\/2011\/01\/27\/citroen-berlingo-i-d-occasion\/","og_locale":"fr_FR","og_type":"article","og_title":"Avis Citroen Berlingo 1 occasion - Blog auto Carid\u00e9al","og_description":"Ce Citroen Berlingo est une valeur s\u00fbr. Malgr\u00e9 son \u00e2ge avanc\u00e9, le Berlingo 1 occasion est encore \u00e0 la page en mati\u00e8re de comportement routier et de confort.","og_url":"https:\/\/www.carideal.com\/blog\/2011\/01\/27\/citroen-berlingo-i-d-occasion\/","og_site_name":"Blog auto Carid\u00e9al","article_publisher":"https:\/\/www.facebook.com\/Carideal.mandataire.automobile","article_author":"https:\/\/www.facebook.com\/Carideal.mandataire.automobile\/","article_published_time":"2011-01-27T22:02:00+00:00","article_modified_time":"2020-02-05T16:21:42+00:00","og_image":[{"width":448,"height":336,"url":"https:\/\/www.carideal.com\/blog\/wp-content\/uploads\/2011\/01\/image-7265gbs-citroen-berlingo-occasion-schiavon-carideal-3_m.jpg","type":"image\/jpeg"}],"author":"N.S Carideal","twitter_card":"summary_large_image","twitter_creator":"@caridealauto","twitter_site":"@caridealauto","twitter_misc":{"\u00c9crit par":"N.S Carideal","Dur\u00e9e de lecture estim\u00e9e":"3 minutes"},"schema":{"@context":"https:\/\/schema.org","@graph":[{"@type":"Article","@id":"https:\/\/www.carideal.com\/blog\/2011\/01\/27\/citroen-berlingo-i-d-occasion\/#article","isPartOf":{"@id":"https:\/\/www.carideal.com\/blog\/2011\/01\/27\/citroen-berlingo-i-d-occasion\/"},"author":{"name":"N.S Carideal","@id":"https:\/\/www.carideal.com\/blog\/#\/schema\/person\/985c7e757d1042d647f21bfaf8d41ebc"},"headline":"Avis Citroen Berlingo 1 occasion","datePublished":"2011-01-27T22:02:00+00:00","dateModified":"2020-02-05T16:21:42+00:00","mainEntityOfPage":{"@id":"https:\/\/www.carideal.com\/blog\/2011\/01\/27\/citroen-berlingo-i-d-occasion\/"},"wordCount":541,"commentCount":0,"publisher":{"@id":"https:\/\/www.carideal.com\/blog\/#organization"},"image":{"@id":"https:\/\/www.carideal.com\/blog\/2011\/01\/27\/citroen-berlingo-i-d-occasion\/#primaryimage"},"thumbnailUrl":"https:\/\/www.carideal.com\/blog\/wp-content\/uploads\/2011\/01\/image-7265gbs-citroen-berlingo-occasion-schiavon-carideal-3_m.jpg","keywords":["Avis voiture - Notes -"],"articleSection":["Essai Voiture Occasion","Essais Citroen","Essais Citroen Berlingo","Ludospace","Type de v\u00e9hicule"],"inLanguage":"fr-FR","potentialAction":[{"@type":"CommentAction","name":"Comment","target":["https:\/\/www.carideal.com\/blog\/2011\/01\/27\/citroen-berlingo-i-d-occasion\/#respond"]}]},{"@type":"WebPage","@id":"https:\/\/www.carideal.com\/blog\/2011\/01\/27\/citroen-berlingo-i-d-occasion\/","url":"https:\/\/www.carideal.com\/blog\/2011\/01\/27\/citroen-berlingo-i-d-occasion\/","name":"Avis Citroen Berlingo 1 occasion - Blog auto Carid\u00e9al","isPartOf":{"@id":"https:\/\/www.carideal.com\/blog\/#website"},"primaryImageOfPage":{"@id":"https:\/\/www.carideal.com\/blog\/2011\/01\/27\/citroen-berlingo-i-d-occasion\/#primaryimage"},"image":{"@id":"https:\/\/www.carideal.com\/blog\/2011\/01\/27\/citroen-berlingo-i-d-occasion\/#primaryimage"},"thumbnailUrl":"https:\/\/www.carideal.com\/blog\/wp-content\/uploads\/2011\/01\/image-7265gbs-citroen-berlingo-occasion-schiavon-carideal-3_m.jpg","datePublished":"2011-01-27T22:02:00+00:00","dateModified":"2020-02-05T16:21:42+00:00","description":"Ce Citroen Berlingo est une valeur s\u00fbr. Malgr\u00e9 son \u00e2ge avanc\u00e9, le Berlingo 1 occasion est encore \u00e0 la page en mati\u00e8re de comportement routier et de confort.","breadcrumb":{"@id":"https:\/\/www.carideal.com\/blog\/2011\/01\/27\/citroen-berlingo-i-d-occasion\/#breadcrumb"},"inLanguage":"fr-FR","potentialAction":[{"@type":"ReadAction","target":["https:\/\/www.carideal.com\/blog\/2011\/01\/27\/citroen-berlingo-i-d-occasion\/"]}]},{"@type":"ImageObject","inLanguage":"fr-FR","@id":"https:\/\/www.carideal.com\/blog\/2011\/01\/27\/citroen-berlingo-i-d-occasion\/#primaryimage","url":"https:\/\/www.carideal.com\/blog\/wp-content\/uploads\/2011\/01\/image-7265gbs-citroen-berlingo-occasion-schiavon-carideal-3_m.jpg","contentUrl":"https:\/\/www.carideal.com\/blog\/wp-content\/uploads\/2011\/01\/image-7265gbs-citroen-berlingo-occasion-schiavon-carideal-3_m.jpg","width":448,"height":336,"caption":"Essai Citroen Berlingo 1 occasion"},{"@type":"BreadcrumbList","@id":"https:\/\/www.carideal.com\/blog\/2011\/01\/27\/citroen-berlingo-i-d-occasion\/#breadcrumb","itemListElement":[{"@type":"ListItem","position":1,"name":"Blog Carid\u00e9al","item":"https:\/\/www.carideal.com\/blog\/"},{"@type":"ListItem","position":2,"name":"Essais automobile","item":"https:\/\/www.carideal.com\/blog\/essai\/"},{"@type":"ListItem","position":3,"name":"Essais Citroen","item":"https:\/\/www.carideal.com\/blog\/essai\/citroen-essai\/"},{"@type":"ListItem","position":4,"name":"Essais Citroen Berlingo","item":"https:\/\/www.carideal.com\/blog\/essai\/citroen-essai\/essais-citroen-berlingo\/"},{"@type":"ListItem","position":5,"name":"Avis Citroen Berlingo 1 occasion"}]},{"@type":"WebSite","@id":"https:\/\/www.carideal.com\/blog\/#website","url":"https:\/\/www.carideal.com\/blog\/","name":"Blog auto Carid\u00e9al","description":"Actualit\u00e9 auto par des passionn\u00e9s","publisher":{"@id":"https:\/\/www.carideal.com\/blog\/#organization"},"potentialAction":[{"@type":"SearchAction","target":{"@type":"EntryPoint","urlTemplate":"https:\/\/www.carideal.com\/blog\/?s={search_term_string}"},"query-input":{"@type":"PropertyValueSpecification","valueRequired":true,"valueName":"search_term_string"}}],"inLanguage":"fr-FR"},{"@type":"Organization","@id":"https:\/\/www.carideal.com\/blog\/#organization","name":"Carideal","url":"https:\/\/www.carideal.com\/blog\/","logo":{"@type":"ImageObject","inLanguage":"fr-FR","@id":"https:\/\/www.carideal.com\/blog\/#\/schema\/logo\/image\/","url":"http:\/\/www.carideal.com\/blog\/wp-content\/uploads\/2016\/03\/logo-carideal-mandataire-automobile.png","contentUrl":"http:\/\/www.carideal.com\/blog\/wp-content\/uploads\/2016\/03\/logo-carideal-mandataire-automobile.png","width":300,"height":300,"caption":"Carideal"},"image":{"@id":"https:\/\/www.carideal.com\/blog\/#\/schema\/logo\/image\/"},"sameAs":["https:\/\/www.facebook.com\/Carideal.mandataire.automobile","https:\/\/x.com\/caridealauto","https:\/\/www.instagram.com\/carideal1\/","https:\/\/www.linkedin.com\/company\/carideal.com","https:\/\/fr.pinterest.com\/schiavonsas\/","https:\/\/www.youtube.com\/user\/caridealsas"]},{"@type":"Person","@id":"https:\/\/www.carideal.com\/blog\/#\/schema\/person\/985c7e757d1042d647f21bfaf8d41ebc","name":"N.S Carideal","image":{"@type":"ImageObject","inLanguage":"fr-FR","@id":"https:\/\/www.carideal.com\/blog\/#\/schema\/person\/image\/","url":"https:\/\/secure.gravatar.com\/avatar\/edb7ccdf1a4e3d14aef967760d354d0e?s=96&r=g","contentUrl":"https:\/\/secure.gravatar.com\/avatar\/edb7ccdf1a4e3d14aef967760d354d0e?s=96&r=g","caption":"N.S Carideal"},"description":"Depuis tout petit fan d'automobile. Il est question d'essayer et de comparer toutes ces voitures qui nous ont fait r\u00e9ver, avant que celles-ci ne devient uniquement des voitures de collection.","sameAs":["http:\/\/www.carideal.com\/blog","https:\/\/www.facebook.com\/Carideal.mandataire.automobile\/","https:\/\/www.linkedin.com\/in\/nschiavon\/","https:\/\/www.youtube.com\/user\/caridealsas\/"],"url":"https:\/\/www.carideal.com\/blog\/author\/admin_carideal\/"}]}},"uagb_featured_image_src":{"full":["https:\/\/www.carideal.com\/blog\/wp-content\/uploads\/2011\/01\/image-7265gbs-citroen-berlingo-occasion-schiavon-carideal-3_m.jpg",448,336,false],"thumbnail":["https:\/\/www.carideal.com\/blog\/wp-content\/uploads\/2011\/01\/image-7265gbs-citroen-berlingo-occasion-schiavon-carideal-3_m-150x150.jpg",150,150,true],"medium":["https:\/\/www.carideal.com\/blog\/wp-content\/uploads\/2011\/01\/image-7265gbs-citroen-berlingo-occasion-schiavon-carideal-3_m-300x225.jpg",300,225,true],"medium_large":["https:\/\/www.carideal.com\/blog\/wp-content\/uploads\/2011\/01\/image-7265gbs-citroen-berlingo-occasion-schiavon-carideal-3_m.jpg",448,336,false],"large":["https:\/\/www.carideal.com\/blog\/wp-content\/uploads\/2011\/01\/image-7265gbs-citroen-berlingo-occasion-schiavon-carideal-3_m.jpg",448,336,false],"1536x1536":["https:\/\/www.carideal.com\/blog\/wp-content\/uploads\/2011\/01\/image-7265gbs-citroen-berlingo-occasion-schiavon-carideal-3_m.jpg",448,336,false],"2048x2048":["https:\/\/www.carideal.com\/blog\/wp-content\/uploads\/2011\/01\/image-7265gbs-citroen-berlingo-occasion-schiavon-carideal-3_m.jpg",448,336,false],"wppr-widget":["https:\/\/www.carideal.com\/blog\/wp-content\/uploads\/2011\/01\/image-7265gbs-citroen-berlingo-occasion-schiavon-carideal-3_m-50x38.jpg",50,38,true]},"uagb_author_info":{"display_name":"N.S Carideal","author_link":"https:\/\/www.carideal.com\/blog\/author\/admin_carideal\/"},"uagb_comment_info":0,"uagb_excerpt":"Avis du Citroen Berlingo 1 d'occasion Ce\u00a0Citroen Berlingo\u00a0est une valeur s\u00fbre. Malgr\u00e9 son \u00e2ge avanc\u00e9, le Berlingo 1 d'occasion est encore \u00e0 la page en mati\u00e8re de comportement routier et de confort de roulement. Pr\u00e9f\u00e9rez la version restyl\u00e9e depuis octobre 2002 dont la pr\u00e9sentation est plus avenante. Avec son coffre dont la capacit\u00e9 varie de\u2026","_links":{"self":[{"href":"https:\/\/www.carideal.com\/blog\/wp-json\/wp\/v2\/posts\/862"}],"collection":[{"href":"https:\/\/www.carideal.com\/blog\/wp-json\/wp\/v2\/posts"}],"about":[{"href":"https:\/\/www.carideal.com\/blog\/wp-json\/wp\/v2\/types\/post"}],"author":[{"embeddable":true,"href":"https:\/\/www.carideal.com\/blog\/wp-json\/wp\/v2\/users\/1"}],"replies":[{"embeddable":true,"href":"https:\/\/www.carideal.com\/blog\/wp-json\/wp\/v2\/comments?post=862"}],"version-history":[{"count":0,"href":"https:\/\/www.carideal.com\/blog\/wp-json\/wp\/v2\/posts\/862\/revisions"}],"wp:featuredmedia":[{"embeddable":true,"href":"https:\/\/www.carideal.com\/blog\/wp-json\/wp\/v2\/media\/20691"}],"wp:attachment":[{"href":"https:\/\/www.carideal.com\/blog\/wp-json\/wp\/v2\/media?parent=862"}],"wp:term":[{"taxonomy":"category","embeddable":true,"href":"https:\/\/www.carideal.com\/blog\/wp-json\/wp\/v2\/categories?post=862"},{"taxonomy":"post_tag","embeddable":true,"href":"https:\/\/www.carideal.com\/blog\/wp-json\/wp\/v2\/tags?post=862"}],"curies":[{"name":"wp","href":"https:\/\/api.w.org\/{rel}","templated":true}]}}