{"id":86,"date":"2011-05-30T17:05:00","date_gmt":"2011-05-30T17:05:00","guid":{"rendered":"http:\/\/carideal.com\/blog\/?p=86"},"modified":"2020-03-07T16:45:27","modified_gmt":"2020-03-07T15:45:27","slug":"le-prix-de-l-essence-a-2e","status":"publish","type":"post","link":"https:\/\/www.carideal.com\/blog\/2011\/05\/30\/le-prix-de-l-essence-a-2e\/","title":{"rendered":"Le prix de l essence a 2\u20ac"},"content":{"rendered":"<\/p>\n<blockquote>\n<p>Sans aller jusque l\u00e0 le prix du carburant devient important dans un m\u00e9nage<\/p>\n<\/blockquote>\n<p>Le patron de Total Christophe de Margerie, le dit et r\u00e9p\u00e8te le prix des carburant va d\u00e9passer <a href=\"\/blog\/index.php?tag\/2%E2%82%AC\">2\u20ac<\/a> au <a href=\"\/blog\/index.php?tag\/litre\">litre<\/a>\". Rien que \u00e7a&nbsp;? Et comme les taxes ne vont pas baisser le budget va s'en ressentir, on a beau essayer de trouver des combines pour traquer la pompe la moins ch\u00e8re, c'est ind\u00e9niable. Il faut donc soit remplacer sa R12 par une voiture qui consomme moins, soit r\u00e9apprendre \u00e0 conduire :<br \/>\nL'entretien de votre voiture doit \u00eatre parfait, filtre \u00e0 air et carburant, propre, bougies injecteurs nickel et idem si ...vous avez encore un carburateur, mais l\u00e0 on ne peut plus rien pour vous ....<br \/>\nLes pneus doivent \u00eatre bien gonfl\u00e9s et il faut d\u00e9monter les barre de toit et autre coffre de toit.<br \/>\nIl faut surveiller aussi son style de conduite, ne pas rouler trop vite. La vitesse influe au carr\u00e9 sur la consommation et une conduite cool pleine d'anticipation vous permettra de gagner 1 voir 2 litres au 100 km.<br \/>\nPensez \u00e0 changer de rapport au r\u00e9gime de couple, c'est \u00e0 dire vers 2000 tr\/min pour un diesel et 2700 tr\/min pour une essence. Les derni\u00e8res voitures sont \u00e9quip\u00e9es d'un indicateur de changement de rapport.<br \/>\nDans tout les cas une chose est toujours vrai&nbsp;: pensez qu'\u00e0 chaque fois que vous freinez vous <a href=\"\/blog\/index.php?tag\/gaspillez\">gaspillez<\/a> le carburant que vous avez brull\u00e9 pour avancer.<\/p>\n<p><a href=\"\/blog\/index.php?post\/2011\/03\/11\/Encrassement-injecteur-diesel\">\/ encrassement moteur diesel<\/a> <\/p>\n","protected":false},"excerpt":{"rendered":"<p>Sans aller jusque l\u00e0 le prix du carburant devient important dans un m\u00e9nage Le patron de Total Christophe de Margerie, le dit et r\u00e9p\u00e8te le prix des carburant va d\u00e9passer 2\u20ac au litre\u00a0\u00bb. Rien que \u00e7a&nbsp;? Et comme les taxes ne vont pas baisser le budget va s&rsquo;en ressentir, on a beau essayer de trouver &#8230; <a title=\"Le prix de l essence a 2\u20ac\" class=\"read-more\" href=\"https:\/\/www.carideal.com\/blog\/2011\/05\/30\/le-prix-de-l-essence-a-2e\/\" aria-label=\"En savoir plus sur Le prix de l essence a 2\u20ac\">Lire plus<\/a><\/p>\n","protected":false},"author":1,"featured_media":0,"comment_status":"open","ping_status":"open","sticky":false,"template":"","format":"standard","meta":{"_uag_custom_page_level_css":"","_themeisle_gutenberg_block_has_review":false,"footnotes":""},"categories":[3],"tags":[],"class_list":["post-86","post","type-post","status-publish","format-standard","hentry","category-actualites-financieres"],"wppr_data":[],"yoast_head":"<!-- This site is optimized with the Yoast SEO plugin v24.8.1 - https:\/\/yoast.com\/wordpress\/plugins\/seo\/ -->\n<title>Le prix de l essence a 2\u20ac - Blog auto Carid\u00e9al<\/title>\n<meta name=\"robots\" content=\"index, follow, max-snippet:-1, max-image-preview:large, max-video-preview:-1\" \/>\n<link rel=\"canonical\" href=\"https:\/\/www.carideal.com\/blog\/2011\/05\/30\/le-prix-de-l-essence-a-2e\/\" \/>\n<meta property=\"og:locale\" content=\"fr_FR\" \/>\n<meta property=\"og:type\" content=\"article\" \/>\n<meta property=\"og:title\" content=\"Le prix de l essence a 2\u20ac - Blog auto Carid\u00e9al\" \/>\n<meta property=\"og:description\" content=\"Sans aller jusque l\u00e0 le prix du carburant devient important dans un m\u00e9nage Le patron de Total Christophe de Margerie, le dit et r\u00e9p\u00e8te le prix des carburant va d\u00e9passer 2\u20ac au litre&quot;. Rien que \u00e7a&nbsp;? Et comme les taxes ne vont pas baisser le budget va s&#039;en ressentir, on a beau essayer de trouver ... Lire plus\" \/>\n<meta property=\"og:url\" content=\"https:\/\/www.carideal.com\/blog\/2011\/05\/30\/le-prix-de-l-essence-a-2e\/\" \/>\n<meta property=\"og:site_name\" content=\"Blog auto Carid\u00e9al\" \/>\n<meta property=\"article:publisher\" content=\"https:\/\/www.facebook.com\/Carideal.mandataire.automobile\" \/>\n<meta property=\"article:author\" content=\"https:\/\/www.facebook.com\/Carideal.mandataire.automobile\/\" \/>\n<meta property=\"article:published_time\" content=\"2011-05-30T17:05:00+00:00\" \/>\n<meta property=\"article:modified_time\" content=\"2020-03-07T15:45:27+00:00\" \/>\n<meta property=\"og:image\" content=\"https:\/\/www.carideal.com\/blog\/wp-content\/uploads\/2016\/03\/logo-carideal-mandataire-automobile.png\" \/>\n\t<meta property=\"og:image:width\" content=\"300\" \/>\n\t<meta property=\"og:image:height\" content=\"300\" \/>\n\t<meta property=\"og:image:type\" content=\"image\/png\" \/>\n<meta name=\"author\" content=\"N.S Carideal\" \/>\n<meta name=\"twitter:card\" content=\"summary_large_image\" \/>\n<meta name=\"twitter:creator\" content=\"@caridealauto\" \/>\n<meta name=\"twitter:site\" content=\"@caridealauto\" \/>\n<meta name=\"twitter:label1\" content=\"\u00c9crit par\" \/>\n\t<meta name=\"twitter:data1\" content=\"N.S Carideal\" \/>\n\t<meta name=\"twitter:label2\" content=\"Dur\u00e9e de lecture estim\u00e9e\" \/>\n\t<meta name=\"twitter:data2\" content=\"1 minute\" \/>\n<script type=\"application\/ld+json\" class=\"yoast-schema-graph\">{\"@context\":\"https:\/\/schema.org\",\"@graph\":[{\"@type\":\"Article\",\"@id\":\"https:\/\/www.carideal.com\/blog\/2011\/05\/30\/le-prix-de-l-essence-a-2e\/#article\",\"isPartOf\":{\"@id\":\"https:\/\/www.carideal.com\/blog\/2011\/05\/30\/le-prix-de-l-essence-a-2e\/\"},\"author\":{\"name\":\"N.S Carideal\",\"@id\":\"https:\/\/www.carideal.com\/blog\/#\/schema\/person\/985c7e757d1042d647f21bfaf8d41ebc\"},\"headline\":\"Le prix de l essence a 2\u20ac\",\"datePublished\":\"2011-05-30T17:05:00+00:00\",\"dateModified\":\"2020-03-07T15:45:27+00:00\",\"mainEntityOfPage\":{\"@id\":\"https:\/\/www.carideal.com\/blog\/2011\/05\/30\/le-prix-de-l-essence-a-2e\/\"},\"wordCount\":249,\"commentCount\":0,\"publisher\":{\"@id\":\"https:\/\/www.carideal.com\/blog\/#organization\"},\"articleSection\":[\"Actualit\u00e9 Financi\u00e8re\"],\"inLanguage\":\"fr-FR\",\"potentialAction\":[{\"@type\":\"CommentAction\",\"name\":\"Comment\",\"target\":[\"https:\/\/www.carideal.com\/blog\/2011\/05\/30\/le-prix-de-l-essence-a-2e\/#respond\"]}]},{\"@type\":\"WebPage\",\"@id\":\"https:\/\/www.carideal.com\/blog\/2011\/05\/30\/le-prix-de-l-essence-a-2e\/\",\"url\":\"https:\/\/www.carideal.com\/blog\/2011\/05\/30\/le-prix-de-l-essence-a-2e\/\",\"name\":\"Le prix de l essence a 2\u20ac - Blog auto Carid\u00e9al\",\"isPartOf\":{\"@id\":\"https:\/\/www.carideal.com\/blog\/#website\"},\"datePublished\":\"2011-05-30T17:05:00+00:00\",\"dateModified\":\"2020-03-07T15:45:27+00:00\",\"breadcrumb\":{\"@id\":\"https:\/\/www.carideal.com\/blog\/2011\/05\/30\/le-prix-de-l-essence-a-2e\/#breadcrumb\"},\"inLanguage\":\"fr-FR\",\"potentialAction\":[{\"@type\":\"ReadAction\",\"target\":[\"https:\/\/www.carideal.com\/blog\/2011\/05\/30\/le-prix-de-l-essence-a-2e\/\"]}]},{\"@type\":\"BreadcrumbList\",\"@id\":\"https:\/\/www.carideal.com\/blog\/2011\/05\/30\/le-prix-de-l-essence-a-2e\/#breadcrumb\",\"itemListElement\":[{\"@type\":\"ListItem\",\"position\":1,\"name\":\"Blog Carid\u00e9al\",\"item\":\"https:\/\/www.carideal.com\/blog\/\"},{\"@type\":\"ListItem\",\"position\":2,\"name\":\"Actualit\u00e9 Financi\u00e8re\",\"item\":\"https:\/\/www.carideal.com\/blog\/actualites-financieres\/\"},{\"@type\":\"ListItem\",\"position\":3,\"name\":\"Le prix de l essence a 2\u20ac\"}]},{\"@type\":\"WebSite\",\"@id\":\"https:\/\/www.carideal.com\/blog\/#website\",\"url\":\"https:\/\/www.carideal.com\/blog\/\",\"name\":\"Blog auto Carid\u00e9al\",\"description\":\"Actualit\u00e9 auto par des passionn\u00e9s\",\"publisher\":{\"@id\":\"https:\/\/www.carideal.com\/blog\/#organization\"},\"potentialAction\":[{\"@type\":\"SearchAction\",\"target\":{\"@type\":\"EntryPoint\",\"urlTemplate\":\"https:\/\/www.carideal.com\/blog\/?s={search_term_string}\"},\"query-input\":{\"@type\":\"PropertyValueSpecification\",\"valueRequired\":true,\"valueName\":\"search_term_string\"}}],\"inLanguage\":\"fr-FR\"},{\"@type\":\"Organization\",\"@id\":\"https:\/\/www.carideal.com\/blog\/#organization\",\"name\":\"Carideal\",\"url\":\"https:\/\/www.carideal.com\/blog\/\",\"logo\":{\"@type\":\"ImageObject\",\"inLanguage\":\"fr-FR\",\"@id\":\"https:\/\/www.carideal.com\/blog\/#\/schema\/logo\/image\/\",\"url\":\"http:\/\/www.carideal.com\/blog\/wp-content\/uploads\/2016\/03\/logo-carideal-mandataire-automobile.png\",\"contentUrl\":\"http:\/\/www.carideal.com\/blog\/wp-content\/uploads\/2016\/03\/logo-carideal-mandataire-automobile.png\",\"width\":300,\"height\":300,\"caption\":\"Carideal\"},\"image\":{\"@id\":\"https:\/\/www.carideal.com\/blog\/#\/schema\/logo\/image\/\"},\"sameAs\":[\"https:\/\/www.facebook.com\/Carideal.mandataire.automobile\",\"https:\/\/x.com\/caridealauto\",\"https:\/\/www.instagram.com\/carideal1\/\",\"https:\/\/www.linkedin.com\/company\/carideal.com\",\"https:\/\/fr.pinterest.com\/schiavonsas\/\",\"https:\/\/www.youtube.com\/user\/caridealsas\"]},{\"@type\":\"Person\",\"@id\":\"https:\/\/www.carideal.com\/blog\/#\/schema\/person\/985c7e757d1042d647f21bfaf8d41ebc\",\"name\":\"N.S Carideal\",\"image\":{\"@type\":\"ImageObject\",\"inLanguage\":\"fr-FR\",\"@id\":\"https:\/\/www.carideal.com\/blog\/#\/schema\/person\/image\/\",\"url\":\"https:\/\/secure.gravatar.com\/avatar\/edb7ccdf1a4e3d14aef967760d354d0e?s=96&r=g\",\"contentUrl\":\"https:\/\/secure.gravatar.com\/avatar\/edb7ccdf1a4e3d14aef967760d354d0e?s=96&r=g\",\"caption\":\"N.S Carideal\"},\"description\":\"Depuis tout petit fan d'automobile. Il est question d'essayer et de comparer toutes ces voitures qui nous ont fait r\u00e9ver, avant que celles-ci ne devient uniquement des voitures de collection.\",\"sameAs\":[\"http:\/\/www.carideal.com\/blog\",\"https:\/\/www.facebook.com\/Carideal.mandataire.automobile\/\",\"https:\/\/www.linkedin.com\/in\/nschiavon\/\",\"https:\/\/www.youtube.com\/user\/caridealsas\/\"],\"url\":\"https:\/\/www.carideal.com\/blog\/author\/admin_carideal\/\"}]}<\/script>\n<!-- \/ Yoast SEO plugin. -->","yoast_head_json":{"title":"Le prix de l essence a 2\u20ac - Blog auto Carid\u00e9al","robots":{"index":"index","follow":"follow","max-snippet":"max-snippet:-1","max-image-preview":"max-image-preview:large","max-video-preview":"max-video-preview:-1"},"canonical":"https:\/\/www.carideal.com\/blog\/2011\/05\/30\/le-prix-de-l-essence-a-2e\/","og_locale":"fr_FR","og_type":"article","og_title":"Le prix de l essence a 2\u20ac - Blog auto Carid\u00e9al","og_description":"Sans aller jusque l\u00e0 le prix du carburant devient important dans un m\u00e9nage Le patron de Total Christophe de Margerie, le dit et r\u00e9p\u00e8te le prix des carburant va d\u00e9passer 2\u20ac au litre\". Rien que \u00e7a&nbsp;? Et comme les taxes ne vont pas baisser le budget va s'en ressentir, on a beau essayer de trouver ... Lire plus","og_url":"https:\/\/www.carideal.com\/blog\/2011\/05\/30\/le-prix-de-l-essence-a-2e\/","og_site_name":"Blog auto Carid\u00e9al","article_publisher":"https:\/\/www.facebook.com\/Carideal.mandataire.automobile","article_author":"https:\/\/www.facebook.com\/Carideal.mandataire.automobile\/","article_published_time":"2011-05-30T17:05:00+00:00","article_modified_time":"2020-03-07T15:45:27+00:00","og_image":[{"width":300,"height":300,"url":"https:\/\/www.carideal.com\/blog\/wp-content\/uploads\/2016\/03\/logo-carideal-mandataire-automobile.png","type":"image\/png"}],"author":"N.S Carideal","twitter_card":"summary_large_image","twitter_creator":"@caridealauto","twitter_site":"@caridealauto","twitter_misc":{"\u00c9crit par":"N.S Carideal","Dur\u00e9e de lecture estim\u00e9e":"1 minute"},"schema":{"@context":"https:\/\/schema.org","@graph":[{"@type":"Article","@id":"https:\/\/www.carideal.com\/blog\/2011\/05\/30\/le-prix-de-l-essence-a-2e\/#article","isPartOf":{"@id":"https:\/\/www.carideal.com\/blog\/2011\/05\/30\/le-prix-de-l-essence-a-2e\/"},"author":{"name":"N.S Carideal","@id":"https:\/\/www.carideal.com\/blog\/#\/schema\/person\/985c7e757d1042d647f21bfaf8d41ebc"},"headline":"Le prix de l essence a 2\u20ac","datePublished":"2011-05-30T17:05:00+00:00","dateModified":"2020-03-07T15:45:27+00:00","mainEntityOfPage":{"@id":"https:\/\/www.carideal.com\/blog\/2011\/05\/30\/le-prix-de-l-essence-a-2e\/"},"wordCount":249,"commentCount":0,"publisher":{"@id":"https:\/\/www.carideal.com\/blog\/#organization"},"articleSection":["Actualit\u00e9 Financi\u00e8re"],"inLanguage":"fr-FR","potentialAction":[{"@type":"CommentAction","name":"Comment","target":["https:\/\/www.carideal.com\/blog\/2011\/05\/30\/le-prix-de-l-essence-a-2e\/#respond"]}]},{"@type":"WebPage","@id":"https:\/\/www.carideal.com\/blog\/2011\/05\/30\/le-prix-de-l-essence-a-2e\/","url":"https:\/\/www.carideal.com\/blog\/2011\/05\/30\/le-prix-de-l-essence-a-2e\/","name":"Le prix de l essence a 2\u20ac - Blog auto Carid\u00e9al","isPartOf":{"@id":"https:\/\/www.carideal.com\/blog\/#website"},"datePublished":"2011-05-30T17:05:00+00:00","dateModified":"2020-03-07T15:45:27+00:00","breadcrumb":{"@id":"https:\/\/www.carideal.com\/blog\/2011\/05\/30\/le-prix-de-l-essence-a-2e\/#breadcrumb"},"inLanguage":"fr-FR","potentialAction":[{"@type":"ReadAction","target":["https:\/\/www.carideal.com\/blog\/2011\/05\/30\/le-prix-de-l-essence-a-2e\/"]}]},{"@type":"BreadcrumbList","@id":"https:\/\/www.carideal.com\/blog\/2011\/05\/30\/le-prix-de-l-essence-a-2e\/#breadcrumb","itemListElement":[{"@type":"ListItem","position":1,"name":"Blog Carid\u00e9al","item":"https:\/\/www.carideal.com\/blog\/"},{"@type":"ListItem","position":2,"name":"Actualit\u00e9 Financi\u00e8re","item":"https:\/\/www.carideal.com\/blog\/actualites-financieres\/"},{"@type":"ListItem","position":3,"name":"Le prix de l essence a 2\u20ac"}]},{"@type":"WebSite","@id":"https:\/\/www.carideal.com\/blog\/#website","url":"https:\/\/www.carideal.com\/blog\/","name":"Blog auto Carid\u00e9al","description":"Actualit\u00e9 auto par des passionn\u00e9s","publisher":{"@id":"https:\/\/www.carideal.com\/blog\/#organization"},"potentialAction":[{"@type":"SearchAction","target":{"@type":"EntryPoint","urlTemplate":"https:\/\/www.carideal.com\/blog\/?s={search_term_string}"},"query-input":{"@type":"PropertyValueSpecification","valueRequired":true,"valueName":"search_term_string"}}],"inLanguage":"fr-FR"},{"@type":"Organization","@id":"https:\/\/www.carideal.com\/blog\/#organization","name":"Carideal","url":"https:\/\/www.carideal.com\/blog\/","logo":{"@type":"ImageObject","inLanguage":"fr-FR","@id":"https:\/\/www.carideal.com\/blog\/#\/schema\/logo\/image\/","url":"http:\/\/www.carideal.com\/blog\/wp-content\/uploads\/2016\/03\/logo-carideal-mandataire-automobile.png","contentUrl":"http:\/\/www.carideal.com\/blog\/wp-content\/uploads\/2016\/03\/logo-carideal-mandataire-automobile.png","width":300,"height":300,"caption":"Carideal"},"image":{"@id":"https:\/\/www.carideal.com\/blog\/#\/schema\/logo\/image\/"},"sameAs":["https:\/\/www.facebook.com\/Carideal.mandataire.automobile","https:\/\/x.com\/caridealauto","https:\/\/www.instagram.com\/carideal1\/","https:\/\/www.linkedin.com\/company\/carideal.com","https:\/\/fr.pinterest.com\/schiavonsas\/","https:\/\/www.youtube.com\/user\/caridealsas"]},{"@type":"Person","@id":"https:\/\/www.carideal.com\/blog\/#\/schema\/person\/985c7e757d1042d647f21bfaf8d41ebc","name":"N.S Carideal","image":{"@type":"ImageObject","inLanguage":"fr-FR","@id":"https:\/\/www.carideal.com\/blog\/#\/schema\/person\/image\/","url":"https:\/\/secure.gravatar.com\/avatar\/edb7ccdf1a4e3d14aef967760d354d0e?s=96&r=g","contentUrl":"https:\/\/secure.gravatar.com\/avatar\/edb7ccdf1a4e3d14aef967760d354d0e?s=96&r=g","caption":"N.S Carideal"},"description":"Depuis tout petit fan d'automobile. Il est question d'essayer et de comparer toutes ces voitures qui nous ont fait r\u00e9ver, avant que celles-ci ne devient uniquement des voitures de collection.","sameAs":["http:\/\/www.carideal.com\/blog","https:\/\/www.facebook.com\/Carideal.mandataire.automobile\/","https:\/\/www.linkedin.com\/in\/nschiavon\/","https:\/\/www.youtube.com\/user\/caridealsas\/"],"url":"https:\/\/www.carideal.com\/blog\/author\/admin_carideal\/"}]}},"uagb_featured_image_src":{"full":false,"thumbnail":false,"medium":false,"medium_large":false,"large":false,"1536x1536":false,"2048x2048":false,"wppr-widget":false},"uagb_author_info":{"display_name":"N.S Carideal","author_link":"https:\/\/www.carideal.com\/blog\/author\/admin_carideal\/"},"uagb_comment_info":0,"uagb_excerpt":"Sans aller jusque l\u00e0 le prix du carburant devient important dans un m\u00e9nage Le patron de Total Christophe de Margerie, le dit et r\u00e9p\u00e8te le prix des carburant va d\u00e9passer 2\u20ac au litre\". Rien que \u00e7a&nbsp;? Et comme les taxes ne vont pas baisser le budget va s'en ressentir, on a beau essayer de trouver\u2026","_links":{"self":[{"href":"https:\/\/www.carideal.com\/blog\/wp-json\/wp\/v2\/posts\/86"}],"collection":[{"href":"https:\/\/www.carideal.com\/blog\/wp-json\/wp\/v2\/posts"}],"about":[{"href":"https:\/\/www.carideal.com\/blog\/wp-json\/wp\/v2\/types\/post"}],"author":[{"embeddable":true,"href":"https:\/\/www.carideal.com\/blog\/wp-json\/wp\/v2\/users\/1"}],"replies":[{"embeddable":true,"href":"https:\/\/www.carideal.com\/blog\/wp-json\/wp\/v2\/comments?post=86"}],"version-history":[{"count":0,"href":"https:\/\/www.carideal.com\/blog\/wp-json\/wp\/v2\/posts\/86\/revisions"}],"wp:attachment":[{"href":"https:\/\/www.carideal.com\/blog\/wp-json\/wp\/v2\/media?parent=86"}],"wp:term":[{"taxonomy":"category","embeddable":true,"href":"https:\/\/www.carideal.com\/blog\/wp-json\/wp\/v2\/categories?post=86"},{"taxonomy":"post_tag","embeddable":true,"href":"https:\/\/www.carideal.com\/blog\/wp-json\/wp\/v2\/tags?post=86"}],"curies":[{"name":"wp","href":"https:\/\/api.w.org\/{rel}","templated":true}]}}