{"id":857,"date":"2011-01-22T16:35:00","date_gmt":"2011-01-22T16:35:00","guid":{"rendered":"http:\/\/carideal.com\/blog\/?p=857"},"modified":"2020-03-07T17:36:44","modified_gmt":"2020-03-07T16:36:44","slug":"les-volkswagen-de-2011","status":"publish","type":"post","link":"https:\/\/www.carideal.com\/blog\/2011\/01\/22\/les-volkswagen-de-2011\/","title":{"rendered":"Les Volkswagen de 2011"},"content":{"rendered":"<p><a href=\"\/blog\/index.php?tag\/Volkswagen\">Volkswagen<\/a> <a href=\"\/blog\/index.php?tag\/Lupo\">Lupo<\/a><br \/>\n<img decoding=\"async\" src=\"\/blog\/public\/.Volkswagen_Lupo_2011_achat_carideal_mandataire_m.jpg\" alt=\"La nouvelle Lupo Volkswagen\" title=\"La nouvelle Lupo Volkswagen, janv. 2011\" \/><\/p>\n<blockquote>\n<p>La Lupo de Volkswagen sera disponible d\u00e8s cet hivers \u00e0 partir de 9900 \u20ac<\/p>\n<\/blockquote>\n<p>D\u00e9riv\u00e9e des concepts car Volkswagen <a href=\"\/blog\/index.php?tag\/UP\">UP<\/a>, la nouvelle Lupo reposera sur une plateforme de <a href=\"\/blog\/index.php?tag\/Polo\">Polo<\/a> raccourcie, environ 3.5m. Elle proposera des moteurs comprenant une version <a href=\"\/blog\/index.php?tag\/Hybride\">Hybride<\/a> essence <a href=\"\/blog\/index.php?tag\/%C3%A9lectrique\">\u00e9lectrique<\/a>. <br \/>\nVolkswagen Jetta<br \/>\n<img decoding=\"async\" src=\"\/blog\/public\/.2011-volkswagen-jetta-achat_carideal_mandataire_m.jpg\" alt=\"La nouvelle Volkswagen Jetta 2011\" title=\"La nouvelle Volkswagen Jetta 2011, janv. 2011\" \/><\/p>\n<blockquote>\n<p>La Volkswagen <a href=\"\/blog\/index.php?tag\/Jetta\">Jetta<\/a> Disponible d\u00e8s le printemps \u00e0 partir de 18500 \u20ac<\/p>\n<\/blockquote>\n<p>La jetta aurait elle enfin sa chance&nbsp;? Fini la Golf \u00e0 Coffre&nbsp;? Enfin une berline \u00e0 la ligne \u00e9quilibr\u00e9e qui ressemble \u00e0 la <a href=\"\/blog\/index.php?tag\/Passat\">Passat<\/a>, \u00e0 l'avant et l'arri\u00e8re de l'<a href=\"\/blog\/index.php?tag\/Audi\">Audi<\/a> <a href=\"\/blog\/index.php?tag\/A5\">A5<\/a>. Longue de 4.64m, elle disposera de trois moteurs \u00e0 essence TSI de 122, 160 et 200 ch, ainsi que de deux moteurs diesel TDI de 105 et 140 ch.<\/p>\n<p>Tiguan 2011%% <\/p>\n<blockquote>\n<p>Le nouveau Volkswagen <a href=\"\/blog\/index.php?tag\/Tiguan\">Tiguan<\/a> sortira d\u00e8s cet Automne pour 25750 \u20ac<\/p>\n<\/blockquote>\n<p>Aper\u00e7u furtivement au salon de Shanghai au Printemps dernier, avec une face avant modifi\u00e9e de la version vendue en Europe, le Tiguan adoptera sur tous les continents un faci\u00e8s de <a href=\"\/blog\/index.php?tag\/Touareg\">Touareg<\/a>. L'<a href=\"\/blog\/index.php?tag\/hybride\">hybride<\/a> sera au programme avec une technologie proche de celle employ\u00e9e par l'audi <a href=\"\/blog\/index.php?tag\/Q5\">Q5<\/a>.<\/p>\n<p><a href=\"\/blog\/index.php?post\/2010\/06\/16\/Volkswagen-Jetta\">\/ Volkswagen jetta<\/a><\/p>\n","protected":false},"excerpt":{"rendered":"<p>Volkswagen Lupo La Lupo de Volkswagen sera disponible d\u00e8s cet hivers \u00e0 partir de 9900 \u20ac D\u00e9riv\u00e9e des concepts car Volkswagen UP, la nouvelle Lupo reposera sur une plateforme de Polo raccourcie, environ 3.5m. Elle proposera des moteurs comprenant une version Hybride essence \u00e9lectrique. Volkswagen Jetta La Volkswagen Jetta Disponible d\u00e8s le printemps \u00e0 partir &#8230; <a title=\"Les Volkswagen de 2011\" class=\"read-more\" href=\"https:\/\/www.carideal.com\/blog\/2011\/01\/22\/les-volkswagen-de-2011\/\" aria-label=\"En savoir plus sur Les Volkswagen de 2011\">Lire plus<\/a><\/p>\n","protected":false},"author":1,"featured_media":0,"comment_status":"open","ping_status":"open","sticky":false,"template":"","format":"standard","meta":{"_uag_custom_page_level_css":"","_themeisle_gutenberg_block_has_review":false,"footnotes":""},"categories":[10],"tags":[2558],"class_list":["post-857","post","type-post","status-publish","format-standard","hentry","category-marche-automobile-voiture-neuve-occasion-4x4-suv","tag-passat"],"wppr_data":[],"yoast_head":"<!-- This site is optimized with the Yoast SEO plugin v24.8.1 - https:\/\/yoast.com\/wordpress\/plugins\/seo\/ -->\n<title>Les Volkswagen de 2011 - Blog auto Carid\u00e9al<\/title>\n<meta name=\"robots\" content=\"index, follow, max-snippet:-1, max-image-preview:large, max-video-preview:-1\" \/>\n<link rel=\"canonical\" href=\"https:\/\/www.carideal.com\/blog\/2011\/01\/22\/les-volkswagen-de-2011\/\" \/>\n<meta property=\"og:locale\" content=\"fr_FR\" \/>\n<meta property=\"og:type\" content=\"article\" \/>\n<meta property=\"og:title\" content=\"Les Volkswagen de 2011 - Blog auto Carid\u00e9al\" \/>\n<meta property=\"og:description\" content=\"Volkswagen Lupo La Lupo de Volkswagen sera disponible d\u00e8s cet hivers \u00e0 partir de 9900 \u20ac D\u00e9riv\u00e9e des concepts car Volkswagen UP, la nouvelle Lupo reposera sur une plateforme de Polo raccourcie, environ 3.5m. Elle proposera des moteurs comprenant une version Hybride essence \u00e9lectrique. Volkswagen Jetta La Volkswagen Jetta Disponible d\u00e8s le printemps \u00e0 partir ... Lire plus\" \/>\n<meta property=\"og:url\" content=\"https:\/\/www.carideal.com\/blog\/2011\/01\/22\/les-volkswagen-de-2011\/\" \/>\n<meta property=\"og:site_name\" content=\"Blog auto Carid\u00e9al\" \/>\n<meta property=\"article:publisher\" content=\"https:\/\/www.facebook.com\/Carideal.mandataire.automobile\" \/>\n<meta property=\"article:author\" content=\"https:\/\/www.facebook.com\/Carideal.mandataire.automobile\/\" \/>\n<meta property=\"article:published_time\" content=\"2011-01-22T16:35:00+00:00\" \/>\n<meta property=\"article:modified_time\" content=\"2020-03-07T16:36:44+00:00\" \/>\n<meta property=\"og:image\" content=\"https:\/\/www.carideal.com\/blog\/wp-content\/uploads\/2016\/03\/logo-carideal-mandataire-automobile.png\" \/>\n\t<meta property=\"og:image:width\" content=\"300\" \/>\n\t<meta property=\"og:image:height\" content=\"300\" \/>\n\t<meta property=\"og:image:type\" content=\"image\/png\" \/>\n<meta name=\"author\" content=\"N.S Carideal\" \/>\n<meta name=\"twitter:card\" content=\"summary_large_image\" \/>\n<meta name=\"twitter:creator\" content=\"@caridealauto\" \/>\n<meta name=\"twitter:site\" content=\"@caridealauto\" \/>\n<meta name=\"twitter:label1\" content=\"\u00c9crit par\" \/>\n\t<meta name=\"twitter:data1\" content=\"N.S Carideal\" \/>\n\t<meta name=\"twitter:label2\" content=\"Dur\u00e9e de lecture estim\u00e9e\" \/>\n\t<meta name=\"twitter:data2\" content=\"1 minute\" \/>\n<script type=\"application\/ld+json\" class=\"yoast-schema-graph\">{\"@context\":\"https:\/\/schema.org\",\"@graph\":[{\"@type\":\"Article\",\"@id\":\"https:\/\/www.carideal.com\/blog\/2011\/01\/22\/les-volkswagen-de-2011\/#article\",\"isPartOf\":{\"@id\":\"https:\/\/www.carideal.com\/blog\/2011\/01\/22\/les-volkswagen-de-2011\/\"},\"author\":{\"name\":\"N.S Carideal\",\"@id\":\"https:\/\/www.carideal.com\/blog\/#\/schema\/person\/985c7e757d1042d647f21bfaf8d41ebc\"},\"headline\":\"Les Volkswagen de 2011\",\"datePublished\":\"2011-01-22T16:35:00+00:00\",\"dateModified\":\"2020-03-07T16:36:44+00:00\",\"mainEntityOfPage\":{\"@id\":\"https:\/\/www.carideal.com\/blog\/2011\/01\/22\/les-volkswagen-de-2011\/\"},\"wordCount\":175,\"commentCount\":0,\"publisher\":{\"@id\":\"https:\/\/www.carideal.com\/blog\/#organization\"},\"keywords\":[\"Passat\"],\"articleSection\":[\"March\u00e9 automobile\"],\"inLanguage\":\"fr-FR\",\"potentialAction\":[{\"@type\":\"CommentAction\",\"name\":\"Comment\",\"target\":[\"https:\/\/www.carideal.com\/blog\/2011\/01\/22\/les-volkswagen-de-2011\/#respond\"]}]},{\"@type\":\"WebPage\",\"@id\":\"https:\/\/www.carideal.com\/blog\/2011\/01\/22\/les-volkswagen-de-2011\/\",\"url\":\"https:\/\/www.carideal.com\/blog\/2011\/01\/22\/les-volkswagen-de-2011\/\",\"name\":\"Les Volkswagen de 2011 - Blog auto Carid\u00e9al\",\"isPartOf\":{\"@id\":\"https:\/\/www.carideal.com\/blog\/#website\"},\"datePublished\":\"2011-01-22T16:35:00+00:00\",\"dateModified\":\"2020-03-07T16:36:44+00:00\",\"breadcrumb\":{\"@id\":\"https:\/\/www.carideal.com\/blog\/2011\/01\/22\/les-volkswagen-de-2011\/#breadcrumb\"},\"inLanguage\":\"fr-FR\",\"potentialAction\":[{\"@type\":\"ReadAction\",\"target\":[\"https:\/\/www.carideal.com\/blog\/2011\/01\/22\/les-volkswagen-de-2011\/\"]}]},{\"@type\":\"BreadcrumbList\",\"@id\":\"https:\/\/www.carideal.com\/blog\/2011\/01\/22\/les-volkswagen-de-2011\/#breadcrumb\",\"itemListElement\":[{\"@type\":\"ListItem\",\"position\":1,\"name\":\"Blog Carid\u00e9al\",\"item\":\"https:\/\/www.carideal.com\/blog\/\"},{\"@type\":\"ListItem\",\"position\":2,\"name\":\"March\u00e9 automobile\",\"item\":\"https:\/\/www.carideal.com\/blog\/marche-automobile-voiture-neuve-occasion-4x4-suv\/\"},{\"@type\":\"ListItem\",\"position\":3,\"name\":\"Les Volkswagen de 2011\"}]},{\"@type\":\"WebSite\",\"@id\":\"https:\/\/www.carideal.com\/blog\/#website\",\"url\":\"https:\/\/www.carideal.com\/blog\/\",\"name\":\"Blog auto Carid\u00e9al\",\"description\":\"Actualit\u00e9 auto par des passionn\u00e9s\",\"publisher\":{\"@id\":\"https:\/\/www.carideal.com\/blog\/#organization\"},\"potentialAction\":[{\"@type\":\"SearchAction\",\"target\":{\"@type\":\"EntryPoint\",\"urlTemplate\":\"https:\/\/www.carideal.com\/blog\/?s={search_term_string}\"},\"query-input\":{\"@type\":\"PropertyValueSpecification\",\"valueRequired\":true,\"valueName\":\"search_term_string\"}}],\"inLanguage\":\"fr-FR\"},{\"@type\":\"Organization\",\"@id\":\"https:\/\/www.carideal.com\/blog\/#organization\",\"name\":\"Carideal\",\"url\":\"https:\/\/www.carideal.com\/blog\/\",\"logo\":{\"@type\":\"ImageObject\",\"inLanguage\":\"fr-FR\",\"@id\":\"https:\/\/www.carideal.com\/blog\/#\/schema\/logo\/image\/\",\"url\":\"http:\/\/www.carideal.com\/blog\/wp-content\/uploads\/2016\/03\/logo-carideal-mandataire-automobile.png\",\"contentUrl\":\"http:\/\/www.carideal.com\/blog\/wp-content\/uploads\/2016\/03\/logo-carideal-mandataire-automobile.png\",\"width\":300,\"height\":300,\"caption\":\"Carideal\"},\"image\":{\"@id\":\"https:\/\/www.carideal.com\/blog\/#\/schema\/logo\/image\/\"},\"sameAs\":[\"https:\/\/www.facebook.com\/Carideal.mandataire.automobile\",\"https:\/\/x.com\/caridealauto\",\"https:\/\/www.instagram.com\/carideal1\/\",\"https:\/\/www.linkedin.com\/company\/carideal.com\",\"https:\/\/fr.pinterest.com\/schiavonsas\/\",\"https:\/\/www.youtube.com\/user\/caridealsas\"]},{\"@type\":\"Person\",\"@id\":\"https:\/\/www.carideal.com\/blog\/#\/schema\/person\/985c7e757d1042d647f21bfaf8d41ebc\",\"name\":\"N.S Carideal\",\"image\":{\"@type\":\"ImageObject\",\"inLanguage\":\"fr-FR\",\"@id\":\"https:\/\/www.carideal.com\/blog\/#\/schema\/person\/image\/\",\"url\":\"https:\/\/secure.gravatar.com\/avatar\/edb7ccdf1a4e3d14aef967760d354d0e?s=96&r=g\",\"contentUrl\":\"https:\/\/secure.gravatar.com\/avatar\/edb7ccdf1a4e3d14aef967760d354d0e?s=96&r=g\",\"caption\":\"N.S Carideal\"},\"description\":\"Depuis tout petit fan d'automobile. Il est question d'essayer et de comparer toutes ces voitures qui nous ont fait r\u00e9ver, avant que celles-ci ne devient uniquement des voitures de collection.\",\"sameAs\":[\"http:\/\/www.carideal.com\/blog\",\"https:\/\/www.facebook.com\/Carideal.mandataire.automobile\/\",\"https:\/\/www.linkedin.com\/in\/nschiavon\/\",\"https:\/\/www.youtube.com\/user\/caridealsas\/\"],\"url\":\"https:\/\/www.carideal.com\/blog\/author\/admin_carideal\/\"}]}<\/script>\n<!-- \/ Yoast SEO plugin. -->","yoast_head_json":{"title":"Les Volkswagen de 2011 - Blog auto Carid\u00e9al","robots":{"index":"index","follow":"follow","max-snippet":"max-snippet:-1","max-image-preview":"max-image-preview:large","max-video-preview":"max-video-preview:-1"},"canonical":"https:\/\/www.carideal.com\/blog\/2011\/01\/22\/les-volkswagen-de-2011\/","og_locale":"fr_FR","og_type":"article","og_title":"Les Volkswagen de 2011 - Blog auto Carid\u00e9al","og_description":"Volkswagen Lupo La Lupo de Volkswagen sera disponible d\u00e8s cet hivers \u00e0 partir de 9900 \u20ac D\u00e9riv\u00e9e des concepts car Volkswagen UP, la nouvelle Lupo reposera sur une plateforme de Polo raccourcie, environ 3.5m. Elle proposera des moteurs comprenant une version Hybride essence \u00e9lectrique. Volkswagen Jetta La Volkswagen Jetta Disponible d\u00e8s le printemps \u00e0 partir ... Lire plus","og_url":"https:\/\/www.carideal.com\/blog\/2011\/01\/22\/les-volkswagen-de-2011\/","og_site_name":"Blog auto Carid\u00e9al","article_publisher":"https:\/\/www.facebook.com\/Carideal.mandataire.automobile","article_author":"https:\/\/www.facebook.com\/Carideal.mandataire.automobile\/","article_published_time":"2011-01-22T16:35:00+00:00","article_modified_time":"2020-03-07T16:36:44+00:00","og_image":[{"width":300,"height":300,"url":"https:\/\/www.carideal.com\/blog\/wp-content\/uploads\/2016\/03\/logo-carideal-mandataire-automobile.png","type":"image\/png"}],"author":"N.S Carideal","twitter_card":"summary_large_image","twitter_creator":"@caridealauto","twitter_site":"@caridealauto","twitter_misc":{"\u00c9crit par":"N.S Carideal","Dur\u00e9e de lecture estim\u00e9e":"1 minute"},"schema":{"@context":"https:\/\/schema.org","@graph":[{"@type":"Article","@id":"https:\/\/www.carideal.com\/blog\/2011\/01\/22\/les-volkswagen-de-2011\/#article","isPartOf":{"@id":"https:\/\/www.carideal.com\/blog\/2011\/01\/22\/les-volkswagen-de-2011\/"},"author":{"name":"N.S Carideal","@id":"https:\/\/www.carideal.com\/blog\/#\/schema\/person\/985c7e757d1042d647f21bfaf8d41ebc"},"headline":"Les Volkswagen de 2011","datePublished":"2011-01-22T16:35:00+00:00","dateModified":"2020-03-07T16:36:44+00:00","mainEntityOfPage":{"@id":"https:\/\/www.carideal.com\/blog\/2011\/01\/22\/les-volkswagen-de-2011\/"},"wordCount":175,"commentCount":0,"publisher":{"@id":"https:\/\/www.carideal.com\/blog\/#organization"},"keywords":["Passat"],"articleSection":["March\u00e9 automobile"],"inLanguage":"fr-FR","potentialAction":[{"@type":"CommentAction","name":"Comment","target":["https:\/\/www.carideal.com\/blog\/2011\/01\/22\/les-volkswagen-de-2011\/#respond"]}]},{"@type":"WebPage","@id":"https:\/\/www.carideal.com\/blog\/2011\/01\/22\/les-volkswagen-de-2011\/","url":"https:\/\/www.carideal.com\/blog\/2011\/01\/22\/les-volkswagen-de-2011\/","name":"Les Volkswagen de 2011 - Blog auto Carid\u00e9al","isPartOf":{"@id":"https:\/\/www.carideal.com\/blog\/#website"},"datePublished":"2011-01-22T16:35:00+00:00","dateModified":"2020-03-07T16:36:44+00:00","breadcrumb":{"@id":"https:\/\/www.carideal.com\/blog\/2011\/01\/22\/les-volkswagen-de-2011\/#breadcrumb"},"inLanguage":"fr-FR","potentialAction":[{"@type":"ReadAction","target":["https:\/\/www.carideal.com\/blog\/2011\/01\/22\/les-volkswagen-de-2011\/"]}]},{"@type":"BreadcrumbList","@id":"https:\/\/www.carideal.com\/blog\/2011\/01\/22\/les-volkswagen-de-2011\/#breadcrumb","itemListElement":[{"@type":"ListItem","position":1,"name":"Blog Carid\u00e9al","item":"https:\/\/www.carideal.com\/blog\/"},{"@type":"ListItem","position":2,"name":"March\u00e9 automobile","item":"https:\/\/www.carideal.com\/blog\/marche-automobile-voiture-neuve-occasion-4x4-suv\/"},{"@type":"ListItem","position":3,"name":"Les Volkswagen de 2011"}]},{"@type":"WebSite","@id":"https:\/\/www.carideal.com\/blog\/#website","url":"https:\/\/www.carideal.com\/blog\/","name":"Blog auto Carid\u00e9al","description":"Actualit\u00e9 auto par des passionn\u00e9s","publisher":{"@id":"https:\/\/www.carideal.com\/blog\/#organization"},"potentialAction":[{"@type":"SearchAction","target":{"@type":"EntryPoint","urlTemplate":"https:\/\/www.carideal.com\/blog\/?s={search_term_string}"},"query-input":{"@type":"PropertyValueSpecification","valueRequired":true,"valueName":"search_term_string"}}],"inLanguage":"fr-FR"},{"@type":"Organization","@id":"https:\/\/www.carideal.com\/blog\/#organization","name":"Carideal","url":"https:\/\/www.carideal.com\/blog\/","logo":{"@type":"ImageObject","inLanguage":"fr-FR","@id":"https:\/\/www.carideal.com\/blog\/#\/schema\/logo\/image\/","url":"http:\/\/www.carideal.com\/blog\/wp-content\/uploads\/2016\/03\/logo-carideal-mandataire-automobile.png","contentUrl":"http:\/\/www.carideal.com\/blog\/wp-content\/uploads\/2016\/03\/logo-carideal-mandataire-automobile.png","width":300,"height":300,"caption":"Carideal"},"image":{"@id":"https:\/\/www.carideal.com\/blog\/#\/schema\/logo\/image\/"},"sameAs":["https:\/\/www.facebook.com\/Carideal.mandataire.automobile","https:\/\/x.com\/caridealauto","https:\/\/www.instagram.com\/carideal1\/","https:\/\/www.linkedin.com\/company\/carideal.com","https:\/\/fr.pinterest.com\/schiavonsas\/","https:\/\/www.youtube.com\/user\/caridealsas"]},{"@type":"Person","@id":"https:\/\/www.carideal.com\/blog\/#\/schema\/person\/985c7e757d1042d647f21bfaf8d41ebc","name":"N.S Carideal","image":{"@type":"ImageObject","inLanguage":"fr-FR","@id":"https:\/\/www.carideal.com\/blog\/#\/schema\/person\/image\/","url":"https:\/\/secure.gravatar.com\/avatar\/edb7ccdf1a4e3d14aef967760d354d0e?s=96&r=g","contentUrl":"https:\/\/secure.gravatar.com\/avatar\/edb7ccdf1a4e3d14aef967760d354d0e?s=96&r=g","caption":"N.S Carideal"},"description":"Depuis tout petit fan d'automobile. Il est question d'essayer et de comparer toutes ces voitures qui nous ont fait r\u00e9ver, avant que celles-ci ne devient uniquement des voitures de collection.","sameAs":["http:\/\/www.carideal.com\/blog","https:\/\/www.facebook.com\/Carideal.mandataire.automobile\/","https:\/\/www.linkedin.com\/in\/nschiavon\/","https:\/\/www.youtube.com\/user\/caridealsas\/"],"url":"https:\/\/www.carideal.com\/blog\/author\/admin_carideal\/"}]}},"uagb_featured_image_src":{"full":false,"thumbnail":false,"medium":false,"medium_large":false,"large":false,"1536x1536":false,"2048x2048":false,"wppr-widget":false},"uagb_author_info":{"display_name":"N.S Carideal","author_link":"https:\/\/www.carideal.com\/blog\/author\/admin_carideal\/"},"uagb_comment_info":0,"uagb_excerpt":"Volkswagen Lupo La Lupo de Volkswagen sera disponible d\u00e8s cet hivers \u00e0 partir de 9900 \u20ac D\u00e9riv\u00e9e des concepts car Volkswagen UP, la nouvelle Lupo reposera sur une plateforme de Polo raccourcie, environ 3.5m. Elle proposera des moteurs comprenant une version Hybride essence \u00e9lectrique. Volkswagen Jetta La Volkswagen Jetta Disponible d\u00e8s le printemps \u00e0 partir\u2026","_links":{"self":[{"href":"https:\/\/www.carideal.com\/blog\/wp-json\/wp\/v2\/posts\/857"}],"collection":[{"href":"https:\/\/www.carideal.com\/blog\/wp-json\/wp\/v2\/posts"}],"about":[{"href":"https:\/\/www.carideal.com\/blog\/wp-json\/wp\/v2\/types\/post"}],"author":[{"embeddable":true,"href":"https:\/\/www.carideal.com\/blog\/wp-json\/wp\/v2\/users\/1"}],"replies":[{"embeddable":true,"href":"https:\/\/www.carideal.com\/blog\/wp-json\/wp\/v2\/comments?post=857"}],"version-history":[{"count":0,"href":"https:\/\/www.carideal.com\/blog\/wp-json\/wp\/v2\/posts\/857\/revisions"}],"wp:attachment":[{"href":"https:\/\/www.carideal.com\/blog\/wp-json\/wp\/v2\/media?parent=857"}],"wp:term":[{"taxonomy":"category","embeddable":true,"href":"https:\/\/www.carideal.com\/blog\/wp-json\/wp\/v2\/categories?post=857"},{"taxonomy":"post_tag","embeddable":true,"href":"https:\/\/www.carideal.com\/blog\/wp-json\/wp\/v2\/tags?post=857"}],"curies":[{"name":"wp","href":"https:\/\/api.w.org\/{rel}","templated":true}]}}