{"id":8441,"date":"2015-12-07T19:08:34","date_gmt":"2015-12-07T18:08:34","guid":{"rendered":"http:\/\/www.carideal.com\/blog\/?p=8441"},"modified":"2020-02-06T13:30:04","modified_gmt":"2020-02-06T12:30:04","slug":"nouvelle-citroen-e-mehari-electrique","status":"publish","type":"post","link":"https:\/\/www.carideal.com\/blog\/2015\/12\/07\/nouvelle-citroen-e-mehari-electrique\/","title":{"rendered":"Citroen e-M\u00e9hari nouvelle voiture \u00e9lectrique"},"content":{"rendered":"<h2>Pr\u00e9sentation aujourd'hui de la nouvelle Citroen 100 % \u00e9lectrique : Citroen e-M\u00e9hari le cabriolet 4 places 100 % \u00e9lectrique.<\/h2>\n<p>Depuis plusieurs jours <a href=\"http:\/\/www.carideal.com\/blog\/marque-de-voiture-actualites-essais\/citroen\/\">Citro\u00ebn<\/a> fait le Buzz sur les r\u00e9seaux sociaux avec son Hashtag #Electronlibre annon\u00e7ant une nouvelle voiture, on l'avait \u00a0devin\u00e9, 100 % \u00e9lectrique, la <strong>e-M\u00e9hari<\/strong>.<\/p>\n<figure id=\"attachment_8460\" aria-describedby=\"caption-attachment-8460\" style=\"width: 590px\" class=\"wp-caption aligncenter\"><img loading=\"lazy\" decoding=\"async\" class=\"size-full wp-image-8460\" src=\"http:\/\/www.carideal.com\/blog\/wp-content\/uploads\/2015\/12\/citroen-e-mehari-voiture-\u00e9lectrique-e1580991737333.jpg\" alt=\"e-M\u00e9hari 100 % \u00e9lectrique\" width=\"600\" height=\"338\" \/><figcaption id=\"caption-attachment-8460\" class=\"wp-caption-text\">Nouvelle Citroen e-M\u00e9hari Voiture \u00e9lectrique<\/figcaption><\/figure>\n<p>Cette <strong>nouvelle voiture \u00e9lectrique Citroen e-M\u00e9hari<\/strong> bas\u00e9e sur la Bluesummer de Bollor\u00e9 avait d'abord \u00e9t\u00e9 annonc\u00e9 pour le mois de Septembre, suite au partenariat sign\u00e9 avec Citroen pour la vente en France.<\/p>\n<h2>Bluesummer cabriolet 4 place 100 % \u00e9lectrique de la Citroen e-Mehari<\/h2>\n<p>D\u00e9j\u00e0 pressenti depuis plusieurs mois, avec le <a href=\"http:\/\/www.carideal.com\/blog\/2015\/09\/04\/c4-cactus-m\/\">concept-car, Cactus M<\/a>, et d'autres dessins qui passait sur internet repr\u00e9sentant le Cactus en M\u00e9hari. Le but pour PSA est de se positionner en vrai constructeur de voiture fran\u00e7aise \u00e9lectrique et de ne plus se contenter d'un vague partenariat avec Mitsubishi pour distribuer ses i-Miev v\u00e9hicule \u00e9lectrique, rebadg\u00e9e pour l'occasion, Peugeot Ion ou <a href=\"http:\/\/www.carideal.com\/blog\/marque-de-voiture-actualites-essais\/citroen\/c-zero\/\">Citro\u00ebn C-Zero<\/a>. La Voiture Hybride fran\u00e7aise Hybrid4 ayant pour le moment fait long feu.<\/p>\n<figure id=\"attachment_8463\" aria-describedby=\"caption-attachment-8463\" style=\"width: 390px\" class=\"wp-caption alignnone\"><img loading=\"lazy\" decoding=\"async\" class=\"wp-image-8463 size-full\" title=\"Citroen e-M\u00e9hari 100 % \u00e9lectrique\" src=\"http:\/\/www.carideal.com\/blog\/wp-content\/uploads\/2015\/12\/citroen-e-mehari-voiture-\u00e9lectrique-3-e1580991840546.jpg\" alt=\"Cabriolet Citroen e-M\u00e9hari\" width=\"400\" height=\"225\" \/><figcaption id=\"caption-attachment-8463\" class=\"wp-caption-text\">Citroen e-M\u00e9hari<\/figcaption><\/figure>\n<p>On comprend donc que Citro\u00ebn a mis \u00e0 profit ces mois d'automne pour relooker la voiture de Bollor\u00e9 aux codes stylistiques de la nouvelle gamme Citro\u00ebn, avec un avant fa\u00e7on C4 Cactus, ou m\u00eame, avec les feux haut perch\u00e9s, qui ressemble au concept car Aircross.<\/p>\n<p><iframe loading=\"lazy\" src=\"https:\/\/www.youtube.com\/embed\/DMBtJLAu71w\" width=\"560\" height=\"315\" frameborder=\"0\" allowfullscreen=\"allowfullscreen\"><\/iframe><\/p>\n<p>Citro\u00ebn r\u00e9ussit \u00e0 se projeter vers les solutions d'avenir, la voiture \u00e9lectrique tout en faisant un clin d'oeil malicieux \u00e0 son icone de 1968, la M\u00e9hari. Citroen la pr\u00e9sente comme un v\u00e9hicule de loisir et pratique \u00e0 l'usage, avec un ch\u00e2ssis sur\u00e9lev\u00e9.<\/p>\n<figure id=\"attachment_8467\" aria-describedby=\"caption-attachment-8467\" style=\"width: 1014px\" class=\"wp-caption alignleft\"><img loading=\"lazy\" decoding=\"async\" class=\"wp-image-8467 size-full\" title=\"Citroen e-M\u00e9hari 100 % \u00e9lectrique\" src=\"http:\/\/www.carideal.com\/blog\/wp-content\/uploads\/2015\/12\/citroen-mehari-1968-e-mehari.jpg\" alt=\"Citroen fait un clin d'oeil \u00e0 la M\u00e9hari de 1968\" width=\"1024\" height=\"277\" srcset=\"https:\/\/www.carideal.com\/blog\/wp-content\/uploads\/2015\/12\/citroen-mehari-1968-e-mehari.jpg 1024w, https:\/\/www.carideal.com\/blog\/wp-content\/uploads\/2015\/12\/citroen-mehari-1968-e-mehari-300x81.jpg 300w, https:\/\/www.carideal.com\/blog\/wp-content\/uploads\/2015\/12\/citroen-mehari-1968-e-mehari-624x169.jpg 624w\" sizes=\"(max-width: 1024px) 100vw, 1024px\" \/><figcaption id=\"caption-attachment-8467\" class=\"wp-caption-text\">Citroen fait un clin d'oeil \u00e0 la M\u00e9hari de 1968<\/figcaption><\/figure>\n<p>Les deux sont hautes sur pattes et sont anim\u00e9es par un esprit de libert\u00e9. Citroen joue sur la corde affective, et branch\u00e9e actuelle, qui fait le succ\u00e8s encore de nos jours de l'originale M\u00e9hari de 1968.<\/p>\n<figure id=\"attachment_8466\" aria-describedby=\"caption-attachment-8466\" style=\"width: 390px\" class=\"wp-caption alignnone\"><img loading=\"lazy\" decoding=\"async\" class=\"wp-image-8466 size-full\" src=\"http:\/\/www.carideal.com\/blog\/wp-content\/uploads\/2015\/12\/citroen-e-mehari-voiture-\u00e9lectrique-8-e1580991991147.jpg\" alt=\"Citroen e-M\u00e9hari\" width=\"400\" height=\"225\" \/><figcaption id=\"caption-attachment-8466\" class=\"wp-caption-text\">Citroen e-M\u00e9hari Cabriolet \u00e9lectrique<\/figcaption><\/figure>\n<p>4 teintes de carroserie seront disponibles : rouge, bleu, jaune et beige avec 2 garnissages imperm\u00e9ables.<\/p>\n<figure id=\"attachment_8468\" aria-describedby=\"caption-attachment-8468\" style=\"width: 390px\" class=\"wp-caption alignnone\"><img loading=\"lazy\" decoding=\"async\" class=\"wp-image-8468 size-full\" src=\"http:\/\/www.carideal.com\/blog\/wp-content\/uploads\/2015\/12\/citroen-e-mehari-voiture-\u00e9lectrique-9-e1580992022976.jpg\" alt=\"Citroen e-M\u00e9hari \u00e9lectrique\" width=\"400\" height=\"225\" \/><figcaption id=\"caption-attachment-8468\" class=\"wp-caption-text\">Citroen e-M\u00e9hari Rouge int\u00e9rieur beige<\/figcaption><\/figure>\n<p>Citro\u00ebn annonce des performances \u00e9lectriques encourageantes, sa batterie LMP Lithium m\u00e9tal Polym\u00e8re permet une autonomie de 200 kilom\u00e8tres en cycle urbain et elle se recharge compl\u00e8tement en 8 heures maximum sur une prise domestique en 16A. ou 10H sur une prise standart. Elle fait mieux qu'une Renault Zo\u00e9 qui elle est annonc\u00e9 pour 10H.<\/p>\n<figure id=\"attachment_8469\" aria-describedby=\"caption-attachment-8469\" style=\"width: 390px\" class=\"wp-caption alignnone\"><img loading=\"lazy\" decoding=\"async\" class=\"wp-image-8469 size-full\" src=\"http:\/\/www.carideal.com\/blog\/wp-content\/uploads\/2015\/12\/citroen-e-mehari-voiture-\u00e9lectrique-6-e1580992051659.jpg\" alt=\"Citroen-M\u00e9hari \u00e9lectrique Turquoise\" width=\"400\" height=\"225\" \/><figcaption id=\"caption-attachment-8469\" class=\"wp-caption-text\">Citroen-M\u00e9hari \u00e9lectrique Turquoise<\/figcaption><\/figure>\n<p>La Citroen e-M\u00e9hari sera configurable avec diff\u00e9rentes couleurs de toit au choix par exemple. La voiture \u00e9lectrique sera fabriqu\u00e9e dans l'usine de Rennes \u00e0 5 unit\u00e9s par jour au lancement.<\/p>\n<h3>Citro\u00ebn e-M\u00e9hari Voiture de loisirs<\/h3>\n<p>La banquette est rabattable, les tissus sont imperm\u00e9ables et l'int\u00e9rieur est lavable d'un coup de jet d'eau. La carroserie est en plastique thermoform\u00e9, lavable au jet, et qui ne craint pas les petits bobos de la vie de tous les jours. <span style=\"text-decoration: underline;\"><a href=\"http:\/\/www.carideal.com\/blog\/2016\/02\/25\/concept-citroen-e-mehari-courreges\/\">Citroen pr\u00e9sente la e-M\u00e9hari Courr\u00e8ges.<\/a><\/span><\/p>\n<h2>La Citroen e-M\u00e9hari en vente au printemps 2016 :<\/h2>\n<p>Citroen annonce que la e-M\u00e9hari sera en vente dans son r\u00e9seau courant printemps 2016, pour un tarif de l'ordre de 22000 \u20ac sans la location des batteries. A ce prix\u00a0il faudra d\u00e9duire 6300 \u20ac\u00a0de bonus \u00e9cologique et 10000 \u20ac pour la reprise d'un v\u00e9hicule diesel de plus de 15 ans. Mme S\u00e9gol\u00e8ne Royale r\u00e9clamait cet apr\u00e8s-midi, une voiture \u00e9lectrique \u00e0 7000 \u20ac, je ne sais pas si on va y arriver, il semble pourtant d\u00e9j\u00e0 que le prix de la Citroen e-M\u00e9hari devrait \u00eatre plus comp\u00e9titif que celui de la Renault Zo\u00e9.<\/p>\n<p>Citroen l'avait tr\u00e8s bien d\u00e9crit, l'id\u00e9e est de reconqu\u00e9rir une nouvelle client\u00e8le Fun, branch\u00e9e et iconique, et de la faire venir dans ses Showroom. L'achat de voiture \u00e9lectrique ayant \u00e9t\u00e9 boost\u00e9e ces derniers mois, il semble que cette e-Mehari tombe \u00e0 pic !<\/p>\n<p><strong><a href=\"http:\/\/www.carideal.com\/blog\/2015\/11\/29\/bientot-un-nouveau-modele-pour-citroen\/\">On en avait d'ailleurs parl\u00e9 la semaine derni\u00e8re.<\/a><\/strong><\/p>\n<p>Retrouvez sur notre Blog nos essais des <a href=\"http:\/\/www.carideal.com\/blog\/2018\/11\/26\/meilleures-voitures-electriques-en-vente-2018\/\">meilleurs voitures \u00e9lectriques<\/a>.<\/p>\n","protected":false},"excerpt":{"rendered":"<p>Pr\u00e9sentation aujourd&rsquo;hui de la nouvelle Citroen 100 % \u00e9lectrique : Citroen e-M\u00e9hari le cabriolet 4 places 100 % \u00e9lectrique. Depuis plusieurs jours Citro\u00ebn fait le Buzz sur les r\u00e9seaux sociaux avec son Hashtag #Electronlibre annon\u00e7ant une nouvelle voiture, on l&rsquo;avait \u00a0devin\u00e9, 100 % \u00e9lectrique, la e-M\u00e9hari. Cette nouvelle voiture \u00e9lectrique Citroen e-M\u00e9hari bas\u00e9e sur la &#8230; <a title=\"Citroen e-M\u00e9hari nouvelle voiture \u00e9lectrique\" class=\"read-more\" href=\"https:\/\/www.carideal.com\/blog\/2015\/12\/07\/nouvelle-citroen-e-mehari-electrique\/\" aria-label=\"En savoir plus sur Citroen e-M\u00e9hari nouvelle voiture \u00e9lectrique\">Lire plus<\/a><\/p>\n","protected":false},"author":3,"featured_media":8460,"comment_status":"open","ping_status":"open","sticky":false,"template":"","format":"standard","meta":{"_uag_custom_page_level_css":"","_themeisle_gutenberg_block_has_review":false,"footnotes":""},"categories":[5,6],"tags":[],"class_list":["post-8441","post","type-post","status-publish","format-standard","has-post-thumbnail","hentry","category-citroen","category-ecologie"],"wppr_data":{"cwp_meta_box_check":"No"},"yoast_head":"<!-- This site is optimized with the Yoast SEO plugin v24.8.1 - https:\/\/yoast.com\/wordpress\/plugins\/seo\/ -->\n<title>Citroen e-M\u00e9hari nouvelle voiture \u00e9lectrique - Blog auto Carid\u00e9al<\/title>\n<meta name=\"description\" content=\"Pr\u00e9sentation aujourd&#039;hui de la nouvelle Citroen 100 % \u00e9lectrique : Citroen e-Mehari le cabriolet 4 places 100 % \u00e9lectrique.\" \/>\n<meta name=\"robots\" content=\"index, follow, max-snippet:-1, max-image-preview:large, max-video-preview:-1\" \/>\n<link rel=\"canonical\" href=\"https:\/\/www.carideal.com\/blog\/2015\/12\/07\/nouvelle-citroen-e-mehari-electrique\/\" \/>\n<meta property=\"og:locale\" content=\"fr_FR\" \/>\n<meta property=\"og:type\" content=\"article\" \/>\n<meta property=\"og:title\" content=\"Citroen e-M\u00e9hari nouvelle voiture \u00e9lectrique - Blog auto Carid\u00e9al\" \/>\n<meta property=\"og:description\" content=\"Pr\u00e9sentation aujourd&#039;hui de la nouvelle Citroen 100 % \u00e9lectrique : Citroen e-Mehari le cabriolet 4 places 100 % \u00e9lectrique.\" \/>\n<meta property=\"og:url\" content=\"https:\/\/www.carideal.com\/blog\/2015\/12\/07\/nouvelle-citroen-e-mehari-electrique\/\" \/>\n<meta property=\"og:site_name\" content=\"Blog auto Carid\u00e9al\" \/>\n<meta property=\"article:publisher\" content=\"https:\/\/www.facebook.com\/Carideal.mandataire.automobile\" \/>\n<meta property=\"article:author\" content=\"https:\/\/www.facebook.com\/nicolas.schiavon.39\" \/>\n<meta property=\"article:published_time\" content=\"2015-12-07T18:08:34+00:00\" \/>\n<meta property=\"article:modified_time\" content=\"2020-02-06T12:30:04+00:00\" \/>\n<meta property=\"og:image\" content=\"https:\/\/www.carideal.com\/blog\/wp-content\/uploads\/2015\/12\/citroen-e-mehari-voiture-\u00e9lectrique-e1580991737333.jpg\" \/>\n\t<meta property=\"og:image:width\" content=\"600\" \/>\n\t<meta property=\"og:image:height\" content=\"338\" \/>\n\t<meta property=\"og:image:type\" content=\"image\/jpeg\" \/>\n<meta name=\"author\" content=\"Nicolas SCHIAVON\" \/>\n<meta name=\"twitter:card\" content=\"summary_large_image\" \/>\n<meta name=\"twitter:creator\" content=\"@caridealauto\" \/>\n<meta name=\"twitter:site\" content=\"@caridealauto\" \/>\n<meta name=\"twitter:label1\" content=\"\u00c9crit par\" \/>\n\t<meta name=\"twitter:data1\" content=\"Nicolas SCHIAVON\" \/>\n\t<meta name=\"twitter:label2\" content=\"Dur\u00e9e de lecture estim\u00e9e\" \/>\n\t<meta name=\"twitter:data2\" content=\"4 minutes\" \/>\n<script type=\"application\/ld+json\" class=\"yoast-schema-graph\">{\"@context\":\"https:\/\/schema.org\",\"@graph\":[{\"@type\":\"Article\",\"@id\":\"https:\/\/www.carideal.com\/blog\/2015\/12\/07\/nouvelle-citroen-e-mehari-electrique\/#article\",\"isPartOf\":{\"@id\":\"https:\/\/www.carideal.com\/blog\/2015\/12\/07\/nouvelle-citroen-e-mehari-electrique\/\"},\"author\":{\"name\":\"Nicolas SCHIAVON\",\"@id\":\"https:\/\/www.carideal.com\/blog\/#\/schema\/person\/cd95dc7919660de90d31b366f85be1ec\"},\"headline\":\"Citroen e-M\u00e9hari nouvelle voiture \u00e9lectrique\",\"datePublished\":\"2015-12-07T18:08:34+00:00\",\"dateModified\":\"2020-02-06T12:30:04+00:00\",\"mainEntityOfPage\":{\"@id\":\"https:\/\/www.carideal.com\/blog\/2015\/12\/07\/nouvelle-citroen-e-mehari-electrique\/\"},\"wordCount\":713,\"commentCount\":4,\"publisher\":{\"@id\":\"https:\/\/www.carideal.com\/blog\/#organization\"},\"image\":{\"@id\":\"https:\/\/www.carideal.com\/blog\/2015\/12\/07\/nouvelle-citroen-e-mehari-electrique\/#primaryimage\"},\"thumbnailUrl\":\"https:\/\/www.carideal.com\/blog\/wp-content\/uploads\/2015\/12\/citroen-e-mehari-voiture-\u00e9lectrique-e1580991737333.jpg\",\"articleSection\":[\"Actualit\u00e9 Citroen\",\"Ecologie\"],\"inLanguage\":\"fr-FR\",\"potentialAction\":[{\"@type\":\"CommentAction\",\"name\":\"Comment\",\"target\":[\"https:\/\/www.carideal.com\/blog\/2015\/12\/07\/nouvelle-citroen-e-mehari-electrique\/#respond\"]}]},{\"@type\":\"WebPage\",\"@id\":\"https:\/\/www.carideal.com\/blog\/2015\/12\/07\/nouvelle-citroen-e-mehari-electrique\/\",\"url\":\"https:\/\/www.carideal.com\/blog\/2015\/12\/07\/nouvelle-citroen-e-mehari-electrique\/\",\"name\":\"Citroen e-M\u00e9hari nouvelle voiture \u00e9lectrique - Blog auto Carid\u00e9al\",\"isPartOf\":{\"@id\":\"https:\/\/www.carideal.com\/blog\/#website\"},\"primaryImageOfPage\":{\"@id\":\"https:\/\/www.carideal.com\/blog\/2015\/12\/07\/nouvelle-citroen-e-mehari-electrique\/#primaryimage\"},\"image\":{\"@id\":\"https:\/\/www.carideal.com\/blog\/2015\/12\/07\/nouvelle-citroen-e-mehari-electrique\/#primaryimage\"},\"thumbnailUrl\":\"https:\/\/www.carideal.com\/blog\/wp-content\/uploads\/2015\/12\/citroen-e-mehari-voiture-\u00e9lectrique-e1580991737333.jpg\",\"datePublished\":\"2015-12-07T18:08:34+00:00\",\"dateModified\":\"2020-02-06T12:30:04+00:00\",\"description\":\"Pr\u00e9sentation aujourd'hui de la nouvelle Citroen 100 % \u00e9lectrique : Citroen e-Mehari le cabriolet 4 places 100 % \u00e9lectrique.\",\"breadcrumb\":{\"@id\":\"https:\/\/www.carideal.com\/blog\/2015\/12\/07\/nouvelle-citroen-e-mehari-electrique\/#breadcrumb\"},\"inLanguage\":\"fr-FR\",\"potentialAction\":[{\"@type\":\"ReadAction\",\"target\":[\"https:\/\/www.carideal.com\/blog\/2015\/12\/07\/nouvelle-citroen-e-mehari-electrique\/\"]}]},{\"@type\":\"ImageObject\",\"inLanguage\":\"fr-FR\",\"@id\":\"https:\/\/www.carideal.com\/blog\/2015\/12\/07\/nouvelle-citroen-e-mehari-electrique\/#primaryimage\",\"url\":\"https:\/\/www.carideal.com\/blog\/wp-content\/uploads\/2015\/12\/citroen-e-mehari-voiture-\u00e9lectrique-e1580991737333.jpg\",\"contentUrl\":\"https:\/\/www.carideal.com\/blog\/wp-content\/uploads\/2015\/12\/citroen-e-mehari-voiture-\u00e9lectrique-e1580991737333.jpg\",\"width\":600,\"height\":338,\"caption\":\"Nouvelle Citroen e-M\u00e9hari Voiture \u00e9lectrique\"},{\"@type\":\"BreadcrumbList\",\"@id\":\"https:\/\/www.carideal.com\/blog\/2015\/12\/07\/nouvelle-citroen-e-mehari-electrique\/#breadcrumb\",\"itemListElement\":[{\"@type\":\"ListItem\",\"position\":1,\"name\":\"Blog Carid\u00e9al\",\"item\":\"https:\/\/www.carideal.com\/blog\/\"},{\"@type\":\"ListItem\",\"position\":2,\"name\":\"Actualit\u00e9 constructeur automobile\",\"item\":\"https:\/\/www.carideal.com\/blog\/constructeur\/\"},{\"@type\":\"ListItem\",\"position\":3,\"name\":\"Actualit\u00e9 Citroen\",\"item\":\"https:\/\/www.carideal.com\/blog\/constructeur\/citroen\/\"},{\"@type\":\"ListItem\",\"position\":4,\"name\":\"Citroen e-M\u00e9hari nouvelle voiture \u00e9lectrique\"}]},{\"@type\":\"WebSite\",\"@id\":\"https:\/\/www.carideal.com\/blog\/#website\",\"url\":\"https:\/\/www.carideal.com\/blog\/\",\"name\":\"Blog auto Carid\u00e9al\",\"description\":\"Actualit\u00e9 auto par des passionn\u00e9s\",\"publisher\":{\"@id\":\"https:\/\/www.carideal.com\/blog\/#organization\"},\"potentialAction\":[{\"@type\":\"SearchAction\",\"target\":{\"@type\":\"EntryPoint\",\"urlTemplate\":\"https:\/\/www.carideal.com\/blog\/?s={search_term_string}\"},\"query-input\":{\"@type\":\"PropertyValueSpecification\",\"valueRequired\":true,\"valueName\":\"search_term_string\"}}],\"inLanguage\":\"fr-FR\"},{\"@type\":\"Organization\",\"@id\":\"https:\/\/www.carideal.com\/blog\/#organization\",\"name\":\"Carideal\",\"url\":\"https:\/\/www.carideal.com\/blog\/\",\"logo\":{\"@type\":\"ImageObject\",\"inLanguage\":\"fr-FR\",\"@id\":\"https:\/\/www.carideal.com\/blog\/#\/schema\/logo\/image\/\",\"url\":\"http:\/\/www.carideal.com\/blog\/wp-content\/uploads\/2016\/03\/logo-carideal-mandataire-automobile.png\",\"contentUrl\":\"http:\/\/www.carideal.com\/blog\/wp-content\/uploads\/2016\/03\/logo-carideal-mandataire-automobile.png\",\"width\":300,\"height\":300,\"caption\":\"Carideal\"},\"image\":{\"@id\":\"https:\/\/www.carideal.com\/blog\/#\/schema\/logo\/image\/\"},\"sameAs\":[\"https:\/\/www.facebook.com\/Carideal.mandataire.automobile\",\"https:\/\/x.com\/caridealauto\",\"https:\/\/www.instagram.com\/carideal1\/\",\"https:\/\/www.linkedin.com\/company\/carideal.com\",\"https:\/\/fr.pinterest.com\/schiavonsas\/\",\"https:\/\/www.youtube.com\/user\/caridealsas\"]},{\"@type\":\"Person\",\"@id\":\"https:\/\/www.carideal.com\/blog\/#\/schema\/person\/cd95dc7919660de90d31b366f85be1ec\",\"name\":\"Nicolas SCHIAVON\",\"image\":{\"@type\":\"ImageObject\",\"inLanguage\":\"fr-FR\",\"@id\":\"https:\/\/www.carideal.com\/blog\/#\/schema\/person\/image\/\",\"url\":\"https:\/\/secure.gravatar.com\/avatar\/c17e55009e671d92cc7f5dc837dc418a?s=96&r=g\",\"contentUrl\":\"https:\/\/secure.gravatar.com\/avatar\/c17e55009e671d92cc7f5dc837dc418a?s=96&r=g\",\"caption\":\"Nicolas SCHIAVON\"},\"description\":\"Nicolas Schiavon est tomb\u00e9 tout petit dans la marmite automobile. Ayant eu un garage de marque automobile, mandataire automobile de la premi\u00e8re heure d\u00e8s 1999. Nicolas a cr\u00e9\u00e9 ces premiers sites de vente de voiture et blog automobile d\u00e8s 1994. Carideal est n\u00e9 le 15 d\u00e9cembre 2000 de la volont\u00e9 de vendre des voitures d'occasions en ligne puis des voitures neuves. Il a pu essayer beaucoup de voitures tr\u00e8s diff\u00e9rentes et ayant eu personnellement quelques belles autos, Subaru Impreza, Mitsubishi Lancer Evo 7, Porsche 911, Ferrari Testarrossa, Audi RS3, RS4 et j'en passe...\",\"sameAs\":[\"http:\/\/www.carideal.com\",\"https:\/\/www.facebook.com\/nicolas.schiavon.39\",\"https:\/\/www.instagram.com\/carideal1\/\",\"https:\/\/www.linkedin.com\/in\/nschiavon\/\",\"https:\/\/x.com\/caridealauto\",\"https:\/\/www.youtube.com\/user\/caridealsas\/\"],\"url\":\"https:\/\/www.carideal.com\/blog\/author\/nschiavon\/\"}]}<\/script>\n<!-- \/ Yoast SEO plugin. -->","yoast_head_json":{"title":"Citroen e-M\u00e9hari nouvelle voiture \u00e9lectrique - Blog auto Carid\u00e9al","description":"Pr\u00e9sentation aujourd'hui de la nouvelle Citroen 100 % \u00e9lectrique : Citroen e-Mehari le cabriolet 4 places 100 % \u00e9lectrique.","robots":{"index":"index","follow":"follow","max-snippet":"max-snippet:-1","max-image-preview":"max-image-preview:large","max-video-preview":"max-video-preview:-1"},"canonical":"https:\/\/www.carideal.com\/blog\/2015\/12\/07\/nouvelle-citroen-e-mehari-electrique\/","og_locale":"fr_FR","og_type":"article","og_title":"Citroen e-M\u00e9hari nouvelle voiture \u00e9lectrique - Blog auto Carid\u00e9al","og_description":"Pr\u00e9sentation aujourd'hui de la nouvelle Citroen 100 % \u00e9lectrique : Citroen e-Mehari le cabriolet 4 places 100 % \u00e9lectrique.","og_url":"https:\/\/www.carideal.com\/blog\/2015\/12\/07\/nouvelle-citroen-e-mehari-electrique\/","og_site_name":"Blog auto Carid\u00e9al","article_publisher":"https:\/\/www.facebook.com\/Carideal.mandataire.automobile","article_author":"https:\/\/www.facebook.com\/nicolas.schiavon.39","article_published_time":"2015-12-07T18:08:34+00:00","article_modified_time":"2020-02-06T12:30:04+00:00","og_image":[{"width":600,"height":338,"url":"https:\/\/www.carideal.com\/blog\/wp-content\/uploads\/2015\/12\/citroen-e-mehari-voiture-\u00e9lectrique-e1580991737333.jpg","type":"image\/jpeg"}],"author":"Nicolas SCHIAVON","twitter_card":"summary_large_image","twitter_creator":"@caridealauto","twitter_site":"@caridealauto","twitter_misc":{"\u00c9crit par":"Nicolas SCHIAVON","Dur\u00e9e de lecture estim\u00e9e":"4 minutes"},"schema":{"@context":"https:\/\/schema.org","@graph":[{"@type":"Article","@id":"https:\/\/www.carideal.com\/blog\/2015\/12\/07\/nouvelle-citroen-e-mehari-electrique\/#article","isPartOf":{"@id":"https:\/\/www.carideal.com\/blog\/2015\/12\/07\/nouvelle-citroen-e-mehari-electrique\/"},"author":{"name":"Nicolas SCHIAVON","@id":"https:\/\/www.carideal.com\/blog\/#\/schema\/person\/cd95dc7919660de90d31b366f85be1ec"},"headline":"Citroen e-M\u00e9hari nouvelle voiture \u00e9lectrique","datePublished":"2015-12-07T18:08:34+00:00","dateModified":"2020-02-06T12:30:04+00:00","mainEntityOfPage":{"@id":"https:\/\/www.carideal.com\/blog\/2015\/12\/07\/nouvelle-citroen-e-mehari-electrique\/"},"wordCount":713,"commentCount":4,"publisher":{"@id":"https:\/\/www.carideal.com\/blog\/#organization"},"image":{"@id":"https:\/\/www.carideal.com\/blog\/2015\/12\/07\/nouvelle-citroen-e-mehari-electrique\/#primaryimage"},"thumbnailUrl":"https:\/\/www.carideal.com\/blog\/wp-content\/uploads\/2015\/12\/citroen-e-mehari-voiture-\u00e9lectrique-e1580991737333.jpg","articleSection":["Actualit\u00e9 Citroen","Ecologie"],"inLanguage":"fr-FR","potentialAction":[{"@type":"CommentAction","name":"Comment","target":["https:\/\/www.carideal.com\/blog\/2015\/12\/07\/nouvelle-citroen-e-mehari-electrique\/#respond"]}]},{"@type":"WebPage","@id":"https:\/\/www.carideal.com\/blog\/2015\/12\/07\/nouvelle-citroen-e-mehari-electrique\/","url":"https:\/\/www.carideal.com\/blog\/2015\/12\/07\/nouvelle-citroen-e-mehari-electrique\/","name":"Citroen e-M\u00e9hari nouvelle voiture \u00e9lectrique - Blog auto Carid\u00e9al","isPartOf":{"@id":"https:\/\/www.carideal.com\/blog\/#website"},"primaryImageOfPage":{"@id":"https:\/\/www.carideal.com\/blog\/2015\/12\/07\/nouvelle-citroen-e-mehari-electrique\/#primaryimage"},"image":{"@id":"https:\/\/www.carideal.com\/blog\/2015\/12\/07\/nouvelle-citroen-e-mehari-electrique\/#primaryimage"},"thumbnailUrl":"https:\/\/www.carideal.com\/blog\/wp-content\/uploads\/2015\/12\/citroen-e-mehari-voiture-\u00e9lectrique-e1580991737333.jpg","datePublished":"2015-12-07T18:08:34+00:00","dateModified":"2020-02-06T12:30:04+00:00","description":"Pr\u00e9sentation aujourd'hui de la nouvelle Citroen 100 % \u00e9lectrique : Citroen e-Mehari le cabriolet 4 places 100 % \u00e9lectrique.","breadcrumb":{"@id":"https:\/\/www.carideal.com\/blog\/2015\/12\/07\/nouvelle-citroen-e-mehari-electrique\/#breadcrumb"},"inLanguage":"fr-FR","potentialAction":[{"@type":"ReadAction","target":["https:\/\/www.carideal.com\/blog\/2015\/12\/07\/nouvelle-citroen-e-mehari-electrique\/"]}]},{"@type":"ImageObject","inLanguage":"fr-FR","@id":"https:\/\/www.carideal.com\/blog\/2015\/12\/07\/nouvelle-citroen-e-mehari-electrique\/#primaryimage","url":"https:\/\/www.carideal.com\/blog\/wp-content\/uploads\/2015\/12\/citroen-e-mehari-voiture-\u00e9lectrique-e1580991737333.jpg","contentUrl":"https:\/\/www.carideal.com\/blog\/wp-content\/uploads\/2015\/12\/citroen-e-mehari-voiture-\u00e9lectrique-e1580991737333.jpg","width":600,"height":338,"caption":"Nouvelle Citroen e-M\u00e9hari Voiture \u00e9lectrique"},{"@type":"BreadcrumbList","@id":"https:\/\/www.carideal.com\/blog\/2015\/12\/07\/nouvelle-citroen-e-mehari-electrique\/#breadcrumb","itemListElement":[{"@type":"ListItem","position":1,"name":"Blog Carid\u00e9al","item":"https:\/\/www.carideal.com\/blog\/"},{"@type":"ListItem","position":2,"name":"Actualit\u00e9 constructeur automobile","item":"https:\/\/www.carideal.com\/blog\/constructeur\/"},{"@type":"ListItem","position":3,"name":"Actualit\u00e9 Citroen","item":"https:\/\/www.carideal.com\/blog\/constructeur\/citroen\/"},{"@type":"ListItem","position":4,"name":"Citroen e-M\u00e9hari nouvelle voiture \u00e9lectrique"}]},{"@type":"WebSite","@id":"https:\/\/www.carideal.com\/blog\/#website","url":"https:\/\/www.carideal.com\/blog\/","name":"Blog auto Carid\u00e9al","description":"Actualit\u00e9 auto par des passionn\u00e9s","publisher":{"@id":"https:\/\/www.carideal.com\/blog\/#organization"},"potentialAction":[{"@type":"SearchAction","target":{"@type":"EntryPoint","urlTemplate":"https:\/\/www.carideal.com\/blog\/?s={search_term_string}"},"query-input":{"@type":"PropertyValueSpecification","valueRequired":true,"valueName":"search_term_string"}}],"inLanguage":"fr-FR"},{"@type":"Organization","@id":"https:\/\/www.carideal.com\/blog\/#organization","name":"Carideal","url":"https:\/\/www.carideal.com\/blog\/","logo":{"@type":"ImageObject","inLanguage":"fr-FR","@id":"https:\/\/www.carideal.com\/blog\/#\/schema\/logo\/image\/","url":"http:\/\/www.carideal.com\/blog\/wp-content\/uploads\/2016\/03\/logo-carideal-mandataire-automobile.png","contentUrl":"http:\/\/www.carideal.com\/blog\/wp-content\/uploads\/2016\/03\/logo-carideal-mandataire-automobile.png","width":300,"height":300,"caption":"Carideal"},"image":{"@id":"https:\/\/www.carideal.com\/blog\/#\/schema\/logo\/image\/"},"sameAs":["https:\/\/www.facebook.com\/Carideal.mandataire.automobile","https:\/\/x.com\/caridealauto","https:\/\/www.instagram.com\/carideal1\/","https:\/\/www.linkedin.com\/company\/carideal.com","https:\/\/fr.pinterest.com\/schiavonsas\/","https:\/\/www.youtube.com\/user\/caridealsas"]},{"@type":"Person","@id":"https:\/\/www.carideal.com\/blog\/#\/schema\/person\/cd95dc7919660de90d31b366f85be1ec","name":"Nicolas SCHIAVON","image":{"@type":"ImageObject","inLanguage":"fr-FR","@id":"https:\/\/www.carideal.com\/blog\/#\/schema\/person\/image\/","url":"https:\/\/secure.gravatar.com\/avatar\/c17e55009e671d92cc7f5dc837dc418a?s=96&r=g","contentUrl":"https:\/\/secure.gravatar.com\/avatar\/c17e55009e671d92cc7f5dc837dc418a?s=96&r=g","caption":"Nicolas SCHIAVON"},"description":"Nicolas Schiavon est tomb\u00e9 tout petit dans la marmite automobile. Ayant eu un garage de marque automobile, mandataire automobile de la premi\u00e8re heure d\u00e8s 1999. Nicolas a cr\u00e9\u00e9 ces premiers sites de vente de voiture et blog automobile d\u00e8s 1994. Carideal est n\u00e9 le 15 d\u00e9cembre 2000 de la volont\u00e9 de vendre des voitures d'occasions en ligne puis des voitures neuves. Il a pu essayer beaucoup de voitures tr\u00e8s diff\u00e9rentes et ayant eu personnellement quelques belles autos, Subaru Impreza, Mitsubishi Lancer Evo 7, Porsche 911, Ferrari Testarrossa, Audi RS3, RS4 et j'en passe...","sameAs":["http:\/\/www.carideal.com","https:\/\/www.facebook.com\/nicolas.schiavon.39","https:\/\/www.instagram.com\/carideal1\/","https:\/\/www.linkedin.com\/in\/nschiavon\/","https:\/\/x.com\/caridealauto","https:\/\/www.youtube.com\/user\/caridealsas\/"],"url":"https:\/\/www.carideal.com\/blog\/author\/nschiavon\/"}]}},"uagb_featured_image_src":{"full":["https:\/\/www.carideal.com\/blog\/wp-content\/uploads\/2015\/12\/citroen-e-mehari-voiture-\u00e9lectrique-e1580991737333.jpg",600,338,false],"thumbnail":["https:\/\/www.carideal.com\/blog\/wp-content\/uploads\/2015\/12\/citroen-e-mehari-voiture-\u00e9lectrique-150x150.jpg",150,150,true],"medium":["https:\/\/www.carideal.com\/blog\/wp-content\/uploads\/2015\/12\/citroen-e-mehari-voiture-\u00e9lectrique-300x169.jpg",300,169,true],"medium_large":["https:\/\/www.carideal.com\/blog\/wp-content\/uploads\/2015\/12\/citroen-e-mehari-voiture-\u00e9lectrique-e1580991737333.jpg",600,338,false],"large":["https:\/\/www.carideal.com\/blog\/wp-content\/uploads\/2015\/12\/citroen-e-mehari-voiture-\u00e9lectrique-e1580991737333.jpg",600,338,false],"1536x1536":["https:\/\/www.carideal.com\/blog\/wp-content\/uploads\/2015\/12\/citroen-e-mehari-voiture-\u00e9lectrique-e1580991737333.jpg",600,338,false],"2048x2048":["https:\/\/www.carideal.com\/blog\/wp-content\/uploads\/2015\/12\/citroen-e-mehari-voiture-\u00e9lectrique-e1580991737333.jpg",600,338,false],"wppr-widget":["https:\/\/www.carideal.com\/blog\/wp-content\/uploads\/2015\/12\/citroen-e-mehari-voiture-\u00e9lectrique-e1580991737333.jpg",50,28,false]},"uagb_author_info":{"display_name":"Nicolas SCHIAVON","author_link":"https:\/\/www.carideal.com\/blog\/author\/nschiavon\/"},"uagb_comment_info":4,"uagb_excerpt":"Pr\u00e9sentation aujourd'hui de la nouvelle Citroen 100 % \u00e9lectrique : Citroen e-M\u00e9hari le cabriolet 4 places 100 % \u00e9lectrique. Depuis plusieurs jours Citro\u00ebn fait le Buzz sur les r\u00e9seaux sociaux avec son Hashtag #Electronlibre annon\u00e7ant une nouvelle voiture, on l'avait \u00a0devin\u00e9, 100 % \u00e9lectrique, la e-M\u00e9hari. Cette nouvelle voiture \u00e9lectrique Citroen e-M\u00e9hari bas\u00e9e sur la\u2026","_links":{"self":[{"href":"https:\/\/www.carideal.com\/blog\/wp-json\/wp\/v2\/posts\/8441"}],"collection":[{"href":"https:\/\/www.carideal.com\/blog\/wp-json\/wp\/v2\/posts"}],"about":[{"href":"https:\/\/www.carideal.com\/blog\/wp-json\/wp\/v2\/types\/post"}],"author":[{"embeddable":true,"href":"https:\/\/www.carideal.com\/blog\/wp-json\/wp\/v2\/users\/3"}],"replies":[{"embeddable":true,"href":"https:\/\/www.carideal.com\/blog\/wp-json\/wp\/v2\/comments?post=8441"}],"version-history":[{"count":0,"href":"https:\/\/www.carideal.com\/blog\/wp-json\/wp\/v2\/posts\/8441\/revisions"}],"wp:featuredmedia":[{"embeddable":true,"href":"https:\/\/www.carideal.com\/blog\/wp-json\/wp\/v2\/media\/8460"}],"wp:attachment":[{"href":"https:\/\/www.carideal.com\/blog\/wp-json\/wp\/v2\/media?parent=8441"}],"wp:term":[{"taxonomy":"category","embeddable":true,"href":"https:\/\/www.carideal.com\/blog\/wp-json\/wp\/v2\/categories?post=8441"},{"taxonomy":"post_tag","embeddable":true,"href":"https:\/\/www.carideal.com\/blog\/wp-json\/wp\/v2\/tags?post=8441"}],"curies":[{"name":"wp","href":"https:\/\/api.w.org\/{rel}","templated":true}]}}