{"id":843,"date":"2011-01-13T12:12:00","date_gmt":"2011-01-13T12:12:00","guid":{"rendered":"http:\/\/carideal.com\/blog\/?p=843"},"modified":"2016-06-24T16:00:55","modified_gmt":"2016-06-24T14:00:55","slug":"les-lancia-de-2011","status":"publish","type":"post","link":"https:\/\/www.carideal.com\/blog\/2011\/01\/13\/les-lancia-de-2011\/","title":{"rendered":"Les Lancia de 2011"},"content":{"rendered":"<h1><strong>Les Lancia de 2011<\/strong><\/h1>\n<p>Lancia Ypsilon<br \/>\n<img decoding=\"async\" title=\"lancia ypsilon 2011, janv. 2011\" src=\"\/blog\/public\/.lancia_ypsilon_2011_achat_carideal_mandataire_m.jpg\" alt=\"lancia ypsilon 2011\" \/><\/p>\n<blockquote><p>La nouvelle Lancia Ypsilon de 2011<\/p><\/blockquote>\n<p>Mis en sursis par la prise de participation au capital de Chrysler, l'avenir de Lancia est aujourd'hui plus clair. L'Ypsilon arrivera enfin au salon de Gen\u00e8ve, d\u00e9but Mars. Assembl\u00e9e sur la plateforme de la fiat Panda, cette urbaine chic, longue de 3.90m, ne sera livr\u00e9e qu'en version 5 portes. Une strat\u00e9gie inverse de celle adopt\u00e9e par l'actuelle Ypsilon et qui laissera le champ libre \u00e0 une plus petite Lancia sur la base de la future Fiat Topolino.<\/p>\n<p>Lancia Thesis<\/p>\n<p><img decoding=\"async\" title=\"Lancia Thesis 2011 sur base Chrysler 300 C, janv. 2011\" src=\"\/blog\/public\/.lancia_thesis_2011_achat_carideal_m.jpg\" alt=\"Lancia Thesis 2011 sur base Chrysler 300 C\" \/><\/p>\n<blockquote><p>La Lancia Thesis 2011 sur base de Chrysler 300C<\/p><\/blockquote>\n<p>Elle sortira d\u00e8s cet hiver d\u00e8s 42500 \u20ac.Originale, voire m\u00eame d\u00e9cal\u00e9e, dans un segment ou le classicisme est de mise, la Lancia Thesis n'a pas trouv\u00e9 son public. Sa rempla\u00e7ante reprendra, \u00e0 sa calandre pr\u00e8s, la plastique de la nouvelle Chrysler 300C. La prise de risque est donc ma\u00eetris\u00e9e.<\/p>\n<p>Lancia Phedra<br \/>\n<img decoding=\"async\" title=\"Lancia Phedra 2011, janv. 2011\" src=\"\/blog\/public\/.Lancia-Phedra-2011_achat_carideal_m.jpg\" alt=\"Lancia Phedra 2011\" \/><\/p>\n<blockquote><p>Lancia Phedra 2011<\/p><\/blockquote>\n<p>Elle sera disponible d\u00e8s cet Automne \u00e0 partir de 37500 \u20ac. D\u00e9voil\u00e9 au salon de Los Angeles en Novembre, le Chrysler Grand Voyager restyl\u00e9 appara\u00eetra en Europe sous la marque Lancia et remplacera l'actuel Phedra. Il sera long de 5.14m, ce grand monospace aura largement assez de places pour 7 passagers et leurs bagages.<\/p>\n<p>\/ des Chrysler badg\u00e9s Lancia en europe<br \/>\n\/ Lancia<\/p>\n","protected":false},"excerpt":{"rendered":"<p>Les Lancia de 2011 Lancia Ypsilon La nouvelle Lancia Ypsilon de 2011 Mis en sursis par la prise de participation au capital de Chrysler, l&rsquo;avenir de Lancia est aujourd&rsquo;hui plus clair. L&rsquo;Ypsilon arrivera enfin au salon de Gen\u00e8ve, d\u00e9but Mars. Assembl\u00e9e sur la plateforme de la fiat Panda, cette urbaine chic, longue de 3.90m, ne &#8230; <a title=\"Les Lancia de 2011\" class=\"read-more\" href=\"https:\/\/www.carideal.com\/blog\/2011\/01\/13\/les-lancia-de-2011\/\" aria-label=\"En savoir plus sur Les Lancia de 2011\">Lire plus<\/a><\/p>\n","protected":false},"author":1,"featured_media":0,"comment_status":"open","ping_status":"open","sticky":false,"template":"","format":"standard","meta":{"_uag_custom_page_level_css":"","_themeisle_gutenberg_block_has_review":false,"footnotes":""},"categories":[5944,6153,10],"tags":[],"class_list":["post-843","post","type-post","status-publish","format-standard","hentry","category-constructeur","category-actualite-lancia","category-marche-automobile-voiture-neuve-occasion-4x4-suv"],"wppr_data":[],"yoast_head":"<!-- This site is optimized with the Yoast SEO plugin v24.8.1 - https:\/\/yoast.com\/wordpress\/plugins\/seo\/ -->\n<title>Les Lancia de 2011 - Blog auto Carid\u00e9al<\/title>\n<meta name=\"robots\" content=\"index, follow, max-snippet:-1, max-image-preview:large, max-video-preview:-1\" \/>\n<link rel=\"canonical\" href=\"https:\/\/www.carideal.com\/blog\/2011\/01\/13\/les-lancia-de-2011\/\" \/>\n<meta property=\"og:locale\" content=\"fr_FR\" \/>\n<meta property=\"og:type\" content=\"article\" \/>\n<meta property=\"og:title\" content=\"Les Lancia de 2011 - Blog auto Carid\u00e9al\" \/>\n<meta property=\"og:description\" content=\"Les Lancia de 2011 Lancia Ypsilon La nouvelle Lancia Ypsilon de 2011 Mis en sursis par la prise de participation au capital de Chrysler, l&#039;avenir de Lancia est aujourd&#039;hui plus clair. L&#039;Ypsilon arrivera enfin au salon de Gen\u00e8ve, d\u00e9but Mars. Assembl\u00e9e sur la plateforme de la fiat Panda, cette urbaine chic, longue de 3.90m, ne ... Lire plus\" \/>\n<meta property=\"og:url\" content=\"https:\/\/www.carideal.com\/blog\/2011\/01\/13\/les-lancia-de-2011\/\" \/>\n<meta property=\"og:site_name\" content=\"Blog auto Carid\u00e9al\" \/>\n<meta property=\"article:publisher\" content=\"https:\/\/www.facebook.com\/Carideal.mandataire.automobile\" \/>\n<meta property=\"article:author\" content=\"https:\/\/www.facebook.com\/Carideal.mandataire.automobile\/\" \/>\n<meta property=\"article:published_time\" content=\"2011-01-13T12:12:00+00:00\" \/>\n<meta property=\"article:modified_time\" content=\"2016-06-24T14:00:55+00:00\" \/>\n<meta property=\"og:image\" content=\"https:\/\/www.carideal.com\/blog\/wp-content\/uploads\/2016\/03\/logo-carideal-mandataire-automobile.png\" \/>\n\t<meta property=\"og:image:width\" content=\"300\" \/>\n\t<meta property=\"og:image:height\" content=\"300\" \/>\n\t<meta property=\"og:image:type\" content=\"image\/png\" \/>\n<meta name=\"author\" content=\"N.S Carideal\" \/>\n<meta name=\"twitter:card\" content=\"summary_large_image\" \/>\n<meta name=\"twitter:creator\" content=\"@caridealauto\" \/>\n<meta name=\"twitter:site\" content=\"@caridealauto\" \/>\n<meta name=\"twitter:label1\" content=\"\u00c9crit par\" \/>\n\t<meta name=\"twitter:data1\" content=\"N.S Carideal\" \/>\n\t<meta name=\"twitter:label2\" content=\"Dur\u00e9e de lecture estim\u00e9e\" \/>\n\t<meta name=\"twitter:data2\" content=\"1 minute\" \/>\n<script type=\"application\/ld+json\" class=\"yoast-schema-graph\">{\"@context\":\"https:\/\/schema.org\",\"@graph\":[{\"@type\":\"Article\",\"@id\":\"https:\/\/www.carideal.com\/blog\/2011\/01\/13\/les-lancia-de-2011\/#article\",\"isPartOf\":{\"@id\":\"https:\/\/www.carideal.com\/blog\/2011\/01\/13\/les-lancia-de-2011\/\"},\"author\":{\"name\":\"N.S Carideal\",\"@id\":\"https:\/\/www.carideal.com\/blog\/#\/schema\/person\/985c7e757d1042d647f21bfaf8d41ebc\"},\"headline\":\"Les Lancia de 2011\",\"datePublished\":\"2011-01-13T12:12:00+00:00\",\"dateModified\":\"2016-06-24T14:00:55+00:00\",\"mainEntityOfPage\":{\"@id\":\"https:\/\/www.carideal.com\/blog\/2011\/01\/13\/les-lancia-de-2011\/\"},\"wordCount\":225,\"commentCount\":0,\"publisher\":{\"@id\":\"https:\/\/www.carideal.com\/blog\/#organization\"},\"articleSection\":[\"Actualit\u00e9 Constructeur automobile\",\"Actualit\u00e9 Lancia\",\"March\u00e9 automobile\"],\"inLanguage\":\"fr-FR\",\"potentialAction\":[{\"@type\":\"CommentAction\",\"name\":\"Comment\",\"target\":[\"https:\/\/www.carideal.com\/blog\/2011\/01\/13\/les-lancia-de-2011\/#respond\"]}]},{\"@type\":\"WebPage\",\"@id\":\"https:\/\/www.carideal.com\/blog\/2011\/01\/13\/les-lancia-de-2011\/\",\"url\":\"https:\/\/www.carideal.com\/blog\/2011\/01\/13\/les-lancia-de-2011\/\",\"name\":\"Les Lancia de 2011 - Blog auto Carid\u00e9al\",\"isPartOf\":{\"@id\":\"https:\/\/www.carideal.com\/blog\/#website\"},\"datePublished\":\"2011-01-13T12:12:00+00:00\",\"dateModified\":\"2016-06-24T14:00:55+00:00\",\"breadcrumb\":{\"@id\":\"https:\/\/www.carideal.com\/blog\/2011\/01\/13\/les-lancia-de-2011\/#breadcrumb\"},\"inLanguage\":\"fr-FR\",\"potentialAction\":[{\"@type\":\"ReadAction\",\"target\":[\"https:\/\/www.carideal.com\/blog\/2011\/01\/13\/les-lancia-de-2011\/\"]}]},{\"@type\":\"BreadcrumbList\",\"@id\":\"https:\/\/www.carideal.com\/blog\/2011\/01\/13\/les-lancia-de-2011\/#breadcrumb\",\"itemListElement\":[{\"@type\":\"ListItem\",\"position\":1,\"name\":\"Blog Carid\u00e9al\",\"item\":\"https:\/\/www.carideal.com\/blog\/\"},{\"@type\":\"ListItem\",\"position\":2,\"name\":\"March\u00e9 automobile\",\"item\":\"https:\/\/www.carideal.com\/blog\/marche-automobile-voiture-neuve-occasion-4x4-suv\/\"},{\"@type\":\"ListItem\",\"position\":3,\"name\":\"Les Lancia de 2011\"}]},{\"@type\":\"WebSite\",\"@id\":\"https:\/\/www.carideal.com\/blog\/#website\",\"url\":\"https:\/\/www.carideal.com\/blog\/\",\"name\":\"Blog auto Carid\u00e9al\",\"description\":\"Actualit\u00e9 auto par des passionn\u00e9s\",\"publisher\":{\"@id\":\"https:\/\/www.carideal.com\/blog\/#organization\"},\"potentialAction\":[{\"@type\":\"SearchAction\",\"target\":{\"@type\":\"EntryPoint\",\"urlTemplate\":\"https:\/\/www.carideal.com\/blog\/?s={search_term_string}\"},\"query-input\":{\"@type\":\"PropertyValueSpecification\",\"valueRequired\":true,\"valueName\":\"search_term_string\"}}],\"inLanguage\":\"fr-FR\"},{\"@type\":\"Organization\",\"@id\":\"https:\/\/www.carideal.com\/blog\/#organization\",\"name\":\"Carideal\",\"url\":\"https:\/\/www.carideal.com\/blog\/\",\"logo\":{\"@type\":\"ImageObject\",\"inLanguage\":\"fr-FR\",\"@id\":\"https:\/\/www.carideal.com\/blog\/#\/schema\/logo\/image\/\",\"url\":\"http:\/\/www.carideal.com\/blog\/wp-content\/uploads\/2016\/03\/logo-carideal-mandataire-automobile.png\",\"contentUrl\":\"http:\/\/www.carideal.com\/blog\/wp-content\/uploads\/2016\/03\/logo-carideal-mandataire-automobile.png\",\"width\":300,\"height\":300,\"caption\":\"Carideal\"},\"image\":{\"@id\":\"https:\/\/www.carideal.com\/blog\/#\/schema\/logo\/image\/\"},\"sameAs\":[\"https:\/\/www.facebook.com\/Carideal.mandataire.automobile\",\"https:\/\/x.com\/caridealauto\",\"https:\/\/www.instagram.com\/carideal1\/\",\"https:\/\/www.linkedin.com\/company\/carideal.com\",\"https:\/\/fr.pinterest.com\/schiavonsas\/\",\"https:\/\/www.youtube.com\/user\/caridealsas\"]},{\"@type\":\"Person\",\"@id\":\"https:\/\/www.carideal.com\/blog\/#\/schema\/person\/985c7e757d1042d647f21bfaf8d41ebc\",\"name\":\"N.S Carideal\",\"image\":{\"@type\":\"ImageObject\",\"inLanguage\":\"fr-FR\",\"@id\":\"https:\/\/www.carideal.com\/blog\/#\/schema\/person\/image\/\",\"url\":\"https:\/\/secure.gravatar.com\/avatar\/edb7ccdf1a4e3d14aef967760d354d0e?s=96&r=g\",\"contentUrl\":\"https:\/\/secure.gravatar.com\/avatar\/edb7ccdf1a4e3d14aef967760d354d0e?s=96&r=g\",\"caption\":\"N.S Carideal\"},\"description\":\"Depuis tout petit fan d'automobile. Il est question d'essayer et de comparer toutes ces voitures qui nous ont fait r\u00e9ver, avant que celles-ci ne devient uniquement des voitures de collection.\",\"sameAs\":[\"http:\/\/www.carideal.com\/blog\",\"https:\/\/www.facebook.com\/Carideal.mandataire.automobile\/\",\"https:\/\/www.linkedin.com\/in\/nschiavon\/\",\"https:\/\/www.youtube.com\/user\/caridealsas\/\"],\"url\":\"https:\/\/www.carideal.com\/blog\/author\/admin_carideal\/\"}]}<\/script>\n<!-- \/ Yoast SEO plugin. -->","yoast_head_json":{"title":"Les Lancia de 2011 - Blog auto Carid\u00e9al","robots":{"index":"index","follow":"follow","max-snippet":"max-snippet:-1","max-image-preview":"max-image-preview:large","max-video-preview":"max-video-preview:-1"},"canonical":"https:\/\/www.carideal.com\/blog\/2011\/01\/13\/les-lancia-de-2011\/","og_locale":"fr_FR","og_type":"article","og_title":"Les Lancia de 2011 - Blog auto Carid\u00e9al","og_description":"Les Lancia de 2011 Lancia Ypsilon La nouvelle Lancia Ypsilon de 2011 Mis en sursis par la prise de participation au capital de Chrysler, l'avenir de Lancia est aujourd'hui plus clair. L'Ypsilon arrivera enfin au salon de Gen\u00e8ve, d\u00e9but Mars. Assembl\u00e9e sur la plateforme de la fiat Panda, cette urbaine chic, longue de 3.90m, ne ... Lire plus","og_url":"https:\/\/www.carideal.com\/blog\/2011\/01\/13\/les-lancia-de-2011\/","og_site_name":"Blog auto Carid\u00e9al","article_publisher":"https:\/\/www.facebook.com\/Carideal.mandataire.automobile","article_author":"https:\/\/www.facebook.com\/Carideal.mandataire.automobile\/","article_published_time":"2011-01-13T12:12:00+00:00","article_modified_time":"2016-06-24T14:00:55+00:00","og_image":[{"width":300,"height":300,"url":"https:\/\/www.carideal.com\/blog\/wp-content\/uploads\/2016\/03\/logo-carideal-mandataire-automobile.png","type":"image\/png"}],"author":"N.S Carideal","twitter_card":"summary_large_image","twitter_creator":"@caridealauto","twitter_site":"@caridealauto","twitter_misc":{"\u00c9crit par":"N.S Carideal","Dur\u00e9e de lecture estim\u00e9e":"1 minute"},"schema":{"@context":"https:\/\/schema.org","@graph":[{"@type":"Article","@id":"https:\/\/www.carideal.com\/blog\/2011\/01\/13\/les-lancia-de-2011\/#article","isPartOf":{"@id":"https:\/\/www.carideal.com\/blog\/2011\/01\/13\/les-lancia-de-2011\/"},"author":{"name":"N.S Carideal","@id":"https:\/\/www.carideal.com\/blog\/#\/schema\/person\/985c7e757d1042d647f21bfaf8d41ebc"},"headline":"Les Lancia de 2011","datePublished":"2011-01-13T12:12:00+00:00","dateModified":"2016-06-24T14:00:55+00:00","mainEntityOfPage":{"@id":"https:\/\/www.carideal.com\/blog\/2011\/01\/13\/les-lancia-de-2011\/"},"wordCount":225,"commentCount":0,"publisher":{"@id":"https:\/\/www.carideal.com\/blog\/#organization"},"articleSection":["Actualit\u00e9 Constructeur automobile","Actualit\u00e9 Lancia","March\u00e9 automobile"],"inLanguage":"fr-FR","potentialAction":[{"@type":"CommentAction","name":"Comment","target":["https:\/\/www.carideal.com\/blog\/2011\/01\/13\/les-lancia-de-2011\/#respond"]}]},{"@type":"WebPage","@id":"https:\/\/www.carideal.com\/blog\/2011\/01\/13\/les-lancia-de-2011\/","url":"https:\/\/www.carideal.com\/blog\/2011\/01\/13\/les-lancia-de-2011\/","name":"Les Lancia de 2011 - Blog auto Carid\u00e9al","isPartOf":{"@id":"https:\/\/www.carideal.com\/blog\/#website"},"datePublished":"2011-01-13T12:12:00+00:00","dateModified":"2016-06-24T14:00:55+00:00","breadcrumb":{"@id":"https:\/\/www.carideal.com\/blog\/2011\/01\/13\/les-lancia-de-2011\/#breadcrumb"},"inLanguage":"fr-FR","potentialAction":[{"@type":"ReadAction","target":["https:\/\/www.carideal.com\/blog\/2011\/01\/13\/les-lancia-de-2011\/"]}]},{"@type":"BreadcrumbList","@id":"https:\/\/www.carideal.com\/blog\/2011\/01\/13\/les-lancia-de-2011\/#breadcrumb","itemListElement":[{"@type":"ListItem","position":1,"name":"Blog Carid\u00e9al","item":"https:\/\/www.carideal.com\/blog\/"},{"@type":"ListItem","position":2,"name":"March\u00e9 automobile","item":"https:\/\/www.carideal.com\/blog\/marche-automobile-voiture-neuve-occasion-4x4-suv\/"},{"@type":"ListItem","position":3,"name":"Les Lancia de 2011"}]},{"@type":"WebSite","@id":"https:\/\/www.carideal.com\/blog\/#website","url":"https:\/\/www.carideal.com\/blog\/","name":"Blog auto Carid\u00e9al","description":"Actualit\u00e9 auto par des passionn\u00e9s","publisher":{"@id":"https:\/\/www.carideal.com\/blog\/#organization"},"potentialAction":[{"@type":"SearchAction","target":{"@type":"EntryPoint","urlTemplate":"https:\/\/www.carideal.com\/blog\/?s={search_term_string}"},"query-input":{"@type":"PropertyValueSpecification","valueRequired":true,"valueName":"search_term_string"}}],"inLanguage":"fr-FR"},{"@type":"Organization","@id":"https:\/\/www.carideal.com\/blog\/#organization","name":"Carideal","url":"https:\/\/www.carideal.com\/blog\/","logo":{"@type":"ImageObject","inLanguage":"fr-FR","@id":"https:\/\/www.carideal.com\/blog\/#\/schema\/logo\/image\/","url":"http:\/\/www.carideal.com\/blog\/wp-content\/uploads\/2016\/03\/logo-carideal-mandataire-automobile.png","contentUrl":"http:\/\/www.carideal.com\/blog\/wp-content\/uploads\/2016\/03\/logo-carideal-mandataire-automobile.png","width":300,"height":300,"caption":"Carideal"},"image":{"@id":"https:\/\/www.carideal.com\/blog\/#\/schema\/logo\/image\/"},"sameAs":["https:\/\/www.facebook.com\/Carideal.mandataire.automobile","https:\/\/x.com\/caridealauto","https:\/\/www.instagram.com\/carideal1\/","https:\/\/www.linkedin.com\/company\/carideal.com","https:\/\/fr.pinterest.com\/schiavonsas\/","https:\/\/www.youtube.com\/user\/caridealsas"]},{"@type":"Person","@id":"https:\/\/www.carideal.com\/blog\/#\/schema\/person\/985c7e757d1042d647f21bfaf8d41ebc","name":"N.S Carideal","image":{"@type":"ImageObject","inLanguage":"fr-FR","@id":"https:\/\/www.carideal.com\/blog\/#\/schema\/person\/image\/","url":"https:\/\/secure.gravatar.com\/avatar\/edb7ccdf1a4e3d14aef967760d354d0e?s=96&r=g","contentUrl":"https:\/\/secure.gravatar.com\/avatar\/edb7ccdf1a4e3d14aef967760d354d0e?s=96&r=g","caption":"N.S Carideal"},"description":"Depuis tout petit fan d'automobile. Il est question d'essayer et de comparer toutes ces voitures qui nous ont fait r\u00e9ver, avant que celles-ci ne devient uniquement des voitures de collection.","sameAs":["http:\/\/www.carideal.com\/blog","https:\/\/www.facebook.com\/Carideal.mandataire.automobile\/","https:\/\/www.linkedin.com\/in\/nschiavon\/","https:\/\/www.youtube.com\/user\/caridealsas\/"],"url":"https:\/\/www.carideal.com\/blog\/author\/admin_carideal\/"}]}},"uagb_featured_image_src":{"full":false,"thumbnail":false,"medium":false,"medium_large":false,"large":false,"1536x1536":false,"2048x2048":false,"wppr-widget":false},"uagb_author_info":{"display_name":"N.S Carideal","author_link":"https:\/\/www.carideal.com\/blog\/author\/admin_carideal\/"},"uagb_comment_info":0,"uagb_excerpt":"Les Lancia de 2011 Lancia Ypsilon La nouvelle Lancia Ypsilon de 2011 Mis en sursis par la prise de participation au capital de Chrysler, l'avenir de Lancia est aujourd'hui plus clair. L'Ypsilon arrivera enfin au salon de Gen\u00e8ve, d\u00e9but Mars. Assembl\u00e9e sur la plateforme de la fiat Panda, cette urbaine chic, longue de 3.90m, ne\u2026","_links":{"self":[{"href":"https:\/\/www.carideal.com\/blog\/wp-json\/wp\/v2\/posts\/843"}],"collection":[{"href":"https:\/\/www.carideal.com\/blog\/wp-json\/wp\/v2\/posts"}],"about":[{"href":"https:\/\/www.carideal.com\/blog\/wp-json\/wp\/v2\/types\/post"}],"author":[{"embeddable":true,"href":"https:\/\/www.carideal.com\/blog\/wp-json\/wp\/v2\/users\/1"}],"replies":[{"embeddable":true,"href":"https:\/\/www.carideal.com\/blog\/wp-json\/wp\/v2\/comments?post=843"}],"version-history":[{"count":0,"href":"https:\/\/www.carideal.com\/blog\/wp-json\/wp\/v2\/posts\/843\/revisions"}],"wp:attachment":[{"href":"https:\/\/www.carideal.com\/blog\/wp-json\/wp\/v2\/media?parent=843"}],"wp:term":[{"taxonomy":"category","embeddable":true,"href":"https:\/\/www.carideal.com\/blog\/wp-json\/wp\/v2\/categories?post=843"},{"taxonomy":"post_tag","embeddable":true,"href":"https:\/\/www.carideal.com\/blog\/wp-json\/wp\/v2\/tags?post=843"}],"curies":[{"name":"wp","href":"https:\/\/api.w.org\/{rel}","templated":true}]}}