{"id":838,"date":"2011-01-10T21:48:00","date_gmt":"2011-01-10T21:48:00","guid":{"rendered":"http:\/\/carideal.com\/blog\/?p=838"},"modified":"2016-06-26T09:53:17","modified_gmt":"2016-06-26T07:53:17","slug":"les-chevrolet-de-2011","status":"publish","type":"post","link":"https:\/\/www.carideal.com\/blog\/2011\/01\/10\/les-chevrolet-de-2011\/","title":{"rendered":"Les Chevrolet de 2011"},"content":{"rendered":"<h1><strong>Les Chevrolet de 2011<\/strong><\/h1>\n<p>La Cruze 5p<br \/>\n<img decoding=\"async\" title=\"La nouvelle Chevrolet Cruze 5p, janv. 2011\" src=\"\/blog\/public\/.chevrolet_cruze_5p_achat_carideal_m.jpg\" alt=\"La nouvelle Chevrolet Cruze 5p\" \/><\/p>\n<blockquote><p>La nouvelle Chevrolet Cruze<\/p><\/blockquote>\n<p>pour cet \u00e9t\u00e9. Quand ses rivales d\u00e9passent all\u00e8grement les 20000 \u20ac, la berline \u00e0 coffre \u00e9ponyme, vendue moins de 15000 \u20ac, s\u00e8me d\u00e9j\u00e0 la zizanie chez les familiales. La version \u00e0 hayon fera de m\u00eame chez les compactes. Plus courte, 4.40m contre 4.60m, la Cruze 5 portes disposera de moteurs \u00e0 essence 1.6 de 113 ch et 1.8 de 141 ch et diesel 2.0 VCDI de 163 ch puis 130 ch.<\/p>\n<p>L'Aveo<\/p>\n<p><img decoding=\"async\" title=\"Chevrolet Aveo, janv. 2011\" src=\"\/blog\/public\/.Chevrolet_Aveo_carideal_achat_m.jpg\" alt=\"Chevrolet Aveo\" \/><\/p>\n<blockquote><p>La Chevrolet Aveo<\/p><\/blockquote>\n<p>Disponible d\u00e8s cet \u00e9t\u00e9. Apr\u00e8s la citadine Spark de 3.64m c'est au tour de la polyvalente Aveo longue de 3.95m d'afficher un style haut en couleur. Elle recevra des moteurs \u00e0 essence de 1.0 70 et 86 ch, 1.4 de 100 ch et 1.6 de 115ch, ainsi qu'un diesel 1.3 d\u00e9clin\u00e9 en 75 et 95 ch.<\/p>\n<p>La Volt<\/p>\n<p><img decoding=\"async\" title=\"Chevrolet Volt hybride, janv. 2011\" src=\"\/blog\/public\/.chevrolet_volt_carideal_1_m.jpg\" alt=\"Chevrolet Volt hybride\" \/><\/p>\n<blockquote><p>La chevrolet Volt est pr\u00e9vue en Novembre<\/p><\/blockquote>\n<p>Pr\u00e9vue \u00e0 29800 \u20ac. Chevrolet a sa propre vision de l'hybride. Contrairement \u00e0 la Toyota Prius qui favorise son moteur thermique, la Volt mise sur le tout \u00e9lectrique sur 60 km, puis sur son moteur \u00e0 essence 1.4 de 84 ch pour offrir une autonomie \u00e9largie \u00e0 environ 500 km.<\/p>\n<p>\/ la i-miev aux chevrons<br \/>\n\/ l'escroquerie des voitures Hybrides<br \/>\n\/ hybride<\/p>\n","protected":false},"excerpt":{"rendered":"<p>Les Chevrolet de 2011 La Cruze 5p La nouvelle Chevrolet Cruze pour cet \u00e9t\u00e9. Quand ses rivales d\u00e9passent all\u00e8grement les 20000 \u20ac, la berline \u00e0 coffre \u00e9ponyme, vendue moins de 15000 \u20ac, s\u00e8me d\u00e9j\u00e0 la zizanie chez les familiales. La version \u00e0 hayon fera de m\u00eame chez les compactes. Plus courte, 4.40m contre 4.60m, la &#8230; <a title=\"Les Chevrolet de 2011\" class=\"read-more\" href=\"https:\/\/www.carideal.com\/blog\/2011\/01\/10\/les-chevrolet-de-2011\/\" aria-label=\"En savoir plus sur Les Chevrolet de 2011\">Lire plus<\/a><\/p>\n","protected":false},"author":1,"featured_media":0,"comment_status":"open","ping_status":"open","sticky":false,"template":"","format":"standard","meta":{"_uag_custom_page_level_css":"","_themeisle_gutenberg_block_has_review":false,"footnotes":""},"categories":[6146,5944,10],"tags":[],"class_list":["post-838","post","type-post","status-publish","format-standard","hentry","category-chevrolet","category-constructeur","category-marche-automobile-voiture-neuve-occasion-4x4-suv"],"wppr_data":[],"yoast_head":"<!-- This site is optimized with the Yoast SEO plugin v24.8.1 - https:\/\/yoast.com\/wordpress\/plugins\/seo\/ -->\n<title>Les Chevrolet de 2011 - Blog auto Carid\u00e9al<\/title>\n<meta name=\"robots\" content=\"index, follow, max-snippet:-1, max-image-preview:large, max-video-preview:-1\" \/>\n<link rel=\"canonical\" href=\"https:\/\/www.carideal.com\/blog\/2011\/01\/10\/les-chevrolet-de-2011\/\" \/>\n<meta property=\"og:locale\" content=\"fr_FR\" \/>\n<meta property=\"og:type\" content=\"article\" \/>\n<meta property=\"og:title\" content=\"Les Chevrolet de 2011 - Blog auto Carid\u00e9al\" \/>\n<meta property=\"og:description\" content=\"Les Chevrolet de 2011 La Cruze 5p La nouvelle Chevrolet Cruze pour cet \u00e9t\u00e9. Quand ses rivales d\u00e9passent all\u00e8grement les 20000 \u20ac, la berline \u00e0 coffre \u00e9ponyme, vendue moins de 15000 \u20ac, s\u00e8me d\u00e9j\u00e0 la zizanie chez les familiales. La version \u00e0 hayon fera de m\u00eame chez les compactes. Plus courte, 4.40m contre 4.60m, la ... Lire plus\" \/>\n<meta property=\"og:url\" content=\"https:\/\/www.carideal.com\/blog\/2011\/01\/10\/les-chevrolet-de-2011\/\" \/>\n<meta property=\"og:site_name\" content=\"Blog auto Carid\u00e9al\" \/>\n<meta property=\"article:publisher\" content=\"https:\/\/www.facebook.com\/Carideal.mandataire.automobile\" \/>\n<meta property=\"article:author\" content=\"https:\/\/www.facebook.com\/Carideal.mandataire.automobile\/\" \/>\n<meta property=\"article:published_time\" content=\"2011-01-10T21:48:00+00:00\" \/>\n<meta property=\"article:modified_time\" content=\"2016-06-26T07:53:17+00:00\" \/>\n<meta property=\"og:image\" content=\"https:\/\/www.carideal.com\/blog\/wp-content\/uploads\/2016\/03\/logo-carideal-mandataire-automobile.png\" \/>\n\t<meta property=\"og:image:width\" content=\"300\" \/>\n\t<meta property=\"og:image:height\" content=\"300\" \/>\n\t<meta property=\"og:image:type\" content=\"image\/png\" \/>\n<meta name=\"author\" content=\"N.S Carideal\" \/>\n<meta name=\"twitter:card\" content=\"summary_large_image\" \/>\n<meta name=\"twitter:creator\" content=\"@caridealauto\" \/>\n<meta name=\"twitter:site\" content=\"@caridealauto\" \/>\n<meta name=\"twitter:label1\" content=\"\u00c9crit par\" \/>\n\t<meta name=\"twitter:data1\" content=\"N.S Carideal\" \/>\n\t<meta name=\"twitter:label2\" content=\"Dur\u00e9e de lecture estim\u00e9e\" \/>\n\t<meta name=\"twitter:data2\" content=\"1 minute\" \/>\n<script type=\"application\/ld+json\" class=\"yoast-schema-graph\">{\"@context\":\"https:\/\/schema.org\",\"@graph\":[{\"@type\":\"Article\",\"@id\":\"https:\/\/www.carideal.com\/blog\/2011\/01\/10\/les-chevrolet-de-2011\/#article\",\"isPartOf\":{\"@id\":\"https:\/\/www.carideal.com\/blog\/2011\/01\/10\/les-chevrolet-de-2011\/\"},\"author\":{\"name\":\"N.S Carideal\",\"@id\":\"https:\/\/www.carideal.com\/blog\/#\/schema\/person\/985c7e757d1042d647f21bfaf8d41ebc\"},\"headline\":\"Les Chevrolet de 2011\",\"datePublished\":\"2011-01-10T21:48:00+00:00\",\"dateModified\":\"2016-06-26T07:53:17+00:00\",\"mainEntityOfPage\":{\"@id\":\"https:\/\/www.carideal.com\/blog\/2011\/01\/10\/les-chevrolet-de-2011\/\"},\"wordCount\":187,\"commentCount\":0,\"publisher\":{\"@id\":\"https:\/\/www.carideal.com\/blog\/#organization\"},\"articleSection\":[\"Actualit\u00e9 Chevrolet\",\"Actualit\u00e9 Constructeur automobile\",\"March\u00e9 automobile\"],\"inLanguage\":\"fr-FR\",\"potentialAction\":[{\"@type\":\"CommentAction\",\"name\":\"Comment\",\"target\":[\"https:\/\/www.carideal.com\/blog\/2011\/01\/10\/les-chevrolet-de-2011\/#respond\"]}]},{\"@type\":\"WebPage\",\"@id\":\"https:\/\/www.carideal.com\/blog\/2011\/01\/10\/les-chevrolet-de-2011\/\",\"url\":\"https:\/\/www.carideal.com\/blog\/2011\/01\/10\/les-chevrolet-de-2011\/\",\"name\":\"Les Chevrolet de 2011 - Blog auto Carid\u00e9al\",\"isPartOf\":{\"@id\":\"https:\/\/www.carideal.com\/blog\/#website\"},\"datePublished\":\"2011-01-10T21:48:00+00:00\",\"dateModified\":\"2016-06-26T07:53:17+00:00\",\"breadcrumb\":{\"@id\":\"https:\/\/www.carideal.com\/blog\/2011\/01\/10\/les-chevrolet-de-2011\/#breadcrumb\"},\"inLanguage\":\"fr-FR\",\"potentialAction\":[{\"@type\":\"ReadAction\",\"target\":[\"https:\/\/www.carideal.com\/blog\/2011\/01\/10\/les-chevrolet-de-2011\/\"]}]},{\"@type\":\"BreadcrumbList\",\"@id\":\"https:\/\/www.carideal.com\/blog\/2011\/01\/10\/les-chevrolet-de-2011\/#breadcrumb\",\"itemListElement\":[{\"@type\":\"ListItem\",\"position\":1,\"name\":\"Blog Carid\u00e9al\",\"item\":\"https:\/\/www.carideal.com\/blog\/\"},{\"@type\":\"ListItem\",\"position\":2,\"name\":\"March\u00e9 automobile\",\"item\":\"https:\/\/www.carideal.com\/blog\/marche-automobile-voiture-neuve-occasion-4x4-suv\/\"},{\"@type\":\"ListItem\",\"position\":3,\"name\":\"Les Chevrolet de 2011\"}]},{\"@type\":\"WebSite\",\"@id\":\"https:\/\/www.carideal.com\/blog\/#website\",\"url\":\"https:\/\/www.carideal.com\/blog\/\",\"name\":\"Blog auto Carid\u00e9al\",\"description\":\"Actualit\u00e9 auto par des passionn\u00e9s\",\"publisher\":{\"@id\":\"https:\/\/www.carideal.com\/blog\/#organization\"},\"potentialAction\":[{\"@type\":\"SearchAction\",\"target\":{\"@type\":\"EntryPoint\",\"urlTemplate\":\"https:\/\/www.carideal.com\/blog\/?s={search_term_string}\"},\"query-input\":{\"@type\":\"PropertyValueSpecification\",\"valueRequired\":true,\"valueName\":\"search_term_string\"}}],\"inLanguage\":\"fr-FR\"},{\"@type\":\"Organization\",\"@id\":\"https:\/\/www.carideal.com\/blog\/#organization\",\"name\":\"Carideal\",\"url\":\"https:\/\/www.carideal.com\/blog\/\",\"logo\":{\"@type\":\"ImageObject\",\"inLanguage\":\"fr-FR\",\"@id\":\"https:\/\/www.carideal.com\/blog\/#\/schema\/logo\/image\/\",\"url\":\"http:\/\/www.carideal.com\/blog\/wp-content\/uploads\/2016\/03\/logo-carideal-mandataire-automobile.png\",\"contentUrl\":\"http:\/\/www.carideal.com\/blog\/wp-content\/uploads\/2016\/03\/logo-carideal-mandataire-automobile.png\",\"width\":300,\"height\":300,\"caption\":\"Carideal\"},\"image\":{\"@id\":\"https:\/\/www.carideal.com\/blog\/#\/schema\/logo\/image\/\"},\"sameAs\":[\"https:\/\/www.facebook.com\/Carideal.mandataire.automobile\",\"https:\/\/x.com\/caridealauto\",\"https:\/\/www.instagram.com\/carideal1\/\",\"https:\/\/www.linkedin.com\/company\/carideal.com\",\"https:\/\/fr.pinterest.com\/schiavonsas\/\",\"https:\/\/www.youtube.com\/user\/caridealsas\"]},{\"@type\":\"Person\",\"@id\":\"https:\/\/www.carideal.com\/blog\/#\/schema\/person\/985c7e757d1042d647f21bfaf8d41ebc\",\"name\":\"N.S Carideal\",\"image\":{\"@type\":\"ImageObject\",\"inLanguage\":\"fr-FR\",\"@id\":\"https:\/\/www.carideal.com\/blog\/#\/schema\/person\/image\/\",\"url\":\"https:\/\/secure.gravatar.com\/avatar\/edb7ccdf1a4e3d14aef967760d354d0e?s=96&r=g\",\"contentUrl\":\"https:\/\/secure.gravatar.com\/avatar\/edb7ccdf1a4e3d14aef967760d354d0e?s=96&r=g\",\"caption\":\"N.S Carideal\"},\"description\":\"Depuis tout petit fan d'automobile. Il est question d'essayer et de comparer toutes ces voitures qui nous ont fait r\u00e9ver, avant que celles-ci ne devient uniquement des voitures de collection.\",\"sameAs\":[\"http:\/\/www.carideal.com\/blog\",\"https:\/\/www.facebook.com\/Carideal.mandataire.automobile\/\",\"https:\/\/www.linkedin.com\/in\/nschiavon\/\",\"https:\/\/www.youtube.com\/user\/caridealsas\/\"],\"url\":\"https:\/\/www.carideal.com\/blog\/author\/admin_carideal\/\"}]}<\/script>\n<!-- \/ Yoast SEO plugin. -->","yoast_head_json":{"title":"Les Chevrolet de 2011 - Blog auto Carid\u00e9al","robots":{"index":"index","follow":"follow","max-snippet":"max-snippet:-1","max-image-preview":"max-image-preview:large","max-video-preview":"max-video-preview:-1"},"canonical":"https:\/\/www.carideal.com\/blog\/2011\/01\/10\/les-chevrolet-de-2011\/","og_locale":"fr_FR","og_type":"article","og_title":"Les Chevrolet de 2011 - Blog auto Carid\u00e9al","og_description":"Les Chevrolet de 2011 La Cruze 5p La nouvelle Chevrolet Cruze pour cet \u00e9t\u00e9. Quand ses rivales d\u00e9passent all\u00e8grement les 20000 \u20ac, la berline \u00e0 coffre \u00e9ponyme, vendue moins de 15000 \u20ac, s\u00e8me d\u00e9j\u00e0 la zizanie chez les familiales. La version \u00e0 hayon fera de m\u00eame chez les compactes. Plus courte, 4.40m contre 4.60m, la ... Lire plus","og_url":"https:\/\/www.carideal.com\/blog\/2011\/01\/10\/les-chevrolet-de-2011\/","og_site_name":"Blog auto Carid\u00e9al","article_publisher":"https:\/\/www.facebook.com\/Carideal.mandataire.automobile","article_author":"https:\/\/www.facebook.com\/Carideal.mandataire.automobile\/","article_published_time":"2011-01-10T21:48:00+00:00","article_modified_time":"2016-06-26T07:53:17+00:00","og_image":[{"width":300,"height":300,"url":"https:\/\/www.carideal.com\/blog\/wp-content\/uploads\/2016\/03\/logo-carideal-mandataire-automobile.png","type":"image\/png"}],"author":"N.S Carideal","twitter_card":"summary_large_image","twitter_creator":"@caridealauto","twitter_site":"@caridealauto","twitter_misc":{"\u00c9crit par":"N.S Carideal","Dur\u00e9e de lecture estim\u00e9e":"1 minute"},"schema":{"@context":"https:\/\/schema.org","@graph":[{"@type":"Article","@id":"https:\/\/www.carideal.com\/blog\/2011\/01\/10\/les-chevrolet-de-2011\/#article","isPartOf":{"@id":"https:\/\/www.carideal.com\/blog\/2011\/01\/10\/les-chevrolet-de-2011\/"},"author":{"name":"N.S Carideal","@id":"https:\/\/www.carideal.com\/blog\/#\/schema\/person\/985c7e757d1042d647f21bfaf8d41ebc"},"headline":"Les Chevrolet de 2011","datePublished":"2011-01-10T21:48:00+00:00","dateModified":"2016-06-26T07:53:17+00:00","mainEntityOfPage":{"@id":"https:\/\/www.carideal.com\/blog\/2011\/01\/10\/les-chevrolet-de-2011\/"},"wordCount":187,"commentCount":0,"publisher":{"@id":"https:\/\/www.carideal.com\/blog\/#organization"},"articleSection":["Actualit\u00e9 Chevrolet","Actualit\u00e9 Constructeur automobile","March\u00e9 automobile"],"inLanguage":"fr-FR","potentialAction":[{"@type":"CommentAction","name":"Comment","target":["https:\/\/www.carideal.com\/blog\/2011\/01\/10\/les-chevrolet-de-2011\/#respond"]}]},{"@type":"WebPage","@id":"https:\/\/www.carideal.com\/blog\/2011\/01\/10\/les-chevrolet-de-2011\/","url":"https:\/\/www.carideal.com\/blog\/2011\/01\/10\/les-chevrolet-de-2011\/","name":"Les Chevrolet de 2011 - Blog auto Carid\u00e9al","isPartOf":{"@id":"https:\/\/www.carideal.com\/blog\/#website"},"datePublished":"2011-01-10T21:48:00+00:00","dateModified":"2016-06-26T07:53:17+00:00","breadcrumb":{"@id":"https:\/\/www.carideal.com\/blog\/2011\/01\/10\/les-chevrolet-de-2011\/#breadcrumb"},"inLanguage":"fr-FR","potentialAction":[{"@type":"ReadAction","target":["https:\/\/www.carideal.com\/blog\/2011\/01\/10\/les-chevrolet-de-2011\/"]}]},{"@type":"BreadcrumbList","@id":"https:\/\/www.carideal.com\/blog\/2011\/01\/10\/les-chevrolet-de-2011\/#breadcrumb","itemListElement":[{"@type":"ListItem","position":1,"name":"Blog Carid\u00e9al","item":"https:\/\/www.carideal.com\/blog\/"},{"@type":"ListItem","position":2,"name":"March\u00e9 automobile","item":"https:\/\/www.carideal.com\/blog\/marche-automobile-voiture-neuve-occasion-4x4-suv\/"},{"@type":"ListItem","position":3,"name":"Les Chevrolet de 2011"}]},{"@type":"WebSite","@id":"https:\/\/www.carideal.com\/blog\/#website","url":"https:\/\/www.carideal.com\/blog\/","name":"Blog auto Carid\u00e9al","description":"Actualit\u00e9 auto par des passionn\u00e9s","publisher":{"@id":"https:\/\/www.carideal.com\/blog\/#organization"},"potentialAction":[{"@type":"SearchAction","target":{"@type":"EntryPoint","urlTemplate":"https:\/\/www.carideal.com\/blog\/?s={search_term_string}"},"query-input":{"@type":"PropertyValueSpecification","valueRequired":true,"valueName":"search_term_string"}}],"inLanguage":"fr-FR"},{"@type":"Organization","@id":"https:\/\/www.carideal.com\/blog\/#organization","name":"Carideal","url":"https:\/\/www.carideal.com\/blog\/","logo":{"@type":"ImageObject","inLanguage":"fr-FR","@id":"https:\/\/www.carideal.com\/blog\/#\/schema\/logo\/image\/","url":"http:\/\/www.carideal.com\/blog\/wp-content\/uploads\/2016\/03\/logo-carideal-mandataire-automobile.png","contentUrl":"http:\/\/www.carideal.com\/blog\/wp-content\/uploads\/2016\/03\/logo-carideal-mandataire-automobile.png","width":300,"height":300,"caption":"Carideal"},"image":{"@id":"https:\/\/www.carideal.com\/blog\/#\/schema\/logo\/image\/"},"sameAs":["https:\/\/www.facebook.com\/Carideal.mandataire.automobile","https:\/\/x.com\/caridealauto","https:\/\/www.instagram.com\/carideal1\/","https:\/\/www.linkedin.com\/company\/carideal.com","https:\/\/fr.pinterest.com\/schiavonsas\/","https:\/\/www.youtube.com\/user\/caridealsas"]},{"@type":"Person","@id":"https:\/\/www.carideal.com\/blog\/#\/schema\/person\/985c7e757d1042d647f21bfaf8d41ebc","name":"N.S Carideal","image":{"@type":"ImageObject","inLanguage":"fr-FR","@id":"https:\/\/www.carideal.com\/blog\/#\/schema\/person\/image\/","url":"https:\/\/secure.gravatar.com\/avatar\/edb7ccdf1a4e3d14aef967760d354d0e?s=96&r=g","contentUrl":"https:\/\/secure.gravatar.com\/avatar\/edb7ccdf1a4e3d14aef967760d354d0e?s=96&r=g","caption":"N.S Carideal"},"description":"Depuis tout petit fan d'automobile. Il est question d'essayer et de comparer toutes ces voitures qui nous ont fait r\u00e9ver, avant que celles-ci ne devient uniquement des voitures de collection.","sameAs":["http:\/\/www.carideal.com\/blog","https:\/\/www.facebook.com\/Carideal.mandataire.automobile\/","https:\/\/www.linkedin.com\/in\/nschiavon\/","https:\/\/www.youtube.com\/user\/caridealsas\/"],"url":"https:\/\/www.carideal.com\/blog\/author\/admin_carideal\/"}]}},"uagb_featured_image_src":{"full":false,"thumbnail":false,"medium":false,"medium_large":false,"large":false,"1536x1536":false,"2048x2048":false,"wppr-widget":false},"uagb_author_info":{"display_name":"N.S Carideal","author_link":"https:\/\/www.carideal.com\/blog\/author\/admin_carideal\/"},"uagb_comment_info":0,"uagb_excerpt":"Les Chevrolet de 2011 La Cruze 5p La nouvelle Chevrolet Cruze pour cet \u00e9t\u00e9. Quand ses rivales d\u00e9passent all\u00e8grement les 20000 \u20ac, la berline \u00e0 coffre \u00e9ponyme, vendue moins de 15000 \u20ac, s\u00e8me d\u00e9j\u00e0 la zizanie chez les familiales. La version \u00e0 hayon fera de m\u00eame chez les compactes. Plus courte, 4.40m contre 4.60m, la\u2026","_links":{"self":[{"href":"https:\/\/www.carideal.com\/blog\/wp-json\/wp\/v2\/posts\/838"}],"collection":[{"href":"https:\/\/www.carideal.com\/blog\/wp-json\/wp\/v2\/posts"}],"about":[{"href":"https:\/\/www.carideal.com\/blog\/wp-json\/wp\/v2\/types\/post"}],"author":[{"embeddable":true,"href":"https:\/\/www.carideal.com\/blog\/wp-json\/wp\/v2\/users\/1"}],"replies":[{"embeddable":true,"href":"https:\/\/www.carideal.com\/blog\/wp-json\/wp\/v2\/comments?post=838"}],"version-history":[{"count":0,"href":"https:\/\/www.carideal.com\/blog\/wp-json\/wp\/v2\/posts\/838\/revisions"}],"wp:attachment":[{"href":"https:\/\/www.carideal.com\/blog\/wp-json\/wp\/v2\/media?parent=838"}],"wp:term":[{"taxonomy":"category","embeddable":true,"href":"https:\/\/www.carideal.com\/blog\/wp-json\/wp\/v2\/categories?post=838"},{"taxonomy":"post_tag","embeddable":true,"href":"https:\/\/www.carideal.com\/blog\/wp-json\/wp\/v2\/tags?post=838"}],"curies":[{"name":"wp","href":"https:\/\/api.w.org\/{rel}","templated":true}]}}