{"id":836,"date":"2011-01-07T11:35:00","date_gmt":"2011-01-07T11:35:00","guid":{"rendered":"http:\/\/carideal.com\/blog\/?p=836"},"modified":"2019-02-24T08:21:30","modified_gmt":"2019-02-24T07:21:30","slug":"les-audi-de-2011","status":"publish","type":"post","link":"https:\/\/www.carideal.com\/blog\/2011\/01\/07\/les-audi-de-2011\/","title":{"rendered":"Les Audi de 2011"},"content":{"rendered":"<h2>Les Audi de 2011<\/h2>\n<h3>Audi A3<br \/>\n<img decoding=\"async\" title=\"Audi A3 2011 troisi\u00e8me g\u00e9n\u00e9ration, janv. 2011\" src=\"\/blog\/public\/.audi_a3_2011_m.jpg\" alt=\"Audi A3 2011 troisi\u00e8me g\u00e9n\u00e9ration\" \/><\/h3>\n<h3>La nouvelle Audi A3 2011 saisie ici par des journalistes \u00e9trangers<\/h3>\n<p>D\u00e8s l'hivers prochain , celle qui inventa en 1996, le concept de la compacte chic , l'A3, s'offrira une troisi\u00e8me g\u00e9n\u00e9ration. Qualit\u00e9 de fabrication, de finition et technologie embarqu\u00e9e seront logiquement attendues et une in\u00e9dite d\u00e9clinaison \u00e0 coffre, longue de 4.50m, compl\u00e9tera les silhouettes de 3, 5 portes et cabriolet du mod\u00e8le actuel.<\/p>\n<h3>Audi A6<br \/>\n<img decoding=\"async\" title=\"Nouvelle Audi A6 2011, janv. 2011\" src=\"\/blog\/public\/.Nouvelle-Audi-A6-2011_m.jpg\" alt=\"Nouvelle Audi A6 2011\" \/><\/h3>\n<p>Nouvelle Audi A6 2011 spot\u00e9e par des journalistes<\/p>\n<p>En Avril d\u00e8s 39900 \u20ac. Chahut\u00e9 par la BMW s\u00e9rie 5 et par la Mercedes Classe E, l'Audi A6 prend son temps. Son remplacement interviendra en Avril avec une robe un peu plus audacieuse que l'actuelle sans pour autant changer de format 4.92m. Une version Hybride essence -\u00e9lectrique est attendue pour 2013. Le break, d\u00e9nom\u00e9 avant, arrivera quant \u00e0 lui courant 2012.<\/p>\n<h3>Audi A1 sportback<br \/>\n<img decoding=\"async\" title=\"Audi A1 sportback, janv. 2011\" src=\"\/blog\/public\/.audi_a1_sportback_carideal_m.jpg\" alt=\"Audi A1 sportback\" \/><\/h3>\n<h3>Audi A1 Sportback d\u00e8s cet automne<\/h3>\n<p>Des l'automne \u00e0 partir de 18500 \u20ac<br \/>\nDe part son format, l'A1 est id\u00e9ale pour les citadins. Mais pour installer sa prog\u00e9niture avec aisance, une version \u00e0 5 portes nomm\u00e9e Sportback sera plus appropri\u00e9e. Elle sera \u00e0 peine plus longue, 3.99m contre 3.95m pour la 3 portes. Les motorisations seront identiques \u00e0 celles de la version 3 portes. Enfin, la gamme sera coiff\u00e9e ult\u00e9rieurement par une variante S1 anim\u00e9e par un bloc 2.0 TFSI de 211 ch !<\/p>\n<h3>Audi Q3<br \/>\n<img decoding=\"async\" title=\"Audi Q3, janv. 2011\" src=\"\/blog\/public\/.audi-q3-carideal_m.jpg\" alt=\"Audi Q3\" \/><\/h3>\n<h3>L'Audi Q3 en vente d\u00e8s cet Automne<\/h3>\n<p>Il sera disponible d\u00e8s cet automne \u00e0 partir de 29500 \u20ac<br \/>\nAudi \u00e9toffe sa gamme loisirs avec le Q3, 4.43m, qui contrairement \u00e0 ses grands fr\u00e8res Q5 et Q7, produits en Allemagne, sera quant \u00e0 lui assembl\u00e9 en Espagne dans l'usine Seat de Martorell. Dynamique et rac\u00e9, il sera d\u00e9clin\u00e9 en versions \u00e0 deux et \u00e0 quatre roues motrices.<\/p>\n<p>Audi Q5 Hybrid<br \/>\n<img decoding=\"async\" title=\"Audi Q5 Hybrid, janv. 2011\" src=\"\/blog\/public\/.Audi-Q5-Hybrid-Quattro-carideal_m.jpg\" alt=\"Audi Q5 Hybrid\" \/><\/p>\n<h3>Audi Q5 Hybrid en vente d\u00e8s Mars<\/h3>\n<p>Elle est pr\u00e9vue pour Mars<br \/>\nEn ajoutant un moteur \u00e9lectrique au 2.0 TFSI de 211 ch, le Q5 de 4.63m, deviendra Hybride au salon de Gen\u00e8ve. L'autonomie en tout \u00e9lectrique est de 3 km (...) \u00e0 60 km\/h. Il servira de caution morale avant l'arriv\u00e9e de mod\u00e8le rechargeables nettement plus aboutis.<\/p>\n<p>\/ Audi R8 e-tron<br \/>\n\/Audi e-tron<br \/>\n\/ micro hybride Citroen<\/p>\n","protected":false},"excerpt":{"rendered":"<p>Les Audi de 2011 Audi A3 La nouvelle Audi A3 2011 saisie ici par des journalistes \u00e9trangers D\u00e8s l&rsquo;hivers prochain , celle qui inventa en 1996, le concept de la compacte chic , l&rsquo;A3, s&rsquo;offrira une troisi\u00e8me g\u00e9n\u00e9ration. Qualit\u00e9 de fabrication, de finition et technologie embarqu\u00e9e seront logiquement attendues et une in\u00e9dite d\u00e9clinaison \u00e0 coffre, &#8230; <a title=\"Les Audi de 2011\" class=\"read-more\" href=\"https:\/\/www.carideal.com\/blog\/2011\/01\/07\/les-audi-de-2011\/\" aria-label=\"En savoir plus sur Les Audi de 2011\">Lire plus<\/a><\/p>\n","protected":false},"author":1,"featured_media":0,"comment_status":"open","ping_status":"open","sticky":false,"template":"","format":"standard","meta":{"_uag_custom_page_level_css":"","_themeisle_gutenberg_block_has_review":false,"footnotes":""},"categories":[5978],"tags":[],"class_list":["post-836","post","type-post","status-publish","format-standard","hentry","category-audi"],"wppr_data":{"cwp_meta_box_check":"No"},"yoast_head":"<!-- This site is optimized with the Yoast SEO plugin v24.8.1 - https:\/\/yoast.com\/wordpress\/plugins\/seo\/ -->\n<title>Les Audi de 2011 - Blog auto Carid\u00e9al<\/title>\n<meta name=\"robots\" content=\"index, follow, max-snippet:-1, max-image-preview:large, max-video-preview:-1\" \/>\n<link rel=\"canonical\" href=\"https:\/\/www.carideal.com\/blog\/2011\/01\/07\/les-audi-de-2011\/\" \/>\n<meta property=\"og:locale\" content=\"fr_FR\" \/>\n<meta property=\"og:type\" content=\"article\" \/>\n<meta property=\"og:title\" content=\"Les Audi de 2011 - Blog auto Carid\u00e9al\" \/>\n<meta property=\"og:description\" content=\"Les Audi de 2011 Audi A3 La nouvelle Audi A3 2011 saisie ici par des journalistes \u00e9trangers D\u00e8s l&#039;hivers prochain , celle qui inventa en 1996, le concept de la compacte chic , l&#039;A3, s&#039;offrira une troisi\u00e8me g\u00e9n\u00e9ration. Qualit\u00e9 de fabrication, de finition et technologie embarqu\u00e9e seront logiquement attendues et une in\u00e9dite d\u00e9clinaison \u00e0 coffre, ... Lire plus\" \/>\n<meta property=\"og:url\" content=\"https:\/\/www.carideal.com\/blog\/2011\/01\/07\/les-audi-de-2011\/\" \/>\n<meta property=\"og:site_name\" content=\"Blog auto Carid\u00e9al\" \/>\n<meta property=\"article:publisher\" content=\"https:\/\/www.facebook.com\/Carideal.mandataire.automobile\" \/>\n<meta property=\"article:author\" content=\"https:\/\/www.facebook.com\/Carideal.mandataire.automobile\/\" \/>\n<meta property=\"article:published_time\" content=\"2011-01-07T11:35:00+00:00\" \/>\n<meta property=\"article:modified_time\" content=\"2019-02-24T07:21:30+00:00\" \/>\n<meta property=\"og:image\" content=\"https:\/\/www.carideal.com\/blog\/wp-content\/uploads\/2016\/03\/logo-carideal-mandataire-automobile.png\" \/>\n\t<meta property=\"og:image:width\" content=\"300\" \/>\n\t<meta property=\"og:image:height\" content=\"300\" \/>\n\t<meta property=\"og:image:type\" content=\"image\/png\" \/>\n<meta name=\"author\" content=\"N.S Carideal\" \/>\n<meta name=\"twitter:card\" content=\"summary_large_image\" \/>\n<meta name=\"twitter:creator\" content=\"@caridealauto\" \/>\n<meta name=\"twitter:site\" content=\"@caridealauto\" \/>\n<meta name=\"twitter:label1\" content=\"\u00c9crit par\" \/>\n\t<meta name=\"twitter:data1\" content=\"N.S Carideal\" \/>\n\t<meta name=\"twitter:label2\" content=\"Dur\u00e9e de lecture estim\u00e9e\" \/>\n\t<meta name=\"twitter:data2\" content=\"2 minutes\" \/>\n<script type=\"application\/ld+json\" class=\"yoast-schema-graph\">{\"@context\":\"https:\/\/schema.org\",\"@graph\":[{\"@type\":\"Article\",\"@id\":\"https:\/\/www.carideal.com\/blog\/2011\/01\/07\/les-audi-de-2011\/#article\",\"isPartOf\":{\"@id\":\"https:\/\/www.carideal.com\/blog\/2011\/01\/07\/les-audi-de-2011\/\"},\"author\":{\"name\":\"N.S Carideal\",\"@id\":\"https:\/\/www.carideal.com\/blog\/#\/schema\/person\/985c7e757d1042d647f21bfaf8d41ebc\"},\"headline\":\"Les Audi de 2011\",\"datePublished\":\"2011-01-07T11:35:00+00:00\",\"dateModified\":\"2019-02-24T07:21:30+00:00\",\"mainEntityOfPage\":{\"@id\":\"https:\/\/www.carideal.com\/blog\/2011\/01\/07\/les-audi-de-2011\/\"},\"wordCount\":361,\"commentCount\":0,\"publisher\":{\"@id\":\"https:\/\/www.carideal.com\/blog\/#organization\"},\"articleSection\":[\"Actualit\u00e9 Audi\"],\"inLanguage\":\"fr-FR\",\"potentialAction\":[{\"@type\":\"CommentAction\",\"name\":\"Comment\",\"target\":[\"https:\/\/www.carideal.com\/blog\/2011\/01\/07\/les-audi-de-2011\/#respond\"]}]},{\"@type\":\"WebPage\",\"@id\":\"https:\/\/www.carideal.com\/blog\/2011\/01\/07\/les-audi-de-2011\/\",\"url\":\"https:\/\/www.carideal.com\/blog\/2011\/01\/07\/les-audi-de-2011\/\",\"name\":\"Les Audi de 2011 - Blog auto Carid\u00e9al\",\"isPartOf\":{\"@id\":\"https:\/\/www.carideal.com\/blog\/#website\"},\"datePublished\":\"2011-01-07T11:35:00+00:00\",\"dateModified\":\"2019-02-24T07:21:30+00:00\",\"breadcrumb\":{\"@id\":\"https:\/\/www.carideal.com\/blog\/2011\/01\/07\/les-audi-de-2011\/#breadcrumb\"},\"inLanguage\":\"fr-FR\",\"potentialAction\":[{\"@type\":\"ReadAction\",\"target\":[\"https:\/\/www.carideal.com\/blog\/2011\/01\/07\/les-audi-de-2011\/\"]}]},{\"@type\":\"BreadcrumbList\",\"@id\":\"https:\/\/www.carideal.com\/blog\/2011\/01\/07\/les-audi-de-2011\/#breadcrumb\",\"itemListElement\":[{\"@type\":\"ListItem\",\"position\":1,\"name\":\"Blog Carid\u00e9al\",\"item\":\"https:\/\/www.carideal.com\/blog\/\"},{\"@type\":\"ListItem\",\"position\":2,\"name\":\"Actualit\u00e9 constructeur automobile\",\"item\":\"https:\/\/www.carideal.com\/blog\/constructeur\/\"},{\"@type\":\"ListItem\",\"position\":3,\"name\":\"Actualit\u00e9 Audi\",\"item\":\"https:\/\/www.carideal.com\/blog\/constructeur\/audi\/\"},{\"@type\":\"ListItem\",\"position\":4,\"name\":\"Les Audi de 2011\"}]},{\"@type\":\"WebSite\",\"@id\":\"https:\/\/www.carideal.com\/blog\/#website\",\"url\":\"https:\/\/www.carideal.com\/blog\/\",\"name\":\"Blog auto Carid\u00e9al\",\"description\":\"Actualit\u00e9 auto par des passionn\u00e9s\",\"publisher\":{\"@id\":\"https:\/\/www.carideal.com\/blog\/#organization\"},\"potentialAction\":[{\"@type\":\"SearchAction\",\"target\":{\"@type\":\"EntryPoint\",\"urlTemplate\":\"https:\/\/www.carideal.com\/blog\/?s={search_term_string}\"},\"query-input\":{\"@type\":\"PropertyValueSpecification\",\"valueRequired\":true,\"valueName\":\"search_term_string\"}}],\"inLanguage\":\"fr-FR\"},{\"@type\":\"Organization\",\"@id\":\"https:\/\/www.carideal.com\/blog\/#organization\",\"name\":\"Carideal\",\"url\":\"https:\/\/www.carideal.com\/blog\/\",\"logo\":{\"@type\":\"ImageObject\",\"inLanguage\":\"fr-FR\",\"@id\":\"https:\/\/www.carideal.com\/blog\/#\/schema\/logo\/image\/\",\"url\":\"http:\/\/www.carideal.com\/blog\/wp-content\/uploads\/2016\/03\/logo-carideal-mandataire-automobile.png\",\"contentUrl\":\"http:\/\/www.carideal.com\/blog\/wp-content\/uploads\/2016\/03\/logo-carideal-mandataire-automobile.png\",\"width\":300,\"height\":300,\"caption\":\"Carideal\"},\"image\":{\"@id\":\"https:\/\/www.carideal.com\/blog\/#\/schema\/logo\/image\/\"},\"sameAs\":[\"https:\/\/www.facebook.com\/Carideal.mandataire.automobile\",\"https:\/\/x.com\/caridealauto\",\"https:\/\/www.instagram.com\/carideal1\/\",\"https:\/\/www.linkedin.com\/company\/carideal.com\",\"https:\/\/fr.pinterest.com\/schiavonsas\/\",\"https:\/\/www.youtube.com\/user\/caridealsas\"]},{\"@type\":\"Person\",\"@id\":\"https:\/\/www.carideal.com\/blog\/#\/schema\/person\/985c7e757d1042d647f21bfaf8d41ebc\",\"name\":\"N.S Carideal\",\"image\":{\"@type\":\"ImageObject\",\"inLanguage\":\"fr-FR\",\"@id\":\"https:\/\/www.carideal.com\/blog\/#\/schema\/person\/image\/\",\"url\":\"https:\/\/secure.gravatar.com\/avatar\/edb7ccdf1a4e3d14aef967760d354d0e?s=96&r=g\",\"contentUrl\":\"https:\/\/secure.gravatar.com\/avatar\/edb7ccdf1a4e3d14aef967760d354d0e?s=96&r=g\",\"caption\":\"N.S Carideal\"},\"description\":\"Depuis tout petit fan d'automobile. Il est question d'essayer et de comparer toutes ces voitures qui nous ont fait r\u00e9ver, avant que celles-ci ne devient uniquement des voitures de collection.\",\"sameAs\":[\"http:\/\/www.carideal.com\/blog\",\"https:\/\/www.facebook.com\/Carideal.mandataire.automobile\/\",\"https:\/\/www.linkedin.com\/in\/nschiavon\/\",\"https:\/\/www.youtube.com\/user\/caridealsas\/\"],\"url\":\"https:\/\/www.carideal.com\/blog\/author\/admin_carideal\/\"}]}<\/script>\n<!-- \/ Yoast SEO plugin. -->","yoast_head_json":{"title":"Les Audi de 2011 - Blog auto Carid\u00e9al","robots":{"index":"index","follow":"follow","max-snippet":"max-snippet:-1","max-image-preview":"max-image-preview:large","max-video-preview":"max-video-preview:-1"},"canonical":"https:\/\/www.carideal.com\/blog\/2011\/01\/07\/les-audi-de-2011\/","og_locale":"fr_FR","og_type":"article","og_title":"Les Audi de 2011 - Blog auto Carid\u00e9al","og_description":"Les Audi de 2011 Audi A3 La nouvelle Audi A3 2011 saisie ici par des journalistes \u00e9trangers D\u00e8s l'hivers prochain , celle qui inventa en 1996, le concept de la compacte chic , l'A3, s'offrira une troisi\u00e8me g\u00e9n\u00e9ration. Qualit\u00e9 de fabrication, de finition et technologie embarqu\u00e9e seront logiquement attendues et une in\u00e9dite d\u00e9clinaison \u00e0 coffre, ... Lire plus","og_url":"https:\/\/www.carideal.com\/blog\/2011\/01\/07\/les-audi-de-2011\/","og_site_name":"Blog auto Carid\u00e9al","article_publisher":"https:\/\/www.facebook.com\/Carideal.mandataire.automobile","article_author":"https:\/\/www.facebook.com\/Carideal.mandataire.automobile\/","article_published_time":"2011-01-07T11:35:00+00:00","article_modified_time":"2019-02-24T07:21:30+00:00","og_image":[{"width":300,"height":300,"url":"https:\/\/www.carideal.com\/blog\/wp-content\/uploads\/2016\/03\/logo-carideal-mandataire-automobile.png","type":"image\/png"}],"author":"N.S Carideal","twitter_card":"summary_large_image","twitter_creator":"@caridealauto","twitter_site":"@caridealauto","twitter_misc":{"\u00c9crit par":"N.S Carideal","Dur\u00e9e de lecture estim\u00e9e":"2 minutes"},"schema":{"@context":"https:\/\/schema.org","@graph":[{"@type":"Article","@id":"https:\/\/www.carideal.com\/blog\/2011\/01\/07\/les-audi-de-2011\/#article","isPartOf":{"@id":"https:\/\/www.carideal.com\/blog\/2011\/01\/07\/les-audi-de-2011\/"},"author":{"name":"N.S Carideal","@id":"https:\/\/www.carideal.com\/blog\/#\/schema\/person\/985c7e757d1042d647f21bfaf8d41ebc"},"headline":"Les Audi de 2011","datePublished":"2011-01-07T11:35:00+00:00","dateModified":"2019-02-24T07:21:30+00:00","mainEntityOfPage":{"@id":"https:\/\/www.carideal.com\/blog\/2011\/01\/07\/les-audi-de-2011\/"},"wordCount":361,"commentCount":0,"publisher":{"@id":"https:\/\/www.carideal.com\/blog\/#organization"},"articleSection":["Actualit\u00e9 Audi"],"inLanguage":"fr-FR","potentialAction":[{"@type":"CommentAction","name":"Comment","target":["https:\/\/www.carideal.com\/blog\/2011\/01\/07\/les-audi-de-2011\/#respond"]}]},{"@type":"WebPage","@id":"https:\/\/www.carideal.com\/blog\/2011\/01\/07\/les-audi-de-2011\/","url":"https:\/\/www.carideal.com\/blog\/2011\/01\/07\/les-audi-de-2011\/","name":"Les Audi de 2011 - Blog auto Carid\u00e9al","isPartOf":{"@id":"https:\/\/www.carideal.com\/blog\/#website"},"datePublished":"2011-01-07T11:35:00+00:00","dateModified":"2019-02-24T07:21:30+00:00","breadcrumb":{"@id":"https:\/\/www.carideal.com\/blog\/2011\/01\/07\/les-audi-de-2011\/#breadcrumb"},"inLanguage":"fr-FR","potentialAction":[{"@type":"ReadAction","target":["https:\/\/www.carideal.com\/blog\/2011\/01\/07\/les-audi-de-2011\/"]}]},{"@type":"BreadcrumbList","@id":"https:\/\/www.carideal.com\/blog\/2011\/01\/07\/les-audi-de-2011\/#breadcrumb","itemListElement":[{"@type":"ListItem","position":1,"name":"Blog Carid\u00e9al","item":"https:\/\/www.carideal.com\/blog\/"},{"@type":"ListItem","position":2,"name":"Actualit\u00e9 constructeur automobile","item":"https:\/\/www.carideal.com\/blog\/constructeur\/"},{"@type":"ListItem","position":3,"name":"Actualit\u00e9 Audi","item":"https:\/\/www.carideal.com\/blog\/constructeur\/audi\/"},{"@type":"ListItem","position":4,"name":"Les Audi de 2011"}]},{"@type":"WebSite","@id":"https:\/\/www.carideal.com\/blog\/#website","url":"https:\/\/www.carideal.com\/blog\/","name":"Blog auto Carid\u00e9al","description":"Actualit\u00e9 auto par des passionn\u00e9s","publisher":{"@id":"https:\/\/www.carideal.com\/blog\/#organization"},"potentialAction":[{"@type":"SearchAction","target":{"@type":"EntryPoint","urlTemplate":"https:\/\/www.carideal.com\/blog\/?s={search_term_string}"},"query-input":{"@type":"PropertyValueSpecification","valueRequired":true,"valueName":"search_term_string"}}],"inLanguage":"fr-FR"},{"@type":"Organization","@id":"https:\/\/www.carideal.com\/blog\/#organization","name":"Carideal","url":"https:\/\/www.carideal.com\/blog\/","logo":{"@type":"ImageObject","inLanguage":"fr-FR","@id":"https:\/\/www.carideal.com\/blog\/#\/schema\/logo\/image\/","url":"http:\/\/www.carideal.com\/blog\/wp-content\/uploads\/2016\/03\/logo-carideal-mandataire-automobile.png","contentUrl":"http:\/\/www.carideal.com\/blog\/wp-content\/uploads\/2016\/03\/logo-carideal-mandataire-automobile.png","width":300,"height":300,"caption":"Carideal"},"image":{"@id":"https:\/\/www.carideal.com\/blog\/#\/schema\/logo\/image\/"},"sameAs":["https:\/\/www.facebook.com\/Carideal.mandataire.automobile","https:\/\/x.com\/caridealauto","https:\/\/www.instagram.com\/carideal1\/","https:\/\/www.linkedin.com\/company\/carideal.com","https:\/\/fr.pinterest.com\/schiavonsas\/","https:\/\/www.youtube.com\/user\/caridealsas"]},{"@type":"Person","@id":"https:\/\/www.carideal.com\/blog\/#\/schema\/person\/985c7e757d1042d647f21bfaf8d41ebc","name":"N.S Carideal","image":{"@type":"ImageObject","inLanguage":"fr-FR","@id":"https:\/\/www.carideal.com\/blog\/#\/schema\/person\/image\/","url":"https:\/\/secure.gravatar.com\/avatar\/edb7ccdf1a4e3d14aef967760d354d0e?s=96&r=g","contentUrl":"https:\/\/secure.gravatar.com\/avatar\/edb7ccdf1a4e3d14aef967760d354d0e?s=96&r=g","caption":"N.S Carideal"},"description":"Depuis tout petit fan d'automobile. Il est question d'essayer et de comparer toutes ces voitures qui nous ont fait r\u00e9ver, avant que celles-ci ne devient uniquement des voitures de collection.","sameAs":["http:\/\/www.carideal.com\/blog","https:\/\/www.facebook.com\/Carideal.mandataire.automobile\/","https:\/\/www.linkedin.com\/in\/nschiavon\/","https:\/\/www.youtube.com\/user\/caridealsas\/"],"url":"https:\/\/www.carideal.com\/blog\/author\/admin_carideal\/"}]}},"uagb_featured_image_src":{"full":false,"thumbnail":false,"medium":false,"medium_large":false,"large":false,"1536x1536":false,"2048x2048":false,"wppr-widget":false},"uagb_author_info":{"display_name":"N.S Carideal","author_link":"https:\/\/www.carideal.com\/blog\/author\/admin_carideal\/"},"uagb_comment_info":0,"uagb_excerpt":"Les Audi de 2011 Audi A3 La nouvelle Audi A3 2011 saisie ici par des journalistes \u00e9trangers D\u00e8s l'hivers prochain , celle qui inventa en 1996, le concept de la compacte chic , l'A3, s'offrira une troisi\u00e8me g\u00e9n\u00e9ration. Qualit\u00e9 de fabrication, de finition et technologie embarqu\u00e9e seront logiquement attendues et une in\u00e9dite d\u00e9clinaison \u00e0 coffre,\u2026","_links":{"self":[{"href":"https:\/\/www.carideal.com\/blog\/wp-json\/wp\/v2\/posts\/836"}],"collection":[{"href":"https:\/\/www.carideal.com\/blog\/wp-json\/wp\/v2\/posts"}],"about":[{"href":"https:\/\/www.carideal.com\/blog\/wp-json\/wp\/v2\/types\/post"}],"author":[{"embeddable":true,"href":"https:\/\/www.carideal.com\/blog\/wp-json\/wp\/v2\/users\/1"}],"replies":[{"embeddable":true,"href":"https:\/\/www.carideal.com\/blog\/wp-json\/wp\/v2\/comments?post=836"}],"version-history":[{"count":0,"href":"https:\/\/www.carideal.com\/blog\/wp-json\/wp\/v2\/posts\/836\/revisions"}],"wp:attachment":[{"href":"https:\/\/www.carideal.com\/blog\/wp-json\/wp\/v2\/media?parent=836"}],"wp:term":[{"taxonomy":"category","embeddable":true,"href":"https:\/\/www.carideal.com\/blog\/wp-json\/wp\/v2\/categories?post=836"},{"taxonomy":"post_tag","embeddable":true,"href":"https:\/\/www.carideal.com\/blog\/wp-json\/wp\/v2\/tags?post=836"}],"curies":[{"name":"wp","href":"https:\/\/api.w.org\/{rel}","templated":true}]}}