{"id":835,"date":"2011-01-06T20:12:00","date_gmt":"2011-01-06T20:12:00","guid":{"rendered":"http:\/\/carideal.com\/blog\/?p=835"},"modified":"2020-03-07T17:35:33","modified_gmt":"2020-03-07T16:35:33","slug":"les-peugeot-de-2011","status":"publish","type":"post","link":"https:\/\/www.carideal.com\/blog\/2011\/01\/06\/les-peugeot-de-2011\/","title":{"rendered":"Les Peugeot de 2011"},"content":{"rendered":"<p>Peugeot <a href=\"\/blog\/index.php?tag\/508\">508<\/a>\n<\/p>\n<blockquote>\n<p>La Peugeot 508 arrive en Mars<\/p>\n<\/blockquote>\n<p>La nouvelle Peugeot 508 est pr\u00e9vu pour Mars. Rempla\u00e7ant \u00e0 la fois la <a href=\"\/blog\/index.php?tag\/407\">407<\/a> et la <a href=\"\/blog\/index.php?tag\/607\">607<\/a>, la Peugeot 508 adopte la nouvelle identit\u00e9 esth\u00e9tique Peugeot. Rac\u00e9e, elle affiche une longueur de 4.79m. Les motorisations diesels s'\u00e9chelonneront du 1.6 hdi de 112 ch au 2.2 hdi de 204 ch. quant \u00e0 la palette essence, elle sera constitu\u00e9e au lancement d'un 1.6 de 120 et 156 ch.<\/p>\n<blockquote>\n<p>La Peugeot 508 chez <a href=\"\/blog\/index.php?tag\/CArideal\">CArideal<\/a> <a href=\"\/blog\/index.php?tag\/mandataire%20auto\">mandataire auto<\/a>.<\/p>\n<\/blockquote>\n<p>La version break, nomm\u00e9e SW et d'une longueur de 4.81 m, sera en concession en m\u00eame temps que la berline.<\/p>\n<p>Peugeot 308 restyl\u00e9e\n<\/p>\n<blockquote>\n<p>Peugeot <a href=\"\/blog\/index.php?tag\/308%20restyl%C3%A9e\">308 restyl\u00e9e<\/a> (c) Automobile magasine<\/p>\n<\/blockquote>\n<p>Arriv\u00e9e \u00e0 mi parcours, la Peugeot <a href=\"\/blog\/index.php?tag\/308\">308<\/a> change de visage. Avec un museau proche de celui du <a href=\"\/blog\/index.php?tag\/monospace\">monospace<\/a> <a href=\"\/blog\/index.php?tag\/5008\">5008<\/a>, la compacte de Peugeot rompt d\u00e9finitivement avec la grande bouche type coup\u00e9 <a href=\"\/blog\/index.php?tag\/RCZ\">RCZ<\/a>. Sur le Plan technique, la 308 adopte le moteur diesel <a href=\"\/blog\/index.php?tag\/e-hdi\">e-hdi<\/a> de 110 ch dot\u00e9 d'un syst\u00e8me <a href=\"\/blog\/index.php?tag\/stop%20amp%3B%20Start\">stop &amp; Start<\/a>.<\/p>\n<p>Peugeot  3008 hybrid4<br \/>\n<img decoding=\"async\" src=\"\/blog\/public\/.Peugeot-3008-Hybride-4-carideal_m.jpg\" alt=\"Peugeot 3008 hybrid4\" title=\"Peugeot 3008 hybrid4, janv. 2011\" \/><\/p>\n<blockquote>\n<p>La Peugeot <a href=\"\/blog\/index.php?tag\/3008%20Hybrid4\">3008 Hybrid4<\/a><\/p>\n<\/blockquote>\n<p>La Peugeot 3008 Hybrid4 sortira ce printemps. Premier jalon de la strat\u00e9gie <a href=\"\/blog\/index.php?tag\/hybride\">hybride<\/a> PSA, la 3008 Hybrid4 associe un moteur 20 hdi de 163 ch \u00e0 un moteur de 27 kw soit environ 37ch. Ce v\u00e9hicule de loisirs long de 4.37m dispose alors d'une puissance cumul\u00e9e de 200 ch et d'une <a href=\"\/blog\/index.php?tag\/transmission%20int%C3%A9grale\">transmission int\u00e9grale<\/a>.<\/p>\n<p>\/ Concept 5 by Peugeot<br \/>\n<a href=\"\/blog\/index.php?post\/2010\/09\/24\/Voitures-hybrides-l-escroquerie\">\/ les voitures hybrides l'escroquerie<\/a><br \/>\n<a href=\"\/blog\/index.php?post\/2011\/01\/02\/Micro-hybride-Citroen\">\/ micro hybride by Citroen<\/a><\/p>\n","protected":false},"excerpt":{"rendered":"<p>Peugeot 508 La Peugeot 508 arrive en Mars La nouvelle Peugeot 508 est pr\u00e9vu pour Mars. Rempla\u00e7ant \u00e0 la fois la 407 et la 607, la Peugeot 508 adopte la nouvelle identit\u00e9 esth\u00e9tique Peugeot. Rac\u00e9e, elle affiche une longueur de 4.79m. Les motorisations diesels s&rsquo;\u00e9chelonneront du 1.6 hdi de 112 ch au 2.2 hdi de &#8230; <a title=\"Les Peugeot de 2011\" class=\"read-more\" href=\"https:\/\/www.carideal.com\/blog\/2011\/01\/06\/les-peugeot-de-2011\/\" aria-label=\"En savoir plus sur Les Peugeot de 2011\">Lire plus<\/a><\/p>\n","protected":false},"author":1,"featured_media":0,"comment_status":"open","ping_status":"open","sticky":false,"template":"","format":"standard","meta":{"_uag_custom_page_level_css":"","_themeisle_gutenberg_block_has_review":false,"footnotes":""},"categories":[10],"tags":[41],"class_list":["post-835","post","type-post","status-publish","format-standard","hentry","category-marche-automobile-voiture-neuve-occasion-4x4-suv","tag-stop-start"],"wppr_data":[],"yoast_head":"<!-- This site is optimized with the Yoast SEO plugin v24.8.1 - https:\/\/yoast.com\/wordpress\/plugins\/seo\/ -->\n<title>Les Peugeot de 2011 - Blog auto Carid\u00e9al<\/title>\n<meta name=\"robots\" content=\"index, follow, max-snippet:-1, max-image-preview:large, max-video-preview:-1\" \/>\n<link rel=\"canonical\" href=\"https:\/\/www.carideal.com\/blog\/2011\/01\/06\/les-peugeot-de-2011\/\" \/>\n<meta property=\"og:locale\" content=\"fr_FR\" \/>\n<meta property=\"og:type\" content=\"article\" \/>\n<meta property=\"og:title\" content=\"Les Peugeot de 2011 - Blog auto Carid\u00e9al\" \/>\n<meta property=\"og:description\" content=\"Peugeot 508 La Peugeot 508 arrive en Mars La nouvelle Peugeot 508 est pr\u00e9vu pour Mars. Rempla\u00e7ant \u00e0 la fois la 407 et la 607, la Peugeot 508 adopte la nouvelle identit\u00e9 esth\u00e9tique Peugeot. Rac\u00e9e, elle affiche une longueur de 4.79m. Les motorisations diesels s&#039;\u00e9chelonneront du 1.6 hdi de 112 ch au 2.2 hdi de ... Lire plus\" \/>\n<meta property=\"og:url\" content=\"https:\/\/www.carideal.com\/blog\/2011\/01\/06\/les-peugeot-de-2011\/\" \/>\n<meta property=\"og:site_name\" content=\"Blog auto Carid\u00e9al\" \/>\n<meta property=\"article:publisher\" content=\"https:\/\/www.facebook.com\/Carideal.mandataire.automobile\" \/>\n<meta property=\"article:author\" content=\"https:\/\/www.facebook.com\/Carideal.mandataire.automobile\/\" \/>\n<meta property=\"article:published_time\" content=\"2011-01-06T20:12:00+00:00\" \/>\n<meta property=\"article:modified_time\" content=\"2020-03-07T16:35:33+00:00\" \/>\n<meta property=\"og:image\" content=\"https:\/\/www.carideal.com\/blog\/wp-content\/uploads\/2016\/03\/logo-carideal-mandataire-automobile.png\" \/>\n\t<meta property=\"og:image:width\" content=\"300\" \/>\n\t<meta property=\"og:image:height\" content=\"300\" \/>\n\t<meta property=\"og:image:type\" content=\"image\/png\" \/>\n<meta name=\"author\" content=\"N.S Carideal\" \/>\n<meta name=\"twitter:card\" content=\"summary_large_image\" \/>\n<meta name=\"twitter:creator\" content=\"@caridealauto\" \/>\n<meta name=\"twitter:site\" content=\"@caridealauto\" \/>\n<meta name=\"twitter:label1\" content=\"\u00c9crit par\" \/>\n\t<meta name=\"twitter:data1\" content=\"N.S Carideal\" \/>\n\t<meta name=\"twitter:label2\" content=\"Dur\u00e9e de lecture estim\u00e9e\" \/>\n\t<meta name=\"twitter:data2\" content=\"1 minute\" \/>\n<script type=\"application\/ld+json\" class=\"yoast-schema-graph\">{\"@context\":\"https:\/\/schema.org\",\"@graph\":[{\"@type\":\"Article\",\"@id\":\"https:\/\/www.carideal.com\/blog\/2011\/01\/06\/les-peugeot-de-2011\/#article\",\"isPartOf\":{\"@id\":\"https:\/\/www.carideal.com\/blog\/2011\/01\/06\/les-peugeot-de-2011\/\"},\"author\":{\"name\":\"N.S Carideal\",\"@id\":\"https:\/\/www.carideal.com\/blog\/#\/schema\/person\/985c7e757d1042d647f21bfaf8d41ebc\"},\"headline\":\"Les Peugeot de 2011\",\"datePublished\":\"2011-01-06T20:12:00+00:00\",\"dateModified\":\"2020-03-07T16:35:33+00:00\",\"mainEntityOfPage\":{\"@id\":\"https:\/\/www.carideal.com\/blog\/2011\/01\/06\/les-peugeot-de-2011\/\"},\"wordCount\":220,\"commentCount\":0,\"publisher\":{\"@id\":\"https:\/\/www.carideal.com\/blog\/#organization\"},\"keywords\":[\"Stop &amp; Start\"],\"articleSection\":[\"March\u00e9 automobile\"],\"inLanguage\":\"fr-FR\",\"potentialAction\":[{\"@type\":\"CommentAction\",\"name\":\"Comment\",\"target\":[\"https:\/\/www.carideal.com\/blog\/2011\/01\/06\/les-peugeot-de-2011\/#respond\"]}]},{\"@type\":\"WebPage\",\"@id\":\"https:\/\/www.carideal.com\/blog\/2011\/01\/06\/les-peugeot-de-2011\/\",\"url\":\"https:\/\/www.carideal.com\/blog\/2011\/01\/06\/les-peugeot-de-2011\/\",\"name\":\"Les Peugeot de 2011 - Blog auto Carid\u00e9al\",\"isPartOf\":{\"@id\":\"https:\/\/www.carideal.com\/blog\/#website\"},\"datePublished\":\"2011-01-06T20:12:00+00:00\",\"dateModified\":\"2020-03-07T16:35:33+00:00\",\"breadcrumb\":{\"@id\":\"https:\/\/www.carideal.com\/blog\/2011\/01\/06\/les-peugeot-de-2011\/#breadcrumb\"},\"inLanguage\":\"fr-FR\",\"potentialAction\":[{\"@type\":\"ReadAction\",\"target\":[\"https:\/\/www.carideal.com\/blog\/2011\/01\/06\/les-peugeot-de-2011\/\"]}]},{\"@type\":\"BreadcrumbList\",\"@id\":\"https:\/\/www.carideal.com\/blog\/2011\/01\/06\/les-peugeot-de-2011\/#breadcrumb\",\"itemListElement\":[{\"@type\":\"ListItem\",\"position\":1,\"name\":\"Blog Carid\u00e9al\",\"item\":\"https:\/\/www.carideal.com\/blog\/\"},{\"@type\":\"ListItem\",\"position\":2,\"name\":\"March\u00e9 automobile\",\"item\":\"https:\/\/www.carideal.com\/blog\/marche-automobile-voiture-neuve-occasion-4x4-suv\/\"},{\"@type\":\"ListItem\",\"position\":3,\"name\":\"Les Peugeot de 2011\"}]},{\"@type\":\"WebSite\",\"@id\":\"https:\/\/www.carideal.com\/blog\/#website\",\"url\":\"https:\/\/www.carideal.com\/blog\/\",\"name\":\"Blog auto Carid\u00e9al\",\"description\":\"Actualit\u00e9 auto par des passionn\u00e9s\",\"publisher\":{\"@id\":\"https:\/\/www.carideal.com\/blog\/#organization\"},\"potentialAction\":[{\"@type\":\"SearchAction\",\"target\":{\"@type\":\"EntryPoint\",\"urlTemplate\":\"https:\/\/www.carideal.com\/blog\/?s={search_term_string}\"},\"query-input\":{\"@type\":\"PropertyValueSpecification\",\"valueRequired\":true,\"valueName\":\"search_term_string\"}}],\"inLanguage\":\"fr-FR\"},{\"@type\":\"Organization\",\"@id\":\"https:\/\/www.carideal.com\/blog\/#organization\",\"name\":\"Carideal\",\"url\":\"https:\/\/www.carideal.com\/blog\/\",\"logo\":{\"@type\":\"ImageObject\",\"inLanguage\":\"fr-FR\",\"@id\":\"https:\/\/www.carideal.com\/blog\/#\/schema\/logo\/image\/\",\"url\":\"http:\/\/www.carideal.com\/blog\/wp-content\/uploads\/2016\/03\/logo-carideal-mandataire-automobile.png\",\"contentUrl\":\"http:\/\/www.carideal.com\/blog\/wp-content\/uploads\/2016\/03\/logo-carideal-mandataire-automobile.png\",\"width\":300,\"height\":300,\"caption\":\"Carideal\"},\"image\":{\"@id\":\"https:\/\/www.carideal.com\/blog\/#\/schema\/logo\/image\/\"},\"sameAs\":[\"https:\/\/www.facebook.com\/Carideal.mandataire.automobile\",\"https:\/\/x.com\/caridealauto\",\"https:\/\/www.instagram.com\/carideal1\/\",\"https:\/\/www.linkedin.com\/company\/carideal.com\",\"https:\/\/fr.pinterest.com\/schiavonsas\/\",\"https:\/\/www.youtube.com\/user\/caridealsas\"]},{\"@type\":\"Person\",\"@id\":\"https:\/\/www.carideal.com\/blog\/#\/schema\/person\/985c7e757d1042d647f21bfaf8d41ebc\",\"name\":\"N.S Carideal\",\"image\":{\"@type\":\"ImageObject\",\"inLanguage\":\"fr-FR\",\"@id\":\"https:\/\/www.carideal.com\/blog\/#\/schema\/person\/image\/\",\"url\":\"https:\/\/secure.gravatar.com\/avatar\/edb7ccdf1a4e3d14aef967760d354d0e?s=96&r=g\",\"contentUrl\":\"https:\/\/secure.gravatar.com\/avatar\/edb7ccdf1a4e3d14aef967760d354d0e?s=96&r=g\",\"caption\":\"N.S Carideal\"},\"description\":\"Depuis tout petit fan d'automobile. Il est question d'essayer et de comparer toutes ces voitures qui nous ont fait r\u00e9ver, avant que celles-ci ne devient uniquement des voitures de collection.\",\"sameAs\":[\"http:\/\/www.carideal.com\/blog\",\"https:\/\/www.facebook.com\/Carideal.mandataire.automobile\/\",\"https:\/\/www.linkedin.com\/in\/nschiavon\/\",\"https:\/\/www.youtube.com\/user\/caridealsas\/\"],\"url\":\"https:\/\/www.carideal.com\/blog\/author\/admin_carideal\/\"}]}<\/script>\n<!-- \/ Yoast SEO plugin. -->","yoast_head_json":{"title":"Les Peugeot de 2011 - Blog auto Carid\u00e9al","robots":{"index":"index","follow":"follow","max-snippet":"max-snippet:-1","max-image-preview":"max-image-preview:large","max-video-preview":"max-video-preview:-1"},"canonical":"https:\/\/www.carideal.com\/blog\/2011\/01\/06\/les-peugeot-de-2011\/","og_locale":"fr_FR","og_type":"article","og_title":"Les Peugeot de 2011 - Blog auto Carid\u00e9al","og_description":"Peugeot 508 La Peugeot 508 arrive en Mars La nouvelle Peugeot 508 est pr\u00e9vu pour Mars. Rempla\u00e7ant \u00e0 la fois la 407 et la 607, la Peugeot 508 adopte la nouvelle identit\u00e9 esth\u00e9tique Peugeot. Rac\u00e9e, elle affiche une longueur de 4.79m. Les motorisations diesels s'\u00e9chelonneront du 1.6 hdi de 112 ch au 2.2 hdi de ... Lire plus","og_url":"https:\/\/www.carideal.com\/blog\/2011\/01\/06\/les-peugeot-de-2011\/","og_site_name":"Blog auto Carid\u00e9al","article_publisher":"https:\/\/www.facebook.com\/Carideal.mandataire.automobile","article_author":"https:\/\/www.facebook.com\/Carideal.mandataire.automobile\/","article_published_time":"2011-01-06T20:12:00+00:00","article_modified_time":"2020-03-07T16:35:33+00:00","og_image":[{"width":300,"height":300,"url":"https:\/\/www.carideal.com\/blog\/wp-content\/uploads\/2016\/03\/logo-carideal-mandataire-automobile.png","type":"image\/png"}],"author":"N.S Carideal","twitter_card":"summary_large_image","twitter_creator":"@caridealauto","twitter_site":"@caridealauto","twitter_misc":{"\u00c9crit par":"N.S Carideal","Dur\u00e9e de lecture estim\u00e9e":"1 minute"},"schema":{"@context":"https:\/\/schema.org","@graph":[{"@type":"Article","@id":"https:\/\/www.carideal.com\/blog\/2011\/01\/06\/les-peugeot-de-2011\/#article","isPartOf":{"@id":"https:\/\/www.carideal.com\/blog\/2011\/01\/06\/les-peugeot-de-2011\/"},"author":{"name":"N.S Carideal","@id":"https:\/\/www.carideal.com\/blog\/#\/schema\/person\/985c7e757d1042d647f21bfaf8d41ebc"},"headline":"Les Peugeot de 2011","datePublished":"2011-01-06T20:12:00+00:00","dateModified":"2020-03-07T16:35:33+00:00","mainEntityOfPage":{"@id":"https:\/\/www.carideal.com\/blog\/2011\/01\/06\/les-peugeot-de-2011\/"},"wordCount":220,"commentCount":0,"publisher":{"@id":"https:\/\/www.carideal.com\/blog\/#organization"},"keywords":["Stop &amp; Start"],"articleSection":["March\u00e9 automobile"],"inLanguage":"fr-FR","potentialAction":[{"@type":"CommentAction","name":"Comment","target":["https:\/\/www.carideal.com\/blog\/2011\/01\/06\/les-peugeot-de-2011\/#respond"]}]},{"@type":"WebPage","@id":"https:\/\/www.carideal.com\/blog\/2011\/01\/06\/les-peugeot-de-2011\/","url":"https:\/\/www.carideal.com\/blog\/2011\/01\/06\/les-peugeot-de-2011\/","name":"Les Peugeot de 2011 - Blog auto Carid\u00e9al","isPartOf":{"@id":"https:\/\/www.carideal.com\/blog\/#website"},"datePublished":"2011-01-06T20:12:00+00:00","dateModified":"2020-03-07T16:35:33+00:00","breadcrumb":{"@id":"https:\/\/www.carideal.com\/blog\/2011\/01\/06\/les-peugeot-de-2011\/#breadcrumb"},"inLanguage":"fr-FR","potentialAction":[{"@type":"ReadAction","target":["https:\/\/www.carideal.com\/blog\/2011\/01\/06\/les-peugeot-de-2011\/"]}]},{"@type":"BreadcrumbList","@id":"https:\/\/www.carideal.com\/blog\/2011\/01\/06\/les-peugeot-de-2011\/#breadcrumb","itemListElement":[{"@type":"ListItem","position":1,"name":"Blog Carid\u00e9al","item":"https:\/\/www.carideal.com\/blog\/"},{"@type":"ListItem","position":2,"name":"March\u00e9 automobile","item":"https:\/\/www.carideal.com\/blog\/marche-automobile-voiture-neuve-occasion-4x4-suv\/"},{"@type":"ListItem","position":3,"name":"Les Peugeot de 2011"}]},{"@type":"WebSite","@id":"https:\/\/www.carideal.com\/blog\/#website","url":"https:\/\/www.carideal.com\/blog\/","name":"Blog auto Carid\u00e9al","description":"Actualit\u00e9 auto par des passionn\u00e9s","publisher":{"@id":"https:\/\/www.carideal.com\/blog\/#organization"},"potentialAction":[{"@type":"SearchAction","target":{"@type":"EntryPoint","urlTemplate":"https:\/\/www.carideal.com\/blog\/?s={search_term_string}"},"query-input":{"@type":"PropertyValueSpecification","valueRequired":true,"valueName":"search_term_string"}}],"inLanguage":"fr-FR"},{"@type":"Organization","@id":"https:\/\/www.carideal.com\/blog\/#organization","name":"Carideal","url":"https:\/\/www.carideal.com\/blog\/","logo":{"@type":"ImageObject","inLanguage":"fr-FR","@id":"https:\/\/www.carideal.com\/blog\/#\/schema\/logo\/image\/","url":"http:\/\/www.carideal.com\/blog\/wp-content\/uploads\/2016\/03\/logo-carideal-mandataire-automobile.png","contentUrl":"http:\/\/www.carideal.com\/blog\/wp-content\/uploads\/2016\/03\/logo-carideal-mandataire-automobile.png","width":300,"height":300,"caption":"Carideal"},"image":{"@id":"https:\/\/www.carideal.com\/blog\/#\/schema\/logo\/image\/"},"sameAs":["https:\/\/www.facebook.com\/Carideal.mandataire.automobile","https:\/\/x.com\/caridealauto","https:\/\/www.instagram.com\/carideal1\/","https:\/\/www.linkedin.com\/company\/carideal.com","https:\/\/fr.pinterest.com\/schiavonsas\/","https:\/\/www.youtube.com\/user\/caridealsas"]},{"@type":"Person","@id":"https:\/\/www.carideal.com\/blog\/#\/schema\/person\/985c7e757d1042d647f21bfaf8d41ebc","name":"N.S Carideal","image":{"@type":"ImageObject","inLanguage":"fr-FR","@id":"https:\/\/www.carideal.com\/blog\/#\/schema\/person\/image\/","url":"https:\/\/secure.gravatar.com\/avatar\/edb7ccdf1a4e3d14aef967760d354d0e?s=96&r=g","contentUrl":"https:\/\/secure.gravatar.com\/avatar\/edb7ccdf1a4e3d14aef967760d354d0e?s=96&r=g","caption":"N.S Carideal"},"description":"Depuis tout petit fan d'automobile. Il est question d'essayer et de comparer toutes ces voitures qui nous ont fait r\u00e9ver, avant que celles-ci ne devient uniquement des voitures de collection.","sameAs":["http:\/\/www.carideal.com\/blog","https:\/\/www.facebook.com\/Carideal.mandataire.automobile\/","https:\/\/www.linkedin.com\/in\/nschiavon\/","https:\/\/www.youtube.com\/user\/caridealsas\/"],"url":"https:\/\/www.carideal.com\/blog\/author\/admin_carideal\/"}]}},"uagb_featured_image_src":{"full":false,"thumbnail":false,"medium":false,"medium_large":false,"large":false,"1536x1536":false,"2048x2048":false,"wppr-widget":false},"uagb_author_info":{"display_name":"N.S Carideal","author_link":"https:\/\/www.carideal.com\/blog\/author\/admin_carideal\/"},"uagb_comment_info":0,"uagb_excerpt":"Peugeot 508 La Peugeot 508 arrive en Mars La nouvelle Peugeot 508 est pr\u00e9vu pour Mars. Rempla\u00e7ant \u00e0 la fois la 407 et la 607, la Peugeot 508 adopte la nouvelle identit\u00e9 esth\u00e9tique Peugeot. Rac\u00e9e, elle affiche une longueur de 4.79m. Les motorisations diesels s'\u00e9chelonneront du 1.6 hdi de 112 ch au 2.2 hdi de\u2026","_links":{"self":[{"href":"https:\/\/www.carideal.com\/blog\/wp-json\/wp\/v2\/posts\/835"}],"collection":[{"href":"https:\/\/www.carideal.com\/blog\/wp-json\/wp\/v2\/posts"}],"about":[{"href":"https:\/\/www.carideal.com\/blog\/wp-json\/wp\/v2\/types\/post"}],"author":[{"embeddable":true,"href":"https:\/\/www.carideal.com\/blog\/wp-json\/wp\/v2\/users\/1"}],"replies":[{"embeddable":true,"href":"https:\/\/www.carideal.com\/blog\/wp-json\/wp\/v2\/comments?post=835"}],"version-history":[{"count":0,"href":"https:\/\/www.carideal.com\/blog\/wp-json\/wp\/v2\/posts\/835\/revisions"}],"wp:attachment":[{"href":"https:\/\/www.carideal.com\/blog\/wp-json\/wp\/v2\/media?parent=835"}],"wp:term":[{"taxonomy":"category","embeddable":true,"href":"https:\/\/www.carideal.com\/blog\/wp-json\/wp\/v2\/categories?post=835"},{"taxonomy":"post_tag","embeddable":true,"href":"https:\/\/www.carideal.com\/blog\/wp-json\/wp\/v2\/tags?post=835"}],"curies":[{"name":"wp","href":"https:\/\/api.w.org\/{rel}","templated":true}]}}