{"id":834,"date":"2011-01-05T21:18:00","date_gmt":"2011-01-05T21:18:00","guid":{"rendered":"http:\/\/carideal.com\/blog\/?p=834"},"modified":"2023-04-14T16:00:25","modified_gmt":"2023-04-14T14:00:25","slug":"la-voiture-sans-permis-se-democratise","status":"publish","type":"post","link":"https:\/\/www.carideal.com\/blog\/2011\/01\/05\/la-voiture-sans-permis-se-democratise\/","title":{"rendered":"La voiture sans permis se d\u00e9mocratise"},"content":{"rendered":"\n<h2 class=\"wp-block-heading\">La voiture sans permis se d\u00e9mocratise<\/h2>\n\n\n\n<p>On a comme image que la voiture sans permis est r\u00e9serv\u00e9e \u00e0 une client\u00e8le \u00e2g\u00e9e et rurale, ce qui a largement \u00e9volu\u00e9. Il y a environ 150 000 voitures sans permis circulant aujourd'hui en France et 20 000 unit\u00e9s vendues en 2005, et \u00e0 peu pr\u00e8s 14 000 en 2009. Le march\u00e9 a \u00e9norm\u00e9ment grossi entre 2003 et 2008. Quelles sont les raisons de ce succ\u00e8s ? Un permis de conduire de plus en plus difficile \u00e0 obtenir et \u00e0 conserver ? Doubl\u00e9 d'une offre de plus en plus riche.<br>\/ Voiture sans permis<br>\/ <a href=\"http:\/\/www.carideal.com\/blog\/2011\/01\/04\/la-bollore-bluecar-equipera-autolib\/\">Voiture Bollor\u00e9 Bluecar<\/a><br>\/ <a href=\"http:\/\/www.carideal.com\/blog\/2008\/08\/29\/tata-manifestation-des-paysans-contre-l-usine-indienne-de-l-auto-la-moins-chere-du-monde\/\">La Tata Nano<\/a><br>\/ <a href=\"http:\/\/www.carideal.com\/blog\/2023\/04\/12\/les-raisons-denvisager-lachat-dune-voiture-sans-permis\/\">Achat voiture sans permis<\/a><\/p>\n","protected":false},"excerpt":{"rendered":"<p>La voiture sans permis se d\u00e9mocratise On a comme image que la voiture sans permis est r\u00e9serv\u00e9e \u00e0 une client\u00e8le \u00e2g\u00e9e et rurale, ce qui a largement \u00e9volu\u00e9. Il y a environ 150 000 voitures sans permis circulant aujourd&rsquo;hui en France et 20 000 unit\u00e9s vendues en 2005, et \u00e0 peu pr\u00e8s 14 000 en &#8230; <a title=\"La voiture sans permis se d\u00e9mocratise\" class=\"read-more\" href=\"https:\/\/www.carideal.com\/blog\/2011\/01\/05\/la-voiture-sans-permis-se-democratise\/\" aria-label=\"En savoir plus sur La voiture sans permis se d\u00e9mocratise\">Lire plus<\/a><\/p>\n","protected":false},"author":1,"featured_media":20764,"comment_status":"open","ping_status":"open","sticky":false,"template":"","format":"standard","meta":{"_uag_custom_page_level_css":"","_themeisle_gutenberg_block_has_review":false,"footnotes":""},"categories":[6029],"tags":[],"class_list":["post-834","post","type-post","status-publish","format-standard","has-post-thumbnail","hentry","category-voiture-sans-permis"],"wppr_data":{"cwp_meta_box_check":"No"},"yoast_head":"<!-- This site is optimized with the Yoast SEO plugin v24.8.1 - https:\/\/yoast.com\/wordpress\/plugins\/seo\/ -->\n<title>La voiture sans permis se d\u00e9mocratise - Blog auto Carid\u00e9al<\/title>\n<meta name=\"robots\" content=\"index, follow, max-snippet:-1, max-image-preview:large, max-video-preview:-1\" \/>\n<link rel=\"canonical\" href=\"https:\/\/www.carideal.com\/blog\/2011\/01\/05\/la-voiture-sans-permis-se-democratise\/\" \/>\n<meta property=\"og:locale\" content=\"fr_FR\" \/>\n<meta property=\"og:type\" content=\"article\" \/>\n<meta property=\"og:title\" content=\"La voiture sans permis se d\u00e9mocratise - Blog auto Carid\u00e9al\" \/>\n<meta property=\"og:description\" content=\"La voiture sans permis se d\u00e9mocratise On a comme image que la voiture sans permis est r\u00e9serv\u00e9e \u00e0 une client\u00e8le \u00e2g\u00e9e et rurale, ce qui a largement \u00e9volu\u00e9. Il y a environ 150 000 voitures sans permis circulant aujourd&#039;hui en France et 20 000 unit\u00e9s vendues en 2005, et \u00e0 peu pr\u00e8s 14 000 en ... Lire plus\" \/>\n<meta property=\"og:url\" content=\"https:\/\/www.carideal.com\/blog\/2011\/01\/05\/la-voiture-sans-permis-se-democratise\/\" \/>\n<meta property=\"og:site_name\" content=\"Blog auto Carid\u00e9al\" \/>\n<meta property=\"article:publisher\" content=\"https:\/\/www.facebook.com\/Carideal.mandataire.automobile\" \/>\n<meta property=\"article:author\" content=\"https:\/\/www.facebook.com\/Carideal.mandataire.automobile\/\" \/>\n<meta property=\"article:published_time\" content=\"2011-01-05T21:18:00+00:00\" \/>\n<meta property=\"article:modified_time\" content=\"2023-04-14T14:00:25+00:00\" \/>\n<meta property=\"og:image\" content=\"https:\/\/www.carideal.com\/blog\/wp-content\/uploads\/2011\/02\/voiture-sans-permis-chambery.jpg\" \/>\n\t<meta property=\"og:image:width\" content=\"448\" \/>\n\t<meta property=\"og:image:height\" content=\"336\" \/>\n\t<meta property=\"og:image:type\" content=\"image\/jpeg\" \/>\n<meta name=\"author\" content=\"N.S Carideal\" \/>\n<meta name=\"twitter:card\" content=\"summary_large_image\" \/>\n<meta name=\"twitter:creator\" content=\"@caridealauto\" \/>\n<meta name=\"twitter:site\" content=\"@caridealauto\" \/>\n<meta name=\"twitter:label1\" content=\"\u00c9crit par\" \/>\n\t<meta name=\"twitter:data1\" content=\"N.S Carideal\" \/>\n\t<meta name=\"twitter:label2\" content=\"Dur\u00e9e de lecture estim\u00e9e\" \/>\n\t<meta name=\"twitter:data2\" content=\"1 minute\" \/>\n<script type=\"application\/ld+json\" class=\"yoast-schema-graph\">{\"@context\":\"https:\/\/schema.org\",\"@graph\":[{\"@type\":\"Article\",\"@id\":\"https:\/\/www.carideal.com\/blog\/2011\/01\/05\/la-voiture-sans-permis-se-democratise\/#article\",\"isPartOf\":{\"@id\":\"https:\/\/www.carideal.com\/blog\/2011\/01\/05\/la-voiture-sans-permis-se-democratise\/\"},\"author\":{\"name\":\"N.S Carideal\",\"@id\":\"https:\/\/www.carideal.com\/blog\/#\/schema\/person\/985c7e757d1042d647f21bfaf8d41ebc\"},\"headline\":\"La voiture sans permis se d\u00e9mocratise\",\"datePublished\":\"2011-01-05T21:18:00+00:00\",\"dateModified\":\"2023-04-14T14:00:25+00:00\",\"mainEntityOfPage\":{\"@id\":\"https:\/\/www.carideal.com\/blog\/2011\/01\/05\/la-voiture-sans-permis-se-democratise\/\"},\"wordCount\":109,\"commentCount\":4,\"publisher\":{\"@id\":\"https:\/\/www.carideal.com\/blog\/#organization\"},\"image\":{\"@id\":\"https:\/\/www.carideal.com\/blog\/2011\/01\/05\/la-voiture-sans-permis-se-democratise\/#primaryimage\"},\"thumbnailUrl\":\"https:\/\/www.carideal.com\/blog\/wp-content\/uploads\/2011\/02\/voiture-sans-permis-chambery.jpg\",\"articleSection\":[\"Voiture sans permis\"],\"inLanguage\":\"fr-FR\",\"potentialAction\":[{\"@type\":\"CommentAction\",\"name\":\"Comment\",\"target\":[\"https:\/\/www.carideal.com\/blog\/2011\/01\/05\/la-voiture-sans-permis-se-democratise\/#respond\"]}]},{\"@type\":\"WebPage\",\"@id\":\"https:\/\/www.carideal.com\/blog\/2011\/01\/05\/la-voiture-sans-permis-se-democratise\/\",\"url\":\"https:\/\/www.carideal.com\/blog\/2011\/01\/05\/la-voiture-sans-permis-se-democratise\/\",\"name\":\"La voiture sans permis se d\u00e9mocratise - Blog auto Carid\u00e9al\",\"isPartOf\":{\"@id\":\"https:\/\/www.carideal.com\/blog\/#website\"},\"primaryImageOfPage\":{\"@id\":\"https:\/\/www.carideal.com\/blog\/2011\/01\/05\/la-voiture-sans-permis-se-democratise\/#primaryimage\"},\"image\":{\"@id\":\"https:\/\/www.carideal.com\/blog\/2011\/01\/05\/la-voiture-sans-permis-se-democratise\/#primaryimage\"},\"thumbnailUrl\":\"https:\/\/www.carideal.com\/blog\/wp-content\/uploads\/2011\/02\/voiture-sans-permis-chambery.jpg\",\"datePublished\":\"2011-01-05T21:18:00+00:00\",\"dateModified\":\"2023-04-14T14:00:25+00:00\",\"breadcrumb\":{\"@id\":\"https:\/\/www.carideal.com\/blog\/2011\/01\/05\/la-voiture-sans-permis-se-democratise\/#breadcrumb\"},\"inLanguage\":\"fr-FR\",\"potentialAction\":[{\"@type\":\"ReadAction\",\"target\":[\"https:\/\/www.carideal.com\/blog\/2011\/01\/05\/la-voiture-sans-permis-se-democratise\/\"]}]},{\"@type\":\"ImageObject\",\"inLanguage\":\"fr-FR\",\"@id\":\"https:\/\/www.carideal.com\/blog\/2011\/01\/05\/la-voiture-sans-permis-se-democratise\/#primaryimage\",\"url\":\"https:\/\/www.carideal.com\/blog\/wp-content\/uploads\/2011\/02\/voiture-sans-permis-chambery.jpg\",\"contentUrl\":\"https:\/\/www.carideal.com\/blog\/wp-content\/uploads\/2011\/02\/voiture-sans-permis-chambery.jpg\",\"width\":448,\"height\":336,\"caption\":\"Voiture sans permis \u00e0 Chamb\u00e9ry\"},{\"@type\":\"BreadcrumbList\",\"@id\":\"https:\/\/www.carideal.com\/blog\/2011\/01\/05\/la-voiture-sans-permis-se-democratise\/#breadcrumb\",\"itemListElement\":[{\"@type\":\"ListItem\",\"position\":1,\"name\":\"Blog Carid\u00e9al\",\"item\":\"https:\/\/www.carideal.com\/blog\/\"},{\"@type\":\"ListItem\",\"position\":2,\"name\":\"Type de v\u00e9hicule\",\"item\":\"https:\/\/www.carideal.com\/blog\/type-de-vehicule\/\"},{\"@type\":\"ListItem\",\"position\":3,\"name\":\"Voiture sans permis\",\"item\":\"https:\/\/www.carideal.com\/blog\/type-de-vehicule\/voiture-sans-permis\/\"},{\"@type\":\"ListItem\",\"position\":4,\"name\":\"La voiture sans permis se d\u00e9mocratise\"}]},{\"@type\":\"WebSite\",\"@id\":\"https:\/\/www.carideal.com\/blog\/#website\",\"url\":\"https:\/\/www.carideal.com\/blog\/\",\"name\":\"Blog auto Carid\u00e9al\",\"description\":\"Actualit\u00e9 auto par des passionn\u00e9s\",\"publisher\":{\"@id\":\"https:\/\/www.carideal.com\/blog\/#organization\"},\"potentialAction\":[{\"@type\":\"SearchAction\",\"target\":{\"@type\":\"EntryPoint\",\"urlTemplate\":\"https:\/\/www.carideal.com\/blog\/?s={search_term_string}\"},\"query-input\":{\"@type\":\"PropertyValueSpecification\",\"valueRequired\":true,\"valueName\":\"search_term_string\"}}],\"inLanguage\":\"fr-FR\"},{\"@type\":\"Organization\",\"@id\":\"https:\/\/www.carideal.com\/blog\/#organization\",\"name\":\"Carideal\",\"url\":\"https:\/\/www.carideal.com\/blog\/\",\"logo\":{\"@type\":\"ImageObject\",\"inLanguage\":\"fr-FR\",\"@id\":\"https:\/\/www.carideal.com\/blog\/#\/schema\/logo\/image\/\",\"url\":\"http:\/\/www.carideal.com\/blog\/wp-content\/uploads\/2016\/03\/logo-carideal-mandataire-automobile.png\",\"contentUrl\":\"http:\/\/www.carideal.com\/blog\/wp-content\/uploads\/2016\/03\/logo-carideal-mandataire-automobile.png\",\"width\":300,\"height\":300,\"caption\":\"Carideal\"},\"image\":{\"@id\":\"https:\/\/www.carideal.com\/blog\/#\/schema\/logo\/image\/\"},\"sameAs\":[\"https:\/\/www.facebook.com\/Carideal.mandataire.automobile\",\"https:\/\/x.com\/caridealauto\",\"https:\/\/www.instagram.com\/carideal1\/\",\"https:\/\/www.linkedin.com\/company\/carideal.com\",\"https:\/\/fr.pinterest.com\/schiavonsas\/\",\"https:\/\/www.youtube.com\/user\/caridealsas\"]},{\"@type\":\"Person\",\"@id\":\"https:\/\/www.carideal.com\/blog\/#\/schema\/person\/985c7e757d1042d647f21bfaf8d41ebc\",\"name\":\"N.S Carideal\",\"image\":{\"@type\":\"ImageObject\",\"inLanguage\":\"fr-FR\",\"@id\":\"https:\/\/www.carideal.com\/blog\/#\/schema\/person\/image\/\",\"url\":\"https:\/\/secure.gravatar.com\/avatar\/edb7ccdf1a4e3d14aef967760d354d0e?s=96&r=g\",\"contentUrl\":\"https:\/\/secure.gravatar.com\/avatar\/edb7ccdf1a4e3d14aef967760d354d0e?s=96&r=g\",\"caption\":\"N.S Carideal\"},\"description\":\"Depuis tout petit fan d'automobile. Il est question d'essayer et de comparer toutes ces voitures qui nous ont fait r\u00e9ver, avant que celles-ci ne devient uniquement des voitures de collection.\",\"sameAs\":[\"http:\/\/www.carideal.com\/blog\",\"https:\/\/www.facebook.com\/Carideal.mandataire.automobile\/\",\"https:\/\/www.linkedin.com\/in\/nschiavon\/\",\"https:\/\/www.youtube.com\/user\/caridealsas\/\"],\"url\":\"https:\/\/www.carideal.com\/blog\/author\/admin_carideal\/\"}]}<\/script>\n<!-- \/ Yoast SEO plugin. -->","yoast_head_json":{"title":"La voiture sans permis se d\u00e9mocratise - Blog auto Carid\u00e9al","robots":{"index":"index","follow":"follow","max-snippet":"max-snippet:-1","max-image-preview":"max-image-preview:large","max-video-preview":"max-video-preview:-1"},"canonical":"https:\/\/www.carideal.com\/blog\/2011\/01\/05\/la-voiture-sans-permis-se-democratise\/","og_locale":"fr_FR","og_type":"article","og_title":"La voiture sans permis se d\u00e9mocratise - Blog auto Carid\u00e9al","og_description":"La voiture sans permis se d\u00e9mocratise On a comme image que la voiture sans permis est r\u00e9serv\u00e9e \u00e0 une client\u00e8le \u00e2g\u00e9e et rurale, ce qui a largement \u00e9volu\u00e9. Il y a environ 150 000 voitures sans permis circulant aujourd'hui en France et 20 000 unit\u00e9s vendues en 2005, et \u00e0 peu pr\u00e8s 14 000 en ... Lire plus","og_url":"https:\/\/www.carideal.com\/blog\/2011\/01\/05\/la-voiture-sans-permis-se-democratise\/","og_site_name":"Blog auto Carid\u00e9al","article_publisher":"https:\/\/www.facebook.com\/Carideal.mandataire.automobile","article_author":"https:\/\/www.facebook.com\/Carideal.mandataire.automobile\/","article_published_time":"2011-01-05T21:18:00+00:00","article_modified_time":"2023-04-14T14:00:25+00:00","og_image":[{"width":448,"height":336,"url":"https:\/\/www.carideal.com\/blog\/wp-content\/uploads\/2011\/02\/voiture-sans-permis-chambery.jpg","type":"image\/jpeg"}],"author":"N.S Carideal","twitter_card":"summary_large_image","twitter_creator":"@caridealauto","twitter_site":"@caridealauto","twitter_misc":{"\u00c9crit par":"N.S Carideal","Dur\u00e9e de lecture estim\u00e9e":"1 minute"},"schema":{"@context":"https:\/\/schema.org","@graph":[{"@type":"Article","@id":"https:\/\/www.carideal.com\/blog\/2011\/01\/05\/la-voiture-sans-permis-se-democratise\/#article","isPartOf":{"@id":"https:\/\/www.carideal.com\/blog\/2011\/01\/05\/la-voiture-sans-permis-se-democratise\/"},"author":{"name":"N.S Carideal","@id":"https:\/\/www.carideal.com\/blog\/#\/schema\/person\/985c7e757d1042d647f21bfaf8d41ebc"},"headline":"La voiture sans permis se d\u00e9mocratise","datePublished":"2011-01-05T21:18:00+00:00","dateModified":"2023-04-14T14:00:25+00:00","mainEntityOfPage":{"@id":"https:\/\/www.carideal.com\/blog\/2011\/01\/05\/la-voiture-sans-permis-se-democratise\/"},"wordCount":109,"commentCount":4,"publisher":{"@id":"https:\/\/www.carideal.com\/blog\/#organization"},"image":{"@id":"https:\/\/www.carideal.com\/blog\/2011\/01\/05\/la-voiture-sans-permis-se-democratise\/#primaryimage"},"thumbnailUrl":"https:\/\/www.carideal.com\/blog\/wp-content\/uploads\/2011\/02\/voiture-sans-permis-chambery.jpg","articleSection":["Voiture sans permis"],"inLanguage":"fr-FR","potentialAction":[{"@type":"CommentAction","name":"Comment","target":["https:\/\/www.carideal.com\/blog\/2011\/01\/05\/la-voiture-sans-permis-se-democratise\/#respond"]}]},{"@type":"WebPage","@id":"https:\/\/www.carideal.com\/blog\/2011\/01\/05\/la-voiture-sans-permis-se-democratise\/","url":"https:\/\/www.carideal.com\/blog\/2011\/01\/05\/la-voiture-sans-permis-se-democratise\/","name":"La voiture sans permis se d\u00e9mocratise - Blog auto Carid\u00e9al","isPartOf":{"@id":"https:\/\/www.carideal.com\/blog\/#website"},"primaryImageOfPage":{"@id":"https:\/\/www.carideal.com\/blog\/2011\/01\/05\/la-voiture-sans-permis-se-democratise\/#primaryimage"},"image":{"@id":"https:\/\/www.carideal.com\/blog\/2011\/01\/05\/la-voiture-sans-permis-se-democratise\/#primaryimage"},"thumbnailUrl":"https:\/\/www.carideal.com\/blog\/wp-content\/uploads\/2011\/02\/voiture-sans-permis-chambery.jpg","datePublished":"2011-01-05T21:18:00+00:00","dateModified":"2023-04-14T14:00:25+00:00","breadcrumb":{"@id":"https:\/\/www.carideal.com\/blog\/2011\/01\/05\/la-voiture-sans-permis-se-democratise\/#breadcrumb"},"inLanguage":"fr-FR","potentialAction":[{"@type":"ReadAction","target":["https:\/\/www.carideal.com\/blog\/2011\/01\/05\/la-voiture-sans-permis-se-democratise\/"]}]},{"@type":"ImageObject","inLanguage":"fr-FR","@id":"https:\/\/www.carideal.com\/blog\/2011\/01\/05\/la-voiture-sans-permis-se-democratise\/#primaryimage","url":"https:\/\/www.carideal.com\/blog\/wp-content\/uploads\/2011\/02\/voiture-sans-permis-chambery.jpg","contentUrl":"https:\/\/www.carideal.com\/blog\/wp-content\/uploads\/2011\/02\/voiture-sans-permis-chambery.jpg","width":448,"height":336,"caption":"Voiture sans permis \u00e0 Chamb\u00e9ry"},{"@type":"BreadcrumbList","@id":"https:\/\/www.carideal.com\/blog\/2011\/01\/05\/la-voiture-sans-permis-se-democratise\/#breadcrumb","itemListElement":[{"@type":"ListItem","position":1,"name":"Blog Carid\u00e9al","item":"https:\/\/www.carideal.com\/blog\/"},{"@type":"ListItem","position":2,"name":"Type de v\u00e9hicule","item":"https:\/\/www.carideal.com\/blog\/type-de-vehicule\/"},{"@type":"ListItem","position":3,"name":"Voiture sans permis","item":"https:\/\/www.carideal.com\/blog\/type-de-vehicule\/voiture-sans-permis\/"},{"@type":"ListItem","position":4,"name":"La voiture sans permis se d\u00e9mocratise"}]},{"@type":"WebSite","@id":"https:\/\/www.carideal.com\/blog\/#website","url":"https:\/\/www.carideal.com\/blog\/","name":"Blog auto Carid\u00e9al","description":"Actualit\u00e9 auto par des passionn\u00e9s","publisher":{"@id":"https:\/\/www.carideal.com\/blog\/#organization"},"potentialAction":[{"@type":"SearchAction","target":{"@type":"EntryPoint","urlTemplate":"https:\/\/www.carideal.com\/blog\/?s={search_term_string}"},"query-input":{"@type":"PropertyValueSpecification","valueRequired":true,"valueName":"search_term_string"}}],"inLanguage":"fr-FR"},{"@type":"Organization","@id":"https:\/\/www.carideal.com\/blog\/#organization","name":"Carideal","url":"https:\/\/www.carideal.com\/blog\/","logo":{"@type":"ImageObject","inLanguage":"fr-FR","@id":"https:\/\/www.carideal.com\/blog\/#\/schema\/logo\/image\/","url":"http:\/\/www.carideal.com\/blog\/wp-content\/uploads\/2016\/03\/logo-carideal-mandataire-automobile.png","contentUrl":"http:\/\/www.carideal.com\/blog\/wp-content\/uploads\/2016\/03\/logo-carideal-mandataire-automobile.png","width":300,"height":300,"caption":"Carideal"},"image":{"@id":"https:\/\/www.carideal.com\/blog\/#\/schema\/logo\/image\/"},"sameAs":["https:\/\/www.facebook.com\/Carideal.mandataire.automobile","https:\/\/x.com\/caridealauto","https:\/\/www.instagram.com\/carideal1\/","https:\/\/www.linkedin.com\/company\/carideal.com","https:\/\/fr.pinterest.com\/schiavonsas\/","https:\/\/www.youtube.com\/user\/caridealsas"]},{"@type":"Person","@id":"https:\/\/www.carideal.com\/blog\/#\/schema\/person\/985c7e757d1042d647f21bfaf8d41ebc","name":"N.S Carideal","image":{"@type":"ImageObject","inLanguage":"fr-FR","@id":"https:\/\/www.carideal.com\/blog\/#\/schema\/person\/image\/","url":"https:\/\/secure.gravatar.com\/avatar\/edb7ccdf1a4e3d14aef967760d354d0e?s=96&r=g","contentUrl":"https:\/\/secure.gravatar.com\/avatar\/edb7ccdf1a4e3d14aef967760d354d0e?s=96&r=g","caption":"N.S Carideal"},"description":"Depuis tout petit fan d'automobile. Il est question d'essayer et de comparer toutes ces voitures qui nous ont fait r\u00e9ver, avant que celles-ci ne devient uniquement des voitures de collection.","sameAs":["http:\/\/www.carideal.com\/blog","https:\/\/www.facebook.com\/Carideal.mandataire.automobile\/","https:\/\/www.linkedin.com\/in\/nschiavon\/","https:\/\/www.youtube.com\/user\/caridealsas\/"],"url":"https:\/\/www.carideal.com\/blog\/author\/admin_carideal\/"}]}},"uagb_featured_image_src":{"full":["https:\/\/www.carideal.com\/blog\/wp-content\/uploads\/2011\/02\/voiture-sans-permis-chambery.jpg",448,336,false],"thumbnail":["https:\/\/www.carideal.com\/blog\/wp-content\/uploads\/2011\/02\/voiture-sans-permis-chambery-150x150.jpg",150,150,true],"medium":["https:\/\/www.carideal.com\/blog\/wp-content\/uploads\/2011\/02\/voiture-sans-permis-chambery-300x225.jpg",300,225,true],"medium_large":["https:\/\/www.carideal.com\/blog\/wp-content\/uploads\/2011\/02\/voiture-sans-permis-chambery.jpg",448,336,false],"large":["https:\/\/www.carideal.com\/blog\/wp-content\/uploads\/2011\/02\/voiture-sans-permis-chambery.jpg",448,336,false],"1536x1536":["https:\/\/www.carideal.com\/blog\/wp-content\/uploads\/2011\/02\/voiture-sans-permis-chambery.jpg",448,336,false],"2048x2048":["https:\/\/www.carideal.com\/blog\/wp-content\/uploads\/2011\/02\/voiture-sans-permis-chambery.jpg",448,336,false],"wppr-widget":["https:\/\/www.carideal.com\/blog\/wp-content\/uploads\/2011\/02\/voiture-sans-permis-chambery-50x38.jpg",50,38,true]},"uagb_author_info":{"display_name":"N.S Carideal","author_link":"https:\/\/www.carideal.com\/blog\/author\/admin_carideal\/"},"uagb_comment_info":4,"uagb_excerpt":"La voiture sans permis se d\u00e9mocratise On a comme image que la voiture sans permis est r\u00e9serv\u00e9e \u00e0 une client\u00e8le \u00e2g\u00e9e et rurale, ce qui a largement \u00e9volu\u00e9. Il y a environ 150 000 voitures sans permis circulant aujourd'hui en France et 20 000 unit\u00e9s vendues en 2005, et \u00e0 peu pr\u00e8s 14 000 en\u2026","_links":{"self":[{"href":"https:\/\/www.carideal.com\/blog\/wp-json\/wp\/v2\/posts\/834"}],"collection":[{"href":"https:\/\/www.carideal.com\/blog\/wp-json\/wp\/v2\/posts"}],"about":[{"href":"https:\/\/www.carideal.com\/blog\/wp-json\/wp\/v2\/types\/post"}],"author":[{"embeddable":true,"href":"https:\/\/www.carideal.com\/blog\/wp-json\/wp\/v2\/users\/1"}],"replies":[{"embeddable":true,"href":"https:\/\/www.carideal.com\/blog\/wp-json\/wp\/v2\/comments?post=834"}],"version-history":[{"count":0,"href":"https:\/\/www.carideal.com\/blog\/wp-json\/wp\/v2\/posts\/834\/revisions"}],"wp:featuredmedia":[{"embeddable":true,"href":"https:\/\/www.carideal.com\/blog\/wp-json\/wp\/v2\/media\/20764"}],"wp:attachment":[{"href":"https:\/\/www.carideal.com\/blog\/wp-json\/wp\/v2\/media?parent=834"}],"wp:term":[{"taxonomy":"category","embeddable":true,"href":"https:\/\/www.carideal.com\/blog\/wp-json\/wp\/v2\/categories?post=834"},{"taxonomy":"post_tag","embeddable":true,"href":"https:\/\/www.carideal.com\/blog\/wp-json\/wp\/v2\/tags?post=834"}],"curies":[{"name":"wp","href":"https:\/\/api.w.org\/{rel}","templated":true}]}}