{"id":833,"date":"2011-01-05T19:43:00","date_gmt":"2011-01-05T19:43:00","guid":{"rendered":"http:\/\/carideal.com\/blog\/?p=833"},"modified":"2020-03-07T17:35:02","modified_gmt":"2020-03-07T16:35:02","slug":"les-citroen-de-2011","status":"publish","type":"post","link":"https:\/\/www.carideal.com\/blog\/2011\/01\/05\/les-citroen-de-2011\/","title":{"rendered":"Les citroen de 2011"},"content":{"rendered":"<p>La citroen DS4 au Printemps<br \/>\n<img decoding=\"async\" src=\"\/blog\/public\/.citroen-ds4-carideal-1_m.jpg\" alt=\"Citroen DS4\" title=\"Citroen DS4, sept. 2010\" \/><\/p>\n<blockquote>\n<p>La Citroen <a href=\"\/blog\/index.php?tag\/DS4\">DS4<\/a> sortira au printemps<\/p>\n<\/blockquote>\n<p>Original m\u00e9lange que la DS4 qui, sur une base de <a href=\"\/blog\/index.php?tag\/C4\">C4<\/a>, m\u00eale une ligne de coup\u00e9 en dissimulant ses poign\u00e9es de portes arri\u00e8re \u00e0 une silhouette haute. Avec 1.53 m, contre 1.47m pour la C4 dans un format de 4.27 m, la DS4 accueillera des moteurs \u00e0 essence de 120 \u00e0 200 ch et diesels de 110 \u00e0 163 ch.<\/p>\n<p>La Citroen DS5<br \/>\n<img decoding=\"async\" src=\"\/blog\/public\/.Citroen-DS5-carideal_m.jpg\" alt=\"La Citroen DS5\" title=\"La Citroen DS5, janv. 2011\" \/><\/p>\n<blockquote>\n<p>La Citroen <a href=\"\/blog\/index.php?tag\/DS5\">DS5<\/a> arrivera cet hiver<\/p>\n<\/blockquote>\n<p>La Citroen <a href=\"\/blog\/index.php?tag\/C6\">C6<\/a> ne sera pas remplac\u00e9e. Pour autant, Citroen n'abandonne pas le haut de gamme. A peine plus imposante que la <a href=\"\/blog\/index.php?tag\/C5%20Tourer\">C5 Tourer<\/a>, 4.83 m, la DS5 fera la synth\u00e8se entre un monospace, un coup\u00e9 et un v\u00e9hicule de loisirs. Elle sera, en outre, le premier mod\u00e8le hybride diesel-\u00e9lectrique de la marque.<\/p>\n<p>La Citroen <a href=\"\/blog\/index.php?tag\/C-Escape\">C-Escape<\/a><br \/>\nSon appellation n'est pas d\u00e9finitive, pourtant ce clone technique du <a href=\"\/blog\/index.php?tag\/Mitsubishi\">Mitsubishi<\/a> <a href=\"\/blog\/index.php?tag\/ASX\">ASX<\/a> est bien au programme. Moins on\u00e9reux qu'un imposant <a href=\"\/blog\/index.php?tag\/C-Crosser\">C-Crosser<\/a>, \u00e0 partir de 33500 \u20ac pour une longueur de 4.65m, il sera l'entr\u00e9e de gamme loisirs de la marque avec un format de 4.30m, identique \u00e0 celui du <a href=\"\/blog\/index.php?tag\/Nissan\">Nissan<\/a> <a href=\"\/blog\/index.php?tag\/Qashqai\">Qashqai<\/a> qu'il entend concurrencer. Deux moteurs diesels <a href=\"\/blog\/index.php?tag\/HDI\">HDI<\/a> de 110 ch et 150 ch et deux transmissions 4x2 et <a href=\"\/blog\/index.php?tag\/4x4\">4x4<\/a> sont attendus.<\/p>\n<p><a href=\"\/blog\/index.php?post\/2010\/09\/09\/Citroen-DS4\">\/ Citroen DS4<\/a><br \/>\n\/ Citroen C5 Tourer<br \/>\n<a href=\"\/blog\/index.php?post\/2010\/05\/26\/C-Escape-%3A-Citroen-veut-son-3008\">\/ citroen c-escape<\/a><\/p>\n","protected":false},"excerpt":{"rendered":"<p>La citroen DS4 au Printemps La Citroen DS4 sortira au printemps Original m\u00e9lange que la DS4 qui, sur une base de C4, m\u00eale une ligne de coup\u00e9 en dissimulant ses poign\u00e9es de portes arri\u00e8re \u00e0 une silhouette haute. Avec 1.53 m, contre 1.47m pour la C4 dans un format de 4.27 m, la DS4 accueillera &#8230; <a title=\"Les citroen de 2011\" class=\"read-more\" href=\"https:\/\/www.carideal.com\/blog\/2011\/01\/05\/les-citroen-de-2011\/\" aria-label=\"En savoir plus sur Les citroen de 2011\">Lire plus<\/a><\/p>\n","protected":false},"author":1,"featured_media":0,"comment_status":"open","ping_status":"open","sticky":false,"template":"","format":"standard","meta":{"_uag_custom_page_level_css":"","_themeisle_gutenberg_block_has_review":false,"footnotes":""},"categories":[10],"tags":[406,149],"class_list":["post-833","post","type-post","status-publish","format-standard","hentry","category-marche-automobile-voiture-neuve-occasion-4x4-suv","tag-hdi","tag-qashqai"],"wppr_data":[],"yoast_head":"<!-- This site is optimized with the Yoast SEO plugin v24.8.1 - https:\/\/yoast.com\/wordpress\/plugins\/seo\/ -->\n<title>Les citroen de 2011 - Blog auto Carid\u00e9al<\/title>\n<meta name=\"robots\" content=\"index, follow, max-snippet:-1, max-image-preview:large, max-video-preview:-1\" \/>\n<link rel=\"canonical\" href=\"https:\/\/www.carideal.com\/blog\/2011\/01\/05\/les-citroen-de-2011\/\" \/>\n<meta property=\"og:locale\" content=\"fr_FR\" \/>\n<meta property=\"og:type\" content=\"article\" \/>\n<meta property=\"og:title\" content=\"Les citroen de 2011 - Blog auto Carid\u00e9al\" \/>\n<meta property=\"og:description\" content=\"La citroen DS4 au Printemps La Citroen DS4 sortira au printemps Original m\u00e9lange que la DS4 qui, sur une base de C4, m\u00eale une ligne de coup\u00e9 en dissimulant ses poign\u00e9es de portes arri\u00e8re \u00e0 une silhouette haute. Avec 1.53 m, contre 1.47m pour la C4 dans un format de 4.27 m, la DS4 accueillera ... Lire plus\" \/>\n<meta property=\"og:url\" content=\"https:\/\/www.carideal.com\/blog\/2011\/01\/05\/les-citroen-de-2011\/\" \/>\n<meta property=\"og:site_name\" content=\"Blog auto Carid\u00e9al\" \/>\n<meta property=\"article:publisher\" content=\"https:\/\/www.facebook.com\/Carideal.mandataire.automobile\" \/>\n<meta property=\"article:author\" content=\"https:\/\/www.facebook.com\/Carideal.mandataire.automobile\/\" \/>\n<meta property=\"article:published_time\" content=\"2011-01-05T19:43:00+00:00\" \/>\n<meta property=\"article:modified_time\" content=\"2020-03-07T16:35:02+00:00\" \/>\n<meta property=\"og:image\" content=\"https:\/\/www.carideal.com\/blog\/wp-content\/uploads\/2016\/03\/logo-carideal-mandataire-automobile.png\" \/>\n\t<meta property=\"og:image:width\" content=\"300\" \/>\n\t<meta property=\"og:image:height\" content=\"300\" \/>\n\t<meta property=\"og:image:type\" content=\"image\/png\" \/>\n<meta name=\"author\" content=\"N.S Carideal\" \/>\n<meta name=\"twitter:card\" content=\"summary_large_image\" \/>\n<meta name=\"twitter:creator\" content=\"@caridealauto\" \/>\n<meta name=\"twitter:site\" content=\"@caridealauto\" \/>\n<meta name=\"twitter:label1\" content=\"\u00c9crit par\" \/>\n\t<meta name=\"twitter:data1\" content=\"N.S Carideal\" \/>\n\t<meta name=\"twitter:label2\" content=\"Dur\u00e9e de lecture estim\u00e9e\" \/>\n\t<meta name=\"twitter:data2\" content=\"1 minute\" \/>\n<script type=\"application\/ld+json\" class=\"yoast-schema-graph\">{\"@context\":\"https:\/\/schema.org\",\"@graph\":[{\"@type\":\"Article\",\"@id\":\"https:\/\/www.carideal.com\/blog\/2011\/01\/05\/les-citroen-de-2011\/#article\",\"isPartOf\":{\"@id\":\"https:\/\/www.carideal.com\/blog\/2011\/01\/05\/les-citroen-de-2011\/\"},\"author\":{\"name\":\"N.S Carideal\",\"@id\":\"https:\/\/www.carideal.com\/blog\/#\/schema\/person\/985c7e757d1042d647f21bfaf8d41ebc\"},\"headline\":\"Les citroen de 2011\",\"datePublished\":\"2011-01-05T19:43:00+00:00\",\"dateModified\":\"2020-03-07T16:35:02+00:00\",\"mainEntityOfPage\":{\"@id\":\"https:\/\/www.carideal.com\/blog\/2011\/01\/05\/les-citroen-de-2011\/\"},\"wordCount\":213,\"commentCount\":0,\"publisher\":{\"@id\":\"https:\/\/www.carideal.com\/blog\/#organization\"},\"keywords\":[\"HDI Moteur diesel PSA\",\"Qashqai\"],\"articleSection\":[\"March\u00e9 automobile\"],\"inLanguage\":\"fr-FR\",\"potentialAction\":[{\"@type\":\"CommentAction\",\"name\":\"Comment\",\"target\":[\"https:\/\/www.carideal.com\/blog\/2011\/01\/05\/les-citroen-de-2011\/#respond\"]}]},{\"@type\":\"WebPage\",\"@id\":\"https:\/\/www.carideal.com\/blog\/2011\/01\/05\/les-citroen-de-2011\/\",\"url\":\"https:\/\/www.carideal.com\/blog\/2011\/01\/05\/les-citroen-de-2011\/\",\"name\":\"Les citroen de 2011 - Blog auto Carid\u00e9al\",\"isPartOf\":{\"@id\":\"https:\/\/www.carideal.com\/blog\/#website\"},\"datePublished\":\"2011-01-05T19:43:00+00:00\",\"dateModified\":\"2020-03-07T16:35:02+00:00\",\"breadcrumb\":{\"@id\":\"https:\/\/www.carideal.com\/blog\/2011\/01\/05\/les-citroen-de-2011\/#breadcrumb\"},\"inLanguage\":\"fr-FR\",\"potentialAction\":[{\"@type\":\"ReadAction\",\"target\":[\"https:\/\/www.carideal.com\/blog\/2011\/01\/05\/les-citroen-de-2011\/\"]}]},{\"@type\":\"BreadcrumbList\",\"@id\":\"https:\/\/www.carideal.com\/blog\/2011\/01\/05\/les-citroen-de-2011\/#breadcrumb\",\"itemListElement\":[{\"@type\":\"ListItem\",\"position\":1,\"name\":\"Blog Carid\u00e9al\",\"item\":\"https:\/\/www.carideal.com\/blog\/\"},{\"@type\":\"ListItem\",\"position\":2,\"name\":\"March\u00e9 automobile\",\"item\":\"https:\/\/www.carideal.com\/blog\/marche-automobile-voiture-neuve-occasion-4x4-suv\/\"},{\"@type\":\"ListItem\",\"position\":3,\"name\":\"Les citroen de 2011\"}]},{\"@type\":\"WebSite\",\"@id\":\"https:\/\/www.carideal.com\/blog\/#website\",\"url\":\"https:\/\/www.carideal.com\/blog\/\",\"name\":\"Blog auto Carid\u00e9al\",\"description\":\"Actualit\u00e9 auto par des passionn\u00e9s\",\"publisher\":{\"@id\":\"https:\/\/www.carideal.com\/blog\/#organization\"},\"potentialAction\":[{\"@type\":\"SearchAction\",\"target\":{\"@type\":\"EntryPoint\",\"urlTemplate\":\"https:\/\/www.carideal.com\/blog\/?s={search_term_string}\"},\"query-input\":{\"@type\":\"PropertyValueSpecification\",\"valueRequired\":true,\"valueName\":\"search_term_string\"}}],\"inLanguage\":\"fr-FR\"},{\"@type\":\"Organization\",\"@id\":\"https:\/\/www.carideal.com\/blog\/#organization\",\"name\":\"Carideal\",\"url\":\"https:\/\/www.carideal.com\/blog\/\",\"logo\":{\"@type\":\"ImageObject\",\"inLanguage\":\"fr-FR\",\"@id\":\"https:\/\/www.carideal.com\/blog\/#\/schema\/logo\/image\/\",\"url\":\"http:\/\/www.carideal.com\/blog\/wp-content\/uploads\/2016\/03\/logo-carideal-mandataire-automobile.png\",\"contentUrl\":\"http:\/\/www.carideal.com\/blog\/wp-content\/uploads\/2016\/03\/logo-carideal-mandataire-automobile.png\",\"width\":300,\"height\":300,\"caption\":\"Carideal\"},\"image\":{\"@id\":\"https:\/\/www.carideal.com\/blog\/#\/schema\/logo\/image\/\"},\"sameAs\":[\"https:\/\/www.facebook.com\/Carideal.mandataire.automobile\",\"https:\/\/x.com\/caridealauto\",\"https:\/\/www.instagram.com\/carideal1\/\",\"https:\/\/www.linkedin.com\/company\/carideal.com\",\"https:\/\/fr.pinterest.com\/schiavonsas\/\",\"https:\/\/www.youtube.com\/user\/caridealsas\"]},{\"@type\":\"Person\",\"@id\":\"https:\/\/www.carideal.com\/blog\/#\/schema\/person\/985c7e757d1042d647f21bfaf8d41ebc\",\"name\":\"N.S Carideal\",\"image\":{\"@type\":\"ImageObject\",\"inLanguage\":\"fr-FR\",\"@id\":\"https:\/\/www.carideal.com\/blog\/#\/schema\/person\/image\/\",\"url\":\"https:\/\/secure.gravatar.com\/avatar\/edb7ccdf1a4e3d14aef967760d354d0e?s=96&r=g\",\"contentUrl\":\"https:\/\/secure.gravatar.com\/avatar\/edb7ccdf1a4e3d14aef967760d354d0e?s=96&r=g\",\"caption\":\"N.S Carideal\"},\"description\":\"Depuis tout petit fan d'automobile. Il est question d'essayer et de comparer toutes ces voitures qui nous ont fait r\u00e9ver, avant que celles-ci ne devient uniquement des voitures de collection.\",\"sameAs\":[\"http:\/\/www.carideal.com\/blog\",\"https:\/\/www.facebook.com\/Carideal.mandataire.automobile\/\",\"https:\/\/www.linkedin.com\/in\/nschiavon\/\",\"https:\/\/www.youtube.com\/user\/caridealsas\/\"],\"url\":\"https:\/\/www.carideal.com\/blog\/author\/admin_carideal\/\"}]}<\/script>\n<!-- \/ Yoast SEO plugin. -->","yoast_head_json":{"title":"Les citroen de 2011 - Blog auto Carid\u00e9al","robots":{"index":"index","follow":"follow","max-snippet":"max-snippet:-1","max-image-preview":"max-image-preview:large","max-video-preview":"max-video-preview:-1"},"canonical":"https:\/\/www.carideal.com\/blog\/2011\/01\/05\/les-citroen-de-2011\/","og_locale":"fr_FR","og_type":"article","og_title":"Les citroen de 2011 - Blog auto Carid\u00e9al","og_description":"La citroen DS4 au Printemps La Citroen DS4 sortira au printemps Original m\u00e9lange que la DS4 qui, sur une base de C4, m\u00eale une ligne de coup\u00e9 en dissimulant ses poign\u00e9es de portes arri\u00e8re \u00e0 une silhouette haute. Avec 1.53 m, contre 1.47m pour la C4 dans un format de 4.27 m, la DS4 accueillera ... Lire plus","og_url":"https:\/\/www.carideal.com\/blog\/2011\/01\/05\/les-citroen-de-2011\/","og_site_name":"Blog auto Carid\u00e9al","article_publisher":"https:\/\/www.facebook.com\/Carideal.mandataire.automobile","article_author":"https:\/\/www.facebook.com\/Carideal.mandataire.automobile\/","article_published_time":"2011-01-05T19:43:00+00:00","article_modified_time":"2020-03-07T16:35:02+00:00","og_image":[{"width":300,"height":300,"url":"https:\/\/www.carideal.com\/blog\/wp-content\/uploads\/2016\/03\/logo-carideal-mandataire-automobile.png","type":"image\/png"}],"author":"N.S Carideal","twitter_card":"summary_large_image","twitter_creator":"@caridealauto","twitter_site":"@caridealauto","twitter_misc":{"\u00c9crit par":"N.S Carideal","Dur\u00e9e de lecture estim\u00e9e":"1 minute"},"schema":{"@context":"https:\/\/schema.org","@graph":[{"@type":"Article","@id":"https:\/\/www.carideal.com\/blog\/2011\/01\/05\/les-citroen-de-2011\/#article","isPartOf":{"@id":"https:\/\/www.carideal.com\/blog\/2011\/01\/05\/les-citroen-de-2011\/"},"author":{"name":"N.S Carideal","@id":"https:\/\/www.carideal.com\/blog\/#\/schema\/person\/985c7e757d1042d647f21bfaf8d41ebc"},"headline":"Les citroen de 2011","datePublished":"2011-01-05T19:43:00+00:00","dateModified":"2020-03-07T16:35:02+00:00","mainEntityOfPage":{"@id":"https:\/\/www.carideal.com\/blog\/2011\/01\/05\/les-citroen-de-2011\/"},"wordCount":213,"commentCount":0,"publisher":{"@id":"https:\/\/www.carideal.com\/blog\/#organization"},"keywords":["HDI Moteur diesel PSA","Qashqai"],"articleSection":["March\u00e9 automobile"],"inLanguage":"fr-FR","potentialAction":[{"@type":"CommentAction","name":"Comment","target":["https:\/\/www.carideal.com\/blog\/2011\/01\/05\/les-citroen-de-2011\/#respond"]}]},{"@type":"WebPage","@id":"https:\/\/www.carideal.com\/blog\/2011\/01\/05\/les-citroen-de-2011\/","url":"https:\/\/www.carideal.com\/blog\/2011\/01\/05\/les-citroen-de-2011\/","name":"Les citroen de 2011 - Blog auto Carid\u00e9al","isPartOf":{"@id":"https:\/\/www.carideal.com\/blog\/#website"},"datePublished":"2011-01-05T19:43:00+00:00","dateModified":"2020-03-07T16:35:02+00:00","breadcrumb":{"@id":"https:\/\/www.carideal.com\/blog\/2011\/01\/05\/les-citroen-de-2011\/#breadcrumb"},"inLanguage":"fr-FR","potentialAction":[{"@type":"ReadAction","target":["https:\/\/www.carideal.com\/blog\/2011\/01\/05\/les-citroen-de-2011\/"]}]},{"@type":"BreadcrumbList","@id":"https:\/\/www.carideal.com\/blog\/2011\/01\/05\/les-citroen-de-2011\/#breadcrumb","itemListElement":[{"@type":"ListItem","position":1,"name":"Blog Carid\u00e9al","item":"https:\/\/www.carideal.com\/blog\/"},{"@type":"ListItem","position":2,"name":"March\u00e9 automobile","item":"https:\/\/www.carideal.com\/blog\/marche-automobile-voiture-neuve-occasion-4x4-suv\/"},{"@type":"ListItem","position":3,"name":"Les citroen de 2011"}]},{"@type":"WebSite","@id":"https:\/\/www.carideal.com\/blog\/#website","url":"https:\/\/www.carideal.com\/blog\/","name":"Blog auto Carid\u00e9al","description":"Actualit\u00e9 auto par des passionn\u00e9s","publisher":{"@id":"https:\/\/www.carideal.com\/blog\/#organization"},"potentialAction":[{"@type":"SearchAction","target":{"@type":"EntryPoint","urlTemplate":"https:\/\/www.carideal.com\/blog\/?s={search_term_string}"},"query-input":{"@type":"PropertyValueSpecification","valueRequired":true,"valueName":"search_term_string"}}],"inLanguage":"fr-FR"},{"@type":"Organization","@id":"https:\/\/www.carideal.com\/blog\/#organization","name":"Carideal","url":"https:\/\/www.carideal.com\/blog\/","logo":{"@type":"ImageObject","inLanguage":"fr-FR","@id":"https:\/\/www.carideal.com\/blog\/#\/schema\/logo\/image\/","url":"http:\/\/www.carideal.com\/blog\/wp-content\/uploads\/2016\/03\/logo-carideal-mandataire-automobile.png","contentUrl":"http:\/\/www.carideal.com\/blog\/wp-content\/uploads\/2016\/03\/logo-carideal-mandataire-automobile.png","width":300,"height":300,"caption":"Carideal"},"image":{"@id":"https:\/\/www.carideal.com\/blog\/#\/schema\/logo\/image\/"},"sameAs":["https:\/\/www.facebook.com\/Carideal.mandataire.automobile","https:\/\/x.com\/caridealauto","https:\/\/www.instagram.com\/carideal1\/","https:\/\/www.linkedin.com\/company\/carideal.com","https:\/\/fr.pinterest.com\/schiavonsas\/","https:\/\/www.youtube.com\/user\/caridealsas"]},{"@type":"Person","@id":"https:\/\/www.carideal.com\/blog\/#\/schema\/person\/985c7e757d1042d647f21bfaf8d41ebc","name":"N.S Carideal","image":{"@type":"ImageObject","inLanguage":"fr-FR","@id":"https:\/\/www.carideal.com\/blog\/#\/schema\/person\/image\/","url":"https:\/\/secure.gravatar.com\/avatar\/edb7ccdf1a4e3d14aef967760d354d0e?s=96&r=g","contentUrl":"https:\/\/secure.gravatar.com\/avatar\/edb7ccdf1a4e3d14aef967760d354d0e?s=96&r=g","caption":"N.S Carideal"},"description":"Depuis tout petit fan d'automobile. Il est question d'essayer et de comparer toutes ces voitures qui nous ont fait r\u00e9ver, avant que celles-ci ne devient uniquement des voitures de collection.","sameAs":["http:\/\/www.carideal.com\/blog","https:\/\/www.facebook.com\/Carideal.mandataire.automobile\/","https:\/\/www.linkedin.com\/in\/nschiavon\/","https:\/\/www.youtube.com\/user\/caridealsas\/"],"url":"https:\/\/www.carideal.com\/blog\/author\/admin_carideal\/"}]}},"uagb_featured_image_src":{"full":false,"thumbnail":false,"medium":false,"medium_large":false,"large":false,"1536x1536":false,"2048x2048":false,"wppr-widget":false},"uagb_author_info":{"display_name":"N.S Carideal","author_link":"https:\/\/www.carideal.com\/blog\/author\/admin_carideal\/"},"uagb_comment_info":0,"uagb_excerpt":"La citroen DS4 au Printemps La Citroen DS4 sortira au printemps Original m\u00e9lange que la DS4 qui, sur une base de C4, m\u00eale une ligne de coup\u00e9 en dissimulant ses poign\u00e9es de portes arri\u00e8re \u00e0 une silhouette haute. Avec 1.53 m, contre 1.47m pour la C4 dans un format de 4.27 m, la DS4 accueillera\u2026","_links":{"self":[{"href":"https:\/\/www.carideal.com\/blog\/wp-json\/wp\/v2\/posts\/833"}],"collection":[{"href":"https:\/\/www.carideal.com\/blog\/wp-json\/wp\/v2\/posts"}],"about":[{"href":"https:\/\/www.carideal.com\/blog\/wp-json\/wp\/v2\/types\/post"}],"author":[{"embeddable":true,"href":"https:\/\/www.carideal.com\/blog\/wp-json\/wp\/v2\/users\/1"}],"replies":[{"embeddable":true,"href":"https:\/\/www.carideal.com\/blog\/wp-json\/wp\/v2\/comments?post=833"}],"version-history":[{"count":0,"href":"https:\/\/www.carideal.com\/blog\/wp-json\/wp\/v2\/posts\/833\/revisions"}],"wp:attachment":[{"href":"https:\/\/www.carideal.com\/blog\/wp-json\/wp\/v2\/media?parent=833"}],"wp:term":[{"taxonomy":"category","embeddable":true,"href":"https:\/\/www.carideal.com\/blog\/wp-json\/wp\/v2\/categories?post=833"},{"taxonomy":"post_tag","embeddable":true,"href":"https:\/\/www.carideal.com\/blog\/wp-json\/wp\/v2\/tags?post=833"}],"curies":[{"name":"wp","href":"https:\/\/api.w.org\/{rel}","templated":true}]}}