{"id":831,"date":"2011-01-03T22:49:00","date_gmt":"2011-01-03T22:49:00","guid":{"rendered":"http:\/\/carideal.com\/blog\/?p=831"},"modified":"2020-04-05T17:41:28","modified_gmt":"2020-04-05T15:41:28","slug":"hyundai-kia-affine-sa-strategie-et-vise-les-6-millions-de-voitures","status":"publish","type":"post","link":"https:\/\/www.carideal.com\/blog\/2011\/01\/03\/hyundai-kia-affine-sa-strategie-et-vise-les-6-millions-de-voitures\/","title":{"rendered":"Hyundai Kia affine sa strat\u00e9gie et vise les 6 millions de voitures"},"content":{"rendered":"\n<h2 class=\"wp-block-heading\">Hyundai Kia affine sa strat\u00e9gie et vise les 6 millions de voitures<\/h2>\n\n\n\n<p>La <a href=\"http:\/\/www.carideal.com\/blog\/2012\/06\/18\/la-ceed-de-kia\/\">Kia Ceed<\/a> a particip\u00e9 au succ\u00e8s du groupe <a href=\"http:\/\/www.carideal.com\/blog\/marque-de-voiture-actualites-essais\/hyundai\/\">Hyundai<\/a>. Hyundai <a href=\"http:\/\/www.carideal.com\/blog\/marque-de-voiture-actualites-essais\/kia\/\">Kia<\/a> arrive \u00e0 4.5% de part de march\u00e9 en Europe, gr\u00e2ce \u00e0 la Ceed fabriqu\u00e9e en Slovaquie.<\/p>\n\n\n\n<div class=\"wp-block-image\"><figure class=\"aligncenter size-large\"><img loading=\"lazy\" decoding=\"async\" width=\"448\" height=\"298\" src=\"http:\/\/www.carideal.com\/blog\/wp-content\/uploads\/2011\/01\/kia_ceed_3_carideal_m.jpg\" alt=\"Hyundai Kia affine sa strat\u00e9gie et vise les 6 millions de voitures\" class=\"wp-image-24999\" srcset=\"https:\/\/www.carideal.com\/blog\/wp-content\/uploads\/2011\/01\/kia_ceed_3_carideal_m.jpg 448w, https:\/\/www.carideal.com\/blog\/wp-content\/uploads\/2011\/01\/kia_ceed_3_carideal_m-300x200.jpg 300w, https:\/\/www.carideal.com\/blog\/wp-content\/uploads\/2011\/01\/kia_ceed_3_carideal_m-50x33.jpg 50w, https:\/\/www.carideal.com\/blog\/wp-content\/uploads\/2011\/01\/kia_ceed_3_carideal_m-110x73.jpg 110w, https:\/\/www.carideal.com\/blog\/wp-content\/uploads\/2011\/01\/kia_ceed_3_carideal_m-420x279.jpg 420w, https:\/\/www.carideal.com\/blog\/wp-content\/uploads\/2011\/01\/kia_ceed_3_carideal_m-272x182.jpg 272w\" sizes=\"(max-width: 448px) 100vw, 448px\" \/><figcaption>Hyundai Kia affine sa strat\u00e9gie et vise les 6 millions de voitures<\/figcaption><\/figure><\/div>\n\n\n\n<p>Apr\u00e8s avoir annonc\u00e9 une hausse de ses ventes de 24% en 2010, le groupe Cor\u00e9en pr\u00e9voit de faire encore mieux en 2011. Le groupe s'est fix\u00e9 un objectif de 6.33 millions de voitures. Le constructeur mise pour cela sur son rapport qualit\u00e9 prix et sa comp\u00e9titivit\u00e9.<\/p>\n\n\n\n<p>Hyundai motor poss\u00e8de 35% de Kia et investit massivement en Europe, dans deux usines en Tch\u00e9quie et Slovaquie qui produisent d\u00e9j\u00e0 600 000 unit\u00e9s.<\/p>\n\n\n\n<p>\"Je m'attends \u00e0 ce que l'industrie automobile connaisse un ralentissement de sa croissance en raison de la crise de la dette europ\u00e9enne et du ralentissement \u00e9conomique mondial, alors que la concurrence devrait s'intensifier entre les constructeurs automobiles cette ann\u00e9e\", a d\u00e9clar\u00e9 M. Chung.<\/p>\n\n\n\n<h3 class=\"wp-block-heading\">Articles similaires<\/h3>\n\n\n\n<div style=\"height:50px\" aria-hidden=\"true\" class=\"wp-block-spacer\"><\/div>\n\n\n\n\n\n<div style=\"height:50px\" aria-hidden=\"true\" class=\"wp-block-spacer\"><\/div>\n\n\n\n<p>Il n'a pas donn\u00e9 la ventilation des objectifs de vente individuels de Hyundai et de Kia.<\/p>\n\n\n\n<p>Les analystes ont not\u00e9 que Hyundai et Kia ont toujours d\u00e9pass\u00e9 leurs objectifs de vente ant\u00e9rieurs.<\/p>\n\n\n\n<p>Hyundai et Kia ont vendu 6,6 millions de v\u00e9hicules en 2011, battant leur objectif pr\u00e9c\u00e9dent de 6,33 millions et en hausse de 15% par rapport \u00e0 l'ann\u00e9e pr\u00e9c\u00e9dente.<\/p>\n\n\n\n<p>\"Hyundai et Kia ont propos\u00e9 un objectif de vente conservateur, bas\u00e9 sur les perspectives \u00e9conomiques n\u00e9gatives. Je m'attends \u00e0 ce qu'il soit pleinement r\u00e9alisable et \u00e0 ce que les ventes atteignent 7,2 millions (de v\u00e9hicules) l'ann\u00e9e prochaine\", a d\u00e9clar\u00e9 Ahn Sang-jun, analyste automobile chez Tong Yang Securities \u00e0 S\u00e9oul.<\/p>\n\n\n\n<p>\"Hyundai et Kia ont propos\u00e9 un objectif de vente conservateur, bas\u00e9 sur les perspectives \u00e9conomiques n\u00e9gatives. Je m'attends \u00e0 ce qu'il soit pleinement r\u00e9alisable et \u00e0 ce que les ventes atteignent 7,2 millions (de v\u00e9hicules) l'ann\u00e9e prochaine\", a d\u00e9clar\u00e9 Ahn Sang-jun, analyste automobile chez Tong Yang Securities \u00e0 S\u00e9oul.<\/p>\n\n\n\n<p>\"Les march\u00e9s automobile am\u00e9ricain et chinois ne sont pas plus mauvais que pr\u00e9vu et s'am\u00e9lioreront cette ann\u00e9e\", a-t-il d\u00e9clar\u00e9.<\/p>\n\n\n\n<p>Le march\u00e9 mondial de l'automobile va cro\u00eetre de 4 % pour atteindre 68 millions de v\u00e9hicules en 2012, contre 65,4 millions en 2011 selon les estimations, en partie gr\u00e2ce \u00e0 la vigueur des ventes aux \u00c9tats-Unis, a d\u00e9clar\u00e9 l'association allemande de l'industrie automobile VDA en d\u00e9cembre.<\/p>\n\n\n\n<p>Les ventes de v\u00e9hicules neufs aux \u00c9tats-Unis pour le mois de d\u00e9cembre, qui seront publi\u00e9es mercredi, devraient afficher une croissance r\u00e9guli\u00e8re et continue, Hyundai pr\u00e9voyant la plus forte augmentation des ventes d'environ 40 % par rapport \u00e0 l'ann\u00e9e pr\u00e9c\u00e9dente.<\/p>\n\n\n\n<p>Les constructeurs automobiles sud-cor\u00e9ens communiqueront leurs chiffres de vente mondiaux pour le mois de d\u00e9cembre plus tard lundi.<\/p>\n\n\n\n<p>Hyundai pr\u00e9voit de d\u00e9marrer la production dans sa troisi\u00e8me usine chinoise et sa premi\u00e8re usine au Br\u00e9sil en 2012, tandis que Kia n'a pas de nouvelles usines qui commencent leurs activit\u00e9s cette ann\u00e9e.<\/p>\n","protected":false},"excerpt":{"rendered":"<p>Hyundai Kia affine sa strat\u00e9gie et vise les 6 millions de voitures La Kia Ceed a particip\u00e9 au succ\u00e8s du groupe Hyundai. Hyundai Kia arrive \u00e0 4.5% de part de march\u00e9 en Europe, gr\u00e2ce \u00e0 la Ceed fabriqu\u00e9e en Slovaquie. Apr\u00e8s avoir annonc\u00e9 une hausse de ses ventes de 24% en 2010, le groupe Cor\u00e9en &#8230; <a title=\"Hyundai Kia affine sa strat\u00e9gie et vise les 6 millions de voitures\" class=\"read-more\" href=\"https:\/\/www.carideal.com\/blog\/2011\/01\/03\/hyundai-kia-affine-sa-strategie-et-vise-les-6-millions-de-voitures\/\" aria-label=\"En savoir plus sur Hyundai Kia affine sa strat\u00e9gie et vise les 6 millions de voitures\">Lire plus<\/a><\/p>\n","protected":false},"author":1,"featured_media":24999,"comment_status":"open","ping_status":"open","sticky":false,"template":"","format":"standard","meta":{"_uag_custom_page_level_css":"","_themeisle_gutenberg_block_has_review":false,"footnotes":""},"categories":[10],"tags":[],"class_list":["post-831","post","type-post","status-publish","format-standard","has-post-thumbnail","hentry","category-marche-automobile-voiture-neuve-occasion-4x4-suv"],"wppr_data":{"cwp_meta_box_check":"No"},"yoast_head":"<!-- This site is optimized with the Yoast SEO plugin v24.8.1 - https:\/\/yoast.com\/wordpress\/plugins\/seo\/ -->\n<title>Hyundai Kia affine sa strat\u00e9gie et vise les 6 millions de voitures - Blog auto Carid\u00e9al<\/title>\n<meta name=\"description\" content=\"Hyundai Kia affine sa strat\u00e9gie et vise les 6 millions de voitures. La Kia Ceed a particip\u00e9 au succ\u00e8s du groupe Hyundai Kia arrive \u00e0 4.5% de part de march\u00e9 en Europe\" \/>\n<meta name=\"robots\" content=\"index, follow, max-snippet:-1, max-image-preview:large, max-video-preview:-1\" \/>\n<link rel=\"canonical\" href=\"https:\/\/www.carideal.com\/blog\/2011\/01\/03\/hyundai-kia-affine-sa-strategie-et-vise-les-6-millions-de-voitures\/\" \/>\n<meta property=\"og:locale\" content=\"fr_FR\" \/>\n<meta property=\"og:type\" content=\"article\" \/>\n<meta property=\"og:title\" content=\"Hyundai Kia affine sa strat\u00e9gie et vise les 6 millions de voitures - Blog auto Carid\u00e9al\" \/>\n<meta property=\"og:description\" content=\"Hyundai Kia affine sa strat\u00e9gie et vise les 6 millions de voitures. La Kia Ceed a particip\u00e9 au succ\u00e8s du groupe Hyundai Kia arrive \u00e0 4.5% de part de march\u00e9 en Europe\" \/>\n<meta property=\"og:url\" content=\"https:\/\/www.carideal.com\/blog\/2011\/01\/03\/hyundai-kia-affine-sa-strategie-et-vise-les-6-millions-de-voitures\/\" \/>\n<meta property=\"og:site_name\" content=\"Blog auto Carid\u00e9al\" \/>\n<meta property=\"article:publisher\" content=\"https:\/\/www.facebook.com\/Carideal.mandataire.automobile\" \/>\n<meta property=\"article:author\" content=\"https:\/\/www.facebook.com\/Carideal.mandataire.automobile\/\" \/>\n<meta property=\"article:published_time\" content=\"2011-01-03T22:49:00+00:00\" \/>\n<meta property=\"article:modified_time\" content=\"2020-04-05T15:41:28+00:00\" \/>\n<meta property=\"og:image\" content=\"https:\/\/www.carideal.com\/blog\/wp-content\/uploads\/2011\/01\/kia_ceed_3_carideal_m.jpg\" \/>\n\t<meta property=\"og:image:width\" content=\"448\" \/>\n\t<meta property=\"og:image:height\" content=\"298\" \/>\n\t<meta property=\"og:image:type\" content=\"image\/jpeg\" \/>\n<meta name=\"author\" content=\"N.S Carideal\" \/>\n<meta name=\"twitter:card\" content=\"summary_large_image\" \/>\n<meta name=\"twitter:creator\" content=\"@caridealauto\" \/>\n<meta name=\"twitter:site\" content=\"@caridealauto\" \/>\n<meta name=\"twitter:label1\" content=\"\u00c9crit par\" \/>\n\t<meta name=\"twitter:data1\" content=\"N.S Carideal\" \/>\n\t<meta name=\"twitter:label2\" content=\"Dur\u00e9e de lecture estim\u00e9e\" \/>\n\t<meta name=\"twitter:data2\" content=\"3 minutes\" \/>\n<script type=\"application\/ld+json\" class=\"yoast-schema-graph\">{\"@context\":\"https:\/\/schema.org\",\"@graph\":[{\"@type\":\"Article\",\"@id\":\"https:\/\/www.carideal.com\/blog\/2011\/01\/03\/hyundai-kia-affine-sa-strategie-et-vise-les-6-millions-de-voitures\/#article\",\"isPartOf\":{\"@id\":\"https:\/\/www.carideal.com\/blog\/2011\/01\/03\/hyundai-kia-affine-sa-strategie-et-vise-les-6-millions-de-voitures\/\"},\"author\":{\"name\":\"N.S Carideal\",\"@id\":\"https:\/\/www.carideal.com\/blog\/#\/schema\/person\/985c7e757d1042d647f21bfaf8d41ebc\"},\"headline\":\"Hyundai Kia affine sa strat\u00e9gie et vise les 6 millions de voitures\",\"datePublished\":\"2011-01-03T22:49:00+00:00\",\"dateModified\":\"2020-04-05T15:41:28+00:00\",\"mainEntityOfPage\":{\"@id\":\"https:\/\/www.carideal.com\/blog\/2011\/01\/03\/hyundai-kia-affine-sa-strategie-et-vise-les-6-millions-de-voitures\/\"},\"wordCount\":520,\"commentCount\":0,\"publisher\":{\"@id\":\"https:\/\/www.carideal.com\/blog\/#organization\"},\"image\":{\"@id\":\"https:\/\/www.carideal.com\/blog\/2011\/01\/03\/hyundai-kia-affine-sa-strategie-et-vise-les-6-millions-de-voitures\/#primaryimage\"},\"thumbnailUrl\":\"https:\/\/www.carideal.com\/blog\/wp-content\/uploads\/2011\/01\/kia_ceed_3_carideal_m.jpg\",\"articleSection\":[\"March\u00e9 automobile\"],\"inLanguage\":\"fr-FR\",\"potentialAction\":[{\"@type\":\"CommentAction\",\"name\":\"Comment\",\"target\":[\"https:\/\/www.carideal.com\/blog\/2011\/01\/03\/hyundai-kia-affine-sa-strategie-et-vise-les-6-millions-de-voitures\/#respond\"]}]},{\"@type\":\"WebPage\",\"@id\":\"https:\/\/www.carideal.com\/blog\/2011\/01\/03\/hyundai-kia-affine-sa-strategie-et-vise-les-6-millions-de-voitures\/\",\"url\":\"https:\/\/www.carideal.com\/blog\/2011\/01\/03\/hyundai-kia-affine-sa-strategie-et-vise-les-6-millions-de-voitures\/\",\"name\":\"Hyundai Kia affine sa strat\u00e9gie et vise les 6 millions de voitures - Blog auto Carid\u00e9al\",\"isPartOf\":{\"@id\":\"https:\/\/www.carideal.com\/blog\/#website\"},\"primaryImageOfPage\":{\"@id\":\"https:\/\/www.carideal.com\/blog\/2011\/01\/03\/hyundai-kia-affine-sa-strategie-et-vise-les-6-millions-de-voitures\/#primaryimage\"},\"image\":{\"@id\":\"https:\/\/www.carideal.com\/blog\/2011\/01\/03\/hyundai-kia-affine-sa-strategie-et-vise-les-6-millions-de-voitures\/#primaryimage\"},\"thumbnailUrl\":\"https:\/\/www.carideal.com\/blog\/wp-content\/uploads\/2011\/01\/kia_ceed_3_carideal_m.jpg\",\"datePublished\":\"2011-01-03T22:49:00+00:00\",\"dateModified\":\"2020-04-05T15:41:28+00:00\",\"description\":\"Hyundai Kia affine sa strat\u00e9gie et vise les 6 millions de voitures. La Kia Ceed a particip\u00e9 au succ\u00e8s du groupe Hyundai Kia arrive \u00e0 4.5% de part de march\u00e9 en Europe\",\"breadcrumb\":{\"@id\":\"https:\/\/www.carideal.com\/blog\/2011\/01\/03\/hyundai-kia-affine-sa-strategie-et-vise-les-6-millions-de-voitures\/#breadcrumb\"},\"inLanguage\":\"fr-FR\",\"potentialAction\":[{\"@type\":\"ReadAction\",\"target\":[\"https:\/\/www.carideal.com\/blog\/2011\/01\/03\/hyundai-kia-affine-sa-strategie-et-vise-les-6-millions-de-voitures\/\"]}]},{\"@type\":\"ImageObject\",\"inLanguage\":\"fr-FR\",\"@id\":\"https:\/\/www.carideal.com\/blog\/2011\/01\/03\/hyundai-kia-affine-sa-strategie-et-vise-les-6-millions-de-voitures\/#primaryimage\",\"url\":\"https:\/\/www.carideal.com\/blog\/wp-content\/uploads\/2011\/01\/kia_ceed_3_carideal_m.jpg\",\"contentUrl\":\"https:\/\/www.carideal.com\/blog\/wp-content\/uploads\/2011\/01\/kia_ceed_3_carideal_m.jpg\",\"width\":448,\"height\":298,\"caption\":\"Hyundai Kia affine sa strat\u00e9gie et vise les 6 millions de voitures\"},{\"@type\":\"BreadcrumbList\",\"@id\":\"https:\/\/www.carideal.com\/blog\/2011\/01\/03\/hyundai-kia-affine-sa-strategie-et-vise-les-6-millions-de-voitures\/#breadcrumb\",\"itemListElement\":[{\"@type\":\"ListItem\",\"position\":1,\"name\":\"Blog Carid\u00e9al\",\"item\":\"https:\/\/www.carideal.com\/blog\/\"},{\"@type\":\"ListItem\",\"position\":2,\"name\":\"March\u00e9 automobile\",\"item\":\"https:\/\/www.carideal.com\/blog\/marche-automobile-voiture-neuve-occasion-4x4-suv\/\"},{\"@type\":\"ListItem\",\"position\":3,\"name\":\"Hyundai Kia affine sa strat\u00e9gie et vise les 6 millions de voitures\"}]},{\"@type\":\"WebSite\",\"@id\":\"https:\/\/www.carideal.com\/blog\/#website\",\"url\":\"https:\/\/www.carideal.com\/blog\/\",\"name\":\"Blog auto Carid\u00e9al\",\"description\":\"Actualit\u00e9 auto par des passionn\u00e9s\",\"publisher\":{\"@id\":\"https:\/\/www.carideal.com\/blog\/#organization\"},\"potentialAction\":[{\"@type\":\"SearchAction\",\"target\":{\"@type\":\"EntryPoint\",\"urlTemplate\":\"https:\/\/www.carideal.com\/blog\/?s={search_term_string}\"},\"query-input\":{\"@type\":\"PropertyValueSpecification\",\"valueRequired\":true,\"valueName\":\"search_term_string\"}}],\"inLanguage\":\"fr-FR\"},{\"@type\":\"Organization\",\"@id\":\"https:\/\/www.carideal.com\/blog\/#organization\",\"name\":\"Carideal\",\"url\":\"https:\/\/www.carideal.com\/blog\/\",\"logo\":{\"@type\":\"ImageObject\",\"inLanguage\":\"fr-FR\",\"@id\":\"https:\/\/www.carideal.com\/blog\/#\/schema\/logo\/image\/\",\"url\":\"http:\/\/www.carideal.com\/blog\/wp-content\/uploads\/2016\/03\/logo-carideal-mandataire-automobile.png\",\"contentUrl\":\"http:\/\/www.carideal.com\/blog\/wp-content\/uploads\/2016\/03\/logo-carideal-mandataire-automobile.png\",\"width\":300,\"height\":300,\"caption\":\"Carideal\"},\"image\":{\"@id\":\"https:\/\/www.carideal.com\/blog\/#\/schema\/logo\/image\/\"},\"sameAs\":[\"https:\/\/www.facebook.com\/Carideal.mandataire.automobile\",\"https:\/\/x.com\/caridealauto\",\"https:\/\/www.instagram.com\/carideal1\/\",\"https:\/\/www.linkedin.com\/company\/carideal.com\",\"https:\/\/fr.pinterest.com\/schiavonsas\/\",\"https:\/\/www.youtube.com\/user\/caridealsas\"]},{\"@type\":\"Person\",\"@id\":\"https:\/\/www.carideal.com\/blog\/#\/schema\/person\/985c7e757d1042d647f21bfaf8d41ebc\",\"name\":\"N.S Carideal\",\"image\":{\"@type\":\"ImageObject\",\"inLanguage\":\"fr-FR\",\"@id\":\"https:\/\/www.carideal.com\/blog\/#\/schema\/person\/image\/\",\"url\":\"https:\/\/secure.gravatar.com\/avatar\/edb7ccdf1a4e3d14aef967760d354d0e?s=96&r=g\",\"contentUrl\":\"https:\/\/secure.gravatar.com\/avatar\/edb7ccdf1a4e3d14aef967760d354d0e?s=96&r=g\",\"caption\":\"N.S Carideal\"},\"description\":\"Depuis tout petit fan d'automobile. Il est question d'essayer et de comparer toutes ces voitures qui nous ont fait r\u00e9ver, avant que celles-ci ne devient uniquement des voitures de collection.\",\"sameAs\":[\"http:\/\/www.carideal.com\/blog\",\"https:\/\/www.facebook.com\/Carideal.mandataire.automobile\/\",\"https:\/\/www.linkedin.com\/in\/nschiavon\/\",\"https:\/\/www.youtube.com\/user\/caridealsas\/\"],\"url\":\"https:\/\/www.carideal.com\/blog\/author\/admin_carideal\/\"}]}<\/script>\n<!-- \/ Yoast SEO plugin. -->","yoast_head_json":{"title":"Hyundai Kia affine sa strat\u00e9gie et vise les 6 millions de voitures - Blog auto Carid\u00e9al","description":"Hyundai Kia affine sa strat\u00e9gie et vise les 6 millions de voitures. La Kia Ceed a particip\u00e9 au succ\u00e8s du groupe Hyundai Kia arrive \u00e0 4.5% de part de march\u00e9 en Europe","robots":{"index":"index","follow":"follow","max-snippet":"max-snippet:-1","max-image-preview":"max-image-preview:large","max-video-preview":"max-video-preview:-1"},"canonical":"https:\/\/www.carideal.com\/blog\/2011\/01\/03\/hyundai-kia-affine-sa-strategie-et-vise-les-6-millions-de-voitures\/","og_locale":"fr_FR","og_type":"article","og_title":"Hyundai Kia affine sa strat\u00e9gie et vise les 6 millions de voitures - Blog auto Carid\u00e9al","og_description":"Hyundai Kia affine sa strat\u00e9gie et vise les 6 millions de voitures. La Kia Ceed a particip\u00e9 au succ\u00e8s du groupe Hyundai Kia arrive \u00e0 4.5% de part de march\u00e9 en Europe","og_url":"https:\/\/www.carideal.com\/blog\/2011\/01\/03\/hyundai-kia-affine-sa-strategie-et-vise-les-6-millions-de-voitures\/","og_site_name":"Blog auto Carid\u00e9al","article_publisher":"https:\/\/www.facebook.com\/Carideal.mandataire.automobile","article_author":"https:\/\/www.facebook.com\/Carideal.mandataire.automobile\/","article_published_time":"2011-01-03T22:49:00+00:00","article_modified_time":"2020-04-05T15:41:28+00:00","og_image":[{"width":448,"height":298,"url":"https:\/\/www.carideal.com\/blog\/wp-content\/uploads\/2011\/01\/kia_ceed_3_carideal_m.jpg","type":"image\/jpeg"}],"author":"N.S Carideal","twitter_card":"summary_large_image","twitter_creator":"@caridealauto","twitter_site":"@caridealauto","twitter_misc":{"\u00c9crit par":"N.S Carideal","Dur\u00e9e de lecture estim\u00e9e":"3 minutes"},"schema":{"@context":"https:\/\/schema.org","@graph":[{"@type":"Article","@id":"https:\/\/www.carideal.com\/blog\/2011\/01\/03\/hyundai-kia-affine-sa-strategie-et-vise-les-6-millions-de-voitures\/#article","isPartOf":{"@id":"https:\/\/www.carideal.com\/blog\/2011\/01\/03\/hyundai-kia-affine-sa-strategie-et-vise-les-6-millions-de-voitures\/"},"author":{"name":"N.S Carideal","@id":"https:\/\/www.carideal.com\/blog\/#\/schema\/person\/985c7e757d1042d647f21bfaf8d41ebc"},"headline":"Hyundai Kia affine sa strat\u00e9gie et vise les 6 millions de voitures","datePublished":"2011-01-03T22:49:00+00:00","dateModified":"2020-04-05T15:41:28+00:00","mainEntityOfPage":{"@id":"https:\/\/www.carideal.com\/blog\/2011\/01\/03\/hyundai-kia-affine-sa-strategie-et-vise-les-6-millions-de-voitures\/"},"wordCount":520,"commentCount":0,"publisher":{"@id":"https:\/\/www.carideal.com\/blog\/#organization"},"image":{"@id":"https:\/\/www.carideal.com\/blog\/2011\/01\/03\/hyundai-kia-affine-sa-strategie-et-vise-les-6-millions-de-voitures\/#primaryimage"},"thumbnailUrl":"https:\/\/www.carideal.com\/blog\/wp-content\/uploads\/2011\/01\/kia_ceed_3_carideal_m.jpg","articleSection":["March\u00e9 automobile"],"inLanguage":"fr-FR","potentialAction":[{"@type":"CommentAction","name":"Comment","target":["https:\/\/www.carideal.com\/blog\/2011\/01\/03\/hyundai-kia-affine-sa-strategie-et-vise-les-6-millions-de-voitures\/#respond"]}]},{"@type":"WebPage","@id":"https:\/\/www.carideal.com\/blog\/2011\/01\/03\/hyundai-kia-affine-sa-strategie-et-vise-les-6-millions-de-voitures\/","url":"https:\/\/www.carideal.com\/blog\/2011\/01\/03\/hyundai-kia-affine-sa-strategie-et-vise-les-6-millions-de-voitures\/","name":"Hyundai Kia affine sa strat\u00e9gie et vise les 6 millions de voitures - Blog auto Carid\u00e9al","isPartOf":{"@id":"https:\/\/www.carideal.com\/blog\/#website"},"primaryImageOfPage":{"@id":"https:\/\/www.carideal.com\/blog\/2011\/01\/03\/hyundai-kia-affine-sa-strategie-et-vise-les-6-millions-de-voitures\/#primaryimage"},"image":{"@id":"https:\/\/www.carideal.com\/blog\/2011\/01\/03\/hyundai-kia-affine-sa-strategie-et-vise-les-6-millions-de-voitures\/#primaryimage"},"thumbnailUrl":"https:\/\/www.carideal.com\/blog\/wp-content\/uploads\/2011\/01\/kia_ceed_3_carideal_m.jpg","datePublished":"2011-01-03T22:49:00+00:00","dateModified":"2020-04-05T15:41:28+00:00","description":"Hyundai Kia affine sa strat\u00e9gie et vise les 6 millions de voitures. La Kia Ceed a particip\u00e9 au succ\u00e8s du groupe Hyundai Kia arrive \u00e0 4.5% de part de march\u00e9 en Europe","breadcrumb":{"@id":"https:\/\/www.carideal.com\/blog\/2011\/01\/03\/hyundai-kia-affine-sa-strategie-et-vise-les-6-millions-de-voitures\/#breadcrumb"},"inLanguage":"fr-FR","potentialAction":[{"@type":"ReadAction","target":["https:\/\/www.carideal.com\/blog\/2011\/01\/03\/hyundai-kia-affine-sa-strategie-et-vise-les-6-millions-de-voitures\/"]}]},{"@type":"ImageObject","inLanguage":"fr-FR","@id":"https:\/\/www.carideal.com\/blog\/2011\/01\/03\/hyundai-kia-affine-sa-strategie-et-vise-les-6-millions-de-voitures\/#primaryimage","url":"https:\/\/www.carideal.com\/blog\/wp-content\/uploads\/2011\/01\/kia_ceed_3_carideal_m.jpg","contentUrl":"https:\/\/www.carideal.com\/blog\/wp-content\/uploads\/2011\/01\/kia_ceed_3_carideal_m.jpg","width":448,"height":298,"caption":"Hyundai Kia affine sa strat\u00e9gie et vise les 6 millions de voitures"},{"@type":"BreadcrumbList","@id":"https:\/\/www.carideal.com\/blog\/2011\/01\/03\/hyundai-kia-affine-sa-strategie-et-vise-les-6-millions-de-voitures\/#breadcrumb","itemListElement":[{"@type":"ListItem","position":1,"name":"Blog Carid\u00e9al","item":"https:\/\/www.carideal.com\/blog\/"},{"@type":"ListItem","position":2,"name":"March\u00e9 automobile","item":"https:\/\/www.carideal.com\/blog\/marche-automobile-voiture-neuve-occasion-4x4-suv\/"},{"@type":"ListItem","position":3,"name":"Hyundai Kia affine sa strat\u00e9gie et vise les 6 millions de voitures"}]},{"@type":"WebSite","@id":"https:\/\/www.carideal.com\/blog\/#website","url":"https:\/\/www.carideal.com\/blog\/","name":"Blog auto Carid\u00e9al","description":"Actualit\u00e9 auto par des passionn\u00e9s","publisher":{"@id":"https:\/\/www.carideal.com\/blog\/#organization"},"potentialAction":[{"@type":"SearchAction","target":{"@type":"EntryPoint","urlTemplate":"https:\/\/www.carideal.com\/blog\/?s={search_term_string}"},"query-input":{"@type":"PropertyValueSpecification","valueRequired":true,"valueName":"search_term_string"}}],"inLanguage":"fr-FR"},{"@type":"Organization","@id":"https:\/\/www.carideal.com\/blog\/#organization","name":"Carideal","url":"https:\/\/www.carideal.com\/blog\/","logo":{"@type":"ImageObject","inLanguage":"fr-FR","@id":"https:\/\/www.carideal.com\/blog\/#\/schema\/logo\/image\/","url":"http:\/\/www.carideal.com\/blog\/wp-content\/uploads\/2016\/03\/logo-carideal-mandataire-automobile.png","contentUrl":"http:\/\/www.carideal.com\/blog\/wp-content\/uploads\/2016\/03\/logo-carideal-mandataire-automobile.png","width":300,"height":300,"caption":"Carideal"},"image":{"@id":"https:\/\/www.carideal.com\/blog\/#\/schema\/logo\/image\/"},"sameAs":["https:\/\/www.facebook.com\/Carideal.mandataire.automobile","https:\/\/x.com\/caridealauto","https:\/\/www.instagram.com\/carideal1\/","https:\/\/www.linkedin.com\/company\/carideal.com","https:\/\/fr.pinterest.com\/schiavonsas\/","https:\/\/www.youtube.com\/user\/caridealsas"]},{"@type":"Person","@id":"https:\/\/www.carideal.com\/blog\/#\/schema\/person\/985c7e757d1042d647f21bfaf8d41ebc","name":"N.S Carideal","image":{"@type":"ImageObject","inLanguage":"fr-FR","@id":"https:\/\/www.carideal.com\/blog\/#\/schema\/person\/image\/","url":"https:\/\/secure.gravatar.com\/avatar\/edb7ccdf1a4e3d14aef967760d354d0e?s=96&r=g","contentUrl":"https:\/\/secure.gravatar.com\/avatar\/edb7ccdf1a4e3d14aef967760d354d0e?s=96&r=g","caption":"N.S Carideal"},"description":"Depuis tout petit fan d'automobile. Il est question d'essayer et de comparer toutes ces voitures qui nous ont fait r\u00e9ver, avant que celles-ci ne devient uniquement des voitures de collection.","sameAs":["http:\/\/www.carideal.com\/blog","https:\/\/www.facebook.com\/Carideal.mandataire.automobile\/","https:\/\/www.linkedin.com\/in\/nschiavon\/","https:\/\/www.youtube.com\/user\/caridealsas\/"],"url":"https:\/\/www.carideal.com\/blog\/author\/admin_carideal\/"}]}},"uagb_featured_image_src":{"full":["https:\/\/www.carideal.com\/blog\/wp-content\/uploads\/2011\/01\/kia_ceed_3_carideal_m.jpg",448,298,false],"thumbnail":["https:\/\/www.carideal.com\/blog\/wp-content\/uploads\/2011\/01\/kia_ceed_3_carideal_m-150x150.jpg",150,150,true],"medium":["https:\/\/www.carideal.com\/blog\/wp-content\/uploads\/2011\/01\/kia_ceed_3_carideal_m-300x200.jpg",300,200,true],"medium_large":["https:\/\/www.carideal.com\/blog\/wp-content\/uploads\/2011\/01\/kia_ceed_3_carideal_m.jpg",448,298,false],"large":["https:\/\/www.carideal.com\/blog\/wp-content\/uploads\/2011\/01\/kia_ceed_3_carideal_m.jpg",448,298,false],"1536x1536":["https:\/\/www.carideal.com\/blog\/wp-content\/uploads\/2011\/01\/kia_ceed_3_carideal_m.jpg",448,298,false],"2048x2048":["https:\/\/www.carideal.com\/blog\/wp-content\/uploads\/2011\/01\/kia_ceed_3_carideal_m.jpg",448,298,false],"wppr-widget":["https:\/\/www.carideal.com\/blog\/wp-content\/uploads\/2011\/01\/kia_ceed_3_carideal_m-50x33.jpg",50,33,true]},"uagb_author_info":{"display_name":"N.S Carideal","author_link":"https:\/\/www.carideal.com\/blog\/author\/admin_carideal\/"},"uagb_comment_info":0,"uagb_excerpt":"Hyundai Kia affine sa strat\u00e9gie et vise les 6 millions de voitures La Kia Ceed a particip\u00e9 au succ\u00e8s du groupe Hyundai. Hyundai Kia arrive \u00e0 4.5% de part de march\u00e9 en Europe, gr\u00e2ce \u00e0 la Ceed fabriqu\u00e9e en Slovaquie. Apr\u00e8s avoir annonc\u00e9 une hausse de ses ventes de 24% en 2010, le groupe Cor\u00e9en\u2026","_links":{"self":[{"href":"https:\/\/www.carideal.com\/blog\/wp-json\/wp\/v2\/posts\/831"}],"collection":[{"href":"https:\/\/www.carideal.com\/blog\/wp-json\/wp\/v2\/posts"}],"about":[{"href":"https:\/\/www.carideal.com\/blog\/wp-json\/wp\/v2\/types\/post"}],"author":[{"embeddable":true,"href":"https:\/\/www.carideal.com\/blog\/wp-json\/wp\/v2\/users\/1"}],"replies":[{"embeddable":true,"href":"https:\/\/www.carideal.com\/blog\/wp-json\/wp\/v2\/comments?post=831"}],"version-history":[{"count":0,"href":"https:\/\/www.carideal.com\/blog\/wp-json\/wp\/v2\/posts\/831\/revisions"}],"wp:featuredmedia":[{"embeddable":true,"href":"https:\/\/www.carideal.com\/blog\/wp-json\/wp\/v2\/media\/24999"}],"wp:attachment":[{"href":"https:\/\/www.carideal.com\/blog\/wp-json\/wp\/v2\/media?parent=831"}],"wp:term":[{"taxonomy":"category","embeddable":true,"href":"https:\/\/www.carideal.com\/blog\/wp-json\/wp\/v2\/categories?post=831"},{"taxonomy":"post_tag","embeddable":true,"href":"https:\/\/www.carideal.com\/blog\/wp-json\/wp\/v2\/tags?post=831"}],"curies":[{"name":"wp","href":"https:\/\/api.w.org\/{rel}","templated":true}]}}