{"id":8291,"date":"2015-12-03T08:38:47","date_gmt":"2015-12-03T07:38:47","guid":{"rendered":"http:\/\/www.carideal.com\/blog\/?p=8291"},"modified":"2020-03-08T18:38:12","modified_gmt":"2020-03-08T17:38:12","slug":"un-nouveau-crossover-compact-pour-ds-en-2018","status":"publish","type":"post","link":"https:\/\/www.carideal.com\/blog\/2015\/12\/03\/un-nouveau-crossover-compact-pour-ds-en-2018\/","title":{"rendered":"Crossover DS compact en 2018"},"content":{"rendered":"<h1><strong>DS pr\u00e9pare un nouveau mod\u00e8le Crossover DS 3 pour concurrencer\u00a0le MINI Countryman<\/strong><\/h1>\n<figure id=\"attachment_8292\" aria-describedby=\"caption-attachment-8292\" style=\"width: 290px\" class=\"wp-caption alignnone\"><a href=\"http:\/\/www.carideal.com\/blog\/wp-content\/uploads\/2015\/12\/ds-3-suv-carideal.jpg\"><img loading=\"lazy\" decoding=\"async\" class=\"wp-image-8292 size-medium\" title=\"Crossover DS urbain pour 2018\" src=\"http:\/\/www.carideal.com\/blog\/wp-content\/uploads\/2015\/12\/ds-3-suv-carideal-300x213.jpg\" alt=\"Le futur Crossover DS 3 SUV\" width=\"300\" height=\"213\" srcset=\"https:\/\/www.carideal.com\/blog\/wp-content\/uploads\/2015\/12\/ds-3-suv-carideal-300x213.jpg 300w, https:\/\/www.carideal.com\/blog\/wp-content\/uploads\/2015\/12\/ds-3-suv-carideal.jpg 600w\" sizes=\"(max-width: 300px) 100vw, 300px\" \/><\/a><figcaption id=\"caption-attachment-8292\" class=\"wp-caption-text\">Le futur Crossover DS 3 SUV (c) autoexpress<\/figcaption><\/figure>\n<p>La marche en avant\u00a0\u00a0de la <a href=\"http:\/\/www.carideal.com\/blog\/marque-de-voiture-actualites-essais\/ds\/\">marque DS<\/a> continue, et de nouveau mod\u00e8le haut de gamme vont arriver\u00a0dans la gamme. Les <span style=\"text-decoration: underline;\">DS3<\/span>, <span style=\"text-decoration: underline;\">DS4<\/span> et <span style=\"text-decoration: underline;\">DS5<\/span> ont toutes \u00e9t\u00e9 remani\u00e9es\u00a0en\u00a02015, mais le prochain \u00e0\u00a0l'ordre du jour pour est un SUV Crossover sur la base de DS3.<\/p>\n<p>La marque\u00a0DS automobiles s'est \u00e9mancip\u00e9e du Constructeur Citroen auquelle elle \u00e9tait ratach\u00e9e et est devenu une marque premium \u00e0 part enti\u00e8re, comme peut l'\u00eatre Infinity avec Nissan. Pourtant dans ce cr\u00e9eau du haut de gamme tr\u00e8s concurrenciel, il n'y a pas eu de v\u00e9ritable nouveaut\u00e9 depuis la DS5, la <span style=\"text-decoration: underline;\">DS 4 Crossback<\/span> n'\u00e9tant qu'une \u00e9volution.<\/p>\n<p>Toutefois, la demande pour les SUV sur les march\u00e9s en\u00a0Chine et en Europe apparemment insatiablne cesse d'augmenter, et DS veut combler le manque dans sa gamme et concentre ses \u00e9fforts sur ce segment. Il faut aussi comprendre \u00e0 demi mot que ce crossover DS sera d\u00e9clin\u00e9 sans doute d'une <strong>nouvelle berline DS \u00a03<\/strong> en 2018.<\/p>\n<p>Si l'on veut comprendre entre les lignes, si l'on tient compte que l'actuelle DS 3 a \u00e9t\u00e9 lanc\u00e9 en 2009, 9 ans de dur\u00e9e vie pour un mod\u00e8le premium, qui plus est rival de la MINI, c'est long, beaucoup trop long. Ce qui explique ces r\u00e9sultats en demi-teinte actuellement. Une des raisons justifiant ce d\u00e9lai serait le temps n\u00e9cessaire \u00e0 PSA pour\u00a0concevoir une nouvelle plateforme technique pouvant servir de base pour un maximum de 10 nouveaux futurs mod\u00e8les.<\/p>\n<h2><strong>Future nouvelle plateforme technique pour le Crossover DS :<\/strong><\/h2>\n<p>L'investissement n\u00e9cessaire \u00e0 cette plateforme sera conjoint \u00e0 l'alliance de PSA avec le chinois Dongfeng et concernera la future <span style=\"text-decoration: underline;\">Peugeot 208<\/span>, les 2 DS3\u00a0. La DS3 devrait rester dans une configuration trois portes comme actuellement, et le SUV sera lui d\u00e9clin\u00e9 en\u00a0cinq portes plus pratique et plus spacieux.<\/p>\n<p>DS affirme que le <span style=\"text-decoration: underline;\">MINI Countryman<\/span> est\u00a0un rival cl\u00e9 sur le march\u00e9, tout comme les\u00a0<span style=\"text-decoration: underline;\">Audi<\/span> Q1 et future autre <span style=\"text-decoration: underline;\">Mazda<\/span> CX-3.<\/p>\n<p>D'apr\u00e8s les sources, bien que le SUV DS soit en d\u00e9veloppement, la garde au sol surelev\u00e9e, la transmission 4x4 quatre roues motrices ne sera pas propos\u00e9e\u00a0sur la DS 3 SUV. Les raisons invoqu\u00e9es sont une fois de plus les couts d'adaptations de la plateforme modulaire de la traction avant. En outre, DS affirme que les versions \u00e0 quatre roues motrices sur les petits SUV se vendent tr\u00e8s peu. Malheureusement, on entend ce genre d'argument depuis 20 chez PSA.<\/p>\n<p>Cela se pr\u00e9cise donc chez DS apr\u00e8s les premi\u00e8re r\u00e9v\u00e9lation de 2014 sur la <strong><a href=\"http:\/\/www.carideal.com\/blog\/2015\/02\/28\/ds-confirme-larrive-dun-petit-suv-la-ds3-x\/\">pr\u00e9paration de la future DS 3 et de son DS X.<\/a><\/strong><\/p>\n<p>Source Auto Express.co.uk<\/p>\n","protected":false},"excerpt":{"rendered":"<p>DS pr\u00e9pare un nouveau mod\u00e8le Crossover DS 3 pour concurrencer\u00a0le MINI Countryman La marche en avant\u00a0\u00a0de la marque DS continue, et de nouveau mod\u00e8le haut de gamme vont arriver\u00a0dans la gamme. Les DS3, DS4 et DS5 ont toutes \u00e9t\u00e9 remani\u00e9es\u00a0en\u00a02015, mais le prochain \u00e0\u00a0l&rsquo;ordre du jour pour est un SUV Crossover sur la base de &#8230; <a title=\"Crossover DS compact en 2018\" class=\"read-more\" href=\"https:\/\/www.carideal.com\/blog\/2015\/12\/03\/un-nouveau-crossover-compact-pour-ds-en-2018\/\" aria-label=\"En savoir plus sur Crossover DS compact en 2018\">Lire plus<\/a><\/p>\n","protected":false},"author":3,"featured_media":0,"comment_status":"open","ping_status":"open","sticky":false,"template":"","format":"standard","meta":{"_uag_custom_page_level_css":"","_themeisle_gutenberg_block_has_review":false,"footnotes":""},"categories":[21,5,5944,6001,5975,5974],"tags":[],"class_list":["post-8291","post","type-post","status-publish","format-standard","hentry","category-actualites-auto","category-citroen","category-constructeur","category-ds","category-concept-car","category-type-de-vehicule"],"wppr_data":{"cwp_meta_box_check":"No"},"yoast_head":"<!-- This site is optimized with the Yoast SEO plugin v24.8.1 - https:\/\/yoast.com\/wordpress\/plugins\/seo\/ -->\n<title>Crossover DS compact en 2018 - Blog auto Carid\u00e9al<\/title>\n<meta name=\"description\" content=\"DS pr\u00e9pare un nouveau mod\u00e8le Crossover DS 3 urbain pour concurrencer\u00a0le MINI Countryman ou autre Audi sur le segment porteur des SUV\" \/>\n<meta name=\"robots\" content=\"index, follow, max-snippet:-1, max-image-preview:large, max-video-preview:-1\" \/>\n<link rel=\"canonical\" href=\"https:\/\/www.carideal.com\/blog\/2015\/12\/03\/un-nouveau-crossover-compact-pour-ds-en-2018\/\" \/>\n<meta property=\"og:locale\" content=\"fr_FR\" \/>\n<meta property=\"og:type\" content=\"article\" \/>\n<meta property=\"og:title\" content=\"Crossover DS compact en 2018 - Blog auto Carid\u00e9al\" \/>\n<meta property=\"og:description\" content=\"DS pr\u00e9pare un nouveau mod\u00e8le Crossover DS 3 urbain pour concurrencer\u00a0le MINI Countryman ou autre Audi sur le segment porteur des SUV\" \/>\n<meta property=\"og:url\" content=\"https:\/\/www.carideal.com\/blog\/2015\/12\/03\/un-nouveau-crossover-compact-pour-ds-en-2018\/\" \/>\n<meta property=\"og:site_name\" content=\"Blog auto Carid\u00e9al\" \/>\n<meta property=\"article:publisher\" content=\"https:\/\/www.facebook.com\/Carideal.mandataire.automobile\" \/>\n<meta property=\"article:author\" content=\"https:\/\/www.facebook.com\/nicolas.schiavon.39\" \/>\n<meta property=\"article:published_time\" content=\"2015-12-03T07:38:47+00:00\" \/>\n<meta property=\"article:modified_time\" content=\"2020-03-08T17:38:12+00:00\" \/>\n<meta property=\"og:image\" content=\"http:\/\/www.carideal.com\/blog\/wp-content\/uploads\/2015\/12\/ds-3-suv-carideal-300x213.jpg\" \/>\n<meta name=\"author\" content=\"Nicolas SCHIAVON\" \/>\n<meta name=\"twitter:card\" content=\"summary_large_image\" \/>\n<meta name=\"twitter:creator\" content=\"@caridealauto\" \/>\n<meta name=\"twitter:site\" content=\"@caridealauto\" \/>\n<meta name=\"twitter:label1\" content=\"\u00c9crit par\" \/>\n\t<meta name=\"twitter:data1\" content=\"Nicolas SCHIAVON\" \/>\n\t<meta name=\"twitter:label2\" content=\"Dur\u00e9e de lecture estim\u00e9e\" \/>\n\t<meta name=\"twitter:data2\" content=\"2 minutes\" \/>\n<script type=\"application\/ld+json\" class=\"yoast-schema-graph\">{\"@context\":\"https:\/\/schema.org\",\"@graph\":[{\"@type\":\"Article\",\"@id\":\"https:\/\/www.carideal.com\/blog\/2015\/12\/03\/un-nouveau-crossover-compact-pour-ds-en-2018\/#article\",\"isPartOf\":{\"@id\":\"https:\/\/www.carideal.com\/blog\/2015\/12\/03\/un-nouveau-crossover-compact-pour-ds-en-2018\/\"},\"author\":{\"name\":\"Nicolas SCHIAVON\",\"@id\":\"https:\/\/www.carideal.com\/blog\/#\/schema\/person\/cd95dc7919660de90d31b366f85be1ec\"},\"headline\":\"Crossover DS compact en 2018\",\"datePublished\":\"2015-12-03T07:38:47+00:00\",\"dateModified\":\"2020-03-08T17:38:12+00:00\",\"mainEntityOfPage\":{\"@id\":\"https:\/\/www.carideal.com\/blog\/2015\/12\/03\/un-nouveau-crossover-compact-pour-ds-en-2018\/\"},\"wordCount\":472,\"commentCount\":0,\"publisher\":{\"@id\":\"https:\/\/www.carideal.com\/blog\/#organization\"},\"image\":{\"@id\":\"https:\/\/www.carideal.com\/blog\/2015\/12\/03\/un-nouveau-crossover-compact-pour-ds-en-2018\/#primaryimage\"},\"thumbnailUrl\":\"http:\/\/www.carideal.com\/blog\/wp-content\/uploads\/2015\/12\/ds-3-suv-carideal-300x213.jpg\",\"articleSection\":[\"Actualit\u00e9 automobile\",\"Actualit\u00e9 Citroen\",\"Actualit\u00e9 Constructeur automobile\",\"Actualit\u00e9 DS\",\"Concept car\",\"Type de v\u00e9hicule\"],\"inLanguage\":\"fr-FR\",\"potentialAction\":[{\"@type\":\"CommentAction\",\"name\":\"Comment\",\"target\":[\"https:\/\/www.carideal.com\/blog\/2015\/12\/03\/un-nouveau-crossover-compact-pour-ds-en-2018\/#respond\"]}]},{\"@type\":\"WebPage\",\"@id\":\"https:\/\/www.carideal.com\/blog\/2015\/12\/03\/un-nouveau-crossover-compact-pour-ds-en-2018\/\",\"url\":\"https:\/\/www.carideal.com\/blog\/2015\/12\/03\/un-nouveau-crossover-compact-pour-ds-en-2018\/\",\"name\":\"Crossover DS compact en 2018 - Blog auto Carid\u00e9al\",\"isPartOf\":{\"@id\":\"https:\/\/www.carideal.com\/blog\/#website\"},\"primaryImageOfPage\":{\"@id\":\"https:\/\/www.carideal.com\/blog\/2015\/12\/03\/un-nouveau-crossover-compact-pour-ds-en-2018\/#primaryimage\"},\"image\":{\"@id\":\"https:\/\/www.carideal.com\/blog\/2015\/12\/03\/un-nouveau-crossover-compact-pour-ds-en-2018\/#primaryimage\"},\"thumbnailUrl\":\"http:\/\/www.carideal.com\/blog\/wp-content\/uploads\/2015\/12\/ds-3-suv-carideal-300x213.jpg\",\"datePublished\":\"2015-12-03T07:38:47+00:00\",\"dateModified\":\"2020-03-08T17:38:12+00:00\",\"description\":\"DS pr\u00e9pare un nouveau mod\u00e8le Crossover DS 3 urbain pour concurrencer\u00a0le MINI Countryman ou autre Audi sur le segment porteur des SUV\",\"breadcrumb\":{\"@id\":\"https:\/\/www.carideal.com\/blog\/2015\/12\/03\/un-nouveau-crossover-compact-pour-ds-en-2018\/#breadcrumb\"},\"inLanguage\":\"fr-FR\",\"potentialAction\":[{\"@type\":\"ReadAction\",\"target\":[\"https:\/\/www.carideal.com\/blog\/2015\/12\/03\/un-nouveau-crossover-compact-pour-ds-en-2018\/\"]}]},{\"@type\":\"ImageObject\",\"inLanguage\":\"fr-FR\",\"@id\":\"https:\/\/www.carideal.com\/blog\/2015\/12\/03\/un-nouveau-crossover-compact-pour-ds-en-2018\/#primaryimage\",\"url\":\"http:\/\/www.carideal.com\/blog\/wp-content\/uploads\/2015\/12\/ds-3-suv-carideal-300x213.jpg\",\"contentUrl\":\"http:\/\/www.carideal.com\/blog\/wp-content\/uploads\/2015\/12\/ds-3-suv-carideal-300x213.jpg\"},{\"@type\":\"BreadcrumbList\",\"@id\":\"https:\/\/www.carideal.com\/blog\/2015\/12\/03\/un-nouveau-crossover-compact-pour-ds-en-2018\/#breadcrumb\",\"itemListElement\":[{\"@type\":\"ListItem\",\"position\":1,\"name\":\"Blog Carid\u00e9al\",\"item\":\"https:\/\/www.carideal.com\/blog\/\"},{\"@type\":\"ListItem\",\"position\":2,\"name\":\"Actualit\u00e9 constructeur automobile\",\"item\":\"https:\/\/www.carideal.com\/blog\/constructeur\/\"},{\"@type\":\"ListItem\",\"position\":3,\"name\":\"Actualit\u00e9 DS\",\"item\":\"https:\/\/www.carideal.com\/blog\/constructeur\/ds\/\"},{\"@type\":\"ListItem\",\"position\":4,\"name\":\"Crossover DS compact en 2018\"}]},{\"@type\":\"WebSite\",\"@id\":\"https:\/\/www.carideal.com\/blog\/#website\",\"url\":\"https:\/\/www.carideal.com\/blog\/\",\"name\":\"Blog auto Carid\u00e9al\",\"description\":\"Actualit\u00e9 auto par des passionn\u00e9s\",\"publisher\":{\"@id\":\"https:\/\/www.carideal.com\/blog\/#organization\"},\"potentialAction\":[{\"@type\":\"SearchAction\",\"target\":{\"@type\":\"EntryPoint\",\"urlTemplate\":\"https:\/\/www.carideal.com\/blog\/?s={search_term_string}\"},\"query-input\":{\"@type\":\"PropertyValueSpecification\",\"valueRequired\":true,\"valueName\":\"search_term_string\"}}],\"inLanguage\":\"fr-FR\"},{\"@type\":\"Organization\",\"@id\":\"https:\/\/www.carideal.com\/blog\/#organization\",\"name\":\"Carideal\",\"url\":\"https:\/\/www.carideal.com\/blog\/\",\"logo\":{\"@type\":\"ImageObject\",\"inLanguage\":\"fr-FR\",\"@id\":\"https:\/\/www.carideal.com\/blog\/#\/schema\/logo\/image\/\",\"url\":\"http:\/\/www.carideal.com\/blog\/wp-content\/uploads\/2016\/03\/logo-carideal-mandataire-automobile.png\",\"contentUrl\":\"http:\/\/www.carideal.com\/blog\/wp-content\/uploads\/2016\/03\/logo-carideal-mandataire-automobile.png\",\"width\":300,\"height\":300,\"caption\":\"Carideal\"},\"image\":{\"@id\":\"https:\/\/www.carideal.com\/blog\/#\/schema\/logo\/image\/\"},\"sameAs\":[\"https:\/\/www.facebook.com\/Carideal.mandataire.automobile\",\"https:\/\/x.com\/caridealauto\",\"https:\/\/www.instagram.com\/carideal1\/\",\"https:\/\/www.linkedin.com\/company\/carideal.com\",\"https:\/\/fr.pinterest.com\/schiavonsas\/\",\"https:\/\/www.youtube.com\/user\/caridealsas\"]},{\"@type\":\"Person\",\"@id\":\"https:\/\/www.carideal.com\/blog\/#\/schema\/person\/cd95dc7919660de90d31b366f85be1ec\",\"name\":\"Nicolas SCHIAVON\",\"image\":{\"@type\":\"ImageObject\",\"inLanguage\":\"fr-FR\",\"@id\":\"https:\/\/www.carideal.com\/blog\/#\/schema\/person\/image\/\",\"url\":\"https:\/\/secure.gravatar.com\/avatar\/c17e55009e671d92cc7f5dc837dc418a?s=96&r=g\",\"contentUrl\":\"https:\/\/secure.gravatar.com\/avatar\/c17e55009e671d92cc7f5dc837dc418a?s=96&r=g\",\"caption\":\"Nicolas SCHIAVON\"},\"description\":\"Nicolas Schiavon est tomb\u00e9 tout petit dans la marmite automobile. Ayant eu un garage de marque automobile, mandataire automobile de la premi\u00e8re heure d\u00e8s 1999. Nicolas a cr\u00e9\u00e9 ces premiers sites de vente de voiture et blog automobile d\u00e8s 1994. Carideal est n\u00e9 le 15 d\u00e9cembre 2000 de la volont\u00e9 de vendre des voitures d'occasions en ligne puis des voitures neuves. Il a pu essayer beaucoup de voitures tr\u00e8s diff\u00e9rentes et ayant eu personnellement quelques belles autos, Subaru Impreza, Mitsubishi Lancer Evo 7, Porsche 911, Ferrari Testarrossa, Audi RS3, RS4 et j'en passe...\",\"sameAs\":[\"http:\/\/www.carideal.com\",\"https:\/\/www.facebook.com\/nicolas.schiavon.39\",\"https:\/\/www.instagram.com\/carideal1\/\",\"https:\/\/www.linkedin.com\/in\/nschiavon\/\",\"https:\/\/x.com\/caridealauto\",\"https:\/\/www.youtube.com\/user\/caridealsas\/\"],\"url\":\"https:\/\/www.carideal.com\/blog\/author\/nschiavon\/\"}]}<\/script>\n<!-- \/ Yoast SEO plugin. -->","yoast_head_json":{"title":"Crossover DS compact en 2018 - Blog auto Carid\u00e9al","description":"DS pr\u00e9pare un nouveau mod\u00e8le Crossover DS 3 urbain pour concurrencer\u00a0le MINI Countryman ou autre Audi sur le segment porteur des SUV","robots":{"index":"index","follow":"follow","max-snippet":"max-snippet:-1","max-image-preview":"max-image-preview:large","max-video-preview":"max-video-preview:-1"},"canonical":"https:\/\/www.carideal.com\/blog\/2015\/12\/03\/un-nouveau-crossover-compact-pour-ds-en-2018\/","og_locale":"fr_FR","og_type":"article","og_title":"Crossover DS compact en 2018 - Blog auto Carid\u00e9al","og_description":"DS pr\u00e9pare un nouveau mod\u00e8le Crossover DS 3 urbain pour concurrencer\u00a0le MINI Countryman ou autre Audi sur le segment porteur des SUV","og_url":"https:\/\/www.carideal.com\/blog\/2015\/12\/03\/un-nouveau-crossover-compact-pour-ds-en-2018\/","og_site_name":"Blog auto Carid\u00e9al","article_publisher":"https:\/\/www.facebook.com\/Carideal.mandataire.automobile","article_author":"https:\/\/www.facebook.com\/nicolas.schiavon.39","article_published_time":"2015-12-03T07:38:47+00:00","article_modified_time":"2020-03-08T17:38:12+00:00","og_image":[{"url":"http:\/\/www.carideal.com\/blog\/wp-content\/uploads\/2015\/12\/ds-3-suv-carideal-300x213.jpg","type":"","width":"","height":""}],"author":"Nicolas SCHIAVON","twitter_card":"summary_large_image","twitter_creator":"@caridealauto","twitter_site":"@caridealauto","twitter_misc":{"\u00c9crit par":"Nicolas SCHIAVON","Dur\u00e9e de lecture estim\u00e9e":"2 minutes"},"schema":{"@context":"https:\/\/schema.org","@graph":[{"@type":"Article","@id":"https:\/\/www.carideal.com\/blog\/2015\/12\/03\/un-nouveau-crossover-compact-pour-ds-en-2018\/#article","isPartOf":{"@id":"https:\/\/www.carideal.com\/blog\/2015\/12\/03\/un-nouveau-crossover-compact-pour-ds-en-2018\/"},"author":{"name":"Nicolas SCHIAVON","@id":"https:\/\/www.carideal.com\/blog\/#\/schema\/person\/cd95dc7919660de90d31b366f85be1ec"},"headline":"Crossover DS compact en 2018","datePublished":"2015-12-03T07:38:47+00:00","dateModified":"2020-03-08T17:38:12+00:00","mainEntityOfPage":{"@id":"https:\/\/www.carideal.com\/blog\/2015\/12\/03\/un-nouveau-crossover-compact-pour-ds-en-2018\/"},"wordCount":472,"commentCount":0,"publisher":{"@id":"https:\/\/www.carideal.com\/blog\/#organization"},"image":{"@id":"https:\/\/www.carideal.com\/blog\/2015\/12\/03\/un-nouveau-crossover-compact-pour-ds-en-2018\/#primaryimage"},"thumbnailUrl":"http:\/\/www.carideal.com\/blog\/wp-content\/uploads\/2015\/12\/ds-3-suv-carideal-300x213.jpg","articleSection":["Actualit\u00e9 automobile","Actualit\u00e9 Citroen","Actualit\u00e9 Constructeur automobile","Actualit\u00e9 DS","Concept car","Type de v\u00e9hicule"],"inLanguage":"fr-FR","potentialAction":[{"@type":"CommentAction","name":"Comment","target":["https:\/\/www.carideal.com\/blog\/2015\/12\/03\/un-nouveau-crossover-compact-pour-ds-en-2018\/#respond"]}]},{"@type":"WebPage","@id":"https:\/\/www.carideal.com\/blog\/2015\/12\/03\/un-nouveau-crossover-compact-pour-ds-en-2018\/","url":"https:\/\/www.carideal.com\/blog\/2015\/12\/03\/un-nouveau-crossover-compact-pour-ds-en-2018\/","name":"Crossover DS compact en 2018 - Blog auto Carid\u00e9al","isPartOf":{"@id":"https:\/\/www.carideal.com\/blog\/#website"},"primaryImageOfPage":{"@id":"https:\/\/www.carideal.com\/blog\/2015\/12\/03\/un-nouveau-crossover-compact-pour-ds-en-2018\/#primaryimage"},"image":{"@id":"https:\/\/www.carideal.com\/blog\/2015\/12\/03\/un-nouveau-crossover-compact-pour-ds-en-2018\/#primaryimage"},"thumbnailUrl":"http:\/\/www.carideal.com\/blog\/wp-content\/uploads\/2015\/12\/ds-3-suv-carideal-300x213.jpg","datePublished":"2015-12-03T07:38:47+00:00","dateModified":"2020-03-08T17:38:12+00:00","description":"DS pr\u00e9pare un nouveau mod\u00e8le Crossover DS 3 urbain pour concurrencer\u00a0le MINI Countryman ou autre Audi sur le segment porteur des SUV","breadcrumb":{"@id":"https:\/\/www.carideal.com\/blog\/2015\/12\/03\/un-nouveau-crossover-compact-pour-ds-en-2018\/#breadcrumb"},"inLanguage":"fr-FR","potentialAction":[{"@type":"ReadAction","target":["https:\/\/www.carideal.com\/blog\/2015\/12\/03\/un-nouveau-crossover-compact-pour-ds-en-2018\/"]}]},{"@type":"ImageObject","inLanguage":"fr-FR","@id":"https:\/\/www.carideal.com\/blog\/2015\/12\/03\/un-nouveau-crossover-compact-pour-ds-en-2018\/#primaryimage","url":"http:\/\/www.carideal.com\/blog\/wp-content\/uploads\/2015\/12\/ds-3-suv-carideal-300x213.jpg","contentUrl":"http:\/\/www.carideal.com\/blog\/wp-content\/uploads\/2015\/12\/ds-3-suv-carideal-300x213.jpg"},{"@type":"BreadcrumbList","@id":"https:\/\/www.carideal.com\/blog\/2015\/12\/03\/un-nouveau-crossover-compact-pour-ds-en-2018\/#breadcrumb","itemListElement":[{"@type":"ListItem","position":1,"name":"Blog Carid\u00e9al","item":"https:\/\/www.carideal.com\/blog\/"},{"@type":"ListItem","position":2,"name":"Actualit\u00e9 constructeur automobile","item":"https:\/\/www.carideal.com\/blog\/constructeur\/"},{"@type":"ListItem","position":3,"name":"Actualit\u00e9 DS","item":"https:\/\/www.carideal.com\/blog\/constructeur\/ds\/"},{"@type":"ListItem","position":4,"name":"Crossover DS compact en 2018"}]},{"@type":"WebSite","@id":"https:\/\/www.carideal.com\/blog\/#website","url":"https:\/\/www.carideal.com\/blog\/","name":"Blog auto Carid\u00e9al","description":"Actualit\u00e9 auto par des passionn\u00e9s","publisher":{"@id":"https:\/\/www.carideal.com\/blog\/#organization"},"potentialAction":[{"@type":"SearchAction","target":{"@type":"EntryPoint","urlTemplate":"https:\/\/www.carideal.com\/blog\/?s={search_term_string}"},"query-input":{"@type":"PropertyValueSpecification","valueRequired":true,"valueName":"search_term_string"}}],"inLanguage":"fr-FR"},{"@type":"Organization","@id":"https:\/\/www.carideal.com\/blog\/#organization","name":"Carideal","url":"https:\/\/www.carideal.com\/blog\/","logo":{"@type":"ImageObject","inLanguage":"fr-FR","@id":"https:\/\/www.carideal.com\/blog\/#\/schema\/logo\/image\/","url":"http:\/\/www.carideal.com\/blog\/wp-content\/uploads\/2016\/03\/logo-carideal-mandataire-automobile.png","contentUrl":"http:\/\/www.carideal.com\/blog\/wp-content\/uploads\/2016\/03\/logo-carideal-mandataire-automobile.png","width":300,"height":300,"caption":"Carideal"},"image":{"@id":"https:\/\/www.carideal.com\/blog\/#\/schema\/logo\/image\/"},"sameAs":["https:\/\/www.facebook.com\/Carideal.mandataire.automobile","https:\/\/x.com\/caridealauto","https:\/\/www.instagram.com\/carideal1\/","https:\/\/www.linkedin.com\/company\/carideal.com","https:\/\/fr.pinterest.com\/schiavonsas\/","https:\/\/www.youtube.com\/user\/caridealsas"]},{"@type":"Person","@id":"https:\/\/www.carideal.com\/blog\/#\/schema\/person\/cd95dc7919660de90d31b366f85be1ec","name":"Nicolas SCHIAVON","image":{"@type":"ImageObject","inLanguage":"fr-FR","@id":"https:\/\/www.carideal.com\/blog\/#\/schema\/person\/image\/","url":"https:\/\/secure.gravatar.com\/avatar\/c17e55009e671d92cc7f5dc837dc418a?s=96&r=g","contentUrl":"https:\/\/secure.gravatar.com\/avatar\/c17e55009e671d92cc7f5dc837dc418a?s=96&r=g","caption":"Nicolas SCHIAVON"},"description":"Nicolas Schiavon est tomb\u00e9 tout petit dans la marmite automobile. Ayant eu un garage de marque automobile, mandataire automobile de la premi\u00e8re heure d\u00e8s 1999. Nicolas a cr\u00e9\u00e9 ces premiers sites de vente de voiture et blog automobile d\u00e8s 1994. Carideal est n\u00e9 le 15 d\u00e9cembre 2000 de la volont\u00e9 de vendre des voitures d'occasions en ligne puis des voitures neuves. Il a pu essayer beaucoup de voitures tr\u00e8s diff\u00e9rentes et ayant eu personnellement quelques belles autos, Subaru Impreza, Mitsubishi Lancer Evo 7, Porsche 911, Ferrari Testarrossa, Audi RS3, RS4 et j'en passe...","sameAs":["http:\/\/www.carideal.com","https:\/\/www.facebook.com\/nicolas.schiavon.39","https:\/\/www.instagram.com\/carideal1\/","https:\/\/www.linkedin.com\/in\/nschiavon\/","https:\/\/x.com\/caridealauto","https:\/\/www.youtube.com\/user\/caridealsas\/"],"url":"https:\/\/www.carideal.com\/blog\/author\/nschiavon\/"}]}},"uagb_featured_image_src":{"full":false,"thumbnail":false,"medium":false,"medium_large":false,"large":false,"1536x1536":false,"2048x2048":false,"wppr-widget":false},"uagb_author_info":{"display_name":"Nicolas SCHIAVON","author_link":"https:\/\/www.carideal.com\/blog\/author\/nschiavon\/"},"uagb_comment_info":0,"uagb_excerpt":"DS pr\u00e9pare un nouveau mod\u00e8le Crossover DS 3 pour concurrencer\u00a0le MINI Countryman La marche en avant\u00a0\u00a0de la marque DS continue, et de nouveau mod\u00e8le haut de gamme vont arriver\u00a0dans la gamme. Les DS3, DS4 et DS5 ont toutes \u00e9t\u00e9 remani\u00e9es\u00a0en\u00a02015, mais le prochain \u00e0\u00a0l'ordre du jour pour est un SUV Crossover sur la base de\u2026","_links":{"self":[{"href":"https:\/\/www.carideal.com\/blog\/wp-json\/wp\/v2\/posts\/8291"}],"collection":[{"href":"https:\/\/www.carideal.com\/blog\/wp-json\/wp\/v2\/posts"}],"about":[{"href":"https:\/\/www.carideal.com\/blog\/wp-json\/wp\/v2\/types\/post"}],"author":[{"embeddable":true,"href":"https:\/\/www.carideal.com\/blog\/wp-json\/wp\/v2\/users\/3"}],"replies":[{"embeddable":true,"href":"https:\/\/www.carideal.com\/blog\/wp-json\/wp\/v2\/comments?post=8291"}],"version-history":[{"count":0,"href":"https:\/\/www.carideal.com\/blog\/wp-json\/wp\/v2\/posts\/8291\/revisions"}],"wp:attachment":[{"href":"https:\/\/www.carideal.com\/blog\/wp-json\/wp\/v2\/media?parent=8291"}],"wp:term":[{"taxonomy":"category","embeddable":true,"href":"https:\/\/www.carideal.com\/blog\/wp-json\/wp\/v2\/categories?post=8291"},{"taxonomy":"post_tag","embeddable":true,"href":"https:\/\/www.carideal.com\/blog\/wp-json\/wp\/v2\/tags?post=8291"}],"curies":[{"name":"wp","href":"https:\/\/api.w.org\/{rel}","templated":true}]}}