{"id":8281,"date":"2015-12-02T16:51:55","date_gmt":"2015-12-02T15:51:55","guid":{"rendered":"http:\/\/www.carideal.com\/blog\/?p=8281"},"modified":"2020-03-07T16:34:39","modified_gmt":"2020-03-07T15:34:39","slug":"achat-fiat-scudo-d-occasion-pas-cher-9-places","status":"publish","type":"post","link":"https:\/\/www.carideal.com\/blog\/2015\/12\/02\/achat-fiat-scudo-d-occasion-pas-cher-9-places\/","title":{"rendered":"Achat Fiat Scudo d occasion pas cher 9 places"},"content":{"rendered":"<h1><strong>Achat Fiat Scudo d'occasion diesel pas cher en version 9 places<\/strong><\/h1>\n<figure id=\"attachment_8284\" aria-describedby=\"caption-attachment-8284\" style=\"width: 290px\" class=\"wp-caption alignnone\"><a href=\"http:\/\/www.carideal.com\/blog\/wp-content\/uploads\/2015\/12\/Fiat-Scudo-Panorama-achat-mandataire-automobile-1.png\"><img loading=\"lazy\" decoding=\"async\" class=\"wp-image-8284 size-medium\" title=\"Achat Fiat Scudo occasion panorama 9 places\" src=\"http:\/\/www.carideal.com\/blog\/wp-content\/uploads\/2015\/12\/Fiat-Scudo-Panorama-achat-mandataire-automobile-1-300x208.png\" alt=\"Achat Fiat Scudo Combi Panorama 9 places\" width=\"300\" height=\"208\" srcset=\"https:\/\/www.carideal.com\/blog\/wp-content\/uploads\/2015\/12\/Fiat-Scudo-Panorama-achat-mandataire-automobile-1-300x208.png 300w, https:\/\/www.carideal.com\/blog\/wp-content\/uploads\/2015\/12\/Fiat-Scudo-Panorama-achat-mandataire-automobile-1.png 520w\" sizes=\"(max-width: 300px) 100vw, 300px\" \/><\/a><figcaption id=\"caption-attachment-8284\" class=\"wp-caption-text\">Achat Fiat Scudo Combi Panorama 9 places<\/figcaption><\/figure>\n<p>Les familles nombreuses sont toujours \u00e0 la recherche de <span style=\"text-decoration: underline;\">Combi 9 places d'occasions<\/span> pour y loger leurs enfants, leur copains et leurs affaires.\u00a0Ils ont ont le choix entre plusieurs marques mais l'offre n'est pas l\u00e9gion sur le march\u00e9 du v\u00e9hicule d'occasion et le <strong>Fiat Scudo Panorama 9 places<\/strong> en fait parti.<\/p>\n<p>L'achat\u00a0<a href=\"http:\/\/www.carideal.com\/725-scudo-panorama\">Fiat Scudo<\/a> Panorama 9 places d'occasion pas cher n'est pas ais\u00e9 car l'offre est rare et les v\u00e9hicules sont recherch\u00e9s.<\/p>\n<p>Nous avons 3 Fiat Scudo Panorama d'occasion en Stock en Arrivage Fournisseur :<\/p>\n<h2><strong>ACHAT FIAT SCUDO PANORAMA COMBI EXECUTIVE\u00a0OCCASION<\/strong><\/h2>\n<p>685\/GRIS ALU et Autres<br \/>\nDIESEL - JTD 2000<br \/>\n130cv - CO2 : 183<br \/>\nBo\u00eete de vitesse : 6 v<br \/>\nPortes : 5<br \/>\nAnn\u00e9e de fabrication : 05\/03\/2014 \u00a031723 KM<\/p>\n<p><strong>PRIX:\u00a0\u00a020 400,00 \u20ac TTC<\/strong><\/p>\n<h3>Achat Fiat Scudo Panorama d'occasion : ses \u00e9quipements<\/h3>\n<p>4 airbags - abs - allumage automatique des phares - clim auto - detecteur de pluie - direction assist\u00e9 - esp - feux antibrouillards - interieur velours - jantes alliage 16 - porte laterale droite coulissante - radar de recu l arri\u00e8re - radio cd - r\u00e9gulateur de vitesse - retro rabattables electriques - r\u00e9troviseur \u00e9lectriques - syst\u00e8me de surveillance de pression des pneus - vitres electriques avant - vitres surteint\u00e9es \/\/ 2 portes laterales coullisantes - 3 sieges sep rang 2 - 9 places - peinture metalis\u00e9e - roue de secours<br \/>\nRemarque:\u00a03 en stock<\/p>\n<p>Le Fiat Scudo Panorama 9 places d'occasion est r\u00e9vis\u00e9 et garantie suivant nos standards. Lors de l'achat du Fiat Scudo d'occasion vous pourrez choisir une <span style=\"text-decoration: underline;\"><a href=\"http:\/\/www.carideal.com\/content\/7-extension-garantie\">extension de garantie<\/a><\/span> et nous saurons vous conseiller pour un <span style=\"text-decoration: underline;\"><a href=\"http:\/\/www.carideal.com\/blog\/2008\/11\/27\/nouveau-bareme-financement-2-92\/\">financement automobile<\/a><\/span>.<\/p>\n<p>Vous pourrez trouver sur notre blog\u00a0les informations relatives aux\u00a0carat\u00e9ristiques techniques, du <span style=\"text-decoration: underline;\">Fiat Combi<\/span> 9 places d'occasion et neuf, les essais du Fiat Scudo et \u00e9ventuellement les comparatifs. Vous trouverez sur ce lien toutes les r\u00e9ponses \u00e0 vos <span style=\"text-decoration: underline;\"><a href=\"http:\/\/www.carideal.com\/content\/6-questions-frequentes\">questions les plus fr\u00e9quentes lors de l'achat<\/a><\/span> de notre Fiat Scudo d'occasion. Vous pourrez laisser un avis sur sa fiche produit.<\/p>\n<p>&nbsp;<\/p>\n","protected":false},"excerpt":{"rendered":"<p>Achat Fiat Scudo d&rsquo;occasion diesel pas cher en version 9 places Les familles nombreuses sont toujours \u00e0 la recherche de Combi 9 places d&rsquo;occasions pour y loger leurs enfants, leur copains et leurs affaires.\u00a0Ils ont ont le choix entre plusieurs marques mais l&rsquo;offre n&rsquo;est pas l\u00e9gion sur le march\u00e9 du v\u00e9hicule d&rsquo;occasion et le Fiat &#8230; <a title=\"Achat Fiat Scudo d occasion pas cher 9 places\" class=\"read-more\" href=\"https:\/\/www.carideal.com\/blog\/2015\/12\/02\/achat-fiat-scudo-d-occasion-pas-cher-9-places\/\" aria-label=\"En savoir plus sur Achat Fiat Scudo d occasion pas cher 9 places\">Lire plus<\/a><\/p>\n","protected":false},"author":3,"featured_media":0,"comment_status":"open","ping_status":"open","sticky":false,"template":"","format":"standard","meta":{"_uag_custom_page_level_css":"","_themeisle_gutenberg_block_has_review":false,"footnotes":""},"categories":[5944,5980,6193,7,6025,5974],"tags":[],"class_list":["post-8281","post","type-post","status-publish","format-standard","hentry","category-constructeur","category-fiat","category-actualite-fiat-scudo","category-voiture-arrivage-stocks","category-occasion-type-de-vehicule-type-de-vehicule","category-type-de-vehicule"],"wppr_data":{"cwp_meta_box_check":"No"},"yoast_head":"<!-- This site is optimized with the Yoast SEO plugin v24.8.1 - https:\/\/yoast.com\/wordpress\/plugins\/seo\/ -->\n<title>Achat Fiat Scudo d occasion pas cher 9 places - Blog auto Carid\u00e9al<\/title>\n<meta name=\"description\" content=\"Achat Fiat Scudo occasion panorama 9 places pas cher en stock r\u00e9vis\u00e9 et garanti avec carideal mandataire automobile sp\u00e9cialiste des voitures d&#039;occasions\" \/>\n<meta name=\"robots\" content=\"index, follow, max-snippet:-1, max-image-preview:large, max-video-preview:-1\" \/>\n<link rel=\"canonical\" href=\"https:\/\/www.carideal.com\/blog\/2015\/12\/02\/achat-fiat-scudo-d-occasion-pas-cher-9-places\/\" \/>\n<meta property=\"og:locale\" content=\"fr_FR\" \/>\n<meta property=\"og:type\" content=\"article\" \/>\n<meta property=\"og:title\" content=\"Achat Fiat Scudo d occasion pas cher 9 places - Blog auto Carid\u00e9al\" \/>\n<meta property=\"og:description\" content=\"Achat Fiat Scudo occasion panorama 9 places pas cher en stock r\u00e9vis\u00e9 et garanti avec carideal mandataire automobile sp\u00e9cialiste des voitures d&#039;occasions\" \/>\n<meta property=\"og:url\" content=\"https:\/\/www.carideal.com\/blog\/2015\/12\/02\/achat-fiat-scudo-d-occasion-pas-cher-9-places\/\" \/>\n<meta property=\"og:site_name\" content=\"Blog auto Carid\u00e9al\" \/>\n<meta property=\"article:publisher\" content=\"https:\/\/www.facebook.com\/Carideal.mandataire.automobile\" \/>\n<meta property=\"article:author\" content=\"https:\/\/www.facebook.com\/nicolas.schiavon.39\" \/>\n<meta property=\"article:published_time\" content=\"2015-12-02T15:51:55+00:00\" \/>\n<meta property=\"article:modified_time\" content=\"2020-03-07T15:34:39+00:00\" \/>\n<meta property=\"og:image\" content=\"http:\/\/www.carideal.com\/blog\/wp-content\/uploads\/2015\/12\/Fiat-Scudo-Panorama-achat-mandataire-automobile-1-300x208.png\" \/>\n<meta name=\"author\" content=\"Nicolas SCHIAVON\" \/>\n<meta name=\"twitter:card\" content=\"summary_large_image\" \/>\n<meta name=\"twitter:creator\" content=\"@caridealauto\" \/>\n<meta name=\"twitter:site\" content=\"@caridealauto\" \/>\n<meta name=\"twitter:label1\" content=\"\u00c9crit par\" \/>\n\t<meta name=\"twitter:data1\" content=\"Nicolas SCHIAVON\" \/>\n\t<meta name=\"twitter:label2\" content=\"Dur\u00e9e de lecture estim\u00e9e\" \/>\n\t<meta name=\"twitter:data2\" content=\"2 minutes\" \/>\n<script type=\"application\/ld+json\" class=\"yoast-schema-graph\">{\"@context\":\"https:\/\/schema.org\",\"@graph\":[{\"@type\":\"Article\",\"@id\":\"https:\/\/www.carideal.com\/blog\/2015\/12\/02\/achat-fiat-scudo-d-occasion-pas-cher-9-places\/#article\",\"isPartOf\":{\"@id\":\"https:\/\/www.carideal.com\/blog\/2015\/12\/02\/achat-fiat-scudo-d-occasion-pas-cher-9-places\/\"},\"author\":{\"name\":\"Nicolas SCHIAVON\",\"@id\":\"https:\/\/www.carideal.com\/blog\/#\/schema\/person\/cd95dc7919660de90d31b366f85be1ec\"},\"headline\":\"Achat Fiat Scudo d occasion pas cher 9 places\",\"datePublished\":\"2015-12-02T15:51:55+00:00\",\"dateModified\":\"2020-03-07T15:34:39+00:00\",\"mainEntityOfPage\":{\"@id\":\"https:\/\/www.carideal.com\/blog\/2015\/12\/02\/achat-fiat-scudo-d-occasion-pas-cher-9-places\/\"},\"wordCount\":345,\"commentCount\":0,\"publisher\":{\"@id\":\"https:\/\/www.carideal.com\/blog\/#organization\"},\"image\":{\"@id\":\"https:\/\/www.carideal.com\/blog\/2015\/12\/02\/achat-fiat-scudo-d-occasion-pas-cher-9-places\/#primaryimage\"},\"thumbnailUrl\":\"http:\/\/www.carideal.com\/blog\/wp-content\/uploads\/2015\/12\/Fiat-Scudo-Panorama-achat-mandataire-automobile-1-300x208.png\",\"articleSection\":[\"Actualit\u00e9 Constructeur automobile\",\"Actualit\u00e9 Fiat\",\"Actualit\u00e9 Fiat Scudo\",\"D\u00e9stockage voiture\",\"Essai Voiture Occasion\",\"Type de v\u00e9hicule\"],\"inLanguage\":\"fr-FR\",\"potentialAction\":[{\"@type\":\"CommentAction\",\"name\":\"Comment\",\"target\":[\"https:\/\/www.carideal.com\/blog\/2015\/12\/02\/achat-fiat-scudo-d-occasion-pas-cher-9-places\/#respond\"]}]},{\"@type\":\"WebPage\",\"@id\":\"https:\/\/www.carideal.com\/blog\/2015\/12\/02\/achat-fiat-scudo-d-occasion-pas-cher-9-places\/\",\"url\":\"https:\/\/www.carideal.com\/blog\/2015\/12\/02\/achat-fiat-scudo-d-occasion-pas-cher-9-places\/\",\"name\":\"Achat Fiat Scudo d occasion pas cher 9 places - Blog auto Carid\u00e9al\",\"isPartOf\":{\"@id\":\"https:\/\/www.carideal.com\/blog\/#website\"},\"primaryImageOfPage\":{\"@id\":\"https:\/\/www.carideal.com\/blog\/2015\/12\/02\/achat-fiat-scudo-d-occasion-pas-cher-9-places\/#primaryimage\"},\"image\":{\"@id\":\"https:\/\/www.carideal.com\/blog\/2015\/12\/02\/achat-fiat-scudo-d-occasion-pas-cher-9-places\/#primaryimage\"},\"thumbnailUrl\":\"http:\/\/www.carideal.com\/blog\/wp-content\/uploads\/2015\/12\/Fiat-Scudo-Panorama-achat-mandataire-automobile-1-300x208.png\",\"datePublished\":\"2015-12-02T15:51:55+00:00\",\"dateModified\":\"2020-03-07T15:34:39+00:00\",\"description\":\"Achat Fiat Scudo occasion panorama 9 places pas cher en stock r\u00e9vis\u00e9 et garanti avec carideal mandataire automobile sp\u00e9cialiste des voitures d'occasions\",\"breadcrumb\":{\"@id\":\"https:\/\/www.carideal.com\/blog\/2015\/12\/02\/achat-fiat-scudo-d-occasion-pas-cher-9-places\/#breadcrumb\"},\"inLanguage\":\"fr-FR\",\"potentialAction\":[{\"@type\":\"ReadAction\",\"target\":[\"https:\/\/www.carideal.com\/blog\/2015\/12\/02\/achat-fiat-scudo-d-occasion-pas-cher-9-places\/\"]}]},{\"@type\":\"ImageObject\",\"inLanguage\":\"fr-FR\",\"@id\":\"https:\/\/www.carideal.com\/blog\/2015\/12\/02\/achat-fiat-scudo-d-occasion-pas-cher-9-places\/#primaryimage\",\"url\":\"http:\/\/www.carideal.com\/blog\/wp-content\/uploads\/2015\/12\/Fiat-Scudo-Panorama-achat-mandataire-automobile-1-300x208.png\",\"contentUrl\":\"http:\/\/www.carideal.com\/blog\/wp-content\/uploads\/2015\/12\/Fiat-Scudo-Panorama-achat-mandataire-automobile-1-300x208.png\"},{\"@type\":\"BreadcrumbList\",\"@id\":\"https:\/\/www.carideal.com\/blog\/2015\/12\/02\/achat-fiat-scudo-d-occasion-pas-cher-9-places\/#breadcrumb\",\"itemListElement\":[{\"@type\":\"ListItem\",\"position\":1,\"name\":\"Blog Carid\u00e9al\",\"item\":\"https:\/\/www.carideal.com\/blog\/\"},{\"@type\":\"ListItem\",\"position\":2,\"name\":\"Actualit\u00e9 constructeur automobile\",\"item\":\"https:\/\/www.carideal.com\/blog\/constructeur\/\"},{\"@type\":\"ListItem\",\"position\":3,\"name\":\"Actualit\u00e9 Fiat\",\"item\":\"https:\/\/www.carideal.com\/blog\/constructeur\/fiat\/\"},{\"@type\":\"ListItem\",\"position\":4,\"name\":\"Actualit\u00e9 Fiat Scudo\",\"item\":\"https:\/\/www.carideal.com\/blog\/constructeur\/fiat\/actualite-fiat-scudo\/\"},{\"@type\":\"ListItem\",\"position\":5,\"name\":\"Achat Fiat Scudo d occasion pas cher 9 places\"}]},{\"@type\":\"WebSite\",\"@id\":\"https:\/\/www.carideal.com\/blog\/#website\",\"url\":\"https:\/\/www.carideal.com\/blog\/\",\"name\":\"Blog auto Carid\u00e9al\",\"description\":\"Actualit\u00e9 auto par des passionn\u00e9s\",\"publisher\":{\"@id\":\"https:\/\/www.carideal.com\/blog\/#organization\"},\"potentialAction\":[{\"@type\":\"SearchAction\",\"target\":{\"@type\":\"EntryPoint\",\"urlTemplate\":\"https:\/\/www.carideal.com\/blog\/?s={search_term_string}\"},\"query-input\":{\"@type\":\"PropertyValueSpecification\",\"valueRequired\":true,\"valueName\":\"search_term_string\"}}],\"inLanguage\":\"fr-FR\"},{\"@type\":\"Organization\",\"@id\":\"https:\/\/www.carideal.com\/blog\/#organization\",\"name\":\"Carideal\",\"url\":\"https:\/\/www.carideal.com\/blog\/\",\"logo\":{\"@type\":\"ImageObject\",\"inLanguage\":\"fr-FR\",\"@id\":\"https:\/\/www.carideal.com\/blog\/#\/schema\/logo\/image\/\",\"url\":\"http:\/\/www.carideal.com\/blog\/wp-content\/uploads\/2016\/03\/logo-carideal-mandataire-automobile.png\",\"contentUrl\":\"http:\/\/www.carideal.com\/blog\/wp-content\/uploads\/2016\/03\/logo-carideal-mandataire-automobile.png\",\"width\":300,\"height\":300,\"caption\":\"Carideal\"},\"image\":{\"@id\":\"https:\/\/www.carideal.com\/blog\/#\/schema\/logo\/image\/\"},\"sameAs\":[\"https:\/\/www.facebook.com\/Carideal.mandataire.automobile\",\"https:\/\/x.com\/caridealauto\",\"https:\/\/www.instagram.com\/carideal1\/\",\"https:\/\/www.linkedin.com\/company\/carideal.com\",\"https:\/\/fr.pinterest.com\/schiavonsas\/\",\"https:\/\/www.youtube.com\/user\/caridealsas\"]},{\"@type\":\"Person\",\"@id\":\"https:\/\/www.carideal.com\/blog\/#\/schema\/person\/cd95dc7919660de90d31b366f85be1ec\",\"name\":\"Nicolas SCHIAVON\",\"image\":{\"@type\":\"ImageObject\",\"inLanguage\":\"fr-FR\",\"@id\":\"https:\/\/www.carideal.com\/blog\/#\/schema\/person\/image\/\",\"url\":\"https:\/\/secure.gravatar.com\/avatar\/c17e55009e671d92cc7f5dc837dc418a?s=96&r=g\",\"contentUrl\":\"https:\/\/secure.gravatar.com\/avatar\/c17e55009e671d92cc7f5dc837dc418a?s=96&r=g\",\"caption\":\"Nicolas SCHIAVON\"},\"description\":\"Nicolas Schiavon est tomb\u00e9 tout petit dans la marmite automobile. Ayant eu un garage de marque automobile, mandataire automobile de la premi\u00e8re heure d\u00e8s 1999. Nicolas a cr\u00e9\u00e9 ces premiers sites de vente de voiture et blog automobile d\u00e8s 1994. Carideal est n\u00e9 le 15 d\u00e9cembre 2000 de la volont\u00e9 de vendre des voitures d'occasions en ligne puis des voitures neuves. Il a pu essayer beaucoup de voitures tr\u00e8s diff\u00e9rentes et ayant eu personnellement quelques belles autos, Subaru Impreza, Mitsubishi Lancer Evo 7, Porsche 911, Ferrari Testarrossa, Audi RS3, RS4 et j'en passe...\",\"sameAs\":[\"http:\/\/www.carideal.com\",\"https:\/\/www.facebook.com\/nicolas.schiavon.39\",\"https:\/\/www.instagram.com\/carideal1\/\",\"https:\/\/www.linkedin.com\/in\/nschiavon\/\",\"https:\/\/x.com\/caridealauto\",\"https:\/\/www.youtube.com\/user\/caridealsas\/\"],\"url\":\"https:\/\/www.carideal.com\/blog\/author\/nschiavon\/\"}]}<\/script>\n<!-- \/ Yoast SEO plugin. -->","yoast_head_json":{"title":"Achat Fiat Scudo d occasion pas cher 9 places - Blog auto Carid\u00e9al","description":"Achat Fiat Scudo occasion panorama 9 places pas cher en stock r\u00e9vis\u00e9 et garanti avec carideal mandataire automobile sp\u00e9cialiste des voitures d'occasions","robots":{"index":"index","follow":"follow","max-snippet":"max-snippet:-1","max-image-preview":"max-image-preview:large","max-video-preview":"max-video-preview:-1"},"canonical":"https:\/\/www.carideal.com\/blog\/2015\/12\/02\/achat-fiat-scudo-d-occasion-pas-cher-9-places\/","og_locale":"fr_FR","og_type":"article","og_title":"Achat Fiat Scudo d occasion pas cher 9 places - Blog auto Carid\u00e9al","og_description":"Achat Fiat Scudo occasion panorama 9 places pas cher en stock r\u00e9vis\u00e9 et garanti avec carideal mandataire automobile sp\u00e9cialiste des voitures d'occasions","og_url":"https:\/\/www.carideal.com\/blog\/2015\/12\/02\/achat-fiat-scudo-d-occasion-pas-cher-9-places\/","og_site_name":"Blog auto Carid\u00e9al","article_publisher":"https:\/\/www.facebook.com\/Carideal.mandataire.automobile","article_author":"https:\/\/www.facebook.com\/nicolas.schiavon.39","article_published_time":"2015-12-02T15:51:55+00:00","article_modified_time":"2020-03-07T15:34:39+00:00","og_image":[{"url":"http:\/\/www.carideal.com\/blog\/wp-content\/uploads\/2015\/12\/Fiat-Scudo-Panorama-achat-mandataire-automobile-1-300x208.png","type":"","width":"","height":""}],"author":"Nicolas SCHIAVON","twitter_card":"summary_large_image","twitter_creator":"@caridealauto","twitter_site":"@caridealauto","twitter_misc":{"\u00c9crit par":"Nicolas SCHIAVON","Dur\u00e9e de lecture estim\u00e9e":"2 minutes"},"schema":{"@context":"https:\/\/schema.org","@graph":[{"@type":"Article","@id":"https:\/\/www.carideal.com\/blog\/2015\/12\/02\/achat-fiat-scudo-d-occasion-pas-cher-9-places\/#article","isPartOf":{"@id":"https:\/\/www.carideal.com\/blog\/2015\/12\/02\/achat-fiat-scudo-d-occasion-pas-cher-9-places\/"},"author":{"name":"Nicolas SCHIAVON","@id":"https:\/\/www.carideal.com\/blog\/#\/schema\/person\/cd95dc7919660de90d31b366f85be1ec"},"headline":"Achat Fiat Scudo d occasion pas cher 9 places","datePublished":"2015-12-02T15:51:55+00:00","dateModified":"2020-03-07T15:34:39+00:00","mainEntityOfPage":{"@id":"https:\/\/www.carideal.com\/blog\/2015\/12\/02\/achat-fiat-scudo-d-occasion-pas-cher-9-places\/"},"wordCount":345,"commentCount":0,"publisher":{"@id":"https:\/\/www.carideal.com\/blog\/#organization"},"image":{"@id":"https:\/\/www.carideal.com\/blog\/2015\/12\/02\/achat-fiat-scudo-d-occasion-pas-cher-9-places\/#primaryimage"},"thumbnailUrl":"http:\/\/www.carideal.com\/blog\/wp-content\/uploads\/2015\/12\/Fiat-Scudo-Panorama-achat-mandataire-automobile-1-300x208.png","articleSection":["Actualit\u00e9 Constructeur automobile","Actualit\u00e9 Fiat","Actualit\u00e9 Fiat Scudo","D\u00e9stockage voiture","Essai Voiture Occasion","Type de v\u00e9hicule"],"inLanguage":"fr-FR","potentialAction":[{"@type":"CommentAction","name":"Comment","target":["https:\/\/www.carideal.com\/blog\/2015\/12\/02\/achat-fiat-scudo-d-occasion-pas-cher-9-places\/#respond"]}]},{"@type":"WebPage","@id":"https:\/\/www.carideal.com\/blog\/2015\/12\/02\/achat-fiat-scudo-d-occasion-pas-cher-9-places\/","url":"https:\/\/www.carideal.com\/blog\/2015\/12\/02\/achat-fiat-scudo-d-occasion-pas-cher-9-places\/","name":"Achat Fiat Scudo d occasion pas cher 9 places - Blog auto Carid\u00e9al","isPartOf":{"@id":"https:\/\/www.carideal.com\/blog\/#website"},"primaryImageOfPage":{"@id":"https:\/\/www.carideal.com\/blog\/2015\/12\/02\/achat-fiat-scudo-d-occasion-pas-cher-9-places\/#primaryimage"},"image":{"@id":"https:\/\/www.carideal.com\/blog\/2015\/12\/02\/achat-fiat-scudo-d-occasion-pas-cher-9-places\/#primaryimage"},"thumbnailUrl":"http:\/\/www.carideal.com\/blog\/wp-content\/uploads\/2015\/12\/Fiat-Scudo-Panorama-achat-mandataire-automobile-1-300x208.png","datePublished":"2015-12-02T15:51:55+00:00","dateModified":"2020-03-07T15:34:39+00:00","description":"Achat Fiat Scudo occasion panorama 9 places pas cher en stock r\u00e9vis\u00e9 et garanti avec carideal mandataire automobile sp\u00e9cialiste des voitures d'occasions","breadcrumb":{"@id":"https:\/\/www.carideal.com\/blog\/2015\/12\/02\/achat-fiat-scudo-d-occasion-pas-cher-9-places\/#breadcrumb"},"inLanguage":"fr-FR","potentialAction":[{"@type":"ReadAction","target":["https:\/\/www.carideal.com\/blog\/2015\/12\/02\/achat-fiat-scudo-d-occasion-pas-cher-9-places\/"]}]},{"@type":"ImageObject","inLanguage":"fr-FR","@id":"https:\/\/www.carideal.com\/blog\/2015\/12\/02\/achat-fiat-scudo-d-occasion-pas-cher-9-places\/#primaryimage","url":"http:\/\/www.carideal.com\/blog\/wp-content\/uploads\/2015\/12\/Fiat-Scudo-Panorama-achat-mandataire-automobile-1-300x208.png","contentUrl":"http:\/\/www.carideal.com\/blog\/wp-content\/uploads\/2015\/12\/Fiat-Scudo-Panorama-achat-mandataire-automobile-1-300x208.png"},{"@type":"BreadcrumbList","@id":"https:\/\/www.carideal.com\/blog\/2015\/12\/02\/achat-fiat-scudo-d-occasion-pas-cher-9-places\/#breadcrumb","itemListElement":[{"@type":"ListItem","position":1,"name":"Blog Carid\u00e9al","item":"https:\/\/www.carideal.com\/blog\/"},{"@type":"ListItem","position":2,"name":"Actualit\u00e9 constructeur automobile","item":"https:\/\/www.carideal.com\/blog\/constructeur\/"},{"@type":"ListItem","position":3,"name":"Actualit\u00e9 Fiat","item":"https:\/\/www.carideal.com\/blog\/constructeur\/fiat\/"},{"@type":"ListItem","position":4,"name":"Actualit\u00e9 Fiat Scudo","item":"https:\/\/www.carideal.com\/blog\/constructeur\/fiat\/actualite-fiat-scudo\/"},{"@type":"ListItem","position":5,"name":"Achat Fiat Scudo d occasion pas cher 9 places"}]},{"@type":"WebSite","@id":"https:\/\/www.carideal.com\/blog\/#website","url":"https:\/\/www.carideal.com\/blog\/","name":"Blog auto Carid\u00e9al","description":"Actualit\u00e9 auto par des passionn\u00e9s","publisher":{"@id":"https:\/\/www.carideal.com\/blog\/#organization"},"potentialAction":[{"@type":"SearchAction","target":{"@type":"EntryPoint","urlTemplate":"https:\/\/www.carideal.com\/blog\/?s={search_term_string}"},"query-input":{"@type":"PropertyValueSpecification","valueRequired":true,"valueName":"search_term_string"}}],"inLanguage":"fr-FR"},{"@type":"Organization","@id":"https:\/\/www.carideal.com\/blog\/#organization","name":"Carideal","url":"https:\/\/www.carideal.com\/blog\/","logo":{"@type":"ImageObject","inLanguage":"fr-FR","@id":"https:\/\/www.carideal.com\/blog\/#\/schema\/logo\/image\/","url":"http:\/\/www.carideal.com\/blog\/wp-content\/uploads\/2016\/03\/logo-carideal-mandataire-automobile.png","contentUrl":"http:\/\/www.carideal.com\/blog\/wp-content\/uploads\/2016\/03\/logo-carideal-mandataire-automobile.png","width":300,"height":300,"caption":"Carideal"},"image":{"@id":"https:\/\/www.carideal.com\/blog\/#\/schema\/logo\/image\/"},"sameAs":["https:\/\/www.facebook.com\/Carideal.mandataire.automobile","https:\/\/x.com\/caridealauto","https:\/\/www.instagram.com\/carideal1\/","https:\/\/www.linkedin.com\/company\/carideal.com","https:\/\/fr.pinterest.com\/schiavonsas\/","https:\/\/www.youtube.com\/user\/caridealsas"]},{"@type":"Person","@id":"https:\/\/www.carideal.com\/blog\/#\/schema\/person\/cd95dc7919660de90d31b366f85be1ec","name":"Nicolas SCHIAVON","image":{"@type":"ImageObject","inLanguage":"fr-FR","@id":"https:\/\/www.carideal.com\/blog\/#\/schema\/person\/image\/","url":"https:\/\/secure.gravatar.com\/avatar\/c17e55009e671d92cc7f5dc837dc418a?s=96&r=g","contentUrl":"https:\/\/secure.gravatar.com\/avatar\/c17e55009e671d92cc7f5dc837dc418a?s=96&r=g","caption":"Nicolas SCHIAVON"},"description":"Nicolas Schiavon est tomb\u00e9 tout petit dans la marmite automobile. Ayant eu un garage de marque automobile, mandataire automobile de la premi\u00e8re heure d\u00e8s 1999. Nicolas a cr\u00e9\u00e9 ces premiers sites de vente de voiture et blog automobile d\u00e8s 1994. Carideal est n\u00e9 le 15 d\u00e9cembre 2000 de la volont\u00e9 de vendre des voitures d'occasions en ligne puis des voitures neuves. Il a pu essayer beaucoup de voitures tr\u00e8s diff\u00e9rentes et ayant eu personnellement quelques belles autos, Subaru Impreza, Mitsubishi Lancer Evo 7, Porsche 911, Ferrari Testarrossa, Audi RS3, RS4 et j'en passe...","sameAs":["http:\/\/www.carideal.com","https:\/\/www.facebook.com\/nicolas.schiavon.39","https:\/\/www.instagram.com\/carideal1\/","https:\/\/www.linkedin.com\/in\/nschiavon\/","https:\/\/x.com\/caridealauto","https:\/\/www.youtube.com\/user\/caridealsas\/"],"url":"https:\/\/www.carideal.com\/blog\/author\/nschiavon\/"}]}},"uagb_featured_image_src":{"full":false,"thumbnail":false,"medium":false,"medium_large":false,"large":false,"1536x1536":false,"2048x2048":false,"wppr-widget":false},"uagb_author_info":{"display_name":"Nicolas SCHIAVON","author_link":"https:\/\/www.carideal.com\/blog\/author\/nschiavon\/"},"uagb_comment_info":0,"uagb_excerpt":"Achat Fiat Scudo d'occasion diesel pas cher en version 9 places Les familles nombreuses sont toujours \u00e0 la recherche de Combi 9 places d'occasions pour y loger leurs enfants, leur copains et leurs affaires.\u00a0Ils ont ont le choix entre plusieurs marques mais l'offre n'est pas l\u00e9gion sur le march\u00e9 du v\u00e9hicule d'occasion et le Fiat\u2026","_links":{"self":[{"href":"https:\/\/www.carideal.com\/blog\/wp-json\/wp\/v2\/posts\/8281"}],"collection":[{"href":"https:\/\/www.carideal.com\/blog\/wp-json\/wp\/v2\/posts"}],"about":[{"href":"https:\/\/www.carideal.com\/blog\/wp-json\/wp\/v2\/types\/post"}],"author":[{"embeddable":true,"href":"https:\/\/www.carideal.com\/blog\/wp-json\/wp\/v2\/users\/3"}],"replies":[{"embeddable":true,"href":"https:\/\/www.carideal.com\/blog\/wp-json\/wp\/v2\/comments?post=8281"}],"version-history":[{"count":0,"href":"https:\/\/www.carideal.com\/blog\/wp-json\/wp\/v2\/posts\/8281\/revisions"}],"wp:attachment":[{"href":"https:\/\/www.carideal.com\/blog\/wp-json\/wp\/v2\/media?parent=8281"}],"wp:term":[{"taxonomy":"category","embeddable":true,"href":"https:\/\/www.carideal.com\/blog\/wp-json\/wp\/v2\/categories?post=8281"},{"taxonomy":"post_tag","embeddable":true,"href":"https:\/\/www.carideal.com\/blog\/wp-json\/wp\/v2\/tags?post=8281"}],"curies":[{"name":"wp","href":"https:\/\/api.w.org\/{rel}","templated":true}]}}