{"id":82,"date":"2011-02-23T20:26:00","date_gmt":"2011-02-23T20:26:00","guid":{"rendered":"http:\/\/carideal.com\/blog\/?p=82"},"modified":"2020-03-07T16:35:28","modified_gmt":"2020-03-07T15:35:28","slug":"dossier-creux-pour-renault-dans-son-affaire-despionnage","status":"publish","type":"post","link":"https:\/\/www.carideal.com\/blog\/2011\/02\/23\/dossier-creux-pour-renault-dans-son-affaire-despionnage\/","title":{"rendered":"Dossier creux pour Renault dans son affaire d&rsquo;espionnage"},"content":{"rendered":"<p>Le Canard encha\u00een\u00e9 titre  \"Apr\u00e8s les guignolades de Pieds-Nickel\u00e9s, c'est une autre enqu\u00eate qui s'ouvre\" et aussi  \"le <a href=\"\/blog\/index.php?tag\/procureur%20de%20Paris\">procureur de Paris<\/a> en a \u00e9t\u00e9 inform\u00e9 de mani\u00e8re officieuse par le parquet f\u00e9d\u00e9ral de Berne le 17 f\u00e9vrier&nbsp;: Mathieu Tenenbaum. l'un des trois cadres vir\u00e9s pour espionnage, ne poss\u00e8de pas de compte \u00e0 la Z\u00fcrcher Kantonalbank.\"<br \/>\nC'est mal partit pour Carlos...<br \/>\nRenault avait d\u00e9clar\u00e9 que les 3 licenci\u00e9s avaient des comptes en <a href=\"\/blog\/index.php?tag\/Suisse\">Suisse<\/a> et au <a href=\"\/blog\/index.php?tag\/Lichenstein\">Lichenstein<\/a> aliment\u00e9 par des soci\u00e9t\u00e9s <a href=\"\/blog\/index.php?tag\/chinoises\">chinoises<\/a>. Le Procureur attend d'autres r\u00e9ponses de banque suisse. Selon le Canard Les enqu\u00eateur de la direction centrale du renseignement int\u00e9rieur, DCRI, pensent que Renault s'est fait \"enfum\u00e9\" par les d\u00e9tectives qu'ils ont embauch\u00e9s.<\/p>\n<p>La direction de Renault explique qu'elle a remis un dossier complet au procureur de Paris, et qu'ils attendent les conclusions\"....<\/p>\n<div><img decoding=\"async\" src=\"http:\/\/www.carideal.com\/images_actualite\/dstespionnagecarideal-1298534257.jpg\" alt=\"\" \/>Espionnage le Dossier de renault est vide !<\/p>\n<\/div>\n<p>Le dossier espionnage de Renault est bien partie ...\"pour partir en sucette\" lol Au vu des informations que le canard Encha\u00een\u00e9 a pu glaner, Renault va avoir du mal \u00e0 expliquer son attitude. le dossier est vide est Renault serait partie \u00e0 la \"guerre\" sans rien ? j'ai du mal \u00e0 comprendre.<\/p>\n<p>http:\/\/www.carideal.com\/blog\/index.php?post\/2011\/02\/23\/Dossier-creux-pour-Renault-dans-son-affaire-d-espionnage<\/p>\n","protected":false},"excerpt":{"rendered":"<p>Le Canard encha\u00een\u00e9 titre \u00ab\u00a0Apr\u00e8s les guignolades de Pieds-Nickel\u00e9s, c&rsquo;est une autre enqu\u00eate qui s&rsquo;ouvre\u00a0\u00bb et aussi \u00ab\u00a0le procureur de Paris en a \u00e9t\u00e9 inform\u00e9 de mani\u00e8re officieuse par le parquet f\u00e9d\u00e9ral de Berne le 17 f\u00e9vrier&nbsp;: Mathieu Tenenbaum. l&rsquo;un des trois cadres vir\u00e9s pour espionnage, ne poss\u00e8de pas de compte \u00e0 la Z\u00fcrcher Kantonalbank.\u00a0\u00bb &#8230; <a title=\"Dossier creux pour Renault dans son affaire d&rsquo;espionnage\" class=\"read-more\" href=\"https:\/\/www.carideal.com\/blog\/2011\/02\/23\/dossier-creux-pour-renault-dans-son-affaire-despionnage\/\" aria-label=\"En savoir plus sur Dossier creux pour Renault dans son affaire d&rsquo;espionnage\">Lire plus<\/a><\/p>\n","protected":false},"author":1,"featured_media":0,"comment_status":"open","ping_status":"open","sticky":false,"template":"","format":"standard","meta":{"_uag_custom_page_level_css":"","_themeisle_gutenberg_block_has_review":false,"footnotes":""},"categories":[3],"tags":[274],"class_list":["post-82","post","type-post","status-publish","format-standard","hentry","category-actualites-financieres","tag-suisse"],"wppr_data":[],"yoast_head":"<!-- This site is optimized with the Yoast SEO plugin v24.8.1 - https:\/\/yoast.com\/wordpress\/plugins\/seo\/ -->\n<title>Dossier creux pour Renault dans son affaire d&#039;espionnage - Blog auto Carid\u00e9al<\/title>\n<meta name=\"robots\" content=\"index, follow, max-snippet:-1, max-image-preview:large, max-video-preview:-1\" \/>\n<link rel=\"canonical\" href=\"https:\/\/www.carideal.com\/blog\/2011\/02\/23\/dossier-creux-pour-renault-dans-son-affaire-despionnage\/\" \/>\n<meta property=\"og:locale\" content=\"fr_FR\" \/>\n<meta property=\"og:type\" content=\"article\" \/>\n<meta property=\"og:title\" content=\"Dossier creux pour Renault dans son affaire d&#039;espionnage - Blog auto Carid\u00e9al\" \/>\n<meta property=\"og:description\" content=\"Le Canard encha\u00een\u00e9 titre &quot;Apr\u00e8s les guignolades de Pieds-Nickel\u00e9s, c&#039;est une autre enqu\u00eate qui s&#039;ouvre&quot; et aussi &quot;le procureur de Paris en a \u00e9t\u00e9 inform\u00e9 de mani\u00e8re officieuse par le parquet f\u00e9d\u00e9ral de Berne le 17 f\u00e9vrier&nbsp;: Mathieu Tenenbaum. l&#039;un des trois cadres vir\u00e9s pour espionnage, ne poss\u00e8de pas de compte \u00e0 la Z\u00fcrcher Kantonalbank.&quot; ... Lire plus\" \/>\n<meta property=\"og:url\" content=\"https:\/\/www.carideal.com\/blog\/2011\/02\/23\/dossier-creux-pour-renault-dans-son-affaire-despionnage\/\" \/>\n<meta property=\"og:site_name\" content=\"Blog auto Carid\u00e9al\" \/>\n<meta property=\"article:publisher\" content=\"https:\/\/www.facebook.com\/Carideal.mandataire.automobile\" \/>\n<meta property=\"article:author\" content=\"https:\/\/www.facebook.com\/Carideal.mandataire.automobile\/\" \/>\n<meta property=\"article:published_time\" content=\"2011-02-23T20:26:00+00:00\" \/>\n<meta property=\"article:modified_time\" content=\"2020-03-07T15:35:28+00:00\" \/>\n<meta property=\"og:image\" content=\"http:\/\/www.carideal.com\/images_actualite\/dstespionnagecarideal-1298534257.jpg\" \/>\n<meta name=\"author\" content=\"N.S Carideal\" \/>\n<meta name=\"twitter:card\" content=\"summary_large_image\" \/>\n<meta name=\"twitter:creator\" content=\"@caridealauto\" \/>\n<meta name=\"twitter:site\" content=\"@caridealauto\" \/>\n<meta name=\"twitter:label1\" content=\"\u00c9crit par\" \/>\n\t<meta name=\"twitter:data1\" content=\"N.S Carideal\" \/>\n\t<meta name=\"twitter:label2\" content=\"Dur\u00e9e de lecture estim\u00e9e\" \/>\n\t<meta name=\"twitter:data2\" content=\"1 minute\" \/>\n<script type=\"application\/ld+json\" class=\"yoast-schema-graph\">{\"@context\":\"https:\/\/schema.org\",\"@graph\":[{\"@type\":\"Article\",\"@id\":\"https:\/\/www.carideal.com\/blog\/2011\/02\/23\/dossier-creux-pour-renault-dans-son-affaire-despionnage\/#article\",\"isPartOf\":{\"@id\":\"https:\/\/www.carideal.com\/blog\/2011\/02\/23\/dossier-creux-pour-renault-dans-son-affaire-despionnage\/\"},\"author\":{\"name\":\"N.S Carideal\",\"@id\":\"https:\/\/www.carideal.com\/blog\/#\/schema\/person\/985c7e757d1042d647f21bfaf8d41ebc\"},\"headline\":\"Dossier creux pour Renault dans son affaire d&rsquo;espionnage\",\"datePublished\":\"2011-02-23T20:26:00+00:00\",\"dateModified\":\"2020-03-07T15:35:28+00:00\",\"mainEntityOfPage\":{\"@id\":\"https:\/\/www.carideal.com\/blog\/2011\/02\/23\/dossier-creux-pour-renault-dans-son-affaire-despionnage\/\"},\"wordCount\":224,\"commentCount\":1,\"publisher\":{\"@id\":\"https:\/\/www.carideal.com\/blog\/#organization\"},\"image\":{\"@id\":\"https:\/\/www.carideal.com\/blog\/2011\/02\/23\/dossier-creux-pour-renault-dans-son-affaire-despionnage\/#primaryimage\"},\"thumbnailUrl\":\"http:\/\/www.carideal.com\/images_actualite\/dstespionnagecarideal-1298534257.jpg\",\"keywords\":[\"Suisse\"],\"articleSection\":[\"Actualit\u00e9 Financi\u00e8re\"],\"inLanguage\":\"fr-FR\",\"potentialAction\":[{\"@type\":\"CommentAction\",\"name\":\"Comment\",\"target\":[\"https:\/\/www.carideal.com\/blog\/2011\/02\/23\/dossier-creux-pour-renault-dans-son-affaire-despionnage\/#respond\"]}]},{\"@type\":\"WebPage\",\"@id\":\"https:\/\/www.carideal.com\/blog\/2011\/02\/23\/dossier-creux-pour-renault-dans-son-affaire-despionnage\/\",\"url\":\"https:\/\/www.carideal.com\/blog\/2011\/02\/23\/dossier-creux-pour-renault-dans-son-affaire-despionnage\/\",\"name\":\"Dossier creux pour Renault dans son affaire d'espionnage - Blog auto Carid\u00e9al\",\"isPartOf\":{\"@id\":\"https:\/\/www.carideal.com\/blog\/#website\"},\"primaryImageOfPage\":{\"@id\":\"https:\/\/www.carideal.com\/blog\/2011\/02\/23\/dossier-creux-pour-renault-dans-son-affaire-despionnage\/#primaryimage\"},\"image\":{\"@id\":\"https:\/\/www.carideal.com\/blog\/2011\/02\/23\/dossier-creux-pour-renault-dans-son-affaire-despionnage\/#primaryimage\"},\"thumbnailUrl\":\"http:\/\/www.carideal.com\/images_actualite\/dstespionnagecarideal-1298534257.jpg\",\"datePublished\":\"2011-02-23T20:26:00+00:00\",\"dateModified\":\"2020-03-07T15:35:28+00:00\",\"breadcrumb\":{\"@id\":\"https:\/\/www.carideal.com\/blog\/2011\/02\/23\/dossier-creux-pour-renault-dans-son-affaire-despionnage\/#breadcrumb\"},\"inLanguage\":\"fr-FR\",\"potentialAction\":[{\"@type\":\"ReadAction\",\"target\":[\"https:\/\/www.carideal.com\/blog\/2011\/02\/23\/dossier-creux-pour-renault-dans-son-affaire-despionnage\/\"]}]},{\"@type\":\"ImageObject\",\"inLanguage\":\"fr-FR\",\"@id\":\"https:\/\/www.carideal.com\/blog\/2011\/02\/23\/dossier-creux-pour-renault-dans-son-affaire-despionnage\/#primaryimage\",\"url\":\"http:\/\/www.carideal.com\/images_actualite\/dstespionnagecarideal-1298534257.jpg\",\"contentUrl\":\"http:\/\/www.carideal.com\/images_actualite\/dstespionnagecarideal-1298534257.jpg\"},{\"@type\":\"BreadcrumbList\",\"@id\":\"https:\/\/www.carideal.com\/blog\/2011\/02\/23\/dossier-creux-pour-renault-dans-son-affaire-despionnage\/#breadcrumb\",\"itemListElement\":[{\"@type\":\"ListItem\",\"position\":1,\"name\":\"Blog Carid\u00e9al\",\"item\":\"https:\/\/www.carideal.com\/blog\/\"},{\"@type\":\"ListItem\",\"position\":2,\"name\":\"Actualit\u00e9 Financi\u00e8re\",\"item\":\"https:\/\/www.carideal.com\/blog\/actualites-financieres\/\"},{\"@type\":\"ListItem\",\"position\":3,\"name\":\"Dossier creux pour Renault dans son affaire d&rsquo;espionnage\"}]},{\"@type\":\"WebSite\",\"@id\":\"https:\/\/www.carideal.com\/blog\/#website\",\"url\":\"https:\/\/www.carideal.com\/blog\/\",\"name\":\"Blog auto Carid\u00e9al\",\"description\":\"Actualit\u00e9 auto par des passionn\u00e9s\",\"publisher\":{\"@id\":\"https:\/\/www.carideal.com\/blog\/#organization\"},\"potentialAction\":[{\"@type\":\"SearchAction\",\"target\":{\"@type\":\"EntryPoint\",\"urlTemplate\":\"https:\/\/www.carideal.com\/blog\/?s={search_term_string}\"},\"query-input\":{\"@type\":\"PropertyValueSpecification\",\"valueRequired\":true,\"valueName\":\"search_term_string\"}}],\"inLanguage\":\"fr-FR\"},{\"@type\":\"Organization\",\"@id\":\"https:\/\/www.carideal.com\/blog\/#organization\",\"name\":\"Carideal\",\"url\":\"https:\/\/www.carideal.com\/blog\/\",\"logo\":{\"@type\":\"ImageObject\",\"inLanguage\":\"fr-FR\",\"@id\":\"https:\/\/www.carideal.com\/blog\/#\/schema\/logo\/image\/\",\"url\":\"http:\/\/www.carideal.com\/blog\/wp-content\/uploads\/2016\/03\/logo-carideal-mandataire-automobile.png\",\"contentUrl\":\"http:\/\/www.carideal.com\/blog\/wp-content\/uploads\/2016\/03\/logo-carideal-mandataire-automobile.png\",\"width\":300,\"height\":300,\"caption\":\"Carideal\"},\"image\":{\"@id\":\"https:\/\/www.carideal.com\/blog\/#\/schema\/logo\/image\/\"},\"sameAs\":[\"https:\/\/www.facebook.com\/Carideal.mandataire.automobile\",\"https:\/\/x.com\/caridealauto\",\"https:\/\/www.instagram.com\/carideal1\/\",\"https:\/\/www.linkedin.com\/company\/carideal.com\",\"https:\/\/fr.pinterest.com\/schiavonsas\/\",\"https:\/\/www.youtube.com\/user\/caridealsas\"]},{\"@type\":\"Person\",\"@id\":\"https:\/\/www.carideal.com\/blog\/#\/schema\/person\/985c7e757d1042d647f21bfaf8d41ebc\",\"name\":\"N.S Carideal\",\"image\":{\"@type\":\"ImageObject\",\"inLanguage\":\"fr-FR\",\"@id\":\"https:\/\/www.carideal.com\/blog\/#\/schema\/person\/image\/\",\"url\":\"https:\/\/secure.gravatar.com\/avatar\/edb7ccdf1a4e3d14aef967760d354d0e?s=96&r=g\",\"contentUrl\":\"https:\/\/secure.gravatar.com\/avatar\/edb7ccdf1a4e3d14aef967760d354d0e?s=96&r=g\",\"caption\":\"N.S Carideal\"},\"description\":\"Depuis tout petit fan d'automobile. Il est question d'essayer et de comparer toutes ces voitures qui nous ont fait r\u00e9ver, avant que celles-ci ne devient uniquement des voitures de collection.\",\"sameAs\":[\"http:\/\/www.carideal.com\/blog\",\"https:\/\/www.facebook.com\/Carideal.mandataire.automobile\/\",\"https:\/\/www.linkedin.com\/in\/nschiavon\/\",\"https:\/\/www.youtube.com\/user\/caridealsas\/\"],\"url\":\"https:\/\/www.carideal.com\/blog\/author\/admin_carideal\/\"}]}<\/script>\n<!-- \/ Yoast SEO plugin. -->","yoast_head_json":{"title":"Dossier creux pour Renault dans son affaire d'espionnage - Blog auto Carid\u00e9al","robots":{"index":"index","follow":"follow","max-snippet":"max-snippet:-1","max-image-preview":"max-image-preview:large","max-video-preview":"max-video-preview:-1"},"canonical":"https:\/\/www.carideal.com\/blog\/2011\/02\/23\/dossier-creux-pour-renault-dans-son-affaire-despionnage\/","og_locale":"fr_FR","og_type":"article","og_title":"Dossier creux pour Renault dans son affaire d'espionnage - Blog auto Carid\u00e9al","og_description":"Le Canard encha\u00een\u00e9 titre \"Apr\u00e8s les guignolades de Pieds-Nickel\u00e9s, c'est une autre enqu\u00eate qui s'ouvre\" et aussi \"le procureur de Paris en a \u00e9t\u00e9 inform\u00e9 de mani\u00e8re officieuse par le parquet f\u00e9d\u00e9ral de Berne le 17 f\u00e9vrier&nbsp;: Mathieu Tenenbaum. l'un des trois cadres vir\u00e9s pour espionnage, ne poss\u00e8de pas de compte \u00e0 la Z\u00fcrcher Kantonalbank.\" ... Lire plus","og_url":"https:\/\/www.carideal.com\/blog\/2011\/02\/23\/dossier-creux-pour-renault-dans-son-affaire-despionnage\/","og_site_name":"Blog auto Carid\u00e9al","article_publisher":"https:\/\/www.facebook.com\/Carideal.mandataire.automobile","article_author":"https:\/\/www.facebook.com\/Carideal.mandataire.automobile\/","article_published_time":"2011-02-23T20:26:00+00:00","article_modified_time":"2020-03-07T15:35:28+00:00","og_image":[{"url":"http:\/\/www.carideal.com\/images_actualite\/dstespionnagecarideal-1298534257.jpg","type":"","width":"","height":""}],"author":"N.S Carideal","twitter_card":"summary_large_image","twitter_creator":"@caridealauto","twitter_site":"@caridealauto","twitter_misc":{"\u00c9crit par":"N.S Carideal","Dur\u00e9e de lecture estim\u00e9e":"1 minute"},"schema":{"@context":"https:\/\/schema.org","@graph":[{"@type":"Article","@id":"https:\/\/www.carideal.com\/blog\/2011\/02\/23\/dossier-creux-pour-renault-dans-son-affaire-despionnage\/#article","isPartOf":{"@id":"https:\/\/www.carideal.com\/blog\/2011\/02\/23\/dossier-creux-pour-renault-dans-son-affaire-despionnage\/"},"author":{"name":"N.S Carideal","@id":"https:\/\/www.carideal.com\/blog\/#\/schema\/person\/985c7e757d1042d647f21bfaf8d41ebc"},"headline":"Dossier creux pour Renault dans son affaire d&rsquo;espionnage","datePublished":"2011-02-23T20:26:00+00:00","dateModified":"2020-03-07T15:35:28+00:00","mainEntityOfPage":{"@id":"https:\/\/www.carideal.com\/blog\/2011\/02\/23\/dossier-creux-pour-renault-dans-son-affaire-despionnage\/"},"wordCount":224,"commentCount":1,"publisher":{"@id":"https:\/\/www.carideal.com\/blog\/#organization"},"image":{"@id":"https:\/\/www.carideal.com\/blog\/2011\/02\/23\/dossier-creux-pour-renault-dans-son-affaire-despionnage\/#primaryimage"},"thumbnailUrl":"http:\/\/www.carideal.com\/images_actualite\/dstespionnagecarideal-1298534257.jpg","keywords":["Suisse"],"articleSection":["Actualit\u00e9 Financi\u00e8re"],"inLanguage":"fr-FR","potentialAction":[{"@type":"CommentAction","name":"Comment","target":["https:\/\/www.carideal.com\/blog\/2011\/02\/23\/dossier-creux-pour-renault-dans-son-affaire-despionnage\/#respond"]}]},{"@type":"WebPage","@id":"https:\/\/www.carideal.com\/blog\/2011\/02\/23\/dossier-creux-pour-renault-dans-son-affaire-despionnage\/","url":"https:\/\/www.carideal.com\/blog\/2011\/02\/23\/dossier-creux-pour-renault-dans-son-affaire-despionnage\/","name":"Dossier creux pour Renault dans son affaire d'espionnage - Blog auto Carid\u00e9al","isPartOf":{"@id":"https:\/\/www.carideal.com\/blog\/#website"},"primaryImageOfPage":{"@id":"https:\/\/www.carideal.com\/blog\/2011\/02\/23\/dossier-creux-pour-renault-dans-son-affaire-despionnage\/#primaryimage"},"image":{"@id":"https:\/\/www.carideal.com\/blog\/2011\/02\/23\/dossier-creux-pour-renault-dans-son-affaire-despionnage\/#primaryimage"},"thumbnailUrl":"http:\/\/www.carideal.com\/images_actualite\/dstespionnagecarideal-1298534257.jpg","datePublished":"2011-02-23T20:26:00+00:00","dateModified":"2020-03-07T15:35:28+00:00","breadcrumb":{"@id":"https:\/\/www.carideal.com\/blog\/2011\/02\/23\/dossier-creux-pour-renault-dans-son-affaire-despionnage\/#breadcrumb"},"inLanguage":"fr-FR","potentialAction":[{"@type":"ReadAction","target":["https:\/\/www.carideal.com\/blog\/2011\/02\/23\/dossier-creux-pour-renault-dans-son-affaire-despionnage\/"]}]},{"@type":"ImageObject","inLanguage":"fr-FR","@id":"https:\/\/www.carideal.com\/blog\/2011\/02\/23\/dossier-creux-pour-renault-dans-son-affaire-despionnage\/#primaryimage","url":"http:\/\/www.carideal.com\/images_actualite\/dstespionnagecarideal-1298534257.jpg","contentUrl":"http:\/\/www.carideal.com\/images_actualite\/dstespionnagecarideal-1298534257.jpg"},{"@type":"BreadcrumbList","@id":"https:\/\/www.carideal.com\/blog\/2011\/02\/23\/dossier-creux-pour-renault-dans-son-affaire-despionnage\/#breadcrumb","itemListElement":[{"@type":"ListItem","position":1,"name":"Blog Carid\u00e9al","item":"https:\/\/www.carideal.com\/blog\/"},{"@type":"ListItem","position":2,"name":"Actualit\u00e9 Financi\u00e8re","item":"https:\/\/www.carideal.com\/blog\/actualites-financieres\/"},{"@type":"ListItem","position":3,"name":"Dossier creux pour Renault dans son affaire d&rsquo;espionnage"}]},{"@type":"WebSite","@id":"https:\/\/www.carideal.com\/blog\/#website","url":"https:\/\/www.carideal.com\/blog\/","name":"Blog auto Carid\u00e9al","description":"Actualit\u00e9 auto par des passionn\u00e9s","publisher":{"@id":"https:\/\/www.carideal.com\/blog\/#organization"},"potentialAction":[{"@type":"SearchAction","target":{"@type":"EntryPoint","urlTemplate":"https:\/\/www.carideal.com\/blog\/?s={search_term_string}"},"query-input":{"@type":"PropertyValueSpecification","valueRequired":true,"valueName":"search_term_string"}}],"inLanguage":"fr-FR"},{"@type":"Organization","@id":"https:\/\/www.carideal.com\/blog\/#organization","name":"Carideal","url":"https:\/\/www.carideal.com\/blog\/","logo":{"@type":"ImageObject","inLanguage":"fr-FR","@id":"https:\/\/www.carideal.com\/blog\/#\/schema\/logo\/image\/","url":"http:\/\/www.carideal.com\/blog\/wp-content\/uploads\/2016\/03\/logo-carideal-mandataire-automobile.png","contentUrl":"http:\/\/www.carideal.com\/blog\/wp-content\/uploads\/2016\/03\/logo-carideal-mandataire-automobile.png","width":300,"height":300,"caption":"Carideal"},"image":{"@id":"https:\/\/www.carideal.com\/blog\/#\/schema\/logo\/image\/"},"sameAs":["https:\/\/www.facebook.com\/Carideal.mandataire.automobile","https:\/\/x.com\/caridealauto","https:\/\/www.instagram.com\/carideal1\/","https:\/\/www.linkedin.com\/company\/carideal.com","https:\/\/fr.pinterest.com\/schiavonsas\/","https:\/\/www.youtube.com\/user\/caridealsas"]},{"@type":"Person","@id":"https:\/\/www.carideal.com\/blog\/#\/schema\/person\/985c7e757d1042d647f21bfaf8d41ebc","name":"N.S Carideal","image":{"@type":"ImageObject","inLanguage":"fr-FR","@id":"https:\/\/www.carideal.com\/blog\/#\/schema\/person\/image\/","url":"https:\/\/secure.gravatar.com\/avatar\/edb7ccdf1a4e3d14aef967760d354d0e?s=96&r=g","contentUrl":"https:\/\/secure.gravatar.com\/avatar\/edb7ccdf1a4e3d14aef967760d354d0e?s=96&r=g","caption":"N.S Carideal"},"description":"Depuis tout petit fan d'automobile. Il est question d'essayer et de comparer toutes ces voitures qui nous ont fait r\u00e9ver, avant que celles-ci ne devient uniquement des voitures de collection.","sameAs":["http:\/\/www.carideal.com\/blog","https:\/\/www.facebook.com\/Carideal.mandataire.automobile\/","https:\/\/www.linkedin.com\/in\/nschiavon\/","https:\/\/www.youtube.com\/user\/caridealsas\/"],"url":"https:\/\/www.carideal.com\/blog\/author\/admin_carideal\/"}]}},"uagb_featured_image_src":{"full":false,"thumbnail":false,"medium":false,"medium_large":false,"large":false,"1536x1536":false,"2048x2048":false,"wppr-widget":false},"uagb_author_info":{"display_name":"N.S Carideal","author_link":"https:\/\/www.carideal.com\/blog\/author\/admin_carideal\/"},"uagb_comment_info":1,"uagb_excerpt":"Le Canard encha\u00een\u00e9 titre \"Apr\u00e8s les guignolades de Pieds-Nickel\u00e9s, c'est une autre enqu\u00eate qui s'ouvre\" et aussi \"le procureur de Paris en a \u00e9t\u00e9 inform\u00e9 de mani\u00e8re officieuse par le parquet f\u00e9d\u00e9ral de Berne le 17 f\u00e9vrier&nbsp;: Mathieu Tenenbaum. l'un des trois cadres vir\u00e9s pour espionnage, ne poss\u00e8de pas de compte \u00e0 la Z\u00fcrcher Kantonalbank.\"\u2026","_links":{"self":[{"href":"https:\/\/www.carideal.com\/blog\/wp-json\/wp\/v2\/posts\/82"}],"collection":[{"href":"https:\/\/www.carideal.com\/blog\/wp-json\/wp\/v2\/posts"}],"about":[{"href":"https:\/\/www.carideal.com\/blog\/wp-json\/wp\/v2\/types\/post"}],"author":[{"embeddable":true,"href":"https:\/\/www.carideal.com\/blog\/wp-json\/wp\/v2\/users\/1"}],"replies":[{"embeddable":true,"href":"https:\/\/www.carideal.com\/blog\/wp-json\/wp\/v2\/comments?post=82"}],"version-history":[{"count":0,"href":"https:\/\/www.carideal.com\/blog\/wp-json\/wp\/v2\/posts\/82\/revisions"}],"wp:attachment":[{"href":"https:\/\/www.carideal.com\/blog\/wp-json\/wp\/v2\/media?parent=82"}],"wp:term":[{"taxonomy":"category","embeddable":true,"href":"https:\/\/www.carideal.com\/blog\/wp-json\/wp\/v2\/categories?post=82"},{"taxonomy":"post_tag","embeddable":true,"href":"https:\/\/www.carideal.com\/blog\/wp-json\/wp\/v2\/tags?post=82"}],"curies":[{"name":"wp","href":"https:\/\/api.w.org\/{rel}","templated":true}]}}