{"id":819,"date":"2010-10-14T14:29:00","date_gmt":"2010-10-14T14:29:00","guid":{"rendered":"http:\/\/carideal.com\/blog\/?p=819"},"modified":"2020-03-07T17:35:02","modified_gmt":"2020-03-07T16:35:02","slug":"citroen-diesel-e-hdi-ecolo","status":"publish","type":"post","link":"https:\/\/www.carideal.com\/blog\/2010\/10\/14\/citroen-diesel-e-hdi-ecolo\/","title":{"rendered":"Citroen Diesel e-hdi ecolo"},"content":{"rendered":"<p><img decoding=\"async\" src=\"\/blog\/public\/.citroen-c4-picasso-2011-carideal_m.jpg\" alt=\"Nouvelle Citroen C4 2011 e-hdi\" title=\"Nouvelle Citroen C4 2011 e-hdi, oct. 2010\" \/><\/p>\n<blockquote>\n<p>Nouvelle Citroen C4 e-hdi 110<\/p>\n<\/blockquote>\n<p>Apr\u00e8s, quatre ann\u00e9es de bon et loyaux services les c4 et grand c4 Picasso se refond une l\u00e9g\u00e8re beaut\u00e9. La ligne \u00e9volue en douceur, avec l'adoption d'un bandeau d'\u00e9clairage \u00e0 LED \u00e0 l'avant et de blocs optiques avant et arri\u00e8res remani\u00e9s. De nouveaux \u00e9quipements de communication, baptis\u00e9 e-touch, font leur apparition. Ce bouquet de services comprend les appels d'urgence l'assistance localis\u00e9e, le carnet d'entretien virtuel ainsi que le service d'\u00e9co driving.<br \/>\nLe monospace adopte le technologie e-hdi qui n'est autre que le stop&amp;start de deuxi\u00e8me g\u00e9n\u00e9ration fabriqu\u00e9 par val\u00e9o. Il est uniquement disponible sur le 1.6 HDI Fap de 110 ch accoupl\u00e9 \u00e0 la boite de vitesse robotis\u00e9e BMP6. Le constructeur annonce un gain de consommation et d'\u00e9mission pouvant atteindre 15% en millieu urbain. En cycle mixte, le Citroen C4 Picasso se contente de 4.8 l\/100 km (5L pour le grand) et rejette 125 grammes de CO2\/km (130 pour le Grand).<br \/>\n<strong>Tarifs en hausse<\/strong><br \/>\nA partir de 29650 \u20ac en finition Exclusive, le e-hdi est factur\u00e9 1000 \u20ac de plus que la version \u00e0 boite manuelle, mais profite de 100 \u20ac de bonus. les autres mod\u00e8les \u00e9quip\u00e9s du HDI 110 ch voient leurs tarifs augmenter de 300 \u20ac, le prix de base \u00e9tant dor\u00e9navant fix\u00e9 \u00e0 24600 \u20ac. La familliale C5 h\u00e9rite \u00e9galement du e-hdi et re\u00e7ois de nouveau feux \u00e0 l'arri\u00e8re et des optiques avant abritant une rang\u00e9e de LED, anticipant ainsi la l\u00e9gislation de 2011 sur l'\u00e9clairage diurne. Cette version est gratifi\u00e9e de 100 \u20ac de bonus, gr\u00e2ce \u00e0 une consommation mesur\u00e9e de 4.6l\/100 km et des rejets de CO2 limit\u00e9s \u00e0 120 g\/km. le ticket d'entr\u00e9 est de 25500 \u20ac.<br \/>\nLes mod\u00e8les \u00e9quip\u00e9s du HDI de 110 ch, quant \u00e0 eux, augmentent de 200 \u20ac. En haut de gamme, le 2.2 HDI est d\u00e9sormais port\u00e9 \u00e0 204 ch, 5.9l \/100km et 155 g de CO2\/km, pour un prix de 36850 \u20ac.<\/p>\n<p>Citroen C4 picasso en stock<br \/>\n<a href=\"\/blog\/index.php?post\/2010\/02\/13\/citroen-C4-Picasso-et-Grand-C4-Picasso-Occasion-3-ans-deja\">Citroen C4 picasso d'occasion 3 ans d\u00e9j\u00e0<\/a><br \/>\nCitroen C5 en arrivage<\/p>\n","protected":false},"excerpt":{"rendered":"<p>Nouvelle Citroen C4 e-hdi 110 Apr\u00e8s, quatre ann\u00e9es de bon et loyaux services les c4 et grand c4 Picasso se refond une l\u00e9g\u00e8re beaut\u00e9. La ligne \u00e9volue en douceur, avec l&rsquo;adoption d&rsquo;un bandeau d&rsquo;\u00e9clairage \u00e0 LED \u00e0 l&rsquo;avant et de blocs optiques avant et arri\u00e8res remani\u00e9s. De nouveaux \u00e9quipements de communication, baptis\u00e9 e-touch, font leur &#8230; <a title=\"Citroen Diesel e-hdi ecolo\" class=\"read-more\" href=\"https:\/\/www.carideal.com\/blog\/2010\/10\/14\/citroen-diesel-e-hdi-ecolo\/\" aria-label=\"En savoir plus sur Citroen Diesel e-hdi ecolo\">Lire plus<\/a><\/p>\n","protected":false},"author":1,"featured_media":0,"comment_status":"open","ping_status":"open","sticky":false,"template":"","format":"standard","meta":{"_uag_custom_page_level_css":"","_themeisle_gutenberg_block_has_review":false,"footnotes":""},"categories":[10],"tags":[],"class_list":["post-819","post","type-post","status-publish","format-standard","hentry","category-marche-automobile-voiture-neuve-occasion-4x4-suv"],"wppr_data":[],"yoast_head":"<!-- This site is optimized with the Yoast SEO plugin v24.8.1 - https:\/\/yoast.com\/wordpress\/plugins\/seo\/ -->\n<title>Citroen Diesel e-hdi ecolo - Blog auto Carid\u00e9al<\/title>\n<meta name=\"robots\" content=\"index, follow, max-snippet:-1, max-image-preview:large, max-video-preview:-1\" \/>\n<link rel=\"canonical\" href=\"https:\/\/www.carideal.com\/blog\/2010\/10\/14\/citroen-diesel-e-hdi-ecolo\/\" \/>\n<meta property=\"og:locale\" content=\"fr_FR\" \/>\n<meta property=\"og:type\" content=\"article\" \/>\n<meta property=\"og:title\" content=\"Citroen Diesel e-hdi ecolo - Blog auto Carid\u00e9al\" \/>\n<meta property=\"og:description\" content=\"Nouvelle Citroen C4 e-hdi 110 Apr\u00e8s, quatre ann\u00e9es de bon et loyaux services les c4 et grand c4 Picasso se refond une l\u00e9g\u00e8re beaut\u00e9. La ligne \u00e9volue en douceur, avec l&#039;adoption d&#039;un bandeau d&#039;\u00e9clairage \u00e0 LED \u00e0 l&#039;avant et de blocs optiques avant et arri\u00e8res remani\u00e9s. De nouveaux \u00e9quipements de communication, baptis\u00e9 e-touch, font leur ... Lire plus\" \/>\n<meta property=\"og:url\" content=\"https:\/\/www.carideal.com\/blog\/2010\/10\/14\/citroen-diesel-e-hdi-ecolo\/\" \/>\n<meta property=\"og:site_name\" content=\"Blog auto Carid\u00e9al\" \/>\n<meta property=\"article:publisher\" content=\"https:\/\/www.facebook.com\/Carideal.mandataire.automobile\" \/>\n<meta property=\"article:author\" content=\"https:\/\/www.facebook.com\/Carideal.mandataire.automobile\/\" \/>\n<meta property=\"article:published_time\" content=\"2010-10-14T14:29:00+00:00\" \/>\n<meta property=\"article:modified_time\" content=\"2020-03-07T16:35:02+00:00\" \/>\n<meta property=\"og:image\" content=\"https:\/\/www.carideal.com\/blog\/wp-content\/uploads\/2016\/03\/logo-carideal-mandataire-automobile.png\" \/>\n\t<meta property=\"og:image:width\" content=\"300\" \/>\n\t<meta property=\"og:image:height\" content=\"300\" \/>\n\t<meta property=\"og:image:type\" content=\"image\/png\" \/>\n<meta name=\"author\" content=\"N.S Carideal\" \/>\n<meta name=\"twitter:card\" content=\"summary_large_image\" \/>\n<meta name=\"twitter:creator\" content=\"@caridealauto\" \/>\n<meta name=\"twitter:site\" content=\"@caridealauto\" \/>\n<meta name=\"twitter:label1\" content=\"\u00c9crit par\" \/>\n\t<meta name=\"twitter:data1\" content=\"N.S Carideal\" \/>\n\t<meta name=\"twitter:label2\" content=\"Dur\u00e9e de lecture estim\u00e9e\" \/>\n\t<meta name=\"twitter:data2\" content=\"2 minutes\" \/>\n<script type=\"application\/ld+json\" class=\"yoast-schema-graph\">{\"@context\":\"https:\/\/schema.org\",\"@graph\":[{\"@type\":\"Article\",\"@id\":\"https:\/\/www.carideal.com\/blog\/2010\/10\/14\/citroen-diesel-e-hdi-ecolo\/#article\",\"isPartOf\":{\"@id\":\"https:\/\/www.carideal.com\/blog\/2010\/10\/14\/citroen-diesel-e-hdi-ecolo\/\"},\"author\":{\"name\":\"N.S Carideal\",\"@id\":\"https:\/\/www.carideal.com\/blog\/#\/schema\/person\/985c7e757d1042d647f21bfaf8d41ebc\"},\"headline\":\"Citroen Diesel e-hdi ecolo\",\"datePublished\":\"2010-10-14T14:29:00+00:00\",\"dateModified\":\"2020-03-07T16:35:02+00:00\",\"mainEntityOfPage\":{\"@id\":\"https:\/\/www.carideal.com\/blog\/2010\/10\/14\/citroen-diesel-e-hdi-ecolo\/\"},\"wordCount\":333,\"commentCount\":0,\"publisher\":{\"@id\":\"https:\/\/www.carideal.com\/blog\/#organization\"},\"articleSection\":[\"March\u00e9 automobile\"],\"inLanguage\":\"fr-FR\",\"potentialAction\":[{\"@type\":\"CommentAction\",\"name\":\"Comment\",\"target\":[\"https:\/\/www.carideal.com\/blog\/2010\/10\/14\/citroen-diesel-e-hdi-ecolo\/#respond\"]}]},{\"@type\":\"WebPage\",\"@id\":\"https:\/\/www.carideal.com\/blog\/2010\/10\/14\/citroen-diesel-e-hdi-ecolo\/\",\"url\":\"https:\/\/www.carideal.com\/blog\/2010\/10\/14\/citroen-diesel-e-hdi-ecolo\/\",\"name\":\"Citroen Diesel e-hdi ecolo - Blog auto Carid\u00e9al\",\"isPartOf\":{\"@id\":\"https:\/\/www.carideal.com\/blog\/#website\"},\"datePublished\":\"2010-10-14T14:29:00+00:00\",\"dateModified\":\"2020-03-07T16:35:02+00:00\",\"breadcrumb\":{\"@id\":\"https:\/\/www.carideal.com\/blog\/2010\/10\/14\/citroen-diesel-e-hdi-ecolo\/#breadcrumb\"},\"inLanguage\":\"fr-FR\",\"potentialAction\":[{\"@type\":\"ReadAction\",\"target\":[\"https:\/\/www.carideal.com\/blog\/2010\/10\/14\/citroen-diesel-e-hdi-ecolo\/\"]}]},{\"@type\":\"BreadcrumbList\",\"@id\":\"https:\/\/www.carideal.com\/blog\/2010\/10\/14\/citroen-diesel-e-hdi-ecolo\/#breadcrumb\",\"itemListElement\":[{\"@type\":\"ListItem\",\"position\":1,\"name\":\"Blog Carid\u00e9al\",\"item\":\"https:\/\/www.carideal.com\/blog\/\"},{\"@type\":\"ListItem\",\"position\":2,\"name\":\"March\u00e9 automobile\",\"item\":\"https:\/\/www.carideal.com\/blog\/marche-automobile-voiture-neuve-occasion-4x4-suv\/\"},{\"@type\":\"ListItem\",\"position\":3,\"name\":\"Citroen Diesel e-hdi ecolo\"}]},{\"@type\":\"WebSite\",\"@id\":\"https:\/\/www.carideal.com\/blog\/#website\",\"url\":\"https:\/\/www.carideal.com\/blog\/\",\"name\":\"Blog auto Carid\u00e9al\",\"description\":\"Actualit\u00e9 auto par des passionn\u00e9s\",\"publisher\":{\"@id\":\"https:\/\/www.carideal.com\/blog\/#organization\"},\"potentialAction\":[{\"@type\":\"SearchAction\",\"target\":{\"@type\":\"EntryPoint\",\"urlTemplate\":\"https:\/\/www.carideal.com\/blog\/?s={search_term_string}\"},\"query-input\":{\"@type\":\"PropertyValueSpecification\",\"valueRequired\":true,\"valueName\":\"search_term_string\"}}],\"inLanguage\":\"fr-FR\"},{\"@type\":\"Organization\",\"@id\":\"https:\/\/www.carideal.com\/blog\/#organization\",\"name\":\"Carideal\",\"url\":\"https:\/\/www.carideal.com\/blog\/\",\"logo\":{\"@type\":\"ImageObject\",\"inLanguage\":\"fr-FR\",\"@id\":\"https:\/\/www.carideal.com\/blog\/#\/schema\/logo\/image\/\",\"url\":\"http:\/\/www.carideal.com\/blog\/wp-content\/uploads\/2016\/03\/logo-carideal-mandataire-automobile.png\",\"contentUrl\":\"http:\/\/www.carideal.com\/blog\/wp-content\/uploads\/2016\/03\/logo-carideal-mandataire-automobile.png\",\"width\":300,\"height\":300,\"caption\":\"Carideal\"},\"image\":{\"@id\":\"https:\/\/www.carideal.com\/blog\/#\/schema\/logo\/image\/\"},\"sameAs\":[\"https:\/\/www.facebook.com\/Carideal.mandataire.automobile\",\"https:\/\/x.com\/caridealauto\",\"https:\/\/www.instagram.com\/carideal1\/\",\"https:\/\/www.linkedin.com\/company\/carideal.com\",\"https:\/\/fr.pinterest.com\/schiavonsas\/\",\"https:\/\/www.youtube.com\/user\/caridealsas\"]},{\"@type\":\"Person\",\"@id\":\"https:\/\/www.carideal.com\/blog\/#\/schema\/person\/985c7e757d1042d647f21bfaf8d41ebc\",\"name\":\"N.S Carideal\",\"image\":{\"@type\":\"ImageObject\",\"inLanguage\":\"fr-FR\",\"@id\":\"https:\/\/www.carideal.com\/blog\/#\/schema\/person\/image\/\",\"url\":\"https:\/\/secure.gravatar.com\/avatar\/edb7ccdf1a4e3d14aef967760d354d0e?s=96&r=g\",\"contentUrl\":\"https:\/\/secure.gravatar.com\/avatar\/edb7ccdf1a4e3d14aef967760d354d0e?s=96&r=g\",\"caption\":\"N.S Carideal\"},\"description\":\"Depuis tout petit fan d'automobile. Il est question d'essayer et de comparer toutes ces voitures qui nous ont fait r\u00e9ver, avant que celles-ci ne devient uniquement des voitures de collection.\",\"sameAs\":[\"http:\/\/www.carideal.com\/blog\",\"https:\/\/www.facebook.com\/Carideal.mandataire.automobile\/\",\"https:\/\/www.linkedin.com\/in\/nschiavon\/\",\"https:\/\/www.youtube.com\/user\/caridealsas\/\"],\"url\":\"https:\/\/www.carideal.com\/blog\/author\/admin_carideal\/\"}]}<\/script>\n<!-- \/ Yoast SEO plugin. -->","yoast_head_json":{"title":"Citroen Diesel e-hdi ecolo - Blog auto Carid\u00e9al","robots":{"index":"index","follow":"follow","max-snippet":"max-snippet:-1","max-image-preview":"max-image-preview:large","max-video-preview":"max-video-preview:-1"},"canonical":"https:\/\/www.carideal.com\/blog\/2010\/10\/14\/citroen-diesel-e-hdi-ecolo\/","og_locale":"fr_FR","og_type":"article","og_title":"Citroen Diesel e-hdi ecolo - Blog auto Carid\u00e9al","og_description":"Nouvelle Citroen C4 e-hdi 110 Apr\u00e8s, quatre ann\u00e9es de bon et loyaux services les c4 et grand c4 Picasso se refond une l\u00e9g\u00e8re beaut\u00e9. La ligne \u00e9volue en douceur, avec l'adoption d'un bandeau d'\u00e9clairage \u00e0 LED \u00e0 l'avant et de blocs optiques avant et arri\u00e8res remani\u00e9s. De nouveaux \u00e9quipements de communication, baptis\u00e9 e-touch, font leur ... Lire plus","og_url":"https:\/\/www.carideal.com\/blog\/2010\/10\/14\/citroen-diesel-e-hdi-ecolo\/","og_site_name":"Blog auto Carid\u00e9al","article_publisher":"https:\/\/www.facebook.com\/Carideal.mandataire.automobile","article_author":"https:\/\/www.facebook.com\/Carideal.mandataire.automobile\/","article_published_time":"2010-10-14T14:29:00+00:00","article_modified_time":"2020-03-07T16:35:02+00:00","og_image":[{"width":300,"height":300,"url":"https:\/\/www.carideal.com\/blog\/wp-content\/uploads\/2016\/03\/logo-carideal-mandataire-automobile.png","type":"image\/png"}],"author":"N.S Carideal","twitter_card":"summary_large_image","twitter_creator":"@caridealauto","twitter_site":"@caridealauto","twitter_misc":{"\u00c9crit par":"N.S Carideal","Dur\u00e9e de lecture estim\u00e9e":"2 minutes"},"schema":{"@context":"https:\/\/schema.org","@graph":[{"@type":"Article","@id":"https:\/\/www.carideal.com\/blog\/2010\/10\/14\/citroen-diesel-e-hdi-ecolo\/#article","isPartOf":{"@id":"https:\/\/www.carideal.com\/blog\/2010\/10\/14\/citroen-diesel-e-hdi-ecolo\/"},"author":{"name":"N.S Carideal","@id":"https:\/\/www.carideal.com\/blog\/#\/schema\/person\/985c7e757d1042d647f21bfaf8d41ebc"},"headline":"Citroen Diesel e-hdi ecolo","datePublished":"2010-10-14T14:29:00+00:00","dateModified":"2020-03-07T16:35:02+00:00","mainEntityOfPage":{"@id":"https:\/\/www.carideal.com\/blog\/2010\/10\/14\/citroen-diesel-e-hdi-ecolo\/"},"wordCount":333,"commentCount":0,"publisher":{"@id":"https:\/\/www.carideal.com\/blog\/#organization"},"articleSection":["March\u00e9 automobile"],"inLanguage":"fr-FR","potentialAction":[{"@type":"CommentAction","name":"Comment","target":["https:\/\/www.carideal.com\/blog\/2010\/10\/14\/citroen-diesel-e-hdi-ecolo\/#respond"]}]},{"@type":"WebPage","@id":"https:\/\/www.carideal.com\/blog\/2010\/10\/14\/citroen-diesel-e-hdi-ecolo\/","url":"https:\/\/www.carideal.com\/blog\/2010\/10\/14\/citroen-diesel-e-hdi-ecolo\/","name":"Citroen Diesel e-hdi ecolo - Blog auto Carid\u00e9al","isPartOf":{"@id":"https:\/\/www.carideal.com\/blog\/#website"},"datePublished":"2010-10-14T14:29:00+00:00","dateModified":"2020-03-07T16:35:02+00:00","breadcrumb":{"@id":"https:\/\/www.carideal.com\/blog\/2010\/10\/14\/citroen-diesel-e-hdi-ecolo\/#breadcrumb"},"inLanguage":"fr-FR","potentialAction":[{"@type":"ReadAction","target":["https:\/\/www.carideal.com\/blog\/2010\/10\/14\/citroen-diesel-e-hdi-ecolo\/"]}]},{"@type":"BreadcrumbList","@id":"https:\/\/www.carideal.com\/blog\/2010\/10\/14\/citroen-diesel-e-hdi-ecolo\/#breadcrumb","itemListElement":[{"@type":"ListItem","position":1,"name":"Blog Carid\u00e9al","item":"https:\/\/www.carideal.com\/blog\/"},{"@type":"ListItem","position":2,"name":"March\u00e9 automobile","item":"https:\/\/www.carideal.com\/blog\/marche-automobile-voiture-neuve-occasion-4x4-suv\/"},{"@type":"ListItem","position":3,"name":"Citroen Diesel e-hdi ecolo"}]},{"@type":"WebSite","@id":"https:\/\/www.carideal.com\/blog\/#website","url":"https:\/\/www.carideal.com\/blog\/","name":"Blog auto Carid\u00e9al","description":"Actualit\u00e9 auto par des passionn\u00e9s","publisher":{"@id":"https:\/\/www.carideal.com\/blog\/#organization"},"potentialAction":[{"@type":"SearchAction","target":{"@type":"EntryPoint","urlTemplate":"https:\/\/www.carideal.com\/blog\/?s={search_term_string}"},"query-input":{"@type":"PropertyValueSpecification","valueRequired":true,"valueName":"search_term_string"}}],"inLanguage":"fr-FR"},{"@type":"Organization","@id":"https:\/\/www.carideal.com\/blog\/#organization","name":"Carideal","url":"https:\/\/www.carideal.com\/blog\/","logo":{"@type":"ImageObject","inLanguage":"fr-FR","@id":"https:\/\/www.carideal.com\/blog\/#\/schema\/logo\/image\/","url":"http:\/\/www.carideal.com\/blog\/wp-content\/uploads\/2016\/03\/logo-carideal-mandataire-automobile.png","contentUrl":"http:\/\/www.carideal.com\/blog\/wp-content\/uploads\/2016\/03\/logo-carideal-mandataire-automobile.png","width":300,"height":300,"caption":"Carideal"},"image":{"@id":"https:\/\/www.carideal.com\/blog\/#\/schema\/logo\/image\/"},"sameAs":["https:\/\/www.facebook.com\/Carideal.mandataire.automobile","https:\/\/x.com\/caridealauto","https:\/\/www.instagram.com\/carideal1\/","https:\/\/www.linkedin.com\/company\/carideal.com","https:\/\/fr.pinterest.com\/schiavonsas\/","https:\/\/www.youtube.com\/user\/caridealsas"]},{"@type":"Person","@id":"https:\/\/www.carideal.com\/blog\/#\/schema\/person\/985c7e757d1042d647f21bfaf8d41ebc","name":"N.S Carideal","image":{"@type":"ImageObject","inLanguage":"fr-FR","@id":"https:\/\/www.carideal.com\/blog\/#\/schema\/person\/image\/","url":"https:\/\/secure.gravatar.com\/avatar\/edb7ccdf1a4e3d14aef967760d354d0e?s=96&r=g","contentUrl":"https:\/\/secure.gravatar.com\/avatar\/edb7ccdf1a4e3d14aef967760d354d0e?s=96&r=g","caption":"N.S Carideal"},"description":"Depuis tout petit fan d'automobile. Il est question d'essayer et de comparer toutes ces voitures qui nous ont fait r\u00e9ver, avant que celles-ci ne devient uniquement des voitures de collection.","sameAs":["http:\/\/www.carideal.com\/blog","https:\/\/www.facebook.com\/Carideal.mandataire.automobile\/","https:\/\/www.linkedin.com\/in\/nschiavon\/","https:\/\/www.youtube.com\/user\/caridealsas\/"],"url":"https:\/\/www.carideal.com\/blog\/author\/admin_carideal\/"}]}},"uagb_featured_image_src":{"full":false,"thumbnail":false,"medium":false,"medium_large":false,"large":false,"1536x1536":false,"2048x2048":false,"wppr-widget":false},"uagb_author_info":{"display_name":"N.S Carideal","author_link":"https:\/\/www.carideal.com\/blog\/author\/admin_carideal\/"},"uagb_comment_info":0,"uagb_excerpt":"Nouvelle Citroen C4 e-hdi 110 Apr\u00e8s, quatre ann\u00e9es de bon et loyaux services les c4 et grand c4 Picasso se refond une l\u00e9g\u00e8re beaut\u00e9. La ligne \u00e9volue en douceur, avec l'adoption d'un bandeau d'\u00e9clairage \u00e0 LED \u00e0 l'avant et de blocs optiques avant et arri\u00e8res remani\u00e9s. De nouveaux \u00e9quipements de communication, baptis\u00e9 e-touch, font leur\u2026","_links":{"self":[{"href":"https:\/\/www.carideal.com\/blog\/wp-json\/wp\/v2\/posts\/819"}],"collection":[{"href":"https:\/\/www.carideal.com\/blog\/wp-json\/wp\/v2\/posts"}],"about":[{"href":"https:\/\/www.carideal.com\/blog\/wp-json\/wp\/v2\/types\/post"}],"author":[{"embeddable":true,"href":"https:\/\/www.carideal.com\/blog\/wp-json\/wp\/v2\/users\/1"}],"replies":[{"embeddable":true,"href":"https:\/\/www.carideal.com\/blog\/wp-json\/wp\/v2\/comments?post=819"}],"version-history":[{"count":0,"href":"https:\/\/www.carideal.com\/blog\/wp-json\/wp\/v2\/posts\/819\/revisions"}],"wp:attachment":[{"href":"https:\/\/www.carideal.com\/blog\/wp-json\/wp\/v2\/media?parent=819"}],"wp:term":[{"taxonomy":"category","embeddable":true,"href":"https:\/\/www.carideal.com\/blog\/wp-json\/wp\/v2\/categories?post=819"},{"taxonomy":"post_tag","embeddable":true,"href":"https:\/\/www.carideal.com\/blog\/wp-json\/wp\/v2\/tags?post=819"}],"curies":[{"name":"wp","href":"https:\/\/api.w.org\/{rel}","templated":true}]}}