{"id":81,"date":"2010-11-20T09:27:00","date_gmt":"2010-11-20T09:27:00","guid":{"rendered":"http:\/\/carideal.com\/blog\/?p=81"},"modified":"2016-06-17T16:33:41","modified_gmt":"2016-06-17T14:33:41","slug":"general-motors-se-re-privatise","status":"publish","type":"post","link":"https:\/\/www.carideal.com\/blog\/2010\/11\/20\/general-motors-se-re-privatise\/","title":{"rendered":"General Motors se re-privatise"},"content":{"rendered":"<p><img decoding=\"async\" title=\"bourse US capital automobile, nov. 2010\" src=\"\/blog\/public\/.bourse-us-capital-carideal_m.jpg\" alt=\"bourse US capital automobile\" \/><\/p>\n<h1><strong>General Motors se re-privatise<\/strong><\/h1>\n<blockquote><p>General Motors vient de lever plus de 20 milliards de dollards \u00e0 la bourse (c) image AFP<\/p><\/blockquote>\n<p>Juste deux ans apr\u00e8s sa faillite, la strat\u00e9gie de G\u00e9n\u00e9ral Motors, s\u00e9duit le monde financier.<br \/>\nGeneral Motors ou le renouveau, plait au monde financier. Le constructeur am\u00e9ricain vient de lever au moins 20 milliards de dollars lors de cette op\u00e9ration de bourse, d\u00e9passant le capital lev\u00e9 en son temps par l'introduction en Bourse de Visa en 2008 (19,7 milliards), qui repr\u00e9sentait jusqu'alors le record aux Etats-Unis.<br \/>\nSi toutes les options de r\u00e9servation sont exerc\u00e9es, la somme pourrait m\u00eame atteindre 23,1 milliards de dollars, ce qui en ferait la plus grosse lev\u00e9e de fonds lors d'une introduction en Bourse mondiale jamais connue, et d\u00e9passerait le record actuel d'AgBank (22,1 milliards de dollars).<\/p>\n<p>Vous pouvez relire nos article sur\u00a0<span style=\"text-decoration: underline;\"><a href=\"http:\/\/www.carideal.com\/blog\/2008\/12\/07\/les-big-three-obtiennent-15-milliards-du-gouvernement-americain\/\">Les big three obtiennent 15 milliards de dollards<\/a><\/span> et\u00a0<span style=\"text-decoration: underline;\"><a href=\"http:\/\/www.carideal.com\/blog\/2008\/11\/30\/il-faut-faut-sauver-lautomobile-americaine\/\">Il faut sauver l'automobile am\u00e9ricaine<\/a><\/span><br \/>\nUn syndicat automobile, des fonds financiers, beaucoup de particuliers, des banques, l'\u00e9tat canadien, ont \u00e9t\u00e9 s\u00e9duit par la strat\u00e9gie de General Motors, qu'on ne pourra plus appeler \"<strong>G<\/strong>overnement <strong>M<\/strong>otors\".<\/p>\n","protected":false},"excerpt":{"rendered":"<p>General Motors se re-privatise General Motors vient de lever plus de 20 milliards de dollards \u00e0 la bourse (c) image AFP Juste deux ans apr\u00e8s sa faillite, la strat\u00e9gie de G\u00e9n\u00e9ral Motors, s\u00e9duit le monde financier. General Motors ou le renouveau, plait au monde financier. Le constructeur am\u00e9ricain vient de lever au moins 20 milliards &#8230; <a title=\"General Motors se re-privatise\" class=\"read-more\" href=\"https:\/\/www.carideal.com\/blog\/2010\/11\/20\/general-motors-se-re-privatise\/\" aria-label=\"En savoir plus sur General Motors se re-privatise\">Lire plus<\/a><\/p>\n","protected":false},"author":1,"featured_media":0,"comment_status":"open","ping_status":"open","sticky":false,"template":"","format":"standard","meta":{"_uag_custom_page_level_css":"","_themeisle_gutenberg_block_has_review":false,"footnotes":""},"categories":[21,5944,3,5967],"tags":[],"class_list":["post-81","post","type-post","status-publish","format-standard","hentry","category-actualites-auto","category-constructeur","category-actualites-financieres","category-general-motors"],"wppr_data":[],"yoast_head":"<!-- This site is optimized with the Yoast SEO plugin v24.8.1 - https:\/\/yoast.com\/wordpress\/plugins\/seo\/ -->\n<title>General Motors se re-privatise - Blog auto Carid\u00e9al<\/title>\n<meta name=\"robots\" content=\"index, follow, max-snippet:-1, max-image-preview:large, max-video-preview:-1\" \/>\n<link rel=\"canonical\" href=\"https:\/\/www.carideal.com\/blog\/2010\/11\/20\/general-motors-se-re-privatise\/\" \/>\n<meta property=\"og:locale\" content=\"fr_FR\" \/>\n<meta property=\"og:type\" content=\"article\" \/>\n<meta property=\"og:title\" content=\"General Motors se re-privatise - Blog auto Carid\u00e9al\" \/>\n<meta property=\"og:description\" content=\"General Motors se re-privatise General Motors vient de lever plus de 20 milliards de dollards \u00e0 la bourse (c) image AFP Juste deux ans apr\u00e8s sa faillite, la strat\u00e9gie de G\u00e9n\u00e9ral Motors, s\u00e9duit le monde financier. General Motors ou le renouveau, plait au monde financier. Le constructeur am\u00e9ricain vient de lever au moins 20 milliards ... Lire plus\" \/>\n<meta property=\"og:url\" content=\"https:\/\/www.carideal.com\/blog\/2010\/11\/20\/general-motors-se-re-privatise\/\" \/>\n<meta property=\"og:site_name\" content=\"Blog auto Carid\u00e9al\" \/>\n<meta property=\"article:publisher\" content=\"https:\/\/www.facebook.com\/Carideal.mandataire.automobile\" \/>\n<meta property=\"article:author\" content=\"https:\/\/www.facebook.com\/Carideal.mandataire.automobile\/\" \/>\n<meta property=\"article:published_time\" content=\"2010-11-20T09:27:00+00:00\" \/>\n<meta property=\"article:modified_time\" content=\"2016-06-17T14:33:41+00:00\" \/>\n<meta property=\"og:image\" content=\"https:\/\/www.carideal.com\/blog\/wp-content\/uploads\/2016\/03\/logo-carideal-mandataire-automobile.png\" \/>\n\t<meta property=\"og:image:width\" content=\"300\" \/>\n\t<meta property=\"og:image:height\" content=\"300\" \/>\n\t<meta property=\"og:image:type\" content=\"image\/png\" \/>\n<meta name=\"author\" content=\"N.S Carideal\" \/>\n<meta name=\"twitter:card\" content=\"summary_large_image\" \/>\n<meta name=\"twitter:creator\" content=\"@caridealauto\" \/>\n<meta name=\"twitter:site\" content=\"@caridealauto\" \/>\n<meta name=\"twitter:label1\" content=\"\u00c9crit par\" \/>\n\t<meta name=\"twitter:data1\" content=\"N.S Carideal\" \/>\n\t<meta name=\"twitter:label2\" content=\"Dur\u00e9e de lecture estim\u00e9e\" \/>\n\t<meta name=\"twitter:data2\" content=\"1 minute\" \/>\n<script type=\"application\/ld+json\" class=\"yoast-schema-graph\">{\"@context\":\"https:\/\/schema.org\",\"@graph\":[{\"@type\":\"Article\",\"@id\":\"https:\/\/www.carideal.com\/blog\/2010\/11\/20\/general-motors-se-re-privatise\/#article\",\"isPartOf\":{\"@id\":\"https:\/\/www.carideal.com\/blog\/2010\/11\/20\/general-motors-se-re-privatise\/\"},\"author\":{\"name\":\"N.S Carideal\",\"@id\":\"https:\/\/www.carideal.com\/blog\/#\/schema\/person\/985c7e757d1042d647f21bfaf8d41ebc\"},\"headline\":\"General Motors se re-privatise\",\"datePublished\":\"2010-11-20T09:27:00+00:00\",\"dateModified\":\"2016-06-17T14:33:41+00:00\",\"mainEntityOfPage\":{\"@id\":\"https:\/\/www.carideal.com\/blog\/2010\/11\/20\/general-motors-se-re-privatise\/\"},\"wordCount\":195,\"commentCount\":0,\"publisher\":{\"@id\":\"https:\/\/www.carideal.com\/blog\/#organization\"},\"articleSection\":[\"Actualit\u00e9 automobile\",\"Actualit\u00e9 Constructeur automobile\",\"Actualit\u00e9 Financi\u00e8re\",\"Actualit\u00e9 General Motors\"],\"inLanguage\":\"fr-FR\",\"potentialAction\":[{\"@type\":\"CommentAction\",\"name\":\"Comment\",\"target\":[\"https:\/\/www.carideal.com\/blog\/2010\/11\/20\/general-motors-se-re-privatise\/#respond\"]}]},{\"@type\":\"WebPage\",\"@id\":\"https:\/\/www.carideal.com\/blog\/2010\/11\/20\/general-motors-se-re-privatise\/\",\"url\":\"https:\/\/www.carideal.com\/blog\/2010\/11\/20\/general-motors-se-re-privatise\/\",\"name\":\"General Motors se re-privatise - Blog auto Carid\u00e9al\",\"isPartOf\":{\"@id\":\"https:\/\/www.carideal.com\/blog\/#website\"},\"datePublished\":\"2010-11-20T09:27:00+00:00\",\"dateModified\":\"2016-06-17T14:33:41+00:00\",\"breadcrumb\":{\"@id\":\"https:\/\/www.carideal.com\/blog\/2010\/11\/20\/general-motors-se-re-privatise\/#breadcrumb\"},\"inLanguage\":\"fr-FR\",\"potentialAction\":[{\"@type\":\"ReadAction\",\"target\":[\"https:\/\/www.carideal.com\/blog\/2010\/11\/20\/general-motors-se-re-privatise\/\"]}]},{\"@type\":\"BreadcrumbList\",\"@id\":\"https:\/\/www.carideal.com\/blog\/2010\/11\/20\/general-motors-se-re-privatise\/#breadcrumb\",\"itemListElement\":[{\"@type\":\"ListItem\",\"position\":1,\"name\":\"Blog Carid\u00e9al\",\"item\":\"https:\/\/www.carideal.com\/blog\/\"},{\"@type\":\"ListItem\",\"position\":2,\"name\":\"Actualit\u00e9 Financi\u00e8re\",\"item\":\"https:\/\/www.carideal.com\/blog\/actualites-financieres\/\"},{\"@type\":\"ListItem\",\"position\":3,\"name\":\"General Motors se re-privatise\"}]},{\"@type\":\"WebSite\",\"@id\":\"https:\/\/www.carideal.com\/blog\/#website\",\"url\":\"https:\/\/www.carideal.com\/blog\/\",\"name\":\"Blog auto Carid\u00e9al\",\"description\":\"Actualit\u00e9 auto par des passionn\u00e9s\",\"publisher\":{\"@id\":\"https:\/\/www.carideal.com\/blog\/#organization\"},\"potentialAction\":[{\"@type\":\"SearchAction\",\"target\":{\"@type\":\"EntryPoint\",\"urlTemplate\":\"https:\/\/www.carideal.com\/blog\/?s={search_term_string}\"},\"query-input\":{\"@type\":\"PropertyValueSpecification\",\"valueRequired\":true,\"valueName\":\"search_term_string\"}}],\"inLanguage\":\"fr-FR\"},{\"@type\":\"Organization\",\"@id\":\"https:\/\/www.carideal.com\/blog\/#organization\",\"name\":\"Carideal\",\"url\":\"https:\/\/www.carideal.com\/blog\/\",\"logo\":{\"@type\":\"ImageObject\",\"inLanguage\":\"fr-FR\",\"@id\":\"https:\/\/www.carideal.com\/blog\/#\/schema\/logo\/image\/\",\"url\":\"http:\/\/www.carideal.com\/blog\/wp-content\/uploads\/2016\/03\/logo-carideal-mandataire-automobile.png\",\"contentUrl\":\"http:\/\/www.carideal.com\/blog\/wp-content\/uploads\/2016\/03\/logo-carideal-mandataire-automobile.png\",\"width\":300,\"height\":300,\"caption\":\"Carideal\"},\"image\":{\"@id\":\"https:\/\/www.carideal.com\/blog\/#\/schema\/logo\/image\/\"},\"sameAs\":[\"https:\/\/www.facebook.com\/Carideal.mandataire.automobile\",\"https:\/\/x.com\/caridealauto\",\"https:\/\/www.instagram.com\/carideal1\/\",\"https:\/\/www.linkedin.com\/company\/carideal.com\",\"https:\/\/fr.pinterest.com\/schiavonsas\/\",\"https:\/\/www.youtube.com\/user\/caridealsas\"]},{\"@type\":\"Person\",\"@id\":\"https:\/\/www.carideal.com\/blog\/#\/schema\/person\/985c7e757d1042d647f21bfaf8d41ebc\",\"name\":\"N.S Carideal\",\"image\":{\"@type\":\"ImageObject\",\"inLanguage\":\"fr-FR\",\"@id\":\"https:\/\/www.carideal.com\/blog\/#\/schema\/person\/image\/\",\"url\":\"https:\/\/secure.gravatar.com\/avatar\/edb7ccdf1a4e3d14aef967760d354d0e?s=96&r=g\",\"contentUrl\":\"https:\/\/secure.gravatar.com\/avatar\/edb7ccdf1a4e3d14aef967760d354d0e?s=96&r=g\",\"caption\":\"N.S Carideal\"},\"description\":\"Depuis tout petit fan d'automobile. Il est question d'essayer et de comparer toutes ces voitures qui nous ont fait r\u00e9ver, avant que celles-ci ne devient uniquement des voitures de collection.\",\"sameAs\":[\"http:\/\/www.carideal.com\/blog\",\"https:\/\/www.facebook.com\/Carideal.mandataire.automobile\/\",\"https:\/\/www.linkedin.com\/in\/nschiavon\/\",\"https:\/\/www.youtube.com\/user\/caridealsas\/\"],\"url\":\"https:\/\/www.carideal.com\/blog\/author\/admin_carideal\/\"}]}<\/script>\n<!-- \/ Yoast SEO plugin. -->","yoast_head_json":{"title":"General Motors se re-privatise - Blog auto Carid\u00e9al","robots":{"index":"index","follow":"follow","max-snippet":"max-snippet:-1","max-image-preview":"max-image-preview:large","max-video-preview":"max-video-preview:-1"},"canonical":"https:\/\/www.carideal.com\/blog\/2010\/11\/20\/general-motors-se-re-privatise\/","og_locale":"fr_FR","og_type":"article","og_title":"General Motors se re-privatise - Blog auto Carid\u00e9al","og_description":"General Motors se re-privatise General Motors vient de lever plus de 20 milliards de dollards \u00e0 la bourse (c) image AFP Juste deux ans apr\u00e8s sa faillite, la strat\u00e9gie de G\u00e9n\u00e9ral Motors, s\u00e9duit le monde financier. General Motors ou le renouveau, plait au monde financier. Le constructeur am\u00e9ricain vient de lever au moins 20 milliards ... Lire plus","og_url":"https:\/\/www.carideal.com\/blog\/2010\/11\/20\/general-motors-se-re-privatise\/","og_site_name":"Blog auto Carid\u00e9al","article_publisher":"https:\/\/www.facebook.com\/Carideal.mandataire.automobile","article_author":"https:\/\/www.facebook.com\/Carideal.mandataire.automobile\/","article_published_time":"2010-11-20T09:27:00+00:00","article_modified_time":"2016-06-17T14:33:41+00:00","og_image":[{"width":300,"height":300,"url":"https:\/\/www.carideal.com\/blog\/wp-content\/uploads\/2016\/03\/logo-carideal-mandataire-automobile.png","type":"image\/png"}],"author":"N.S Carideal","twitter_card":"summary_large_image","twitter_creator":"@caridealauto","twitter_site":"@caridealauto","twitter_misc":{"\u00c9crit par":"N.S Carideal","Dur\u00e9e de lecture estim\u00e9e":"1 minute"},"schema":{"@context":"https:\/\/schema.org","@graph":[{"@type":"Article","@id":"https:\/\/www.carideal.com\/blog\/2010\/11\/20\/general-motors-se-re-privatise\/#article","isPartOf":{"@id":"https:\/\/www.carideal.com\/blog\/2010\/11\/20\/general-motors-se-re-privatise\/"},"author":{"name":"N.S Carideal","@id":"https:\/\/www.carideal.com\/blog\/#\/schema\/person\/985c7e757d1042d647f21bfaf8d41ebc"},"headline":"General Motors se re-privatise","datePublished":"2010-11-20T09:27:00+00:00","dateModified":"2016-06-17T14:33:41+00:00","mainEntityOfPage":{"@id":"https:\/\/www.carideal.com\/blog\/2010\/11\/20\/general-motors-se-re-privatise\/"},"wordCount":195,"commentCount":0,"publisher":{"@id":"https:\/\/www.carideal.com\/blog\/#organization"},"articleSection":["Actualit\u00e9 automobile","Actualit\u00e9 Constructeur automobile","Actualit\u00e9 Financi\u00e8re","Actualit\u00e9 General Motors"],"inLanguage":"fr-FR","potentialAction":[{"@type":"CommentAction","name":"Comment","target":["https:\/\/www.carideal.com\/blog\/2010\/11\/20\/general-motors-se-re-privatise\/#respond"]}]},{"@type":"WebPage","@id":"https:\/\/www.carideal.com\/blog\/2010\/11\/20\/general-motors-se-re-privatise\/","url":"https:\/\/www.carideal.com\/blog\/2010\/11\/20\/general-motors-se-re-privatise\/","name":"General Motors se re-privatise - Blog auto Carid\u00e9al","isPartOf":{"@id":"https:\/\/www.carideal.com\/blog\/#website"},"datePublished":"2010-11-20T09:27:00+00:00","dateModified":"2016-06-17T14:33:41+00:00","breadcrumb":{"@id":"https:\/\/www.carideal.com\/blog\/2010\/11\/20\/general-motors-se-re-privatise\/#breadcrumb"},"inLanguage":"fr-FR","potentialAction":[{"@type":"ReadAction","target":["https:\/\/www.carideal.com\/blog\/2010\/11\/20\/general-motors-se-re-privatise\/"]}]},{"@type":"BreadcrumbList","@id":"https:\/\/www.carideal.com\/blog\/2010\/11\/20\/general-motors-se-re-privatise\/#breadcrumb","itemListElement":[{"@type":"ListItem","position":1,"name":"Blog Carid\u00e9al","item":"https:\/\/www.carideal.com\/blog\/"},{"@type":"ListItem","position":2,"name":"Actualit\u00e9 Financi\u00e8re","item":"https:\/\/www.carideal.com\/blog\/actualites-financieres\/"},{"@type":"ListItem","position":3,"name":"General Motors se re-privatise"}]},{"@type":"WebSite","@id":"https:\/\/www.carideal.com\/blog\/#website","url":"https:\/\/www.carideal.com\/blog\/","name":"Blog auto Carid\u00e9al","description":"Actualit\u00e9 auto par des passionn\u00e9s","publisher":{"@id":"https:\/\/www.carideal.com\/blog\/#organization"},"potentialAction":[{"@type":"SearchAction","target":{"@type":"EntryPoint","urlTemplate":"https:\/\/www.carideal.com\/blog\/?s={search_term_string}"},"query-input":{"@type":"PropertyValueSpecification","valueRequired":true,"valueName":"search_term_string"}}],"inLanguage":"fr-FR"},{"@type":"Organization","@id":"https:\/\/www.carideal.com\/blog\/#organization","name":"Carideal","url":"https:\/\/www.carideal.com\/blog\/","logo":{"@type":"ImageObject","inLanguage":"fr-FR","@id":"https:\/\/www.carideal.com\/blog\/#\/schema\/logo\/image\/","url":"http:\/\/www.carideal.com\/blog\/wp-content\/uploads\/2016\/03\/logo-carideal-mandataire-automobile.png","contentUrl":"http:\/\/www.carideal.com\/blog\/wp-content\/uploads\/2016\/03\/logo-carideal-mandataire-automobile.png","width":300,"height":300,"caption":"Carideal"},"image":{"@id":"https:\/\/www.carideal.com\/blog\/#\/schema\/logo\/image\/"},"sameAs":["https:\/\/www.facebook.com\/Carideal.mandataire.automobile","https:\/\/x.com\/caridealauto","https:\/\/www.instagram.com\/carideal1\/","https:\/\/www.linkedin.com\/company\/carideal.com","https:\/\/fr.pinterest.com\/schiavonsas\/","https:\/\/www.youtube.com\/user\/caridealsas"]},{"@type":"Person","@id":"https:\/\/www.carideal.com\/blog\/#\/schema\/person\/985c7e757d1042d647f21bfaf8d41ebc","name":"N.S Carideal","image":{"@type":"ImageObject","inLanguage":"fr-FR","@id":"https:\/\/www.carideal.com\/blog\/#\/schema\/person\/image\/","url":"https:\/\/secure.gravatar.com\/avatar\/edb7ccdf1a4e3d14aef967760d354d0e?s=96&r=g","contentUrl":"https:\/\/secure.gravatar.com\/avatar\/edb7ccdf1a4e3d14aef967760d354d0e?s=96&r=g","caption":"N.S Carideal"},"description":"Depuis tout petit fan d'automobile. Il est question d'essayer et de comparer toutes ces voitures qui nous ont fait r\u00e9ver, avant que celles-ci ne devient uniquement des voitures de collection.","sameAs":["http:\/\/www.carideal.com\/blog","https:\/\/www.facebook.com\/Carideal.mandataire.automobile\/","https:\/\/www.linkedin.com\/in\/nschiavon\/","https:\/\/www.youtube.com\/user\/caridealsas\/"],"url":"https:\/\/www.carideal.com\/blog\/author\/admin_carideal\/"}]}},"uagb_featured_image_src":{"full":false,"thumbnail":false,"medium":false,"medium_large":false,"large":false,"1536x1536":false,"2048x2048":false,"wppr-widget":false},"uagb_author_info":{"display_name":"N.S Carideal","author_link":"https:\/\/www.carideal.com\/blog\/author\/admin_carideal\/"},"uagb_comment_info":0,"uagb_excerpt":"General Motors se re-privatise General Motors vient de lever plus de 20 milliards de dollards \u00e0 la bourse (c) image AFP Juste deux ans apr\u00e8s sa faillite, la strat\u00e9gie de G\u00e9n\u00e9ral Motors, s\u00e9duit le monde financier. General Motors ou le renouveau, plait au monde financier. Le constructeur am\u00e9ricain vient de lever au moins 20 milliards\u2026","_links":{"self":[{"href":"https:\/\/www.carideal.com\/blog\/wp-json\/wp\/v2\/posts\/81"}],"collection":[{"href":"https:\/\/www.carideal.com\/blog\/wp-json\/wp\/v2\/posts"}],"about":[{"href":"https:\/\/www.carideal.com\/blog\/wp-json\/wp\/v2\/types\/post"}],"author":[{"embeddable":true,"href":"https:\/\/www.carideal.com\/blog\/wp-json\/wp\/v2\/users\/1"}],"replies":[{"embeddable":true,"href":"https:\/\/www.carideal.com\/blog\/wp-json\/wp\/v2\/comments?post=81"}],"version-history":[{"count":0,"href":"https:\/\/www.carideal.com\/blog\/wp-json\/wp\/v2\/posts\/81\/revisions"}],"wp:attachment":[{"href":"https:\/\/www.carideal.com\/blog\/wp-json\/wp\/v2\/media?parent=81"}],"wp:term":[{"taxonomy":"category","embeddable":true,"href":"https:\/\/www.carideal.com\/blog\/wp-json\/wp\/v2\/categories?post=81"},{"taxonomy":"post_tag","embeddable":true,"href":"https:\/\/www.carideal.com\/blog\/wp-json\/wp\/v2\/tags?post=81"}],"curies":[{"name":"wp","href":"https:\/\/api.w.org\/{rel}","templated":true}]}}