{"id":807,"date":"2010-06-22T08:30:00","date_gmt":"2010-06-22T08:30:00","guid":{"rendered":"http:\/\/carideal.com\/blog\/?p=807"},"modified":"2010-06-22T08:30:00","modified_gmt":"2010-06-22T08:30:00","slug":"fiat-500-rossa-corsa-en-allemagne-seulement","status":"publish","type":"post","link":"https:\/\/www.carideal.com\/blog\/2010\/06\/22\/fiat-500-rossa-corsa-en-allemagne-seulement\/","title":{"rendered":"Fiat 500 Rossa Corsa : en Allemagne seulement"},"content":{"rendered":"<p>Quand il n\u2019y en a plus il y en a encore des s\u00e9ries limit\u00e9es pour la petite <a href=\"\/blog\/index.php?tag\/Fiat%20500\">Fiat 500<\/a>. La derni\u00e8re \u00e9dition en date est propos\u00e9e chez nos voisins allemands sous le nom <a href=\"\/blog\/index.php?tag\/Rossa%20Corsa\">Rossa Corsa<\/a>, hommage aux traditionnel rouge des supersportive de la marque que vous savez. Limit\u00e9e \u00e0 250 exemplaires, tous propos\u00e9s en <a href=\"\/blog\/index.php?tag\/Allemagne\">Allemagne<\/a> donc, la Fiat 500 Rossa Corsa sera factur\u00e9e 19 400 euros.<\/p>\n<p>Outre sa livr\u00e9e de carrosserie Rossa Corsa, cette s\u00e9rie sp\u00e9ciale adopte une plaque num\u00e9rot\u00e9e, le logo Rossa Corsa et est gratifi\u00e9e de quelques petits plus \u00e0 l\u2019image d\u2019une sellerie cuir sp\u00e9cifique et d\u2019un nouvel ensemble audio.<\/p>\n<p>Ext\u00e9rieurement son traitement particulier lui offre des jantes en alliage de 16 pouces, des plaquettes de freins rouges et de phares bi-x\u00e9non. Ah, question m\u00e9canique quand m\u00eame c\u2019est le 1.4 de 100 ch qui a \u00e9t\u00e9 choisi<\/p>\n<p><a href=\"\/blog\/index.php?post\/2010\/06\/17\/La-Fiat-500C-se-decline-desormais-en-Diesel\">Fiat 500 by DIESEL<\/a><\/p>\n","protected":false},"excerpt":{"rendered":"<p>Quand il n\u2019y en a plus il y en a encore des s\u00e9ries limit\u00e9es pour la petite Fiat 500. La derni\u00e8re \u00e9dition en date est propos\u00e9e chez nos voisins allemands sous le nom Rossa Corsa, hommage aux traditionnel rouge des supersportive de la marque que vous savez. Limit\u00e9e \u00e0 250 exemplaires, tous propos\u00e9s en Allemagne &#8230; <a title=\"Fiat 500 Rossa Corsa : en Allemagne seulement\" class=\"read-more\" href=\"https:\/\/www.carideal.com\/blog\/2010\/06\/22\/fiat-500-rossa-corsa-en-allemagne-seulement\/\" aria-label=\"En savoir plus sur Fiat 500 Rossa Corsa : en Allemagne seulement\">Lire plus<\/a><\/p>\n","protected":false},"author":1,"featured_media":0,"comment_status":"open","ping_status":"open","sticky":false,"template":"","format":"standard","meta":{"_uag_custom_page_level_css":"","_themeisle_gutenberg_block_has_review":false,"footnotes":""},"categories":[10],"tags":[],"class_list":["post-807","post","type-post","status-publish","format-standard","hentry","category-marche-automobile-voiture-neuve-occasion-4x4-suv"],"wppr_data":[],"yoast_head":"<!-- This site is optimized with the Yoast SEO plugin v24.8.1 - https:\/\/yoast.com\/wordpress\/plugins\/seo\/ -->\n<title>Fiat 500 Rossa Corsa : en Allemagne seulement - Blog auto Carid\u00e9al<\/title>\n<meta name=\"robots\" content=\"index, follow, max-snippet:-1, max-image-preview:large, max-video-preview:-1\" \/>\n<link rel=\"canonical\" href=\"https:\/\/www.carideal.com\/blog\/2010\/06\/22\/fiat-500-rossa-corsa-en-allemagne-seulement\/\" \/>\n<meta property=\"og:locale\" content=\"fr_FR\" \/>\n<meta property=\"og:type\" content=\"article\" \/>\n<meta property=\"og:title\" content=\"Fiat 500 Rossa Corsa : en Allemagne seulement - Blog auto Carid\u00e9al\" \/>\n<meta property=\"og:description\" content=\"Quand il n\u2019y en a plus il y en a encore des s\u00e9ries limit\u00e9es pour la petite Fiat 500. La derni\u00e8re \u00e9dition en date est propos\u00e9e chez nos voisins allemands sous le nom Rossa Corsa, hommage aux traditionnel rouge des supersportive de la marque que vous savez. Limit\u00e9e \u00e0 250 exemplaires, tous propos\u00e9s en Allemagne ... Lire plus\" \/>\n<meta property=\"og:url\" content=\"https:\/\/www.carideal.com\/blog\/2010\/06\/22\/fiat-500-rossa-corsa-en-allemagne-seulement\/\" \/>\n<meta property=\"og:site_name\" content=\"Blog auto Carid\u00e9al\" \/>\n<meta property=\"article:publisher\" content=\"https:\/\/www.facebook.com\/Carideal.mandataire.automobile\" \/>\n<meta property=\"article:author\" content=\"https:\/\/www.facebook.com\/Carideal.mandataire.automobile\/\" \/>\n<meta property=\"article:published_time\" content=\"2010-06-22T08:30:00+00:00\" \/>\n<meta property=\"og:image\" content=\"https:\/\/www.carideal.com\/blog\/wp-content\/uploads\/2016\/03\/logo-carideal-mandataire-automobile.png\" \/>\n\t<meta property=\"og:image:width\" content=\"300\" \/>\n\t<meta property=\"og:image:height\" content=\"300\" \/>\n\t<meta property=\"og:image:type\" content=\"image\/png\" \/>\n<meta name=\"author\" content=\"N.S Carideal\" \/>\n<meta name=\"twitter:card\" content=\"summary_large_image\" \/>\n<meta name=\"twitter:creator\" content=\"@caridealauto\" \/>\n<meta name=\"twitter:site\" content=\"@caridealauto\" \/>\n<meta name=\"twitter:label1\" content=\"\u00c9crit par\" \/>\n\t<meta name=\"twitter:data1\" content=\"N.S Carideal\" \/>\n\t<meta name=\"twitter:label2\" content=\"Dur\u00e9e de lecture estim\u00e9e\" \/>\n\t<meta name=\"twitter:data2\" content=\"1 minute\" \/>\n<script type=\"application\/ld+json\" class=\"yoast-schema-graph\">{\"@context\":\"https:\/\/schema.org\",\"@graph\":[{\"@type\":\"Article\",\"@id\":\"https:\/\/www.carideal.com\/blog\/2010\/06\/22\/fiat-500-rossa-corsa-en-allemagne-seulement\/#article\",\"isPartOf\":{\"@id\":\"https:\/\/www.carideal.com\/blog\/2010\/06\/22\/fiat-500-rossa-corsa-en-allemagne-seulement\/\"},\"author\":{\"name\":\"N.S Carideal\",\"@id\":\"https:\/\/www.carideal.com\/blog\/#\/schema\/person\/985c7e757d1042d647f21bfaf8d41ebc\"},\"headline\":\"Fiat 500 Rossa Corsa : en Allemagne seulement\",\"datePublished\":\"2010-06-22T08:30:00+00:00\",\"mainEntityOfPage\":{\"@id\":\"https:\/\/www.carideal.com\/blog\/2010\/06\/22\/fiat-500-rossa-corsa-en-allemagne-seulement\/\"},\"wordCount\":161,\"commentCount\":0,\"publisher\":{\"@id\":\"https:\/\/www.carideal.com\/blog\/#organization\"},\"articleSection\":[\"March\u00e9 automobile\"],\"inLanguage\":\"fr-FR\",\"potentialAction\":[{\"@type\":\"CommentAction\",\"name\":\"Comment\",\"target\":[\"https:\/\/www.carideal.com\/blog\/2010\/06\/22\/fiat-500-rossa-corsa-en-allemagne-seulement\/#respond\"]}]},{\"@type\":\"WebPage\",\"@id\":\"https:\/\/www.carideal.com\/blog\/2010\/06\/22\/fiat-500-rossa-corsa-en-allemagne-seulement\/\",\"url\":\"https:\/\/www.carideal.com\/blog\/2010\/06\/22\/fiat-500-rossa-corsa-en-allemagne-seulement\/\",\"name\":\"Fiat 500 Rossa Corsa : en Allemagne seulement - Blog auto Carid\u00e9al\",\"isPartOf\":{\"@id\":\"https:\/\/www.carideal.com\/blog\/#website\"},\"datePublished\":\"2010-06-22T08:30:00+00:00\",\"breadcrumb\":{\"@id\":\"https:\/\/www.carideal.com\/blog\/2010\/06\/22\/fiat-500-rossa-corsa-en-allemagne-seulement\/#breadcrumb\"},\"inLanguage\":\"fr-FR\",\"potentialAction\":[{\"@type\":\"ReadAction\",\"target\":[\"https:\/\/www.carideal.com\/blog\/2010\/06\/22\/fiat-500-rossa-corsa-en-allemagne-seulement\/\"]}]},{\"@type\":\"BreadcrumbList\",\"@id\":\"https:\/\/www.carideal.com\/blog\/2010\/06\/22\/fiat-500-rossa-corsa-en-allemagne-seulement\/#breadcrumb\",\"itemListElement\":[{\"@type\":\"ListItem\",\"position\":1,\"name\":\"Blog Carid\u00e9al\",\"item\":\"https:\/\/www.carideal.com\/blog\/\"},{\"@type\":\"ListItem\",\"position\":2,\"name\":\"March\u00e9 automobile\",\"item\":\"https:\/\/www.carideal.com\/blog\/marche-automobile-voiture-neuve-occasion-4x4-suv\/\"},{\"@type\":\"ListItem\",\"position\":3,\"name\":\"Fiat 500 Rossa Corsa : en Allemagne seulement\"}]},{\"@type\":\"WebSite\",\"@id\":\"https:\/\/www.carideal.com\/blog\/#website\",\"url\":\"https:\/\/www.carideal.com\/blog\/\",\"name\":\"Blog auto Carid\u00e9al\",\"description\":\"Actualit\u00e9 auto par des passionn\u00e9s\",\"publisher\":{\"@id\":\"https:\/\/www.carideal.com\/blog\/#organization\"},\"potentialAction\":[{\"@type\":\"SearchAction\",\"target\":{\"@type\":\"EntryPoint\",\"urlTemplate\":\"https:\/\/www.carideal.com\/blog\/?s={search_term_string}\"},\"query-input\":{\"@type\":\"PropertyValueSpecification\",\"valueRequired\":true,\"valueName\":\"search_term_string\"}}],\"inLanguage\":\"fr-FR\"},{\"@type\":\"Organization\",\"@id\":\"https:\/\/www.carideal.com\/blog\/#organization\",\"name\":\"Carideal\",\"url\":\"https:\/\/www.carideal.com\/blog\/\",\"logo\":{\"@type\":\"ImageObject\",\"inLanguage\":\"fr-FR\",\"@id\":\"https:\/\/www.carideal.com\/blog\/#\/schema\/logo\/image\/\",\"url\":\"http:\/\/www.carideal.com\/blog\/wp-content\/uploads\/2016\/03\/logo-carideal-mandataire-automobile.png\",\"contentUrl\":\"http:\/\/www.carideal.com\/blog\/wp-content\/uploads\/2016\/03\/logo-carideal-mandataire-automobile.png\",\"width\":300,\"height\":300,\"caption\":\"Carideal\"},\"image\":{\"@id\":\"https:\/\/www.carideal.com\/blog\/#\/schema\/logo\/image\/\"},\"sameAs\":[\"https:\/\/www.facebook.com\/Carideal.mandataire.automobile\",\"https:\/\/x.com\/caridealauto\",\"https:\/\/www.instagram.com\/carideal1\/\",\"https:\/\/www.linkedin.com\/company\/carideal.com\",\"https:\/\/fr.pinterest.com\/schiavonsas\/\",\"https:\/\/www.youtube.com\/user\/caridealsas\"]},{\"@type\":\"Person\",\"@id\":\"https:\/\/www.carideal.com\/blog\/#\/schema\/person\/985c7e757d1042d647f21bfaf8d41ebc\",\"name\":\"N.S Carideal\",\"image\":{\"@type\":\"ImageObject\",\"inLanguage\":\"fr-FR\",\"@id\":\"https:\/\/www.carideal.com\/blog\/#\/schema\/person\/image\/\",\"url\":\"https:\/\/secure.gravatar.com\/avatar\/edb7ccdf1a4e3d14aef967760d354d0e?s=96&r=g\",\"contentUrl\":\"https:\/\/secure.gravatar.com\/avatar\/edb7ccdf1a4e3d14aef967760d354d0e?s=96&r=g\",\"caption\":\"N.S Carideal\"},\"description\":\"Depuis tout petit fan d'automobile. Il est question d'essayer et de comparer toutes ces voitures qui nous ont fait r\u00e9ver, avant que celles-ci ne devient uniquement des voitures de collection.\",\"sameAs\":[\"http:\/\/www.carideal.com\/blog\",\"https:\/\/www.facebook.com\/Carideal.mandataire.automobile\/\",\"https:\/\/www.linkedin.com\/in\/nschiavon\/\",\"https:\/\/www.youtube.com\/user\/caridealsas\/\"],\"url\":\"https:\/\/www.carideal.com\/blog\/author\/admin_carideal\/\"}]}<\/script>\n<!-- \/ Yoast SEO plugin. -->","yoast_head_json":{"title":"Fiat 500 Rossa Corsa : en Allemagne seulement - Blog auto Carid\u00e9al","robots":{"index":"index","follow":"follow","max-snippet":"max-snippet:-1","max-image-preview":"max-image-preview:large","max-video-preview":"max-video-preview:-1"},"canonical":"https:\/\/www.carideal.com\/blog\/2010\/06\/22\/fiat-500-rossa-corsa-en-allemagne-seulement\/","og_locale":"fr_FR","og_type":"article","og_title":"Fiat 500 Rossa Corsa : en Allemagne seulement - Blog auto Carid\u00e9al","og_description":"Quand il n\u2019y en a plus il y en a encore des s\u00e9ries limit\u00e9es pour la petite Fiat 500. La derni\u00e8re \u00e9dition en date est propos\u00e9e chez nos voisins allemands sous le nom Rossa Corsa, hommage aux traditionnel rouge des supersportive de la marque que vous savez. Limit\u00e9e \u00e0 250 exemplaires, tous propos\u00e9s en Allemagne ... Lire plus","og_url":"https:\/\/www.carideal.com\/blog\/2010\/06\/22\/fiat-500-rossa-corsa-en-allemagne-seulement\/","og_site_name":"Blog auto Carid\u00e9al","article_publisher":"https:\/\/www.facebook.com\/Carideal.mandataire.automobile","article_author":"https:\/\/www.facebook.com\/Carideal.mandataire.automobile\/","article_published_time":"2010-06-22T08:30:00+00:00","og_image":[{"width":300,"height":300,"url":"https:\/\/www.carideal.com\/blog\/wp-content\/uploads\/2016\/03\/logo-carideal-mandataire-automobile.png","type":"image\/png"}],"author":"N.S Carideal","twitter_card":"summary_large_image","twitter_creator":"@caridealauto","twitter_site":"@caridealauto","twitter_misc":{"\u00c9crit par":"N.S Carideal","Dur\u00e9e de lecture estim\u00e9e":"1 minute"},"schema":{"@context":"https:\/\/schema.org","@graph":[{"@type":"Article","@id":"https:\/\/www.carideal.com\/blog\/2010\/06\/22\/fiat-500-rossa-corsa-en-allemagne-seulement\/#article","isPartOf":{"@id":"https:\/\/www.carideal.com\/blog\/2010\/06\/22\/fiat-500-rossa-corsa-en-allemagne-seulement\/"},"author":{"name":"N.S Carideal","@id":"https:\/\/www.carideal.com\/blog\/#\/schema\/person\/985c7e757d1042d647f21bfaf8d41ebc"},"headline":"Fiat 500 Rossa Corsa : en Allemagne seulement","datePublished":"2010-06-22T08:30:00+00:00","mainEntityOfPage":{"@id":"https:\/\/www.carideal.com\/blog\/2010\/06\/22\/fiat-500-rossa-corsa-en-allemagne-seulement\/"},"wordCount":161,"commentCount":0,"publisher":{"@id":"https:\/\/www.carideal.com\/blog\/#organization"},"articleSection":["March\u00e9 automobile"],"inLanguage":"fr-FR","potentialAction":[{"@type":"CommentAction","name":"Comment","target":["https:\/\/www.carideal.com\/blog\/2010\/06\/22\/fiat-500-rossa-corsa-en-allemagne-seulement\/#respond"]}]},{"@type":"WebPage","@id":"https:\/\/www.carideal.com\/blog\/2010\/06\/22\/fiat-500-rossa-corsa-en-allemagne-seulement\/","url":"https:\/\/www.carideal.com\/blog\/2010\/06\/22\/fiat-500-rossa-corsa-en-allemagne-seulement\/","name":"Fiat 500 Rossa Corsa : en Allemagne seulement - Blog auto Carid\u00e9al","isPartOf":{"@id":"https:\/\/www.carideal.com\/blog\/#website"},"datePublished":"2010-06-22T08:30:00+00:00","breadcrumb":{"@id":"https:\/\/www.carideal.com\/blog\/2010\/06\/22\/fiat-500-rossa-corsa-en-allemagne-seulement\/#breadcrumb"},"inLanguage":"fr-FR","potentialAction":[{"@type":"ReadAction","target":["https:\/\/www.carideal.com\/blog\/2010\/06\/22\/fiat-500-rossa-corsa-en-allemagne-seulement\/"]}]},{"@type":"BreadcrumbList","@id":"https:\/\/www.carideal.com\/blog\/2010\/06\/22\/fiat-500-rossa-corsa-en-allemagne-seulement\/#breadcrumb","itemListElement":[{"@type":"ListItem","position":1,"name":"Blog Carid\u00e9al","item":"https:\/\/www.carideal.com\/blog\/"},{"@type":"ListItem","position":2,"name":"March\u00e9 automobile","item":"https:\/\/www.carideal.com\/blog\/marche-automobile-voiture-neuve-occasion-4x4-suv\/"},{"@type":"ListItem","position":3,"name":"Fiat 500 Rossa Corsa : en Allemagne seulement"}]},{"@type":"WebSite","@id":"https:\/\/www.carideal.com\/blog\/#website","url":"https:\/\/www.carideal.com\/blog\/","name":"Blog auto Carid\u00e9al","description":"Actualit\u00e9 auto par des passionn\u00e9s","publisher":{"@id":"https:\/\/www.carideal.com\/blog\/#organization"},"potentialAction":[{"@type":"SearchAction","target":{"@type":"EntryPoint","urlTemplate":"https:\/\/www.carideal.com\/blog\/?s={search_term_string}"},"query-input":{"@type":"PropertyValueSpecification","valueRequired":true,"valueName":"search_term_string"}}],"inLanguage":"fr-FR"},{"@type":"Organization","@id":"https:\/\/www.carideal.com\/blog\/#organization","name":"Carideal","url":"https:\/\/www.carideal.com\/blog\/","logo":{"@type":"ImageObject","inLanguage":"fr-FR","@id":"https:\/\/www.carideal.com\/blog\/#\/schema\/logo\/image\/","url":"http:\/\/www.carideal.com\/blog\/wp-content\/uploads\/2016\/03\/logo-carideal-mandataire-automobile.png","contentUrl":"http:\/\/www.carideal.com\/blog\/wp-content\/uploads\/2016\/03\/logo-carideal-mandataire-automobile.png","width":300,"height":300,"caption":"Carideal"},"image":{"@id":"https:\/\/www.carideal.com\/blog\/#\/schema\/logo\/image\/"},"sameAs":["https:\/\/www.facebook.com\/Carideal.mandataire.automobile","https:\/\/x.com\/caridealauto","https:\/\/www.instagram.com\/carideal1\/","https:\/\/www.linkedin.com\/company\/carideal.com","https:\/\/fr.pinterest.com\/schiavonsas\/","https:\/\/www.youtube.com\/user\/caridealsas"]},{"@type":"Person","@id":"https:\/\/www.carideal.com\/blog\/#\/schema\/person\/985c7e757d1042d647f21bfaf8d41ebc","name":"N.S Carideal","image":{"@type":"ImageObject","inLanguage":"fr-FR","@id":"https:\/\/www.carideal.com\/blog\/#\/schema\/person\/image\/","url":"https:\/\/secure.gravatar.com\/avatar\/edb7ccdf1a4e3d14aef967760d354d0e?s=96&r=g","contentUrl":"https:\/\/secure.gravatar.com\/avatar\/edb7ccdf1a4e3d14aef967760d354d0e?s=96&r=g","caption":"N.S Carideal"},"description":"Depuis tout petit fan d'automobile. Il est question d'essayer et de comparer toutes ces voitures qui nous ont fait r\u00e9ver, avant que celles-ci ne devient uniquement des voitures de collection.","sameAs":["http:\/\/www.carideal.com\/blog","https:\/\/www.facebook.com\/Carideal.mandataire.automobile\/","https:\/\/www.linkedin.com\/in\/nschiavon\/","https:\/\/www.youtube.com\/user\/caridealsas\/"],"url":"https:\/\/www.carideal.com\/blog\/author\/admin_carideal\/"}]}},"uagb_featured_image_src":{"full":false,"thumbnail":false,"medium":false,"medium_large":false,"large":false,"1536x1536":false,"2048x2048":false,"wppr-widget":false},"uagb_author_info":{"display_name":"N.S Carideal","author_link":"https:\/\/www.carideal.com\/blog\/author\/admin_carideal\/"},"uagb_comment_info":0,"uagb_excerpt":"Quand il n\u2019y en a plus il y en a encore des s\u00e9ries limit\u00e9es pour la petite Fiat 500. La derni\u00e8re \u00e9dition en date est propos\u00e9e chez nos voisins allemands sous le nom Rossa Corsa, hommage aux traditionnel rouge des supersportive de la marque que vous savez. Limit\u00e9e \u00e0 250 exemplaires, tous propos\u00e9s en Allemagne\u2026","_links":{"self":[{"href":"https:\/\/www.carideal.com\/blog\/wp-json\/wp\/v2\/posts\/807"}],"collection":[{"href":"https:\/\/www.carideal.com\/blog\/wp-json\/wp\/v2\/posts"}],"about":[{"href":"https:\/\/www.carideal.com\/blog\/wp-json\/wp\/v2\/types\/post"}],"author":[{"embeddable":true,"href":"https:\/\/www.carideal.com\/blog\/wp-json\/wp\/v2\/users\/1"}],"replies":[{"embeddable":true,"href":"https:\/\/www.carideal.com\/blog\/wp-json\/wp\/v2\/comments?post=807"}],"version-history":[{"count":0,"href":"https:\/\/www.carideal.com\/blog\/wp-json\/wp\/v2\/posts\/807\/revisions"}],"wp:attachment":[{"href":"https:\/\/www.carideal.com\/blog\/wp-json\/wp\/v2\/media?parent=807"}],"wp:term":[{"taxonomy":"category","embeddable":true,"href":"https:\/\/www.carideal.com\/blog\/wp-json\/wp\/v2\/categories?post=807"},{"taxonomy":"post_tag","embeddable":true,"href":"https:\/\/www.carideal.com\/blog\/wp-json\/wp\/v2\/tags?post=807"}],"curies":[{"name":"wp","href":"https:\/\/api.w.org\/{rel}","templated":true}]}}