{"id":803,"date":"2010-06-10T16:29:00","date_gmt":"2010-06-10T16:29:00","guid":{"rendered":"http:\/\/carideal.com\/blog\/?p=803"},"modified":"2017-01-27T11:18:38","modified_gmt":"2017-01-27T10:18:38","slug":"la-nouvelle-suzuki-swift","status":"publish","type":"post","link":"https:\/\/www.carideal.com\/blog\/2010\/06\/10\/la-nouvelle-suzuki-swift\/","title":{"rendered":"Nouvelle Suzuki Swift 2010 les changements"},"content":{"rendered":"<h1><strong>La nouvelle Suzuki Swift 2010<\/strong><\/h1>\n<p>Le constructeur <a href=\"http:\/\/www.carideal.com\/blog\/marque-de-voiture-actualites-essais\/suzuki\/\">Suzuki<\/a> proposera deux \"nouveaux\" moteurs, d\u00e8s le lancement de la voiture \u00e0 l'automne prochain. C\u00f4t\u00e9 essence l'ancien 1.3 litre essence de 92 ch a \u00e9t\u00e9 remani\u00e9 -r\u00e9duction de la cylindr\u00e9e et int\u00e9gration du calage variable de la distribution \u00e0 l'admission et \u00e0 l'\u00e9chappement- R\u00e9sultat: puissance (94 ch) et couple (118 Nm) augmentent pour une consommation en baisse de 0,8 litre\/100 kilom\u00e8tres en moyenne. Les \u00e9missions de CO2 passent quant \u00e0 elles de 140 g\/km \u00e0 116 g\/km (bonus 100\u20ac).<\/p>\n<p>L'ancien 1.3 DDiS a lui aussi \u00e9t\u00e9 remani\u00e9. Il conserve sa puissance de 75 chevaux mais ne consomme plus que 4.2 litres\/100 km en cycle mixte (contre 4.5 litres auparavant) et \u00e9met seulement 109 g\/km de CO2 (contre 120 g\/km pr\u00e9c\u00e9demment). Bonus de 500\u20ac \u00e0 l'achat.<\/p>\n<p>&nbsp;<\/p>\n","protected":false},"excerpt":{"rendered":"<p>La nouvelle Suzuki Swift 2010 Le constructeur Suzuki proposera deux \u00ab\u00a0nouveaux\u00a0\u00bb moteurs, d\u00e8s le lancement de la voiture \u00e0 l&rsquo;automne prochain. C\u00f4t\u00e9 essence l&rsquo;ancien 1.3 litre essence de 92 ch a \u00e9t\u00e9 remani\u00e9 -r\u00e9duction de la cylindr\u00e9e et int\u00e9gration du calage variable de la distribution \u00e0 l&rsquo;admission et \u00e0 l&rsquo;\u00e9chappement- R\u00e9sultat: puissance (94 ch) et &#8230; <a title=\"Nouvelle Suzuki Swift 2010 les changements\" class=\"read-more\" href=\"https:\/\/www.carideal.com\/blog\/2010\/06\/10\/la-nouvelle-suzuki-swift\/\" aria-label=\"En savoir plus sur Nouvelle Suzuki Swift 2010 les changements\">Lire plus<\/a><\/p>\n","protected":false},"author":1,"featured_media":15047,"comment_status":"open","ping_status":"open","sticky":false,"template":"","format":"standard","meta":{"_uag_custom_page_level_css":"","_themeisle_gutenberg_block_has_review":false,"footnotes":""},"categories":[5944,6145,6022,5974],"tags":[],"class_list":["post-803","post","type-post","status-publish","format-standard","has-post-thumbnail","hentry","category-constructeur","category-suzuki","category-microcar","category-type-de-vehicule"],"wppr_data":{"cwp_meta_box_check":"No"},"yoast_head":"<!-- This site is optimized with the Yoast SEO plugin v24.8.1 - https:\/\/yoast.com\/wordpress\/plugins\/seo\/ -->\n<title>Nouvelle Suzuki Swift 2010 les changements - Blog auto Carid\u00e9al<\/title>\n<meta name=\"robots\" content=\"index, follow, max-snippet:-1, max-image-preview:large, max-video-preview:-1\" \/>\n<link rel=\"canonical\" href=\"https:\/\/www.carideal.com\/blog\/2010\/06\/10\/la-nouvelle-suzuki-swift\/\" \/>\n<meta property=\"og:locale\" content=\"fr_FR\" \/>\n<meta property=\"og:type\" content=\"article\" \/>\n<meta property=\"og:title\" content=\"Nouvelle Suzuki Swift 2010 les changements - Blog auto Carid\u00e9al\" \/>\n<meta property=\"og:description\" content=\"La nouvelle Suzuki Swift 2010 Le constructeur Suzuki proposera deux &quot;nouveaux&quot; moteurs, d\u00e8s le lancement de la voiture \u00e0 l&#039;automne prochain. C\u00f4t\u00e9 essence l&#039;ancien 1.3 litre essence de 92 ch a \u00e9t\u00e9 remani\u00e9 -r\u00e9duction de la cylindr\u00e9e et int\u00e9gration du calage variable de la distribution \u00e0 l&#039;admission et \u00e0 l&#039;\u00e9chappement- R\u00e9sultat: puissance (94 ch) et ... Lire plus\" \/>\n<meta property=\"og:url\" content=\"https:\/\/www.carideal.com\/blog\/2010\/06\/10\/la-nouvelle-suzuki-swift\/\" \/>\n<meta property=\"og:site_name\" content=\"Blog auto Carid\u00e9al\" \/>\n<meta property=\"article:publisher\" content=\"https:\/\/www.facebook.com\/Carideal.mandataire.automobile\" \/>\n<meta property=\"article:author\" content=\"https:\/\/www.facebook.com\/Carideal.mandataire.automobile\/\" \/>\n<meta property=\"article:published_time\" content=\"2010-06-10T16:29:00+00:00\" \/>\n<meta property=\"article:modified_time\" content=\"2017-01-27T10:18:38+00:00\" \/>\n<meta property=\"og:image\" content=\"https:\/\/www.carideal.com\/blog\/wp-content\/uploads\/2010\/06\/suzuki-swift-2010-e1485512248720.jpg\" \/>\n\t<meta property=\"og:image:width\" content=\"800\" \/>\n\t<meta property=\"og:image:height\" content=\"444\" \/>\n\t<meta property=\"og:image:type\" content=\"image\/jpeg\" \/>\n<meta name=\"author\" content=\"N.S Carideal\" \/>\n<meta name=\"twitter:card\" content=\"summary_large_image\" \/>\n<meta name=\"twitter:creator\" content=\"@caridealauto\" \/>\n<meta name=\"twitter:site\" content=\"@caridealauto\" \/>\n<meta name=\"twitter:label1\" content=\"\u00c9crit par\" \/>\n\t<meta name=\"twitter:data1\" content=\"N.S Carideal\" \/>\n\t<meta name=\"twitter:label2\" content=\"Dur\u00e9e de lecture estim\u00e9e\" \/>\n\t<meta name=\"twitter:data2\" content=\"1 minute\" \/>\n<script type=\"application\/ld+json\" class=\"yoast-schema-graph\">{\"@context\":\"https:\/\/schema.org\",\"@graph\":[{\"@type\":\"Article\",\"@id\":\"https:\/\/www.carideal.com\/blog\/2010\/06\/10\/la-nouvelle-suzuki-swift\/#article\",\"isPartOf\":{\"@id\":\"https:\/\/www.carideal.com\/blog\/2010\/06\/10\/la-nouvelle-suzuki-swift\/\"},\"author\":{\"name\":\"N.S Carideal\",\"@id\":\"https:\/\/www.carideal.com\/blog\/#\/schema\/person\/985c7e757d1042d647f21bfaf8d41ebc\"},\"headline\":\"Nouvelle Suzuki Swift 2010 les changements\",\"datePublished\":\"2010-06-10T16:29:00+00:00\",\"dateModified\":\"2017-01-27T10:18:38+00:00\",\"mainEntityOfPage\":{\"@id\":\"https:\/\/www.carideal.com\/blog\/2010\/06\/10\/la-nouvelle-suzuki-swift\/\"},\"wordCount\":130,\"commentCount\":0,\"publisher\":{\"@id\":\"https:\/\/www.carideal.com\/blog\/#organization\"},\"image\":{\"@id\":\"https:\/\/www.carideal.com\/blog\/2010\/06\/10\/la-nouvelle-suzuki-swift\/#primaryimage\"},\"thumbnailUrl\":\"https:\/\/www.carideal.com\/blog\/wp-content\/uploads\/2010\/06\/suzuki-swift-2010-e1485512248720.jpg\",\"articleSection\":[\"Actualit\u00e9 Constructeur automobile\",\"Actualit\u00e9 Suzuki\",\"Microcar\",\"Type de v\u00e9hicule\"],\"inLanguage\":\"fr-FR\",\"potentialAction\":[{\"@type\":\"CommentAction\",\"name\":\"Comment\",\"target\":[\"https:\/\/www.carideal.com\/blog\/2010\/06\/10\/la-nouvelle-suzuki-swift\/#respond\"]}]},{\"@type\":\"WebPage\",\"@id\":\"https:\/\/www.carideal.com\/blog\/2010\/06\/10\/la-nouvelle-suzuki-swift\/\",\"url\":\"https:\/\/www.carideal.com\/blog\/2010\/06\/10\/la-nouvelle-suzuki-swift\/\",\"name\":\"Nouvelle Suzuki Swift 2010 les changements - Blog auto Carid\u00e9al\",\"isPartOf\":{\"@id\":\"https:\/\/www.carideal.com\/blog\/#website\"},\"primaryImageOfPage\":{\"@id\":\"https:\/\/www.carideal.com\/blog\/2010\/06\/10\/la-nouvelle-suzuki-swift\/#primaryimage\"},\"image\":{\"@id\":\"https:\/\/www.carideal.com\/blog\/2010\/06\/10\/la-nouvelle-suzuki-swift\/#primaryimage\"},\"thumbnailUrl\":\"https:\/\/www.carideal.com\/blog\/wp-content\/uploads\/2010\/06\/suzuki-swift-2010-e1485512248720.jpg\",\"datePublished\":\"2010-06-10T16:29:00+00:00\",\"dateModified\":\"2017-01-27T10:18:38+00:00\",\"breadcrumb\":{\"@id\":\"https:\/\/www.carideal.com\/blog\/2010\/06\/10\/la-nouvelle-suzuki-swift\/#breadcrumb\"},\"inLanguage\":\"fr-FR\",\"potentialAction\":[{\"@type\":\"ReadAction\",\"target\":[\"https:\/\/www.carideal.com\/blog\/2010\/06\/10\/la-nouvelle-suzuki-swift\/\"]}]},{\"@type\":\"ImageObject\",\"inLanguage\":\"fr-FR\",\"@id\":\"https:\/\/www.carideal.com\/blog\/2010\/06\/10\/la-nouvelle-suzuki-swift\/#primaryimage\",\"url\":\"https:\/\/www.carideal.com\/blog\/wp-content\/uploads\/2010\/06\/suzuki-swift-2010-e1485512248720.jpg\",\"contentUrl\":\"https:\/\/www.carideal.com\/blog\/wp-content\/uploads\/2010\/06\/suzuki-swift-2010-e1485512248720.jpg\",\"width\":800,\"height\":444,\"caption\":\"Suzuki Swift 2010\"},{\"@type\":\"BreadcrumbList\",\"@id\":\"https:\/\/www.carideal.com\/blog\/2010\/06\/10\/la-nouvelle-suzuki-swift\/#breadcrumb\",\"itemListElement\":[{\"@type\":\"ListItem\",\"position\":1,\"name\":\"Blog Carid\u00e9al\",\"item\":\"https:\/\/www.carideal.com\/blog\/\"},{\"@type\":\"ListItem\",\"position\":2,\"name\":\"Actualit\u00e9 constructeur automobile\",\"item\":\"https:\/\/www.carideal.com\/blog\/constructeur\/\"},{\"@type\":\"ListItem\",\"position\":3,\"name\":\"Actualit\u00e9 Suzuki\",\"item\":\"https:\/\/www.carideal.com\/blog\/constructeur\/suzuki\/\"},{\"@type\":\"ListItem\",\"position\":4,\"name\":\"Nouvelle Suzuki Swift 2010 les changements\"}]},{\"@type\":\"WebSite\",\"@id\":\"https:\/\/www.carideal.com\/blog\/#website\",\"url\":\"https:\/\/www.carideal.com\/blog\/\",\"name\":\"Blog auto Carid\u00e9al\",\"description\":\"Actualit\u00e9 auto par des passionn\u00e9s\",\"publisher\":{\"@id\":\"https:\/\/www.carideal.com\/blog\/#organization\"},\"potentialAction\":[{\"@type\":\"SearchAction\",\"target\":{\"@type\":\"EntryPoint\",\"urlTemplate\":\"https:\/\/www.carideal.com\/blog\/?s={search_term_string}\"},\"query-input\":{\"@type\":\"PropertyValueSpecification\",\"valueRequired\":true,\"valueName\":\"search_term_string\"}}],\"inLanguage\":\"fr-FR\"},{\"@type\":\"Organization\",\"@id\":\"https:\/\/www.carideal.com\/blog\/#organization\",\"name\":\"Carideal\",\"url\":\"https:\/\/www.carideal.com\/blog\/\",\"logo\":{\"@type\":\"ImageObject\",\"inLanguage\":\"fr-FR\",\"@id\":\"https:\/\/www.carideal.com\/blog\/#\/schema\/logo\/image\/\",\"url\":\"http:\/\/www.carideal.com\/blog\/wp-content\/uploads\/2016\/03\/logo-carideal-mandataire-automobile.png\",\"contentUrl\":\"http:\/\/www.carideal.com\/blog\/wp-content\/uploads\/2016\/03\/logo-carideal-mandataire-automobile.png\",\"width\":300,\"height\":300,\"caption\":\"Carideal\"},\"image\":{\"@id\":\"https:\/\/www.carideal.com\/blog\/#\/schema\/logo\/image\/\"},\"sameAs\":[\"https:\/\/www.facebook.com\/Carideal.mandataire.automobile\",\"https:\/\/x.com\/caridealauto\",\"https:\/\/www.instagram.com\/carideal1\/\",\"https:\/\/www.linkedin.com\/company\/carideal.com\",\"https:\/\/fr.pinterest.com\/schiavonsas\/\",\"https:\/\/www.youtube.com\/user\/caridealsas\"]},{\"@type\":\"Person\",\"@id\":\"https:\/\/www.carideal.com\/blog\/#\/schema\/person\/985c7e757d1042d647f21bfaf8d41ebc\",\"name\":\"N.S Carideal\",\"image\":{\"@type\":\"ImageObject\",\"inLanguage\":\"fr-FR\",\"@id\":\"https:\/\/www.carideal.com\/blog\/#\/schema\/person\/image\/\",\"url\":\"https:\/\/secure.gravatar.com\/avatar\/edb7ccdf1a4e3d14aef967760d354d0e?s=96&r=g\",\"contentUrl\":\"https:\/\/secure.gravatar.com\/avatar\/edb7ccdf1a4e3d14aef967760d354d0e?s=96&r=g\",\"caption\":\"N.S Carideal\"},\"description\":\"Depuis tout petit fan d'automobile. Il est question d'essayer et de comparer toutes ces voitures qui nous ont fait r\u00e9ver, avant que celles-ci ne devient uniquement des voitures de collection.\",\"sameAs\":[\"http:\/\/www.carideal.com\/blog\",\"https:\/\/www.facebook.com\/Carideal.mandataire.automobile\/\",\"https:\/\/www.linkedin.com\/in\/nschiavon\/\",\"https:\/\/www.youtube.com\/user\/caridealsas\/\"],\"url\":\"https:\/\/www.carideal.com\/blog\/author\/admin_carideal\/\"}]}<\/script>\n<!-- \/ Yoast SEO plugin. -->","yoast_head_json":{"title":"Nouvelle Suzuki Swift 2010 les changements - Blog auto Carid\u00e9al","robots":{"index":"index","follow":"follow","max-snippet":"max-snippet:-1","max-image-preview":"max-image-preview:large","max-video-preview":"max-video-preview:-1"},"canonical":"https:\/\/www.carideal.com\/blog\/2010\/06\/10\/la-nouvelle-suzuki-swift\/","og_locale":"fr_FR","og_type":"article","og_title":"Nouvelle Suzuki Swift 2010 les changements - Blog auto Carid\u00e9al","og_description":"La nouvelle Suzuki Swift 2010 Le constructeur Suzuki proposera deux \"nouveaux\" moteurs, d\u00e8s le lancement de la voiture \u00e0 l'automne prochain. C\u00f4t\u00e9 essence l'ancien 1.3 litre essence de 92 ch a \u00e9t\u00e9 remani\u00e9 -r\u00e9duction de la cylindr\u00e9e et int\u00e9gration du calage variable de la distribution \u00e0 l'admission et \u00e0 l'\u00e9chappement- R\u00e9sultat: puissance (94 ch) et ... Lire plus","og_url":"https:\/\/www.carideal.com\/blog\/2010\/06\/10\/la-nouvelle-suzuki-swift\/","og_site_name":"Blog auto Carid\u00e9al","article_publisher":"https:\/\/www.facebook.com\/Carideal.mandataire.automobile","article_author":"https:\/\/www.facebook.com\/Carideal.mandataire.automobile\/","article_published_time":"2010-06-10T16:29:00+00:00","article_modified_time":"2017-01-27T10:18:38+00:00","og_image":[{"width":800,"height":444,"url":"https:\/\/www.carideal.com\/blog\/wp-content\/uploads\/2010\/06\/suzuki-swift-2010-e1485512248720.jpg","type":"image\/jpeg"}],"author":"N.S Carideal","twitter_card":"summary_large_image","twitter_creator":"@caridealauto","twitter_site":"@caridealauto","twitter_misc":{"\u00c9crit par":"N.S Carideal","Dur\u00e9e de lecture estim\u00e9e":"1 minute"},"schema":{"@context":"https:\/\/schema.org","@graph":[{"@type":"Article","@id":"https:\/\/www.carideal.com\/blog\/2010\/06\/10\/la-nouvelle-suzuki-swift\/#article","isPartOf":{"@id":"https:\/\/www.carideal.com\/blog\/2010\/06\/10\/la-nouvelle-suzuki-swift\/"},"author":{"name":"N.S Carideal","@id":"https:\/\/www.carideal.com\/blog\/#\/schema\/person\/985c7e757d1042d647f21bfaf8d41ebc"},"headline":"Nouvelle Suzuki Swift 2010 les changements","datePublished":"2010-06-10T16:29:00+00:00","dateModified":"2017-01-27T10:18:38+00:00","mainEntityOfPage":{"@id":"https:\/\/www.carideal.com\/blog\/2010\/06\/10\/la-nouvelle-suzuki-swift\/"},"wordCount":130,"commentCount":0,"publisher":{"@id":"https:\/\/www.carideal.com\/blog\/#organization"},"image":{"@id":"https:\/\/www.carideal.com\/blog\/2010\/06\/10\/la-nouvelle-suzuki-swift\/#primaryimage"},"thumbnailUrl":"https:\/\/www.carideal.com\/blog\/wp-content\/uploads\/2010\/06\/suzuki-swift-2010-e1485512248720.jpg","articleSection":["Actualit\u00e9 Constructeur automobile","Actualit\u00e9 Suzuki","Microcar","Type de v\u00e9hicule"],"inLanguage":"fr-FR","potentialAction":[{"@type":"CommentAction","name":"Comment","target":["https:\/\/www.carideal.com\/blog\/2010\/06\/10\/la-nouvelle-suzuki-swift\/#respond"]}]},{"@type":"WebPage","@id":"https:\/\/www.carideal.com\/blog\/2010\/06\/10\/la-nouvelle-suzuki-swift\/","url":"https:\/\/www.carideal.com\/blog\/2010\/06\/10\/la-nouvelle-suzuki-swift\/","name":"Nouvelle Suzuki Swift 2010 les changements - Blog auto Carid\u00e9al","isPartOf":{"@id":"https:\/\/www.carideal.com\/blog\/#website"},"primaryImageOfPage":{"@id":"https:\/\/www.carideal.com\/blog\/2010\/06\/10\/la-nouvelle-suzuki-swift\/#primaryimage"},"image":{"@id":"https:\/\/www.carideal.com\/blog\/2010\/06\/10\/la-nouvelle-suzuki-swift\/#primaryimage"},"thumbnailUrl":"https:\/\/www.carideal.com\/blog\/wp-content\/uploads\/2010\/06\/suzuki-swift-2010-e1485512248720.jpg","datePublished":"2010-06-10T16:29:00+00:00","dateModified":"2017-01-27T10:18:38+00:00","breadcrumb":{"@id":"https:\/\/www.carideal.com\/blog\/2010\/06\/10\/la-nouvelle-suzuki-swift\/#breadcrumb"},"inLanguage":"fr-FR","potentialAction":[{"@type":"ReadAction","target":["https:\/\/www.carideal.com\/blog\/2010\/06\/10\/la-nouvelle-suzuki-swift\/"]}]},{"@type":"ImageObject","inLanguage":"fr-FR","@id":"https:\/\/www.carideal.com\/blog\/2010\/06\/10\/la-nouvelle-suzuki-swift\/#primaryimage","url":"https:\/\/www.carideal.com\/blog\/wp-content\/uploads\/2010\/06\/suzuki-swift-2010-e1485512248720.jpg","contentUrl":"https:\/\/www.carideal.com\/blog\/wp-content\/uploads\/2010\/06\/suzuki-swift-2010-e1485512248720.jpg","width":800,"height":444,"caption":"Suzuki Swift 2010"},{"@type":"BreadcrumbList","@id":"https:\/\/www.carideal.com\/blog\/2010\/06\/10\/la-nouvelle-suzuki-swift\/#breadcrumb","itemListElement":[{"@type":"ListItem","position":1,"name":"Blog Carid\u00e9al","item":"https:\/\/www.carideal.com\/blog\/"},{"@type":"ListItem","position":2,"name":"Actualit\u00e9 constructeur automobile","item":"https:\/\/www.carideal.com\/blog\/constructeur\/"},{"@type":"ListItem","position":3,"name":"Actualit\u00e9 Suzuki","item":"https:\/\/www.carideal.com\/blog\/constructeur\/suzuki\/"},{"@type":"ListItem","position":4,"name":"Nouvelle Suzuki Swift 2010 les changements"}]},{"@type":"WebSite","@id":"https:\/\/www.carideal.com\/blog\/#website","url":"https:\/\/www.carideal.com\/blog\/","name":"Blog auto Carid\u00e9al","description":"Actualit\u00e9 auto par des passionn\u00e9s","publisher":{"@id":"https:\/\/www.carideal.com\/blog\/#organization"},"potentialAction":[{"@type":"SearchAction","target":{"@type":"EntryPoint","urlTemplate":"https:\/\/www.carideal.com\/blog\/?s={search_term_string}"},"query-input":{"@type":"PropertyValueSpecification","valueRequired":true,"valueName":"search_term_string"}}],"inLanguage":"fr-FR"},{"@type":"Organization","@id":"https:\/\/www.carideal.com\/blog\/#organization","name":"Carideal","url":"https:\/\/www.carideal.com\/blog\/","logo":{"@type":"ImageObject","inLanguage":"fr-FR","@id":"https:\/\/www.carideal.com\/blog\/#\/schema\/logo\/image\/","url":"http:\/\/www.carideal.com\/blog\/wp-content\/uploads\/2016\/03\/logo-carideal-mandataire-automobile.png","contentUrl":"http:\/\/www.carideal.com\/blog\/wp-content\/uploads\/2016\/03\/logo-carideal-mandataire-automobile.png","width":300,"height":300,"caption":"Carideal"},"image":{"@id":"https:\/\/www.carideal.com\/blog\/#\/schema\/logo\/image\/"},"sameAs":["https:\/\/www.facebook.com\/Carideal.mandataire.automobile","https:\/\/x.com\/caridealauto","https:\/\/www.instagram.com\/carideal1\/","https:\/\/www.linkedin.com\/company\/carideal.com","https:\/\/fr.pinterest.com\/schiavonsas\/","https:\/\/www.youtube.com\/user\/caridealsas"]},{"@type":"Person","@id":"https:\/\/www.carideal.com\/blog\/#\/schema\/person\/985c7e757d1042d647f21bfaf8d41ebc","name":"N.S Carideal","image":{"@type":"ImageObject","inLanguage":"fr-FR","@id":"https:\/\/www.carideal.com\/blog\/#\/schema\/person\/image\/","url":"https:\/\/secure.gravatar.com\/avatar\/edb7ccdf1a4e3d14aef967760d354d0e?s=96&r=g","contentUrl":"https:\/\/secure.gravatar.com\/avatar\/edb7ccdf1a4e3d14aef967760d354d0e?s=96&r=g","caption":"N.S Carideal"},"description":"Depuis tout petit fan d'automobile. Il est question d'essayer et de comparer toutes ces voitures qui nous ont fait r\u00e9ver, avant que celles-ci ne devient uniquement des voitures de collection.","sameAs":["http:\/\/www.carideal.com\/blog","https:\/\/www.facebook.com\/Carideal.mandataire.automobile\/","https:\/\/www.linkedin.com\/in\/nschiavon\/","https:\/\/www.youtube.com\/user\/caridealsas\/"],"url":"https:\/\/www.carideal.com\/blog\/author\/admin_carideal\/"}]}},"uagb_featured_image_src":{"full":["https:\/\/www.carideal.com\/blog\/wp-content\/uploads\/2010\/06\/suzuki-swift-2010-e1485512248720.jpg",800,444,false],"thumbnail":["https:\/\/www.carideal.com\/blog\/wp-content\/uploads\/2010\/06\/suzuki-swift-2010-150x150.jpg",150,150,true],"medium":["https:\/\/www.carideal.com\/blog\/wp-content\/uploads\/2010\/06\/suzuki-swift-2010-300x166.jpg",300,166,true],"medium_large":["https:\/\/www.carideal.com\/blog\/wp-content\/uploads\/2010\/06\/suzuki-swift-2010-768x426.jpg",768,426,true],"large":["https:\/\/www.carideal.com\/blog\/wp-content\/uploads\/2010\/06\/suzuki-swift-2010-e1485512248720.jpg",800,444,false],"1536x1536":["https:\/\/www.carideal.com\/blog\/wp-content\/uploads\/2010\/06\/suzuki-swift-2010-e1485512248720.jpg",800,444,false],"2048x2048":["https:\/\/www.carideal.com\/blog\/wp-content\/uploads\/2010\/06\/suzuki-swift-2010-e1485512248720.jpg",800,444,false],"wppr-widget":["https:\/\/www.carideal.com\/blog\/wp-content\/uploads\/2010\/06\/suzuki-swift-2010-e1485512248720.jpg",50,28,false]},"uagb_author_info":{"display_name":"N.S Carideal","author_link":"https:\/\/www.carideal.com\/blog\/author\/admin_carideal\/"},"uagb_comment_info":1,"uagb_excerpt":"La nouvelle Suzuki Swift 2010 Le constructeur Suzuki proposera deux \"nouveaux\" moteurs, d\u00e8s le lancement de la voiture \u00e0 l'automne prochain. C\u00f4t\u00e9 essence l'ancien 1.3 litre essence de 92 ch a \u00e9t\u00e9 remani\u00e9 -r\u00e9duction de la cylindr\u00e9e et int\u00e9gration du calage variable de la distribution \u00e0 l'admission et \u00e0 l'\u00e9chappement- R\u00e9sultat: puissance (94 ch) et\u2026","_links":{"self":[{"href":"https:\/\/www.carideal.com\/blog\/wp-json\/wp\/v2\/posts\/803"}],"collection":[{"href":"https:\/\/www.carideal.com\/blog\/wp-json\/wp\/v2\/posts"}],"about":[{"href":"https:\/\/www.carideal.com\/blog\/wp-json\/wp\/v2\/types\/post"}],"author":[{"embeddable":true,"href":"https:\/\/www.carideal.com\/blog\/wp-json\/wp\/v2\/users\/1"}],"replies":[{"embeddable":true,"href":"https:\/\/www.carideal.com\/blog\/wp-json\/wp\/v2\/comments?post=803"}],"version-history":[{"count":0,"href":"https:\/\/www.carideal.com\/blog\/wp-json\/wp\/v2\/posts\/803\/revisions"}],"wp:featuredmedia":[{"embeddable":true,"href":"https:\/\/www.carideal.com\/blog\/wp-json\/wp\/v2\/media\/15047"}],"wp:attachment":[{"href":"https:\/\/www.carideal.com\/blog\/wp-json\/wp\/v2\/media?parent=803"}],"wp:term":[{"taxonomy":"category","embeddable":true,"href":"https:\/\/www.carideal.com\/blog\/wp-json\/wp\/v2\/categories?post=803"},{"taxonomy":"post_tag","embeddable":true,"href":"https:\/\/www.carideal.com\/blog\/wp-json\/wp\/v2\/tags?post=803"}],"curies":[{"name":"wp","href":"https:\/\/api.w.org\/{rel}","templated":true}]}}