{"id":800,"date":"2010-06-09T09:00:00","date_gmt":"2010-06-09T09:00:00","guid":{"rendered":"http:\/\/carideal.com\/blog\/?p=800"},"modified":"2020-03-07T17:34:56","modified_gmt":"2020-03-07T16:34:56","slug":"apres-la-ds3-citroen-prevoit-la-ds4","status":"publish","type":"post","link":"https:\/\/www.carideal.com\/blog\/2010\/06\/09\/apres-la-ds3-citroen-prevoit-la-ds4\/","title":{"rendered":"DS4 compl\u00e8te la gamme apr\u00e8s la DS3"},"content":{"rendered":"<h1><strong>Apres la DS3, Citroen prevoit la DS4<\/strong><\/h1>\n<p>Le <span style=\"text-decoration: underline;\"><a href=\"http:\/\/www.carideal.com\/blog\/2010\/02\/28\/citroen-ds-high-rider-citroen-monte-monte\/\" target=\"_blank\" rel=\"noopener noreferrer\"><strong>DS High Rider Concept<\/strong><\/a><\/span> annonce clairement la couleur. Chaque mod\u00e8le de la gamme chic de <span style=\"text-decoration: underline;\">Citroen<\/span>\u00a0aura bien un design dynamique, distinctif et rac\u00e9.<\/p>\n<p>Un temps envisag\u00e9 comme un coup\u00e9 4 portes d\u00e9riv\u00e9 de la deuxi\u00e8me g\u00e9n\u00e9ration de <span style=\"text-decoration: underline;\">Citro\u00ebn C4<\/span>, la future <strong>DS4<\/strong> sera finalement un coup\u00e9 3 portes tout en offrant quatre vraies places.<\/p>\n<p>Si la proue reste proche de la petite s\u0153ur <span style=\"text-decoration: underline;\">DS3<\/span>, le profil fait quelque peu penser \u00e0 la <span style=\"text-decoration: underline;\">MiTo<\/span> aussi bien par sa surface vitr\u00e9e que par ses passages de roue marqu\u00e9s.<\/p>\n<p>Originalit\u00e9 stylistique, le pare-brise remonte haut sur le pavillon comme sur la nouvelle <span style=\"text-decoration: underline;\">Citroen C3<\/span>. Quant au toit, il est recouvert d'un mat\u00e9riau gain\u00e9 de textile comme un clin d'\u0153il \u00e0 la mode du vinyl qui s\u00e9vissait dans les ann\u00e9es 80 aux \u00c9tats-Unis.<\/p>\n<p>Long de 4,26 m pour une largeur d'1,82 m et une hauteur d'1,48 m, ce prototype arbore des jantes alliage 19 pouces diamant\u00e9es ainsi qu'un \u00e9l\u00e9gant capot \u00e0 double nervure. Apr\u00e8s la <strong>DS3<\/strong> la nouvelle DS4 en Vente chez Carideal\u00a0<span style=\"text-decoration: underline;\">mandataire DS4<\/span>.<\/p>\n<p>C\u00f4t\u00e9 technologie, le DS High Rider Concept se dote d'une motorisation hybride combinant un bloc <span style=\"text-decoration: underline;\"><a href=\"http:\/\/www.carideal.com\/blog\/2010\/10\/14\/citroen-diesel-e-hdi-ecolo\/\">Diesel HDi FAP<\/a><\/span> et un g\u00e9n\u00e9rateur \u00e9lectrique implant\u00e9 au niveau du train arri\u00e8re. Ce moteur \u00e9lectrique peut, d\u00e8s que le conducteur a besoin d'une forte acc\u00e9l\u00e9ration, apporter instantan\u00e9ment son couple en suppl\u00e9ment de celui du moteur HDi.<\/p>\n","protected":false},"excerpt":{"rendered":"<p>Apres la DS3, Citroen prevoit la DS4 Le DS High Rider Concept annonce clairement la couleur. Chaque mod\u00e8le de la gamme chic de Citroen\u00a0aura bien un design dynamique, distinctif et rac\u00e9. Un temps envisag\u00e9 comme un coup\u00e9 4 portes d\u00e9riv\u00e9 de la deuxi\u00e8me g\u00e9n\u00e9ration de Citro\u00ebn C4, la future DS4 sera finalement un coup\u00e9 3 &#8230; <a title=\"DS4 compl\u00e8te la gamme apr\u00e8s la DS3\" class=\"read-more\" href=\"https:\/\/www.carideal.com\/blog\/2010\/06\/09\/apres-la-ds3-citroen-prevoit-la-ds4\/\" aria-label=\"En savoir plus sur DS4 compl\u00e8te la gamme apr\u00e8s la DS3\">Lire plus<\/a><\/p>\n","protected":false},"author":1,"featured_media":0,"comment_status":"open","ping_status":"open","sticky":false,"template":"","format":"standard","meta":{"_uag_custom_page_level_css":"","_themeisle_gutenberg_block_has_review":false,"footnotes":""},"categories":[5944,6001,6012,10,5974],"tags":[],"class_list":["post-800","post","type-post","status-publish","format-standard","hentry","category-constructeur","category-ds","category-berlines","category-marche-automobile-voiture-neuve-occasion-4x4-suv","category-type-de-vehicule"],"wppr_data":[],"yoast_head":"<!-- This site is optimized with the Yoast SEO plugin v24.8.1 - https:\/\/yoast.com\/wordpress\/plugins\/seo\/ -->\n<title>DS4 compl\u00e8te la gamme apr\u00e8s la DS3 - Blog auto Carid\u00e9al<\/title>\n<meta name=\"robots\" content=\"index, follow, max-snippet:-1, max-image-preview:large, max-video-preview:-1\" \/>\n<link rel=\"canonical\" href=\"https:\/\/www.carideal.com\/blog\/2010\/06\/09\/apres-la-ds3-citroen-prevoit-la-ds4\/\" \/>\n<meta property=\"og:locale\" content=\"fr_FR\" \/>\n<meta property=\"og:type\" content=\"article\" \/>\n<meta property=\"og:title\" content=\"DS4 compl\u00e8te la gamme apr\u00e8s la DS3 - Blog auto Carid\u00e9al\" \/>\n<meta property=\"og:description\" content=\"Apres la DS3, Citroen prevoit la DS4 Le DS High Rider Concept annonce clairement la couleur. Chaque mod\u00e8le de la gamme chic de Citroen\u00a0aura bien un design dynamique, distinctif et rac\u00e9. Un temps envisag\u00e9 comme un coup\u00e9 4 portes d\u00e9riv\u00e9 de la deuxi\u00e8me g\u00e9n\u00e9ration de Citro\u00ebn C4, la future DS4 sera finalement un coup\u00e9 3 ... Lire plus\" \/>\n<meta property=\"og:url\" content=\"https:\/\/www.carideal.com\/blog\/2010\/06\/09\/apres-la-ds3-citroen-prevoit-la-ds4\/\" \/>\n<meta property=\"og:site_name\" content=\"Blog auto Carid\u00e9al\" \/>\n<meta property=\"article:publisher\" content=\"https:\/\/www.facebook.com\/Carideal.mandataire.automobile\" \/>\n<meta property=\"article:author\" content=\"https:\/\/www.facebook.com\/Carideal.mandataire.automobile\/\" \/>\n<meta property=\"article:published_time\" content=\"2010-06-09T09:00:00+00:00\" \/>\n<meta property=\"article:modified_time\" content=\"2020-03-07T16:34:56+00:00\" \/>\n<meta property=\"og:image\" content=\"https:\/\/www.carideal.com\/blog\/wp-content\/uploads\/2016\/03\/logo-carideal-mandataire-automobile.png\" \/>\n\t<meta property=\"og:image:width\" content=\"300\" \/>\n\t<meta property=\"og:image:height\" content=\"300\" \/>\n\t<meta property=\"og:image:type\" content=\"image\/png\" \/>\n<meta name=\"author\" content=\"N.S Carideal\" \/>\n<meta name=\"twitter:card\" content=\"summary_large_image\" \/>\n<meta name=\"twitter:creator\" content=\"@caridealauto\" \/>\n<meta name=\"twitter:site\" content=\"@caridealauto\" \/>\n<meta name=\"twitter:label1\" content=\"\u00c9crit par\" \/>\n\t<meta name=\"twitter:data1\" content=\"N.S Carideal\" \/>\n\t<meta name=\"twitter:label2\" content=\"Dur\u00e9e de lecture estim\u00e9e\" \/>\n\t<meta name=\"twitter:data2\" content=\"1 minute\" \/>\n<script type=\"application\/ld+json\" class=\"yoast-schema-graph\">{\"@context\":\"https:\/\/schema.org\",\"@graph\":[{\"@type\":\"Article\",\"@id\":\"https:\/\/www.carideal.com\/blog\/2010\/06\/09\/apres-la-ds3-citroen-prevoit-la-ds4\/#article\",\"isPartOf\":{\"@id\":\"https:\/\/www.carideal.com\/blog\/2010\/06\/09\/apres-la-ds3-citroen-prevoit-la-ds4\/\"},\"author\":{\"name\":\"N.S Carideal\",\"@id\":\"https:\/\/www.carideal.com\/blog\/#\/schema\/person\/985c7e757d1042d647f21bfaf8d41ebc\"},\"headline\":\"DS4 compl\u00e8te la gamme apr\u00e8s la DS3\",\"datePublished\":\"2010-06-09T09:00:00+00:00\",\"dateModified\":\"2020-03-07T16:34:56+00:00\",\"mainEntityOfPage\":{\"@id\":\"https:\/\/www.carideal.com\/blog\/2010\/06\/09\/apres-la-ds3-citroen-prevoit-la-ds4\/\"},\"wordCount\":258,\"commentCount\":0,\"publisher\":{\"@id\":\"https:\/\/www.carideal.com\/blog\/#organization\"},\"articleSection\":[\"Actualit\u00e9 Constructeur automobile\",\"Actualit\u00e9 DS\",\"Berlines\",\"March\u00e9 automobile\",\"Type de v\u00e9hicule\"],\"inLanguage\":\"fr-FR\",\"potentialAction\":[{\"@type\":\"CommentAction\",\"name\":\"Comment\",\"target\":[\"https:\/\/www.carideal.com\/blog\/2010\/06\/09\/apres-la-ds3-citroen-prevoit-la-ds4\/#respond\"]}]},{\"@type\":\"WebPage\",\"@id\":\"https:\/\/www.carideal.com\/blog\/2010\/06\/09\/apres-la-ds3-citroen-prevoit-la-ds4\/\",\"url\":\"https:\/\/www.carideal.com\/blog\/2010\/06\/09\/apres-la-ds3-citroen-prevoit-la-ds4\/\",\"name\":\"DS4 compl\u00e8te la gamme apr\u00e8s la DS3 - Blog auto Carid\u00e9al\",\"isPartOf\":{\"@id\":\"https:\/\/www.carideal.com\/blog\/#website\"},\"datePublished\":\"2010-06-09T09:00:00+00:00\",\"dateModified\":\"2020-03-07T16:34:56+00:00\",\"breadcrumb\":{\"@id\":\"https:\/\/www.carideal.com\/blog\/2010\/06\/09\/apres-la-ds3-citroen-prevoit-la-ds4\/#breadcrumb\"},\"inLanguage\":\"fr-FR\",\"potentialAction\":[{\"@type\":\"ReadAction\",\"target\":[\"https:\/\/www.carideal.com\/blog\/2010\/06\/09\/apres-la-ds3-citroen-prevoit-la-ds4\/\"]}]},{\"@type\":\"BreadcrumbList\",\"@id\":\"https:\/\/www.carideal.com\/blog\/2010\/06\/09\/apres-la-ds3-citroen-prevoit-la-ds4\/#breadcrumb\",\"itemListElement\":[{\"@type\":\"ListItem\",\"position\":1,\"name\":\"Blog Carid\u00e9al\",\"item\":\"https:\/\/www.carideal.com\/blog\/\"},{\"@type\":\"ListItem\",\"position\":2,\"name\":\"March\u00e9 automobile\",\"item\":\"https:\/\/www.carideal.com\/blog\/marche-automobile-voiture-neuve-occasion-4x4-suv\/\"},{\"@type\":\"ListItem\",\"position\":3,\"name\":\"DS4 compl\u00e8te la gamme apr\u00e8s la DS3\"}]},{\"@type\":\"WebSite\",\"@id\":\"https:\/\/www.carideal.com\/blog\/#website\",\"url\":\"https:\/\/www.carideal.com\/blog\/\",\"name\":\"Blog auto Carid\u00e9al\",\"description\":\"Actualit\u00e9 auto par des passionn\u00e9s\",\"publisher\":{\"@id\":\"https:\/\/www.carideal.com\/blog\/#organization\"},\"potentialAction\":[{\"@type\":\"SearchAction\",\"target\":{\"@type\":\"EntryPoint\",\"urlTemplate\":\"https:\/\/www.carideal.com\/blog\/?s={search_term_string}\"},\"query-input\":{\"@type\":\"PropertyValueSpecification\",\"valueRequired\":true,\"valueName\":\"search_term_string\"}}],\"inLanguage\":\"fr-FR\"},{\"@type\":\"Organization\",\"@id\":\"https:\/\/www.carideal.com\/blog\/#organization\",\"name\":\"Carideal\",\"url\":\"https:\/\/www.carideal.com\/blog\/\",\"logo\":{\"@type\":\"ImageObject\",\"inLanguage\":\"fr-FR\",\"@id\":\"https:\/\/www.carideal.com\/blog\/#\/schema\/logo\/image\/\",\"url\":\"http:\/\/www.carideal.com\/blog\/wp-content\/uploads\/2016\/03\/logo-carideal-mandataire-automobile.png\",\"contentUrl\":\"http:\/\/www.carideal.com\/blog\/wp-content\/uploads\/2016\/03\/logo-carideal-mandataire-automobile.png\",\"width\":300,\"height\":300,\"caption\":\"Carideal\"},\"image\":{\"@id\":\"https:\/\/www.carideal.com\/blog\/#\/schema\/logo\/image\/\"},\"sameAs\":[\"https:\/\/www.facebook.com\/Carideal.mandataire.automobile\",\"https:\/\/x.com\/caridealauto\",\"https:\/\/www.instagram.com\/carideal1\/\",\"https:\/\/www.linkedin.com\/company\/carideal.com\",\"https:\/\/fr.pinterest.com\/schiavonsas\/\",\"https:\/\/www.youtube.com\/user\/caridealsas\"]},{\"@type\":\"Person\",\"@id\":\"https:\/\/www.carideal.com\/blog\/#\/schema\/person\/985c7e757d1042d647f21bfaf8d41ebc\",\"name\":\"N.S Carideal\",\"image\":{\"@type\":\"ImageObject\",\"inLanguage\":\"fr-FR\",\"@id\":\"https:\/\/www.carideal.com\/blog\/#\/schema\/person\/image\/\",\"url\":\"https:\/\/secure.gravatar.com\/avatar\/edb7ccdf1a4e3d14aef967760d354d0e?s=96&r=g\",\"contentUrl\":\"https:\/\/secure.gravatar.com\/avatar\/edb7ccdf1a4e3d14aef967760d354d0e?s=96&r=g\",\"caption\":\"N.S Carideal\"},\"description\":\"Depuis tout petit fan d'automobile. Il est question d'essayer et de comparer toutes ces voitures qui nous ont fait r\u00e9ver, avant que celles-ci ne devient uniquement des voitures de collection.\",\"sameAs\":[\"http:\/\/www.carideal.com\/blog\",\"https:\/\/www.facebook.com\/Carideal.mandataire.automobile\/\",\"https:\/\/www.linkedin.com\/in\/nschiavon\/\",\"https:\/\/www.youtube.com\/user\/caridealsas\/\"],\"url\":\"https:\/\/www.carideal.com\/blog\/author\/admin_carideal\/\"}]}<\/script>\n<!-- \/ Yoast SEO plugin. -->","yoast_head_json":{"title":"DS4 compl\u00e8te la gamme apr\u00e8s la DS3 - Blog auto Carid\u00e9al","robots":{"index":"index","follow":"follow","max-snippet":"max-snippet:-1","max-image-preview":"max-image-preview:large","max-video-preview":"max-video-preview:-1"},"canonical":"https:\/\/www.carideal.com\/blog\/2010\/06\/09\/apres-la-ds3-citroen-prevoit-la-ds4\/","og_locale":"fr_FR","og_type":"article","og_title":"DS4 compl\u00e8te la gamme apr\u00e8s la DS3 - Blog auto Carid\u00e9al","og_description":"Apres la DS3, Citroen prevoit la DS4 Le DS High Rider Concept annonce clairement la couleur. Chaque mod\u00e8le de la gamme chic de Citroen\u00a0aura bien un design dynamique, distinctif et rac\u00e9. Un temps envisag\u00e9 comme un coup\u00e9 4 portes d\u00e9riv\u00e9 de la deuxi\u00e8me g\u00e9n\u00e9ration de Citro\u00ebn C4, la future DS4 sera finalement un coup\u00e9 3 ... Lire plus","og_url":"https:\/\/www.carideal.com\/blog\/2010\/06\/09\/apres-la-ds3-citroen-prevoit-la-ds4\/","og_site_name":"Blog auto Carid\u00e9al","article_publisher":"https:\/\/www.facebook.com\/Carideal.mandataire.automobile","article_author":"https:\/\/www.facebook.com\/Carideal.mandataire.automobile\/","article_published_time":"2010-06-09T09:00:00+00:00","article_modified_time":"2020-03-07T16:34:56+00:00","og_image":[{"width":300,"height":300,"url":"https:\/\/www.carideal.com\/blog\/wp-content\/uploads\/2016\/03\/logo-carideal-mandataire-automobile.png","type":"image\/png"}],"author":"N.S Carideal","twitter_card":"summary_large_image","twitter_creator":"@caridealauto","twitter_site":"@caridealauto","twitter_misc":{"\u00c9crit par":"N.S Carideal","Dur\u00e9e de lecture estim\u00e9e":"1 minute"},"schema":{"@context":"https:\/\/schema.org","@graph":[{"@type":"Article","@id":"https:\/\/www.carideal.com\/blog\/2010\/06\/09\/apres-la-ds3-citroen-prevoit-la-ds4\/#article","isPartOf":{"@id":"https:\/\/www.carideal.com\/blog\/2010\/06\/09\/apres-la-ds3-citroen-prevoit-la-ds4\/"},"author":{"name":"N.S Carideal","@id":"https:\/\/www.carideal.com\/blog\/#\/schema\/person\/985c7e757d1042d647f21bfaf8d41ebc"},"headline":"DS4 compl\u00e8te la gamme apr\u00e8s la DS3","datePublished":"2010-06-09T09:00:00+00:00","dateModified":"2020-03-07T16:34:56+00:00","mainEntityOfPage":{"@id":"https:\/\/www.carideal.com\/blog\/2010\/06\/09\/apres-la-ds3-citroen-prevoit-la-ds4\/"},"wordCount":258,"commentCount":0,"publisher":{"@id":"https:\/\/www.carideal.com\/blog\/#organization"},"articleSection":["Actualit\u00e9 Constructeur automobile","Actualit\u00e9 DS","Berlines","March\u00e9 automobile","Type de v\u00e9hicule"],"inLanguage":"fr-FR","potentialAction":[{"@type":"CommentAction","name":"Comment","target":["https:\/\/www.carideal.com\/blog\/2010\/06\/09\/apres-la-ds3-citroen-prevoit-la-ds4\/#respond"]}]},{"@type":"WebPage","@id":"https:\/\/www.carideal.com\/blog\/2010\/06\/09\/apres-la-ds3-citroen-prevoit-la-ds4\/","url":"https:\/\/www.carideal.com\/blog\/2010\/06\/09\/apres-la-ds3-citroen-prevoit-la-ds4\/","name":"DS4 compl\u00e8te la gamme apr\u00e8s la DS3 - Blog auto Carid\u00e9al","isPartOf":{"@id":"https:\/\/www.carideal.com\/blog\/#website"},"datePublished":"2010-06-09T09:00:00+00:00","dateModified":"2020-03-07T16:34:56+00:00","breadcrumb":{"@id":"https:\/\/www.carideal.com\/blog\/2010\/06\/09\/apres-la-ds3-citroen-prevoit-la-ds4\/#breadcrumb"},"inLanguage":"fr-FR","potentialAction":[{"@type":"ReadAction","target":["https:\/\/www.carideal.com\/blog\/2010\/06\/09\/apres-la-ds3-citroen-prevoit-la-ds4\/"]}]},{"@type":"BreadcrumbList","@id":"https:\/\/www.carideal.com\/blog\/2010\/06\/09\/apres-la-ds3-citroen-prevoit-la-ds4\/#breadcrumb","itemListElement":[{"@type":"ListItem","position":1,"name":"Blog Carid\u00e9al","item":"https:\/\/www.carideal.com\/blog\/"},{"@type":"ListItem","position":2,"name":"March\u00e9 automobile","item":"https:\/\/www.carideal.com\/blog\/marche-automobile-voiture-neuve-occasion-4x4-suv\/"},{"@type":"ListItem","position":3,"name":"DS4 compl\u00e8te la gamme apr\u00e8s la DS3"}]},{"@type":"WebSite","@id":"https:\/\/www.carideal.com\/blog\/#website","url":"https:\/\/www.carideal.com\/blog\/","name":"Blog auto Carid\u00e9al","description":"Actualit\u00e9 auto par des passionn\u00e9s","publisher":{"@id":"https:\/\/www.carideal.com\/blog\/#organization"},"potentialAction":[{"@type":"SearchAction","target":{"@type":"EntryPoint","urlTemplate":"https:\/\/www.carideal.com\/blog\/?s={search_term_string}"},"query-input":{"@type":"PropertyValueSpecification","valueRequired":true,"valueName":"search_term_string"}}],"inLanguage":"fr-FR"},{"@type":"Organization","@id":"https:\/\/www.carideal.com\/blog\/#organization","name":"Carideal","url":"https:\/\/www.carideal.com\/blog\/","logo":{"@type":"ImageObject","inLanguage":"fr-FR","@id":"https:\/\/www.carideal.com\/blog\/#\/schema\/logo\/image\/","url":"http:\/\/www.carideal.com\/blog\/wp-content\/uploads\/2016\/03\/logo-carideal-mandataire-automobile.png","contentUrl":"http:\/\/www.carideal.com\/blog\/wp-content\/uploads\/2016\/03\/logo-carideal-mandataire-automobile.png","width":300,"height":300,"caption":"Carideal"},"image":{"@id":"https:\/\/www.carideal.com\/blog\/#\/schema\/logo\/image\/"},"sameAs":["https:\/\/www.facebook.com\/Carideal.mandataire.automobile","https:\/\/x.com\/caridealauto","https:\/\/www.instagram.com\/carideal1\/","https:\/\/www.linkedin.com\/company\/carideal.com","https:\/\/fr.pinterest.com\/schiavonsas\/","https:\/\/www.youtube.com\/user\/caridealsas"]},{"@type":"Person","@id":"https:\/\/www.carideal.com\/blog\/#\/schema\/person\/985c7e757d1042d647f21bfaf8d41ebc","name":"N.S Carideal","image":{"@type":"ImageObject","inLanguage":"fr-FR","@id":"https:\/\/www.carideal.com\/blog\/#\/schema\/person\/image\/","url":"https:\/\/secure.gravatar.com\/avatar\/edb7ccdf1a4e3d14aef967760d354d0e?s=96&r=g","contentUrl":"https:\/\/secure.gravatar.com\/avatar\/edb7ccdf1a4e3d14aef967760d354d0e?s=96&r=g","caption":"N.S Carideal"},"description":"Depuis tout petit fan d'automobile. Il est question d'essayer et de comparer toutes ces voitures qui nous ont fait r\u00e9ver, avant que celles-ci ne devient uniquement des voitures de collection.","sameAs":["http:\/\/www.carideal.com\/blog","https:\/\/www.facebook.com\/Carideal.mandataire.automobile\/","https:\/\/www.linkedin.com\/in\/nschiavon\/","https:\/\/www.youtube.com\/user\/caridealsas\/"],"url":"https:\/\/www.carideal.com\/blog\/author\/admin_carideal\/"}]}},"uagb_featured_image_src":{"full":false,"thumbnail":false,"medium":false,"medium_large":false,"large":false,"1536x1536":false,"2048x2048":false,"wppr-widget":false},"uagb_author_info":{"display_name":"N.S Carideal","author_link":"https:\/\/www.carideal.com\/blog\/author\/admin_carideal\/"},"uagb_comment_info":0,"uagb_excerpt":"Apres la DS3, Citroen prevoit la DS4 Le DS High Rider Concept annonce clairement la couleur. Chaque mod\u00e8le de la gamme chic de Citroen\u00a0aura bien un design dynamique, distinctif et rac\u00e9. Un temps envisag\u00e9 comme un coup\u00e9 4 portes d\u00e9riv\u00e9 de la deuxi\u00e8me g\u00e9n\u00e9ration de Citro\u00ebn C4, la future DS4 sera finalement un coup\u00e9 3\u2026","_links":{"self":[{"href":"https:\/\/www.carideal.com\/blog\/wp-json\/wp\/v2\/posts\/800"}],"collection":[{"href":"https:\/\/www.carideal.com\/blog\/wp-json\/wp\/v2\/posts"}],"about":[{"href":"https:\/\/www.carideal.com\/blog\/wp-json\/wp\/v2\/types\/post"}],"author":[{"embeddable":true,"href":"https:\/\/www.carideal.com\/blog\/wp-json\/wp\/v2\/users\/1"}],"replies":[{"embeddable":true,"href":"https:\/\/www.carideal.com\/blog\/wp-json\/wp\/v2\/comments?post=800"}],"version-history":[{"count":0,"href":"https:\/\/www.carideal.com\/blog\/wp-json\/wp\/v2\/posts\/800\/revisions"}],"wp:attachment":[{"href":"https:\/\/www.carideal.com\/blog\/wp-json\/wp\/v2\/media?parent=800"}],"wp:term":[{"taxonomy":"category","embeddable":true,"href":"https:\/\/www.carideal.com\/blog\/wp-json\/wp\/v2\/categories?post=800"},{"taxonomy":"post_tag","embeddable":true,"href":"https:\/\/www.carideal.com\/blog\/wp-json\/wp\/v2\/tags?post=800"}],"curies":[{"name":"wp","href":"https:\/\/api.w.org\/{rel}","templated":true}]}}