{"id":799,"date":"2010-06-09T08:43:00","date_gmt":"2010-06-09T08:43:00","guid":{"rendered":"http:\/\/carideal.com\/blog\/?p=799"},"modified":"2020-03-07T17:34:56","modified_gmt":"2020-03-07T16:34:56","slug":"citroen-ds3-racing-infos-et-photos","status":"publish","type":"post","link":"https:\/\/www.carideal.com\/blog\/2010\/06\/09\/citroen-ds3-racing-infos-et-photos\/","title":{"rendered":"Citroen DS3 Racing infos et photos"},"content":{"rendered":"<h1><strong>Citroen DS3 Racing infos et photos<\/strong><\/h1>\n<p>Un temps annonc\u00e9e \u00e0 210 ch, cette future rivale de la <span style=\"text-decoration: underline;\">Mini John Cooper Works<\/span> sera finalement dot\u00e9e du 1.6 THP 200 ch et 275 Nm qui \u00e9quipera \u00e9galement la <span style=\"text-decoration: underline;\"><a href=\"http:\/\/www.carideal.com\/508-rcz\">Peugeot RCZ<\/a><\/span>.<\/p>\n<p>La bombinette aux Chevrons avec un poids contenu \u00e0 1.165 kg revendiquerait un 0 \u00e0 100 km\/h en 6.8 secondes et des \u00e9missions de CO2 limit\u00e9es \u00e0 155 g\/km.<\/p>\n<p>Par rapport \u00e0 un mod\u00e8le de s\u00e9rie d\u00e9j\u00e0 bien exub\u00e9rant, la DS3 Racing renforce encore son caract\u00e8re agressif. Tout d'abord gr\u00e2ce \u00e0 une multitude d'\u00e9quipements issus du monde de la comp\u00e9tition (finition carbone sur le bouclier avant, la ceinture de bas de caisse et les \u00e9largisseurs d'ailes\u00a0; jantes in\u00e9dites de 18\"\u00a0; diffuseur fa\u00e7on carbone \u00e0 l'arri\u00e8re).<\/p>\n<p>C\u00f4t\u00e9 technique, cette DS3 Racing, plus large de 3 cm et plus basse d'1,5 cm que la DS3 \"classique\", b\u00e9n\u00e9ficiera d'amortisseurs Bos, d'une direction \u00e9lectrique recalibr\u00e9e et de pneumatiques <span style=\"text-decoration: underline;\"><a href=\"http:\/\/www.carideal.com\/blog\/2010\/01\/20\/fin-du-monopole-michelin-chez-citroen-qui-reference-bridgestone\/\">Michelin<\/a><\/span> Pilot Sport 2 avec des montes 205\/40 R18. Limit\u00e9e \u00e0 seulement 1.000 exemplaires, la DS3 Racing s'afficherait au tarif d'environs 26.000 euros.<\/p>\n<p><object width=\"640\" height=\"385\"><param name=\"movie\" value=\"http:\/\/www.youtube.com\/v\/fGlZAdE7P8U&amp;hl=fr_FR&amp;fs=1&amp;color1=0x3a3a3a&amp;color2=0x999999\" \/><param name=\"allowFullScreen\" value=\"true\" \/><param name=\"allowscriptaccess\" value=\"always\" \/><embed src=\"http:\/\/www.youtube.com\/v\/fGlZAdE7P8U&amp;hl=fr_FR&amp;fs=1&amp;color1=0x3a3a3a&amp;color2=0x999999\" type=\"application\/x-shockwave-flash\" allowscriptaccess=\"always\" allowfullscreen=\"allowfullscreen\" width=\"640\" height=\"385\" \/><\/object><\/p>\n<p>&nbsp;<\/p>\n","protected":false},"excerpt":{"rendered":"<p>Citroen DS3 Racing infos et photos Un temps annonc\u00e9e \u00e0 210 ch, cette future rivale de la Mini John Cooper Works sera finalement dot\u00e9e du 1.6 THP 200 ch et 275 Nm qui \u00e9quipera \u00e9galement la Peugeot RCZ. La bombinette aux Chevrons avec un poids contenu \u00e0 1.165 kg revendiquerait un 0 \u00e0 100 km\/h &#8230; <a title=\"Citroen DS3 Racing infos et photos\" class=\"read-more\" href=\"https:\/\/www.carideal.com\/blog\/2010\/06\/09\/citroen-ds3-racing-infos-et-photos\/\" aria-label=\"En savoir plus sur Citroen DS3 Racing infos et photos\">Lire plus<\/a><\/p>\n","protected":false},"author":1,"featured_media":0,"comment_status":"open","ping_status":"open","sticky":false,"template":"","format":"standard","meta":{"_uag_custom_page_level_css":"","_themeisle_gutenberg_block_has_review":false,"footnotes":""},"categories":[21,5,5944,6001,10,18],"tags":[],"class_list":["post-799","post","type-post","status-publish","format-standard","hentry","category-actualites-auto","category-citroen","category-constructeur","category-ds","category-marche-automobile-voiture-neuve-occasion-4x4-suv","category-videos"],"wppr_data":[],"yoast_head":"<!-- This site is optimized with the Yoast SEO plugin v24.8.1 - https:\/\/yoast.com\/wordpress\/plugins\/seo\/ -->\n<title>Citroen DS3 Racing infos et photos - Blog auto Carid\u00e9al<\/title>\n<meta name=\"robots\" content=\"index, follow, max-snippet:-1, max-image-preview:large, max-video-preview:-1\" \/>\n<link rel=\"canonical\" href=\"https:\/\/www.carideal.com\/blog\/2010\/06\/09\/citroen-ds3-racing-infos-et-photos\/\" \/>\n<meta property=\"og:locale\" content=\"fr_FR\" \/>\n<meta property=\"og:type\" content=\"article\" \/>\n<meta property=\"og:title\" content=\"Citroen DS3 Racing infos et photos - Blog auto Carid\u00e9al\" \/>\n<meta property=\"og:description\" content=\"Citroen DS3 Racing infos et photos Un temps annonc\u00e9e \u00e0 210 ch, cette future rivale de la Mini John Cooper Works sera finalement dot\u00e9e du 1.6 THP 200 ch et 275 Nm qui \u00e9quipera \u00e9galement la Peugeot RCZ. La bombinette aux Chevrons avec un poids contenu \u00e0 1.165 kg revendiquerait un 0 \u00e0 100 km\/h ... Lire plus\" \/>\n<meta property=\"og:url\" content=\"https:\/\/www.carideal.com\/blog\/2010\/06\/09\/citroen-ds3-racing-infos-et-photos\/\" \/>\n<meta property=\"og:site_name\" content=\"Blog auto Carid\u00e9al\" \/>\n<meta property=\"article:publisher\" content=\"https:\/\/www.facebook.com\/Carideal.mandataire.automobile\" \/>\n<meta property=\"article:author\" content=\"https:\/\/www.facebook.com\/Carideal.mandataire.automobile\/\" \/>\n<meta property=\"article:published_time\" content=\"2010-06-09T08:43:00+00:00\" \/>\n<meta property=\"article:modified_time\" content=\"2020-03-07T16:34:56+00:00\" \/>\n<meta property=\"og:image\" content=\"https:\/\/www.carideal.com\/blog\/wp-content\/uploads\/2016\/03\/logo-carideal-mandataire-automobile.png\" \/>\n\t<meta property=\"og:image:width\" content=\"300\" \/>\n\t<meta property=\"og:image:height\" content=\"300\" \/>\n\t<meta property=\"og:image:type\" content=\"image\/png\" \/>\n<meta name=\"author\" content=\"N.S Carideal\" \/>\n<meta name=\"twitter:card\" content=\"summary_large_image\" \/>\n<meta name=\"twitter:creator\" content=\"@caridealauto\" \/>\n<meta name=\"twitter:site\" content=\"@caridealauto\" \/>\n<meta name=\"twitter:label1\" content=\"\u00c9crit par\" \/>\n\t<meta name=\"twitter:data1\" content=\"N.S Carideal\" \/>\n\t<meta name=\"twitter:label2\" content=\"Dur\u00e9e de lecture estim\u00e9e\" \/>\n\t<meta name=\"twitter:data2\" content=\"1 minute\" \/>\n<script type=\"application\/ld+json\" class=\"yoast-schema-graph\">{\"@context\":\"https:\/\/schema.org\",\"@graph\":[{\"@type\":\"Article\",\"@id\":\"https:\/\/www.carideal.com\/blog\/2010\/06\/09\/citroen-ds3-racing-infos-et-photos\/#article\",\"isPartOf\":{\"@id\":\"https:\/\/www.carideal.com\/blog\/2010\/06\/09\/citroen-ds3-racing-infos-et-photos\/\"},\"author\":{\"name\":\"N.S Carideal\",\"@id\":\"https:\/\/www.carideal.com\/blog\/#\/schema\/person\/985c7e757d1042d647f21bfaf8d41ebc\"},\"headline\":\"Citroen DS3 Racing infos et photos\",\"datePublished\":\"2010-06-09T08:43:00+00:00\",\"dateModified\":\"2020-03-07T16:34:56+00:00\",\"mainEntityOfPage\":{\"@id\":\"https:\/\/www.carideal.com\/blog\/2010\/06\/09\/citroen-ds3-racing-infos-et-photos\/\"},\"wordCount\":180,\"commentCount\":0,\"publisher\":{\"@id\":\"https:\/\/www.carideal.com\/blog\/#organization\"},\"articleSection\":[\"Actualit\u00e9 automobile\",\"Actualit\u00e9 Citroen\",\"Actualit\u00e9 Constructeur automobile\",\"Actualit\u00e9 DS\",\"March\u00e9 automobile\",\"Vid\u00e9o voiture : vid\u00e9o automobile\"],\"inLanguage\":\"fr-FR\",\"potentialAction\":[{\"@type\":\"CommentAction\",\"name\":\"Comment\",\"target\":[\"https:\/\/www.carideal.com\/blog\/2010\/06\/09\/citroen-ds3-racing-infos-et-photos\/#respond\"]}]},{\"@type\":\"WebPage\",\"@id\":\"https:\/\/www.carideal.com\/blog\/2010\/06\/09\/citroen-ds3-racing-infos-et-photos\/\",\"url\":\"https:\/\/www.carideal.com\/blog\/2010\/06\/09\/citroen-ds3-racing-infos-et-photos\/\",\"name\":\"Citroen DS3 Racing infos et photos - Blog auto Carid\u00e9al\",\"isPartOf\":{\"@id\":\"https:\/\/www.carideal.com\/blog\/#website\"},\"datePublished\":\"2010-06-09T08:43:00+00:00\",\"dateModified\":\"2020-03-07T16:34:56+00:00\",\"breadcrumb\":{\"@id\":\"https:\/\/www.carideal.com\/blog\/2010\/06\/09\/citroen-ds3-racing-infos-et-photos\/#breadcrumb\"},\"inLanguage\":\"fr-FR\",\"potentialAction\":[{\"@type\":\"ReadAction\",\"target\":[\"https:\/\/www.carideal.com\/blog\/2010\/06\/09\/citroen-ds3-racing-infos-et-photos\/\"]}]},{\"@type\":\"BreadcrumbList\",\"@id\":\"https:\/\/www.carideal.com\/blog\/2010\/06\/09\/citroen-ds3-racing-infos-et-photos\/#breadcrumb\",\"itemListElement\":[{\"@type\":\"ListItem\",\"position\":1,\"name\":\"Blog Carid\u00e9al\",\"item\":\"https:\/\/www.carideal.com\/blog\/\"},{\"@type\":\"ListItem\",\"position\":2,\"name\":\"March\u00e9 automobile\",\"item\":\"https:\/\/www.carideal.com\/blog\/marche-automobile-voiture-neuve-occasion-4x4-suv\/\"},{\"@type\":\"ListItem\",\"position\":3,\"name\":\"Citroen DS3 Racing infos et photos\"}]},{\"@type\":\"WebSite\",\"@id\":\"https:\/\/www.carideal.com\/blog\/#website\",\"url\":\"https:\/\/www.carideal.com\/blog\/\",\"name\":\"Blog auto Carid\u00e9al\",\"description\":\"Actualit\u00e9 auto par des passionn\u00e9s\",\"publisher\":{\"@id\":\"https:\/\/www.carideal.com\/blog\/#organization\"},\"potentialAction\":[{\"@type\":\"SearchAction\",\"target\":{\"@type\":\"EntryPoint\",\"urlTemplate\":\"https:\/\/www.carideal.com\/blog\/?s={search_term_string}\"},\"query-input\":{\"@type\":\"PropertyValueSpecification\",\"valueRequired\":true,\"valueName\":\"search_term_string\"}}],\"inLanguage\":\"fr-FR\"},{\"@type\":\"Organization\",\"@id\":\"https:\/\/www.carideal.com\/blog\/#organization\",\"name\":\"Carideal\",\"url\":\"https:\/\/www.carideal.com\/blog\/\",\"logo\":{\"@type\":\"ImageObject\",\"inLanguage\":\"fr-FR\",\"@id\":\"https:\/\/www.carideal.com\/blog\/#\/schema\/logo\/image\/\",\"url\":\"http:\/\/www.carideal.com\/blog\/wp-content\/uploads\/2016\/03\/logo-carideal-mandataire-automobile.png\",\"contentUrl\":\"http:\/\/www.carideal.com\/blog\/wp-content\/uploads\/2016\/03\/logo-carideal-mandataire-automobile.png\",\"width\":300,\"height\":300,\"caption\":\"Carideal\"},\"image\":{\"@id\":\"https:\/\/www.carideal.com\/blog\/#\/schema\/logo\/image\/\"},\"sameAs\":[\"https:\/\/www.facebook.com\/Carideal.mandataire.automobile\",\"https:\/\/x.com\/caridealauto\",\"https:\/\/www.instagram.com\/carideal1\/\",\"https:\/\/www.linkedin.com\/company\/carideal.com\",\"https:\/\/fr.pinterest.com\/schiavonsas\/\",\"https:\/\/www.youtube.com\/user\/caridealsas\"]},{\"@type\":\"Person\",\"@id\":\"https:\/\/www.carideal.com\/blog\/#\/schema\/person\/985c7e757d1042d647f21bfaf8d41ebc\",\"name\":\"N.S Carideal\",\"image\":{\"@type\":\"ImageObject\",\"inLanguage\":\"fr-FR\",\"@id\":\"https:\/\/www.carideal.com\/blog\/#\/schema\/person\/image\/\",\"url\":\"https:\/\/secure.gravatar.com\/avatar\/edb7ccdf1a4e3d14aef967760d354d0e?s=96&r=g\",\"contentUrl\":\"https:\/\/secure.gravatar.com\/avatar\/edb7ccdf1a4e3d14aef967760d354d0e?s=96&r=g\",\"caption\":\"N.S Carideal\"},\"description\":\"Depuis tout petit fan d'automobile. Il est question d'essayer et de comparer toutes ces voitures qui nous ont fait r\u00e9ver, avant que celles-ci ne devient uniquement des voitures de collection.\",\"sameAs\":[\"http:\/\/www.carideal.com\/blog\",\"https:\/\/www.facebook.com\/Carideal.mandataire.automobile\/\",\"https:\/\/www.linkedin.com\/in\/nschiavon\/\",\"https:\/\/www.youtube.com\/user\/caridealsas\/\"],\"url\":\"https:\/\/www.carideal.com\/blog\/author\/admin_carideal\/\"}]}<\/script>\n<!-- \/ Yoast SEO plugin. -->","yoast_head_json":{"title":"Citroen DS3 Racing infos et photos - Blog auto Carid\u00e9al","robots":{"index":"index","follow":"follow","max-snippet":"max-snippet:-1","max-image-preview":"max-image-preview:large","max-video-preview":"max-video-preview:-1"},"canonical":"https:\/\/www.carideal.com\/blog\/2010\/06\/09\/citroen-ds3-racing-infos-et-photos\/","og_locale":"fr_FR","og_type":"article","og_title":"Citroen DS3 Racing infos et photos - Blog auto Carid\u00e9al","og_description":"Citroen DS3 Racing infos et photos Un temps annonc\u00e9e \u00e0 210 ch, cette future rivale de la Mini John Cooper Works sera finalement dot\u00e9e du 1.6 THP 200 ch et 275 Nm qui \u00e9quipera \u00e9galement la Peugeot RCZ. La bombinette aux Chevrons avec un poids contenu \u00e0 1.165 kg revendiquerait un 0 \u00e0 100 km\/h ... Lire plus","og_url":"https:\/\/www.carideal.com\/blog\/2010\/06\/09\/citroen-ds3-racing-infos-et-photos\/","og_site_name":"Blog auto Carid\u00e9al","article_publisher":"https:\/\/www.facebook.com\/Carideal.mandataire.automobile","article_author":"https:\/\/www.facebook.com\/Carideal.mandataire.automobile\/","article_published_time":"2010-06-09T08:43:00+00:00","article_modified_time":"2020-03-07T16:34:56+00:00","og_image":[{"width":300,"height":300,"url":"https:\/\/www.carideal.com\/blog\/wp-content\/uploads\/2016\/03\/logo-carideal-mandataire-automobile.png","type":"image\/png"}],"author":"N.S Carideal","twitter_card":"summary_large_image","twitter_creator":"@caridealauto","twitter_site":"@caridealauto","twitter_misc":{"\u00c9crit par":"N.S Carideal","Dur\u00e9e de lecture estim\u00e9e":"1 minute"},"schema":{"@context":"https:\/\/schema.org","@graph":[{"@type":"Article","@id":"https:\/\/www.carideal.com\/blog\/2010\/06\/09\/citroen-ds3-racing-infos-et-photos\/#article","isPartOf":{"@id":"https:\/\/www.carideal.com\/blog\/2010\/06\/09\/citroen-ds3-racing-infos-et-photos\/"},"author":{"name":"N.S Carideal","@id":"https:\/\/www.carideal.com\/blog\/#\/schema\/person\/985c7e757d1042d647f21bfaf8d41ebc"},"headline":"Citroen DS3 Racing infos et photos","datePublished":"2010-06-09T08:43:00+00:00","dateModified":"2020-03-07T16:34:56+00:00","mainEntityOfPage":{"@id":"https:\/\/www.carideal.com\/blog\/2010\/06\/09\/citroen-ds3-racing-infos-et-photos\/"},"wordCount":180,"commentCount":0,"publisher":{"@id":"https:\/\/www.carideal.com\/blog\/#organization"},"articleSection":["Actualit\u00e9 automobile","Actualit\u00e9 Citroen","Actualit\u00e9 Constructeur automobile","Actualit\u00e9 DS","March\u00e9 automobile","Vid\u00e9o voiture : vid\u00e9o automobile"],"inLanguage":"fr-FR","potentialAction":[{"@type":"CommentAction","name":"Comment","target":["https:\/\/www.carideal.com\/blog\/2010\/06\/09\/citroen-ds3-racing-infos-et-photos\/#respond"]}]},{"@type":"WebPage","@id":"https:\/\/www.carideal.com\/blog\/2010\/06\/09\/citroen-ds3-racing-infos-et-photos\/","url":"https:\/\/www.carideal.com\/blog\/2010\/06\/09\/citroen-ds3-racing-infos-et-photos\/","name":"Citroen DS3 Racing infos et photos - Blog auto Carid\u00e9al","isPartOf":{"@id":"https:\/\/www.carideal.com\/blog\/#website"},"datePublished":"2010-06-09T08:43:00+00:00","dateModified":"2020-03-07T16:34:56+00:00","breadcrumb":{"@id":"https:\/\/www.carideal.com\/blog\/2010\/06\/09\/citroen-ds3-racing-infos-et-photos\/#breadcrumb"},"inLanguage":"fr-FR","potentialAction":[{"@type":"ReadAction","target":["https:\/\/www.carideal.com\/blog\/2010\/06\/09\/citroen-ds3-racing-infos-et-photos\/"]}]},{"@type":"BreadcrumbList","@id":"https:\/\/www.carideal.com\/blog\/2010\/06\/09\/citroen-ds3-racing-infos-et-photos\/#breadcrumb","itemListElement":[{"@type":"ListItem","position":1,"name":"Blog Carid\u00e9al","item":"https:\/\/www.carideal.com\/blog\/"},{"@type":"ListItem","position":2,"name":"March\u00e9 automobile","item":"https:\/\/www.carideal.com\/blog\/marche-automobile-voiture-neuve-occasion-4x4-suv\/"},{"@type":"ListItem","position":3,"name":"Citroen DS3 Racing infos et photos"}]},{"@type":"WebSite","@id":"https:\/\/www.carideal.com\/blog\/#website","url":"https:\/\/www.carideal.com\/blog\/","name":"Blog auto Carid\u00e9al","description":"Actualit\u00e9 auto par des passionn\u00e9s","publisher":{"@id":"https:\/\/www.carideal.com\/blog\/#organization"},"potentialAction":[{"@type":"SearchAction","target":{"@type":"EntryPoint","urlTemplate":"https:\/\/www.carideal.com\/blog\/?s={search_term_string}"},"query-input":{"@type":"PropertyValueSpecification","valueRequired":true,"valueName":"search_term_string"}}],"inLanguage":"fr-FR"},{"@type":"Organization","@id":"https:\/\/www.carideal.com\/blog\/#organization","name":"Carideal","url":"https:\/\/www.carideal.com\/blog\/","logo":{"@type":"ImageObject","inLanguage":"fr-FR","@id":"https:\/\/www.carideal.com\/blog\/#\/schema\/logo\/image\/","url":"http:\/\/www.carideal.com\/blog\/wp-content\/uploads\/2016\/03\/logo-carideal-mandataire-automobile.png","contentUrl":"http:\/\/www.carideal.com\/blog\/wp-content\/uploads\/2016\/03\/logo-carideal-mandataire-automobile.png","width":300,"height":300,"caption":"Carideal"},"image":{"@id":"https:\/\/www.carideal.com\/blog\/#\/schema\/logo\/image\/"},"sameAs":["https:\/\/www.facebook.com\/Carideal.mandataire.automobile","https:\/\/x.com\/caridealauto","https:\/\/www.instagram.com\/carideal1\/","https:\/\/www.linkedin.com\/company\/carideal.com","https:\/\/fr.pinterest.com\/schiavonsas\/","https:\/\/www.youtube.com\/user\/caridealsas"]},{"@type":"Person","@id":"https:\/\/www.carideal.com\/blog\/#\/schema\/person\/985c7e757d1042d647f21bfaf8d41ebc","name":"N.S Carideal","image":{"@type":"ImageObject","inLanguage":"fr-FR","@id":"https:\/\/www.carideal.com\/blog\/#\/schema\/person\/image\/","url":"https:\/\/secure.gravatar.com\/avatar\/edb7ccdf1a4e3d14aef967760d354d0e?s=96&r=g","contentUrl":"https:\/\/secure.gravatar.com\/avatar\/edb7ccdf1a4e3d14aef967760d354d0e?s=96&r=g","caption":"N.S Carideal"},"description":"Depuis tout petit fan d'automobile. Il est question d'essayer et de comparer toutes ces voitures qui nous ont fait r\u00e9ver, avant que celles-ci ne devient uniquement des voitures de collection.","sameAs":["http:\/\/www.carideal.com\/blog","https:\/\/www.facebook.com\/Carideal.mandataire.automobile\/","https:\/\/www.linkedin.com\/in\/nschiavon\/","https:\/\/www.youtube.com\/user\/caridealsas\/"],"url":"https:\/\/www.carideal.com\/blog\/author\/admin_carideal\/"}]}},"uagb_featured_image_src":{"full":false,"thumbnail":false,"medium":false,"medium_large":false,"large":false,"1536x1536":false,"2048x2048":false,"wppr-widget":false},"uagb_author_info":{"display_name":"N.S Carideal","author_link":"https:\/\/www.carideal.com\/blog\/author\/admin_carideal\/"},"uagb_comment_info":0,"uagb_excerpt":"Citroen DS3 Racing infos et photos Un temps annonc\u00e9e \u00e0 210 ch, cette future rivale de la Mini John Cooper Works sera finalement dot\u00e9e du 1.6 THP 200 ch et 275 Nm qui \u00e9quipera \u00e9galement la Peugeot RCZ. La bombinette aux Chevrons avec un poids contenu \u00e0 1.165 kg revendiquerait un 0 \u00e0 100 km\/h\u2026","_links":{"self":[{"href":"https:\/\/www.carideal.com\/blog\/wp-json\/wp\/v2\/posts\/799"}],"collection":[{"href":"https:\/\/www.carideal.com\/blog\/wp-json\/wp\/v2\/posts"}],"about":[{"href":"https:\/\/www.carideal.com\/blog\/wp-json\/wp\/v2\/types\/post"}],"author":[{"embeddable":true,"href":"https:\/\/www.carideal.com\/blog\/wp-json\/wp\/v2\/users\/1"}],"replies":[{"embeddable":true,"href":"https:\/\/www.carideal.com\/blog\/wp-json\/wp\/v2\/comments?post=799"}],"version-history":[{"count":0,"href":"https:\/\/www.carideal.com\/blog\/wp-json\/wp\/v2\/posts\/799\/revisions"}],"wp:attachment":[{"href":"https:\/\/www.carideal.com\/blog\/wp-json\/wp\/v2\/media?parent=799"}],"wp:term":[{"taxonomy":"category","embeddable":true,"href":"https:\/\/www.carideal.com\/blog\/wp-json\/wp\/v2\/categories?post=799"},{"taxonomy":"post_tag","embeddable":true,"href":"https:\/\/www.carideal.com\/blog\/wp-json\/wp\/v2\/tags?post=799"}],"curies":[{"name":"wp","href":"https:\/\/api.w.org\/{rel}","templated":true}]}}