{"id":790,"date":"2010-05-28T13:53:00","date_gmt":"2010-05-28T13:53:00","guid":{"rendered":"http:\/\/carideal.com\/blog\/?p=790"},"modified":"2020-03-07T17:34:43","modified_gmt":"2020-03-07T16:34:43","slug":"la-renault-wind-nous-en-dit-un-peu-plus","status":"publish","type":"post","link":"https:\/\/www.carideal.com\/blog\/2010\/05\/28\/la-renault-wind-nous-en-dit-un-peu-plus\/","title":{"rendered":"La Renault wind nous en dit un peu plus"},"content":{"rendered":"<p>La Renault Wind sera livr\u00e9e en juin \u00e0 300 premiers clients sous la forme d\u2019une s\u00e9rie limit\u00e9e baptis\u00e9e Collection.<\/p>\n<\/p>\n<p><a href=\"\/blog\/index.php?tag\/Wind%20Collection\">Wind Collection<\/a> affiche un look unique, avec ses jantes de 17 pouces  diamante\u0301es  \u00ab&nbsp;Sphinx \u00bb, son toit noir brillant, ou encore ses coques de re\u0301troviseur et ses bossages arrie\u0300re chrome\u0301s. Une exclusivite\u0301 qui se retrouve  a\u0300 l\u2019inte\u0301rieur, avec une sellerie cuir aux sie\u0300ges chauffants Carbone fonce\u0301 et d\u2019e\u0301le\u0301gantes finitions de couleur rouge. Disponible en blanc Glacier ou noir Nacre\u0301, Wind Collection rec\u0327oit de se\u0301rie de nombreux e\u0301quipements et be\u0301ne\u0301ficie d\u2019un dispositif spe\u0301cifique de pre\u0301 commande sur le site internet Renault Wind.<\/p>\n<p>Cette version est factur\u00e9e 20000 \u20ac en TCE 100, et 21000 \u20ac en 1.6 16V 133.<\/p>\n<p>La gamme classique de la <a href=\"\/blog\/index.php?tag\/Wind\">Wind<\/a> comptera deux finitions, Dynamique et Exception, et deux motorisations&nbsp;: 1.2 TCE 100 ch et 1.6 16V 133 ch.<\/p>\n<p>La finition Dynamique uniquement livrable avec le 1.2 TCE disposera de la climatisation manuelle, des jantes aluminium 16\u2033, des projecteurs antibrouillard,  du r\u00e9gulateur-limiteur de vitesse, des si\u00e8ges sport, d\u2019un Radio CD 2X20W entre autres au tarif de 17500 \u20ac.<\/p>\n<p>La finition Exception livrable avec les deux motorisations, ajoute le Pack climatique&nbsp;: climatisation re\u0301gule\u0301e, essuie vitre automatique avec de\u0301tecteur de pluie, allumage automatique des feux et e\u0301clairage d\u2019accompagnement, ESP, Plug &amp; Music&nbsp;: prise USB, prise Jack, audio streaming, Radio mono CD MP3, 2\u00d735W, bluetooth\u00ae et jantes aluminium 17\u2033 diamante\u0301es noires \u00ab&nbsp;Sphinx \u00bb.<\/p>\n<p>Les tarifs des versions Exeption sont aux environs de 19000\u20ac<\/p>\n<p><a href=\"\/blog\/index.php?tag\/Renault\">Renault<\/a> pratique une politique de prix plut\u00f4t sympa pour cette petite d\u00e9couvrable deux places.<\/p>\n<p>La marque proposera sans doute par la suite une, voire deux motorisations 1.5 dCi\u2026<\/p>\n","protected":false},"excerpt":{"rendered":"<p>La Renault Wind sera livr\u00e9e en juin \u00e0 300 premiers clients sous la forme d\u2019une s\u00e9rie limit\u00e9e baptis\u00e9e Collection. Wind Collection affiche un look unique, avec ses jantes de 17 pouces diamante\u0301es \u00ab&nbsp;Sphinx \u00bb, son toit noir brillant, ou encore ses coques de re\u0301troviseur et ses bossages arrie\u0300re chrome\u0301s. Une exclusivite\u0301 qui se retrouve a\u0300 &#8230; <a title=\"La Renault wind nous en dit un peu plus\" class=\"read-more\" href=\"https:\/\/www.carideal.com\/blog\/2010\/05\/28\/la-renault-wind-nous-en-dit-un-peu-plus\/\" aria-label=\"En savoir plus sur La Renault wind nous en dit un peu plus\">Lire plus<\/a><\/p>\n","protected":false},"author":1,"featured_media":0,"comment_status":"open","ping_status":"open","sticky":false,"template":"","format":"standard","meta":{"_uag_custom_page_level_css":"","_themeisle_gutenberg_block_has_review":false,"footnotes":""},"categories":[10],"tags":[],"class_list":["post-790","post","type-post","status-publish","format-standard","hentry","category-marche-automobile-voiture-neuve-occasion-4x4-suv"],"wppr_data":[],"yoast_head":"<!-- This site is optimized with the Yoast SEO plugin v24.8.1 - https:\/\/yoast.com\/wordpress\/plugins\/seo\/ -->\n<title>La Renault wind nous en dit un peu plus - Blog auto Carid\u00e9al<\/title>\n<meta name=\"robots\" content=\"index, follow, max-snippet:-1, max-image-preview:large, max-video-preview:-1\" \/>\n<link rel=\"canonical\" href=\"https:\/\/www.carideal.com\/blog\/2010\/05\/28\/la-renault-wind-nous-en-dit-un-peu-plus\/\" \/>\n<meta property=\"og:locale\" content=\"fr_FR\" \/>\n<meta property=\"og:type\" content=\"article\" \/>\n<meta property=\"og:title\" content=\"La Renault wind nous en dit un peu plus - Blog auto Carid\u00e9al\" \/>\n<meta property=\"og:description\" content=\"La Renault Wind sera livr\u00e9e en juin \u00e0 300 premiers clients sous la forme d\u2019une s\u00e9rie limit\u00e9e baptis\u00e9e Collection. Wind Collection affiche un look unique, avec ses jantes de 17 pouces diamante\u0301es \u00ab&nbsp;Sphinx \u00bb, son toit noir brillant, ou encore ses coques de re\u0301troviseur et ses bossages arrie\u0300re chrome\u0301s. Une exclusivite\u0301 qui se retrouve a\u0300 ... Lire plus\" \/>\n<meta property=\"og:url\" content=\"https:\/\/www.carideal.com\/blog\/2010\/05\/28\/la-renault-wind-nous-en-dit-un-peu-plus\/\" \/>\n<meta property=\"og:site_name\" content=\"Blog auto Carid\u00e9al\" \/>\n<meta property=\"article:publisher\" content=\"https:\/\/www.facebook.com\/Carideal.mandataire.automobile\" \/>\n<meta property=\"article:author\" content=\"https:\/\/www.facebook.com\/Carideal.mandataire.automobile\/\" \/>\n<meta property=\"article:published_time\" content=\"2010-05-28T13:53:00+00:00\" \/>\n<meta property=\"article:modified_time\" content=\"2020-03-07T16:34:43+00:00\" \/>\n<meta property=\"og:image\" content=\"https:\/\/www.carideal.com\/blog\/wp-content\/uploads\/2016\/03\/logo-carideal-mandataire-automobile.png\" \/>\n\t<meta property=\"og:image:width\" content=\"300\" \/>\n\t<meta property=\"og:image:height\" content=\"300\" \/>\n\t<meta property=\"og:image:type\" content=\"image\/png\" \/>\n<meta name=\"author\" content=\"N.S Carideal\" \/>\n<meta name=\"twitter:card\" content=\"summary_large_image\" \/>\n<meta name=\"twitter:creator\" content=\"@caridealauto\" \/>\n<meta name=\"twitter:site\" content=\"@caridealauto\" \/>\n<meta name=\"twitter:label1\" content=\"\u00c9crit par\" \/>\n\t<meta name=\"twitter:data1\" content=\"N.S Carideal\" \/>\n\t<meta name=\"twitter:label2\" content=\"Dur\u00e9e de lecture estim\u00e9e\" \/>\n\t<meta name=\"twitter:data2\" content=\"1 minute\" \/>\n<script type=\"application\/ld+json\" class=\"yoast-schema-graph\">{\"@context\":\"https:\/\/schema.org\",\"@graph\":[{\"@type\":\"Article\",\"@id\":\"https:\/\/www.carideal.com\/blog\/2010\/05\/28\/la-renault-wind-nous-en-dit-un-peu-plus\/#article\",\"isPartOf\":{\"@id\":\"https:\/\/www.carideal.com\/blog\/2010\/05\/28\/la-renault-wind-nous-en-dit-un-peu-plus\/\"},\"author\":{\"name\":\"N.S Carideal\",\"@id\":\"https:\/\/www.carideal.com\/blog\/#\/schema\/person\/985c7e757d1042d647f21bfaf8d41ebc\"},\"headline\":\"La Renault wind nous en dit un peu plus\",\"datePublished\":\"2010-05-28T13:53:00+00:00\",\"dateModified\":\"2020-03-07T16:34:43+00:00\",\"mainEntityOfPage\":{\"@id\":\"https:\/\/www.carideal.com\/blog\/2010\/05\/28\/la-renault-wind-nous-en-dit-un-peu-plus\/\"},\"wordCount\":295,\"commentCount\":0,\"publisher\":{\"@id\":\"https:\/\/www.carideal.com\/blog\/#organization\"},\"articleSection\":[\"March\u00e9 automobile\"],\"inLanguage\":\"fr-FR\",\"potentialAction\":[{\"@type\":\"CommentAction\",\"name\":\"Comment\",\"target\":[\"https:\/\/www.carideal.com\/blog\/2010\/05\/28\/la-renault-wind-nous-en-dit-un-peu-plus\/#respond\"]}]},{\"@type\":\"WebPage\",\"@id\":\"https:\/\/www.carideal.com\/blog\/2010\/05\/28\/la-renault-wind-nous-en-dit-un-peu-plus\/\",\"url\":\"https:\/\/www.carideal.com\/blog\/2010\/05\/28\/la-renault-wind-nous-en-dit-un-peu-plus\/\",\"name\":\"La Renault wind nous en dit un peu plus - Blog auto Carid\u00e9al\",\"isPartOf\":{\"@id\":\"https:\/\/www.carideal.com\/blog\/#website\"},\"datePublished\":\"2010-05-28T13:53:00+00:00\",\"dateModified\":\"2020-03-07T16:34:43+00:00\",\"breadcrumb\":{\"@id\":\"https:\/\/www.carideal.com\/blog\/2010\/05\/28\/la-renault-wind-nous-en-dit-un-peu-plus\/#breadcrumb\"},\"inLanguage\":\"fr-FR\",\"potentialAction\":[{\"@type\":\"ReadAction\",\"target\":[\"https:\/\/www.carideal.com\/blog\/2010\/05\/28\/la-renault-wind-nous-en-dit-un-peu-plus\/\"]}]},{\"@type\":\"BreadcrumbList\",\"@id\":\"https:\/\/www.carideal.com\/blog\/2010\/05\/28\/la-renault-wind-nous-en-dit-un-peu-plus\/#breadcrumb\",\"itemListElement\":[{\"@type\":\"ListItem\",\"position\":1,\"name\":\"Blog Carid\u00e9al\",\"item\":\"https:\/\/www.carideal.com\/blog\/\"},{\"@type\":\"ListItem\",\"position\":2,\"name\":\"March\u00e9 automobile\",\"item\":\"https:\/\/www.carideal.com\/blog\/marche-automobile-voiture-neuve-occasion-4x4-suv\/\"},{\"@type\":\"ListItem\",\"position\":3,\"name\":\"La Renault wind nous en dit un peu plus\"}]},{\"@type\":\"WebSite\",\"@id\":\"https:\/\/www.carideal.com\/blog\/#website\",\"url\":\"https:\/\/www.carideal.com\/blog\/\",\"name\":\"Blog auto Carid\u00e9al\",\"description\":\"Actualit\u00e9 auto par des passionn\u00e9s\",\"publisher\":{\"@id\":\"https:\/\/www.carideal.com\/blog\/#organization\"},\"potentialAction\":[{\"@type\":\"SearchAction\",\"target\":{\"@type\":\"EntryPoint\",\"urlTemplate\":\"https:\/\/www.carideal.com\/blog\/?s={search_term_string}\"},\"query-input\":{\"@type\":\"PropertyValueSpecification\",\"valueRequired\":true,\"valueName\":\"search_term_string\"}}],\"inLanguage\":\"fr-FR\"},{\"@type\":\"Organization\",\"@id\":\"https:\/\/www.carideal.com\/blog\/#organization\",\"name\":\"Carideal\",\"url\":\"https:\/\/www.carideal.com\/blog\/\",\"logo\":{\"@type\":\"ImageObject\",\"inLanguage\":\"fr-FR\",\"@id\":\"https:\/\/www.carideal.com\/blog\/#\/schema\/logo\/image\/\",\"url\":\"http:\/\/www.carideal.com\/blog\/wp-content\/uploads\/2016\/03\/logo-carideal-mandataire-automobile.png\",\"contentUrl\":\"http:\/\/www.carideal.com\/blog\/wp-content\/uploads\/2016\/03\/logo-carideal-mandataire-automobile.png\",\"width\":300,\"height\":300,\"caption\":\"Carideal\"},\"image\":{\"@id\":\"https:\/\/www.carideal.com\/blog\/#\/schema\/logo\/image\/\"},\"sameAs\":[\"https:\/\/www.facebook.com\/Carideal.mandataire.automobile\",\"https:\/\/x.com\/caridealauto\",\"https:\/\/www.instagram.com\/carideal1\/\",\"https:\/\/www.linkedin.com\/company\/carideal.com\",\"https:\/\/fr.pinterest.com\/schiavonsas\/\",\"https:\/\/www.youtube.com\/user\/caridealsas\"]},{\"@type\":\"Person\",\"@id\":\"https:\/\/www.carideal.com\/blog\/#\/schema\/person\/985c7e757d1042d647f21bfaf8d41ebc\",\"name\":\"N.S Carideal\",\"image\":{\"@type\":\"ImageObject\",\"inLanguage\":\"fr-FR\",\"@id\":\"https:\/\/www.carideal.com\/blog\/#\/schema\/person\/image\/\",\"url\":\"https:\/\/secure.gravatar.com\/avatar\/edb7ccdf1a4e3d14aef967760d354d0e?s=96&r=g\",\"contentUrl\":\"https:\/\/secure.gravatar.com\/avatar\/edb7ccdf1a4e3d14aef967760d354d0e?s=96&r=g\",\"caption\":\"N.S Carideal\"},\"description\":\"Depuis tout petit fan d'automobile. Il est question d'essayer et de comparer toutes ces voitures qui nous ont fait r\u00e9ver, avant que celles-ci ne devient uniquement des voitures de collection.\",\"sameAs\":[\"http:\/\/www.carideal.com\/blog\",\"https:\/\/www.facebook.com\/Carideal.mandataire.automobile\/\",\"https:\/\/www.linkedin.com\/in\/nschiavon\/\",\"https:\/\/www.youtube.com\/user\/caridealsas\/\"],\"url\":\"https:\/\/www.carideal.com\/blog\/author\/admin_carideal\/\"}]}<\/script>\n<!-- \/ Yoast SEO plugin. -->","yoast_head_json":{"title":"La Renault wind nous en dit un peu plus - Blog auto Carid\u00e9al","robots":{"index":"index","follow":"follow","max-snippet":"max-snippet:-1","max-image-preview":"max-image-preview:large","max-video-preview":"max-video-preview:-1"},"canonical":"https:\/\/www.carideal.com\/blog\/2010\/05\/28\/la-renault-wind-nous-en-dit-un-peu-plus\/","og_locale":"fr_FR","og_type":"article","og_title":"La Renault wind nous en dit un peu plus - Blog auto Carid\u00e9al","og_description":"La Renault Wind sera livr\u00e9e en juin \u00e0 300 premiers clients sous la forme d\u2019une s\u00e9rie limit\u00e9e baptis\u00e9e Collection. Wind Collection affiche un look unique, avec ses jantes de 17 pouces diamante\u0301es \u00ab&nbsp;Sphinx \u00bb, son toit noir brillant, ou encore ses coques de re\u0301troviseur et ses bossages arrie\u0300re chrome\u0301s. Une exclusivite\u0301 qui se retrouve a\u0300 ... Lire plus","og_url":"https:\/\/www.carideal.com\/blog\/2010\/05\/28\/la-renault-wind-nous-en-dit-un-peu-plus\/","og_site_name":"Blog auto Carid\u00e9al","article_publisher":"https:\/\/www.facebook.com\/Carideal.mandataire.automobile","article_author":"https:\/\/www.facebook.com\/Carideal.mandataire.automobile\/","article_published_time":"2010-05-28T13:53:00+00:00","article_modified_time":"2020-03-07T16:34:43+00:00","og_image":[{"width":300,"height":300,"url":"https:\/\/www.carideal.com\/blog\/wp-content\/uploads\/2016\/03\/logo-carideal-mandataire-automobile.png","type":"image\/png"}],"author":"N.S Carideal","twitter_card":"summary_large_image","twitter_creator":"@caridealauto","twitter_site":"@caridealauto","twitter_misc":{"\u00c9crit par":"N.S Carideal","Dur\u00e9e de lecture estim\u00e9e":"1 minute"},"schema":{"@context":"https:\/\/schema.org","@graph":[{"@type":"Article","@id":"https:\/\/www.carideal.com\/blog\/2010\/05\/28\/la-renault-wind-nous-en-dit-un-peu-plus\/#article","isPartOf":{"@id":"https:\/\/www.carideal.com\/blog\/2010\/05\/28\/la-renault-wind-nous-en-dit-un-peu-plus\/"},"author":{"name":"N.S Carideal","@id":"https:\/\/www.carideal.com\/blog\/#\/schema\/person\/985c7e757d1042d647f21bfaf8d41ebc"},"headline":"La Renault wind nous en dit un peu plus","datePublished":"2010-05-28T13:53:00+00:00","dateModified":"2020-03-07T16:34:43+00:00","mainEntityOfPage":{"@id":"https:\/\/www.carideal.com\/blog\/2010\/05\/28\/la-renault-wind-nous-en-dit-un-peu-plus\/"},"wordCount":295,"commentCount":0,"publisher":{"@id":"https:\/\/www.carideal.com\/blog\/#organization"},"articleSection":["March\u00e9 automobile"],"inLanguage":"fr-FR","potentialAction":[{"@type":"CommentAction","name":"Comment","target":["https:\/\/www.carideal.com\/blog\/2010\/05\/28\/la-renault-wind-nous-en-dit-un-peu-plus\/#respond"]}]},{"@type":"WebPage","@id":"https:\/\/www.carideal.com\/blog\/2010\/05\/28\/la-renault-wind-nous-en-dit-un-peu-plus\/","url":"https:\/\/www.carideal.com\/blog\/2010\/05\/28\/la-renault-wind-nous-en-dit-un-peu-plus\/","name":"La Renault wind nous en dit un peu plus - Blog auto Carid\u00e9al","isPartOf":{"@id":"https:\/\/www.carideal.com\/blog\/#website"},"datePublished":"2010-05-28T13:53:00+00:00","dateModified":"2020-03-07T16:34:43+00:00","breadcrumb":{"@id":"https:\/\/www.carideal.com\/blog\/2010\/05\/28\/la-renault-wind-nous-en-dit-un-peu-plus\/#breadcrumb"},"inLanguage":"fr-FR","potentialAction":[{"@type":"ReadAction","target":["https:\/\/www.carideal.com\/blog\/2010\/05\/28\/la-renault-wind-nous-en-dit-un-peu-plus\/"]}]},{"@type":"BreadcrumbList","@id":"https:\/\/www.carideal.com\/blog\/2010\/05\/28\/la-renault-wind-nous-en-dit-un-peu-plus\/#breadcrumb","itemListElement":[{"@type":"ListItem","position":1,"name":"Blog Carid\u00e9al","item":"https:\/\/www.carideal.com\/blog\/"},{"@type":"ListItem","position":2,"name":"March\u00e9 automobile","item":"https:\/\/www.carideal.com\/blog\/marche-automobile-voiture-neuve-occasion-4x4-suv\/"},{"@type":"ListItem","position":3,"name":"La Renault wind nous en dit un peu plus"}]},{"@type":"WebSite","@id":"https:\/\/www.carideal.com\/blog\/#website","url":"https:\/\/www.carideal.com\/blog\/","name":"Blog auto Carid\u00e9al","description":"Actualit\u00e9 auto par des passionn\u00e9s","publisher":{"@id":"https:\/\/www.carideal.com\/blog\/#organization"},"potentialAction":[{"@type":"SearchAction","target":{"@type":"EntryPoint","urlTemplate":"https:\/\/www.carideal.com\/blog\/?s={search_term_string}"},"query-input":{"@type":"PropertyValueSpecification","valueRequired":true,"valueName":"search_term_string"}}],"inLanguage":"fr-FR"},{"@type":"Organization","@id":"https:\/\/www.carideal.com\/blog\/#organization","name":"Carideal","url":"https:\/\/www.carideal.com\/blog\/","logo":{"@type":"ImageObject","inLanguage":"fr-FR","@id":"https:\/\/www.carideal.com\/blog\/#\/schema\/logo\/image\/","url":"http:\/\/www.carideal.com\/blog\/wp-content\/uploads\/2016\/03\/logo-carideal-mandataire-automobile.png","contentUrl":"http:\/\/www.carideal.com\/blog\/wp-content\/uploads\/2016\/03\/logo-carideal-mandataire-automobile.png","width":300,"height":300,"caption":"Carideal"},"image":{"@id":"https:\/\/www.carideal.com\/blog\/#\/schema\/logo\/image\/"},"sameAs":["https:\/\/www.facebook.com\/Carideal.mandataire.automobile","https:\/\/x.com\/caridealauto","https:\/\/www.instagram.com\/carideal1\/","https:\/\/www.linkedin.com\/company\/carideal.com","https:\/\/fr.pinterest.com\/schiavonsas\/","https:\/\/www.youtube.com\/user\/caridealsas"]},{"@type":"Person","@id":"https:\/\/www.carideal.com\/blog\/#\/schema\/person\/985c7e757d1042d647f21bfaf8d41ebc","name":"N.S Carideal","image":{"@type":"ImageObject","inLanguage":"fr-FR","@id":"https:\/\/www.carideal.com\/blog\/#\/schema\/person\/image\/","url":"https:\/\/secure.gravatar.com\/avatar\/edb7ccdf1a4e3d14aef967760d354d0e?s=96&r=g","contentUrl":"https:\/\/secure.gravatar.com\/avatar\/edb7ccdf1a4e3d14aef967760d354d0e?s=96&r=g","caption":"N.S Carideal"},"description":"Depuis tout petit fan d'automobile. Il est question d'essayer et de comparer toutes ces voitures qui nous ont fait r\u00e9ver, avant que celles-ci ne devient uniquement des voitures de collection.","sameAs":["http:\/\/www.carideal.com\/blog","https:\/\/www.facebook.com\/Carideal.mandataire.automobile\/","https:\/\/www.linkedin.com\/in\/nschiavon\/","https:\/\/www.youtube.com\/user\/caridealsas\/"],"url":"https:\/\/www.carideal.com\/blog\/author\/admin_carideal\/"}]}},"uagb_featured_image_src":{"full":false,"thumbnail":false,"medium":false,"medium_large":false,"large":false,"1536x1536":false,"2048x2048":false,"wppr-widget":false},"uagb_author_info":{"display_name":"N.S Carideal","author_link":"https:\/\/www.carideal.com\/blog\/author\/admin_carideal\/"},"uagb_comment_info":0,"uagb_excerpt":"La Renault Wind sera livr\u00e9e en juin \u00e0 300 premiers clients sous la forme d\u2019une s\u00e9rie limit\u00e9e baptis\u00e9e Collection. Wind Collection affiche un look unique, avec ses jantes de 17 pouces diamante\u0301es \u00ab&nbsp;Sphinx \u00bb, son toit noir brillant, ou encore ses coques de re\u0301troviseur et ses bossages arrie\u0300re chrome\u0301s. Une exclusivite\u0301 qui se retrouve a\u0300\u2026","_links":{"self":[{"href":"https:\/\/www.carideal.com\/blog\/wp-json\/wp\/v2\/posts\/790"}],"collection":[{"href":"https:\/\/www.carideal.com\/blog\/wp-json\/wp\/v2\/posts"}],"about":[{"href":"https:\/\/www.carideal.com\/blog\/wp-json\/wp\/v2\/types\/post"}],"author":[{"embeddable":true,"href":"https:\/\/www.carideal.com\/blog\/wp-json\/wp\/v2\/users\/1"}],"replies":[{"embeddable":true,"href":"https:\/\/www.carideal.com\/blog\/wp-json\/wp\/v2\/comments?post=790"}],"version-history":[{"count":0,"href":"https:\/\/www.carideal.com\/blog\/wp-json\/wp\/v2\/posts\/790\/revisions"}],"wp:attachment":[{"href":"https:\/\/www.carideal.com\/blog\/wp-json\/wp\/v2\/media?parent=790"}],"wp:term":[{"taxonomy":"category","embeddable":true,"href":"https:\/\/www.carideal.com\/blog\/wp-json\/wp\/v2\/categories?post=790"},{"taxonomy":"post_tag","embeddable":true,"href":"https:\/\/www.carideal.com\/blog\/wp-json\/wp\/v2\/tags?post=790"}],"curies":[{"name":"wp","href":"https:\/\/api.w.org\/{rel}","templated":true}]}}