{"id":789,"date":"2010-05-28T13:04:00","date_gmt":"2010-05-28T13:04:00","guid":{"rendered":"http:\/\/carideal.com\/blog\/?p=789"},"modified":"2016-10-16T16:12:45","modified_gmt":"2016-10-16T14:12:45","slug":"nouvelle-toyota-auris-90-d-4d","status":"publish","type":"post","link":"https:\/\/www.carideal.com\/blog\/2010\/05\/28\/nouvelle-toyota-auris-90-d-4d\/","title":{"rendered":"Nouvelle Toyota Auris 90 D-4D essai"},"content":{"rendered":"<p>&nbsp;<\/p>\n<h1><strong>Nouvelle Toyota Auris 90 D-4D<\/strong><\/h1>\n<p>La section \u00ab\u00a0compactes\u00a0\u00bb comprend la chic Audi A3, la snob Lancia Delta, la sportive Seat Leon, la grande gueule Peugeot 308 et... la timide Toyota Auris. Chez cette derni\u00e8re, pas un fil ne d\u00e9passe\u00a0: sa ligne sage ne prend aucun risque stylistique. Ses prestations sont dans la moyenne. Ses prix restent abordables. En bref, l'Auris s'efforce de ne pas faire de vagues, m\u00eame apr\u00e8s restylage.<\/p>\n<p>\u00c0 l'ext\u00e9rieur, difficile de percevoir les changements\u00a0: les phares s'\u00e9tirent l\u00e9g\u00e8rement, la calandre se ferme, les boucliers s'alourdissent et les feux arri\u00e8re deviennent bicolores. \u00c0 bord aussi, peu d'\u00e9volutions mais on retrouve avec plaisir les qualit\u00e9s de \u00ab\u00a0l'ancienne\u00a0\u00bb Auris\u00a0: rangements nombreux, commandes bien plac\u00e9es, bonne habitabilit\u00e9 aux places arri\u00e8re, gr\u00e2ce \u00e0 une banquette dont le dossier s'incline.<\/p>\n<p>les 90 ch de son petit diesel assurent d'honn\u00eates relances... \u00e0 une condition pr\u00e8s. C'est le cas du moteur 1.4 D-4D qui,en de\u00e7a de 1 800 tr\/min, reste totalement amorphe\u00a0! Dommage car son silence et sa bonne ma\u00eetrise des vibrations s\u00e9duisent, m\u00eame si sa consommation reste assez \u00e9loign\u00e9e des valeurs annonc\u00e9es (6,7 l aux 100 km en conso extra-urbaine)<\/p>\n<p>Si la japonaise rend une copie propre en tous points, l'innovation ne r\u00e9pond pas pr\u00e9sent . Dans la finition Dynamic, nombre d'\u00e9quipements lui sont refus\u00e9s\u00a0: allumage automatique des phares, capteur de pluie et surtout r\u00e9gulateur de vitesse restent indisponibles, m\u00eame en option. Cela dit, l'Auris perd parfois ses moyens, \u00e0 vouloir monter en gamme. Sur la finition Sportline, sont ainsi livr\u00e9es de s\u00e9rie des jantes en alliage de 17 pouces, qui font grimper la consommation et perdre le bonus de 200 \u20ac\u00a0! Reste sage Auris, reste sage...<\/p>\n<h2>Bilan de cet essai de la Toyota Auris 90 D-4D :<\/h2>\n<p>Voil\u00e0 une compacte qui n'excelle nulle part mais ne souffre pas de gros d\u00e9fauts. Pour celui ou celle qui voit dans l'automobile un simple moyen de transport, l'Auris remplit donc parfaitement son office.<\/p>\n<p>Audi A3<\/p>\n","protected":false},"excerpt":{"rendered":"<p>&nbsp; Nouvelle Toyota Auris 90 D-4D La section \u00ab\u00a0compactes\u00a0\u00bb comprend la chic Audi A3, la snob Lancia Delta, la sportive Seat Leon, la grande gueule Peugeot 308 et&#8230; la timide Toyota Auris. Chez cette derni\u00e8re, pas un fil ne d\u00e9passe\u00a0: sa ligne sage ne prend aucun risque stylistique. Ses prestations sont dans la moyenne. Ses &#8230; <a title=\"Nouvelle Toyota Auris 90 D-4D essai\" class=\"read-more\" href=\"https:\/\/www.carideal.com\/blog\/2010\/05\/28\/nouvelle-toyota-auris-90-d-4d\/\" aria-label=\"En savoir plus sur Nouvelle Toyota Auris 90 D-4D essai\">Lire plus<\/a><\/p>\n","protected":false},"author":1,"featured_media":0,"comment_status":"open","ping_status":"open","sticky":false,"template":"","format":"standard","meta":{"_uag_custom_page_level_css":"","_themeisle_gutenberg_block_has_review":false,"footnotes":""},"categories":[5947,10],"tags":[2998],"class_list":["post-789","post","type-post","status-publish","format-standard","hentry","category-essai","category-marche-automobile-voiture-neuve-occasion-4x4-suv","tag-compactes"],"wppr_data":[],"yoast_head":"<!-- This site is optimized with the Yoast SEO plugin v24.8.1 - https:\/\/yoast.com\/wordpress\/plugins\/seo\/ -->\n<title>Nouvelle Toyota Auris 90 D-4D essai - Blog auto Carid\u00e9al<\/title>\n<meta name=\"robots\" content=\"index, follow, max-snippet:-1, max-image-preview:large, max-video-preview:-1\" \/>\n<link rel=\"canonical\" href=\"https:\/\/www.carideal.com\/blog\/2010\/05\/28\/nouvelle-toyota-auris-90-d-4d\/\" \/>\n<meta property=\"og:locale\" content=\"fr_FR\" \/>\n<meta property=\"og:type\" content=\"article\" \/>\n<meta property=\"og:title\" content=\"Nouvelle Toyota Auris 90 D-4D essai - Blog auto Carid\u00e9al\" \/>\n<meta property=\"og:description\" content=\"&nbsp; Nouvelle Toyota Auris 90 D-4D La section \u00ab\u00a0compactes\u00a0\u00bb comprend la chic Audi A3, la snob Lancia Delta, la sportive Seat Leon, la grande gueule Peugeot 308 et... la timide Toyota Auris. Chez cette derni\u00e8re, pas un fil ne d\u00e9passe\u00a0: sa ligne sage ne prend aucun risque stylistique. Ses prestations sont dans la moyenne. Ses ... Lire plus\" \/>\n<meta property=\"og:url\" content=\"https:\/\/www.carideal.com\/blog\/2010\/05\/28\/nouvelle-toyota-auris-90-d-4d\/\" \/>\n<meta property=\"og:site_name\" content=\"Blog auto Carid\u00e9al\" \/>\n<meta property=\"article:publisher\" content=\"https:\/\/www.facebook.com\/Carideal.mandataire.automobile\" \/>\n<meta property=\"article:author\" content=\"https:\/\/www.facebook.com\/Carideal.mandataire.automobile\/\" \/>\n<meta property=\"article:published_time\" content=\"2010-05-28T13:04:00+00:00\" \/>\n<meta property=\"article:modified_time\" content=\"2016-10-16T14:12:45+00:00\" \/>\n<meta property=\"og:image\" content=\"https:\/\/www.carideal.com\/blog\/wp-content\/uploads\/2016\/03\/logo-carideal-mandataire-automobile.png\" \/>\n\t<meta property=\"og:image:width\" content=\"300\" \/>\n\t<meta property=\"og:image:height\" content=\"300\" \/>\n\t<meta property=\"og:image:type\" content=\"image\/png\" \/>\n<meta name=\"author\" content=\"N.S Carideal\" \/>\n<meta name=\"twitter:card\" content=\"summary_large_image\" \/>\n<meta name=\"twitter:creator\" content=\"@caridealauto\" \/>\n<meta name=\"twitter:site\" content=\"@caridealauto\" \/>\n<meta name=\"twitter:label1\" content=\"\u00c9crit par\" \/>\n\t<meta name=\"twitter:data1\" content=\"N.S Carideal\" \/>\n\t<meta name=\"twitter:label2\" content=\"Dur\u00e9e de lecture estim\u00e9e\" \/>\n\t<meta name=\"twitter:data2\" content=\"2 minutes\" \/>\n<script type=\"application\/ld+json\" class=\"yoast-schema-graph\">{\"@context\":\"https:\/\/schema.org\",\"@graph\":[{\"@type\":\"Article\",\"@id\":\"https:\/\/www.carideal.com\/blog\/2010\/05\/28\/nouvelle-toyota-auris-90-d-4d\/#article\",\"isPartOf\":{\"@id\":\"https:\/\/www.carideal.com\/blog\/2010\/05\/28\/nouvelle-toyota-auris-90-d-4d\/\"},\"author\":{\"name\":\"N.S Carideal\",\"@id\":\"https:\/\/www.carideal.com\/blog\/#\/schema\/person\/985c7e757d1042d647f21bfaf8d41ebc\"},\"headline\":\"Nouvelle Toyota Auris 90 D-4D essai\",\"datePublished\":\"2010-05-28T13:04:00+00:00\",\"dateModified\":\"2016-10-16T14:12:45+00:00\",\"mainEntityOfPage\":{\"@id\":\"https:\/\/www.carideal.com\/blog\/2010\/05\/28\/nouvelle-toyota-auris-90-d-4d\/\"},\"wordCount\":343,\"commentCount\":0,\"publisher\":{\"@id\":\"https:\/\/www.carideal.com\/blog\/#organization\"},\"keywords\":[\"Voiture compacte\"],\"articleSection\":[\"Essais automobile\",\"March\u00e9 automobile\"],\"inLanguage\":\"fr-FR\",\"potentialAction\":[{\"@type\":\"CommentAction\",\"name\":\"Comment\",\"target\":[\"https:\/\/www.carideal.com\/blog\/2010\/05\/28\/nouvelle-toyota-auris-90-d-4d\/#respond\"]}]},{\"@type\":\"WebPage\",\"@id\":\"https:\/\/www.carideal.com\/blog\/2010\/05\/28\/nouvelle-toyota-auris-90-d-4d\/\",\"url\":\"https:\/\/www.carideal.com\/blog\/2010\/05\/28\/nouvelle-toyota-auris-90-d-4d\/\",\"name\":\"Nouvelle Toyota Auris 90 D-4D essai - Blog auto Carid\u00e9al\",\"isPartOf\":{\"@id\":\"https:\/\/www.carideal.com\/blog\/#website\"},\"datePublished\":\"2010-05-28T13:04:00+00:00\",\"dateModified\":\"2016-10-16T14:12:45+00:00\",\"breadcrumb\":{\"@id\":\"https:\/\/www.carideal.com\/blog\/2010\/05\/28\/nouvelle-toyota-auris-90-d-4d\/#breadcrumb\"},\"inLanguage\":\"fr-FR\",\"potentialAction\":[{\"@type\":\"ReadAction\",\"target\":[\"https:\/\/www.carideal.com\/blog\/2010\/05\/28\/nouvelle-toyota-auris-90-d-4d\/\"]}]},{\"@type\":\"BreadcrumbList\",\"@id\":\"https:\/\/www.carideal.com\/blog\/2010\/05\/28\/nouvelle-toyota-auris-90-d-4d\/#breadcrumb\",\"itemListElement\":[{\"@type\":\"ListItem\",\"position\":1,\"name\":\"Blog Carid\u00e9al\",\"item\":\"https:\/\/www.carideal.com\/blog\/\"},{\"@type\":\"ListItem\",\"position\":2,\"name\":\"March\u00e9 automobile\",\"item\":\"https:\/\/www.carideal.com\/blog\/marche-automobile-voiture-neuve-occasion-4x4-suv\/\"},{\"@type\":\"ListItem\",\"position\":3,\"name\":\"Nouvelle Toyota Auris 90 D-4D essai\"}]},{\"@type\":\"WebSite\",\"@id\":\"https:\/\/www.carideal.com\/blog\/#website\",\"url\":\"https:\/\/www.carideal.com\/blog\/\",\"name\":\"Blog auto Carid\u00e9al\",\"description\":\"Actualit\u00e9 auto par des passionn\u00e9s\",\"publisher\":{\"@id\":\"https:\/\/www.carideal.com\/blog\/#organization\"},\"potentialAction\":[{\"@type\":\"SearchAction\",\"target\":{\"@type\":\"EntryPoint\",\"urlTemplate\":\"https:\/\/www.carideal.com\/blog\/?s={search_term_string}\"},\"query-input\":{\"@type\":\"PropertyValueSpecification\",\"valueRequired\":true,\"valueName\":\"search_term_string\"}}],\"inLanguage\":\"fr-FR\"},{\"@type\":\"Organization\",\"@id\":\"https:\/\/www.carideal.com\/blog\/#organization\",\"name\":\"Carideal\",\"url\":\"https:\/\/www.carideal.com\/blog\/\",\"logo\":{\"@type\":\"ImageObject\",\"inLanguage\":\"fr-FR\",\"@id\":\"https:\/\/www.carideal.com\/blog\/#\/schema\/logo\/image\/\",\"url\":\"http:\/\/www.carideal.com\/blog\/wp-content\/uploads\/2016\/03\/logo-carideal-mandataire-automobile.png\",\"contentUrl\":\"http:\/\/www.carideal.com\/blog\/wp-content\/uploads\/2016\/03\/logo-carideal-mandataire-automobile.png\",\"width\":300,\"height\":300,\"caption\":\"Carideal\"},\"image\":{\"@id\":\"https:\/\/www.carideal.com\/blog\/#\/schema\/logo\/image\/\"},\"sameAs\":[\"https:\/\/www.facebook.com\/Carideal.mandataire.automobile\",\"https:\/\/x.com\/caridealauto\",\"https:\/\/www.instagram.com\/carideal1\/\",\"https:\/\/www.linkedin.com\/company\/carideal.com\",\"https:\/\/fr.pinterest.com\/schiavonsas\/\",\"https:\/\/www.youtube.com\/user\/caridealsas\"]},{\"@type\":\"Person\",\"@id\":\"https:\/\/www.carideal.com\/blog\/#\/schema\/person\/985c7e757d1042d647f21bfaf8d41ebc\",\"name\":\"N.S Carideal\",\"image\":{\"@type\":\"ImageObject\",\"inLanguage\":\"fr-FR\",\"@id\":\"https:\/\/www.carideal.com\/blog\/#\/schema\/person\/image\/\",\"url\":\"https:\/\/secure.gravatar.com\/avatar\/edb7ccdf1a4e3d14aef967760d354d0e?s=96&r=g\",\"contentUrl\":\"https:\/\/secure.gravatar.com\/avatar\/edb7ccdf1a4e3d14aef967760d354d0e?s=96&r=g\",\"caption\":\"N.S Carideal\"},\"description\":\"Depuis tout petit fan d'automobile. Il est question d'essayer et de comparer toutes ces voitures qui nous ont fait r\u00e9ver, avant que celles-ci ne devient uniquement des voitures de collection.\",\"sameAs\":[\"http:\/\/www.carideal.com\/blog\",\"https:\/\/www.facebook.com\/Carideal.mandataire.automobile\/\",\"https:\/\/www.linkedin.com\/in\/nschiavon\/\",\"https:\/\/www.youtube.com\/user\/caridealsas\/\"],\"url\":\"https:\/\/www.carideal.com\/blog\/author\/admin_carideal\/\"}]}<\/script>\n<!-- \/ Yoast SEO plugin. -->","yoast_head_json":{"title":"Nouvelle Toyota Auris 90 D-4D essai - Blog auto Carid\u00e9al","robots":{"index":"index","follow":"follow","max-snippet":"max-snippet:-1","max-image-preview":"max-image-preview:large","max-video-preview":"max-video-preview:-1"},"canonical":"https:\/\/www.carideal.com\/blog\/2010\/05\/28\/nouvelle-toyota-auris-90-d-4d\/","og_locale":"fr_FR","og_type":"article","og_title":"Nouvelle Toyota Auris 90 D-4D essai - Blog auto Carid\u00e9al","og_description":"&nbsp; Nouvelle Toyota Auris 90 D-4D La section \u00ab\u00a0compactes\u00a0\u00bb comprend la chic Audi A3, la snob Lancia Delta, la sportive Seat Leon, la grande gueule Peugeot 308 et... la timide Toyota Auris. Chez cette derni\u00e8re, pas un fil ne d\u00e9passe\u00a0: sa ligne sage ne prend aucun risque stylistique. Ses prestations sont dans la moyenne. Ses ... Lire plus","og_url":"https:\/\/www.carideal.com\/blog\/2010\/05\/28\/nouvelle-toyota-auris-90-d-4d\/","og_site_name":"Blog auto Carid\u00e9al","article_publisher":"https:\/\/www.facebook.com\/Carideal.mandataire.automobile","article_author":"https:\/\/www.facebook.com\/Carideal.mandataire.automobile\/","article_published_time":"2010-05-28T13:04:00+00:00","article_modified_time":"2016-10-16T14:12:45+00:00","og_image":[{"width":300,"height":300,"url":"https:\/\/www.carideal.com\/blog\/wp-content\/uploads\/2016\/03\/logo-carideal-mandataire-automobile.png","type":"image\/png"}],"author":"N.S Carideal","twitter_card":"summary_large_image","twitter_creator":"@caridealauto","twitter_site":"@caridealauto","twitter_misc":{"\u00c9crit par":"N.S Carideal","Dur\u00e9e de lecture estim\u00e9e":"2 minutes"},"schema":{"@context":"https:\/\/schema.org","@graph":[{"@type":"Article","@id":"https:\/\/www.carideal.com\/blog\/2010\/05\/28\/nouvelle-toyota-auris-90-d-4d\/#article","isPartOf":{"@id":"https:\/\/www.carideal.com\/blog\/2010\/05\/28\/nouvelle-toyota-auris-90-d-4d\/"},"author":{"name":"N.S Carideal","@id":"https:\/\/www.carideal.com\/blog\/#\/schema\/person\/985c7e757d1042d647f21bfaf8d41ebc"},"headline":"Nouvelle Toyota Auris 90 D-4D essai","datePublished":"2010-05-28T13:04:00+00:00","dateModified":"2016-10-16T14:12:45+00:00","mainEntityOfPage":{"@id":"https:\/\/www.carideal.com\/blog\/2010\/05\/28\/nouvelle-toyota-auris-90-d-4d\/"},"wordCount":343,"commentCount":0,"publisher":{"@id":"https:\/\/www.carideal.com\/blog\/#organization"},"keywords":["Voiture compacte"],"articleSection":["Essais automobile","March\u00e9 automobile"],"inLanguage":"fr-FR","potentialAction":[{"@type":"CommentAction","name":"Comment","target":["https:\/\/www.carideal.com\/blog\/2010\/05\/28\/nouvelle-toyota-auris-90-d-4d\/#respond"]}]},{"@type":"WebPage","@id":"https:\/\/www.carideal.com\/blog\/2010\/05\/28\/nouvelle-toyota-auris-90-d-4d\/","url":"https:\/\/www.carideal.com\/blog\/2010\/05\/28\/nouvelle-toyota-auris-90-d-4d\/","name":"Nouvelle Toyota Auris 90 D-4D essai - Blog auto Carid\u00e9al","isPartOf":{"@id":"https:\/\/www.carideal.com\/blog\/#website"},"datePublished":"2010-05-28T13:04:00+00:00","dateModified":"2016-10-16T14:12:45+00:00","breadcrumb":{"@id":"https:\/\/www.carideal.com\/blog\/2010\/05\/28\/nouvelle-toyota-auris-90-d-4d\/#breadcrumb"},"inLanguage":"fr-FR","potentialAction":[{"@type":"ReadAction","target":["https:\/\/www.carideal.com\/blog\/2010\/05\/28\/nouvelle-toyota-auris-90-d-4d\/"]}]},{"@type":"BreadcrumbList","@id":"https:\/\/www.carideal.com\/blog\/2010\/05\/28\/nouvelle-toyota-auris-90-d-4d\/#breadcrumb","itemListElement":[{"@type":"ListItem","position":1,"name":"Blog Carid\u00e9al","item":"https:\/\/www.carideal.com\/blog\/"},{"@type":"ListItem","position":2,"name":"March\u00e9 automobile","item":"https:\/\/www.carideal.com\/blog\/marche-automobile-voiture-neuve-occasion-4x4-suv\/"},{"@type":"ListItem","position":3,"name":"Nouvelle Toyota Auris 90 D-4D essai"}]},{"@type":"WebSite","@id":"https:\/\/www.carideal.com\/blog\/#website","url":"https:\/\/www.carideal.com\/blog\/","name":"Blog auto Carid\u00e9al","description":"Actualit\u00e9 auto par des passionn\u00e9s","publisher":{"@id":"https:\/\/www.carideal.com\/blog\/#organization"},"potentialAction":[{"@type":"SearchAction","target":{"@type":"EntryPoint","urlTemplate":"https:\/\/www.carideal.com\/blog\/?s={search_term_string}"},"query-input":{"@type":"PropertyValueSpecification","valueRequired":true,"valueName":"search_term_string"}}],"inLanguage":"fr-FR"},{"@type":"Organization","@id":"https:\/\/www.carideal.com\/blog\/#organization","name":"Carideal","url":"https:\/\/www.carideal.com\/blog\/","logo":{"@type":"ImageObject","inLanguage":"fr-FR","@id":"https:\/\/www.carideal.com\/blog\/#\/schema\/logo\/image\/","url":"http:\/\/www.carideal.com\/blog\/wp-content\/uploads\/2016\/03\/logo-carideal-mandataire-automobile.png","contentUrl":"http:\/\/www.carideal.com\/blog\/wp-content\/uploads\/2016\/03\/logo-carideal-mandataire-automobile.png","width":300,"height":300,"caption":"Carideal"},"image":{"@id":"https:\/\/www.carideal.com\/blog\/#\/schema\/logo\/image\/"},"sameAs":["https:\/\/www.facebook.com\/Carideal.mandataire.automobile","https:\/\/x.com\/caridealauto","https:\/\/www.instagram.com\/carideal1\/","https:\/\/www.linkedin.com\/company\/carideal.com","https:\/\/fr.pinterest.com\/schiavonsas\/","https:\/\/www.youtube.com\/user\/caridealsas"]},{"@type":"Person","@id":"https:\/\/www.carideal.com\/blog\/#\/schema\/person\/985c7e757d1042d647f21bfaf8d41ebc","name":"N.S Carideal","image":{"@type":"ImageObject","inLanguage":"fr-FR","@id":"https:\/\/www.carideal.com\/blog\/#\/schema\/person\/image\/","url":"https:\/\/secure.gravatar.com\/avatar\/edb7ccdf1a4e3d14aef967760d354d0e?s=96&r=g","contentUrl":"https:\/\/secure.gravatar.com\/avatar\/edb7ccdf1a4e3d14aef967760d354d0e?s=96&r=g","caption":"N.S Carideal"},"description":"Depuis tout petit fan d'automobile. Il est question d'essayer et de comparer toutes ces voitures qui nous ont fait r\u00e9ver, avant que celles-ci ne devient uniquement des voitures de collection.","sameAs":["http:\/\/www.carideal.com\/blog","https:\/\/www.facebook.com\/Carideal.mandataire.automobile\/","https:\/\/www.linkedin.com\/in\/nschiavon\/","https:\/\/www.youtube.com\/user\/caridealsas\/"],"url":"https:\/\/www.carideal.com\/blog\/author\/admin_carideal\/"}]}},"uagb_featured_image_src":{"full":false,"thumbnail":false,"medium":false,"medium_large":false,"large":false,"1536x1536":false,"2048x2048":false,"wppr-widget":false},"uagb_author_info":{"display_name":"N.S Carideal","author_link":"https:\/\/www.carideal.com\/blog\/author\/admin_carideal\/"},"uagb_comment_info":0,"uagb_excerpt":"&nbsp; Nouvelle Toyota Auris 90 D-4D La section \u00ab\u00a0compactes\u00a0\u00bb comprend la chic Audi A3, la snob Lancia Delta, la sportive Seat Leon, la grande gueule Peugeot 308 et... la timide Toyota Auris. Chez cette derni\u00e8re, pas un fil ne d\u00e9passe\u00a0: sa ligne sage ne prend aucun risque stylistique. Ses prestations sont dans la moyenne. Ses\u2026","_links":{"self":[{"href":"https:\/\/www.carideal.com\/blog\/wp-json\/wp\/v2\/posts\/789"}],"collection":[{"href":"https:\/\/www.carideal.com\/blog\/wp-json\/wp\/v2\/posts"}],"about":[{"href":"https:\/\/www.carideal.com\/blog\/wp-json\/wp\/v2\/types\/post"}],"author":[{"embeddable":true,"href":"https:\/\/www.carideal.com\/blog\/wp-json\/wp\/v2\/users\/1"}],"replies":[{"embeddable":true,"href":"https:\/\/www.carideal.com\/blog\/wp-json\/wp\/v2\/comments?post=789"}],"version-history":[{"count":0,"href":"https:\/\/www.carideal.com\/blog\/wp-json\/wp\/v2\/posts\/789\/revisions"}],"wp:attachment":[{"href":"https:\/\/www.carideal.com\/blog\/wp-json\/wp\/v2\/media?parent=789"}],"wp:term":[{"taxonomy":"category","embeddable":true,"href":"https:\/\/www.carideal.com\/blog\/wp-json\/wp\/v2\/categories?post=789"},{"taxonomy":"post_tag","embeddable":true,"href":"https:\/\/www.carideal.com\/blog\/wp-json\/wp\/v2\/tags?post=789"}],"curies":[{"name":"wp","href":"https:\/\/api.w.org\/{rel}","templated":true}]}}