{"id":787,"date":"2010-05-28T08:42:00","date_gmt":"2010-05-28T08:42:00","guid":{"rendered":"http:\/\/carideal.com\/blog\/?p=787"},"modified":"2020-03-07T16:54:43","modified_gmt":"2020-03-07T15:54:43","slug":"la-citroen-ds3-esthetique-et-efficacite","status":"publish","type":"post","link":"https:\/\/www.carideal.com\/blog\/2010\/05\/28\/la-citroen-ds3-esthetique-et-efficacite\/","title":{"rendered":"La Citroen DS3 esthetique et efficacite"},"content":{"rendered":"<figure id=\"attachment_9991\" aria-describedby=\"caption-attachment-9991\" style=\"width: 290px\" class=\"wp-caption alignleft\"><a href=\"http:\/\/www.carideal.com\/blog\/wp-content\/uploads\/2010\/05\/IMG-20140904-WA0005.jpg\"><img loading=\"lazy\" decoding=\"async\" class=\"wp-image-9991 size-medium\" title=\"DS3 du style efficace !\" src=\"http:\/\/www.carideal.com\/blog\/wp-content\/uploads\/2010\/05\/IMG-20140904-WA0005-300x169.jpg\" alt=\"DS3 du style efficace !\" width=\"300\" height=\"169\" srcset=\"https:\/\/www.carideal.com\/blog\/wp-content\/uploads\/2010\/05\/IMG-20140904-WA0005-300x169.jpg 300w, https:\/\/www.carideal.com\/blog\/wp-content\/uploads\/2010\/05\/IMG-20140904-WA0005.jpg 1024w, https:\/\/www.carideal.com\/blog\/wp-content\/uploads\/2010\/05\/IMG-20140904-WA0005-624x351.jpg 624w\" sizes=\"(max-width: 300px) 100vw, 300px\" \/><\/a><figcaption id=\"caption-attachment-9991\" class=\"wp-caption-text\">DS3 du style efficace !<\/figcaption><\/figure>\n<h1>La Citroen DS3 ne manque pas d'audace !<\/h1>\n<p>Anti-r\u00e9tro, la Citroen DS3 est r\u00e9solument tourn\u00e9e vers l'avenir, peut-\u00eatre pour marquer sa diff\u00e9rence avec les stars du moment (<span style=\"text-decoration: underline;\">Mini<\/span> et <span style=\"text-decoration: underline;\">Fiat 500<\/span>) qui surfent sur la vague du revival. Alors m\u00eame si la DS3 ne pr\u00e9sente rien de r\u00e9volutionnaire en mati\u00e8re de style, il faut saluer l'audace de ses designers car l'ensemble ne manque pas de caract\u00e8re. Avec sa grosse bouche, ses feux de jour \u00e0 Led verticaux et ses projecteurs mena\u00e7ants, la DS3 en impose. Ses hanches larges, son toit flottant et ses arches lat\u00e9rales inachev\u00e9es peaufinent un style l\u00e9ch\u00e9 jusque dans les moindres d\u00e9tails. Une vraie r\u00e9ussite\u00a0!<\/p>\n<h2>La DS3 propose une multitude de style diff\u00e9rent<\/h2>\n<figure id=\"attachment_9993\" aria-describedby=\"caption-attachment-9993\" style=\"width: 159px\" class=\"wp-caption alignleft\"><a href=\"http:\/\/www.carideal.com\/blog\/wp-content\/uploads\/2010\/05\/IMG-20140904-WA0003.jpg\"><img loading=\"lazy\" decoding=\"async\" class=\"wp-image-9993 size-medium\" title=\"GPS et climatisation auto pour la Citroen DS3\" src=\"http:\/\/www.carideal.com\/blog\/wp-content\/uploads\/2010\/05\/IMG-20140904-WA0003-169x300.jpg\" alt=\"GPS et climatisation auto pour la Citroen DS3\" width=\"169\" height=\"300\" srcset=\"https:\/\/www.carideal.com\/blog\/wp-content\/uploads\/2010\/05\/IMG-20140904-WA0003-169x300.jpg 169w, https:\/\/www.carideal.com\/blog\/wp-content\/uploads\/2010\/05\/IMG-20140904-WA0003.jpg 576w, https:\/\/www.carideal.com\/blog\/wp-content\/uploads\/2010\/05\/IMG-20140904-WA0003-624x1109.jpg 624w\" sizes=\"(max-width: 169px) 100vw, 169px\" \/><\/a><figcaption id=\"caption-attachment-9993\" class=\"wp-caption-text\">GPS et climatisation auto pour la Citroen DS3<\/figcaption><\/figure>\n<p>L\u00e0 o\u00f9 d'autres constructeurs se contentent de proposer de simples stickers, Citroen offre la possibilit\u00e9 \u00e0 ses clients de cr\u00e9er leur propre DS3 avec 38 combinaisons de teinte de caisse \/ pavillon, 12 mod\u00e8les de jantes, des inserts chrom\u00e9s... la seule limite \u00e9tant le mauvais go\u00fbt. La marque propose \u00e9galement quatre kits d'adh\u00e9sifs pour personnaliser le toit\u00a0: Urban Tribe, Zebra, Onde et Perle qui vont de paire avec les tapis int\u00e9rieur. L'int\u00e9rieur justement n'est pas en reste avec la possibilit\u00e9 de mettre de la couleur sur le pommeau, les a\u00e9rateurs, les poign\u00e9es de portes et la planche de bord avec un Kit D\u00e9cor . Et pour ceux qui voudraient modifier le look de leur DS3 en cours de route sachez qu'aucun \u00e9l\u00e9ment de personnalisation n'est d\u00e9finitif bien qu'il soit garantie sur la dur\u00e9e de vie de la voiture et que Citroen compte proposer r\u00e9guli\u00e8rement de nouvelles ambiances<\/p>\n<p>&nbsp;<\/p>\n<h2>Vous pouvez choisir parmi entre trois finitions pour votre DS3<\/h2>\n<figure id=\"attachment_9994\" aria-describedby=\"caption-attachment-9994\" style=\"width: 290px\" class=\"wp-caption alignleft\"><a href=\"http:\/\/www.carideal.com\/blog\/wp-content\/uploads\/2010\/05\/IMG-20141027-WA0007.jpg\"><img loading=\"lazy\" decoding=\"async\" class=\"wp-image-9994 size-medium\" title=\"Trois finition pour la Citroen DS 3 ici en cuir\" src=\"http:\/\/www.carideal.com\/blog\/wp-content\/uploads\/2010\/05\/IMG-20141027-WA0007-300x169.jpg\" alt=\"Trois finition pour la Citroen DS 3 ici en cuir\" width=\"300\" height=\"169\" srcset=\"https:\/\/www.carideal.com\/blog\/wp-content\/uploads\/2010\/05\/IMG-20141027-WA0007-300x169.jpg 300w, https:\/\/www.carideal.com\/blog\/wp-content\/uploads\/2010\/05\/IMG-20141027-WA0007.jpg 1024w, https:\/\/www.carideal.com\/blog\/wp-content\/uploads\/2010\/05\/IMG-20141027-WA0007-624x351.jpg 624w\" sizes=\"(max-width: 300px) 100vw, 300px\" \/><\/a><figcaption id=\"caption-attachment-9994\" class=\"wp-caption-text\">Trois finition pour la Citroen DS 3 ici en cuir<\/figcaption><\/figure>\n<p>Au lancement, la DS3 pr\u00e9sente trois niveaux de finitions\u00a0: Chic, So chic et Sport Chic. Disponible sur l'entr\u00e9e de gamme essence VTi 95, la finition Chic offre de s\u00e9rie l'ordinateur de bord, le r\u00e9gulateur de vitesse, les vitres et r\u00e9troviseurs \u00e9lectriques, les antibrouillards, la radio CD MP3. Pour la climatisation manuelle, le parfumeur d'ambiance, les feux de jour \u00e0 Led, le pavillon bi-ton et les jantes 16 pouces, il faudra se tourner vers la finition So Chic sur les motorisations milieu de gamme VTi 120 essence et HDI 90 diesel. Enfin, la climatisation automatique, le syst\u00e8me audio Hifi, les si\u00e8ges sport, la sellerie tissu\/alcantara et les jantes 17 pouces font partie de la dotation de la finition Sport Chic des THP 150 essence et HDI 110 diesel. Au chapitre des options, on notera la navigation et la sellerie cuir affich\u00e9es toutes deux \u00e0 partir de 950 \u20ac.<\/p>\n<h2>Des Moteurs essence et diesel performants pour la DS3<\/h2>\n<figure id=\"attachment_9995\" aria-describedby=\"caption-attachment-9995\" style=\"width: 290px\" class=\"wp-caption alignleft\"><a href=\"http:\/\/www.carideal.com\/blog\/wp-content\/uploads\/2010\/05\/IMG-20141027-WA0004-1.jpg\"><img loading=\"lazy\" decoding=\"async\" class=\"wp-image-9995 size-medium\" title=\"Instrumentation compl\u00e8te pour la DS 3\" src=\"http:\/\/www.carideal.com\/blog\/wp-content\/uploads\/2010\/05\/IMG-20141027-WA0004-1-300x169.jpg\" alt=\"Instrumentation compl\u00e8te pour la DS 3\" width=\"300\" height=\"169\" srcset=\"https:\/\/www.carideal.com\/blog\/wp-content\/uploads\/2010\/05\/IMG-20141027-WA0004-1-300x169.jpg 300w, https:\/\/www.carideal.com\/blog\/wp-content\/uploads\/2010\/05\/IMG-20141027-WA0004-1.jpg 1024w, https:\/\/www.carideal.com\/blog\/wp-content\/uploads\/2010\/05\/IMG-20141027-WA0004-1-624x351.jpg 624w\" sizes=\"(max-width: 300px) 100vw, 300px\" \/><\/a><figcaption id=\"caption-attachment-9995\" class=\"wp-caption-text\">Instrumentation compl\u00e8te pour la DS 3<\/figcaption><\/figure>\n<p>Si toutes les motorisations seront progressivement commercialis\u00e9es dans le courant de l'ann\u00e9e, notamment les diesel HDI 90 et 110. Peu convaincant sur d'autres mod\u00e8les du groupe PSA, ce moteur nous a v\u00e9ritablement surpris sur la DS3. Gr\u00e2ce \u00e0 ses 156 ch et au poids contenu de la DS 3, 1 165 kg, ce 4 cylindres turbo \u00e9labor\u00e9 en collaboration avec <span style=\"text-decoration: underline;\">BMW<\/span> d\u00e9montre une belle sant\u00e9. De plus, ses 240 Nm de couple disponibles d\u00e8s 1 400 trs\/min lui conf\u00e8rent une disponibilit\u00e9 appr\u00e9ciable et n'obligent pas \u00e0 jouer sans cesse de la bo\u00eete, au demeurant parfaitement \u00e9tag\u00e9e. Il convient aussi de complimenter les ing\u00e9nieurs pour leur travail sur une sonorit\u00e9 rauque qui invite \u00e0 hausser le ton. Enfin c\u00f4t\u00e9 performances, la DS3 annonce 214 km\/h en vitesse de pointe et 7''3 au 0 \u00e0 100 km\/h tout en restant raisonnable sur les consommations\u00a0: 8,0 L\/100 km en moyenne.<\/p>\n<h2>La DS3\u00a0offre offre un comportement routier efficace<\/h2>\n<figure id=\"attachment_9996\" aria-describedby=\"caption-attachment-9996\" style=\"width: 290px\" class=\"wp-caption alignleft\"><a href=\"http:\/\/www.carideal.com\/blog\/wp-content\/uploads\/2010\/05\/IMG-20141027-WA0005.jpg\"><img loading=\"lazy\" decoding=\"async\" class=\"wp-image-9996 size-medium\" title=\"Citroen DS 3\" src=\"http:\/\/www.carideal.com\/blog\/wp-content\/uploads\/2010\/05\/IMG-20141027-WA0005-300x169.jpg\" alt=\"Citroen DS 3\" width=\"300\" height=\"169\" srcset=\"https:\/\/www.carideal.com\/blog\/wp-content\/uploads\/2010\/05\/IMG-20141027-WA0005-300x169.jpg 300w, https:\/\/www.carideal.com\/blog\/wp-content\/uploads\/2010\/05\/IMG-20141027-WA0005.jpg 1024w, https:\/\/www.carideal.com\/blog\/wp-content\/uploads\/2010\/05\/IMG-20141027-WA0005-624x351.jpg 624w\" sizes=\"(max-width: 300px) 100vw, 300px\" \/><\/a><figcaption id=\"caption-attachment-9996\" class=\"wp-caption-text\">Citroen DS 3<\/figcaption><\/figure>\n<p>Construite sur la plate-forme de la <span style=\"text-decoration: underline;\">C3<\/span>, la DS 3 ne partage pourtant pas la m\u00eame philosophie en ce qui concerne ses prestations routi\u00e8res. L\u00e0 o\u00f9 une Citroen C3 se montre pr\u00e9venante et soigne le confort, la DS 3 d\u00e9voile une personnalit\u00e9 plus radicale et privil\u00e9gie les sensations. Sans \u00eatre cassant, le tarage plus ferme de ses suspensions est clairement tourn\u00e9 vers l'efficacit\u00e9. La DS3 est vive, affiche un certain brio dans le sinueux, vire \u00e0 plat et sa motricit\u00e9 est difficile \u00e0 prendre en d\u00e9faut. Le freinage est quant \u00e0 lui exempt de tout reproche. Au final, la DS3 s'av\u00e8re \u00eatre une base s\u00e9rieuse pour la future version sportive qui devrait prendre le nom de DS3 Racing. Rappelons aussi que la DS 3 a \u00e9t\u00e9 choisie par Citroen pour remplacer la <span style=\"text-decoration: underline;\">C4<\/span> en championnat du monde des rallyes WRC et que notre <span style=\"text-decoration: underline;\"><a href=\"http:\/\/www.carideal.com\/blog\/2010\/01\/20\/citroen-lance-la-future-ds3-wrc-pour-sebastien-loeb\/\">S\u00e9bastien Loeb<\/a><\/span> national ne pourra se contenter d'une demi-sportive.<\/p>\n<h2>Le Bilan de cette DS3<\/h2>\n<p>Exub\u00e9rante dans ses lignes, la DS3 n'en est pas moins un produit extr\u00eamement soign\u00e9. Le s\u00e9rieux apport\u00e9 \u00e0 sa finition, \u00e0 son programme de personnalisation et \u00e0 son duo ch\u00e2ssis \/ moteur parfaitement homog\u00e8ne, ne laisse aucun doute quant \u00e0 sa r\u00e9ussite commerciale. Nombreuses sont les voitures attachantes, mais rares sont celles qui sont autant abouties. Cerise sur le g\u00e2teau, la <strong>DS3<\/strong> affiche des <strong>tarifs<\/strong> pour le moins attractifs, venez les decouvrir sur notre site.<\/p>\n<h2>Vid\u00e9o Citroen DS3 occasion<\/h2>\n<p><iframe loading=\"lazy\" src=\"https:\/\/www.youtube.com\/embed\/UWGtycno8GQ\" width=\"420\" height=\"315\" frameborder=\"0\" allowfullscreen=\"allowfullscreen\"><\/iframe><\/p>\n","protected":false},"excerpt":{"rendered":"<p>La Citroen DS3 ne manque pas d&rsquo;audace ! Anti-r\u00e9tro, la Citroen DS3 est r\u00e9solument tourn\u00e9e vers l&rsquo;avenir, peut-\u00eatre pour marquer sa diff\u00e9rence avec les stars du moment (Mini et Fiat 500) qui surfent sur la vague du revival. Alors m\u00eame si la DS3 ne pr\u00e9sente rien de r\u00e9volutionnaire en mati\u00e8re de style, il faut saluer &#8230; <a title=\"La Citroen DS3 esthetique et efficacite\" class=\"read-more\" href=\"https:\/\/www.carideal.com\/blog\/2010\/05\/28\/la-citroen-ds3-esthetique-et-efficacite\/\" aria-label=\"En savoir plus sur La Citroen DS3 esthetique et efficacite\">Lire plus<\/a><\/p>\n","protected":false},"author":1,"featured_media":0,"comment_status":"open","ping_status":"open","sticky":false,"template":"","format":"standard","meta":{"_uag_custom_page_level_css":"","_themeisle_gutenberg_block_has_review":false,"footnotes":""},"categories":[5944,6001,10],"tags":[],"class_list":["post-787","post","type-post","status-publish","format-standard","hentry","category-constructeur","category-ds","category-marche-automobile-voiture-neuve-occasion-4x4-suv"],"wppr_data":[],"yoast_head":"<!-- This site is optimized with the Yoast SEO plugin v24.8.1 - https:\/\/yoast.com\/wordpress\/plugins\/seo\/ -->\n<title>La Citroen DS3 esthetique et efficacite - Blog auto Carid\u00e9al<\/title>\n<meta name=\"description\" content=\"La DS3 est une voiture extr\u00eamement soign\u00e9e. Le s\u00e9rieux apport\u00e9 \u00e0 sa finition, \u00e0 son programme de personnalisation et \u00e0 son duo ch\u00e2ssis \/ moteur\" \/>\n<meta name=\"robots\" content=\"index, follow, max-snippet:-1, max-image-preview:large, max-video-preview:-1\" \/>\n<link rel=\"canonical\" href=\"https:\/\/www.carideal.com\/blog\/2010\/05\/28\/la-citroen-ds3-esthetique-et-efficacite\/\" \/>\n<meta property=\"og:locale\" content=\"fr_FR\" \/>\n<meta property=\"og:type\" content=\"article\" \/>\n<meta property=\"og:title\" content=\"La Citroen DS3 esthetique et efficacite - Blog auto Carid\u00e9al\" \/>\n<meta property=\"og:description\" content=\"La DS3 est une voiture extr\u00eamement soign\u00e9e. Le s\u00e9rieux apport\u00e9 \u00e0 sa finition, \u00e0 son programme de personnalisation et \u00e0 son duo ch\u00e2ssis \/ moteur\" \/>\n<meta property=\"og:url\" content=\"https:\/\/www.carideal.com\/blog\/2010\/05\/28\/la-citroen-ds3-esthetique-et-efficacite\/\" \/>\n<meta property=\"og:site_name\" content=\"Blog auto Carid\u00e9al\" \/>\n<meta property=\"article:publisher\" content=\"https:\/\/www.facebook.com\/Carideal.mandataire.automobile\" \/>\n<meta property=\"article:author\" content=\"https:\/\/www.facebook.com\/Carideal.mandataire.automobile\/\" \/>\n<meta property=\"article:published_time\" content=\"2010-05-28T08:42:00+00:00\" \/>\n<meta property=\"article:modified_time\" content=\"2020-03-07T15:54:43+00:00\" \/>\n<meta property=\"og:image\" content=\"http:\/\/www.carideal.com\/blog\/wp-content\/uploads\/2010\/05\/IMG-20140904-WA0005-300x169.jpg\" \/>\n<meta name=\"author\" content=\"N.S Carideal\" \/>\n<meta name=\"twitter:card\" content=\"summary_large_image\" \/>\n<meta name=\"twitter:creator\" content=\"@caridealauto\" \/>\n<meta name=\"twitter:site\" content=\"@caridealauto\" \/>\n<meta name=\"twitter:label1\" content=\"\u00c9crit par\" \/>\n\t<meta name=\"twitter:data1\" content=\"N.S Carideal\" \/>\n\t<meta name=\"twitter:label2\" content=\"Dur\u00e9e de lecture estim\u00e9e\" \/>\n\t<meta name=\"twitter:data2\" content=\"5 minutes\" \/>\n<script type=\"application\/ld+json\" class=\"yoast-schema-graph\">{\"@context\":\"https:\/\/schema.org\",\"@graph\":[{\"@type\":\"Article\",\"@id\":\"https:\/\/www.carideal.com\/blog\/2010\/05\/28\/la-citroen-ds3-esthetique-et-efficacite\/#article\",\"isPartOf\":{\"@id\":\"https:\/\/www.carideal.com\/blog\/2010\/05\/28\/la-citroen-ds3-esthetique-et-efficacite\/\"},\"author\":{\"name\":\"N.S Carideal\",\"@id\":\"https:\/\/www.carideal.com\/blog\/#\/schema\/person\/985c7e757d1042d647f21bfaf8d41ebc\"},\"headline\":\"La Citroen DS3 esthetique et efficacite\",\"datePublished\":\"2010-05-28T08:42:00+00:00\",\"dateModified\":\"2020-03-07T15:54:43+00:00\",\"mainEntityOfPage\":{\"@id\":\"https:\/\/www.carideal.com\/blog\/2010\/05\/28\/la-citroen-ds3-esthetique-et-efficacite\/\"},\"wordCount\":917,\"commentCount\":1,\"publisher\":{\"@id\":\"https:\/\/www.carideal.com\/blog\/#organization\"},\"image\":{\"@id\":\"https:\/\/www.carideal.com\/blog\/2010\/05\/28\/la-citroen-ds3-esthetique-et-efficacite\/#primaryimage\"},\"thumbnailUrl\":\"http:\/\/www.carideal.com\/blog\/wp-content\/uploads\/2010\/05\/IMG-20140904-WA0005-300x169.jpg\",\"articleSection\":[\"Actualit\u00e9 Constructeur automobile\",\"Actualit\u00e9 DS\",\"March\u00e9 automobile\"],\"inLanguage\":\"fr-FR\",\"potentialAction\":[{\"@type\":\"CommentAction\",\"name\":\"Comment\",\"target\":[\"https:\/\/www.carideal.com\/blog\/2010\/05\/28\/la-citroen-ds3-esthetique-et-efficacite\/#respond\"]}]},{\"@type\":\"WebPage\",\"@id\":\"https:\/\/www.carideal.com\/blog\/2010\/05\/28\/la-citroen-ds3-esthetique-et-efficacite\/\",\"url\":\"https:\/\/www.carideal.com\/blog\/2010\/05\/28\/la-citroen-ds3-esthetique-et-efficacite\/\",\"name\":\"La Citroen DS3 esthetique et efficacite - Blog auto Carid\u00e9al\",\"isPartOf\":{\"@id\":\"https:\/\/www.carideal.com\/blog\/#website\"},\"primaryImageOfPage\":{\"@id\":\"https:\/\/www.carideal.com\/blog\/2010\/05\/28\/la-citroen-ds3-esthetique-et-efficacite\/#primaryimage\"},\"image\":{\"@id\":\"https:\/\/www.carideal.com\/blog\/2010\/05\/28\/la-citroen-ds3-esthetique-et-efficacite\/#primaryimage\"},\"thumbnailUrl\":\"http:\/\/www.carideal.com\/blog\/wp-content\/uploads\/2010\/05\/IMG-20140904-WA0005-300x169.jpg\",\"datePublished\":\"2010-05-28T08:42:00+00:00\",\"dateModified\":\"2020-03-07T15:54:43+00:00\",\"description\":\"La DS3 est une voiture extr\u00eamement soign\u00e9e. Le s\u00e9rieux apport\u00e9 \u00e0 sa finition, \u00e0 son programme de personnalisation et \u00e0 son duo ch\u00e2ssis \/ moteur\",\"breadcrumb\":{\"@id\":\"https:\/\/www.carideal.com\/blog\/2010\/05\/28\/la-citroen-ds3-esthetique-et-efficacite\/#breadcrumb\"},\"inLanguage\":\"fr-FR\",\"potentialAction\":[{\"@type\":\"ReadAction\",\"target\":[\"https:\/\/www.carideal.com\/blog\/2010\/05\/28\/la-citroen-ds3-esthetique-et-efficacite\/\"]}]},{\"@type\":\"ImageObject\",\"inLanguage\":\"fr-FR\",\"@id\":\"https:\/\/www.carideal.com\/blog\/2010\/05\/28\/la-citroen-ds3-esthetique-et-efficacite\/#primaryimage\",\"url\":\"http:\/\/www.carideal.com\/blog\/wp-content\/uploads\/2010\/05\/IMG-20140904-WA0005-300x169.jpg\",\"contentUrl\":\"http:\/\/www.carideal.com\/blog\/wp-content\/uploads\/2010\/05\/IMG-20140904-WA0005-300x169.jpg\"},{\"@type\":\"BreadcrumbList\",\"@id\":\"https:\/\/www.carideal.com\/blog\/2010\/05\/28\/la-citroen-ds3-esthetique-et-efficacite\/#breadcrumb\",\"itemListElement\":[{\"@type\":\"ListItem\",\"position\":1,\"name\":\"Blog Carid\u00e9al\",\"item\":\"https:\/\/www.carideal.com\/blog\/\"},{\"@type\":\"ListItem\",\"position\":2,\"name\":\"March\u00e9 automobile\",\"item\":\"https:\/\/www.carideal.com\/blog\/marche-automobile-voiture-neuve-occasion-4x4-suv\/\"},{\"@type\":\"ListItem\",\"position\":3,\"name\":\"La Citroen DS3 esthetique et efficacite\"}]},{\"@type\":\"WebSite\",\"@id\":\"https:\/\/www.carideal.com\/blog\/#website\",\"url\":\"https:\/\/www.carideal.com\/blog\/\",\"name\":\"Blog auto Carid\u00e9al\",\"description\":\"Actualit\u00e9 auto par des passionn\u00e9s\",\"publisher\":{\"@id\":\"https:\/\/www.carideal.com\/blog\/#organization\"},\"potentialAction\":[{\"@type\":\"SearchAction\",\"target\":{\"@type\":\"EntryPoint\",\"urlTemplate\":\"https:\/\/www.carideal.com\/blog\/?s={search_term_string}\"},\"query-input\":{\"@type\":\"PropertyValueSpecification\",\"valueRequired\":true,\"valueName\":\"search_term_string\"}}],\"inLanguage\":\"fr-FR\"},{\"@type\":\"Organization\",\"@id\":\"https:\/\/www.carideal.com\/blog\/#organization\",\"name\":\"Carideal\",\"url\":\"https:\/\/www.carideal.com\/blog\/\",\"logo\":{\"@type\":\"ImageObject\",\"inLanguage\":\"fr-FR\",\"@id\":\"https:\/\/www.carideal.com\/blog\/#\/schema\/logo\/image\/\",\"url\":\"http:\/\/www.carideal.com\/blog\/wp-content\/uploads\/2016\/03\/logo-carideal-mandataire-automobile.png\",\"contentUrl\":\"http:\/\/www.carideal.com\/blog\/wp-content\/uploads\/2016\/03\/logo-carideal-mandataire-automobile.png\",\"width\":300,\"height\":300,\"caption\":\"Carideal\"},\"image\":{\"@id\":\"https:\/\/www.carideal.com\/blog\/#\/schema\/logo\/image\/\"},\"sameAs\":[\"https:\/\/www.facebook.com\/Carideal.mandataire.automobile\",\"https:\/\/x.com\/caridealauto\",\"https:\/\/www.instagram.com\/carideal1\/\",\"https:\/\/www.linkedin.com\/company\/carideal.com\",\"https:\/\/fr.pinterest.com\/schiavonsas\/\",\"https:\/\/www.youtube.com\/user\/caridealsas\"]},{\"@type\":\"Person\",\"@id\":\"https:\/\/www.carideal.com\/blog\/#\/schema\/person\/985c7e757d1042d647f21bfaf8d41ebc\",\"name\":\"N.S Carideal\",\"image\":{\"@type\":\"ImageObject\",\"inLanguage\":\"fr-FR\",\"@id\":\"https:\/\/www.carideal.com\/blog\/#\/schema\/person\/image\/\",\"url\":\"https:\/\/secure.gravatar.com\/avatar\/edb7ccdf1a4e3d14aef967760d354d0e?s=96&r=g\",\"contentUrl\":\"https:\/\/secure.gravatar.com\/avatar\/edb7ccdf1a4e3d14aef967760d354d0e?s=96&r=g\",\"caption\":\"N.S Carideal\"},\"description\":\"Depuis tout petit fan d'automobile. Il est question d'essayer et de comparer toutes ces voitures qui nous ont fait r\u00e9ver, avant que celles-ci ne devient uniquement des voitures de collection.\",\"sameAs\":[\"http:\/\/www.carideal.com\/blog\",\"https:\/\/www.facebook.com\/Carideal.mandataire.automobile\/\",\"https:\/\/www.linkedin.com\/in\/nschiavon\/\",\"https:\/\/www.youtube.com\/user\/caridealsas\/\"],\"url\":\"https:\/\/www.carideal.com\/blog\/author\/admin_carideal\/\"}]}<\/script>\n<!-- \/ Yoast SEO plugin. -->","yoast_head_json":{"title":"La Citroen DS3 esthetique et efficacite - Blog auto Carid\u00e9al","description":"La DS3 est une voiture extr\u00eamement soign\u00e9e. Le s\u00e9rieux apport\u00e9 \u00e0 sa finition, \u00e0 son programme de personnalisation et \u00e0 son duo ch\u00e2ssis \/ moteur","robots":{"index":"index","follow":"follow","max-snippet":"max-snippet:-1","max-image-preview":"max-image-preview:large","max-video-preview":"max-video-preview:-1"},"canonical":"https:\/\/www.carideal.com\/blog\/2010\/05\/28\/la-citroen-ds3-esthetique-et-efficacite\/","og_locale":"fr_FR","og_type":"article","og_title":"La Citroen DS3 esthetique et efficacite - Blog auto Carid\u00e9al","og_description":"La DS3 est une voiture extr\u00eamement soign\u00e9e. Le s\u00e9rieux apport\u00e9 \u00e0 sa finition, \u00e0 son programme de personnalisation et \u00e0 son duo ch\u00e2ssis \/ moteur","og_url":"https:\/\/www.carideal.com\/blog\/2010\/05\/28\/la-citroen-ds3-esthetique-et-efficacite\/","og_site_name":"Blog auto Carid\u00e9al","article_publisher":"https:\/\/www.facebook.com\/Carideal.mandataire.automobile","article_author":"https:\/\/www.facebook.com\/Carideal.mandataire.automobile\/","article_published_time":"2010-05-28T08:42:00+00:00","article_modified_time":"2020-03-07T15:54:43+00:00","og_image":[{"url":"http:\/\/www.carideal.com\/blog\/wp-content\/uploads\/2010\/05\/IMG-20140904-WA0005-300x169.jpg","type":"","width":"","height":""}],"author":"N.S Carideal","twitter_card":"summary_large_image","twitter_creator":"@caridealauto","twitter_site":"@caridealauto","twitter_misc":{"\u00c9crit par":"N.S Carideal","Dur\u00e9e de lecture estim\u00e9e":"5 minutes"},"schema":{"@context":"https:\/\/schema.org","@graph":[{"@type":"Article","@id":"https:\/\/www.carideal.com\/blog\/2010\/05\/28\/la-citroen-ds3-esthetique-et-efficacite\/#article","isPartOf":{"@id":"https:\/\/www.carideal.com\/blog\/2010\/05\/28\/la-citroen-ds3-esthetique-et-efficacite\/"},"author":{"name":"N.S Carideal","@id":"https:\/\/www.carideal.com\/blog\/#\/schema\/person\/985c7e757d1042d647f21bfaf8d41ebc"},"headline":"La Citroen DS3 esthetique et efficacite","datePublished":"2010-05-28T08:42:00+00:00","dateModified":"2020-03-07T15:54:43+00:00","mainEntityOfPage":{"@id":"https:\/\/www.carideal.com\/blog\/2010\/05\/28\/la-citroen-ds3-esthetique-et-efficacite\/"},"wordCount":917,"commentCount":1,"publisher":{"@id":"https:\/\/www.carideal.com\/blog\/#organization"},"image":{"@id":"https:\/\/www.carideal.com\/blog\/2010\/05\/28\/la-citroen-ds3-esthetique-et-efficacite\/#primaryimage"},"thumbnailUrl":"http:\/\/www.carideal.com\/blog\/wp-content\/uploads\/2010\/05\/IMG-20140904-WA0005-300x169.jpg","articleSection":["Actualit\u00e9 Constructeur automobile","Actualit\u00e9 DS","March\u00e9 automobile"],"inLanguage":"fr-FR","potentialAction":[{"@type":"CommentAction","name":"Comment","target":["https:\/\/www.carideal.com\/blog\/2010\/05\/28\/la-citroen-ds3-esthetique-et-efficacite\/#respond"]}]},{"@type":"WebPage","@id":"https:\/\/www.carideal.com\/blog\/2010\/05\/28\/la-citroen-ds3-esthetique-et-efficacite\/","url":"https:\/\/www.carideal.com\/blog\/2010\/05\/28\/la-citroen-ds3-esthetique-et-efficacite\/","name":"La Citroen DS3 esthetique et efficacite - Blog auto Carid\u00e9al","isPartOf":{"@id":"https:\/\/www.carideal.com\/blog\/#website"},"primaryImageOfPage":{"@id":"https:\/\/www.carideal.com\/blog\/2010\/05\/28\/la-citroen-ds3-esthetique-et-efficacite\/#primaryimage"},"image":{"@id":"https:\/\/www.carideal.com\/blog\/2010\/05\/28\/la-citroen-ds3-esthetique-et-efficacite\/#primaryimage"},"thumbnailUrl":"http:\/\/www.carideal.com\/blog\/wp-content\/uploads\/2010\/05\/IMG-20140904-WA0005-300x169.jpg","datePublished":"2010-05-28T08:42:00+00:00","dateModified":"2020-03-07T15:54:43+00:00","description":"La DS3 est une voiture extr\u00eamement soign\u00e9e. Le s\u00e9rieux apport\u00e9 \u00e0 sa finition, \u00e0 son programme de personnalisation et \u00e0 son duo ch\u00e2ssis \/ moteur","breadcrumb":{"@id":"https:\/\/www.carideal.com\/blog\/2010\/05\/28\/la-citroen-ds3-esthetique-et-efficacite\/#breadcrumb"},"inLanguage":"fr-FR","potentialAction":[{"@type":"ReadAction","target":["https:\/\/www.carideal.com\/blog\/2010\/05\/28\/la-citroen-ds3-esthetique-et-efficacite\/"]}]},{"@type":"ImageObject","inLanguage":"fr-FR","@id":"https:\/\/www.carideal.com\/blog\/2010\/05\/28\/la-citroen-ds3-esthetique-et-efficacite\/#primaryimage","url":"http:\/\/www.carideal.com\/blog\/wp-content\/uploads\/2010\/05\/IMG-20140904-WA0005-300x169.jpg","contentUrl":"http:\/\/www.carideal.com\/blog\/wp-content\/uploads\/2010\/05\/IMG-20140904-WA0005-300x169.jpg"},{"@type":"BreadcrumbList","@id":"https:\/\/www.carideal.com\/blog\/2010\/05\/28\/la-citroen-ds3-esthetique-et-efficacite\/#breadcrumb","itemListElement":[{"@type":"ListItem","position":1,"name":"Blog Carid\u00e9al","item":"https:\/\/www.carideal.com\/blog\/"},{"@type":"ListItem","position":2,"name":"March\u00e9 automobile","item":"https:\/\/www.carideal.com\/blog\/marche-automobile-voiture-neuve-occasion-4x4-suv\/"},{"@type":"ListItem","position":3,"name":"La Citroen DS3 esthetique et efficacite"}]},{"@type":"WebSite","@id":"https:\/\/www.carideal.com\/blog\/#website","url":"https:\/\/www.carideal.com\/blog\/","name":"Blog auto Carid\u00e9al","description":"Actualit\u00e9 auto par des passionn\u00e9s","publisher":{"@id":"https:\/\/www.carideal.com\/blog\/#organization"},"potentialAction":[{"@type":"SearchAction","target":{"@type":"EntryPoint","urlTemplate":"https:\/\/www.carideal.com\/blog\/?s={search_term_string}"},"query-input":{"@type":"PropertyValueSpecification","valueRequired":true,"valueName":"search_term_string"}}],"inLanguage":"fr-FR"},{"@type":"Organization","@id":"https:\/\/www.carideal.com\/blog\/#organization","name":"Carideal","url":"https:\/\/www.carideal.com\/blog\/","logo":{"@type":"ImageObject","inLanguage":"fr-FR","@id":"https:\/\/www.carideal.com\/blog\/#\/schema\/logo\/image\/","url":"http:\/\/www.carideal.com\/blog\/wp-content\/uploads\/2016\/03\/logo-carideal-mandataire-automobile.png","contentUrl":"http:\/\/www.carideal.com\/blog\/wp-content\/uploads\/2016\/03\/logo-carideal-mandataire-automobile.png","width":300,"height":300,"caption":"Carideal"},"image":{"@id":"https:\/\/www.carideal.com\/blog\/#\/schema\/logo\/image\/"},"sameAs":["https:\/\/www.facebook.com\/Carideal.mandataire.automobile","https:\/\/x.com\/caridealauto","https:\/\/www.instagram.com\/carideal1\/","https:\/\/www.linkedin.com\/company\/carideal.com","https:\/\/fr.pinterest.com\/schiavonsas\/","https:\/\/www.youtube.com\/user\/caridealsas"]},{"@type":"Person","@id":"https:\/\/www.carideal.com\/blog\/#\/schema\/person\/985c7e757d1042d647f21bfaf8d41ebc","name":"N.S Carideal","image":{"@type":"ImageObject","inLanguage":"fr-FR","@id":"https:\/\/www.carideal.com\/blog\/#\/schema\/person\/image\/","url":"https:\/\/secure.gravatar.com\/avatar\/edb7ccdf1a4e3d14aef967760d354d0e?s=96&r=g","contentUrl":"https:\/\/secure.gravatar.com\/avatar\/edb7ccdf1a4e3d14aef967760d354d0e?s=96&r=g","caption":"N.S Carideal"},"description":"Depuis tout petit fan d'automobile. Il est question d'essayer et de comparer toutes ces voitures qui nous ont fait r\u00e9ver, avant que celles-ci ne devient uniquement des voitures de collection.","sameAs":["http:\/\/www.carideal.com\/blog","https:\/\/www.facebook.com\/Carideal.mandataire.automobile\/","https:\/\/www.linkedin.com\/in\/nschiavon\/","https:\/\/www.youtube.com\/user\/caridealsas\/"],"url":"https:\/\/www.carideal.com\/blog\/author\/admin_carideal\/"}]}},"uagb_featured_image_src":{"full":false,"thumbnail":false,"medium":false,"medium_large":false,"large":false,"1536x1536":false,"2048x2048":false,"wppr-widget":false},"uagb_author_info":{"display_name":"N.S Carideal","author_link":"https:\/\/www.carideal.com\/blog\/author\/admin_carideal\/"},"uagb_comment_info":1,"uagb_excerpt":"La Citroen DS3 ne manque pas d'audace ! Anti-r\u00e9tro, la Citroen DS3 est r\u00e9solument tourn\u00e9e vers l'avenir, peut-\u00eatre pour marquer sa diff\u00e9rence avec les stars du moment (Mini et Fiat 500) qui surfent sur la vague du revival. Alors m\u00eame si la DS3 ne pr\u00e9sente rien de r\u00e9volutionnaire en mati\u00e8re de style, il faut saluer\u2026","_links":{"self":[{"href":"https:\/\/www.carideal.com\/blog\/wp-json\/wp\/v2\/posts\/787"}],"collection":[{"href":"https:\/\/www.carideal.com\/blog\/wp-json\/wp\/v2\/posts"}],"about":[{"href":"https:\/\/www.carideal.com\/blog\/wp-json\/wp\/v2\/types\/post"}],"author":[{"embeddable":true,"href":"https:\/\/www.carideal.com\/blog\/wp-json\/wp\/v2\/users\/1"}],"replies":[{"embeddable":true,"href":"https:\/\/www.carideal.com\/blog\/wp-json\/wp\/v2\/comments?post=787"}],"version-history":[{"count":0,"href":"https:\/\/www.carideal.com\/blog\/wp-json\/wp\/v2\/posts\/787\/revisions"}],"wp:attachment":[{"href":"https:\/\/www.carideal.com\/blog\/wp-json\/wp\/v2\/media?parent=787"}],"wp:term":[{"taxonomy":"category","embeddable":true,"href":"https:\/\/www.carideal.com\/blog\/wp-json\/wp\/v2\/categories?post=787"},{"taxonomy":"post_tag","embeddable":true,"href":"https:\/\/www.carideal.com\/blog\/wp-json\/wp\/v2\/tags?post=787"}],"curies":[{"name":"wp","href":"https:\/\/api.w.org\/{rel}","templated":true}]}}