{"id":786,"date":"2010-05-27T13:09:00","date_gmt":"2010-05-27T13:09:00","guid":{"rendered":"http:\/\/carideal.com\/blog\/?p=786"},"modified":"2020-03-07T17:34:43","modified_gmt":"2020-03-07T16:34:43","slug":"rz-ultima-un-bolide-nomme-desir","status":"publish","type":"post","link":"https:\/\/www.carideal.com\/blog\/2010\/05\/27\/rz-ultima-un-bolide-nomme-desir\/","title":{"rendered":"RZ Ultima un bolide nomme desir"},"content":{"rendered":"<figure style=\"width: 438px\" class=\"wp-caption alignnone\"><img loading=\"lazy\" decoding=\"async\" style=\"display: block; margin: 0 auto;\" title=\"RZ Ultima Un Bolide nom\u00e9 D\u00e9sir\" src=\"\/blog\/public\/.RZ_ultima_carideal_m.jpg\" alt=\"RZ Ultima Un Bolide nom\u00e9 D\u00e9sir\" width=\"448\" height=\"298\" \/><figcaption class=\"wp-caption-text\">RZ Ultima Un Bolide nom\u00e9 D\u00e9sir<\/figcaption><\/figure>\n<p>Racer X Design montre plusieurs clich\u00e9s de sa RZ Ultima. Il s'agit d'un concept ou plut\u00f4t d'une \u00e9tude de style inspir\u00e9e de la radicale Ultima GTR. Les designers ont r\u00e9ussi \u00e0 soigner cette derni\u00e8re et la rendre plus agr\u00e9able \u00e0 l'\u0153il\u2026 \u00e0 tel point qu'on se demande bien ce que les deux voitures gardent en commun. Les phares ne reprennent pas le dessin originel, la \"bulle\" est largement aplatie et bien s\u00fbr les r\u00e9troviseurs disparaissent.<\/p>\n<h2>RZ Ultima les g\u00e8nes de la GTR<\/h2>\n<p>Dans la vraie vie, l'Ultima GTR, qui peut recevoir jusqu'\u00e0 1.000 chevaux sous le capot, est capable d'un 400 m d\u00e9part arr\u00eat\u00e9 en 9,9 secondes et d'une acc\u00e9l\u00e9ration de 0 \u00e0 100 km\/h en seulement 2,8 secondes, attention aux radars\u00a0!<\/p>\n<p>Dans le style on a aussi les <a href=\"http:\/\/www.carideal.com\/blog\/2010\/05\/21\/audi-frappe-fort-avec-son-nouveau-roadster-prevu-pour-2012-la-r4\/\">Audi R4<\/a>\u00a0et\u00a0BMW Z10<\/p>\n<p>source\u00a0<span style=\"text-decoration: underline;\"><a href=\"http:\/\/www.ultimasports.co.uk\/\">http:\/\/www.ultimasports.co.uk\/<\/a><\/span><\/p>\n","protected":false},"excerpt":{"rendered":"<p>Racer X Design montre plusieurs clich\u00e9s de sa RZ Ultima. Il s&rsquo;agit d&rsquo;un concept ou plut\u00f4t d&rsquo;une \u00e9tude de style inspir\u00e9e de la radicale Ultima GTR. Les designers ont r\u00e9ussi \u00e0 soigner cette derni\u00e8re et la rendre plus agr\u00e9able \u00e0 l&rsquo;\u0153il\u2026 \u00e0 tel point qu&rsquo;on se demande bien ce que les deux voitures gardent en &#8230; <a title=\"RZ Ultima un bolide nomme desir\" class=\"read-more\" href=\"https:\/\/www.carideal.com\/blog\/2010\/05\/27\/rz-ultima-un-bolide-nomme-desir\/\" aria-label=\"En savoir plus sur RZ Ultima un bolide nomme desir\">Lire plus<\/a><\/p>\n","protected":false},"author":1,"featured_media":0,"comment_status":"open","ping_status":"open","sticky":false,"template":"","format":"standard","meta":{"_uag_custom_page_level_css":"","_themeisle_gutenberg_block_has_review":false,"footnotes":""},"categories":[10,6000,5974],"tags":[],"class_list":["post-786","post","type-post","status-publish","format-standard","hentry","category-marche-automobile-voiture-neuve-occasion-4x4-suv","category-supercar","category-type-de-vehicule"],"wppr_data":[],"yoast_head":"<!-- This site is optimized with the Yoast SEO plugin v24.8.1 - https:\/\/yoast.com\/wordpress\/plugins\/seo\/ -->\n<title>RZ Ultima un bolide nomme desir - Blog auto Carid\u00e9al<\/title>\n<meta name=\"description\" content=\"RZ Ultima est un concept de Racer X Design qui nous montre plusieurs clich\u00e9s de sa RZ Ultima. Il s&#039;agit d&#039;un concept ou plut\u00f4t d&#039;une \u00e9tude de style\" \/>\n<meta name=\"robots\" content=\"index, follow, max-snippet:-1, max-image-preview:large, max-video-preview:-1\" \/>\n<link rel=\"canonical\" href=\"https:\/\/www.carideal.com\/blog\/2010\/05\/27\/rz-ultima-un-bolide-nomme-desir\/\" \/>\n<meta property=\"og:locale\" content=\"fr_FR\" \/>\n<meta property=\"og:type\" content=\"article\" \/>\n<meta property=\"og:title\" content=\"RZ Ultima un bolide nomme desir - Blog auto Carid\u00e9al\" \/>\n<meta property=\"og:description\" content=\"RZ Ultima est un concept de Racer X Design qui nous montre plusieurs clich\u00e9s de sa RZ Ultima. Il s&#039;agit d&#039;un concept ou plut\u00f4t d&#039;une \u00e9tude de style\" \/>\n<meta property=\"og:url\" content=\"https:\/\/www.carideal.com\/blog\/2010\/05\/27\/rz-ultima-un-bolide-nomme-desir\/\" \/>\n<meta property=\"og:site_name\" content=\"Blog auto Carid\u00e9al\" \/>\n<meta property=\"article:publisher\" content=\"https:\/\/www.facebook.com\/Carideal.mandataire.automobile\" \/>\n<meta property=\"article:author\" content=\"https:\/\/www.facebook.com\/Carideal.mandataire.automobile\/\" \/>\n<meta property=\"article:published_time\" content=\"2010-05-27T13:09:00+00:00\" \/>\n<meta property=\"article:modified_time\" content=\"2020-03-07T16:34:43+00:00\" \/>\n<meta property=\"og:image\" content=\"https:\/\/www.carideal.com\/blog\/wp-content\/uploads\/2016\/03\/logo-carideal-mandataire-automobile.png\" \/>\n\t<meta property=\"og:image:width\" content=\"300\" \/>\n\t<meta property=\"og:image:height\" content=\"300\" \/>\n\t<meta property=\"og:image:type\" content=\"image\/png\" \/>\n<meta name=\"author\" content=\"N.S Carideal\" \/>\n<meta name=\"twitter:card\" content=\"summary_large_image\" \/>\n<meta name=\"twitter:creator\" content=\"@caridealauto\" \/>\n<meta name=\"twitter:site\" content=\"@caridealauto\" \/>\n<meta name=\"twitter:label1\" content=\"\u00c9crit par\" \/>\n\t<meta name=\"twitter:data1\" content=\"N.S Carideal\" \/>\n\t<meta name=\"twitter:label2\" content=\"Dur\u00e9e de lecture estim\u00e9e\" \/>\n\t<meta name=\"twitter:data2\" content=\"1 minute\" \/>\n<script type=\"application\/ld+json\" class=\"yoast-schema-graph\">{\"@context\":\"https:\/\/schema.org\",\"@graph\":[{\"@type\":\"Article\",\"@id\":\"https:\/\/www.carideal.com\/blog\/2010\/05\/27\/rz-ultima-un-bolide-nomme-desir\/#article\",\"isPartOf\":{\"@id\":\"https:\/\/www.carideal.com\/blog\/2010\/05\/27\/rz-ultima-un-bolide-nomme-desir\/\"},\"author\":{\"name\":\"N.S Carideal\",\"@id\":\"https:\/\/www.carideal.com\/blog\/#\/schema\/person\/985c7e757d1042d647f21bfaf8d41ebc\"},\"headline\":\"RZ Ultima un bolide nomme desir\",\"datePublished\":\"2010-05-27T13:09:00+00:00\",\"dateModified\":\"2020-03-07T16:34:43+00:00\",\"mainEntityOfPage\":{\"@id\":\"https:\/\/www.carideal.com\/blog\/2010\/05\/27\/rz-ultima-un-bolide-nomme-desir\/\"},\"wordCount\":164,\"commentCount\":0,\"publisher\":{\"@id\":\"https:\/\/www.carideal.com\/blog\/#organization\"},\"articleSection\":[\"March\u00e9 automobile\",\"Supercar\",\"Type de v\u00e9hicule\"],\"inLanguage\":\"fr-FR\",\"potentialAction\":[{\"@type\":\"CommentAction\",\"name\":\"Comment\",\"target\":[\"https:\/\/www.carideal.com\/blog\/2010\/05\/27\/rz-ultima-un-bolide-nomme-desir\/#respond\"]}]},{\"@type\":\"WebPage\",\"@id\":\"https:\/\/www.carideal.com\/blog\/2010\/05\/27\/rz-ultima-un-bolide-nomme-desir\/\",\"url\":\"https:\/\/www.carideal.com\/blog\/2010\/05\/27\/rz-ultima-un-bolide-nomme-desir\/\",\"name\":\"RZ Ultima un bolide nomme desir - Blog auto Carid\u00e9al\",\"isPartOf\":{\"@id\":\"https:\/\/www.carideal.com\/blog\/#website\"},\"datePublished\":\"2010-05-27T13:09:00+00:00\",\"dateModified\":\"2020-03-07T16:34:43+00:00\",\"description\":\"RZ Ultima est un concept de Racer X Design qui nous montre plusieurs clich\u00e9s de sa RZ Ultima. Il s'agit d'un concept ou plut\u00f4t d'une \u00e9tude de style\",\"breadcrumb\":{\"@id\":\"https:\/\/www.carideal.com\/blog\/2010\/05\/27\/rz-ultima-un-bolide-nomme-desir\/#breadcrumb\"},\"inLanguage\":\"fr-FR\",\"potentialAction\":[{\"@type\":\"ReadAction\",\"target\":[\"https:\/\/www.carideal.com\/blog\/2010\/05\/27\/rz-ultima-un-bolide-nomme-desir\/\"]}]},{\"@type\":\"BreadcrumbList\",\"@id\":\"https:\/\/www.carideal.com\/blog\/2010\/05\/27\/rz-ultima-un-bolide-nomme-desir\/#breadcrumb\",\"itemListElement\":[{\"@type\":\"ListItem\",\"position\":1,\"name\":\"Blog Carid\u00e9al\",\"item\":\"https:\/\/www.carideal.com\/blog\/\"},{\"@type\":\"ListItem\",\"position\":2,\"name\":\"Type de v\u00e9hicule\",\"item\":\"https:\/\/www.carideal.com\/blog\/type-de-vehicule\/\"},{\"@type\":\"ListItem\",\"position\":3,\"name\":\"Supercar\",\"item\":\"https:\/\/www.carideal.com\/blog\/type-de-vehicule\/supercar\/\"},{\"@type\":\"ListItem\",\"position\":4,\"name\":\"RZ Ultima un bolide nomme desir\"}]},{\"@type\":\"WebSite\",\"@id\":\"https:\/\/www.carideal.com\/blog\/#website\",\"url\":\"https:\/\/www.carideal.com\/blog\/\",\"name\":\"Blog auto Carid\u00e9al\",\"description\":\"Actualit\u00e9 auto par des passionn\u00e9s\",\"publisher\":{\"@id\":\"https:\/\/www.carideal.com\/blog\/#organization\"},\"potentialAction\":[{\"@type\":\"SearchAction\",\"target\":{\"@type\":\"EntryPoint\",\"urlTemplate\":\"https:\/\/www.carideal.com\/blog\/?s={search_term_string}\"},\"query-input\":{\"@type\":\"PropertyValueSpecification\",\"valueRequired\":true,\"valueName\":\"search_term_string\"}}],\"inLanguage\":\"fr-FR\"},{\"@type\":\"Organization\",\"@id\":\"https:\/\/www.carideal.com\/blog\/#organization\",\"name\":\"Carideal\",\"url\":\"https:\/\/www.carideal.com\/blog\/\",\"logo\":{\"@type\":\"ImageObject\",\"inLanguage\":\"fr-FR\",\"@id\":\"https:\/\/www.carideal.com\/blog\/#\/schema\/logo\/image\/\",\"url\":\"http:\/\/www.carideal.com\/blog\/wp-content\/uploads\/2016\/03\/logo-carideal-mandataire-automobile.png\",\"contentUrl\":\"http:\/\/www.carideal.com\/blog\/wp-content\/uploads\/2016\/03\/logo-carideal-mandataire-automobile.png\",\"width\":300,\"height\":300,\"caption\":\"Carideal\"},\"image\":{\"@id\":\"https:\/\/www.carideal.com\/blog\/#\/schema\/logo\/image\/\"},\"sameAs\":[\"https:\/\/www.facebook.com\/Carideal.mandataire.automobile\",\"https:\/\/x.com\/caridealauto\",\"https:\/\/www.instagram.com\/carideal1\/\",\"https:\/\/www.linkedin.com\/company\/carideal.com\",\"https:\/\/fr.pinterest.com\/schiavonsas\/\",\"https:\/\/www.youtube.com\/user\/caridealsas\"]},{\"@type\":\"Person\",\"@id\":\"https:\/\/www.carideal.com\/blog\/#\/schema\/person\/985c7e757d1042d647f21bfaf8d41ebc\",\"name\":\"N.S Carideal\",\"image\":{\"@type\":\"ImageObject\",\"inLanguage\":\"fr-FR\",\"@id\":\"https:\/\/www.carideal.com\/blog\/#\/schema\/person\/image\/\",\"url\":\"https:\/\/secure.gravatar.com\/avatar\/edb7ccdf1a4e3d14aef967760d354d0e?s=96&r=g\",\"contentUrl\":\"https:\/\/secure.gravatar.com\/avatar\/edb7ccdf1a4e3d14aef967760d354d0e?s=96&r=g\",\"caption\":\"N.S Carideal\"},\"description\":\"Depuis tout petit fan d'automobile. Il est question d'essayer et de comparer toutes ces voitures qui nous ont fait r\u00e9ver, avant que celles-ci ne devient uniquement des voitures de collection.\",\"sameAs\":[\"http:\/\/www.carideal.com\/blog\",\"https:\/\/www.facebook.com\/Carideal.mandataire.automobile\/\",\"https:\/\/www.linkedin.com\/in\/nschiavon\/\",\"https:\/\/www.youtube.com\/user\/caridealsas\/\"],\"url\":\"https:\/\/www.carideal.com\/blog\/author\/admin_carideal\/\"}]}<\/script>\n<!-- \/ Yoast SEO plugin. -->","yoast_head_json":{"title":"RZ Ultima un bolide nomme desir - Blog auto Carid\u00e9al","description":"RZ Ultima est un concept de Racer X Design qui nous montre plusieurs clich\u00e9s de sa RZ Ultima. Il s'agit d'un concept ou plut\u00f4t d'une \u00e9tude de style","robots":{"index":"index","follow":"follow","max-snippet":"max-snippet:-1","max-image-preview":"max-image-preview:large","max-video-preview":"max-video-preview:-1"},"canonical":"https:\/\/www.carideal.com\/blog\/2010\/05\/27\/rz-ultima-un-bolide-nomme-desir\/","og_locale":"fr_FR","og_type":"article","og_title":"RZ Ultima un bolide nomme desir - Blog auto Carid\u00e9al","og_description":"RZ Ultima est un concept de Racer X Design qui nous montre plusieurs clich\u00e9s de sa RZ Ultima. Il s'agit d'un concept ou plut\u00f4t d'une \u00e9tude de style","og_url":"https:\/\/www.carideal.com\/blog\/2010\/05\/27\/rz-ultima-un-bolide-nomme-desir\/","og_site_name":"Blog auto Carid\u00e9al","article_publisher":"https:\/\/www.facebook.com\/Carideal.mandataire.automobile","article_author":"https:\/\/www.facebook.com\/Carideal.mandataire.automobile\/","article_published_time":"2010-05-27T13:09:00+00:00","article_modified_time":"2020-03-07T16:34:43+00:00","og_image":[{"width":300,"height":300,"url":"https:\/\/www.carideal.com\/blog\/wp-content\/uploads\/2016\/03\/logo-carideal-mandataire-automobile.png","type":"image\/png"}],"author":"N.S Carideal","twitter_card":"summary_large_image","twitter_creator":"@caridealauto","twitter_site":"@caridealauto","twitter_misc":{"\u00c9crit par":"N.S Carideal","Dur\u00e9e de lecture estim\u00e9e":"1 minute"},"schema":{"@context":"https:\/\/schema.org","@graph":[{"@type":"Article","@id":"https:\/\/www.carideal.com\/blog\/2010\/05\/27\/rz-ultima-un-bolide-nomme-desir\/#article","isPartOf":{"@id":"https:\/\/www.carideal.com\/blog\/2010\/05\/27\/rz-ultima-un-bolide-nomme-desir\/"},"author":{"name":"N.S Carideal","@id":"https:\/\/www.carideal.com\/blog\/#\/schema\/person\/985c7e757d1042d647f21bfaf8d41ebc"},"headline":"RZ Ultima un bolide nomme desir","datePublished":"2010-05-27T13:09:00+00:00","dateModified":"2020-03-07T16:34:43+00:00","mainEntityOfPage":{"@id":"https:\/\/www.carideal.com\/blog\/2010\/05\/27\/rz-ultima-un-bolide-nomme-desir\/"},"wordCount":164,"commentCount":0,"publisher":{"@id":"https:\/\/www.carideal.com\/blog\/#organization"},"articleSection":["March\u00e9 automobile","Supercar","Type de v\u00e9hicule"],"inLanguage":"fr-FR","potentialAction":[{"@type":"CommentAction","name":"Comment","target":["https:\/\/www.carideal.com\/blog\/2010\/05\/27\/rz-ultima-un-bolide-nomme-desir\/#respond"]}]},{"@type":"WebPage","@id":"https:\/\/www.carideal.com\/blog\/2010\/05\/27\/rz-ultima-un-bolide-nomme-desir\/","url":"https:\/\/www.carideal.com\/blog\/2010\/05\/27\/rz-ultima-un-bolide-nomme-desir\/","name":"RZ Ultima un bolide nomme desir - Blog auto Carid\u00e9al","isPartOf":{"@id":"https:\/\/www.carideal.com\/blog\/#website"},"datePublished":"2010-05-27T13:09:00+00:00","dateModified":"2020-03-07T16:34:43+00:00","description":"RZ Ultima est un concept de Racer X Design qui nous montre plusieurs clich\u00e9s de sa RZ Ultima. Il s'agit d'un concept ou plut\u00f4t d'une \u00e9tude de style","breadcrumb":{"@id":"https:\/\/www.carideal.com\/blog\/2010\/05\/27\/rz-ultima-un-bolide-nomme-desir\/#breadcrumb"},"inLanguage":"fr-FR","potentialAction":[{"@type":"ReadAction","target":["https:\/\/www.carideal.com\/blog\/2010\/05\/27\/rz-ultima-un-bolide-nomme-desir\/"]}]},{"@type":"BreadcrumbList","@id":"https:\/\/www.carideal.com\/blog\/2010\/05\/27\/rz-ultima-un-bolide-nomme-desir\/#breadcrumb","itemListElement":[{"@type":"ListItem","position":1,"name":"Blog Carid\u00e9al","item":"https:\/\/www.carideal.com\/blog\/"},{"@type":"ListItem","position":2,"name":"Type de v\u00e9hicule","item":"https:\/\/www.carideal.com\/blog\/type-de-vehicule\/"},{"@type":"ListItem","position":3,"name":"Supercar","item":"https:\/\/www.carideal.com\/blog\/type-de-vehicule\/supercar\/"},{"@type":"ListItem","position":4,"name":"RZ Ultima un bolide nomme desir"}]},{"@type":"WebSite","@id":"https:\/\/www.carideal.com\/blog\/#website","url":"https:\/\/www.carideal.com\/blog\/","name":"Blog auto Carid\u00e9al","description":"Actualit\u00e9 auto par des passionn\u00e9s","publisher":{"@id":"https:\/\/www.carideal.com\/blog\/#organization"},"potentialAction":[{"@type":"SearchAction","target":{"@type":"EntryPoint","urlTemplate":"https:\/\/www.carideal.com\/blog\/?s={search_term_string}"},"query-input":{"@type":"PropertyValueSpecification","valueRequired":true,"valueName":"search_term_string"}}],"inLanguage":"fr-FR"},{"@type":"Organization","@id":"https:\/\/www.carideal.com\/blog\/#organization","name":"Carideal","url":"https:\/\/www.carideal.com\/blog\/","logo":{"@type":"ImageObject","inLanguage":"fr-FR","@id":"https:\/\/www.carideal.com\/blog\/#\/schema\/logo\/image\/","url":"http:\/\/www.carideal.com\/blog\/wp-content\/uploads\/2016\/03\/logo-carideal-mandataire-automobile.png","contentUrl":"http:\/\/www.carideal.com\/blog\/wp-content\/uploads\/2016\/03\/logo-carideal-mandataire-automobile.png","width":300,"height":300,"caption":"Carideal"},"image":{"@id":"https:\/\/www.carideal.com\/blog\/#\/schema\/logo\/image\/"},"sameAs":["https:\/\/www.facebook.com\/Carideal.mandataire.automobile","https:\/\/x.com\/caridealauto","https:\/\/www.instagram.com\/carideal1\/","https:\/\/www.linkedin.com\/company\/carideal.com","https:\/\/fr.pinterest.com\/schiavonsas\/","https:\/\/www.youtube.com\/user\/caridealsas"]},{"@type":"Person","@id":"https:\/\/www.carideal.com\/blog\/#\/schema\/person\/985c7e757d1042d647f21bfaf8d41ebc","name":"N.S Carideal","image":{"@type":"ImageObject","inLanguage":"fr-FR","@id":"https:\/\/www.carideal.com\/blog\/#\/schema\/person\/image\/","url":"https:\/\/secure.gravatar.com\/avatar\/edb7ccdf1a4e3d14aef967760d354d0e?s=96&r=g","contentUrl":"https:\/\/secure.gravatar.com\/avatar\/edb7ccdf1a4e3d14aef967760d354d0e?s=96&r=g","caption":"N.S Carideal"},"description":"Depuis tout petit fan d'automobile. Il est question d'essayer et de comparer toutes ces voitures qui nous ont fait r\u00e9ver, avant que celles-ci ne devient uniquement des voitures de collection.","sameAs":["http:\/\/www.carideal.com\/blog","https:\/\/www.facebook.com\/Carideal.mandataire.automobile\/","https:\/\/www.linkedin.com\/in\/nschiavon\/","https:\/\/www.youtube.com\/user\/caridealsas\/"],"url":"https:\/\/www.carideal.com\/blog\/author\/admin_carideal\/"}]}},"uagb_featured_image_src":{"full":false,"thumbnail":false,"medium":false,"medium_large":false,"large":false,"1536x1536":false,"2048x2048":false,"wppr-widget":false},"uagb_author_info":{"display_name":"N.S Carideal","author_link":"https:\/\/www.carideal.com\/blog\/author\/admin_carideal\/"},"uagb_comment_info":0,"uagb_excerpt":"Racer X Design montre plusieurs clich\u00e9s de sa RZ Ultima. Il s'agit d'un concept ou plut\u00f4t d'une \u00e9tude de style inspir\u00e9e de la radicale Ultima GTR. Les designers ont r\u00e9ussi \u00e0 soigner cette derni\u00e8re et la rendre plus agr\u00e9able \u00e0 l'\u0153il\u2026 \u00e0 tel point qu'on se demande bien ce que les deux voitures gardent en\u2026","_links":{"self":[{"href":"https:\/\/www.carideal.com\/blog\/wp-json\/wp\/v2\/posts\/786"}],"collection":[{"href":"https:\/\/www.carideal.com\/blog\/wp-json\/wp\/v2\/posts"}],"about":[{"href":"https:\/\/www.carideal.com\/blog\/wp-json\/wp\/v2\/types\/post"}],"author":[{"embeddable":true,"href":"https:\/\/www.carideal.com\/blog\/wp-json\/wp\/v2\/users\/1"}],"replies":[{"embeddable":true,"href":"https:\/\/www.carideal.com\/blog\/wp-json\/wp\/v2\/comments?post=786"}],"version-history":[{"count":0,"href":"https:\/\/www.carideal.com\/blog\/wp-json\/wp\/v2\/posts\/786\/revisions"}],"wp:attachment":[{"href":"https:\/\/www.carideal.com\/blog\/wp-json\/wp\/v2\/media?parent=786"}],"wp:term":[{"taxonomy":"category","embeddable":true,"href":"https:\/\/www.carideal.com\/blog\/wp-json\/wp\/v2\/categories?post=786"},{"taxonomy":"post_tag","embeddable":true,"href":"https:\/\/www.carideal.com\/blog\/wp-json\/wp\/v2\/tags?post=786"}],"curies":[{"name":"wp","href":"https:\/\/api.w.org\/{rel}","templated":true}]}}