{"id":785,"date":"2010-05-27T10:48:00","date_gmt":"2010-05-27T10:48:00","guid":{"rendered":"http:\/\/carideal.com\/blog\/?p=785"},"modified":"2010-05-27T10:48:00","modified_gmt":"2010-05-27T10:48:00","slug":"la-chevrolet-corvette-zr1-au-banc-dessais","status":"publish","type":"post","link":"https:\/\/www.carideal.com\/blog\/2010\/05\/27\/la-chevrolet-corvette-zr1-au-banc-dessais\/","title":{"rendered":"La Chevrolet Corvette ZR1 au banc d&rsquo;essais."},"content":{"rendered":"<p><img decoding=\"async\" src=\"\/blog\/public\/.corvette_zr1_carideal_m.jpg\" alt=\"corvette_zr1_carideal.jpg\" style=\"display:block; margin:0 auto;\" title=\"corvette_zr1_carideal.jpg, mai 2010\" \/><\/p>\n<p>La Corvette ZR1 type C6 (ch\u00e2ssis en aluminium) affiche toujours cette inimitable ligne de squale, avec cette face avant longue et pointue, cette belle vitre arri\u00e8re arrondie et cette poupe coup\u00e9e net flanqu\u00e9e de quatre feux ronds. Sur le capot, notre mod\u00e8le se fend en plus d'une g\u00e9n\u00e9reuse fen\u00eatre offrant une vue imprenable sur l\u2019\u00e9changeur... Les tapageuses jantes de 19 et 20 pouces (\u00e0 l\u2019arri\u00e8re) sont quant \u00e0 elles chrom\u00e9es, et les \u00e9l\u00e9ments en carbone suffisent aux amateurs pour reconna\u00eetre cette version ultime.<\/p>\n<p>Si descendre \u00e0 bord de la Corvette est un exercice en soit, supporter l\u2019int\u00e9rieur en est un autre. La finition est en effet correcte mais pas aussi raffin\u00e9e et originale qu\u2019on serait en droit de l\u2019attendre d'un mod\u00e8le factur\u00e9 plus de 130.000 euros. L\u2019\u00e9norme tunnel de transmission vous s\u00e9pare du passager, la vision \u00be arri\u00e8re est plus que limit\u00e9e et le coffre, non cloisonn\u00e9, envoie valser son chargement \u00e0 travers l\u2019habitacle lors des gros freinages.<\/p>\n<p>La <a href=\"\/blog\/index.php?tag\/Corvette\">Corvette<\/a> <a href=\"\/blog\/index.php?tag\/ZR1\">ZR1<\/a> fait appel au <a href=\"\/blog\/index.php?tag\/V8\">V8<\/a> 6.2 LS9 suraliment\u00e9 via un <a href=\"\/blog\/index.php?tag\/compresseur%20Eaton\">compresseur Eaton<\/a>, qui porte sa puissance \u00e0 638 chevaux pour 83,5 mkg de couple. Cette d\u00e9clinaison s'ajoute aux versions V8 atmosph\u00e9riques de 430 chevaux (LS3 6.2) et 505 chevaux (LS7 de 7 litres sur la <a href=\"\/blog\/index.php?tag\/Z06\">Z06<\/a>), toujours disponibles. Le couple est omnipr\u00e9sent&nbsp;: m\u00eame sur le 6eme rapport et \u00e0 130 km\/h (1500 tr\/min), les relances rappellent ce que l\u2019on peut ressentir \u00e0 moto. La bo\u00eete \u00e0 six rapports (pas d\u2019option autopr\u00e9vue!) est rapide mais pas toujours tr\u00e8s pr\u00e9cise, alors que la commande d\u2019embrayage se montre plut\u00f4t civilis\u00e9e.<\/p>\n<p>A chaque coup de gaz, la violence inou\u00efe des 83,5 mkg de couple \u00e0 3.800 tr\/min martyrise le train arri\u00e8re, heureusement contenu par un antipatinage et un contr\u00f4le de stabilit\u00e9. Agile, r\u00e9active mais toujours imposante, la Corvette ZR1 d\u00e9poussi\u00e8re la r\u00e9putation des <a href=\"\/blog\/index.php?tag\/sportives%20am%C3%A9ricaines\">sportives am\u00e9ricaines<\/a> en termes de tenue de route, de pr\u00e9cision et de facilit\u00e9<\/p>\n<p>Si l'on consid\u00e8re son <a href=\"\/blog\/index.php?tag\/rapport%20puissance-prix\">rapport puissance\/prix<\/a> (638 ch pour 136.990 euros), la Corvette ZR1 est une \"affaire\". Son habitacle peut para\u00eetre hostile en certains points et sa consommation gargantuesque, mais son comportement haut en couleur s'approche des meilleures r\u00e9f\u00e9rences et son V8 s'av\u00e8re jubilatoire.<\/p>\n<p>Voila une bonne rivalle a la <a href=\"\/blog\/index.php?tag\/Bugatti%20Veyron\">Bugatti Veyron<\/a> Alsacienne.<\/p>\n<p><a href=\"\/blog\/index.php?post\/2010\/05\/21\/Z10-la-Ferrari-de-BMW-%21\">BMW Z10<\/a><\/p>\n","protected":false},"excerpt":{"rendered":"<p>La Corvette ZR1 type C6 (ch\u00e2ssis en aluminium) affiche toujours cette inimitable ligne de squale, avec cette face avant longue et pointue, cette belle vitre arri\u00e8re arrondie et cette poupe coup\u00e9e net flanqu\u00e9e de quatre feux ronds. Sur le capot, notre mod\u00e8le se fend en plus d&rsquo;une g\u00e9n\u00e9reuse fen\u00eatre offrant une vue imprenable sur l\u2019\u00e9changeur&#8230; &#8230; <a title=\"La Chevrolet Corvette ZR1 au banc d&rsquo;essais.\" class=\"read-more\" href=\"https:\/\/www.carideal.com\/blog\/2010\/05\/27\/la-chevrolet-corvette-zr1-au-banc-dessais\/\" aria-label=\"En savoir plus sur La Chevrolet Corvette ZR1 au banc d&rsquo;essais.\">Lire plus<\/a><\/p>\n","protected":false},"author":1,"featured_media":0,"comment_status":"open","ping_status":"open","sticky":false,"template":"","format":"standard","meta":{"_uag_custom_page_level_css":"","_themeisle_gutenberg_block_has_review":false,"footnotes":""},"categories":[10],"tags":[1275,570],"class_list":["post-785","post","type-post","status-publish","format-standard","hentry","category-marche-automobile-voiture-neuve-occasion-4x4-suv","tag-bugatti-veyron","tag-v8"],"wppr_data":[],"yoast_head":"<!-- This site is optimized with the Yoast SEO plugin v24.8.1 - https:\/\/yoast.com\/wordpress\/plugins\/seo\/ -->\n<title>La Chevrolet Corvette ZR1 au banc d&#039;essais. - Blog auto Carid\u00e9al<\/title>\n<meta name=\"robots\" content=\"index, follow, max-snippet:-1, max-image-preview:large, max-video-preview:-1\" \/>\n<link rel=\"canonical\" href=\"https:\/\/www.carideal.com\/blog\/2010\/05\/27\/la-chevrolet-corvette-zr1-au-banc-dessais\/\" \/>\n<meta property=\"og:locale\" content=\"fr_FR\" \/>\n<meta property=\"og:type\" content=\"article\" \/>\n<meta property=\"og:title\" content=\"La Chevrolet Corvette ZR1 au banc d&#039;essais. - Blog auto Carid\u00e9al\" \/>\n<meta property=\"og:description\" content=\"La Corvette ZR1 type C6 (ch\u00e2ssis en aluminium) affiche toujours cette inimitable ligne de squale, avec cette face avant longue et pointue, cette belle vitre arri\u00e8re arrondie et cette poupe coup\u00e9e net flanqu\u00e9e de quatre feux ronds. Sur le capot, notre mod\u00e8le se fend en plus d&#039;une g\u00e9n\u00e9reuse fen\u00eatre offrant une vue imprenable sur l\u2019\u00e9changeur... ... Lire plus\" \/>\n<meta property=\"og:url\" content=\"https:\/\/www.carideal.com\/blog\/2010\/05\/27\/la-chevrolet-corvette-zr1-au-banc-dessais\/\" \/>\n<meta property=\"og:site_name\" content=\"Blog auto Carid\u00e9al\" \/>\n<meta property=\"article:publisher\" content=\"https:\/\/www.facebook.com\/Carideal.mandataire.automobile\" \/>\n<meta property=\"article:author\" content=\"https:\/\/www.facebook.com\/Carideal.mandataire.automobile\/\" \/>\n<meta property=\"article:published_time\" content=\"2010-05-27T10:48:00+00:00\" \/>\n<meta property=\"og:image\" content=\"https:\/\/www.carideal.com\/blog\/wp-content\/uploads\/2016\/03\/logo-carideal-mandataire-automobile.png\" \/>\n\t<meta property=\"og:image:width\" content=\"300\" \/>\n\t<meta property=\"og:image:height\" content=\"300\" \/>\n\t<meta property=\"og:image:type\" content=\"image\/png\" \/>\n<meta name=\"author\" content=\"N.S Carideal\" \/>\n<meta name=\"twitter:card\" content=\"summary_large_image\" \/>\n<meta name=\"twitter:creator\" content=\"@caridealauto\" \/>\n<meta name=\"twitter:site\" content=\"@caridealauto\" \/>\n<meta name=\"twitter:label1\" content=\"\u00c9crit par\" \/>\n\t<meta name=\"twitter:data1\" content=\"N.S Carideal\" \/>\n\t<meta name=\"twitter:label2\" content=\"Dur\u00e9e de lecture estim\u00e9e\" \/>\n\t<meta name=\"twitter:data2\" content=\"2 minutes\" \/>\n<script type=\"application\/ld+json\" class=\"yoast-schema-graph\">{\"@context\":\"https:\/\/schema.org\",\"@graph\":[{\"@type\":\"Article\",\"@id\":\"https:\/\/www.carideal.com\/blog\/2010\/05\/27\/la-chevrolet-corvette-zr1-au-banc-dessais\/#article\",\"isPartOf\":{\"@id\":\"https:\/\/www.carideal.com\/blog\/2010\/05\/27\/la-chevrolet-corvette-zr1-au-banc-dessais\/\"},\"author\":{\"name\":\"N.S Carideal\",\"@id\":\"https:\/\/www.carideal.com\/blog\/#\/schema\/person\/985c7e757d1042d647f21bfaf8d41ebc\"},\"headline\":\"La Chevrolet Corvette ZR1 au banc d&rsquo;essais.\",\"datePublished\":\"2010-05-27T10:48:00+00:00\",\"mainEntityOfPage\":{\"@id\":\"https:\/\/www.carideal.com\/blog\/2010\/05\/27\/la-chevrolet-corvette-zr1-au-banc-dessais\/\"},\"wordCount\":405,\"commentCount\":0,\"publisher\":{\"@id\":\"https:\/\/www.carideal.com\/blog\/#organization\"},\"keywords\":[\"Bugatti Veyron\",\"Moteur V8\"],\"articleSection\":[\"March\u00e9 automobile\"],\"inLanguage\":\"fr-FR\",\"potentialAction\":[{\"@type\":\"CommentAction\",\"name\":\"Comment\",\"target\":[\"https:\/\/www.carideal.com\/blog\/2010\/05\/27\/la-chevrolet-corvette-zr1-au-banc-dessais\/#respond\"]}]},{\"@type\":\"WebPage\",\"@id\":\"https:\/\/www.carideal.com\/blog\/2010\/05\/27\/la-chevrolet-corvette-zr1-au-banc-dessais\/\",\"url\":\"https:\/\/www.carideal.com\/blog\/2010\/05\/27\/la-chevrolet-corvette-zr1-au-banc-dessais\/\",\"name\":\"La Chevrolet Corvette ZR1 au banc d'essais. - Blog auto Carid\u00e9al\",\"isPartOf\":{\"@id\":\"https:\/\/www.carideal.com\/blog\/#website\"},\"datePublished\":\"2010-05-27T10:48:00+00:00\",\"breadcrumb\":{\"@id\":\"https:\/\/www.carideal.com\/blog\/2010\/05\/27\/la-chevrolet-corvette-zr1-au-banc-dessais\/#breadcrumb\"},\"inLanguage\":\"fr-FR\",\"potentialAction\":[{\"@type\":\"ReadAction\",\"target\":[\"https:\/\/www.carideal.com\/blog\/2010\/05\/27\/la-chevrolet-corvette-zr1-au-banc-dessais\/\"]}]},{\"@type\":\"BreadcrumbList\",\"@id\":\"https:\/\/www.carideal.com\/blog\/2010\/05\/27\/la-chevrolet-corvette-zr1-au-banc-dessais\/#breadcrumb\",\"itemListElement\":[{\"@type\":\"ListItem\",\"position\":1,\"name\":\"Blog Carid\u00e9al\",\"item\":\"https:\/\/www.carideal.com\/blog\/\"},{\"@type\":\"ListItem\",\"position\":2,\"name\":\"March\u00e9 automobile\",\"item\":\"https:\/\/www.carideal.com\/blog\/marche-automobile-voiture-neuve-occasion-4x4-suv\/\"},{\"@type\":\"ListItem\",\"position\":3,\"name\":\"La Chevrolet Corvette ZR1 au banc d&rsquo;essais.\"}]},{\"@type\":\"WebSite\",\"@id\":\"https:\/\/www.carideal.com\/blog\/#website\",\"url\":\"https:\/\/www.carideal.com\/blog\/\",\"name\":\"Blog auto Carid\u00e9al\",\"description\":\"Actualit\u00e9 auto par des passionn\u00e9s\",\"publisher\":{\"@id\":\"https:\/\/www.carideal.com\/blog\/#organization\"},\"potentialAction\":[{\"@type\":\"SearchAction\",\"target\":{\"@type\":\"EntryPoint\",\"urlTemplate\":\"https:\/\/www.carideal.com\/blog\/?s={search_term_string}\"},\"query-input\":{\"@type\":\"PropertyValueSpecification\",\"valueRequired\":true,\"valueName\":\"search_term_string\"}}],\"inLanguage\":\"fr-FR\"},{\"@type\":\"Organization\",\"@id\":\"https:\/\/www.carideal.com\/blog\/#organization\",\"name\":\"Carideal\",\"url\":\"https:\/\/www.carideal.com\/blog\/\",\"logo\":{\"@type\":\"ImageObject\",\"inLanguage\":\"fr-FR\",\"@id\":\"https:\/\/www.carideal.com\/blog\/#\/schema\/logo\/image\/\",\"url\":\"http:\/\/www.carideal.com\/blog\/wp-content\/uploads\/2016\/03\/logo-carideal-mandataire-automobile.png\",\"contentUrl\":\"http:\/\/www.carideal.com\/blog\/wp-content\/uploads\/2016\/03\/logo-carideal-mandataire-automobile.png\",\"width\":300,\"height\":300,\"caption\":\"Carideal\"},\"image\":{\"@id\":\"https:\/\/www.carideal.com\/blog\/#\/schema\/logo\/image\/\"},\"sameAs\":[\"https:\/\/www.facebook.com\/Carideal.mandataire.automobile\",\"https:\/\/x.com\/caridealauto\",\"https:\/\/www.instagram.com\/carideal1\/\",\"https:\/\/www.linkedin.com\/company\/carideal.com\",\"https:\/\/fr.pinterest.com\/schiavonsas\/\",\"https:\/\/www.youtube.com\/user\/caridealsas\"]},{\"@type\":\"Person\",\"@id\":\"https:\/\/www.carideal.com\/blog\/#\/schema\/person\/985c7e757d1042d647f21bfaf8d41ebc\",\"name\":\"N.S Carideal\",\"image\":{\"@type\":\"ImageObject\",\"inLanguage\":\"fr-FR\",\"@id\":\"https:\/\/www.carideal.com\/blog\/#\/schema\/person\/image\/\",\"url\":\"https:\/\/secure.gravatar.com\/avatar\/edb7ccdf1a4e3d14aef967760d354d0e?s=96&r=g\",\"contentUrl\":\"https:\/\/secure.gravatar.com\/avatar\/edb7ccdf1a4e3d14aef967760d354d0e?s=96&r=g\",\"caption\":\"N.S Carideal\"},\"description\":\"Depuis tout petit fan d'automobile. Il est question d'essayer et de comparer toutes ces voitures qui nous ont fait r\u00e9ver, avant que celles-ci ne devient uniquement des voitures de collection.\",\"sameAs\":[\"http:\/\/www.carideal.com\/blog\",\"https:\/\/www.facebook.com\/Carideal.mandataire.automobile\/\",\"https:\/\/www.linkedin.com\/in\/nschiavon\/\",\"https:\/\/www.youtube.com\/user\/caridealsas\/\"],\"url\":\"https:\/\/www.carideal.com\/blog\/author\/admin_carideal\/\"}]}<\/script>\n<!-- \/ Yoast SEO plugin. -->","yoast_head_json":{"title":"La Chevrolet Corvette ZR1 au banc d'essais. - Blog auto Carid\u00e9al","robots":{"index":"index","follow":"follow","max-snippet":"max-snippet:-1","max-image-preview":"max-image-preview:large","max-video-preview":"max-video-preview:-1"},"canonical":"https:\/\/www.carideal.com\/blog\/2010\/05\/27\/la-chevrolet-corvette-zr1-au-banc-dessais\/","og_locale":"fr_FR","og_type":"article","og_title":"La Chevrolet Corvette ZR1 au banc d'essais. - Blog auto Carid\u00e9al","og_description":"La Corvette ZR1 type C6 (ch\u00e2ssis en aluminium) affiche toujours cette inimitable ligne de squale, avec cette face avant longue et pointue, cette belle vitre arri\u00e8re arrondie et cette poupe coup\u00e9e net flanqu\u00e9e de quatre feux ronds. Sur le capot, notre mod\u00e8le se fend en plus d'une g\u00e9n\u00e9reuse fen\u00eatre offrant une vue imprenable sur l\u2019\u00e9changeur... ... Lire plus","og_url":"https:\/\/www.carideal.com\/blog\/2010\/05\/27\/la-chevrolet-corvette-zr1-au-banc-dessais\/","og_site_name":"Blog auto Carid\u00e9al","article_publisher":"https:\/\/www.facebook.com\/Carideal.mandataire.automobile","article_author":"https:\/\/www.facebook.com\/Carideal.mandataire.automobile\/","article_published_time":"2010-05-27T10:48:00+00:00","og_image":[{"width":300,"height":300,"url":"https:\/\/www.carideal.com\/blog\/wp-content\/uploads\/2016\/03\/logo-carideal-mandataire-automobile.png","type":"image\/png"}],"author":"N.S Carideal","twitter_card":"summary_large_image","twitter_creator":"@caridealauto","twitter_site":"@caridealauto","twitter_misc":{"\u00c9crit par":"N.S Carideal","Dur\u00e9e de lecture estim\u00e9e":"2 minutes"},"schema":{"@context":"https:\/\/schema.org","@graph":[{"@type":"Article","@id":"https:\/\/www.carideal.com\/blog\/2010\/05\/27\/la-chevrolet-corvette-zr1-au-banc-dessais\/#article","isPartOf":{"@id":"https:\/\/www.carideal.com\/blog\/2010\/05\/27\/la-chevrolet-corvette-zr1-au-banc-dessais\/"},"author":{"name":"N.S Carideal","@id":"https:\/\/www.carideal.com\/blog\/#\/schema\/person\/985c7e757d1042d647f21bfaf8d41ebc"},"headline":"La Chevrolet Corvette ZR1 au banc d&rsquo;essais.","datePublished":"2010-05-27T10:48:00+00:00","mainEntityOfPage":{"@id":"https:\/\/www.carideal.com\/blog\/2010\/05\/27\/la-chevrolet-corvette-zr1-au-banc-dessais\/"},"wordCount":405,"commentCount":0,"publisher":{"@id":"https:\/\/www.carideal.com\/blog\/#organization"},"keywords":["Bugatti Veyron","Moteur V8"],"articleSection":["March\u00e9 automobile"],"inLanguage":"fr-FR","potentialAction":[{"@type":"CommentAction","name":"Comment","target":["https:\/\/www.carideal.com\/blog\/2010\/05\/27\/la-chevrolet-corvette-zr1-au-banc-dessais\/#respond"]}]},{"@type":"WebPage","@id":"https:\/\/www.carideal.com\/blog\/2010\/05\/27\/la-chevrolet-corvette-zr1-au-banc-dessais\/","url":"https:\/\/www.carideal.com\/blog\/2010\/05\/27\/la-chevrolet-corvette-zr1-au-banc-dessais\/","name":"La Chevrolet Corvette ZR1 au banc d'essais. - Blog auto Carid\u00e9al","isPartOf":{"@id":"https:\/\/www.carideal.com\/blog\/#website"},"datePublished":"2010-05-27T10:48:00+00:00","breadcrumb":{"@id":"https:\/\/www.carideal.com\/blog\/2010\/05\/27\/la-chevrolet-corvette-zr1-au-banc-dessais\/#breadcrumb"},"inLanguage":"fr-FR","potentialAction":[{"@type":"ReadAction","target":["https:\/\/www.carideal.com\/blog\/2010\/05\/27\/la-chevrolet-corvette-zr1-au-banc-dessais\/"]}]},{"@type":"BreadcrumbList","@id":"https:\/\/www.carideal.com\/blog\/2010\/05\/27\/la-chevrolet-corvette-zr1-au-banc-dessais\/#breadcrumb","itemListElement":[{"@type":"ListItem","position":1,"name":"Blog Carid\u00e9al","item":"https:\/\/www.carideal.com\/blog\/"},{"@type":"ListItem","position":2,"name":"March\u00e9 automobile","item":"https:\/\/www.carideal.com\/blog\/marche-automobile-voiture-neuve-occasion-4x4-suv\/"},{"@type":"ListItem","position":3,"name":"La Chevrolet Corvette ZR1 au banc d&rsquo;essais."}]},{"@type":"WebSite","@id":"https:\/\/www.carideal.com\/blog\/#website","url":"https:\/\/www.carideal.com\/blog\/","name":"Blog auto Carid\u00e9al","description":"Actualit\u00e9 auto par des passionn\u00e9s","publisher":{"@id":"https:\/\/www.carideal.com\/blog\/#organization"},"potentialAction":[{"@type":"SearchAction","target":{"@type":"EntryPoint","urlTemplate":"https:\/\/www.carideal.com\/blog\/?s={search_term_string}"},"query-input":{"@type":"PropertyValueSpecification","valueRequired":true,"valueName":"search_term_string"}}],"inLanguage":"fr-FR"},{"@type":"Organization","@id":"https:\/\/www.carideal.com\/blog\/#organization","name":"Carideal","url":"https:\/\/www.carideal.com\/blog\/","logo":{"@type":"ImageObject","inLanguage":"fr-FR","@id":"https:\/\/www.carideal.com\/blog\/#\/schema\/logo\/image\/","url":"http:\/\/www.carideal.com\/blog\/wp-content\/uploads\/2016\/03\/logo-carideal-mandataire-automobile.png","contentUrl":"http:\/\/www.carideal.com\/blog\/wp-content\/uploads\/2016\/03\/logo-carideal-mandataire-automobile.png","width":300,"height":300,"caption":"Carideal"},"image":{"@id":"https:\/\/www.carideal.com\/blog\/#\/schema\/logo\/image\/"},"sameAs":["https:\/\/www.facebook.com\/Carideal.mandataire.automobile","https:\/\/x.com\/caridealauto","https:\/\/www.instagram.com\/carideal1\/","https:\/\/www.linkedin.com\/company\/carideal.com","https:\/\/fr.pinterest.com\/schiavonsas\/","https:\/\/www.youtube.com\/user\/caridealsas"]},{"@type":"Person","@id":"https:\/\/www.carideal.com\/blog\/#\/schema\/person\/985c7e757d1042d647f21bfaf8d41ebc","name":"N.S Carideal","image":{"@type":"ImageObject","inLanguage":"fr-FR","@id":"https:\/\/www.carideal.com\/blog\/#\/schema\/person\/image\/","url":"https:\/\/secure.gravatar.com\/avatar\/edb7ccdf1a4e3d14aef967760d354d0e?s=96&r=g","contentUrl":"https:\/\/secure.gravatar.com\/avatar\/edb7ccdf1a4e3d14aef967760d354d0e?s=96&r=g","caption":"N.S Carideal"},"description":"Depuis tout petit fan d'automobile. Il est question d'essayer et de comparer toutes ces voitures qui nous ont fait r\u00e9ver, avant que celles-ci ne devient uniquement des voitures de collection.","sameAs":["http:\/\/www.carideal.com\/blog","https:\/\/www.facebook.com\/Carideal.mandataire.automobile\/","https:\/\/www.linkedin.com\/in\/nschiavon\/","https:\/\/www.youtube.com\/user\/caridealsas\/"],"url":"https:\/\/www.carideal.com\/blog\/author\/admin_carideal\/"}]}},"uagb_featured_image_src":{"full":false,"thumbnail":false,"medium":false,"medium_large":false,"large":false,"1536x1536":false,"2048x2048":false,"wppr-widget":false},"uagb_author_info":{"display_name":"N.S Carideal","author_link":"https:\/\/www.carideal.com\/blog\/author\/admin_carideal\/"},"uagb_comment_info":0,"uagb_excerpt":"La Corvette ZR1 type C6 (ch\u00e2ssis en aluminium) affiche toujours cette inimitable ligne de squale, avec cette face avant longue et pointue, cette belle vitre arri\u00e8re arrondie et cette poupe coup\u00e9e net flanqu\u00e9e de quatre feux ronds. Sur le capot, notre mod\u00e8le se fend en plus d'une g\u00e9n\u00e9reuse fen\u00eatre offrant une vue imprenable sur l\u2019\u00e9changeur...\u2026","_links":{"self":[{"href":"https:\/\/www.carideal.com\/blog\/wp-json\/wp\/v2\/posts\/785"}],"collection":[{"href":"https:\/\/www.carideal.com\/blog\/wp-json\/wp\/v2\/posts"}],"about":[{"href":"https:\/\/www.carideal.com\/blog\/wp-json\/wp\/v2\/types\/post"}],"author":[{"embeddable":true,"href":"https:\/\/www.carideal.com\/blog\/wp-json\/wp\/v2\/users\/1"}],"replies":[{"embeddable":true,"href":"https:\/\/www.carideal.com\/blog\/wp-json\/wp\/v2\/comments?post=785"}],"version-history":[{"count":0,"href":"https:\/\/www.carideal.com\/blog\/wp-json\/wp\/v2\/posts\/785\/revisions"}],"wp:attachment":[{"href":"https:\/\/www.carideal.com\/blog\/wp-json\/wp\/v2\/media?parent=785"}],"wp:term":[{"taxonomy":"category","embeddable":true,"href":"https:\/\/www.carideal.com\/blog\/wp-json\/wp\/v2\/categories?post=785"},{"taxonomy":"post_tag","embeddable":true,"href":"https:\/\/www.carideal.com\/blog\/wp-json\/wp\/v2\/tags?post=785"}],"curies":[{"name":"wp","href":"https:\/\/api.w.org\/{rel}","templated":true}]}}