{"id":778,"date":"2010-05-21T15:22:00","date_gmt":"2010-05-21T15:22:00","guid":{"rendered":"http:\/\/carideal.com\/blog\/?p=778"},"modified":"2019-12-19T18:58:03","modified_gmt":"2019-12-19T17:58:03","slug":"z10-la-ferrari-de-bmw","status":"publish","type":"post","link":"https:\/\/www.carideal.com\/blog\/2010\/05\/21\/z10-la-ferrari-de-bmw\/","title":{"rendered":"Z10 la Ferrari de BMW !"},"content":{"rendered":"<h2>Z10 la Ferrari de BMW !<\/h2>\n<p><a href=\"http:\/\/www.carideal.com\/blog\/marque-de-voiture-actualites-essais\/bmw\/\">BMW<\/a> enfonce le clou avec sa S\u00e9rie Z, tout avait commenc\u00e9 par la Z1 et ses fameuses portes, on a eu la fameuse Z4, et on aura la supercar <strong>BMW Z10 !<\/strong><\/p>\n<p>Chez BMW, la gamme \u00ab\u00a0Z\u00a0\u00bb a toujours marqu\u00e9 les esprits. Souvenez-vous de la Z1 apparue en 1988 dont les porti\u00e8res glissaient dans les bas de caisses, une technologie tr\u00e8s on\u00e9reuse limitant consid\u00e9rablement la diffusion de l\u2019auto.<\/p>\n<figure id=\"attachment_12653\" aria-describedby=\"caption-attachment-12653\" style=\"width: 438px\" class=\"wp-caption alignnone\"><img loading=\"lazy\" decoding=\"async\" class=\"wp-image-12653 size-full\" title=\"BMW Z10\" src=\"http:\/\/www.carideal.com\/blog\/wp-content\/uploads\/2010\/05\/bmw-z10.jpg\" alt=\"BMW Z10\" width=\"448\" height=\"260\" srcset=\"https:\/\/www.carideal.com\/blog\/wp-content\/uploads\/2010\/05\/bmw-z10.jpg 448w, https:\/\/www.carideal.com\/blog\/wp-content\/uploads\/2010\/05\/bmw-z10-300x174.jpg 300w\" sizes=\"(max-width: 448px) 100vw, 448px\" \/><figcaption id=\"caption-attachment-12653\" class=\"wp-caption-text\">BMW Z10<\/figcaption><\/figure>\n<p>Huit plus tard, le <a href=\"http:\/\/www.carideal.com\/blog\/2009\/01\/05\/bmw-z3-d-occasion\/\">Z3 roadster<\/a> revenait \u00e0 la raison tout en apportant une touche d\u2019originalit\u00e9 par l\u2019\u00e9l\u00e9gante silhouette de break de chasse caract\u00e9risant le coup\u00e9, laquelle fait encore aujourd\u2019hui sensation. En 2003, le Z4 s\u2019embourgeoisa notablement, une direction encore plus marqu\u00e9e par la seconde g\u00e9n\u00e9ration qui en 2009 opta pour un toit rigide escamotable.<\/p>\n<ul>\n<li><a href=\"http:\/\/www.carideal.com\/blog\/2019\/10\/17\/meilleures-voitures-de-sport\/\">Les meilleures voitures de sport<\/a><\/li>\n<\/ul>\n<p>En 2010, l\u2019\u00e9tude Vision Efficient Dynamics ouvre une voie nettement plus fluide au design BMW et se veut surtout nettement plus ambitieuse en terme d\u2019image. Il s\u2019agira de la future Z10 qui placera son moteur en position centrale arri\u00e8re\u2026 Comme une certaine <a href=\"http:\/\/www.carideal.com\/blog\/2012\/12\/15\/la-nouvelle-audi-r8-en-video\/\">Audi R8<\/a>.<\/p>\n<p>Pour marquer son retour parmi l\u2019\u00e9lite des sportives, BMW proposera une Z10 sculpturale. Cette <a href=\"http:\/\/www.carideal.com\/blog\/2019\/10\/19\/meilleures-supercars\/\">supercar<\/a> Munichoise s\u2019inspire du concept M1 Hommage qui fut pr\u00e9sent\u00e9 en 2008 lors du c\u00e9l\u00e8bre concours d\u2019\u00e9l\u00e9gance de la Villa d\u2019Este au bord du lac de C\u00f4me (Italie) pour comm\u00e9morer le trentenaire de la M1.<\/p>\n<p>Mais \u00e9galement de l\u2019\u00e9tude Vision Efficient Dynamics d\u00e9voil\u00e9e en septembre dernier eu salon de Francfort, laquelle permit aux designers de la marque \u00e0 l\u2019h\u00e9lice d\u2019affiner le style de la future Z10 tout en se d\u00e9marquant subtilement de la M1 originale. Une fa\u00e7on habile de ne pas verser dans le retro design<\/p>\n<p>Mais davantage que d\u2019affronter sur un autre terrain ses rivaux les plus proches (Audi et Mercedes), BMW \u00e9largit son champ d\u2019action. Les Ferrari F458 Italia, <a href=\"http:\/\/www.carideal.com\/blog\/2013\/12\/01\/lamborghini-gallardo-lp-570-4-squadra-corse\/\">Lamborghini Gallardo<\/a> et, dans une moindre mesure, la <a href=\"http:\/\/www.carideal.com\/blog\/2012\/11\/28\/911-carrera-4-et-4s\/\">Porsche 911<\/a> seront \u00e0 sa port\u00e9e. De quoi s\u2019ouvrir \u00e0 une nouvelle client\u00e8le fortun\u00e9e, de montrer son savoir faire technologique tout en confortant l\u2019image de marque.<\/p>\n<h2>Caract\u00e9ristiques BMW Z10 :<\/h2>\n<ul>\n<li>Commercialisation courant 2011<\/li>\n<li>Moteur V8 essence biturbo de 550 ch<\/li>\n<li>A partir de 120 000 \u20ac (estimation)<\/li>\n<\/ul>\n","protected":false},"excerpt":{"rendered":"<p>Z10 la Ferrari de BMW ! BMW enfonce le clou avec sa S\u00e9rie Z, tout avait commenc\u00e9 par la Z1 et ses fameuses portes, on a eu la fameuse Z4, et on aura la supercar BMW Z10 ! Chez BMW, la gamme \u00ab\u00a0Z\u00a0\u00bb a toujours marqu\u00e9 les esprits. Souvenez-vous de la Z1 apparue en 1988 &#8230; <a title=\"Z10 la Ferrari de BMW !\" class=\"read-more\" href=\"https:\/\/www.carideal.com\/blog\/2010\/05\/21\/z10-la-ferrari-de-bmw\/\" aria-label=\"En savoir plus sur Z10 la Ferrari de BMW !\">Lire plus<\/a><\/p>\n","protected":false},"author":1,"featured_media":12653,"comment_status":"open","ping_status":"open","sticky":false,"template":"","format":"standard","meta":{"_uag_custom_page_level_css":"","_themeisle_gutenberg_block_has_review":false,"footnotes":""},"categories":[5945,6000],"tags":[],"class_list":["post-778","post","type-post","status-publish","format-standard","has-post-thumbnail","hentry","category-bmw","category-supercar"],"wppr_data":{"cwp_meta_box_check":"No"},"yoast_head":"<!-- This site is optimized with the Yoast SEO plugin v24.8.1 - https:\/\/yoast.com\/wordpress\/plugins\/seo\/ -->\n<title>Z10 la Ferrari de BMW ! - Blog auto Carid\u00e9al<\/title>\n<meta name=\"description\" content=\"BMW enfonce le clou avec sa S\u00e9rie Z, tout avait commenc\u00e9 par la Z1 et ses fameuses portes, on a eu la fameuse Z4, et on aura la supercar BMW Z10 !\" \/>\n<meta name=\"robots\" content=\"index, follow, max-snippet:-1, max-image-preview:large, max-video-preview:-1\" \/>\n<link rel=\"canonical\" href=\"https:\/\/www.carideal.com\/blog\/2010\/05\/21\/z10-la-ferrari-de-bmw\/\" \/>\n<meta property=\"og:locale\" content=\"fr_FR\" \/>\n<meta property=\"og:type\" content=\"article\" \/>\n<meta property=\"og:title\" content=\"Z10 la Ferrari de BMW ! - Blog auto Carid\u00e9al\" \/>\n<meta property=\"og:description\" content=\"BMW enfonce le clou avec sa S\u00e9rie Z, tout avait commenc\u00e9 par la Z1 et ses fameuses portes, on a eu la fameuse Z4, et on aura la supercar BMW Z10 !\" \/>\n<meta property=\"og:url\" content=\"https:\/\/www.carideal.com\/blog\/2010\/05\/21\/z10-la-ferrari-de-bmw\/\" \/>\n<meta property=\"og:site_name\" content=\"Blog auto Carid\u00e9al\" \/>\n<meta property=\"article:publisher\" content=\"https:\/\/www.facebook.com\/Carideal.mandataire.automobile\" \/>\n<meta property=\"article:author\" content=\"https:\/\/www.facebook.com\/Carideal.mandataire.automobile\/\" \/>\n<meta property=\"article:published_time\" content=\"2010-05-21T15:22:00+00:00\" \/>\n<meta property=\"article:modified_time\" content=\"2019-12-19T17:58:03+00:00\" \/>\n<meta property=\"og:image\" content=\"https:\/\/www.carideal.com\/blog\/wp-content\/uploads\/2010\/05\/bmw-z10.jpg\" \/>\n\t<meta property=\"og:image:width\" content=\"448\" \/>\n\t<meta property=\"og:image:height\" content=\"260\" \/>\n\t<meta property=\"og:image:type\" content=\"image\/jpeg\" \/>\n<meta name=\"author\" content=\"N.S Carideal\" \/>\n<meta name=\"twitter:card\" content=\"summary_large_image\" \/>\n<meta name=\"twitter:creator\" content=\"@caridealauto\" \/>\n<meta name=\"twitter:site\" content=\"@caridealauto\" \/>\n<meta name=\"twitter:label1\" content=\"\u00c9crit par\" \/>\n\t<meta name=\"twitter:data1\" content=\"N.S Carideal\" \/>\n\t<meta name=\"twitter:label2\" content=\"Dur\u00e9e de lecture estim\u00e9e\" \/>\n\t<meta name=\"twitter:data2\" content=\"2 minutes\" \/>\n<script type=\"application\/ld+json\" class=\"yoast-schema-graph\">{\"@context\":\"https:\/\/schema.org\",\"@graph\":[{\"@type\":\"Article\",\"@id\":\"https:\/\/www.carideal.com\/blog\/2010\/05\/21\/z10-la-ferrari-de-bmw\/#article\",\"isPartOf\":{\"@id\":\"https:\/\/www.carideal.com\/blog\/2010\/05\/21\/z10-la-ferrari-de-bmw\/\"},\"author\":{\"name\":\"N.S Carideal\",\"@id\":\"https:\/\/www.carideal.com\/blog\/#\/schema\/person\/985c7e757d1042d647f21bfaf8d41ebc\"},\"headline\":\"Z10 la Ferrari de BMW !\",\"datePublished\":\"2010-05-21T15:22:00+00:00\",\"dateModified\":\"2019-12-19T17:58:03+00:00\",\"mainEntityOfPage\":{\"@id\":\"https:\/\/www.carideal.com\/blog\/2010\/05\/21\/z10-la-ferrari-de-bmw\/\"},\"wordCount\":399,\"commentCount\":0,\"publisher\":{\"@id\":\"https:\/\/www.carideal.com\/blog\/#organization\"},\"image\":{\"@id\":\"https:\/\/www.carideal.com\/blog\/2010\/05\/21\/z10-la-ferrari-de-bmw\/#primaryimage\"},\"thumbnailUrl\":\"https:\/\/www.carideal.com\/blog\/wp-content\/uploads\/2010\/05\/bmw-z10.jpg\",\"articleSection\":[\"Actualit\u00e9 BMW\",\"Supercar\"],\"inLanguage\":\"fr-FR\",\"potentialAction\":[{\"@type\":\"CommentAction\",\"name\":\"Comment\",\"target\":[\"https:\/\/www.carideal.com\/blog\/2010\/05\/21\/z10-la-ferrari-de-bmw\/#respond\"]}]},{\"@type\":\"WebPage\",\"@id\":\"https:\/\/www.carideal.com\/blog\/2010\/05\/21\/z10-la-ferrari-de-bmw\/\",\"url\":\"https:\/\/www.carideal.com\/blog\/2010\/05\/21\/z10-la-ferrari-de-bmw\/\",\"name\":\"Z10 la Ferrari de BMW ! - Blog auto Carid\u00e9al\",\"isPartOf\":{\"@id\":\"https:\/\/www.carideal.com\/blog\/#website\"},\"primaryImageOfPage\":{\"@id\":\"https:\/\/www.carideal.com\/blog\/2010\/05\/21\/z10-la-ferrari-de-bmw\/#primaryimage\"},\"image\":{\"@id\":\"https:\/\/www.carideal.com\/blog\/2010\/05\/21\/z10-la-ferrari-de-bmw\/#primaryimage\"},\"thumbnailUrl\":\"https:\/\/www.carideal.com\/blog\/wp-content\/uploads\/2010\/05\/bmw-z10.jpg\",\"datePublished\":\"2010-05-21T15:22:00+00:00\",\"dateModified\":\"2019-12-19T17:58:03+00:00\",\"description\":\"BMW enfonce le clou avec sa S\u00e9rie Z, tout avait commenc\u00e9 par la Z1 et ses fameuses portes, on a eu la fameuse Z4, et on aura la supercar BMW Z10 !\",\"breadcrumb\":{\"@id\":\"https:\/\/www.carideal.com\/blog\/2010\/05\/21\/z10-la-ferrari-de-bmw\/#breadcrumb\"},\"inLanguage\":\"fr-FR\",\"potentialAction\":[{\"@type\":\"ReadAction\",\"target\":[\"https:\/\/www.carideal.com\/blog\/2010\/05\/21\/z10-la-ferrari-de-bmw\/\"]}]},{\"@type\":\"ImageObject\",\"inLanguage\":\"fr-FR\",\"@id\":\"https:\/\/www.carideal.com\/blog\/2010\/05\/21\/z10-la-ferrari-de-bmw\/#primaryimage\",\"url\":\"https:\/\/www.carideal.com\/blog\/wp-content\/uploads\/2010\/05\/bmw-z10.jpg\",\"contentUrl\":\"https:\/\/www.carideal.com\/blog\/wp-content\/uploads\/2010\/05\/bmw-z10.jpg\",\"width\":448,\"height\":260,\"caption\":\"Z10 la Ferrari de BMW !\"},{\"@type\":\"BreadcrumbList\",\"@id\":\"https:\/\/www.carideal.com\/blog\/2010\/05\/21\/z10-la-ferrari-de-bmw\/#breadcrumb\",\"itemListElement\":[{\"@type\":\"ListItem\",\"position\":1,\"name\":\"Blog Carid\u00e9al\",\"item\":\"https:\/\/www.carideal.com\/blog\/\"},{\"@type\":\"ListItem\",\"position\":2,\"name\":\"Actualit\u00e9 constructeur automobile\",\"item\":\"https:\/\/www.carideal.com\/blog\/constructeur\/\"},{\"@type\":\"ListItem\",\"position\":3,\"name\":\"Actualit\u00e9 BMW\",\"item\":\"https:\/\/www.carideal.com\/blog\/constructeur\/bmw\/\"},{\"@type\":\"ListItem\",\"position\":4,\"name\":\"Z10 la Ferrari de BMW !\"}]},{\"@type\":\"WebSite\",\"@id\":\"https:\/\/www.carideal.com\/blog\/#website\",\"url\":\"https:\/\/www.carideal.com\/blog\/\",\"name\":\"Blog auto Carid\u00e9al\",\"description\":\"Actualit\u00e9 auto par des passionn\u00e9s\",\"publisher\":{\"@id\":\"https:\/\/www.carideal.com\/blog\/#organization\"},\"potentialAction\":[{\"@type\":\"SearchAction\",\"target\":{\"@type\":\"EntryPoint\",\"urlTemplate\":\"https:\/\/www.carideal.com\/blog\/?s={search_term_string}\"},\"query-input\":{\"@type\":\"PropertyValueSpecification\",\"valueRequired\":true,\"valueName\":\"search_term_string\"}}],\"inLanguage\":\"fr-FR\"},{\"@type\":\"Organization\",\"@id\":\"https:\/\/www.carideal.com\/blog\/#organization\",\"name\":\"Carideal\",\"url\":\"https:\/\/www.carideal.com\/blog\/\",\"logo\":{\"@type\":\"ImageObject\",\"inLanguage\":\"fr-FR\",\"@id\":\"https:\/\/www.carideal.com\/blog\/#\/schema\/logo\/image\/\",\"url\":\"http:\/\/www.carideal.com\/blog\/wp-content\/uploads\/2016\/03\/logo-carideal-mandataire-automobile.png\",\"contentUrl\":\"http:\/\/www.carideal.com\/blog\/wp-content\/uploads\/2016\/03\/logo-carideal-mandataire-automobile.png\",\"width\":300,\"height\":300,\"caption\":\"Carideal\"},\"image\":{\"@id\":\"https:\/\/www.carideal.com\/blog\/#\/schema\/logo\/image\/\"},\"sameAs\":[\"https:\/\/www.facebook.com\/Carideal.mandataire.automobile\",\"https:\/\/x.com\/caridealauto\",\"https:\/\/www.instagram.com\/carideal1\/\",\"https:\/\/www.linkedin.com\/company\/carideal.com\",\"https:\/\/fr.pinterest.com\/schiavonsas\/\",\"https:\/\/www.youtube.com\/user\/caridealsas\"]},{\"@type\":\"Person\",\"@id\":\"https:\/\/www.carideal.com\/blog\/#\/schema\/person\/985c7e757d1042d647f21bfaf8d41ebc\",\"name\":\"N.S Carideal\",\"image\":{\"@type\":\"ImageObject\",\"inLanguage\":\"fr-FR\",\"@id\":\"https:\/\/www.carideal.com\/blog\/#\/schema\/person\/image\/\",\"url\":\"https:\/\/secure.gravatar.com\/avatar\/edb7ccdf1a4e3d14aef967760d354d0e?s=96&r=g\",\"contentUrl\":\"https:\/\/secure.gravatar.com\/avatar\/edb7ccdf1a4e3d14aef967760d354d0e?s=96&r=g\",\"caption\":\"N.S Carideal\"},\"description\":\"Depuis tout petit fan d'automobile. Il est question d'essayer et de comparer toutes ces voitures qui nous ont fait r\u00e9ver, avant que celles-ci ne devient uniquement des voitures de collection.\",\"sameAs\":[\"http:\/\/www.carideal.com\/blog\",\"https:\/\/www.facebook.com\/Carideal.mandataire.automobile\/\",\"https:\/\/www.linkedin.com\/in\/nschiavon\/\",\"https:\/\/www.youtube.com\/user\/caridealsas\/\"],\"url\":\"https:\/\/www.carideal.com\/blog\/author\/admin_carideal\/\"}]}<\/script>\n<!-- \/ Yoast SEO plugin. -->","yoast_head_json":{"title":"Z10 la Ferrari de BMW ! - Blog auto Carid\u00e9al","description":"BMW enfonce le clou avec sa S\u00e9rie Z, tout avait commenc\u00e9 par la Z1 et ses fameuses portes, on a eu la fameuse Z4, et on aura la supercar BMW Z10 !","robots":{"index":"index","follow":"follow","max-snippet":"max-snippet:-1","max-image-preview":"max-image-preview:large","max-video-preview":"max-video-preview:-1"},"canonical":"https:\/\/www.carideal.com\/blog\/2010\/05\/21\/z10-la-ferrari-de-bmw\/","og_locale":"fr_FR","og_type":"article","og_title":"Z10 la Ferrari de BMW ! - Blog auto Carid\u00e9al","og_description":"BMW enfonce le clou avec sa S\u00e9rie Z, tout avait commenc\u00e9 par la Z1 et ses fameuses portes, on a eu la fameuse Z4, et on aura la supercar BMW Z10 !","og_url":"https:\/\/www.carideal.com\/blog\/2010\/05\/21\/z10-la-ferrari-de-bmw\/","og_site_name":"Blog auto Carid\u00e9al","article_publisher":"https:\/\/www.facebook.com\/Carideal.mandataire.automobile","article_author":"https:\/\/www.facebook.com\/Carideal.mandataire.automobile\/","article_published_time":"2010-05-21T15:22:00+00:00","article_modified_time":"2019-12-19T17:58:03+00:00","og_image":[{"width":448,"height":260,"url":"https:\/\/www.carideal.com\/blog\/wp-content\/uploads\/2010\/05\/bmw-z10.jpg","type":"image\/jpeg"}],"author":"N.S Carideal","twitter_card":"summary_large_image","twitter_creator":"@caridealauto","twitter_site":"@caridealauto","twitter_misc":{"\u00c9crit par":"N.S Carideal","Dur\u00e9e de lecture estim\u00e9e":"2 minutes"},"schema":{"@context":"https:\/\/schema.org","@graph":[{"@type":"Article","@id":"https:\/\/www.carideal.com\/blog\/2010\/05\/21\/z10-la-ferrari-de-bmw\/#article","isPartOf":{"@id":"https:\/\/www.carideal.com\/blog\/2010\/05\/21\/z10-la-ferrari-de-bmw\/"},"author":{"name":"N.S Carideal","@id":"https:\/\/www.carideal.com\/blog\/#\/schema\/person\/985c7e757d1042d647f21bfaf8d41ebc"},"headline":"Z10 la Ferrari de BMW !","datePublished":"2010-05-21T15:22:00+00:00","dateModified":"2019-12-19T17:58:03+00:00","mainEntityOfPage":{"@id":"https:\/\/www.carideal.com\/blog\/2010\/05\/21\/z10-la-ferrari-de-bmw\/"},"wordCount":399,"commentCount":0,"publisher":{"@id":"https:\/\/www.carideal.com\/blog\/#organization"},"image":{"@id":"https:\/\/www.carideal.com\/blog\/2010\/05\/21\/z10-la-ferrari-de-bmw\/#primaryimage"},"thumbnailUrl":"https:\/\/www.carideal.com\/blog\/wp-content\/uploads\/2010\/05\/bmw-z10.jpg","articleSection":["Actualit\u00e9 BMW","Supercar"],"inLanguage":"fr-FR","potentialAction":[{"@type":"CommentAction","name":"Comment","target":["https:\/\/www.carideal.com\/blog\/2010\/05\/21\/z10-la-ferrari-de-bmw\/#respond"]}]},{"@type":"WebPage","@id":"https:\/\/www.carideal.com\/blog\/2010\/05\/21\/z10-la-ferrari-de-bmw\/","url":"https:\/\/www.carideal.com\/blog\/2010\/05\/21\/z10-la-ferrari-de-bmw\/","name":"Z10 la Ferrari de BMW ! - Blog auto Carid\u00e9al","isPartOf":{"@id":"https:\/\/www.carideal.com\/blog\/#website"},"primaryImageOfPage":{"@id":"https:\/\/www.carideal.com\/blog\/2010\/05\/21\/z10-la-ferrari-de-bmw\/#primaryimage"},"image":{"@id":"https:\/\/www.carideal.com\/blog\/2010\/05\/21\/z10-la-ferrari-de-bmw\/#primaryimage"},"thumbnailUrl":"https:\/\/www.carideal.com\/blog\/wp-content\/uploads\/2010\/05\/bmw-z10.jpg","datePublished":"2010-05-21T15:22:00+00:00","dateModified":"2019-12-19T17:58:03+00:00","description":"BMW enfonce le clou avec sa S\u00e9rie Z, tout avait commenc\u00e9 par la Z1 et ses fameuses portes, on a eu la fameuse Z4, et on aura la supercar BMW Z10 !","breadcrumb":{"@id":"https:\/\/www.carideal.com\/blog\/2010\/05\/21\/z10-la-ferrari-de-bmw\/#breadcrumb"},"inLanguage":"fr-FR","potentialAction":[{"@type":"ReadAction","target":["https:\/\/www.carideal.com\/blog\/2010\/05\/21\/z10-la-ferrari-de-bmw\/"]}]},{"@type":"ImageObject","inLanguage":"fr-FR","@id":"https:\/\/www.carideal.com\/blog\/2010\/05\/21\/z10-la-ferrari-de-bmw\/#primaryimage","url":"https:\/\/www.carideal.com\/blog\/wp-content\/uploads\/2010\/05\/bmw-z10.jpg","contentUrl":"https:\/\/www.carideal.com\/blog\/wp-content\/uploads\/2010\/05\/bmw-z10.jpg","width":448,"height":260,"caption":"Z10 la Ferrari de BMW !"},{"@type":"BreadcrumbList","@id":"https:\/\/www.carideal.com\/blog\/2010\/05\/21\/z10-la-ferrari-de-bmw\/#breadcrumb","itemListElement":[{"@type":"ListItem","position":1,"name":"Blog Carid\u00e9al","item":"https:\/\/www.carideal.com\/blog\/"},{"@type":"ListItem","position":2,"name":"Actualit\u00e9 constructeur automobile","item":"https:\/\/www.carideal.com\/blog\/constructeur\/"},{"@type":"ListItem","position":3,"name":"Actualit\u00e9 BMW","item":"https:\/\/www.carideal.com\/blog\/constructeur\/bmw\/"},{"@type":"ListItem","position":4,"name":"Z10 la Ferrari de BMW !"}]},{"@type":"WebSite","@id":"https:\/\/www.carideal.com\/blog\/#website","url":"https:\/\/www.carideal.com\/blog\/","name":"Blog auto Carid\u00e9al","description":"Actualit\u00e9 auto par des passionn\u00e9s","publisher":{"@id":"https:\/\/www.carideal.com\/blog\/#organization"},"potentialAction":[{"@type":"SearchAction","target":{"@type":"EntryPoint","urlTemplate":"https:\/\/www.carideal.com\/blog\/?s={search_term_string}"},"query-input":{"@type":"PropertyValueSpecification","valueRequired":true,"valueName":"search_term_string"}}],"inLanguage":"fr-FR"},{"@type":"Organization","@id":"https:\/\/www.carideal.com\/blog\/#organization","name":"Carideal","url":"https:\/\/www.carideal.com\/blog\/","logo":{"@type":"ImageObject","inLanguage":"fr-FR","@id":"https:\/\/www.carideal.com\/blog\/#\/schema\/logo\/image\/","url":"http:\/\/www.carideal.com\/blog\/wp-content\/uploads\/2016\/03\/logo-carideal-mandataire-automobile.png","contentUrl":"http:\/\/www.carideal.com\/blog\/wp-content\/uploads\/2016\/03\/logo-carideal-mandataire-automobile.png","width":300,"height":300,"caption":"Carideal"},"image":{"@id":"https:\/\/www.carideal.com\/blog\/#\/schema\/logo\/image\/"},"sameAs":["https:\/\/www.facebook.com\/Carideal.mandataire.automobile","https:\/\/x.com\/caridealauto","https:\/\/www.instagram.com\/carideal1\/","https:\/\/www.linkedin.com\/company\/carideal.com","https:\/\/fr.pinterest.com\/schiavonsas\/","https:\/\/www.youtube.com\/user\/caridealsas"]},{"@type":"Person","@id":"https:\/\/www.carideal.com\/blog\/#\/schema\/person\/985c7e757d1042d647f21bfaf8d41ebc","name":"N.S Carideal","image":{"@type":"ImageObject","inLanguage":"fr-FR","@id":"https:\/\/www.carideal.com\/blog\/#\/schema\/person\/image\/","url":"https:\/\/secure.gravatar.com\/avatar\/edb7ccdf1a4e3d14aef967760d354d0e?s=96&r=g","contentUrl":"https:\/\/secure.gravatar.com\/avatar\/edb7ccdf1a4e3d14aef967760d354d0e?s=96&r=g","caption":"N.S Carideal"},"description":"Depuis tout petit fan d'automobile. Il est question d'essayer et de comparer toutes ces voitures qui nous ont fait r\u00e9ver, avant que celles-ci ne devient uniquement des voitures de collection.","sameAs":["http:\/\/www.carideal.com\/blog","https:\/\/www.facebook.com\/Carideal.mandataire.automobile\/","https:\/\/www.linkedin.com\/in\/nschiavon\/","https:\/\/www.youtube.com\/user\/caridealsas\/"],"url":"https:\/\/www.carideal.com\/blog\/author\/admin_carideal\/"}]}},"uagb_featured_image_src":{"full":["https:\/\/www.carideal.com\/blog\/wp-content\/uploads\/2010\/05\/bmw-z10.jpg",448,260,false],"thumbnail":["https:\/\/www.carideal.com\/blog\/wp-content\/uploads\/2010\/05\/bmw-z10-150x150.jpg",150,150,true],"medium":["https:\/\/www.carideal.com\/blog\/wp-content\/uploads\/2010\/05\/bmw-z10-300x174.jpg",300,174,true],"medium_large":["https:\/\/www.carideal.com\/blog\/wp-content\/uploads\/2010\/05\/bmw-z10.jpg",448,260,false],"large":["https:\/\/www.carideal.com\/blog\/wp-content\/uploads\/2010\/05\/bmw-z10.jpg",448,260,false],"1536x1536":["https:\/\/www.carideal.com\/blog\/wp-content\/uploads\/2010\/05\/bmw-z10.jpg",448,260,false],"2048x2048":["https:\/\/www.carideal.com\/blog\/wp-content\/uploads\/2010\/05\/bmw-z10.jpg",448,260,false],"wppr-widget":["https:\/\/www.carideal.com\/blog\/wp-content\/uploads\/2010\/05\/bmw-z10.jpg",50,29,false]},"uagb_author_info":{"display_name":"N.S Carideal","author_link":"https:\/\/www.carideal.com\/blog\/author\/admin_carideal\/"},"uagb_comment_info":0,"uagb_excerpt":"Z10 la Ferrari de BMW ! BMW enfonce le clou avec sa S\u00e9rie Z, tout avait commenc\u00e9 par la Z1 et ses fameuses portes, on a eu la fameuse Z4, et on aura la supercar BMW Z10 ! Chez BMW, la gamme \u00ab\u00a0Z\u00a0\u00bb a toujours marqu\u00e9 les esprits. Souvenez-vous de la Z1 apparue en 1988\u2026","_links":{"self":[{"href":"https:\/\/www.carideal.com\/blog\/wp-json\/wp\/v2\/posts\/778"}],"collection":[{"href":"https:\/\/www.carideal.com\/blog\/wp-json\/wp\/v2\/posts"}],"about":[{"href":"https:\/\/www.carideal.com\/blog\/wp-json\/wp\/v2\/types\/post"}],"author":[{"embeddable":true,"href":"https:\/\/www.carideal.com\/blog\/wp-json\/wp\/v2\/users\/1"}],"replies":[{"embeddable":true,"href":"https:\/\/www.carideal.com\/blog\/wp-json\/wp\/v2\/comments?post=778"}],"version-history":[{"count":0,"href":"https:\/\/www.carideal.com\/blog\/wp-json\/wp\/v2\/posts\/778\/revisions"}],"wp:featuredmedia":[{"embeddable":true,"href":"https:\/\/www.carideal.com\/blog\/wp-json\/wp\/v2\/media\/12653"}],"wp:attachment":[{"href":"https:\/\/www.carideal.com\/blog\/wp-json\/wp\/v2\/media?parent=778"}],"wp:term":[{"taxonomy":"category","embeddable":true,"href":"https:\/\/www.carideal.com\/blog\/wp-json\/wp\/v2\/categories?post=778"},{"taxonomy":"post_tag","embeddable":true,"href":"https:\/\/www.carideal.com\/blog\/wp-json\/wp\/v2\/tags?post=778"}],"curies":[{"name":"wp","href":"https:\/\/api.w.org\/{rel}","templated":true}]}}