{"id":774,"date":"2010-04-24T09:36:00","date_gmt":"2010-04-24T09:36:00","guid":{"rendered":"http:\/\/carideal.com\/blog\/?p=774"},"modified":"2010-04-24T09:36:00","modified_gmt":"2010-04-24T09:36:00","slug":"bmw-serie-5-touring-haut-de-gamme","status":"publish","type":"post","link":"https:\/\/www.carideal.com\/blog\/2010\/04\/24\/bmw-serie-5-touring-haut-de-gamme\/","title":{"rendered":"BMW Serie 5 touring haut de gamme"},"content":{"rendered":"<p><img decoding=\"async\" src=\"\/blog\/public\/.BMW-Serie-5-Touring-carideal_m.jpg\" alt=\"La nouvelle s\u00e9rie 5\" style=\"display:block; margin:0 auto;\" title=\"La nouvelle s\u00e9rie 5, avr. 2010\" \/><\/p>\n<blockquote>\n<p>la nouvelle s\u00e9rie 5<\/p>\n<\/blockquote>\n<p>La Nouvelle <a href=\"\/blog\/index.php?tag\/BMW\">BMW<\/a>  <a href=\"\/blog\/index.php?tag\/S%C3%A9rie%205\">S\u00e9rie 5<\/a> <a href=\"\/blog\/index.php?tag\/touring\">touring<\/a> se ra commercialis\u00e9e fin 2010, avec 5 moteurs \u00e0 essence de 170 \u00e0 407 ch, 4 moteurs diesels de 184 \u00e0 306 ch \u00e0 partir de 42500 \u20ac.<br \/>\nDynamique avant tout. Apparue en 1972, la berline s\u00e9rie 5 est l'un des pilliers de la gamme BMW. La sixi\u00e8me g\u00e9n\u00e9ration vient d'ailleurs d'\u00eatre commercialis\u00e9e. Traditionnellement baptis\u00e9 touring, la d\u00e9clinaison break est quand \u00e0 elle, plus r\u00e9cente. Elle n'est en effet apparue qu'en 1988, en m\u00eame temps que la troisi\u00e8me g\u00e9n\u00e9ration de la berline que les initi\u00e9s appelle E34.<\/p>\n<p><img decoding=\"async\" src=\"\/blog\/public\/.mercedes-w123-t-model-carideal_s.jpg\" alt=\"Mercedes W123 T-model\" style=\"float:left; margin: 0 1em 1em 0;\" title=\"Mercedes W123 T-model, avr. 2010\" \/> <\/p>\n<p>La Mercedes W123 t-Model par qui tout a commenc\u00e9 <a href=\"\/blog\/index.php?tag\/Mercedes\">Mercedes<\/a> inventa le genre en 1977 avec la <a href=\"\/blog\/index.php?tag\/W123%20T-model\">W123 T-model<\/a>. depuis chaque constructeur de standing d\u00e9cline sa grande routi\u00e8re berline en Break. Volume de chargement ou silhouette diff\u00e9rente, les motivations d'achat sont diverses.<\/p>\n<p>Aujourd'hui, ce nouveau <a href=\"\/blog\/index.php?tag\/break\">break<\/a>, qui affichera une longueur identique \u00e0 celle de la berline, 4.90m, soit 6 centim\u00e8tres de plus que l'actuelle s\u00e9rie 5 touring, est annonc\u00e9 pour d\u00e9cembre.<br \/>\n<strong>De quatre \u00e0 huit cylindres.<\/strong> L'offre diesel d\u00e9butera avec un quatre cylindres de 184 ch <a href=\"\/blog\/index.php?tag\/520d\">520d<\/a>, qui consomme 5.2 l aux 100 km et ne rejette que 137 g de co2 par km, soit une neutralit\u00e9 \u00e0 l'\u00e9co taxe. Il sera \u00e9paul\u00e9 par deux bloc \u00e0 6 cylindres. le premier d\u00e9livre 204 ch pour la <a href=\"\/blog\/index.php?tag\/525d%20touring\">525d touring<\/a>, et le second 245 ch pour la <a href=\"\/blog\/index.php?tag\/530d\">530d<\/a>. Ult\u00e9rieurement la gamme gazole sera coiff\u00e9e par une <a href=\"\/blog\/index.php?tag\/535d\">535d<\/a> forte de 306 ch.Tandis que les moteurs \u00e0 essence s'articuleront autour d'un choix de 6 cylindres&nbsp;: <a href=\"\/blog\/index.php?tag\/523i\">523i<\/a> de 204 ch, <a href=\"\/blog\/index.php?tag\/528i\">528i<\/a> de 258 ch et <a href=\"\/blog\/index.php?tag\/535i\">535i<\/a> biturbo de 306 ch. Les plus exigeants se tourneront vers le V8 de la <a href=\"\/blog\/index.php?tag\/550i\">550i<\/a> et ses 407 ch. En attendant l'ultime <a href=\"\/blog\/index.php?tag\/M5%20touring\">M5 touring<\/a> qui d\u00e9laissera le V10 au profit d'un V8 biturbo de 560 ch.<br \/>\n<strong>Coffre pas tr\u00e8s fort<\/strong>. La BMW s\u00e9rie 5 Touring proposera une soute au volume un peu plus g\u00e9n\u00e9reux que celui du model actuel, de 500 \u00e0 1650 litres, on pourra ainsi disposer de 560 \u00e0 1670 litres pour les bagages. De quoi tenir la comparaison avec la derni\u00e8re berline s\u00e9rie 5 Gran Turismo, de 430 \u00e0 570 litres selon la position de la banquette coulissante, et 1700 litres en configuration \u00e0 deux places. Mais elle n'inqui\u00e9tera pas la nouvelle Mercedes Classe E dont le volume de coffre \u00e9volue de 695 \u00e0 1950 litres.<\/p>\n","protected":false},"excerpt":{"rendered":"<p>la nouvelle s\u00e9rie 5 La Nouvelle BMW S\u00e9rie 5 touring se ra commercialis\u00e9e fin 2010, avec 5 moteurs \u00e0 essence de 170 \u00e0 407 ch, 4 moteurs diesels de 184 \u00e0 306 ch \u00e0 partir de 42500 \u20ac. Dynamique avant tout. Apparue en 1972, la berline s\u00e9rie 5 est l&rsquo;un des pilliers de la gamme &#8230; <a title=\"BMW Serie 5 touring haut de gamme\" class=\"read-more\" href=\"https:\/\/www.carideal.com\/blog\/2010\/04\/24\/bmw-serie-5-touring-haut-de-gamme\/\" aria-label=\"En savoir plus sur BMW Serie 5 touring haut de gamme\">Lire plus<\/a><\/p>\n","protected":false},"author":1,"featured_media":0,"comment_status":"open","ping_status":"open","sticky":false,"template":"","format":"standard","meta":{"_uag_custom_page_level_css":"","_themeisle_gutenberg_block_has_review":false,"footnotes":""},"categories":[10],"tags":[2335],"class_list":["post-774","post","type-post","status-publish","format-standard","hentry","category-marche-automobile-voiture-neuve-occasion-4x4-suv","tag-touring"],"wppr_data":[],"yoast_head":"<!-- This site is optimized with the Yoast SEO plugin v24.8.1 - https:\/\/yoast.com\/wordpress\/plugins\/seo\/ -->\n<title>BMW Serie 5 touring haut de gamme - Blog auto Carid\u00e9al<\/title>\n<meta name=\"robots\" content=\"index, follow, max-snippet:-1, max-image-preview:large, max-video-preview:-1\" \/>\n<link rel=\"canonical\" href=\"https:\/\/www.carideal.com\/blog\/2010\/04\/24\/bmw-serie-5-touring-haut-de-gamme\/\" \/>\n<meta property=\"og:locale\" content=\"fr_FR\" \/>\n<meta property=\"og:type\" content=\"article\" \/>\n<meta property=\"og:title\" content=\"BMW Serie 5 touring haut de gamme - Blog auto Carid\u00e9al\" \/>\n<meta property=\"og:description\" content=\"la nouvelle s\u00e9rie 5 La Nouvelle BMW S\u00e9rie 5 touring se ra commercialis\u00e9e fin 2010, avec 5 moteurs \u00e0 essence de 170 \u00e0 407 ch, 4 moteurs diesels de 184 \u00e0 306 ch \u00e0 partir de 42500 \u20ac. Dynamique avant tout. Apparue en 1972, la berline s\u00e9rie 5 est l&#039;un des pilliers de la gamme ... Lire plus\" \/>\n<meta property=\"og:url\" content=\"https:\/\/www.carideal.com\/blog\/2010\/04\/24\/bmw-serie-5-touring-haut-de-gamme\/\" \/>\n<meta property=\"og:site_name\" content=\"Blog auto Carid\u00e9al\" \/>\n<meta property=\"article:publisher\" content=\"https:\/\/www.facebook.com\/Carideal.mandataire.automobile\" \/>\n<meta property=\"article:author\" content=\"https:\/\/www.facebook.com\/Carideal.mandataire.automobile\/\" \/>\n<meta property=\"article:published_time\" content=\"2010-04-24T09:36:00+00:00\" \/>\n<meta property=\"og:image\" content=\"https:\/\/www.carideal.com\/blog\/wp-content\/uploads\/2016\/03\/logo-carideal-mandataire-automobile.png\" \/>\n\t<meta property=\"og:image:width\" content=\"300\" \/>\n\t<meta property=\"og:image:height\" content=\"300\" \/>\n\t<meta property=\"og:image:type\" content=\"image\/png\" \/>\n<meta name=\"author\" content=\"N.S Carideal\" \/>\n<meta name=\"twitter:card\" content=\"summary_large_image\" \/>\n<meta name=\"twitter:creator\" content=\"@caridealauto\" \/>\n<meta name=\"twitter:site\" content=\"@caridealauto\" \/>\n<meta name=\"twitter:label1\" content=\"\u00c9crit par\" \/>\n\t<meta name=\"twitter:data1\" content=\"N.S Carideal\" \/>\n\t<meta name=\"twitter:label2\" content=\"Dur\u00e9e de lecture estim\u00e9e\" \/>\n\t<meta name=\"twitter:data2\" content=\"2 minutes\" \/>\n<script type=\"application\/ld+json\" class=\"yoast-schema-graph\">{\"@context\":\"https:\/\/schema.org\",\"@graph\":[{\"@type\":\"Article\",\"@id\":\"https:\/\/www.carideal.com\/blog\/2010\/04\/24\/bmw-serie-5-touring-haut-de-gamme\/#article\",\"isPartOf\":{\"@id\":\"https:\/\/www.carideal.com\/blog\/2010\/04\/24\/bmw-serie-5-touring-haut-de-gamme\/\"},\"author\":{\"name\":\"N.S Carideal\",\"@id\":\"https:\/\/www.carideal.com\/blog\/#\/schema\/person\/985c7e757d1042d647f21bfaf8d41ebc\"},\"headline\":\"BMW Serie 5 touring haut de gamme\",\"datePublished\":\"2010-04-24T09:36:00+00:00\",\"mainEntityOfPage\":{\"@id\":\"https:\/\/www.carideal.com\/blog\/2010\/04\/24\/bmw-serie-5-touring-haut-de-gamme\/\"},\"wordCount\":383,\"commentCount\":0,\"publisher\":{\"@id\":\"https:\/\/www.carideal.com\/blog\/#organization\"},\"keywords\":[\"touring\"],\"articleSection\":[\"March\u00e9 automobile\"],\"inLanguage\":\"fr-FR\",\"potentialAction\":[{\"@type\":\"CommentAction\",\"name\":\"Comment\",\"target\":[\"https:\/\/www.carideal.com\/blog\/2010\/04\/24\/bmw-serie-5-touring-haut-de-gamme\/#respond\"]}]},{\"@type\":\"WebPage\",\"@id\":\"https:\/\/www.carideal.com\/blog\/2010\/04\/24\/bmw-serie-5-touring-haut-de-gamme\/\",\"url\":\"https:\/\/www.carideal.com\/blog\/2010\/04\/24\/bmw-serie-5-touring-haut-de-gamme\/\",\"name\":\"BMW Serie 5 touring haut de gamme - Blog auto Carid\u00e9al\",\"isPartOf\":{\"@id\":\"https:\/\/www.carideal.com\/blog\/#website\"},\"datePublished\":\"2010-04-24T09:36:00+00:00\",\"breadcrumb\":{\"@id\":\"https:\/\/www.carideal.com\/blog\/2010\/04\/24\/bmw-serie-5-touring-haut-de-gamme\/#breadcrumb\"},\"inLanguage\":\"fr-FR\",\"potentialAction\":[{\"@type\":\"ReadAction\",\"target\":[\"https:\/\/www.carideal.com\/blog\/2010\/04\/24\/bmw-serie-5-touring-haut-de-gamme\/\"]}]},{\"@type\":\"BreadcrumbList\",\"@id\":\"https:\/\/www.carideal.com\/blog\/2010\/04\/24\/bmw-serie-5-touring-haut-de-gamme\/#breadcrumb\",\"itemListElement\":[{\"@type\":\"ListItem\",\"position\":1,\"name\":\"Blog Carid\u00e9al\",\"item\":\"https:\/\/www.carideal.com\/blog\/\"},{\"@type\":\"ListItem\",\"position\":2,\"name\":\"March\u00e9 automobile\",\"item\":\"https:\/\/www.carideal.com\/blog\/marche-automobile-voiture-neuve-occasion-4x4-suv\/\"},{\"@type\":\"ListItem\",\"position\":3,\"name\":\"BMW Serie 5 touring haut de gamme\"}]},{\"@type\":\"WebSite\",\"@id\":\"https:\/\/www.carideal.com\/blog\/#website\",\"url\":\"https:\/\/www.carideal.com\/blog\/\",\"name\":\"Blog auto Carid\u00e9al\",\"description\":\"Actualit\u00e9 auto par des passionn\u00e9s\",\"publisher\":{\"@id\":\"https:\/\/www.carideal.com\/blog\/#organization\"},\"potentialAction\":[{\"@type\":\"SearchAction\",\"target\":{\"@type\":\"EntryPoint\",\"urlTemplate\":\"https:\/\/www.carideal.com\/blog\/?s={search_term_string}\"},\"query-input\":{\"@type\":\"PropertyValueSpecification\",\"valueRequired\":true,\"valueName\":\"search_term_string\"}}],\"inLanguage\":\"fr-FR\"},{\"@type\":\"Organization\",\"@id\":\"https:\/\/www.carideal.com\/blog\/#organization\",\"name\":\"Carideal\",\"url\":\"https:\/\/www.carideal.com\/blog\/\",\"logo\":{\"@type\":\"ImageObject\",\"inLanguage\":\"fr-FR\",\"@id\":\"https:\/\/www.carideal.com\/blog\/#\/schema\/logo\/image\/\",\"url\":\"http:\/\/www.carideal.com\/blog\/wp-content\/uploads\/2016\/03\/logo-carideal-mandataire-automobile.png\",\"contentUrl\":\"http:\/\/www.carideal.com\/blog\/wp-content\/uploads\/2016\/03\/logo-carideal-mandataire-automobile.png\",\"width\":300,\"height\":300,\"caption\":\"Carideal\"},\"image\":{\"@id\":\"https:\/\/www.carideal.com\/blog\/#\/schema\/logo\/image\/\"},\"sameAs\":[\"https:\/\/www.facebook.com\/Carideal.mandataire.automobile\",\"https:\/\/x.com\/caridealauto\",\"https:\/\/www.instagram.com\/carideal1\/\",\"https:\/\/www.linkedin.com\/company\/carideal.com\",\"https:\/\/fr.pinterest.com\/schiavonsas\/\",\"https:\/\/www.youtube.com\/user\/caridealsas\"]},{\"@type\":\"Person\",\"@id\":\"https:\/\/www.carideal.com\/blog\/#\/schema\/person\/985c7e757d1042d647f21bfaf8d41ebc\",\"name\":\"N.S Carideal\",\"image\":{\"@type\":\"ImageObject\",\"inLanguage\":\"fr-FR\",\"@id\":\"https:\/\/www.carideal.com\/blog\/#\/schema\/person\/image\/\",\"url\":\"https:\/\/secure.gravatar.com\/avatar\/edb7ccdf1a4e3d14aef967760d354d0e?s=96&r=g\",\"contentUrl\":\"https:\/\/secure.gravatar.com\/avatar\/edb7ccdf1a4e3d14aef967760d354d0e?s=96&r=g\",\"caption\":\"N.S Carideal\"},\"description\":\"Depuis tout petit fan d'automobile. Il est question d'essayer et de comparer toutes ces voitures qui nous ont fait r\u00e9ver, avant que celles-ci ne devient uniquement des voitures de collection.\",\"sameAs\":[\"http:\/\/www.carideal.com\/blog\",\"https:\/\/www.facebook.com\/Carideal.mandataire.automobile\/\",\"https:\/\/www.linkedin.com\/in\/nschiavon\/\",\"https:\/\/www.youtube.com\/user\/caridealsas\/\"],\"url\":\"https:\/\/www.carideal.com\/blog\/author\/admin_carideal\/\"}]}<\/script>\n<!-- \/ Yoast SEO plugin. -->","yoast_head_json":{"title":"BMW Serie 5 touring haut de gamme - Blog auto Carid\u00e9al","robots":{"index":"index","follow":"follow","max-snippet":"max-snippet:-1","max-image-preview":"max-image-preview:large","max-video-preview":"max-video-preview:-1"},"canonical":"https:\/\/www.carideal.com\/blog\/2010\/04\/24\/bmw-serie-5-touring-haut-de-gamme\/","og_locale":"fr_FR","og_type":"article","og_title":"BMW Serie 5 touring haut de gamme - Blog auto Carid\u00e9al","og_description":"la nouvelle s\u00e9rie 5 La Nouvelle BMW S\u00e9rie 5 touring se ra commercialis\u00e9e fin 2010, avec 5 moteurs \u00e0 essence de 170 \u00e0 407 ch, 4 moteurs diesels de 184 \u00e0 306 ch \u00e0 partir de 42500 \u20ac. Dynamique avant tout. Apparue en 1972, la berline s\u00e9rie 5 est l'un des pilliers de la gamme ... Lire plus","og_url":"https:\/\/www.carideal.com\/blog\/2010\/04\/24\/bmw-serie-5-touring-haut-de-gamme\/","og_site_name":"Blog auto Carid\u00e9al","article_publisher":"https:\/\/www.facebook.com\/Carideal.mandataire.automobile","article_author":"https:\/\/www.facebook.com\/Carideal.mandataire.automobile\/","article_published_time":"2010-04-24T09:36:00+00:00","og_image":[{"width":300,"height":300,"url":"https:\/\/www.carideal.com\/blog\/wp-content\/uploads\/2016\/03\/logo-carideal-mandataire-automobile.png","type":"image\/png"}],"author":"N.S Carideal","twitter_card":"summary_large_image","twitter_creator":"@caridealauto","twitter_site":"@caridealauto","twitter_misc":{"\u00c9crit par":"N.S Carideal","Dur\u00e9e de lecture estim\u00e9e":"2 minutes"},"schema":{"@context":"https:\/\/schema.org","@graph":[{"@type":"Article","@id":"https:\/\/www.carideal.com\/blog\/2010\/04\/24\/bmw-serie-5-touring-haut-de-gamme\/#article","isPartOf":{"@id":"https:\/\/www.carideal.com\/blog\/2010\/04\/24\/bmw-serie-5-touring-haut-de-gamme\/"},"author":{"name":"N.S Carideal","@id":"https:\/\/www.carideal.com\/blog\/#\/schema\/person\/985c7e757d1042d647f21bfaf8d41ebc"},"headline":"BMW Serie 5 touring haut de gamme","datePublished":"2010-04-24T09:36:00+00:00","mainEntityOfPage":{"@id":"https:\/\/www.carideal.com\/blog\/2010\/04\/24\/bmw-serie-5-touring-haut-de-gamme\/"},"wordCount":383,"commentCount":0,"publisher":{"@id":"https:\/\/www.carideal.com\/blog\/#organization"},"keywords":["touring"],"articleSection":["March\u00e9 automobile"],"inLanguage":"fr-FR","potentialAction":[{"@type":"CommentAction","name":"Comment","target":["https:\/\/www.carideal.com\/blog\/2010\/04\/24\/bmw-serie-5-touring-haut-de-gamme\/#respond"]}]},{"@type":"WebPage","@id":"https:\/\/www.carideal.com\/blog\/2010\/04\/24\/bmw-serie-5-touring-haut-de-gamme\/","url":"https:\/\/www.carideal.com\/blog\/2010\/04\/24\/bmw-serie-5-touring-haut-de-gamme\/","name":"BMW Serie 5 touring haut de gamme - Blog auto Carid\u00e9al","isPartOf":{"@id":"https:\/\/www.carideal.com\/blog\/#website"},"datePublished":"2010-04-24T09:36:00+00:00","breadcrumb":{"@id":"https:\/\/www.carideal.com\/blog\/2010\/04\/24\/bmw-serie-5-touring-haut-de-gamme\/#breadcrumb"},"inLanguage":"fr-FR","potentialAction":[{"@type":"ReadAction","target":["https:\/\/www.carideal.com\/blog\/2010\/04\/24\/bmw-serie-5-touring-haut-de-gamme\/"]}]},{"@type":"BreadcrumbList","@id":"https:\/\/www.carideal.com\/blog\/2010\/04\/24\/bmw-serie-5-touring-haut-de-gamme\/#breadcrumb","itemListElement":[{"@type":"ListItem","position":1,"name":"Blog Carid\u00e9al","item":"https:\/\/www.carideal.com\/blog\/"},{"@type":"ListItem","position":2,"name":"March\u00e9 automobile","item":"https:\/\/www.carideal.com\/blog\/marche-automobile-voiture-neuve-occasion-4x4-suv\/"},{"@type":"ListItem","position":3,"name":"BMW Serie 5 touring haut de gamme"}]},{"@type":"WebSite","@id":"https:\/\/www.carideal.com\/blog\/#website","url":"https:\/\/www.carideal.com\/blog\/","name":"Blog auto Carid\u00e9al","description":"Actualit\u00e9 auto par des passionn\u00e9s","publisher":{"@id":"https:\/\/www.carideal.com\/blog\/#organization"},"potentialAction":[{"@type":"SearchAction","target":{"@type":"EntryPoint","urlTemplate":"https:\/\/www.carideal.com\/blog\/?s={search_term_string}"},"query-input":{"@type":"PropertyValueSpecification","valueRequired":true,"valueName":"search_term_string"}}],"inLanguage":"fr-FR"},{"@type":"Organization","@id":"https:\/\/www.carideal.com\/blog\/#organization","name":"Carideal","url":"https:\/\/www.carideal.com\/blog\/","logo":{"@type":"ImageObject","inLanguage":"fr-FR","@id":"https:\/\/www.carideal.com\/blog\/#\/schema\/logo\/image\/","url":"http:\/\/www.carideal.com\/blog\/wp-content\/uploads\/2016\/03\/logo-carideal-mandataire-automobile.png","contentUrl":"http:\/\/www.carideal.com\/blog\/wp-content\/uploads\/2016\/03\/logo-carideal-mandataire-automobile.png","width":300,"height":300,"caption":"Carideal"},"image":{"@id":"https:\/\/www.carideal.com\/blog\/#\/schema\/logo\/image\/"},"sameAs":["https:\/\/www.facebook.com\/Carideal.mandataire.automobile","https:\/\/x.com\/caridealauto","https:\/\/www.instagram.com\/carideal1\/","https:\/\/www.linkedin.com\/company\/carideal.com","https:\/\/fr.pinterest.com\/schiavonsas\/","https:\/\/www.youtube.com\/user\/caridealsas"]},{"@type":"Person","@id":"https:\/\/www.carideal.com\/blog\/#\/schema\/person\/985c7e757d1042d647f21bfaf8d41ebc","name":"N.S Carideal","image":{"@type":"ImageObject","inLanguage":"fr-FR","@id":"https:\/\/www.carideal.com\/blog\/#\/schema\/person\/image\/","url":"https:\/\/secure.gravatar.com\/avatar\/edb7ccdf1a4e3d14aef967760d354d0e?s=96&r=g","contentUrl":"https:\/\/secure.gravatar.com\/avatar\/edb7ccdf1a4e3d14aef967760d354d0e?s=96&r=g","caption":"N.S Carideal"},"description":"Depuis tout petit fan d'automobile. Il est question d'essayer et de comparer toutes ces voitures qui nous ont fait r\u00e9ver, avant que celles-ci ne devient uniquement des voitures de collection.","sameAs":["http:\/\/www.carideal.com\/blog","https:\/\/www.facebook.com\/Carideal.mandataire.automobile\/","https:\/\/www.linkedin.com\/in\/nschiavon\/","https:\/\/www.youtube.com\/user\/caridealsas\/"],"url":"https:\/\/www.carideal.com\/blog\/author\/admin_carideal\/"}]}},"uagb_featured_image_src":{"full":false,"thumbnail":false,"medium":false,"medium_large":false,"large":false,"1536x1536":false,"2048x2048":false,"wppr-widget":false},"uagb_author_info":{"display_name":"N.S Carideal","author_link":"https:\/\/www.carideal.com\/blog\/author\/admin_carideal\/"},"uagb_comment_info":0,"uagb_excerpt":"la nouvelle s\u00e9rie 5 La Nouvelle BMW S\u00e9rie 5 touring se ra commercialis\u00e9e fin 2010, avec 5 moteurs \u00e0 essence de 170 \u00e0 407 ch, 4 moteurs diesels de 184 \u00e0 306 ch \u00e0 partir de 42500 \u20ac. Dynamique avant tout. Apparue en 1972, la berline s\u00e9rie 5 est l'un des pilliers de la gamme\u2026","_links":{"self":[{"href":"https:\/\/www.carideal.com\/blog\/wp-json\/wp\/v2\/posts\/774"}],"collection":[{"href":"https:\/\/www.carideal.com\/blog\/wp-json\/wp\/v2\/posts"}],"about":[{"href":"https:\/\/www.carideal.com\/blog\/wp-json\/wp\/v2\/types\/post"}],"author":[{"embeddable":true,"href":"https:\/\/www.carideal.com\/blog\/wp-json\/wp\/v2\/users\/1"}],"replies":[{"embeddable":true,"href":"https:\/\/www.carideal.com\/blog\/wp-json\/wp\/v2\/comments?post=774"}],"version-history":[{"count":0,"href":"https:\/\/www.carideal.com\/blog\/wp-json\/wp\/v2\/posts\/774\/revisions"}],"wp:attachment":[{"href":"https:\/\/www.carideal.com\/blog\/wp-json\/wp\/v2\/media?parent=774"}],"wp:term":[{"taxonomy":"category","embeddable":true,"href":"https:\/\/www.carideal.com\/blog\/wp-json\/wp\/v2\/categories?post=774"},{"taxonomy":"post_tag","embeddable":true,"href":"https:\/\/www.carideal.com\/blog\/wp-json\/wp\/v2\/tags?post=774"}],"curies":[{"name":"wp","href":"https:\/\/api.w.org\/{rel}","templated":true}]}}