{"id":769,"date":"2010-04-21T17:53:00","date_gmt":"2010-04-21T17:53:00","guid":{"rendered":"http:\/\/carideal.com\/blog\/?p=769"},"modified":"2016-10-16T15:18:35","modified_gmt":"2016-10-16T13:18:35","slug":"bmw-330d-puissance-extraterrestre","status":"publish","type":"post","link":"https:\/\/www.carideal.com\/blog\/2010\/04\/21\/bmw-330d-puissance-extraterrestre\/","title":{"rendered":"BMW 330d puissance extraterrestre"},"content":{"rendered":"<p>&nbsp;<\/p>\n<h1><strong>BMW 330d Un gros moteur une puissance terrible et tr\u00e8s peu d'\u00e9missions.<\/strong><\/h1>\n<p>Inutile d'\u00e9plucher les fiches techniques de ses concurrentes, de traquer leurs \u00e9missions de CO2 ou leurs performances\u00a0: en termes de rapport entre puissance moteur et rejets polluants, la BMW 330d est seule au monde. Jugez plut\u00f4t\u00a0: six cylindres, 245 ch, une vitesse de pointe de 250 km\/h, et seulement 152 g de CO2 par kilom\u00e8tre en moyenne. A titre de comparaison, la Ford mondeo rejette 149 g lorsqu'elle est motoris\u00e9e par un diesel de .....100 ch.<br \/>\nDiesel de course. BMW n'est pas magicien. Simplement plein de bon sens, en additionnant d'habiles solutions techniques pour consommer moins (alternateur r\u00e9cup\u00e9rant l'\u00e9nergie au freinage, pneus \u00e0 faible r\u00e9sistance au roulement...). Celles-ci permettent m\u00eame de se passer d'un syst\u00e8me stop and start souvent fatiguant en ville. Ainsi, l'agr\u00e9ment atteint des sommets\u00a0: aucune vibration au ralenti, une sonorit\u00e9 presque musicale, et des relances \u00e0 couper le souffle puisque le couple le couple maximal du 3 litres \u00e9quivaut \u00e0 celui de l'Audi R8 V10 !!<br \/>\n\/\/\/ BMW s\u00e9rie 5 hybride<br \/>\n\/\/\/ Concession BMW M<\/p>\n","protected":false},"excerpt":{"rendered":"<p>&nbsp; BMW 330d Un gros moteur une puissance terrible et tr\u00e8s peu d&rsquo;\u00e9missions. Inutile d&rsquo;\u00e9plucher les fiches techniques de ses concurrentes, de traquer leurs \u00e9missions de CO2 ou leurs performances\u00a0: en termes de rapport entre puissance moteur et rejets polluants, la BMW 330d est seule au monde. Jugez plut\u00f4t\u00a0: six cylindres, 245 ch, une vitesse &#8230; <a title=\"BMW 330d puissance extraterrestre\" class=\"read-more\" href=\"https:\/\/www.carideal.com\/blog\/2010\/04\/21\/bmw-330d-puissance-extraterrestre\/\" aria-label=\"En savoir plus sur BMW 330d puissance extraterrestre\">Lire plus<\/a><\/p>\n","protected":false},"author":1,"featured_media":0,"comment_status":"open","ping_status":"open","sticky":false,"template":"","format":"standard","meta":{"_uag_custom_page_level_css":"","_themeisle_gutenberg_block_has_review":false,"footnotes":""},"categories":[10],"tags":[],"class_list":["post-769","post","type-post","status-publish","format-standard","hentry","category-marche-automobile-voiture-neuve-occasion-4x4-suv"],"wppr_data":[],"yoast_head":"<!-- This site is optimized with the Yoast SEO plugin v24.8.1 - https:\/\/yoast.com\/wordpress\/plugins\/seo\/ -->\n<title>BMW 330d puissance extraterrestre - Blog auto Carid\u00e9al<\/title>\n<meta name=\"robots\" content=\"index, follow, max-snippet:-1, max-image-preview:large, max-video-preview:-1\" \/>\n<link rel=\"canonical\" href=\"https:\/\/www.carideal.com\/blog\/2010\/04\/21\/bmw-330d-puissance-extraterrestre\/\" \/>\n<meta property=\"og:locale\" content=\"fr_FR\" \/>\n<meta property=\"og:type\" content=\"article\" \/>\n<meta property=\"og:title\" content=\"BMW 330d puissance extraterrestre - Blog auto Carid\u00e9al\" \/>\n<meta property=\"og:description\" content=\"&nbsp; BMW 330d Un gros moteur une puissance terrible et tr\u00e8s peu d&#039;\u00e9missions. Inutile d&#039;\u00e9plucher les fiches techniques de ses concurrentes, de traquer leurs \u00e9missions de CO2 ou leurs performances\u00a0: en termes de rapport entre puissance moteur et rejets polluants, la BMW 330d est seule au monde. Jugez plut\u00f4t\u00a0: six cylindres, 245 ch, une vitesse ... Lire plus\" \/>\n<meta property=\"og:url\" content=\"https:\/\/www.carideal.com\/blog\/2010\/04\/21\/bmw-330d-puissance-extraterrestre\/\" \/>\n<meta property=\"og:site_name\" content=\"Blog auto Carid\u00e9al\" \/>\n<meta property=\"article:publisher\" content=\"https:\/\/www.facebook.com\/Carideal.mandataire.automobile\" \/>\n<meta property=\"article:author\" content=\"https:\/\/www.facebook.com\/Carideal.mandataire.automobile\/\" \/>\n<meta property=\"article:published_time\" content=\"2010-04-21T17:53:00+00:00\" \/>\n<meta property=\"article:modified_time\" content=\"2016-10-16T13:18:35+00:00\" \/>\n<meta property=\"og:image\" content=\"https:\/\/www.carideal.com\/blog\/wp-content\/uploads\/2016\/03\/logo-carideal-mandataire-automobile.png\" \/>\n\t<meta property=\"og:image:width\" content=\"300\" \/>\n\t<meta property=\"og:image:height\" content=\"300\" \/>\n\t<meta property=\"og:image:type\" content=\"image\/png\" \/>\n<meta name=\"author\" content=\"N.S Carideal\" \/>\n<meta name=\"twitter:card\" content=\"summary_large_image\" \/>\n<meta name=\"twitter:creator\" content=\"@caridealauto\" \/>\n<meta name=\"twitter:site\" content=\"@caridealauto\" \/>\n<meta name=\"twitter:label1\" content=\"\u00c9crit par\" \/>\n\t<meta name=\"twitter:data1\" content=\"N.S Carideal\" \/>\n\t<meta name=\"twitter:label2\" content=\"Dur\u00e9e de lecture estim\u00e9e\" \/>\n\t<meta name=\"twitter:data2\" content=\"1 minute\" \/>\n<script type=\"application\/ld+json\" class=\"yoast-schema-graph\">{\"@context\":\"https:\/\/schema.org\",\"@graph\":[{\"@type\":\"Article\",\"@id\":\"https:\/\/www.carideal.com\/blog\/2010\/04\/21\/bmw-330d-puissance-extraterrestre\/#article\",\"isPartOf\":{\"@id\":\"https:\/\/www.carideal.com\/blog\/2010\/04\/21\/bmw-330d-puissance-extraterrestre\/\"},\"author\":{\"name\":\"N.S Carideal\",\"@id\":\"https:\/\/www.carideal.com\/blog\/#\/schema\/person\/985c7e757d1042d647f21bfaf8d41ebc\"},\"headline\":\"BMW 330d puissance extraterrestre\",\"datePublished\":\"2010-04-21T17:53:00+00:00\",\"dateModified\":\"2016-10-16T13:18:35+00:00\",\"mainEntityOfPage\":{\"@id\":\"https:\/\/www.carideal.com\/blog\/2010\/04\/21\/bmw-330d-puissance-extraterrestre\/\"},\"wordCount\":187,\"commentCount\":0,\"publisher\":{\"@id\":\"https:\/\/www.carideal.com\/blog\/#organization\"},\"articleSection\":[\"March\u00e9 automobile\"],\"inLanguage\":\"fr-FR\",\"potentialAction\":[{\"@type\":\"CommentAction\",\"name\":\"Comment\",\"target\":[\"https:\/\/www.carideal.com\/blog\/2010\/04\/21\/bmw-330d-puissance-extraterrestre\/#respond\"]}]},{\"@type\":\"WebPage\",\"@id\":\"https:\/\/www.carideal.com\/blog\/2010\/04\/21\/bmw-330d-puissance-extraterrestre\/\",\"url\":\"https:\/\/www.carideal.com\/blog\/2010\/04\/21\/bmw-330d-puissance-extraterrestre\/\",\"name\":\"BMW 330d puissance extraterrestre - Blog auto Carid\u00e9al\",\"isPartOf\":{\"@id\":\"https:\/\/www.carideal.com\/blog\/#website\"},\"datePublished\":\"2010-04-21T17:53:00+00:00\",\"dateModified\":\"2016-10-16T13:18:35+00:00\",\"breadcrumb\":{\"@id\":\"https:\/\/www.carideal.com\/blog\/2010\/04\/21\/bmw-330d-puissance-extraterrestre\/#breadcrumb\"},\"inLanguage\":\"fr-FR\",\"potentialAction\":[{\"@type\":\"ReadAction\",\"target\":[\"https:\/\/www.carideal.com\/blog\/2010\/04\/21\/bmw-330d-puissance-extraterrestre\/\"]}]},{\"@type\":\"BreadcrumbList\",\"@id\":\"https:\/\/www.carideal.com\/blog\/2010\/04\/21\/bmw-330d-puissance-extraterrestre\/#breadcrumb\",\"itemListElement\":[{\"@type\":\"ListItem\",\"position\":1,\"name\":\"Blog Carid\u00e9al\",\"item\":\"https:\/\/www.carideal.com\/blog\/\"},{\"@type\":\"ListItem\",\"position\":2,\"name\":\"March\u00e9 automobile\",\"item\":\"https:\/\/www.carideal.com\/blog\/marche-automobile-voiture-neuve-occasion-4x4-suv\/\"},{\"@type\":\"ListItem\",\"position\":3,\"name\":\"BMW 330d puissance extraterrestre\"}]},{\"@type\":\"WebSite\",\"@id\":\"https:\/\/www.carideal.com\/blog\/#website\",\"url\":\"https:\/\/www.carideal.com\/blog\/\",\"name\":\"Blog auto Carid\u00e9al\",\"description\":\"Actualit\u00e9 auto par des passionn\u00e9s\",\"publisher\":{\"@id\":\"https:\/\/www.carideal.com\/blog\/#organization\"},\"potentialAction\":[{\"@type\":\"SearchAction\",\"target\":{\"@type\":\"EntryPoint\",\"urlTemplate\":\"https:\/\/www.carideal.com\/blog\/?s={search_term_string}\"},\"query-input\":{\"@type\":\"PropertyValueSpecification\",\"valueRequired\":true,\"valueName\":\"search_term_string\"}}],\"inLanguage\":\"fr-FR\"},{\"@type\":\"Organization\",\"@id\":\"https:\/\/www.carideal.com\/blog\/#organization\",\"name\":\"Carideal\",\"url\":\"https:\/\/www.carideal.com\/blog\/\",\"logo\":{\"@type\":\"ImageObject\",\"inLanguage\":\"fr-FR\",\"@id\":\"https:\/\/www.carideal.com\/blog\/#\/schema\/logo\/image\/\",\"url\":\"http:\/\/www.carideal.com\/blog\/wp-content\/uploads\/2016\/03\/logo-carideal-mandataire-automobile.png\",\"contentUrl\":\"http:\/\/www.carideal.com\/blog\/wp-content\/uploads\/2016\/03\/logo-carideal-mandataire-automobile.png\",\"width\":300,\"height\":300,\"caption\":\"Carideal\"},\"image\":{\"@id\":\"https:\/\/www.carideal.com\/blog\/#\/schema\/logo\/image\/\"},\"sameAs\":[\"https:\/\/www.facebook.com\/Carideal.mandataire.automobile\",\"https:\/\/x.com\/caridealauto\",\"https:\/\/www.instagram.com\/carideal1\/\",\"https:\/\/www.linkedin.com\/company\/carideal.com\",\"https:\/\/fr.pinterest.com\/schiavonsas\/\",\"https:\/\/www.youtube.com\/user\/caridealsas\"]},{\"@type\":\"Person\",\"@id\":\"https:\/\/www.carideal.com\/blog\/#\/schema\/person\/985c7e757d1042d647f21bfaf8d41ebc\",\"name\":\"N.S Carideal\",\"image\":{\"@type\":\"ImageObject\",\"inLanguage\":\"fr-FR\",\"@id\":\"https:\/\/www.carideal.com\/blog\/#\/schema\/person\/image\/\",\"url\":\"https:\/\/secure.gravatar.com\/avatar\/edb7ccdf1a4e3d14aef967760d354d0e?s=96&r=g\",\"contentUrl\":\"https:\/\/secure.gravatar.com\/avatar\/edb7ccdf1a4e3d14aef967760d354d0e?s=96&r=g\",\"caption\":\"N.S Carideal\"},\"description\":\"Depuis tout petit fan d'automobile. Il est question d'essayer et de comparer toutes ces voitures qui nous ont fait r\u00e9ver, avant que celles-ci ne devient uniquement des voitures de collection.\",\"sameAs\":[\"http:\/\/www.carideal.com\/blog\",\"https:\/\/www.facebook.com\/Carideal.mandataire.automobile\/\",\"https:\/\/www.linkedin.com\/in\/nschiavon\/\",\"https:\/\/www.youtube.com\/user\/caridealsas\/\"],\"url\":\"https:\/\/www.carideal.com\/blog\/author\/admin_carideal\/\"}]}<\/script>\n<!-- \/ Yoast SEO plugin. -->","yoast_head_json":{"title":"BMW 330d puissance extraterrestre - Blog auto Carid\u00e9al","robots":{"index":"index","follow":"follow","max-snippet":"max-snippet:-1","max-image-preview":"max-image-preview:large","max-video-preview":"max-video-preview:-1"},"canonical":"https:\/\/www.carideal.com\/blog\/2010\/04\/21\/bmw-330d-puissance-extraterrestre\/","og_locale":"fr_FR","og_type":"article","og_title":"BMW 330d puissance extraterrestre - Blog auto Carid\u00e9al","og_description":"&nbsp; BMW 330d Un gros moteur une puissance terrible et tr\u00e8s peu d'\u00e9missions. Inutile d'\u00e9plucher les fiches techniques de ses concurrentes, de traquer leurs \u00e9missions de CO2 ou leurs performances\u00a0: en termes de rapport entre puissance moteur et rejets polluants, la BMW 330d est seule au monde. Jugez plut\u00f4t\u00a0: six cylindres, 245 ch, une vitesse ... Lire plus","og_url":"https:\/\/www.carideal.com\/blog\/2010\/04\/21\/bmw-330d-puissance-extraterrestre\/","og_site_name":"Blog auto Carid\u00e9al","article_publisher":"https:\/\/www.facebook.com\/Carideal.mandataire.automobile","article_author":"https:\/\/www.facebook.com\/Carideal.mandataire.automobile\/","article_published_time":"2010-04-21T17:53:00+00:00","article_modified_time":"2016-10-16T13:18:35+00:00","og_image":[{"width":300,"height":300,"url":"https:\/\/www.carideal.com\/blog\/wp-content\/uploads\/2016\/03\/logo-carideal-mandataire-automobile.png","type":"image\/png"}],"author":"N.S Carideal","twitter_card":"summary_large_image","twitter_creator":"@caridealauto","twitter_site":"@caridealauto","twitter_misc":{"\u00c9crit par":"N.S Carideal","Dur\u00e9e de lecture estim\u00e9e":"1 minute"},"schema":{"@context":"https:\/\/schema.org","@graph":[{"@type":"Article","@id":"https:\/\/www.carideal.com\/blog\/2010\/04\/21\/bmw-330d-puissance-extraterrestre\/#article","isPartOf":{"@id":"https:\/\/www.carideal.com\/blog\/2010\/04\/21\/bmw-330d-puissance-extraterrestre\/"},"author":{"name":"N.S Carideal","@id":"https:\/\/www.carideal.com\/blog\/#\/schema\/person\/985c7e757d1042d647f21bfaf8d41ebc"},"headline":"BMW 330d puissance extraterrestre","datePublished":"2010-04-21T17:53:00+00:00","dateModified":"2016-10-16T13:18:35+00:00","mainEntityOfPage":{"@id":"https:\/\/www.carideal.com\/blog\/2010\/04\/21\/bmw-330d-puissance-extraterrestre\/"},"wordCount":187,"commentCount":0,"publisher":{"@id":"https:\/\/www.carideal.com\/blog\/#organization"},"articleSection":["March\u00e9 automobile"],"inLanguage":"fr-FR","potentialAction":[{"@type":"CommentAction","name":"Comment","target":["https:\/\/www.carideal.com\/blog\/2010\/04\/21\/bmw-330d-puissance-extraterrestre\/#respond"]}]},{"@type":"WebPage","@id":"https:\/\/www.carideal.com\/blog\/2010\/04\/21\/bmw-330d-puissance-extraterrestre\/","url":"https:\/\/www.carideal.com\/blog\/2010\/04\/21\/bmw-330d-puissance-extraterrestre\/","name":"BMW 330d puissance extraterrestre - Blog auto Carid\u00e9al","isPartOf":{"@id":"https:\/\/www.carideal.com\/blog\/#website"},"datePublished":"2010-04-21T17:53:00+00:00","dateModified":"2016-10-16T13:18:35+00:00","breadcrumb":{"@id":"https:\/\/www.carideal.com\/blog\/2010\/04\/21\/bmw-330d-puissance-extraterrestre\/#breadcrumb"},"inLanguage":"fr-FR","potentialAction":[{"@type":"ReadAction","target":["https:\/\/www.carideal.com\/blog\/2010\/04\/21\/bmw-330d-puissance-extraterrestre\/"]}]},{"@type":"BreadcrumbList","@id":"https:\/\/www.carideal.com\/blog\/2010\/04\/21\/bmw-330d-puissance-extraterrestre\/#breadcrumb","itemListElement":[{"@type":"ListItem","position":1,"name":"Blog Carid\u00e9al","item":"https:\/\/www.carideal.com\/blog\/"},{"@type":"ListItem","position":2,"name":"March\u00e9 automobile","item":"https:\/\/www.carideal.com\/blog\/marche-automobile-voiture-neuve-occasion-4x4-suv\/"},{"@type":"ListItem","position":3,"name":"BMW 330d puissance extraterrestre"}]},{"@type":"WebSite","@id":"https:\/\/www.carideal.com\/blog\/#website","url":"https:\/\/www.carideal.com\/blog\/","name":"Blog auto Carid\u00e9al","description":"Actualit\u00e9 auto par des passionn\u00e9s","publisher":{"@id":"https:\/\/www.carideal.com\/blog\/#organization"},"potentialAction":[{"@type":"SearchAction","target":{"@type":"EntryPoint","urlTemplate":"https:\/\/www.carideal.com\/blog\/?s={search_term_string}"},"query-input":{"@type":"PropertyValueSpecification","valueRequired":true,"valueName":"search_term_string"}}],"inLanguage":"fr-FR"},{"@type":"Organization","@id":"https:\/\/www.carideal.com\/blog\/#organization","name":"Carideal","url":"https:\/\/www.carideal.com\/blog\/","logo":{"@type":"ImageObject","inLanguage":"fr-FR","@id":"https:\/\/www.carideal.com\/blog\/#\/schema\/logo\/image\/","url":"http:\/\/www.carideal.com\/blog\/wp-content\/uploads\/2016\/03\/logo-carideal-mandataire-automobile.png","contentUrl":"http:\/\/www.carideal.com\/blog\/wp-content\/uploads\/2016\/03\/logo-carideal-mandataire-automobile.png","width":300,"height":300,"caption":"Carideal"},"image":{"@id":"https:\/\/www.carideal.com\/blog\/#\/schema\/logo\/image\/"},"sameAs":["https:\/\/www.facebook.com\/Carideal.mandataire.automobile","https:\/\/x.com\/caridealauto","https:\/\/www.instagram.com\/carideal1\/","https:\/\/www.linkedin.com\/company\/carideal.com","https:\/\/fr.pinterest.com\/schiavonsas\/","https:\/\/www.youtube.com\/user\/caridealsas"]},{"@type":"Person","@id":"https:\/\/www.carideal.com\/blog\/#\/schema\/person\/985c7e757d1042d647f21bfaf8d41ebc","name":"N.S Carideal","image":{"@type":"ImageObject","inLanguage":"fr-FR","@id":"https:\/\/www.carideal.com\/blog\/#\/schema\/person\/image\/","url":"https:\/\/secure.gravatar.com\/avatar\/edb7ccdf1a4e3d14aef967760d354d0e?s=96&r=g","contentUrl":"https:\/\/secure.gravatar.com\/avatar\/edb7ccdf1a4e3d14aef967760d354d0e?s=96&r=g","caption":"N.S Carideal"},"description":"Depuis tout petit fan d'automobile. Il est question d'essayer et de comparer toutes ces voitures qui nous ont fait r\u00e9ver, avant que celles-ci ne devient uniquement des voitures de collection.","sameAs":["http:\/\/www.carideal.com\/blog","https:\/\/www.facebook.com\/Carideal.mandataire.automobile\/","https:\/\/www.linkedin.com\/in\/nschiavon\/","https:\/\/www.youtube.com\/user\/caridealsas\/"],"url":"https:\/\/www.carideal.com\/blog\/author\/admin_carideal\/"}]}},"uagb_featured_image_src":{"full":false,"thumbnail":false,"medium":false,"medium_large":false,"large":false,"1536x1536":false,"2048x2048":false,"wppr-widget":false},"uagb_author_info":{"display_name":"N.S Carideal","author_link":"https:\/\/www.carideal.com\/blog\/author\/admin_carideal\/"},"uagb_comment_info":0,"uagb_excerpt":"&nbsp; BMW 330d Un gros moteur une puissance terrible et tr\u00e8s peu d'\u00e9missions. Inutile d'\u00e9plucher les fiches techniques de ses concurrentes, de traquer leurs \u00e9missions de CO2 ou leurs performances\u00a0: en termes de rapport entre puissance moteur et rejets polluants, la BMW 330d est seule au monde. Jugez plut\u00f4t\u00a0: six cylindres, 245 ch, une vitesse\u2026","_links":{"self":[{"href":"https:\/\/www.carideal.com\/blog\/wp-json\/wp\/v2\/posts\/769"}],"collection":[{"href":"https:\/\/www.carideal.com\/blog\/wp-json\/wp\/v2\/posts"}],"about":[{"href":"https:\/\/www.carideal.com\/blog\/wp-json\/wp\/v2\/types\/post"}],"author":[{"embeddable":true,"href":"https:\/\/www.carideal.com\/blog\/wp-json\/wp\/v2\/users\/1"}],"replies":[{"embeddable":true,"href":"https:\/\/www.carideal.com\/blog\/wp-json\/wp\/v2\/comments?post=769"}],"version-history":[{"count":0,"href":"https:\/\/www.carideal.com\/blog\/wp-json\/wp\/v2\/posts\/769\/revisions"}],"wp:attachment":[{"href":"https:\/\/www.carideal.com\/blog\/wp-json\/wp\/v2\/media?parent=769"}],"wp:term":[{"taxonomy":"category","embeddable":true,"href":"https:\/\/www.carideal.com\/blog\/wp-json\/wp\/v2\/categories?post=769"},{"taxonomy":"post_tag","embeddable":true,"href":"https:\/\/www.carideal.com\/blog\/wp-json\/wp\/v2\/tags?post=769"}],"curies":[{"name":"wp","href":"https:\/\/api.w.org\/{rel}","templated":true}]}}