{"id":7657,"date":"2014-04-14T14:34:17","date_gmt":"2014-04-14T12:34:17","guid":{"rendered":"http:\/\/www.carideal.com\/blog\/?p=7657"},"modified":"2023-08-26T12:04:57","modified_gmt":"2023-08-26T10:04:57","slug":"carburant-le85-ne-convainc-pas","status":"publish","type":"post","link":"https:\/\/www.carideal.com\/blog\/2014\/04\/14\/carburant-le85-ne-convainc-pas\/","title":{"rendered":"Carburant, l&rsquo;E85 ne convainc pas en 2013"},"content":{"rendered":"\n<h2 class=\"wp-block-heading\">Le Futur du Bio\u00e9thanol : L'Ascension du SP95-E10 et les D\u00e9fis du Super\u00e9thanol E85<\/h2>\n\n\n\n<p>Malgr\u00e9 le faible nombre de stations-service le distribuant, l'E85, <a href=\"http:\/\/www.carideal.com\/blog\/2012\/12\/19\/les-biocarburants\/\">biocarburant<\/a> \u00e0 base d'\u00e9thanol et d'essence, s'\u00e9tait distingu\u00e9 en 2012, avec <strong>une hausse de\u00a011,3 % par rapport \u00e0 2011<\/strong>, faisant de lui\u00a0la quatri\u00e8me solution carburant en France.<br><strong>Bouleversement complet en 2013<\/strong>, avec une d\u00e9gringolade quasi int\u00e9grale, suite \u00e0 l'<strong>arr\u00eat des ventes de mod\u00e8les E85<\/strong> dans quasiment toutes les marques, surtout celles du groupe <a href=\"http:\/\/www.carideal.com\/blog\/marque-de-voiture-actualites-essais\/renault\/\">Renault<\/a>, tant dominateur de ce micro-march\u00e9, gr\u00e2ce \u00e0 <a href=\"http:\/\/www.carideal.com\/blog\/marque-de-voiture-actualites-essais\/dacia\/\">Dacia<\/a>.<\/p>\n\n\n\n<h3 class=\"wp-block-heading\">L'essor du SP95-E10<\/h3>\n\n\n\n<p>La Collective du Bio\u00e9thanol a r\u00e9cemment c\u00e9l\u00e9br\u00e9 la progression des ventes du SP95-E10 et du super\u00e9thanol E85 en 2012. En effet, la consommation du SP95-E10, contenant jusqu'\u00e0 10% de bio\u00e9thanol, a augment\u00e9 de 35% l'an dernier, surpassant celle du SP98. Mais qu'est-ce qui explique cette tendance \u00e0 la hausse pour le SP95-E10 ?<\/p>\n\n\n\n<h3 class=\"wp-block-heading\">La hausse des stations-service proposant du SP95-E10 et la disparition du SP98<\/h3>\n\n\n<div class=\"wp-block-image\">\n<figure class=\"aligncenter size-full\"><a href=\"http:\/\/www.carideal.com\/blog\/wp-content\/uploads\/2023\/08\/vente-carburant-e85.png\"><img loading=\"lazy\" decoding=\"async\" width=\"500\" height=\"306\" src=\"http:\/\/www.carideal.com\/blog\/wp-content\/uploads\/2023\/08\/vente-carburant-e85.png\" alt=\"Augmentation des ventes de Biocarburant E85\" class=\"wp-image-27080\" srcset=\"https:\/\/www.carideal.com\/blog\/wp-content\/uploads\/2023\/08\/vente-carburant-e85.png 500w, https:\/\/www.carideal.com\/blog\/wp-content\/uploads\/2023\/08\/vente-carburant-e85-300x184.png 300w, https:\/\/www.carideal.com\/blog\/wp-content\/uploads\/2023\/08\/vente-carburant-e85-50x31.png 50w, https:\/\/www.carideal.com\/blog\/wp-content\/uploads\/2023\/08\/vente-carburant-e85-110x67.png 110w, https:\/\/www.carideal.com\/blog\/wp-content\/uploads\/2023\/08\/vente-carburant-e85-420x257.png 420w\" sizes=\"(max-width: 500px) 100vw, 500px\" \/><\/a><figcaption class=\"wp-element-caption\">Augmentation des ventes de Biocarburant E85<\/figcaption><\/figure><\/div>\n\n\n<p>Le SP95-E10 conna\u00eet un essor important gr\u00e2ce \u00e0 l'augmentation du nombre de stations-service proposant ce carburant. De plus, avec la disparition progressive du SP98, le SP95-E10 devient une alternative plus accessible et \u00e9conomique pour les automobilistes. Mais est-ce le seul facteur favorisant cette croissance ?<\/p>\n\n\n\n<h3 class=\"wp-block-heading\">Le parc compatible et le prix attractif du SP95-E10<\/h3>\n\n\n\n<p>Le parc compatible avec le SP95-E10 s'\u00e9tend \u00e9galement, rendant ce carburant adapt\u00e9 \u00e0 presque tous les v\u00e9hicules immatricul\u00e9s depuis 2000. En plus de cela, le SP95-E10 est moins cher que le SP95 d'environ 5 centimes, un argument financier qui joue en sa faveur. Mais qu'en est-il du E85, et comment se porte-t-il sur le march\u00e9 ?<\/p>\n\n\n\n<h3 class=\"wp-block-heading\">Le super\u00e9thanol E85, une progression moins assur\u00e9e<\/h3>\n\n\n\n<p>Malgr\u00e9 une augmentation de 41% de la consommation du super\u00e9thanol E85 en 2012, son avenir semble moins prometteur. En effet, la progression du E85 n'est pas due \u00e0 une am\u00e9lioration de sa capillarit\u00e9 sur le territoire fran\u00e7ais. Alors, quels sont les obstacles qui freinent son d\u00e9veloppement ?<\/p>\n\n\n\n<h2 class=\"wp-block-heading\">L'offre de v\u00e9hicules Flexfuel en p\u00e9ril<\/h2>\n\n\n<div class=\"wp-block-image\">\n<figure class=\"aligncenter size-full\"><a href=\"http:\/\/www.carideal.com\/blog\/wp-content\/uploads\/2023\/08\/marque-voiture-e85.png\"><img loading=\"lazy\" decoding=\"async\" width=\"500\" height=\"276\" src=\"http:\/\/www.carideal.com\/blog\/wp-content\/uploads\/2023\/08\/marque-voiture-e85.png\" alt=\"Marque de voiture proposant des moteurs Flexfuel\" class=\"wp-image-27081\" srcset=\"https:\/\/www.carideal.com\/blog\/wp-content\/uploads\/2023\/08\/marque-voiture-e85.png 500w, https:\/\/www.carideal.com\/blog\/wp-content\/uploads\/2023\/08\/marque-voiture-e85-300x166.png 300w, https:\/\/www.carideal.com\/blog\/wp-content\/uploads\/2023\/08\/marque-voiture-e85-50x28.png 50w, https:\/\/www.carideal.com\/blog\/wp-content\/uploads\/2023\/08\/marque-voiture-e85-110x61.png 110w, https:\/\/www.carideal.com\/blog\/wp-content\/uploads\/2023\/08\/marque-voiture-e85-420x232.png 420w, https:\/\/www.carideal.com\/blog\/wp-content\/uploads\/2023\/08\/marque-voiture-e85-248x138.png 248w\" sizes=\"(max-width: 500px) 100vw, 500px\" \/><\/a><figcaption class=\"wp-element-caption\">Marque de voiture proposant des moteurs Flexfuel<\/figcaption><\/figure><\/div>\n\n\n<p>Le nombre de v\u00e9hicules Flexfuel vendus a d\u00e9pass\u00e9 les 7 000 unit\u00e9s en 2012, soit une hausse de 12%. Cependant, <strong>depuis le 1er janvier 2013<\/strong>, l'offre de v\u00e9hicules disponibles est <strong>presque inexistante<\/strong>. Des constructeurs tels que <a href=\"http:\/\/www.carideal.com\/blog\/2011\/05\/15\/un-concessionnaire-chinois-sauvera-t-il-saab\/\">Saab<\/a>, Volvo et <a href=\"http:\/\/www.carideal.com\/blog\/marque-de-voiture-actualites-essais\/ford\/\">Ford<\/a> ont retir\u00e9 leurs voitures flexfuel de leur catalogue, et la baisse des immatriculations chez Dacia et Renault pourrait \u00e9galement porter pr\u00e9judice \u00e0 cette fili\u00e8re. Mais alors, y a-t-il encore de l'espoir pour le super\u00e9thanol E85 ?<\/p>\n\n\n\n<ul class=\"wp-block-list\">\n<li><a href=\"http:\/\/www.carideal.com\/blog\/2013\/12\/31\/les-francais-sont-pour-le-bioethanol\/\">les francais sont pour le bioethanol<\/a><\/li>\n\n\n\n<li><a href=\"http:\/\/www.carideal.com\/blog\/2012\/12\/13\/biocarburant-condamne\/\">Biocarburant condamn\u00e9<\/a><\/li>\n\n\n\n<li><a href=\"http:\/\/www.carideal.com\/blog\/2010\/05\/20\/biocarburant-oui-non-mais\/\">Biocarburant oui mais non<\/a><\/li>\n<\/ul>\n\n\n\n<h2 class=\"wp-block-heading\">Les mod\u00e8les restants et l'avenir du E85<\/h2>\n\n\n<div class=\"wp-block-image\">\n<figure class=\"aligncenter size-full\"><a href=\"http:\/\/www.carideal.com\/blog\/wp-content\/uploads\/2015\/11\/Jeep-Grand-Cherokee-E85-carideal-blog.jpg\"><img loading=\"lazy\" decoding=\"async\" width=\"379\" height=\"149\" src=\"http:\/\/www.carideal.com\/blog\/wp-content\/uploads\/2015\/11\/Jeep-Grand-Cherokee-E85-carideal-blog.jpg\" alt=\"Le Jeep Cherokee s'est illustr\u00e9 sur un march\u00e9 de l'E85 abandonn\u00e9 par tous les constructeurs.\" class=\"wp-image-7658\" srcset=\"https:\/\/www.carideal.com\/blog\/wp-content\/uploads\/2015\/11\/Jeep-Grand-Cherokee-E85-carideal-blog.jpg 379w, https:\/\/www.carideal.com\/blog\/wp-content\/uploads\/2015\/11\/Jeep-Grand-Cherokee-E85-carideal-blog-300x118.jpg 300w\" sizes=\"(max-width: 379px) 100vw, 379px\" \/><\/a><figcaption class=\"wp-element-caption\">Le Jeep Cherokee s'est illustr\u00e9 sur un march\u00e9 de l'E85 abandonn\u00e9 par tous les constructeurs.<\/figcaption><\/figure><\/div>\n\n\n<p>Il existe encore quelques mod\u00e8les carburant au E85, tels que le <a href=\"http:\/\/www.carideal.com\/blog\/2013\/06\/03\/jeep-grand-cherokee\/\">Jeep Grand Cherokee<\/a> et les <a href=\"http:\/\/www.carideal.com\/blog\/marque-de-voiture-actualites-essais\/bentley\/\">Bentley<\/a>, mais leur prix \u00e9lev\u00e9 les rend inaccessibles \u00e0 la majorit\u00e9 des automobilistes. De plus, quelques conducteurs ont \u00e9quip\u00e9 leur v\u00e9hicule d'un kit achet\u00e9 dans le commerce pour utiliser du E85. Cependant, cela ne suffit pas pour assurer un d\u00e9veloppement durable de cette fili\u00e8re. Alors, <strong>quel avenir pour le super\u00e9thanol E85<\/strong> ? Seul le temps nous le dira.<\/p>\n","protected":false},"excerpt":{"rendered":"<p>Le Futur du Bio\u00e9thanol : L&rsquo;Ascension du SP95-E10 et les D\u00e9fis du Super\u00e9thanol E85 Malgr\u00e9 le faible nombre de stations-service le distribuant, l&rsquo;E85, biocarburant \u00e0 base d&rsquo;\u00e9thanol et d&rsquo;essence, s&rsquo;\u00e9tait distingu\u00e9 en 2012, avec une hausse de\u00a011,3 % par rapport \u00e0 2011, faisant de lui\u00a0la quatri\u00e8me solution carburant en France.Bouleversement complet en 2013, avec une &#8230; <a title=\"Carburant, l&rsquo;E85 ne convainc pas en 2013\" class=\"read-more\" href=\"https:\/\/www.carideal.com\/blog\/2014\/04\/14\/carburant-le85-ne-convainc-pas\/\" aria-label=\"En savoir plus sur Carburant, l&rsquo;E85 ne convainc pas en 2013\">Lire plus<\/a><\/p>\n","protected":false},"author":3,"featured_media":27079,"comment_status":"open","ping_status":"open","sticky":false,"template":"","format":"standard","meta":{"_uag_custom_page_level_css":"","_themeisle_gutenberg_block_has_review":false,"footnotes":""},"categories":[14],"tags":[449],"class_list":["post-7657","post","type-post","status-publish","format-standard","has-post-thumbnail","hentry","category-prix-des-carburants","tag-bioethanol"],"wppr_data":{"cwp_meta_box_check":"No"},"yoast_head":"<!-- This site is optimized with the Yoast SEO plugin v24.8.1 - https:\/\/yoast.com\/wordpress\/plugins\/seo\/ -->\n<title>Carburant, l&#039;E85 ne convainc pas en 2013 - Blog auto Carid\u00e9al<\/title>\n<meta name=\"robots\" content=\"index, follow, max-snippet:-1, max-image-preview:large, max-video-preview:-1\" \/>\n<link rel=\"canonical\" href=\"https:\/\/www.carideal.com\/blog\/2014\/04\/14\/carburant-le85-ne-convainc-pas\/\" \/>\n<meta property=\"og:locale\" content=\"fr_FR\" \/>\n<meta property=\"og:type\" content=\"article\" \/>\n<meta property=\"og:title\" content=\"Carburant, l&#039;E85 ne convainc pas en 2013 - Blog auto Carid\u00e9al\" \/>\n<meta property=\"og:description\" content=\"Le Futur du Bio\u00e9thanol : L&#039;Ascension du SP95-E10 et les D\u00e9fis du Super\u00e9thanol E85 Malgr\u00e9 le faible nombre de stations-service le distribuant, l&#039;E85, biocarburant \u00e0 base d&#039;\u00e9thanol et d&#039;essence, s&#039;\u00e9tait distingu\u00e9 en 2012, avec une hausse de\u00a011,3 % par rapport \u00e0 2011, faisant de lui\u00a0la quatri\u00e8me solution carburant en France.Bouleversement complet en 2013, avec une ... Lire plus\" \/>\n<meta property=\"og:url\" content=\"https:\/\/www.carideal.com\/blog\/2014\/04\/14\/carburant-le85-ne-convainc-pas\/\" \/>\n<meta property=\"og:site_name\" content=\"Blog auto Carid\u00e9al\" \/>\n<meta property=\"article:publisher\" content=\"https:\/\/www.facebook.com\/Carideal.mandataire.automobile\" \/>\n<meta property=\"article:author\" content=\"https:\/\/www.facebook.com\/nicolas.schiavon.39\" \/>\n<meta property=\"article:published_time\" content=\"2014-04-14T12:34:17+00:00\" \/>\n<meta property=\"article:modified_time\" content=\"2023-08-26T10:04:57+00:00\" \/>\n<meta property=\"og:image\" content=\"https:\/\/www.carideal.com\/blog\/wp-content\/uploads\/2014\/04\/carburant-e85-ne-convainc-pas.jpg\" \/>\n\t<meta property=\"og:image:width\" content=\"500\" \/>\n\t<meta property=\"og:image:height\" content=\"333\" \/>\n\t<meta property=\"og:image:type\" content=\"image\/jpeg\" \/>\n<meta name=\"author\" content=\"Nicolas SCHIAVON\" \/>\n<meta name=\"twitter:card\" content=\"summary_large_image\" \/>\n<meta name=\"twitter:creator\" content=\"@caridealauto\" \/>\n<meta name=\"twitter:site\" content=\"@caridealauto\" \/>\n<meta name=\"twitter:label1\" content=\"\u00c9crit par\" \/>\n\t<meta name=\"twitter:data1\" content=\"Nicolas SCHIAVON\" \/>\n\t<meta name=\"twitter:label2\" content=\"Dur\u00e9e de lecture estim\u00e9e\" \/>\n\t<meta name=\"twitter:data2\" content=\"4 minutes\" \/>\n<script type=\"application\/ld+json\" class=\"yoast-schema-graph\">{\"@context\":\"https:\/\/schema.org\",\"@graph\":[{\"@type\":\"Article\",\"@id\":\"https:\/\/www.carideal.com\/blog\/2014\/04\/14\/carburant-le85-ne-convainc-pas\/#article\",\"isPartOf\":{\"@id\":\"https:\/\/www.carideal.com\/blog\/2014\/04\/14\/carburant-le85-ne-convainc-pas\/\"},\"author\":{\"name\":\"Nicolas SCHIAVON\",\"@id\":\"https:\/\/www.carideal.com\/blog\/#\/schema\/person\/cd95dc7919660de90d31b366f85be1ec\"},\"headline\":\"Carburant, l&rsquo;E85 ne convainc pas en 2013\",\"datePublished\":\"2014-04-14T12:34:17+00:00\",\"dateModified\":\"2023-08-26T10:04:57+00:00\",\"mainEntityOfPage\":{\"@id\":\"https:\/\/www.carideal.com\/blog\/2014\/04\/14\/carburant-le85-ne-convainc-pas\/\"},\"wordCount\":548,\"commentCount\":0,\"publisher\":{\"@id\":\"https:\/\/www.carideal.com\/blog\/#organization\"},\"image\":{\"@id\":\"https:\/\/www.carideal.com\/blog\/2014\/04\/14\/carburant-le85-ne-convainc-pas\/#primaryimage\"},\"thumbnailUrl\":\"https:\/\/www.carideal.com\/blog\/wp-content\/uploads\/2014\/04\/carburant-e85-ne-convainc-pas.jpg\",\"keywords\":[\"bio\u00e9thanol\"],\"articleSection\":[\"Prix des carburants\"],\"inLanguage\":\"fr-FR\",\"potentialAction\":[{\"@type\":\"CommentAction\",\"name\":\"Comment\",\"target\":[\"https:\/\/www.carideal.com\/blog\/2014\/04\/14\/carburant-le85-ne-convainc-pas\/#respond\"]}]},{\"@type\":\"WebPage\",\"@id\":\"https:\/\/www.carideal.com\/blog\/2014\/04\/14\/carburant-le85-ne-convainc-pas\/\",\"url\":\"https:\/\/www.carideal.com\/blog\/2014\/04\/14\/carburant-le85-ne-convainc-pas\/\",\"name\":\"Carburant, l'E85 ne convainc pas en 2013 - Blog auto Carid\u00e9al\",\"isPartOf\":{\"@id\":\"https:\/\/www.carideal.com\/blog\/#website\"},\"primaryImageOfPage\":{\"@id\":\"https:\/\/www.carideal.com\/blog\/2014\/04\/14\/carburant-le85-ne-convainc-pas\/#primaryimage\"},\"image\":{\"@id\":\"https:\/\/www.carideal.com\/blog\/2014\/04\/14\/carburant-le85-ne-convainc-pas\/#primaryimage\"},\"thumbnailUrl\":\"https:\/\/www.carideal.com\/blog\/wp-content\/uploads\/2014\/04\/carburant-e85-ne-convainc-pas.jpg\",\"datePublished\":\"2014-04-14T12:34:17+00:00\",\"dateModified\":\"2023-08-26T10:04:57+00:00\",\"breadcrumb\":{\"@id\":\"https:\/\/www.carideal.com\/blog\/2014\/04\/14\/carburant-le85-ne-convainc-pas\/#breadcrumb\"},\"inLanguage\":\"fr-FR\",\"potentialAction\":[{\"@type\":\"ReadAction\",\"target\":[\"https:\/\/www.carideal.com\/blog\/2014\/04\/14\/carburant-le85-ne-convainc-pas\/\"]}]},{\"@type\":\"ImageObject\",\"inLanguage\":\"fr-FR\",\"@id\":\"https:\/\/www.carideal.com\/blog\/2014\/04\/14\/carburant-le85-ne-convainc-pas\/#primaryimage\",\"url\":\"https:\/\/www.carideal.com\/blog\/wp-content\/uploads\/2014\/04\/carburant-e85-ne-convainc-pas.jpg\",\"contentUrl\":\"https:\/\/www.carideal.com\/blog\/wp-content\/uploads\/2014\/04\/carburant-e85-ne-convainc-pas.jpg\",\"width\":500,\"height\":333,\"caption\":\"Carburant, l'E85 ne convainc pas en 2013\"},{\"@type\":\"BreadcrumbList\",\"@id\":\"https:\/\/www.carideal.com\/blog\/2014\/04\/14\/carburant-le85-ne-convainc-pas\/#breadcrumb\",\"itemListElement\":[{\"@type\":\"ListItem\",\"position\":1,\"name\":\"Blog Carid\u00e9al\",\"item\":\"https:\/\/www.carideal.com\/blog\/\"},{\"@type\":\"ListItem\",\"position\":2,\"name\":\"Technologie Automobile\",\"item\":\"https:\/\/www.carideal.com\/blog\/technologie-2\/\"},{\"@type\":\"ListItem\",\"position\":3,\"name\":\"Prix des carburants\",\"item\":\"https:\/\/www.carideal.com\/blog\/technologie-2\/prix-des-carburants\/\"},{\"@type\":\"ListItem\",\"position\":4,\"name\":\"Carburant, l&rsquo;E85 ne convainc pas en 2013\"}]},{\"@type\":\"WebSite\",\"@id\":\"https:\/\/www.carideal.com\/blog\/#website\",\"url\":\"https:\/\/www.carideal.com\/blog\/\",\"name\":\"Blog auto Carid\u00e9al\",\"description\":\"Actualit\u00e9 auto par des passionn\u00e9s\",\"publisher\":{\"@id\":\"https:\/\/www.carideal.com\/blog\/#organization\"},\"potentialAction\":[{\"@type\":\"SearchAction\",\"target\":{\"@type\":\"EntryPoint\",\"urlTemplate\":\"https:\/\/www.carideal.com\/blog\/?s={search_term_string}\"},\"query-input\":{\"@type\":\"PropertyValueSpecification\",\"valueRequired\":true,\"valueName\":\"search_term_string\"}}],\"inLanguage\":\"fr-FR\"},{\"@type\":\"Organization\",\"@id\":\"https:\/\/www.carideal.com\/blog\/#organization\",\"name\":\"Carideal\",\"url\":\"https:\/\/www.carideal.com\/blog\/\",\"logo\":{\"@type\":\"ImageObject\",\"inLanguage\":\"fr-FR\",\"@id\":\"https:\/\/www.carideal.com\/blog\/#\/schema\/logo\/image\/\",\"url\":\"http:\/\/www.carideal.com\/blog\/wp-content\/uploads\/2016\/03\/logo-carideal-mandataire-automobile.png\",\"contentUrl\":\"http:\/\/www.carideal.com\/blog\/wp-content\/uploads\/2016\/03\/logo-carideal-mandataire-automobile.png\",\"width\":300,\"height\":300,\"caption\":\"Carideal\"},\"image\":{\"@id\":\"https:\/\/www.carideal.com\/blog\/#\/schema\/logo\/image\/\"},\"sameAs\":[\"https:\/\/www.facebook.com\/Carideal.mandataire.automobile\",\"https:\/\/x.com\/caridealauto\",\"https:\/\/www.instagram.com\/carideal1\/\",\"https:\/\/www.linkedin.com\/company\/carideal.com\",\"https:\/\/fr.pinterest.com\/schiavonsas\/\",\"https:\/\/www.youtube.com\/user\/caridealsas\"]},{\"@type\":\"Person\",\"@id\":\"https:\/\/www.carideal.com\/blog\/#\/schema\/person\/cd95dc7919660de90d31b366f85be1ec\",\"name\":\"Nicolas SCHIAVON\",\"image\":{\"@type\":\"ImageObject\",\"inLanguage\":\"fr-FR\",\"@id\":\"https:\/\/www.carideal.com\/blog\/#\/schema\/person\/image\/\",\"url\":\"https:\/\/secure.gravatar.com\/avatar\/c17e55009e671d92cc7f5dc837dc418a?s=96&r=g\",\"contentUrl\":\"https:\/\/secure.gravatar.com\/avatar\/c17e55009e671d92cc7f5dc837dc418a?s=96&r=g\",\"caption\":\"Nicolas SCHIAVON\"},\"description\":\"Nicolas Schiavon est tomb\u00e9 tout petit dans la marmite automobile. Ayant eu un garage de marque automobile, mandataire automobile de la premi\u00e8re heure d\u00e8s 1999. Nicolas a cr\u00e9\u00e9 ces premiers sites de vente de voiture et blog automobile d\u00e8s 1994. Carideal est n\u00e9 le 15 d\u00e9cembre 2000 de la volont\u00e9 de vendre des voitures d'occasions en ligne puis des voitures neuves. Il a pu essayer beaucoup de voitures tr\u00e8s diff\u00e9rentes et ayant eu personnellement quelques belles autos, Subaru Impreza, Mitsubishi Lancer Evo 7, Porsche 911, Ferrari Testarrossa, Audi RS3, RS4 et j'en passe...\",\"sameAs\":[\"http:\/\/www.carideal.com\",\"https:\/\/www.facebook.com\/nicolas.schiavon.39\",\"https:\/\/www.instagram.com\/carideal1\/\",\"https:\/\/www.linkedin.com\/in\/nschiavon\/\",\"https:\/\/x.com\/caridealauto\",\"https:\/\/www.youtube.com\/user\/caridealsas\/\"],\"url\":\"https:\/\/www.carideal.com\/blog\/author\/nschiavon\/\"}]}<\/script>\n<!-- \/ Yoast SEO plugin. -->","yoast_head_json":{"title":"Carburant, l'E85 ne convainc pas en 2013 - Blog auto Carid\u00e9al","robots":{"index":"index","follow":"follow","max-snippet":"max-snippet:-1","max-image-preview":"max-image-preview:large","max-video-preview":"max-video-preview:-1"},"canonical":"https:\/\/www.carideal.com\/blog\/2014\/04\/14\/carburant-le85-ne-convainc-pas\/","og_locale":"fr_FR","og_type":"article","og_title":"Carburant, l'E85 ne convainc pas en 2013 - Blog auto Carid\u00e9al","og_description":"Le Futur du Bio\u00e9thanol : L'Ascension du SP95-E10 et les D\u00e9fis du Super\u00e9thanol E85 Malgr\u00e9 le faible nombre de stations-service le distribuant, l'E85, biocarburant \u00e0 base d'\u00e9thanol et d'essence, s'\u00e9tait distingu\u00e9 en 2012, avec une hausse de\u00a011,3 % par rapport \u00e0 2011, faisant de lui\u00a0la quatri\u00e8me solution carburant en France.Bouleversement complet en 2013, avec une ... Lire plus","og_url":"https:\/\/www.carideal.com\/blog\/2014\/04\/14\/carburant-le85-ne-convainc-pas\/","og_site_name":"Blog auto Carid\u00e9al","article_publisher":"https:\/\/www.facebook.com\/Carideal.mandataire.automobile","article_author":"https:\/\/www.facebook.com\/nicolas.schiavon.39","article_published_time":"2014-04-14T12:34:17+00:00","article_modified_time":"2023-08-26T10:04:57+00:00","og_image":[{"width":500,"height":333,"url":"https:\/\/www.carideal.com\/blog\/wp-content\/uploads\/2014\/04\/carburant-e85-ne-convainc-pas.jpg","type":"image\/jpeg"}],"author":"Nicolas SCHIAVON","twitter_card":"summary_large_image","twitter_creator":"@caridealauto","twitter_site":"@caridealauto","twitter_misc":{"\u00c9crit par":"Nicolas SCHIAVON","Dur\u00e9e de lecture estim\u00e9e":"4 minutes"},"schema":{"@context":"https:\/\/schema.org","@graph":[{"@type":"Article","@id":"https:\/\/www.carideal.com\/blog\/2014\/04\/14\/carburant-le85-ne-convainc-pas\/#article","isPartOf":{"@id":"https:\/\/www.carideal.com\/blog\/2014\/04\/14\/carburant-le85-ne-convainc-pas\/"},"author":{"name":"Nicolas SCHIAVON","@id":"https:\/\/www.carideal.com\/blog\/#\/schema\/person\/cd95dc7919660de90d31b366f85be1ec"},"headline":"Carburant, l&rsquo;E85 ne convainc pas en 2013","datePublished":"2014-04-14T12:34:17+00:00","dateModified":"2023-08-26T10:04:57+00:00","mainEntityOfPage":{"@id":"https:\/\/www.carideal.com\/blog\/2014\/04\/14\/carburant-le85-ne-convainc-pas\/"},"wordCount":548,"commentCount":0,"publisher":{"@id":"https:\/\/www.carideal.com\/blog\/#organization"},"image":{"@id":"https:\/\/www.carideal.com\/blog\/2014\/04\/14\/carburant-le85-ne-convainc-pas\/#primaryimage"},"thumbnailUrl":"https:\/\/www.carideal.com\/blog\/wp-content\/uploads\/2014\/04\/carburant-e85-ne-convainc-pas.jpg","keywords":["bio\u00e9thanol"],"articleSection":["Prix des carburants"],"inLanguage":"fr-FR","potentialAction":[{"@type":"CommentAction","name":"Comment","target":["https:\/\/www.carideal.com\/blog\/2014\/04\/14\/carburant-le85-ne-convainc-pas\/#respond"]}]},{"@type":"WebPage","@id":"https:\/\/www.carideal.com\/blog\/2014\/04\/14\/carburant-le85-ne-convainc-pas\/","url":"https:\/\/www.carideal.com\/blog\/2014\/04\/14\/carburant-le85-ne-convainc-pas\/","name":"Carburant, l'E85 ne convainc pas en 2013 - Blog auto Carid\u00e9al","isPartOf":{"@id":"https:\/\/www.carideal.com\/blog\/#website"},"primaryImageOfPage":{"@id":"https:\/\/www.carideal.com\/blog\/2014\/04\/14\/carburant-le85-ne-convainc-pas\/#primaryimage"},"image":{"@id":"https:\/\/www.carideal.com\/blog\/2014\/04\/14\/carburant-le85-ne-convainc-pas\/#primaryimage"},"thumbnailUrl":"https:\/\/www.carideal.com\/blog\/wp-content\/uploads\/2014\/04\/carburant-e85-ne-convainc-pas.jpg","datePublished":"2014-04-14T12:34:17+00:00","dateModified":"2023-08-26T10:04:57+00:00","breadcrumb":{"@id":"https:\/\/www.carideal.com\/blog\/2014\/04\/14\/carburant-le85-ne-convainc-pas\/#breadcrumb"},"inLanguage":"fr-FR","potentialAction":[{"@type":"ReadAction","target":["https:\/\/www.carideal.com\/blog\/2014\/04\/14\/carburant-le85-ne-convainc-pas\/"]}]},{"@type":"ImageObject","inLanguage":"fr-FR","@id":"https:\/\/www.carideal.com\/blog\/2014\/04\/14\/carburant-le85-ne-convainc-pas\/#primaryimage","url":"https:\/\/www.carideal.com\/blog\/wp-content\/uploads\/2014\/04\/carburant-e85-ne-convainc-pas.jpg","contentUrl":"https:\/\/www.carideal.com\/blog\/wp-content\/uploads\/2014\/04\/carburant-e85-ne-convainc-pas.jpg","width":500,"height":333,"caption":"Carburant, l'E85 ne convainc pas en 2013"},{"@type":"BreadcrumbList","@id":"https:\/\/www.carideal.com\/blog\/2014\/04\/14\/carburant-le85-ne-convainc-pas\/#breadcrumb","itemListElement":[{"@type":"ListItem","position":1,"name":"Blog Carid\u00e9al","item":"https:\/\/www.carideal.com\/blog\/"},{"@type":"ListItem","position":2,"name":"Technologie Automobile","item":"https:\/\/www.carideal.com\/blog\/technologie-2\/"},{"@type":"ListItem","position":3,"name":"Prix des carburants","item":"https:\/\/www.carideal.com\/blog\/technologie-2\/prix-des-carburants\/"},{"@type":"ListItem","position":4,"name":"Carburant, l&rsquo;E85 ne convainc pas en 2013"}]},{"@type":"WebSite","@id":"https:\/\/www.carideal.com\/blog\/#website","url":"https:\/\/www.carideal.com\/blog\/","name":"Blog auto Carid\u00e9al","description":"Actualit\u00e9 auto par des passionn\u00e9s","publisher":{"@id":"https:\/\/www.carideal.com\/blog\/#organization"},"potentialAction":[{"@type":"SearchAction","target":{"@type":"EntryPoint","urlTemplate":"https:\/\/www.carideal.com\/blog\/?s={search_term_string}"},"query-input":{"@type":"PropertyValueSpecification","valueRequired":true,"valueName":"search_term_string"}}],"inLanguage":"fr-FR"},{"@type":"Organization","@id":"https:\/\/www.carideal.com\/blog\/#organization","name":"Carideal","url":"https:\/\/www.carideal.com\/blog\/","logo":{"@type":"ImageObject","inLanguage":"fr-FR","@id":"https:\/\/www.carideal.com\/blog\/#\/schema\/logo\/image\/","url":"http:\/\/www.carideal.com\/blog\/wp-content\/uploads\/2016\/03\/logo-carideal-mandataire-automobile.png","contentUrl":"http:\/\/www.carideal.com\/blog\/wp-content\/uploads\/2016\/03\/logo-carideal-mandataire-automobile.png","width":300,"height":300,"caption":"Carideal"},"image":{"@id":"https:\/\/www.carideal.com\/blog\/#\/schema\/logo\/image\/"},"sameAs":["https:\/\/www.facebook.com\/Carideal.mandataire.automobile","https:\/\/x.com\/caridealauto","https:\/\/www.instagram.com\/carideal1\/","https:\/\/www.linkedin.com\/company\/carideal.com","https:\/\/fr.pinterest.com\/schiavonsas\/","https:\/\/www.youtube.com\/user\/caridealsas"]},{"@type":"Person","@id":"https:\/\/www.carideal.com\/blog\/#\/schema\/person\/cd95dc7919660de90d31b366f85be1ec","name":"Nicolas SCHIAVON","image":{"@type":"ImageObject","inLanguage":"fr-FR","@id":"https:\/\/www.carideal.com\/blog\/#\/schema\/person\/image\/","url":"https:\/\/secure.gravatar.com\/avatar\/c17e55009e671d92cc7f5dc837dc418a?s=96&r=g","contentUrl":"https:\/\/secure.gravatar.com\/avatar\/c17e55009e671d92cc7f5dc837dc418a?s=96&r=g","caption":"Nicolas SCHIAVON"},"description":"Nicolas Schiavon est tomb\u00e9 tout petit dans la marmite automobile. Ayant eu un garage de marque automobile, mandataire automobile de la premi\u00e8re heure d\u00e8s 1999. Nicolas a cr\u00e9\u00e9 ces premiers sites de vente de voiture et blog automobile d\u00e8s 1994. Carideal est n\u00e9 le 15 d\u00e9cembre 2000 de la volont\u00e9 de vendre des voitures d'occasions en ligne puis des voitures neuves. Il a pu essayer beaucoup de voitures tr\u00e8s diff\u00e9rentes et ayant eu personnellement quelques belles autos, Subaru Impreza, Mitsubishi Lancer Evo 7, Porsche 911, Ferrari Testarrossa, Audi RS3, RS4 et j'en passe...","sameAs":["http:\/\/www.carideal.com","https:\/\/www.facebook.com\/nicolas.schiavon.39","https:\/\/www.instagram.com\/carideal1\/","https:\/\/www.linkedin.com\/in\/nschiavon\/","https:\/\/x.com\/caridealauto","https:\/\/www.youtube.com\/user\/caridealsas\/"],"url":"https:\/\/www.carideal.com\/blog\/author\/nschiavon\/"}]}},"uagb_featured_image_src":{"full":["https:\/\/www.carideal.com\/blog\/wp-content\/uploads\/2014\/04\/carburant-e85-ne-convainc-pas.jpg",500,333,false],"thumbnail":["https:\/\/www.carideal.com\/blog\/wp-content\/uploads\/2014\/04\/carburant-e85-ne-convainc-pas-150x150.jpg",150,150,true],"medium":["https:\/\/www.carideal.com\/blog\/wp-content\/uploads\/2014\/04\/carburant-e85-ne-convainc-pas-300x200.jpg",300,200,true],"medium_large":["https:\/\/www.carideal.com\/blog\/wp-content\/uploads\/2014\/04\/carburant-e85-ne-convainc-pas.jpg",500,333,false],"large":["https:\/\/www.carideal.com\/blog\/wp-content\/uploads\/2014\/04\/carburant-e85-ne-convainc-pas.jpg",500,333,false],"1536x1536":["https:\/\/www.carideal.com\/blog\/wp-content\/uploads\/2014\/04\/carburant-e85-ne-convainc-pas.jpg",500,333,false],"2048x2048":["https:\/\/www.carideal.com\/blog\/wp-content\/uploads\/2014\/04\/carburant-e85-ne-convainc-pas.jpg",500,333,false],"wppr-widget":["https:\/\/www.carideal.com\/blog\/wp-content\/uploads\/2014\/04\/carburant-e85-ne-convainc-pas-50x33.jpg",50,33,true]},"uagb_author_info":{"display_name":"Nicolas SCHIAVON","author_link":"https:\/\/www.carideal.com\/blog\/author\/nschiavon\/"},"uagb_comment_info":0,"uagb_excerpt":"Le Futur du Bio\u00e9thanol : L'Ascension du SP95-E10 et les D\u00e9fis du Super\u00e9thanol E85 Malgr\u00e9 le faible nombre de stations-service le distribuant, l'E85, biocarburant \u00e0 base d'\u00e9thanol et d'essence, s'\u00e9tait distingu\u00e9 en 2012, avec une hausse de\u00a011,3 % par rapport \u00e0 2011, faisant de lui\u00a0la quatri\u00e8me solution carburant en France.Bouleversement complet en 2013, avec une\u2026","_links":{"self":[{"href":"https:\/\/www.carideal.com\/blog\/wp-json\/wp\/v2\/posts\/7657"}],"collection":[{"href":"https:\/\/www.carideal.com\/blog\/wp-json\/wp\/v2\/posts"}],"about":[{"href":"https:\/\/www.carideal.com\/blog\/wp-json\/wp\/v2\/types\/post"}],"author":[{"embeddable":true,"href":"https:\/\/www.carideal.com\/blog\/wp-json\/wp\/v2\/users\/3"}],"replies":[{"embeddable":true,"href":"https:\/\/www.carideal.com\/blog\/wp-json\/wp\/v2\/comments?post=7657"}],"version-history":[{"count":0,"href":"https:\/\/www.carideal.com\/blog\/wp-json\/wp\/v2\/posts\/7657\/revisions"}],"wp:featuredmedia":[{"embeddable":true,"href":"https:\/\/www.carideal.com\/blog\/wp-json\/wp\/v2\/media\/27079"}],"wp:attachment":[{"href":"https:\/\/www.carideal.com\/blog\/wp-json\/wp\/v2\/media?parent=7657"}],"wp:term":[{"taxonomy":"category","embeddable":true,"href":"https:\/\/www.carideal.com\/blog\/wp-json\/wp\/v2\/categories?post=7657"},{"taxonomy":"post_tag","embeddable":true,"href":"https:\/\/www.carideal.com\/blog\/wp-json\/wp\/v2\/tags?post=7657"}],"curies":[{"name":"wp","href":"https:\/\/api.w.org\/{rel}","templated":true}]}}