{"id":763,"date":"2010-03-31T21:41:00","date_gmt":"2010-03-31T21:41:00","guid":{"rendered":"http:\/\/carideal.com\/blog\/?p=763"},"modified":"2016-11-13T16:54:17","modified_gmt":"2016-11-13T15:54:17","slug":"alfa-romeo-mito-1-4-tb-multiair-quadrifoglio-verde","status":"publish","type":"post","link":"https:\/\/www.carideal.com\/blog\/2010\/03\/31\/alfa-romeo-mito-1-4-tb-multiair-quadrifoglio-verde\/","title":{"rendered":"Alfa Romeo Mito 1.4 TB multiair quadrifoglio verde"},"content":{"rendered":"<h1><strong>Alfa Romeo Mito 1.4 TB multiair quadrifoglio verde<\/strong><\/h1>\n<p>Le petit moteur Alfa Romeo, dans sa d\u00e9clinaison ultime quadrifoglio Verde, peut pr\u00e9tendre faire partie des moteurs d'exception. Dop\u00e9e par un turbo et canalis\u00e9 par le syst\u00e8me <a href=\"\/blog\/index.php?tag\/multiAir\">multiAir<\/a> de gestion \u00e9lectrohydraulique des soupapes d'admission, la puissance d\u00e9ferle \u00e0 partir de 2000 tr\/min et semble in\u00e9puisable au fur et \u00e0 mesure que l'on monte les rapports.<br \/>\n<strong>Place au sport<\/strong><br \/>\nla boite de vitesse en compte bien six, bien \u00e9tag\u00e9s et s\u00e9lectionn\u00e9s par une commande pr\u00e9cise et rapide. Les performances suivent, mais preuve du rendement exceptionnel de ce moteur, consommation reste mod\u00e9r\u00e9e et les chiffres des \u00e9missions de CO2 sont \u00e9quivalents \u00e0 ceux du 1.4 de ...78 ch !<br \/>\nAu syst\u00e8me MultiAir qui optimise le remplissage des cylindres, Alfa Rom\u00e9o ajoute un start and stop qui coupe automatiquement le moteur lors des arr\u00eats et limite la consommation en ville.<br \/>\nPour accompagner ce groupe motopropulseur exceptionnel, on retrouve le dispositif <a href=\"\/blog\/index.php?tag\/DNA\">DNA<\/a> qui interconnecte moteur, suspension et direction pour une conduite sport ou paisible. En d\u00e9finition standard avec jantes de 17 pouces, l'Alfa Romeo Mito Quadrifoglio Verde se r\u00e9v\u00e8le un mod\u00e8le de pr\u00e9cision et d'agr\u00e9ment, sans jamais oublier le confort.<br \/>\nseul point noir, la visibilit\u00e9 est r\u00e9duite \u00e0 l'avant par les montants de pare-brise et tellement m\u00e9diocre vers l'arri\u00e8re qu'elle rend tr\u00e8s difficiles les manoeuvres de stationnements. A part l'absence de poign\u00e9e de maintien, de r\u00e9gulateur de vitesse, option \u00e0 250 \u20ac et ce faux carbone \u00e9trangement mou au toucher en regard du plastique dur qui l'entoure, l'\u00e9quipement de cette version est complet avec sept airbags, climatisation, anti-d\u00e9rapage ESp et aide au d\u00e9marrage en cote.<\/p>\n","protected":false},"excerpt":{"rendered":"<p>Alfa Romeo Mito 1.4 TB multiair quadrifoglio verde Le petit moteur Alfa Romeo, dans sa d\u00e9clinaison ultime quadrifoglio Verde, peut pr\u00e9tendre faire partie des moteurs d&rsquo;exception. Dop\u00e9e par un turbo et canalis\u00e9 par le syst\u00e8me multiAir de gestion \u00e9lectrohydraulique des soupapes d&rsquo;admission, la puissance d\u00e9ferle \u00e0 partir de 2000 tr\/min et semble in\u00e9puisable au fur &#8230; <a title=\"Alfa Romeo Mito 1.4 TB multiair quadrifoglio verde\" class=\"read-more\" href=\"https:\/\/www.carideal.com\/blog\/2010\/03\/31\/alfa-romeo-mito-1-4-tb-multiair-quadrifoglio-verde\/\" aria-label=\"En savoir plus sur Alfa Romeo Mito 1.4 TB multiair quadrifoglio verde\">Lire plus<\/a><\/p>\n","protected":false},"author":1,"featured_media":0,"comment_status":"open","ping_status":"open","sticky":false,"template":"","format":"standard","meta":{"_uag_custom_page_level_css":"","_themeisle_gutenberg_block_has_review":false,"footnotes":""},"categories":[6058,5944,6012,6174,5947,10,5974],"tags":[],"class_list":["post-763","post","type-post","status-publish","format-standard","hentry","category-alfra-romeo","category-constructeur","category-berlines","category-essais-alfa-romeo","category-essai","category-marche-automobile-voiture-neuve-occasion-4x4-suv","category-type-de-vehicule"],"wppr_data":{"cwp_meta_box_check":"No"},"yoast_head":"<!-- This site is optimized with the Yoast SEO plugin v24.8.1 - https:\/\/yoast.com\/wordpress\/plugins\/seo\/ -->\n<title>Alfa Romeo Mito 1.4 TB multiair quadrifoglio verde - Blog auto Carid\u00e9al<\/title>\n<meta name=\"robots\" content=\"index, follow, max-snippet:-1, max-image-preview:large, max-video-preview:-1\" \/>\n<link rel=\"canonical\" href=\"https:\/\/www.carideal.com\/blog\/2010\/03\/31\/alfa-romeo-mito-1-4-tb-multiair-quadrifoglio-verde\/\" \/>\n<meta property=\"og:locale\" content=\"fr_FR\" \/>\n<meta property=\"og:type\" content=\"article\" \/>\n<meta property=\"og:title\" content=\"Alfa Romeo Mito 1.4 TB multiair quadrifoglio verde - Blog auto Carid\u00e9al\" \/>\n<meta property=\"og:description\" content=\"Alfa Romeo Mito 1.4 TB multiair quadrifoglio verde Le petit moteur Alfa Romeo, dans sa d\u00e9clinaison ultime quadrifoglio Verde, peut pr\u00e9tendre faire partie des moteurs d&#039;exception. Dop\u00e9e par un turbo et canalis\u00e9 par le syst\u00e8me multiAir de gestion \u00e9lectrohydraulique des soupapes d&#039;admission, la puissance d\u00e9ferle \u00e0 partir de 2000 tr\/min et semble in\u00e9puisable au fur ... Lire plus\" \/>\n<meta property=\"og:url\" content=\"https:\/\/www.carideal.com\/blog\/2010\/03\/31\/alfa-romeo-mito-1-4-tb-multiair-quadrifoglio-verde\/\" \/>\n<meta property=\"og:site_name\" content=\"Blog auto Carid\u00e9al\" \/>\n<meta property=\"article:publisher\" content=\"https:\/\/www.facebook.com\/Carideal.mandataire.automobile\" \/>\n<meta property=\"article:author\" content=\"https:\/\/www.facebook.com\/Carideal.mandataire.automobile\/\" \/>\n<meta property=\"article:published_time\" content=\"2010-03-31T21:41:00+00:00\" \/>\n<meta property=\"article:modified_time\" content=\"2016-11-13T15:54:17+00:00\" \/>\n<meta property=\"og:image\" content=\"https:\/\/www.carideal.com\/blog\/wp-content\/uploads\/2016\/03\/logo-carideal-mandataire-automobile.png\" \/>\n\t<meta property=\"og:image:width\" content=\"300\" \/>\n\t<meta property=\"og:image:height\" content=\"300\" \/>\n\t<meta property=\"og:image:type\" content=\"image\/png\" \/>\n<meta name=\"author\" content=\"N.S Carideal\" \/>\n<meta name=\"twitter:card\" content=\"summary_large_image\" \/>\n<meta name=\"twitter:creator\" content=\"@caridealauto\" \/>\n<meta name=\"twitter:site\" content=\"@caridealauto\" \/>\n<meta name=\"twitter:label1\" content=\"\u00c9crit par\" \/>\n\t<meta name=\"twitter:data1\" content=\"N.S Carideal\" \/>\n\t<meta name=\"twitter:label2\" content=\"Dur\u00e9e de lecture estim\u00e9e\" \/>\n\t<meta name=\"twitter:data2\" content=\"1 minute\" \/>\n<script type=\"application\/ld+json\" class=\"yoast-schema-graph\">{\"@context\":\"https:\/\/schema.org\",\"@graph\":[{\"@type\":\"Article\",\"@id\":\"https:\/\/www.carideal.com\/blog\/2010\/03\/31\/alfa-romeo-mito-1-4-tb-multiair-quadrifoglio-verde\/#article\",\"isPartOf\":{\"@id\":\"https:\/\/www.carideal.com\/blog\/2010\/03\/31\/alfa-romeo-mito-1-4-tb-multiair-quadrifoglio-verde\/\"},\"author\":{\"name\":\"N.S Carideal\",\"@id\":\"https:\/\/www.carideal.com\/blog\/#\/schema\/person\/985c7e757d1042d647f21bfaf8d41ebc\"},\"headline\":\"Alfa Romeo Mito 1.4 TB multiair quadrifoglio verde\",\"datePublished\":\"2010-03-31T21:41:00+00:00\",\"dateModified\":\"2016-11-13T15:54:17+00:00\",\"mainEntityOfPage\":{\"@id\":\"https:\/\/www.carideal.com\/blog\/2010\/03\/31\/alfa-romeo-mito-1-4-tb-multiair-quadrifoglio-verde\/\"},\"wordCount\":294,\"commentCount\":0,\"publisher\":{\"@id\":\"https:\/\/www.carideal.com\/blog\/#organization\"},\"articleSection\":[\"Actualit\u00e9 Alfa Romeo\",\"Actualit\u00e9 Constructeur automobile\",\"Berlines\",\"Essais Alfa Romeo\",\"Essais automobile\",\"March\u00e9 automobile\",\"Type de v\u00e9hicule\"],\"inLanguage\":\"fr-FR\",\"potentialAction\":[{\"@type\":\"CommentAction\",\"name\":\"Comment\",\"target\":[\"https:\/\/www.carideal.com\/blog\/2010\/03\/31\/alfa-romeo-mito-1-4-tb-multiair-quadrifoglio-verde\/#respond\"]}]},{\"@type\":\"WebPage\",\"@id\":\"https:\/\/www.carideal.com\/blog\/2010\/03\/31\/alfa-romeo-mito-1-4-tb-multiair-quadrifoglio-verde\/\",\"url\":\"https:\/\/www.carideal.com\/blog\/2010\/03\/31\/alfa-romeo-mito-1-4-tb-multiair-quadrifoglio-verde\/\",\"name\":\"Alfa Romeo Mito 1.4 TB multiair quadrifoglio verde - Blog auto Carid\u00e9al\",\"isPartOf\":{\"@id\":\"https:\/\/www.carideal.com\/blog\/#website\"},\"datePublished\":\"2010-03-31T21:41:00+00:00\",\"dateModified\":\"2016-11-13T15:54:17+00:00\",\"breadcrumb\":{\"@id\":\"https:\/\/www.carideal.com\/blog\/2010\/03\/31\/alfa-romeo-mito-1-4-tb-multiair-quadrifoglio-verde\/#breadcrumb\"},\"inLanguage\":\"fr-FR\",\"potentialAction\":[{\"@type\":\"ReadAction\",\"target\":[\"https:\/\/www.carideal.com\/blog\/2010\/03\/31\/alfa-romeo-mito-1-4-tb-multiair-quadrifoglio-verde\/\"]}]},{\"@type\":\"BreadcrumbList\",\"@id\":\"https:\/\/www.carideal.com\/blog\/2010\/03\/31\/alfa-romeo-mito-1-4-tb-multiair-quadrifoglio-verde\/#breadcrumb\",\"itemListElement\":[{\"@type\":\"ListItem\",\"position\":1,\"name\":\"Blog Carid\u00e9al\",\"item\":\"https:\/\/www.carideal.com\/blog\/\"},{\"@type\":\"ListItem\",\"position\":2,\"name\":\"March\u00e9 automobile\",\"item\":\"https:\/\/www.carideal.com\/blog\/marche-automobile-voiture-neuve-occasion-4x4-suv\/\"},{\"@type\":\"ListItem\",\"position\":3,\"name\":\"Alfa Romeo Mito 1.4 TB multiair quadrifoglio verde\"}]},{\"@type\":\"WebSite\",\"@id\":\"https:\/\/www.carideal.com\/blog\/#website\",\"url\":\"https:\/\/www.carideal.com\/blog\/\",\"name\":\"Blog auto Carid\u00e9al\",\"description\":\"Actualit\u00e9 auto par des passionn\u00e9s\",\"publisher\":{\"@id\":\"https:\/\/www.carideal.com\/blog\/#organization\"},\"potentialAction\":[{\"@type\":\"SearchAction\",\"target\":{\"@type\":\"EntryPoint\",\"urlTemplate\":\"https:\/\/www.carideal.com\/blog\/?s={search_term_string}\"},\"query-input\":{\"@type\":\"PropertyValueSpecification\",\"valueRequired\":true,\"valueName\":\"search_term_string\"}}],\"inLanguage\":\"fr-FR\"},{\"@type\":\"Organization\",\"@id\":\"https:\/\/www.carideal.com\/blog\/#organization\",\"name\":\"Carideal\",\"url\":\"https:\/\/www.carideal.com\/blog\/\",\"logo\":{\"@type\":\"ImageObject\",\"inLanguage\":\"fr-FR\",\"@id\":\"https:\/\/www.carideal.com\/blog\/#\/schema\/logo\/image\/\",\"url\":\"http:\/\/www.carideal.com\/blog\/wp-content\/uploads\/2016\/03\/logo-carideal-mandataire-automobile.png\",\"contentUrl\":\"http:\/\/www.carideal.com\/blog\/wp-content\/uploads\/2016\/03\/logo-carideal-mandataire-automobile.png\",\"width\":300,\"height\":300,\"caption\":\"Carideal\"},\"image\":{\"@id\":\"https:\/\/www.carideal.com\/blog\/#\/schema\/logo\/image\/\"},\"sameAs\":[\"https:\/\/www.facebook.com\/Carideal.mandataire.automobile\",\"https:\/\/x.com\/caridealauto\",\"https:\/\/www.instagram.com\/carideal1\/\",\"https:\/\/www.linkedin.com\/company\/carideal.com\",\"https:\/\/fr.pinterest.com\/schiavonsas\/\",\"https:\/\/www.youtube.com\/user\/caridealsas\"]},{\"@type\":\"Person\",\"@id\":\"https:\/\/www.carideal.com\/blog\/#\/schema\/person\/985c7e757d1042d647f21bfaf8d41ebc\",\"name\":\"N.S Carideal\",\"image\":{\"@type\":\"ImageObject\",\"inLanguage\":\"fr-FR\",\"@id\":\"https:\/\/www.carideal.com\/blog\/#\/schema\/person\/image\/\",\"url\":\"https:\/\/secure.gravatar.com\/avatar\/edb7ccdf1a4e3d14aef967760d354d0e?s=96&r=g\",\"contentUrl\":\"https:\/\/secure.gravatar.com\/avatar\/edb7ccdf1a4e3d14aef967760d354d0e?s=96&r=g\",\"caption\":\"N.S Carideal\"},\"description\":\"Depuis tout petit fan d'automobile. Il est question d'essayer et de comparer toutes ces voitures qui nous ont fait r\u00e9ver, avant que celles-ci ne devient uniquement des voitures de collection.\",\"sameAs\":[\"http:\/\/www.carideal.com\/blog\",\"https:\/\/www.facebook.com\/Carideal.mandataire.automobile\/\",\"https:\/\/www.linkedin.com\/in\/nschiavon\/\",\"https:\/\/www.youtube.com\/user\/caridealsas\/\"],\"url\":\"https:\/\/www.carideal.com\/blog\/author\/admin_carideal\/\"}]}<\/script>\n<!-- \/ Yoast SEO plugin. -->","yoast_head_json":{"title":"Alfa Romeo Mito 1.4 TB multiair quadrifoglio verde - Blog auto Carid\u00e9al","robots":{"index":"index","follow":"follow","max-snippet":"max-snippet:-1","max-image-preview":"max-image-preview:large","max-video-preview":"max-video-preview:-1"},"canonical":"https:\/\/www.carideal.com\/blog\/2010\/03\/31\/alfa-romeo-mito-1-4-tb-multiair-quadrifoglio-verde\/","og_locale":"fr_FR","og_type":"article","og_title":"Alfa Romeo Mito 1.4 TB multiair quadrifoglio verde - Blog auto Carid\u00e9al","og_description":"Alfa Romeo Mito 1.4 TB multiair quadrifoglio verde Le petit moteur Alfa Romeo, dans sa d\u00e9clinaison ultime quadrifoglio Verde, peut pr\u00e9tendre faire partie des moteurs d'exception. Dop\u00e9e par un turbo et canalis\u00e9 par le syst\u00e8me multiAir de gestion \u00e9lectrohydraulique des soupapes d'admission, la puissance d\u00e9ferle \u00e0 partir de 2000 tr\/min et semble in\u00e9puisable au fur ... Lire plus","og_url":"https:\/\/www.carideal.com\/blog\/2010\/03\/31\/alfa-romeo-mito-1-4-tb-multiair-quadrifoglio-verde\/","og_site_name":"Blog auto Carid\u00e9al","article_publisher":"https:\/\/www.facebook.com\/Carideal.mandataire.automobile","article_author":"https:\/\/www.facebook.com\/Carideal.mandataire.automobile\/","article_published_time":"2010-03-31T21:41:00+00:00","article_modified_time":"2016-11-13T15:54:17+00:00","og_image":[{"width":300,"height":300,"url":"https:\/\/www.carideal.com\/blog\/wp-content\/uploads\/2016\/03\/logo-carideal-mandataire-automobile.png","type":"image\/png"}],"author":"N.S Carideal","twitter_card":"summary_large_image","twitter_creator":"@caridealauto","twitter_site":"@caridealauto","twitter_misc":{"\u00c9crit par":"N.S Carideal","Dur\u00e9e de lecture estim\u00e9e":"1 minute"},"schema":{"@context":"https:\/\/schema.org","@graph":[{"@type":"Article","@id":"https:\/\/www.carideal.com\/blog\/2010\/03\/31\/alfa-romeo-mito-1-4-tb-multiair-quadrifoglio-verde\/#article","isPartOf":{"@id":"https:\/\/www.carideal.com\/blog\/2010\/03\/31\/alfa-romeo-mito-1-4-tb-multiair-quadrifoglio-verde\/"},"author":{"name":"N.S Carideal","@id":"https:\/\/www.carideal.com\/blog\/#\/schema\/person\/985c7e757d1042d647f21bfaf8d41ebc"},"headline":"Alfa Romeo Mito 1.4 TB multiair quadrifoglio verde","datePublished":"2010-03-31T21:41:00+00:00","dateModified":"2016-11-13T15:54:17+00:00","mainEntityOfPage":{"@id":"https:\/\/www.carideal.com\/blog\/2010\/03\/31\/alfa-romeo-mito-1-4-tb-multiair-quadrifoglio-verde\/"},"wordCount":294,"commentCount":0,"publisher":{"@id":"https:\/\/www.carideal.com\/blog\/#organization"},"articleSection":["Actualit\u00e9 Alfa Romeo","Actualit\u00e9 Constructeur automobile","Berlines","Essais Alfa Romeo","Essais automobile","March\u00e9 automobile","Type de v\u00e9hicule"],"inLanguage":"fr-FR","potentialAction":[{"@type":"CommentAction","name":"Comment","target":["https:\/\/www.carideal.com\/blog\/2010\/03\/31\/alfa-romeo-mito-1-4-tb-multiair-quadrifoglio-verde\/#respond"]}]},{"@type":"WebPage","@id":"https:\/\/www.carideal.com\/blog\/2010\/03\/31\/alfa-romeo-mito-1-4-tb-multiair-quadrifoglio-verde\/","url":"https:\/\/www.carideal.com\/blog\/2010\/03\/31\/alfa-romeo-mito-1-4-tb-multiair-quadrifoglio-verde\/","name":"Alfa Romeo Mito 1.4 TB multiair quadrifoglio verde - Blog auto Carid\u00e9al","isPartOf":{"@id":"https:\/\/www.carideal.com\/blog\/#website"},"datePublished":"2010-03-31T21:41:00+00:00","dateModified":"2016-11-13T15:54:17+00:00","breadcrumb":{"@id":"https:\/\/www.carideal.com\/blog\/2010\/03\/31\/alfa-romeo-mito-1-4-tb-multiair-quadrifoglio-verde\/#breadcrumb"},"inLanguage":"fr-FR","potentialAction":[{"@type":"ReadAction","target":["https:\/\/www.carideal.com\/blog\/2010\/03\/31\/alfa-romeo-mito-1-4-tb-multiair-quadrifoglio-verde\/"]}]},{"@type":"BreadcrumbList","@id":"https:\/\/www.carideal.com\/blog\/2010\/03\/31\/alfa-romeo-mito-1-4-tb-multiair-quadrifoglio-verde\/#breadcrumb","itemListElement":[{"@type":"ListItem","position":1,"name":"Blog Carid\u00e9al","item":"https:\/\/www.carideal.com\/blog\/"},{"@type":"ListItem","position":2,"name":"March\u00e9 automobile","item":"https:\/\/www.carideal.com\/blog\/marche-automobile-voiture-neuve-occasion-4x4-suv\/"},{"@type":"ListItem","position":3,"name":"Alfa Romeo Mito 1.4 TB multiair quadrifoglio verde"}]},{"@type":"WebSite","@id":"https:\/\/www.carideal.com\/blog\/#website","url":"https:\/\/www.carideal.com\/blog\/","name":"Blog auto Carid\u00e9al","description":"Actualit\u00e9 auto par des passionn\u00e9s","publisher":{"@id":"https:\/\/www.carideal.com\/blog\/#organization"},"potentialAction":[{"@type":"SearchAction","target":{"@type":"EntryPoint","urlTemplate":"https:\/\/www.carideal.com\/blog\/?s={search_term_string}"},"query-input":{"@type":"PropertyValueSpecification","valueRequired":true,"valueName":"search_term_string"}}],"inLanguage":"fr-FR"},{"@type":"Organization","@id":"https:\/\/www.carideal.com\/blog\/#organization","name":"Carideal","url":"https:\/\/www.carideal.com\/blog\/","logo":{"@type":"ImageObject","inLanguage":"fr-FR","@id":"https:\/\/www.carideal.com\/blog\/#\/schema\/logo\/image\/","url":"http:\/\/www.carideal.com\/blog\/wp-content\/uploads\/2016\/03\/logo-carideal-mandataire-automobile.png","contentUrl":"http:\/\/www.carideal.com\/blog\/wp-content\/uploads\/2016\/03\/logo-carideal-mandataire-automobile.png","width":300,"height":300,"caption":"Carideal"},"image":{"@id":"https:\/\/www.carideal.com\/blog\/#\/schema\/logo\/image\/"},"sameAs":["https:\/\/www.facebook.com\/Carideal.mandataire.automobile","https:\/\/x.com\/caridealauto","https:\/\/www.instagram.com\/carideal1\/","https:\/\/www.linkedin.com\/company\/carideal.com","https:\/\/fr.pinterest.com\/schiavonsas\/","https:\/\/www.youtube.com\/user\/caridealsas"]},{"@type":"Person","@id":"https:\/\/www.carideal.com\/blog\/#\/schema\/person\/985c7e757d1042d647f21bfaf8d41ebc","name":"N.S Carideal","image":{"@type":"ImageObject","inLanguage":"fr-FR","@id":"https:\/\/www.carideal.com\/blog\/#\/schema\/person\/image\/","url":"https:\/\/secure.gravatar.com\/avatar\/edb7ccdf1a4e3d14aef967760d354d0e?s=96&r=g","contentUrl":"https:\/\/secure.gravatar.com\/avatar\/edb7ccdf1a4e3d14aef967760d354d0e?s=96&r=g","caption":"N.S Carideal"},"description":"Depuis tout petit fan d'automobile. Il est question d'essayer et de comparer toutes ces voitures qui nous ont fait r\u00e9ver, avant que celles-ci ne devient uniquement des voitures de collection.","sameAs":["http:\/\/www.carideal.com\/blog","https:\/\/www.facebook.com\/Carideal.mandataire.automobile\/","https:\/\/www.linkedin.com\/in\/nschiavon\/","https:\/\/www.youtube.com\/user\/caridealsas\/"],"url":"https:\/\/www.carideal.com\/blog\/author\/admin_carideal\/"}]}},"uagb_featured_image_src":{"full":false,"thumbnail":false,"medium":false,"medium_large":false,"large":false,"1536x1536":false,"2048x2048":false,"wppr-widget":false},"uagb_author_info":{"display_name":"N.S Carideal","author_link":"https:\/\/www.carideal.com\/blog\/author\/admin_carideal\/"},"uagb_comment_info":0,"uagb_excerpt":"Alfa Romeo Mito 1.4 TB multiair quadrifoglio verde Le petit moteur Alfa Romeo, dans sa d\u00e9clinaison ultime quadrifoglio Verde, peut pr\u00e9tendre faire partie des moteurs d'exception. Dop\u00e9e par un turbo et canalis\u00e9 par le syst\u00e8me multiAir de gestion \u00e9lectrohydraulique des soupapes d'admission, la puissance d\u00e9ferle \u00e0 partir de 2000 tr\/min et semble in\u00e9puisable au fur\u2026","_links":{"self":[{"href":"https:\/\/www.carideal.com\/blog\/wp-json\/wp\/v2\/posts\/763"}],"collection":[{"href":"https:\/\/www.carideal.com\/blog\/wp-json\/wp\/v2\/posts"}],"about":[{"href":"https:\/\/www.carideal.com\/blog\/wp-json\/wp\/v2\/types\/post"}],"author":[{"embeddable":true,"href":"https:\/\/www.carideal.com\/blog\/wp-json\/wp\/v2\/users\/1"}],"replies":[{"embeddable":true,"href":"https:\/\/www.carideal.com\/blog\/wp-json\/wp\/v2\/comments?post=763"}],"version-history":[{"count":0,"href":"https:\/\/www.carideal.com\/blog\/wp-json\/wp\/v2\/posts\/763\/revisions"}],"wp:attachment":[{"href":"https:\/\/www.carideal.com\/blog\/wp-json\/wp\/v2\/media?parent=763"}],"wp:term":[{"taxonomy":"category","embeddable":true,"href":"https:\/\/www.carideal.com\/blog\/wp-json\/wp\/v2\/categories?post=763"},{"taxonomy":"post_tag","embeddable":true,"href":"https:\/\/www.carideal.com\/blog\/wp-json\/wp\/v2\/tags?post=763"}],"curies":[{"name":"wp","href":"https:\/\/api.w.org\/{rel}","templated":true}]}}