{"id":755,"date":"2010-03-17T18:15:00","date_gmt":"2010-03-17T18:15:00","guid":{"rendered":"http:\/\/carideal.com\/blog\/?p=755"},"modified":"2020-03-07T16:55:46","modified_gmt":"2020-03-07T15:55:46","slug":"stand-citroen-au-salon-de-geneve-2010","status":"publish","type":"post","link":"https:\/\/www.carideal.com\/blog\/2010\/03\/17\/stand-citroen-au-salon-de-geneve-2010\/","title":{"rendered":"Stand Citroen au Salon de Geneve 2010"},"content":{"rendered":"<p>En cette ann\u00e8e 2010, le salon de gen\u00e8ve a rencontr\u00e9 un franc succ\u00e8s avec +10% de visiteurs en plus, ce qui correspond aux attentes des organisateurs.<br \/>\nLe stand de Citroen \u00e9tait certainement les plus important ce qui semble normal au vu de l'actualit\u00e9 de la marque aux chevrons, nous avons donc d\u00e9cid\u00e9 d'y envoyer notre reporter de choc, Ludo, pour faire quelques photos...et on se demande si on ne va pas l'embaucher comme photographe.<br \/> Nous n'avons mis ici qu'une partie de son travail, car nous n'avons pas encore le widget qui va bien pour pr\u00e9senter toutes les photos.<br \/>\n<img decoding=\"async\" src=\"\/blog\/public\/.citroen_c4_wrc_sebastien_loeb_carideal_m.jpg\" alt=\"citroen c4 wrc sebastien loeb\" style=\"display:block; margin:0 auto;\" title=\"citroen c4 wrc sebastien loeb, mar. 2010\" \/><\/p>\n<blockquote>\n<p>La citroen <a href=\"\/blog\/index.php?tag\/c4%20WRC\">c4 WRC<\/a> de <a href=\"\/blog\/index.php?tag\/S%C3%A9basien%20Loeb\">S\u00e9basien Loeb<\/a><\/p>\n<\/blockquote>\n<p><img decoding=\"async\" src=\"\/blog\/public\/.citroen_c4_wrc_sebastien_loeb_carideal-2_m.jpg\" alt=\"citroen c4 wrc sebastien loeb\" style=\"display:block; margin:0 auto;\" title=\"citroen c4 wrc sebastien loeb, mar. 2010\" \/><\/p>\n<blockquote>\n<p><a href=\"\/blog\/index.php?tag\/Citroen%20C4%20WRC\">Citroen C4 WRC<\/a> de S\u00e9bastien Loeb<\/p>\n<\/blockquote>\n<p><img decoding=\"async\" src=\"\/blog\/public\/.citroen_ds3_racing_carideal_m.jpg\" alt=\"citroen ds3 racing\" style=\"display:block; margin:0 auto;\" title=\"citroen ds3 racing, mar. 2010\" \/><\/p>\n<blockquote>\n<p><a href=\"\/blog\/index.php?tag\/Citroen%20DS3%20Racing\">Citroen DS3 Racing<\/a>, on aura la m\u00eame&nbsp;?<\/p>\n<\/blockquote>\n<p><img decoding=\"async\" src=\"\/blog\/public\/.citroen_revolt_carideal_m.jpg\" alt=\"citroen revolt\" style=\"display:block; margin:0 auto;\" title=\"citroen revolt, mar. 2010\" \/><\/p>\n<blockquote>\n<p><a href=\"\/blog\/index.php?tag\/Citroen%20revolt\">Citroen revolt<\/a><\/p>\n<\/blockquote>\n<p><img decoding=\"async\" src=\"\/blog\/public\/.citroen_revolt_carideal_3_m.jpg\" alt=\"citroen revolt\" style=\"display:block; margin:0 auto;\" title=\"citroen revolt, mar. 2010\" \/><\/p>\n<blockquote>\n<p>Citroen revolt<\/p>\n<\/blockquote>\n<p><img decoding=\"async\" src=\"\/blog\/public\/.citroen_revolt_carideal_5_m.jpg\" alt=\"citroen revolt\" style=\"display:block; margin:0 auto;\" title=\"citroen revolt, mar. 2010\" \/><\/p>\n<blockquote>\n<p>Citroen Revolt<\/p>\n<\/blockquote>\n<p><img decoding=\"async\" src=\"\/blog\/public\/.citroen_revolt_carideal_4_m.jpg\" alt=\"Citroen revolt\" style=\"display:block; margin:0 auto;\" title=\"Citroen revolt, mar. 2010\" \/><\/p>\n<blockquote>\n<p>Citroen revolt<\/p>\n<\/blockquote>\n<p><img decoding=\"async\" src=\"\/blog\/public\/.citroen_survolt_carideal_m.jpg\" alt=\"Citroen Survolt\" style=\"display:block; margin:0 auto;\" title=\"Citroen Survolt, mar. 2010\" \/><\/p>\n<blockquote>\n<p>Citroen Survolt<\/p>\n<\/blockquote>\n<p><img decoding=\"async\" src=\"\/blog\/public\/.citroen_survolt_carideal_2_carideal_m.jpg\" alt=\"Citroen Survolt\" style=\"display:block; margin:0 auto;\" title=\"Citroen Survolt, mar. 2010\" \/><\/p>\n<blockquote>\n<p>Citroen Survolt<\/p>\n<\/blockquote>\n<p><img decoding=\"async\" src=\"\/blog\/public\/.citroen_survolt_carideal_3_m.jpg\" alt=\"Citroen Survolt\" style=\"display:block; margin:0 auto;\" title=\"Citroen Survolt, mar. 2010\" \/><\/p>\n<blockquote>\n<p>Citroen Survolt<\/p>\n<\/blockquote>\n<p><img decoding=\"async\" src=\"\/blog\/public\/.citroen_survolt_carideal_4_m.jpg\" alt=\"Citroe survolt\" style=\"display:block; margin:0 auto;\" title=\"Citroe survolt, mar. 2010\" \/><\/p>\n<blockquote>\n<p>Citroen Survolt<\/p>\n<\/blockquote>\n<p><img decoding=\"async\" src=\"\/blog\/public\/.citroen_survolt_carideal_5_m.jpg\" alt=\"Citroen survolt\" style=\"display:block; margin:0 auto;\" title=\"Citroen survolt, mar. 2010\" \/><\/p>\n<blockquote>\n<p><a href=\"\/blog\/index.php?tag\/Citroen%20Survolt\">Citroen Survolt<\/a><\/p>\n<\/blockquote>\n<p>\n\/\/\/ Citroen Survolt <br \/>\nUn grand Merci a ludo<\/p>\n","protected":false},"excerpt":{"rendered":"<p>En cette ann\u00e8e 2010, le salon de gen\u00e8ve a rencontr\u00e9 un franc succ\u00e8s avec +10% de visiteurs en plus, ce qui correspond aux attentes des organisateurs. Le stand de Citroen \u00e9tait certainement les plus important ce qui semble normal au vu de l&rsquo;actualit\u00e9 de la marque aux chevrons, nous avons donc d\u00e9cid\u00e9 d&rsquo;y envoyer notre &#8230; <a title=\"Stand Citroen au Salon de Geneve 2010\" class=\"read-more\" href=\"https:\/\/www.carideal.com\/blog\/2010\/03\/17\/stand-citroen-au-salon-de-geneve-2010\/\" aria-label=\"En savoir plus sur Stand Citroen au Salon de Geneve 2010\">Lire plus<\/a><\/p>\n","protected":false},"author":1,"featured_media":0,"comment_status":"open","ping_status":"open","sticky":false,"template":"","format":"standard","meta":{"_uag_custom_page_level_css":"","_themeisle_gutenberg_block_has_review":false,"footnotes":""},"categories":[10],"tags":[],"class_list":["post-755","post","type-post","status-publish","format-standard","hentry","category-marche-automobile-voiture-neuve-occasion-4x4-suv"],"wppr_data":[],"yoast_head":"<!-- This site is optimized with the Yoast SEO plugin v24.8.1 - https:\/\/yoast.com\/wordpress\/plugins\/seo\/ -->\n<title>Stand Citroen au Salon de Geneve 2010 - Blog auto Carid\u00e9al<\/title>\n<meta name=\"robots\" content=\"index, follow, max-snippet:-1, max-image-preview:large, max-video-preview:-1\" \/>\n<link rel=\"canonical\" href=\"https:\/\/www.carideal.com\/blog\/2010\/03\/17\/stand-citroen-au-salon-de-geneve-2010\/\" \/>\n<meta property=\"og:locale\" content=\"fr_FR\" \/>\n<meta property=\"og:type\" content=\"article\" \/>\n<meta property=\"og:title\" content=\"Stand Citroen au Salon de Geneve 2010 - Blog auto Carid\u00e9al\" \/>\n<meta property=\"og:description\" content=\"En cette ann\u00e8e 2010, le salon de gen\u00e8ve a rencontr\u00e9 un franc succ\u00e8s avec +10% de visiteurs en plus, ce qui correspond aux attentes des organisateurs. Le stand de Citroen \u00e9tait certainement les plus important ce qui semble normal au vu de l&#039;actualit\u00e9 de la marque aux chevrons, nous avons donc d\u00e9cid\u00e9 d&#039;y envoyer notre ... Lire plus\" \/>\n<meta property=\"og:url\" content=\"https:\/\/www.carideal.com\/blog\/2010\/03\/17\/stand-citroen-au-salon-de-geneve-2010\/\" \/>\n<meta property=\"og:site_name\" content=\"Blog auto Carid\u00e9al\" \/>\n<meta property=\"article:publisher\" content=\"https:\/\/www.facebook.com\/Carideal.mandataire.automobile\" \/>\n<meta property=\"article:author\" content=\"https:\/\/www.facebook.com\/Carideal.mandataire.automobile\/\" \/>\n<meta property=\"article:published_time\" content=\"2010-03-17T18:15:00+00:00\" \/>\n<meta property=\"article:modified_time\" content=\"2020-03-07T15:55:46+00:00\" \/>\n<meta property=\"og:image\" content=\"https:\/\/www.carideal.com\/blog\/wp-content\/uploads\/2016\/03\/logo-carideal-mandataire-automobile.png\" \/>\n\t<meta property=\"og:image:width\" content=\"300\" \/>\n\t<meta property=\"og:image:height\" content=\"300\" \/>\n\t<meta property=\"og:image:type\" content=\"image\/png\" \/>\n<meta name=\"author\" content=\"N.S Carideal\" \/>\n<meta name=\"twitter:card\" content=\"summary_large_image\" \/>\n<meta name=\"twitter:creator\" content=\"@caridealauto\" \/>\n<meta name=\"twitter:site\" content=\"@caridealauto\" \/>\n<meta name=\"twitter:label1\" content=\"\u00c9crit par\" \/>\n\t<meta name=\"twitter:data1\" content=\"N.S Carideal\" \/>\n\t<meta name=\"twitter:label2\" content=\"Dur\u00e9e de lecture estim\u00e9e\" \/>\n\t<meta name=\"twitter:data2\" content=\"1 minute\" \/>\n<script type=\"application\/ld+json\" class=\"yoast-schema-graph\">{\"@context\":\"https:\/\/schema.org\",\"@graph\":[{\"@type\":\"Article\",\"@id\":\"https:\/\/www.carideal.com\/blog\/2010\/03\/17\/stand-citroen-au-salon-de-geneve-2010\/#article\",\"isPartOf\":{\"@id\":\"https:\/\/www.carideal.com\/blog\/2010\/03\/17\/stand-citroen-au-salon-de-geneve-2010\/\"},\"author\":{\"name\":\"N.S Carideal\",\"@id\":\"https:\/\/www.carideal.com\/blog\/#\/schema\/person\/985c7e757d1042d647f21bfaf8d41ebc\"},\"headline\":\"Stand Citroen au Salon de Geneve 2010\",\"datePublished\":\"2010-03-17T18:15:00+00:00\",\"dateModified\":\"2020-03-07T15:55:46+00:00\",\"mainEntityOfPage\":{\"@id\":\"https:\/\/www.carideal.com\/blog\/2010\/03\/17\/stand-citroen-au-salon-de-geneve-2010\/\"},\"wordCount\":157,\"commentCount\":0,\"publisher\":{\"@id\":\"https:\/\/www.carideal.com\/blog\/#organization\"},\"articleSection\":[\"March\u00e9 automobile\"],\"inLanguage\":\"fr-FR\",\"potentialAction\":[{\"@type\":\"CommentAction\",\"name\":\"Comment\",\"target\":[\"https:\/\/www.carideal.com\/blog\/2010\/03\/17\/stand-citroen-au-salon-de-geneve-2010\/#respond\"]}]},{\"@type\":\"WebPage\",\"@id\":\"https:\/\/www.carideal.com\/blog\/2010\/03\/17\/stand-citroen-au-salon-de-geneve-2010\/\",\"url\":\"https:\/\/www.carideal.com\/blog\/2010\/03\/17\/stand-citroen-au-salon-de-geneve-2010\/\",\"name\":\"Stand Citroen au Salon de Geneve 2010 - Blog auto Carid\u00e9al\",\"isPartOf\":{\"@id\":\"https:\/\/www.carideal.com\/blog\/#website\"},\"datePublished\":\"2010-03-17T18:15:00+00:00\",\"dateModified\":\"2020-03-07T15:55:46+00:00\",\"breadcrumb\":{\"@id\":\"https:\/\/www.carideal.com\/blog\/2010\/03\/17\/stand-citroen-au-salon-de-geneve-2010\/#breadcrumb\"},\"inLanguage\":\"fr-FR\",\"potentialAction\":[{\"@type\":\"ReadAction\",\"target\":[\"https:\/\/www.carideal.com\/blog\/2010\/03\/17\/stand-citroen-au-salon-de-geneve-2010\/\"]}]},{\"@type\":\"BreadcrumbList\",\"@id\":\"https:\/\/www.carideal.com\/blog\/2010\/03\/17\/stand-citroen-au-salon-de-geneve-2010\/#breadcrumb\",\"itemListElement\":[{\"@type\":\"ListItem\",\"position\":1,\"name\":\"Blog Carid\u00e9al\",\"item\":\"https:\/\/www.carideal.com\/blog\/\"},{\"@type\":\"ListItem\",\"position\":2,\"name\":\"March\u00e9 automobile\",\"item\":\"https:\/\/www.carideal.com\/blog\/marche-automobile-voiture-neuve-occasion-4x4-suv\/\"},{\"@type\":\"ListItem\",\"position\":3,\"name\":\"Stand Citroen au Salon de Geneve 2010\"}]},{\"@type\":\"WebSite\",\"@id\":\"https:\/\/www.carideal.com\/blog\/#website\",\"url\":\"https:\/\/www.carideal.com\/blog\/\",\"name\":\"Blog auto Carid\u00e9al\",\"description\":\"Actualit\u00e9 auto par des passionn\u00e9s\",\"publisher\":{\"@id\":\"https:\/\/www.carideal.com\/blog\/#organization\"},\"potentialAction\":[{\"@type\":\"SearchAction\",\"target\":{\"@type\":\"EntryPoint\",\"urlTemplate\":\"https:\/\/www.carideal.com\/blog\/?s={search_term_string}\"},\"query-input\":{\"@type\":\"PropertyValueSpecification\",\"valueRequired\":true,\"valueName\":\"search_term_string\"}}],\"inLanguage\":\"fr-FR\"},{\"@type\":\"Organization\",\"@id\":\"https:\/\/www.carideal.com\/blog\/#organization\",\"name\":\"Carideal\",\"url\":\"https:\/\/www.carideal.com\/blog\/\",\"logo\":{\"@type\":\"ImageObject\",\"inLanguage\":\"fr-FR\",\"@id\":\"https:\/\/www.carideal.com\/blog\/#\/schema\/logo\/image\/\",\"url\":\"http:\/\/www.carideal.com\/blog\/wp-content\/uploads\/2016\/03\/logo-carideal-mandataire-automobile.png\",\"contentUrl\":\"http:\/\/www.carideal.com\/blog\/wp-content\/uploads\/2016\/03\/logo-carideal-mandataire-automobile.png\",\"width\":300,\"height\":300,\"caption\":\"Carideal\"},\"image\":{\"@id\":\"https:\/\/www.carideal.com\/blog\/#\/schema\/logo\/image\/\"},\"sameAs\":[\"https:\/\/www.facebook.com\/Carideal.mandataire.automobile\",\"https:\/\/x.com\/caridealauto\",\"https:\/\/www.instagram.com\/carideal1\/\",\"https:\/\/www.linkedin.com\/company\/carideal.com\",\"https:\/\/fr.pinterest.com\/schiavonsas\/\",\"https:\/\/www.youtube.com\/user\/caridealsas\"]},{\"@type\":\"Person\",\"@id\":\"https:\/\/www.carideal.com\/blog\/#\/schema\/person\/985c7e757d1042d647f21bfaf8d41ebc\",\"name\":\"N.S Carideal\",\"image\":{\"@type\":\"ImageObject\",\"inLanguage\":\"fr-FR\",\"@id\":\"https:\/\/www.carideal.com\/blog\/#\/schema\/person\/image\/\",\"url\":\"https:\/\/secure.gravatar.com\/avatar\/edb7ccdf1a4e3d14aef967760d354d0e?s=96&r=g\",\"contentUrl\":\"https:\/\/secure.gravatar.com\/avatar\/edb7ccdf1a4e3d14aef967760d354d0e?s=96&r=g\",\"caption\":\"N.S Carideal\"},\"description\":\"Depuis tout petit fan d'automobile. Il est question d'essayer et de comparer toutes ces voitures qui nous ont fait r\u00e9ver, avant que celles-ci ne devient uniquement des voitures de collection.\",\"sameAs\":[\"http:\/\/www.carideal.com\/blog\",\"https:\/\/www.facebook.com\/Carideal.mandataire.automobile\/\",\"https:\/\/www.linkedin.com\/in\/nschiavon\/\",\"https:\/\/www.youtube.com\/user\/caridealsas\/\"],\"url\":\"https:\/\/www.carideal.com\/blog\/author\/admin_carideal\/\"}]}<\/script>\n<!-- \/ Yoast SEO plugin. -->","yoast_head_json":{"title":"Stand Citroen au Salon de Geneve 2010 - Blog auto Carid\u00e9al","robots":{"index":"index","follow":"follow","max-snippet":"max-snippet:-1","max-image-preview":"max-image-preview:large","max-video-preview":"max-video-preview:-1"},"canonical":"https:\/\/www.carideal.com\/blog\/2010\/03\/17\/stand-citroen-au-salon-de-geneve-2010\/","og_locale":"fr_FR","og_type":"article","og_title":"Stand Citroen au Salon de Geneve 2010 - Blog auto Carid\u00e9al","og_description":"En cette ann\u00e8e 2010, le salon de gen\u00e8ve a rencontr\u00e9 un franc succ\u00e8s avec +10% de visiteurs en plus, ce qui correspond aux attentes des organisateurs. Le stand de Citroen \u00e9tait certainement les plus important ce qui semble normal au vu de l'actualit\u00e9 de la marque aux chevrons, nous avons donc d\u00e9cid\u00e9 d'y envoyer notre ... Lire plus","og_url":"https:\/\/www.carideal.com\/blog\/2010\/03\/17\/stand-citroen-au-salon-de-geneve-2010\/","og_site_name":"Blog auto Carid\u00e9al","article_publisher":"https:\/\/www.facebook.com\/Carideal.mandataire.automobile","article_author":"https:\/\/www.facebook.com\/Carideal.mandataire.automobile\/","article_published_time":"2010-03-17T18:15:00+00:00","article_modified_time":"2020-03-07T15:55:46+00:00","og_image":[{"width":300,"height":300,"url":"https:\/\/www.carideal.com\/blog\/wp-content\/uploads\/2016\/03\/logo-carideal-mandataire-automobile.png","type":"image\/png"}],"author":"N.S Carideal","twitter_card":"summary_large_image","twitter_creator":"@caridealauto","twitter_site":"@caridealauto","twitter_misc":{"\u00c9crit par":"N.S Carideal","Dur\u00e9e de lecture estim\u00e9e":"1 minute"},"schema":{"@context":"https:\/\/schema.org","@graph":[{"@type":"Article","@id":"https:\/\/www.carideal.com\/blog\/2010\/03\/17\/stand-citroen-au-salon-de-geneve-2010\/#article","isPartOf":{"@id":"https:\/\/www.carideal.com\/blog\/2010\/03\/17\/stand-citroen-au-salon-de-geneve-2010\/"},"author":{"name":"N.S Carideal","@id":"https:\/\/www.carideal.com\/blog\/#\/schema\/person\/985c7e757d1042d647f21bfaf8d41ebc"},"headline":"Stand Citroen au Salon de Geneve 2010","datePublished":"2010-03-17T18:15:00+00:00","dateModified":"2020-03-07T15:55:46+00:00","mainEntityOfPage":{"@id":"https:\/\/www.carideal.com\/blog\/2010\/03\/17\/stand-citroen-au-salon-de-geneve-2010\/"},"wordCount":157,"commentCount":0,"publisher":{"@id":"https:\/\/www.carideal.com\/blog\/#organization"},"articleSection":["March\u00e9 automobile"],"inLanguage":"fr-FR","potentialAction":[{"@type":"CommentAction","name":"Comment","target":["https:\/\/www.carideal.com\/blog\/2010\/03\/17\/stand-citroen-au-salon-de-geneve-2010\/#respond"]}]},{"@type":"WebPage","@id":"https:\/\/www.carideal.com\/blog\/2010\/03\/17\/stand-citroen-au-salon-de-geneve-2010\/","url":"https:\/\/www.carideal.com\/blog\/2010\/03\/17\/stand-citroen-au-salon-de-geneve-2010\/","name":"Stand Citroen au Salon de Geneve 2010 - Blog auto Carid\u00e9al","isPartOf":{"@id":"https:\/\/www.carideal.com\/blog\/#website"},"datePublished":"2010-03-17T18:15:00+00:00","dateModified":"2020-03-07T15:55:46+00:00","breadcrumb":{"@id":"https:\/\/www.carideal.com\/blog\/2010\/03\/17\/stand-citroen-au-salon-de-geneve-2010\/#breadcrumb"},"inLanguage":"fr-FR","potentialAction":[{"@type":"ReadAction","target":["https:\/\/www.carideal.com\/blog\/2010\/03\/17\/stand-citroen-au-salon-de-geneve-2010\/"]}]},{"@type":"BreadcrumbList","@id":"https:\/\/www.carideal.com\/blog\/2010\/03\/17\/stand-citroen-au-salon-de-geneve-2010\/#breadcrumb","itemListElement":[{"@type":"ListItem","position":1,"name":"Blog Carid\u00e9al","item":"https:\/\/www.carideal.com\/blog\/"},{"@type":"ListItem","position":2,"name":"March\u00e9 automobile","item":"https:\/\/www.carideal.com\/blog\/marche-automobile-voiture-neuve-occasion-4x4-suv\/"},{"@type":"ListItem","position":3,"name":"Stand Citroen au Salon de Geneve 2010"}]},{"@type":"WebSite","@id":"https:\/\/www.carideal.com\/blog\/#website","url":"https:\/\/www.carideal.com\/blog\/","name":"Blog auto Carid\u00e9al","description":"Actualit\u00e9 auto par des passionn\u00e9s","publisher":{"@id":"https:\/\/www.carideal.com\/blog\/#organization"},"potentialAction":[{"@type":"SearchAction","target":{"@type":"EntryPoint","urlTemplate":"https:\/\/www.carideal.com\/blog\/?s={search_term_string}"},"query-input":{"@type":"PropertyValueSpecification","valueRequired":true,"valueName":"search_term_string"}}],"inLanguage":"fr-FR"},{"@type":"Organization","@id":"https:\/\/www.carideal.com\/blog\/#organization","name":"Carideal","url":"https:\/\/www.carideal.com\/blog\/","logo":{"@type":"ImageObject","inLanguage":"fr-FR","@id":"https:\/\/www.carideal.com\/blog\/#\/schema\/logo\/image\/","url":"http:\/\/www.carideal.com\/blog\/wp-content\/uploads\/2016\/03\/logo-carideal-mandataire-automobile.png","contentUrl":"http:\/\/www.carideal.com\/blog\/wp-content\/uploads\/2016\/03\/logo-carideal-mandataire-automobile.png","width":300,"height":300,"caption":"Carideal"},"image":{"@id":"https:\/\/www.carideal.com\/blog\/#\/schema\/logo\/image\/"},"sameAs":["https:\/\/www.facebook.com\/Carideal.mandataire.automobile","https:\/\/x.com\/caridealauto","https:\/\/www.instagram.com\/carideal1\/","https:\/\/www.linkedin.com\/company\/carideal.com","https:\/\/fr.pinterest.com\/schiavonsas\/","https:\/\/www.youtube.com\/user\/caridealsas"]},{"@type":"Person","@id":"https:\/\/www.carideal.com\/blog\/#\/schema\/person\/985c7e757d1042d647f21bfaf8d41ebc","name":"N.S Carideal","image":{"@type":"ImageObject","inLanguage":"fr-FR","@id":"https:\/\/www.carideal.com\/blog\/#\/schema\/person\/image\/","url":"https:\/\/secure.gravatar.com\/avatar\/edb7ccdf1a4e3d14aef967760d354d0e?s=96&r=g","contentUrl":"https:\/\/secure.gravatar.com\/avatar\/edb7ccdf1a4e3d14aef967760d354d0e?s=96&r=g","caption":"N.S Carideal"},"description":"Depuis tout petit fan d'automobile. Il est question d'essayer et de comparer toutes ces voitures qui nous ont fait r\u00e9ver, avant que celles-ci ne devient uniquement des voitures de collection.","sameAs":["http:\/\/www.carideal.com\/blog","https:\/\/www.facebook.com\/Carideal.mandataire.automobile\/","https:\/\/www.linkedin.com\/in\/nschiavon\/","https:\/\/www.youtube.com\/user\/caridealsas\/"],"url":"https:\/\/www.carideal.com\/blog\/author\/admin_carideal\/"}]}},"uagb_featured_image_src":{"full":false,"thumbnail":false,"medium":false,"medium_large":false,"large":false,"1536x1536":false,"2048x2048":false,"wppr-widget":false},"uagb_author_info":{"display_name":"N.S Carideal","author_link":"https:\/\/www.carideal.com\/blog\/author\/admin_carideal\/"},"uagb_comment_info":0,"uagb_excerpt":"En cette ann\u00e8e 2010, le salon de gen\u00e8ve a rencontr\u00e9 un franc succ\u00e8s avec +10% de visiteurs en plus, ce qui correspond aux attentes des organisateurs. Le stand de Citroen \u00e9tait certainement les plus important ce qui semble normal au vu de l'actualit\u00e9 de la marque aux chevrons, nous avons donc d\u00e9cid\u00e9 d'y envoyer notre\u2026","_links":{"self":[{"href":"https:\/\/www.carideal.com\/blog\/wp-json\/wp\/v2\/posts\/755"}],"collection":[{"href":"https:\/\/www.carideal.com\/blog\/wp-json\/wp\/v2\/posts"}],"about":[{"href":"https:\/\/www.carideal.com\/blog\/wp-json\/wp\/v2\/types\/post"}],"author":[{"embeddable":true,"href":"https:\/\/www.carideal.com\/blog\/wp-json\/wp\/v2\/users\/1"}],"replies":[{"embeddable":true,"href":"https:\/\/www.carideal.com\/blog\/wp-json\/wp\/v2\/comments?post=755"}],"version-history":[{"count":0,"href":"https:\/\/www.carideal.com\/blog\/wp-json\/wp\/v2\/posts\/755\/revisions"}],"wp:attachment":[{"href":"https:\/\/www.carideal.com\/blog\/wp-json\/wp\/v2\/media?parent=755"}],"wp:term":[{"taxonomy":"category","embeddable":true,"href":"https:\/\/www.carideal.com\/blog\/wp-json\/wp\/v2\/categories?post=755"},{"taxonomy":"post_tag","embeddable":true,"href":"https:\/\/www.carideal.com\/blog\/wp-json\/wp\/v2\/tags?post=755"}],"curies":[{"name":"wp","href":"https:\/\/api.w.org\/{rel}","templated":true}]}}