{"id":754,"date":"2010-03-14T22:08:00","date_gmt":"2010-03-14T22:08:00","guid":{"rendered":"http:\/\/carideal.com\/blog\/?p=754"},"modified":"2019-12-19T17:55:08","modified_gmt":"2019-12-19T16:55:08","slug":"renault-vel-satis-occasion-une-affaire-originale","status":"publish","type":"post","link":"https:\/\/www.carideal.com\/blog\/2010\/03\/14\/renault-vel-satis-occasion-une-affaire-originale\/","title":{"rendered":"Renault Vel Satis d&rsquo;occasion une affaire originale"},"content":{"rendered":"<h2>Renault Vel Satis d'occasion une affaire originale<\/h2>\n<p><strong>Renault Vel satis d'occasion :\u00a0Le confort classe pullman, la Renault Vel Satis est un spacieux salon roulant<\/strong>. \u00c0 l'avant les si\u00e8ges sont des fauteuils de premi\u00e8re classe et \u00e0 l'arri\u00e8re, les passagers profitent d'une banquette du m\u00eame acabit. Le tout est soutenu par des suspensions et un amortissement en mode Confort.<\/p>\n<figure id=\"attachment_20607\" aria-describedby=\"caption-attachment-20607\" style=\"width: 440px\" class=\"wp-caption alignnone\"><img loading=\"lazy\" decoding=\"async\" class=\"size-full wp-image-20607\" src=\"http:\/\/www.carideal.com\/blog\/wp-content\/uploads\/2010\/03\/renaultvelsatisoccasioncarideal-1230998373.jpg\" alt=\"Renault Vel Satis d'occasion une affaire originale\" width=\"450\" height=\"228\" srcset=\"https:\/\/www.carideal.com\/blog\/wp-content\/uploads\/2010\/03\/renaultvelsatisoccasioncarideal-1230998373.jpg 450w, https:\/\/www.carideal.com\/blog\/wp-content\/uploads\/2010\/03\/renaultvelsatisoccasioncarideal-1230998373-300x152.jpg 300w, https:\/\/www.carideal.com\/blog\/wp-content\/uploads\/2010\/03\/renaultvelsatisoccasioncarideal-1230998373-50x25.jpg 50w, https:\/\/www.carideal.com\/blog\/wp-content\/uploads\/2010\/03\/renaultvelsatisoccasioncarideal-1230998373-110x56.jpg 110w, https:\/\/www.carideal.com\/blog\/wp-content\/uploads\/2010\/03\/renaultvelsatisoccasioncarideal-1230998373-420x213.jpg 420w\" sizes=\"(max-width: 450px) 100vw, 450px\" \/><figcaption id=\"caption-attachment-20607\" class=\"wp-caption-text\">Renault Vel Satis d'occasion une affaire originale<\/figcaption><\/figure>\n<p>Am\u00e9nagement et mat\u00e9riaux mis en \u0153uvre finalisent cette touche pour que chaque trajet se transforme en croisi\u00e8re de luxe.<br \/>\nSur un <a href=\"http:\/\/www.carideal.com\/blog\/2016\/11\/08\/marche-doccasion-les-voitures-preferees-des-francais-en-2016\/\">march\u00e9 de la <span style=\"text-decoration: underline;\">voiture d'occasion<\/span><\/a> archidomin\u00e9 par les berlines allemandes, dont les marques sont souvent synonymes de qualit\u00e9 et de fiabilit\u00e9, les voitures fran\u00e7aises ont de tout temps eu du mal \u00e0 s'imposer.<\/p>\n<ul>\n<li><a href=\"http:\/\/www.carideal.com\/blog\/2019\/12\/03\/voitures-doccasion-les-plus-fiables-2019\/\">Les voitures d'occasions les plus fiables<\/a><\/li>\n<\/ul>\n<p>Premier \u00e9cueil pour les berlines hexagonales\u00a0: elles ont du mal \u00e0 rivaliser en termes de motorisation, la concurrence alignant une palette de blocs plus large, et surtout des cylindr\u00e9es plus nobles\u00a0! De plus, sur ce segment, l'image de marque et la qualit\u00e9 du service client\u00e8le sont primordiales. On ne vend pas un v\u00e9hicule de haut de gamme comme un monospace compact. Pourtant nos constructeurs persistent dans leur volont\u00e9 de proposer des routi\u00e8res de haut de gamme digne de ce rang. Apr\u00e8s le lancement en mai 2000 de la <a href=\"http:\/\/www.carideal.com\/blog\/2008\/08\/10\/peugeot-607-d-occasion\/\"><span style=\"text-decoration: underline;\">Peugeot 607<\/span><\/a>, au succ\u00e8s mitig\u00e9e, <a href=\"http:\/\/www.carideal.com\/blog\/marque-de-voiture-actualites-essais\/renault\/\">Renault<\/a> a donn\u00e9 une descendance plus luxueuse \u00e0 la <a href=\"http:\/\/www.carideal.com\/blog\/2009\/01\/01\/renault-safrane-d-occasion\/\">Safrane<\/a>.<\/p>\n<h2>La Renault Vel Satis Brad\u00e9e en occasion<\/h2>\n<figure id=\"attachment_20608\" aria-describedby=\"caption-attachment-20608\" style=\"width: 390px\" class=\"wp-caption alignnone\"><img loading=\"lazy\" decoding=\"async\" class=\"size-full wp-image-20608\" src=\"http:\/\/www.carideal.com\/blog\/wp-content\/uploads\/2010\/03\/renaultvelsatisinterieurcarideal-1230998410-e1576773801487.jpg\" alt=\"Essai Renault Vel satis d'occasion\" width=\"400\" height=\"321\" \/><figcaption id=\"caption-attachment-20608\" class=\"wp-caption-text\">Essai Renault Vel satis d'occasion<\/figcaption><\/figure>\n<p>Pour ce faire, la marque a d\u00e9cid\u00e9 de r\u00e9volutionner les canons stylistiques du segment en proposant un vaisseau aux lignes in\u00e9dites. Lanc\u00e9e au d\u00e9but 2002, la Renault Vel Satis a surpris....rarement en bien. Rapidement <span style=\"text-decoration: underline;\">Renault<\/span> a pu juger que la prise de risque en termes de design, cumul\u00e9e \u00e0 une fiabilit\u00e9 plus que perfectible de nombreux \u00e9l\u00e9ments \u00e9lectroniques, notamment la cl\u00e9 de d\u00e9marrage, compromettaient de facto \u00e0 la Vel Satis, ses chances de succ\u00e8s commercial.<\/p>\n<p><a href=\"http:\/\/www.carideal.com\/blog\/voitures-occasions\/\">Voitures d'occasion par d\u00e9partement<\/a><\/p>\n<p>N\u00e9anmoins, avec pr\u00e8s de 40000 unit\u00e9s immatricul\u00e9es en Neuf ans, la production s'est arr\u00eat\u00e9e mi-septembre 2009, une cote d'amour \u00e0 minima ayant entrain\u00e9 une forte d\u00e9cote, la Vel Satis est une voiture qui se d\u00e9niche facilement et \u00e0 bon prix. Attention, car si les probl\u00e8mes majeurs semblent appartenir au pass\u00e9, le risque de tomber sur un mauvais num\u00e9ro, demeure.<\/p>\n<p>D\u00e8s sa commercialisation, la Renault Vel Satis a \u00e9t\u00e9 g\u00e9n\u00e9reuse en \u00e9quipement de s\u00e9rie.<br \/>\nLes Vel Satis produites apr\u00e8s 2005 se montrent plus fiables.<\/p>\n","protected":false},"excerpt":{"rendered":"<p>Renault Vel Satis d&rsquo;occasion une affaire originale Renault Vel satis d&rsquo;occasion :\u00a0Le confort classe pullman, la Renault Vel Satis est un spacieux salon roulant. \u00c0 l&rsquo;avant les si\u00e8ges sont des fauteuils de premi\u00e8re classe et \u00e0 l&rsquo;arri\u00e8re, les passagers profitent d&rsquo;une banquette du m\u00eame acabit. Le tout est soutenu par des suspensions et un amortissement &#8230; <a title=\"Renault Vel Satis d&rsquo;occasion une affaire originale\" class=\"read-more\" href=\"https:\/\/www.carideal.com\/blog\/2010\/03\/14\/renault-vel-satis-occasion-une-affaire-originale\/\" aria-label=\"En savoir plus sur Renault Vel Satis d&rsquo;occasion une affaire originale\">Lire plus<\/a><\/p>\n","protected":false},"author":1,"featured_media":20607,"comment_status":"open","ping_status":"open","sticky":false,"template":"","format":"standard","meta":{"_uag_custom_page_level_css":"","_themeisle_gutenberg_block_has_review":false,"footnotes":""},"categories":[5963,6025],"tags":[],"class_list":["post-754","post","type-post","status-publish","format-standard","has-post-thumbnail","hentry","category-renault","category-occasion-type-de-vehicule-type-de-vehicule"],"wppr_data":{"cwp_meta_box_check":"No"},"yoast_head":"<!-- This site is optimized with the Yoast SEO plugin v24.8.1 - https:\/\/yoast.com\/wordpress\/plugins\/seo\/ -->\n<title>Renault Vel Satis d&#039;occasion une affaire originale - Blog auto Carid\u00e9al<\/title>\n<meta name=\"description\" content=\"Renault Vel satis d&#039;occasion : Le confort classe pullman, la Renault Vel Satis est un spacieux salon roulant pour une berline\" \/>\n<meta name=\"robots\" content=\"index, follow, max-snippet:-1, max-image-preview:large, max-video-preview:-1\" \/>\n<link rel=\"canonical\" href=\"https:\/\/www.carideal.com\/blog\/2010\/03\/14\/renault-vel-satis-occasion-une-affaire-originale\/\" \/>\n<meta property=\"og:locale\" content=\"fr_FR\" \/>\n<meta property=\"og:type\" content=\"article\" \/>\n<meta property=\"og:title\" content=\"Renault Vel Satis d&#039;occasion une affaire originale - Blog auto Carid\u00e9al\" \/>\n<meta property=\"og:description\" content=\"Renault Vel satis d&#039;occasion : Le confort classe pullman, la Renault Vel Satis est un spacieux salon roulant pour une berline\" \/>\n<meta property=\"og:url\" content=\"https:\/\/www.carideal.com\/blog\/2010\/03\/14\/renault-vel-satis-occasion-une-affaire-originale\/\" \/>\n<meta property=\"og:site_name\" content=\"Blog auto Carid\u00e9al\" \/>\n<meta property=\"article:publisher\" content=\"https:\/\/www.facebook.com\/Carideal.mandataire.automobile\" \/>\n<meta property=\"article:author\" content=\"https:\/\/www.facebook.com\/Carideal.mandataire.automobile\/\" \/>\n<meta property=\"article:published_time\" content=\"2010-03-14T22:08:00+00:00\" \/>\n<meta property=\"article:modified_time\" content=\"2019-12-19T16:55:08+00:00\" \/>\n<meta property=\"og:image\" content=\"https:\/\/www.carideal.com\/blog\/wp-content\/uploads\/2010\/03\/renaultvelsatisoccasioncarideal-1230998373.jpg\" \/>\n\t<meta property=\"og:image:width\" content=\"450\" \/>\n\t<meta property=\"og:image:height\" content=\"228\" \/>\n\t<meta property=\"og:image:type\" content=\"image\/jpeg\" \/>\n<meta name=\"author\" content=\"N.S Carideal\" \/>\n<meta name=\"twitter:card\" content=\"summary_large_image\" \/>\n<meta name=\"twitter:creator\" content=\"@caridealauto\" \/>\n<meta name=\"twitter:site\" content=\"@caridealauto\" \/>\n<meta name=\"twitter:label1\" content=\"\u00c9crit par\" \/>\n\t<meta name=\"twitter:data1\" content=\"N.S Carideal\" \/>\n\t<meta name=\"twitter:label2\" content=\"Dur\u00e9e de lecture estim\u00e9e\" \/>\n\t<meta name=\"twitter:data2\" content=\"2 minutes\" \/>\n<script type=\"application\/ld+json\" class=\"yoast-schema-graph\">{\"@context\":\"https:\/\/schema.org\",\"@graph\":[{\"@type\":\"Article\",\"@id\":\"https:\/\/www.carideal.com\/blog\/2010\/03\/14\/renault-vel-satis-occasion-une-affaire-originale\/#article\",\"isPartOf\":{\"@id\":\"https:\/\/www.carideal.com\/blog\/2010\/03\/14\/renault-vel-satis-occasion-une-affaire-originale\/\"},\"author\":{\"name\":\"N.S Carideal\",\"@id\":\"https:\/\/www.carideal.com\/blog\/#\/schema\/person\/985c7e757d1042d647f21bfaf8d41ebc\"},\"headline\":\"Renault Vel Satis d&rsquo;occasion une affaire originale\",\"datePublished\":\"2010-03-14T22:08:00+00:00\",\"dateModified\":\"2019-12-19T16:55:08+00:00\",\"mainEntityOfPage\":{\"@id\":\"https:\/\/www.carideal.com\/blog\/2010\/03\/14\/renault-vel-satis-occasion-une-affaire-originale\/\"},\"wordCount\":450,\"commentCount\":0,\"publisher\":{\"@id\":\"https:\/\/www.carideal.com\/blog\/#organization\"},\"image\":{\"@id\":\"https:\/\/www.carideal.com\/blog\/2010\/03\/14\/renault-vel-satis-occasion-une-affaire-originale\/#primaryimage\"},\"thumbnailUrl\":\"https:\/\/www.carideal.com\/blog\/wp-content\/uploads\/2010\/03\/renaultvelsatisoccasioncarideal-1230998373.jpg\",\"articleSection\":[\"Actualit\u00e9 Renault\",\"Essai Voiture Occasion\"],\"inLanguage\":\"fr-FR\",\"potentialAction\":[{\"@type\":\"CommentAction\",\"name\":\"Comment\",\"target\":[\"https:\/\/www.carideal.com\/blog\/2010\/03\/14\/renault-vel-satis-occasion-une-affaire-originale\/#respond\"]}]},{\"@type\":\"WebPage\",\"@id\":\"https:\/\/www.carideal.com\/blog\/2010\/03\/14\/renault-vel-satis-occasion-une-affaire-originale\/\",\"url\":\"https:\/\/www.carideal.com\/blog\/2010\/03\/14\/renault-vel-satis-occasion-une-affaire-originale\/\",\"name\":\"Renault Vel Satis d'occasion une affaire originale - Blog auto Carid\u00e9al\",\"isPartOf\":{\"@id\":\"https:\/\/www.carideal.com\/blog\/#website\"},\"primaryImageOfPage\":{\"@id\":\"https:\/\/www.carideal.com\/blog\/2010\/03\/14\/renault-vel-satis-occasion-une-affaire-originale\/#primaryimage\"},\"image\":{\"@id\":\"https:\/\/www.carideal.com\/blog\/2010\/03\/14\/renault-vel-satis-occasion-une-affaire-originale\/#primaryimage\"},\"thumbnailUrl\":\"https:\/\/www.carideal.com\/blog\/wp-content\/uploads\/2010\/03\/renaultvelsatisoccasioncarideal-1230998373.jpg\",\"datePublished\":\"2010-03-14T22:08:00+00:00\",\"dateModified\":\"2019-12-19T16:55:08+00:00\",\"description\":\"Renault Vel satis d'occasion : Le confort classe pullman, la Renault Vel Satis est un spacieux salon roulant pour une berline\",\"breadcrumb\":{\"@id\":\"https:\/\/www.carideal.com\/blog\/2010\/03\/14\/renault-vel-satis-occasion-une-affaire-originale\/#breadcrumb\"},\"inLanguage\":\"fr-FR\",\"potentialAction\":[{\"@type\":\"ReadAction\",\"target\":[\"https:\/\/www.carideal.com\/blog\/2010\/03\/14\/renault-vel-satis-occasion-une-affaire-originale\/\"]}]},{\"@type\":\"ImageObject\",\"inLanguage\":\"fr-FR\",\"@id\":\"https:\/\/www.carideal.com\/blog\/2010\/03\/14\/renault-vel-satis-occasion-une-affaire-originale\/#primaryimage\",\"url\":\"https:\/\/www.carideal.com\/blog\/wp-content\/uploads\/2010\/03\/renaultvelsatisoccasioncarideal-1230998373.jpg\",\"contentUrl\":\"https:\/\/www.carideal.com\/blog\/wp-content\/uploads\/2010\/03\/renaultvelsatisoccasioncarideal-1230998373.jpg\",\"width\":450,\"height\":228,\"caption\":\"Renault Vel Satis d'occasion une affaire originale\"},{\"@type\":\"BreadcrumbList\",\"@id\":\"https:\/\/www.carideal.com\/blog\/2010\/03\/14\/renault-vel-satis-occasion-une-affaire-originale\/#breadcrumb\",\"itemListElement\":[{\"@type\":\"ListItem\",\"position\":1,\"name\":\"Blog Carid\u00e9al\",\"item\":\"https:\/\/www.carideal.com\/blog\/\"},{\"@type\":\"ListItem\",\"position\":2,\"name\":\"Type de v\u00e9hicule\",\"item\":\"https:\/\/www.carideal.com\/blog\/type-de-vehicule\/\"},{\"@type\":\"ListItem\",\"position\":3,\"name\":\"Essai Voiture Occasion\",\"item\":\"https:\/\/www.carideal.com\/blog\/type-de-vehicule\/occasion-type-de-vehicule-type-de-vehicule\/\"},{\"@type\":\"ListItem\",\"position\":4,\"name\":\"Renault Vel Satis d&rsquo;occasion une affaire originale\"}]},{\"@type\":\"WebSite\",\"@id\":\"https:\/\/www.carideal.com\/blog\/#website\",\"url\":\"https:\/\/www.carideal.com\/blog\/\",\"name\":\"Blog auto Carid\u00e9al\",\"description\":\"Actualit\u00e9 auto par des passionn\u00e9s\",\"publisher\":{\"@id\":\"https:\/\/www.carideal.com\/blog\/#organization\"},\"potentialAction\":[{\"@type\":\"SearchAction\",\"target\":{\"@type\":\"EntryPoint\",\"urlTemplate\":\"https:\/\/www.carideal.com\/blog\/?s={search_term_string}\"},\"query-input\":{\"@type\":\"PropertyValueSpecification\",\"valueRequired\":true,\"valueName\":\"search_term_string\"}}],\"inLanguage\":\"fr-FR\"},{\"@type\":\"Organization\",\"@id\":\"https:\/\/www.carideal.com\/blog\/#organization\",\"name\":\"Carideal\",\"url\":\"https:\/\/www.carideal.com\/blog\/\",\"logo\":{\"@type\":\"ImageObject\",\"inLanguage\":\"fr-FR\",\"@id\":\"https:\/\/www.carideal.com\/blog\/#\/schema\/logo\/image\/\",\"url\":\"http:\/\/www.carideal.com\/blog\/wp-content\/uploads\/2016\/03\/logo-carideal-mandataire-automobile.png\",\"contentUrl\":\"http:\/\/www.carideal.com\/blog\/wp-content\/uploads\/2016\/03\/logo-carideal-mandataire-automobile.png\",\"width\":300,\"height\":300,\"caption\":\"Carideal\"},\"image\":{\"@id\":\"https:\/\/www.carideal.com\/blog\/#\/schema\/logo\/image\/\"},\"sameAs\":[\"https:\/\/www.facebook.com\/Carideal.mandataire.automobile\",\"https:\/\/x.com\/caridealauto\",\"https:\/\/www.instagram.com\/carideal1\/\",\"https:\/\/www.linkedin.com\/company\/carideal.com\",\"https:\/\/fr.pinterest.com\/schiavonsas\/\",\"https:\/\/www.youtube.com\/user\/caridealsas\"]},{\"@type\":\"Person\",\"@id\":\"https:\/\/www.carideal.com\/blog\/#\/schema\/person\/985c7e757d1042d647f21bfaf8d41ebc\",\"name\":\"N.S Carideal\",\"image\":{\"@type\":\"ImageObject\",\"inLanguage\":\"fr-FR\",\"@id\":\"https:\/\/www.carideal.com\/blog\/#\/schema\/person\/image\/\",\"url\":\"https:\/\/secure.gravatar.com\/avatar\/edb7ccdf1a4e3d14aef967760d354d0e?s=96&r=g\",\"contentUrl\":\"https:\/\/secure.gravatar.com\/avatar\/edb7ccdf1a4e3d14aef967760d354d0e?s=96&r=g\",\"caption\":\"N.S Carideal\"},\"description\":\"Depuis tout petit fan d'automobile. Il est question d'essayer et de comparer toutes ces voitures qui nous ont fait r\u00e9ver, avant que celles-ci ne devient uniquement des voitures de collection.\",\"sameAs\":[\"http:\/\/www.carideal.com\/blog\",\"https:\/\/www.facebook.com\/Carideal.mandataire.automobile\/\",\"https:\/\/www.linkedin.com\/in\/nschiavon\/\",\"https:\/\/www.youtube.com\/user\/caridealsas\/\"],\"url\":\"https:\/\/www.carideal.com\/blog\/author\/admin_carideal\/\"}]}<\/script>\n<!-- \/ Yoast SEO plugin. -->","yoast_head_json":{"title":"Renault Vel Satis d'occasion une affaire originale - Blog auto Carid\u00e9al","description":"Renault Vel satis d'occasion : Le confort classe pullman, la Renault Vel Satis est un spacieux salon roulant pour une berline","robots":{"index":"index","follow":"follow","max-snippet":"max-snippet:-1","max-image-preview":"max-image-preview:large","max-video-preview":"max-video-preview:-1"},"canonical":"https:\/\/www.carideal.com\/blog\/2010\/03\/14\/renault-vel-satis-occasion-une-affaire-originale\/","og_locale":"fr_FR","og_type":"article","og_title":"Renault Vel Satis d'occasion une affaire originale - Blog auto Carid\u00e9al","og_description":"Renault Vel satis d'occasion : Le confort classe pullman, la Renault Vel Satis est un spacieux salon roulant pour une berline","og_url":"https:\/\/www.carideal.com\/blog\/2010\/03\/14\/renault-vel-satis-occasion-une-affaire-originale\/","og_site_name":"Blog auto Carid\u00e9al","article_publisher":"https:\/\/www.facebook.com\/Carideal.mandataire.automobile","article_author":"https:\/\/www.facebook.com\/Carideal.mandataire.automobile\/","article_published_time":"2010-03-14T22:08:00+00:00","article_modified_time":"2019-12-19T16:55:08+00:00","og_image":[{"width":450,"height":228,"url":"https:\/\/www.carideal.com\/blog\/wp-content\/uploads\/2010\/03\/renaultvelsatisoccasioncarideal-1230998373.jpg","type":"image\/jpeg"}],"author":"N.S Carideal","twitter_card":"summary_large_image","twitter_creator":"@caridealauto","twitter_site":"@caridealauto","twitter_misc":{"\u00c9crit par":"N.S Carideal","Dur\u00e9e de lecture estim\u00e9e":"2 minutes"},"schema":{"@context":"https:\/\/schema.org","@graph":[{"@type":"Article","@id":"https:\/\/www.carideal.com\/blog\/2010\/03\/14\/renault-vel-satis-occasion-une-affaire-originale\/#article","isPartOf":{"@id":"https:\/\/www.carideal.com\/blog\/2010\/03\/14\/renault-vel-satis-occasion-une-affaire-originale\/"},"author":{"name":"N.S Carideal","@id":"https:\/\/www.carideal.com\/blog\/#\/schema\/person\/985c7e757d1042d647f21bfaf8d41ebc"},"headline":"Renault Vel Satis d&rsquo;occasion une affaire originale","datePublished":"2010-03-14T22:08:00+00:00","dateModified":"2019-12-19T16:55:08+00:00","mainEntityOfPage":{"@id":"https:\/\/www.carideal.com\/blog\/2010\/03\/14\/renault-vel-satis-occasion-une-affaire-originale\/"},"wordCount":450,"commentCount":0,"publisher":{"@id":"https:\/\/www.carideal.com\/blog\/#organization"},"image":{"@id":"https:\/\/www.carideal.com\/blog\/2010\/03\/14\/renault-vel-satis-occasion-une-affaire-originale\/#primaryimage"},"thumbnailUrl":"https:\/\/www.carideal.com\/blog\/wp-content\/uploads\/2010\/03\/renaultvelsatisoccasioncarideal-1230998373.jpg","articleSection":["Actualit\u00e9 Renault","Essai Voiture Occasion"],"inLanguage":"fr-FR","potentialAction":[{"@type":"CommentAction","name":"Comment","target":["https:\/\/www.carideal.com\/blog\/2010\/03\/14\/renault-vel-satis-occasion-une-affaire-originale\/#respond"]}]},{"@type":"WebPage","@id":"https:\/\/www.carideal.com\/blog\/2010\/03\/14\/renault-vel-satis-occasion-une-affaire-originale\/","url":"https:\/\/www.carideal.com\/blog\/2010\/03\/14\/renault-vel-satis-occasion-une-affaire-originale\/","name":"Renault Vel Satis d'occasion une affaire originale - Blog auto Carid\u00e9al","isPartOf":{"@id":"https:\/\/www.carideal.com\/blog\/#website"},"primaryImageOfPage":{"@id":"https:\/\/www.carideal.com\/blog\/2010\/03\/14\/renault-vel-satis-occasion-une-affaire-originale\/#primaryimage"},"image":{"@id":"https:\/\/www.carideal.com\/blog\/2010\/03\/14\/renault-vel-satis-occasion-une-affaire-originale\/#primaryimage"},"thumbnailUrl":"https:\/\/www.carideal.com\/blog\/wp-content\/uploads\/2010\/03\/renaultvelsatisoccasioncarideal-1230998373.jpg","datePublished":"2010-03-14T22:08:00+00:00","dateModified":"2019-12-19T16:55:08+00:00","description":"Renault Vel satis d'occasion : Le confort classe pullman, la Renault Vel Satis est un spacieux salon roulant pour une berline","breadcrumb":{"@id":"https:\/\/www.carideal.com\/blog\/2010\/03\/14\/renault-vel-satis-occasion-une-affaire-originale\/#breadcrumb"},"inLanguage":"fr-FR","potentialAction":[{"@type":"ReadAction","target":["https:\/\/www.carideal.com\/blog\/2010\/03\/14\/renault-vel-satis-occasion-une-affaire-originale\/"]}]},{"@type":"ImageObject","inLanguage":"fr-FR","@id":"https:\/\/www.carideal.com\/blog\/2010\/03\/14\/renault-vel-satis-occasion-une-affaire-originale\/#primaryimage","url":"https:\/\/www.carideal.com\/blog\/wp-content\/uploads\/2010\/03\/renaultvelsatisoccasioncarideal-1230998373.jpg","contentUrl":"https:\/\/www.carideal.com\/blog\/wp-content\/uploads\/2010\/03\/renaultvelsatisoccasioncarideal-1230998373.jpg","width":450,"height":228,"caption":"Renault Vel Satis d'occasion une affaire originale"},{"@type":"BreadcrumbList","@id":"https:\/\/www.carideal.com\/blog\/2010\/03\/14\/renault-vel-satis-occasion-une-affaire-originale\/#breadcrumb","itemListElement":[{"@type":"ListItem","position":1,"name":"Blog Carid\u00e9al","item":"https:\/\/www.carideal.com\/blog\/"},{"@type":"ListItem","position":2,"name":"Type de v\u00e9hicule","item":"https:\/\/www.carideal.com\/blog\/type-de-vehicule\/"},{"@type":"ListItem","position":3,"name":"Essai Voiture Occasion","item":"https:\/\/www.carideal.com\/blog\/type-de-vehicule\/occasion-type-de-vehicule-type-de-vehicule\/"},{"@type":"ListItem","position":4,"name":"Renault Vel Satis d&rsquo;occasion une affaire originale"}]},{"@type":"WebSite","@id":"https:\/\/www.carideal.com\/blog\/#website","url":"https:\/\/www.carideal.com\/blog\/","name":"Blog auto Carid\u00e9al","description":"Actualit\u00e9 auto par des passionn\u00e9s","publisher":{"@id":"https:\/\/www.carideal.com\/blog\/#organization"},"potentialAction":[{"@type":"SearchAction","target":{"@type":"EntryPoint","urlTemplate":"https:\/\/www.carideal.com\/blog\/?s={search_term_string}"},"query-input":{"@type":"PropertyValueSpecification","valueRequired":true,"valueName":"search_term_string"}}],"inLanguage":"fr-FR"},{"@type":"Organization","@id":"https:\/\/www.carideal.com\/blog\/#organization","name":"Carideal","url":"https:\/\/www.carideal.com\/blog\/","logo":{"@type":"ImageObject","inLanguage":"fr-FR","@id":"https:\/\/www.carideal.com\/blog\/#\/schema\/logo\/image\/","url":"http:\/\/www.carideal.com\/blog\/wp-content\/uploads\/2016\/03\/logo-carideal-mandataire-automobile.png","contentUrl":"http:\/\/www.carideal.com\/blog\/wp-content\/uploads\/2016\/03\/logo-carideal-mandataire-automobile.png","width":300,"height":300,"caption":"Carideal"},"image":{"@id":"https:\/\/www.carideal.com\/blog\/#\/schema\/logo\/image\/"},"sameAs":["https:\/\/www.facebook.com\/Carideal.mandataire.automobile","https:\/\/x.com\/caridealauto","https:\/\/www.instagram.com\/carideal1\/","https:\/\/www.linkedin.com\/company\/carideal.com","https:\/\/fr.pinterest.com\/schiavonsas\/","https:\/\/www.youtube.com\/user\/caridealsas"]},{"@type":"Person","@id":"https:\/\/www.carideal.com\/blog\/#\/schema\/person\/985c7e757d1042d647f21bfaf8d41ebc","name":"N.S Carideal","image":{"@type":"ImageObject","inLanguage":"fr-FR","@id":"https:\/\/www.carideal.com\/blog\/#\/schema\/person\/image\/","url":"https:\/\/secure.gravatar.com\/avatar\/edb7ccdf1a4e3d14aef967760d354d0e?s=96&r=g","contentUrl":"https:\/\/secure.gravatar.com\/avatar\/edb7ccdf1a4e3d14aef967760d354d0e?s=96&r=g","caption":"N.S Carideal"},"description":"Depuis tout petit fan d'automobile. Il est question d'essayer et de comparer toutes ces voitures qui nous ont fait r\u00e9ver, avant que celles-ci ne devient uniquement des voitures de collection.","sameAs":["http:\/\/www.carideal.com\/blog","https:\/\/www.facebook.com\/Carideal.mandataire.automobile\/","https:\/\/www.linkedin.com\/in\/nschiavon\/","https:\/\/www.youtube.com\/user\/caridealsas\/"],"url":"https:\/\/www.carideal.com\/blog\/author\/admin_carideal\/"}]}},"uagb_featured_image_src":{"full":["https:\/\/www.carideal.com\/blog\/wp-content\/uploads\/2010\/03\/renaultvelsatisoccasioncarideal-1230998373.jpg",450,228,false],"thumbnail":["https:\/\/www.carideal.com\/blog\/wp-content\/uploads\/2010\/03\/renaultvelsatisoccasioncarideal-1230998373-150x150.jpg",150,150,true],"medium":["https:\/\/www.carideal.com\/blog\/wp-content\/uploads\/2010\/03\/renaultvelsatisoccasioncarideal-1230998373-300x152.jpg",300,152,true],"medium_large":["https:\/\/www.carideal.com\/blog\/wp-content\/uploads\/2010\/03\/renaultvelsatisoccasioncarideal-1230998373.jpg",450,228,false],"large":["https:\/\/www.carideal.com\/blog\/wp-content\/uploads\/2010\/03\/renaultvelsatisoccasioncarideal-1230998373.jpg",450,228,false],"1536x1536":["https:\/\/www.carideal.com\/blog\/wp-content\/uploads\/2010\/03\/renaultvelsatisoccasioncarideal-1230998373.jpg",450,228,false],"2048x2048":["https:\/\/www.carideal.com\/blog\/wp-content\/uploads\/2010\/03\/renaultvelsatisoccasioncarideal-1230998373.jpg",450,228,false],"wppr-widget":["https:\/\/www.carideal.com\/blog\/wp-content\/uploads\/2010\/03\/renaultvelsatisoccasioncarideal-1230998373-50x25.jpg",50,25,true]},"uagb_author_info":{"display_name":"N.S Carideal","author_link":"https:\/\/www.carideal.com\/blog\/author\/admin_carideal\/"},"uagb_comment_info":0,"uagb_excerpt":"Renault Vel Satis d'occasion une affaire originale Renault Vel satis d'occasion :\u00a0Le confort classe pullman, la Renault Vel Satis est un spacieux salon roulant. \u00c0 l'avant les si\u00e8ges sont des fauteuils de premi\u00e8re classe et \u00e0 l'arri\u00e8re, les passagers profitent d'une banquette du m\u00eame acabit. Le tout est soutenu par des suspensions et un amortissement\u2026","_links":{"self":[{"href":"https:\/\/www.carideal.com\/blog\/wp-json\/wp\/v2\/posts\/754"}],"collection":[{"href":"https:\/\/www.carideal.com\/blog\/wp-json\/wp\/v2\/posts"}],"about":[{"href":"https:\/\/www.carideal.com\/blog\/wp-json\/wp\/v2\/types\/post"}],"author":[{"embeddable":true,"href":"https:\/\/www.carideal.com\/blog\/wp-json\/wp\/v2\/users\/1"}],"replies":[{"embeddable":true,"href":"https:\/\/www.carideal.com\/blog\/wp-json\/wp\/v2\/comments?post=754"}],"version-history":[{"count":0,"href":"https:\/\/www.carideal.com\/blog\/wp-json\/wp\/v2\/posts\/754\/revisions"}],"wp:featuredmedia":[{"embeddable":true,"href":"https:\/\/www.carideal.com\/blog\/wp-json\/wp\/v2\/media\/20607"}],"wp:attachment":[{"href":"https:\/\/www.carideal.com\/blog\/wp-json\/wp\/v2\/media?parent=754"}],"wp:term":[{"taxonomy":"category","embeddable":true,"href":"https:\/\/www.carideal.com\/blog\/wp-json\/wp\/v2\/categories?post=754"},{"taxonomy":"post_tag","embeddable":true,"href":"https:\/\/www.carideal.com\/blog\/wp-json\/wp\/v2\/tags?post=754"}],"curies":[{"name":"wp","href":"https:\/\/api.w.org\/{rel}","templated":true}]}}