{"id":743,"date":"2010-02-28T21:34:00","date_gmt":"2010-02-28T21:34:00","guid":{"rendered":"http:\/\/carideal.com\/blog\/?p=743"},"modified":"2016-10-15T20:10:00","modified_gmt":"2016-10-15T18:10:00","slug":"citroen-ds-high-rider-citroen-monte-monte","status":"publish","type":"post","link":"https:\/\/www.carideal.com\/blog\/2010\/02\/28\/citroen-ds-high-rider-citroen-monte-monte\/","title":{"rendered":"Citroen DS High Rider citroen monte monte"},"content":{"rendered":"<p>&nbsp;<\/p>\n<h1><strong>Citroen DS High Rider citroen monte monte<\/strong><\/h1>\n<p>Le concept car DS High Rider pr\u00e9figure la future Citroen C4<\/p>\n<p>Comme dit l'adage, il faut battre le fer pendant qu'il est chaud, c'est exactement ce \u00e0 quoi Citroen s'emploie en se moment. Depuis son 90\u00b0 anniversaire f\u00e9t\u00e9 en F\u00e9vrier 2009, la marque surfe sur la vague DS. Une signature qui identifie des mod\u00e8les en marge de la gamme conventionnelle et qui lorgne avec originalit\u00e9 du cot\u00e9 des constructeurs de standing\u00a0: un retour du haut de gamme francais !<br \/>\nC'est officiel, une Citroen DS3, une DS4 et une DS5 compl\u00e9teront le catalogue d'ici 2011. L'hypoth\u00e8se d'une DS2 semble de plus en plus cr\u00e9dible. Cette \u00e9tude de style, tr\u00e8s r\u00e9aliste, pr\u00e9figure en effet la prochaine Citroen DS4 qui sera \u00e0 la future C4, que l'on verra pour le mondial de Paris en octobre, ce que la DS3 est \u00e0 la Citroen C3. Autrement dit, la Citroen DS4 sera une compacte chic rivale de l'Audi A3 ou de la BMW s\u00e9rie 1, tout en ajoutant une corde \u00e0 son arc \"haut de gamme\". En effet la citroen DS4 de s'affichera pas de silhouette \u00e0 trois portes, comme le fait avec z\u00e8le la DS High Rider, mais elle sera del et bien une cinq portes. Gr\u00e0ce \u00e0 un subterfuge, La citroen DS4 dissimulera ses poign\u00e9es de porte arri\u00e8re dans l'encadrement des vitres.<br \/>\nPSA Peugeot Citroen conjugue l'hybridation diesel \u00e9lectricit\u00e9 \u00e0 chacune de ses \u00e9tudes de style. Ne d\u00e9rogeant pas \u00e0 la r\u00e8gle, la DS High Rider dispose d'un moteur thermique reli\u00e9 aux roues avant et d'un bloc \u00e9lectrique animant les roues arri\u00e8res. Une architecture selon toute vraisemblance identique \u00e0 celle des futures Peugeot RCZ de 3008 hybrides, \u00e9quip\u00e9es d'un bloc 20 HDI d\u00e9livrant 163 ch. Cette puissance est port\u00e9e \u00e0 200 ch avec l'association du moteur \u00e9lectrique. Mais une hypoth\u00e8se moins on\u00e9reuse, reposant sur un bloc 1.6 HDI de 110 ch pour une puissance cumul\u00e9e de l'ordre de 150 ch n'est pas \u00e0 exclure.<\/p>\n<p><img decoding=\"async\" style=\"display: block; margin: 0 auto;\" title=\"Citroen DS high Rider, f\u00e9v. 2010\" src=\"\/blog\/public\/.citroen_ds_high_rider_carideal_2_m.jpg\" alt=\"Citroen DS high Rider\" \/><\/p>\n<blockquote><p>La citroen High Rider vue de l'AR<\/p><\/blockquote>\n<p>&nbsp;<\/p>\n<p>Citroen sortira juste apr\u00e8s la DS4<\/p>\n<p>\/\/\/ Citroen DS3<br \/>\n\/\/\/ Citroen DS3 configurateur<\/p>\n","protected":false},"excerpt":{"rendered":"<p>&nbsp; Citroen DS High Rider citroen monte monte Le concept car DS High Rider pr\u00e9figure la future Citroen C4 Comme dit l&rsquo;adage, il faut battre le fer pendant qu&rsquo;il est chaud, c&rsquo;est exactement ce \u00e0 quoi Citroen s&#8217;emploie en se moment. Depuis son 90\u00b0 anniversaire f\u00e9t\u00e9 en F\u00e9vrier 2009, la marque surfe sur la vague &#8230; <a title=\"Citroen DS High Rider citroen monte monte\" class=\"read-more\" href=\"https:\/\/www.carideal.com\/blog\/2010\/02\/28\/citroen-ds-high-rider-citroen-monte-monte\/\" aria-label=\"En savoir plus sur Citroen DS High Rider citroen monte monte\">Lire plus<\/a><\/p>\n","protected":false},"author":1,"featured_media":0,"comment_status":"open","ping_status":"open","sticky":false,"template":"","format":"standard","meta":{"_uag_custom_page_level_css":"","_themeisle_gutenberg_block_has_review":false,"footnotes":""},"categories":[10],"tags":[],"class_list":["post-743","post","type-post","status-publish","format-standard","hentry","category-marche-automobile-voiture-neuve-occasion-4x4-suv"],"wppr_data":[],"yoast_head":"<!-- This site is optimized with the Yoast SEO plugin v24.8.1 - https:\/\/yoast.com\/wordpress\/plugins\/seo\/ -->\n<title>Citroen DS High Rider citroen monte monte - Blog auto Carid\u00e9al<\/title>\n<meta name=\"robots\" content=\"index, follow, max-snippet:-1, max-image-preview:large, max-video-preview:-1\" \/>\n<link rel=\"canonical\" href=\"https:\/\/www.carideal.com\/blog\/2010\/02\/28\/citroen-ds-high-rider-citroen-monte-monte\/\" \/>\n<meta property=\"og:locale\" content=\"fr_FR\" \/>\n<meta property=\"og:type\" content=\"article\" \/>\n<meta property=\"og:title\" content=\"Citroen DS High Rider citroen monte monte - Blog auto Carid\u00e9al\" \/>\n<meta property=\"og:description\" content=\"&nbsp; Citroen DS High Rider citroen monte monte Le concept car DS High Rider pr\u00e9figure la future Citroen C4 Comme dit l&#039;adage, il faut battre le fer pendant qu&#039;il est chaud, c&#039;est exactement ce \u00e0 quoi Citroen s&#039;emploie en se moment. Depuis son 90\u00b0 anniversaire f\u00e9t\u00e9 en F\u00e9vrier 2009, la marque surfe sur la vague ... Lire plus\" \/>\n<meta property=\"og:url\" content=\"https:\/\/www.carideal.com\/blog\/2010\/02\/28\/citroen-ds-high-rider-citroen-monte-monte\/\" \/>\n<meta property=\"og:site_name\" content=\"Blog auto Carid\u00e9al\" \/>\n<meta property=\"article:publisher\" content=\"https:\/\/www.facebook.com\/Carideal.mandataire.automobile\" \/>\n<meta property=\"article:author\" content=\"https:\/\/www.facebook.com\/Carideal.mandataire.automobile\/\" \/>\n<meta property=\"article:published_time\" content=\"2010-02-28T21:34:00+00:00\" \/>\n<meta property=\"article:modified_time\" content=\"2016-10-15T18:10:00+00:00\" \/>\n<meta property=\"og:image\" content=\"https:\/\/www.carideal.com\/blog\/wp-content\/uploads\/2016\/03\/logo-carideal-mandataire-automobile.png\" \/>\n\t<meta property=\"og:image:width\" content=\"300\" \/>\n\t<meta property=\"og:image:height\" content=\"300\" \/>\n\t<meta property=\"og:image:type\" content=\"image\/png\" \/>\n<meta name=\"author\" content=\"N.S Carideal\" \/>\n<meta name=\"twitter:card\" content=\"summary_large_image\" \/>\n<meta name=\"twitter:creator\" content=\"@caridealauto\" \/>\n<meta name=\"twitter:site\" content=\"@caridealauto\" \/>\n<meta name=\"twitter:label1\" content=\"\u00c9crit par\" \/>\n\t<meta name=\"twitter:data1\" content=\"N.S Carideal\" \/>\n\t<meta name=\"twitter:label2\" content=\"Dur\u00e9e de lecture estim\u00e9e\" \/>\n\t<meta name=\"twitter:data2\" content=\"2 minutes\" \/>\n<script type=\"application\/ld+json\" class=\"yoast-schema-graph\">{\"@context\":\"https:\/\/schema.org\",\"@graph\":[{\"@type\":\"Article\",\"@id\":\"https:\/\/www.carideal.com\/blog\/2010\/02\/28\/citroen-ds-high-rider-citroen-monte-monte\/#article\",\"isPartOf\":{\"@id\":\"https:\/\/www.carideal.com\/blog\/2010\/02\/28\/citroen-ds-high-rider-citroen-monte-monte\/\"},\"author\":{\"name\":\"N.S Carideal\",\"@id\":\"https:\/\/www.carideal.com\/blog\/#\/schema\/person\/985c7e757d1042d647f21bfaf8d41ebc\"},\"headline\":\"Citroen DS High Rider citroen monte monte\",\"datePublished\":\"2010-02-28T21:34:00+00:00\",\"dateModified\":\"2016-10-15T18:10:00+00:00\",\"mainEntityOfPage\":{\"@id\":\"https:\/\/www.carideal.com\/blog\/2010\/02\/28\/citroen-ds-high-rider-citroen-monte-monte\/\"},\"wordCount\":357,\"commentCount\":0,\"publisher\":{\"@id\":\"https:\/\/www.carideal.com\/blog\/#organization\"},\"articleSection\":[\"March\u00e9 automobile\"],\"inLanguage\":\"fr-FR\",\"potentialAction\":[{\"@type\":\"CommentAction\",\"name\":\"Comment\",\"target\":[\"https:\/\/www.carideal.com\/blog\/2010\/02\/28\/citroen-ds-high-rider-citroen-monte-monte\/#respond\"]}]},{\"@type\":\"WebPage\",\"@id\":\"https:\/\/www.carideal.com\/blog\/2010\/02\/28\/citroen-ds-high-rider-citroen-monte-monte\/\",\"url\":\"https:\/\/www.carideal.com\/blog\/2010\/02\/28\/citroen-ds-high-rider-citroen-monte-monte\/\",\"name\":\"Citroen DS High Rider citroen monte monte - Blog auto Carid\u00e9al\",\"isPartOf\":{\"@id\":\"https:\/\/www.carideal.com\/blog\/#website\"},\"datePublished\":\"2010-02-28T21:34:00+00:00\",\"dateModified\":\"2016-10-15T18:10:00+00:00\",\"breadcrumb\":{\"@id\":\"https:\/\/www.carideal.com\/blog\/2010\/02\/28\/citroen-ds-high-rider-citroen-monte-monte\/#breadcrumb\"},\"inLanguage\":\"fr-FR\",\"potentialAction\":[{\"@type\":\"ReadAction\",\"target\":[\"https:\/\/www.carideal.com\/blog\/2010\/02\/28\/citroen-ds-high-rider-citroen-monte-monte\/\"]}]},{\"@type\":\"BreadcrumbList\",\"@id\":\"https:\/\/www.carideal.com\/blog\/2010\/02\/28\/citroen-ds-high-rider-citroen-monte-monte\/#breadcrumb\",\"itemListElement\":[{\"@type\":\"ListItem\",\"position\":1,\"name\":\"Blog Carid\u00e9al\",\"item\":\"https:\/\/www.carideal.com\/blog\/\"},{\"@type\":\"ListItem\",\"position\":2,\"name\":\"March\u00e9 automobile\",\"item\":\"https:\/\/www.carideal.com\/blog\/marche-automobile-voiture-neuve-occasion-4x4-suv\/\"},{\"@type\":\"ListItem\",\"position\":3,\"name\":\"Citroen DS High Rider citroen monte monte\"}]},{\"@type\":\"WebSite\",\"@id\":\"https:\/\/www.carideal.com\/blog\/#website\",\"url\":\"https:\/\/www.carideal.com\/blog\/\",\"name\":\"Blog auto Carid\u00e9al\",\"description\":\"Actualit\u00e9 auto par des passionn\u00e9s\",\"publisher\":{\"@id\":\"https:\/\/www.carideal.com\/blog\/#organization\"},\"potentialAction\":[{\"@type\":\"SearchAction\",\"target\":{\"@type\":\"EntryPoint\",\"urlTemplate\":\"https:\/\/www.carideal.com\/blog\/?s={search_term_string}\"},\"query-input\":{\"@type\":\"PropertyValueSpecification\",\"valueRequired\":true,\"valueName\":\"search_term_string\"}}],\"inLanguage\":\"fr-FR\"},{\"@type\":\"Organization\",\"@id\":\"https:\/\/www.carideal.com\/blog\/#organization\",\"name\":\"Carideal\",\"url\":\"https:\/\/www.carideal.com\/blog\/\",\"logo\":{\"@type\":\"ImageObject\",\"inLanguage\":\"fr-FR\",\"@id\":\"https:\/\/www.carideal.com\/blog\/#\/schema\/logo\/image\/\",\"url\":\"http:\/\/www.carideal.com\/blog\/wp-content\/uploads\/2016\/03\/logo-carideal-mandataire-automobile.png\",\"contentUrl\":\"http:\/\/www.carideal.com\/blog\/wp-content\/uploads\/2016\/03\/logo-carideal-mandataire-automobile.png\",\"width\":300,\"height\":300,\"caption\":\"Carideal\"},\"image\":{\"@id\":\"https:\/\/www.carideal.com\/blog\/#\/schema\/logo\/image\/\"},\"sameAs\":[\"https:\/\/www.facebook.com\/Carideal.mandataire.automobile\",\"https:\/\/x.com\/caridealauto\",\"https:\/\/www.instagram.com\/carideal1\/\",\"https:\/\/www.linkedin.com\/company\/carideal.com\",\"https:\/\/fr.pinterest.com\/schiavonsas\/\",\"https:\/\/www.youtube.com\/user\/caridealsas\"]},{\"@type\":\"Person\",\"@id\":\"https:\/\/www.carideal.com\/blog\/#\/schema\/person\/985c7e757d1042d647f21bfaf8d41ebc\",\"name\":\"N.S Carideal\",\"image\":{\"@type\":\"ImageObject\",\"inLanguage\":\"fr-FR\",\"@id\":\"https:\/\/www.carideal.com\/blog\/#\/schema\/person\/image\/\",\"url\":\"https:\/\/secure.gravatar.com\/avatar\/edb7ccdf1a4e3d14aef967760d354d0e?s=96&r=g\",\"contentUrl\":\"https:\/\/secure.gravatar.com\/avatar\/edb7ccdf1a4e3d14aef967760d354d0e?s=96&r=g\",\"caption\":\"N.S Carideal\"},\"description\":\"Depuis tout petit fan d'automobile. Il est question d'essayer et de comparer toutes ces voitures qui nous ont fait r\u00e9ver, avant que celles-ci ne devient uniquement des voitures de collection.\",\"sameAs\":[\"http:\/\/www.carideal.com\/blog\",\"https:\/\/www.facebook.com\/Carideal.mandataire.automobile\/\",\"https:\/\/www.linkedin.com\/in\/nschiavon\/\",\"https:\/\/www.youtube.com\/user\/caridealsas\/\"],\"url\":\"https:\/\/www.carideal.com\/blog\/author\/admin_carideal\/\"}]}<\/script>\n<!-- \/ Yoast SEO plugin. -->","yoast_head_json":{"title":"Citroen DS High Rider citroen monte monte - Blog auto Carid\u00e9al","robots":{"index":"index","follow":"follow","max-snippet":"max-snippet:-1","max-image-preview":"max-image-preview:large","max-video-preview":"max-video-preview:-1"},"canonical":"https:\/\/www.carideal.com\/blog\/2010\/02\/28\/citroen-ds-high-rider-citroen-monte-monte\/","og_locale":"fr_FR","og_type":"article","og_title":"Citroen DS High Rider citroen monte monte - Blog auto Carid\u00e9al","og_description":"&nbsp; Citroen DS High Rider citroen monte monte Le concept car DS High Rider pr\u00e9figure la future Citroen C4 Comme dit l'adage, il faut battre le fer pendant qu'il est chaud, c'est exactement ce \u00e0 quoi Citroen s'emploie en se moment. Depuis son 90\u00b0 anniversaire f\u00e9t\u00e9 en F\u00e9vrier 2009, la marque surfe sur la vague ... Lire plus","og_url":"https:\/\/www.carideal.com\/blog\/2010\/02\/28\/citroen-ds-high-rider-citroen-monte-monte\/","og_site_name":"Blog auto Carid\u00e9al","article_publisher":"https:\/\/www.facebook.com\/Carideal.mandataire.automobile","article_author":"https:\/\/www.facebook.com\/Carideal.mandataire.automobile\/","article_published_time":"2010-02-28T21:34:00+00:00","article_modified_time":"2016-10-15T18:10:00+00:00","og_image":[{"width":300,"height":300,"url":"https:\/\/www.carideal.com\/blog\/wp-content\/uploads\/2016\/03\/logo-carideal-mandataire-automobile.png","type":"image\/png"}],"author":"N.S Carideal","twitter_card":"summary_large_image","twitter_creator":"@caridealauto","twitter_site":"@caridealauto","twitter_misc":{"\u00c9crit par":"N.S Carideal","Dur\u00e9e de lecture estim\u00e9e":"2 minutes"},"schema":{"@context":"https:\/\/schema.org","@graph":[{"@type":"Article","@id":"https:\/\/www.carideal.com\/blog\/2010\/02\/28\/citroen-ds-high-rider-citroen-monte-monte\/#article","isPartOf":{"@id":"https:\/\/www.carideal.com\/blog\/2010\/02\/28\/citroen-ds-high-rider-citroen-monte-monte\/"},"author":{"name":"N.S Carideal","@id":"https:\/\/www.carideal.com\/blog\/#\/schema\/person\/985c7e757d1042d647f21bfaf8d41ebc"},"headline":"Citroen DS High Rider citroen monte monte","datePublished":"2010-02-28T21:34:00+00:00","dateModified":"2016-10-15T18:10:00+00:00","mainEntityOfPage":{"@id":"https:\/\/www.carideal.com\/blog\/2010\/02\/28\/citroen-ds-high-rider-citroen-monte-monte\/"},"wordCount":357,"commentCount":0,"publisher":{"@id":"https:\/\/www.carideal.com\/blog\/#organization"},"articleSection":["March\u00e9 automobile"],"inLanguage":"fr-FR","potentialAction":[{"@type":"CommentAction","name":"Comment","target":["https:\/\/www.carideal.com\/blog\/2010\/02\/28\/citroen-ds-high-rider-citroen-monte-monte\/#respond"]}]},{"@type":"WebPage","@id":"https:\/\/www.carideal.com\/blog\/2010\/02\/28\/citroen-ds-high-rider-citroen-monte-monte\/","url":"https:\/\/www.carideal.com\/blog\/2010\/02\/28\/citroen-ds-high-rider-citroen-monte-monte\/","name":"Citroen DS High Rider citroen monte monte - Blog auto Carid\u00e9al","isPartOf":{"@id":"https:\/\/www.carideal.com\/blog\/#website"},"datePublished":"2010-02-28T21:34:00+00:00","dateModified":"2016-10-15T18:10:00+00:00","breadcrumb":{"@id":"https:\/\/www.carideal.com\/blog\/2010\/02\/28\/citroen-ds-high-rider-citroen-monte-monte\/#breadcrumb"},"inLanguage":"fr-FR","potentialAction":[{"@type":"ReadAction","target":["https:\/\/www.carideal.com\/blog\/2010\/02\/28\/citroen-ds-high-rider-citroen-monte-monte\/"]}]},{"@type":"BreadcrumbList","@id":"https:\/\/www.carideal.com\/blog\/2010\/02\/28\/citroen-ds-high-rider-citroen-monte-monte\/#breadcrumb","itemListElement":[{"@type":"ListItem","position":1,"name":"Blog Carid\u00e9al","item":"https:\/\/www.carideal.com\/blog\/"},{"@type":"ListItem","position":2,"name":"March\u00e9 automobile","item":"https:\/\/www.carideal.com\/blog\/marche-automobile-voiture-neuve-occasion-4x4-suv\/"},{"@type":"ListItem","position":3,"name":"Citroen DS High Rider citroen monte monte"}]},{"@type":"WebSite","@id":"https:\/\/www.carideal.com\/blog\/#website","url":"https:\/\/www.carideal.com\/blog\/","name":"Blog auto Carid\u00e9al","description":"Actualit\u00e9 auto par des passionn\u00e9s","publisher":{"@id":"https:\/\/www.carideal.com\/blog\/#organization"},"potentialAction":[{"@type":"SearchAction","target":{"@type":"EntryPoint","urlTemplate":"https:\/\/www.carideal.com\/blog\/?s={search_term_string}"},"query-input":{"@type":"PropertyValueSpecification","valueRequired":true,"valueName":"search_term_string"}}],"inLanguage":"fr-FR"},{"@type":"Organization","@id":"https:\/\/www.carideal.com\/blog\/#organization","name":"Carideal","url":"https:\/\/www.carideal.com\/blog\/","logo":{"@type":"ImageObject","inLanguage":"fr-FR","@id":"https:\/\/www.carideal.com\/blog\/#\/schema\/logo\/image\/","url":"http:\/\/www.carideal.com\/blog\/wp-content\/uploads\/2016\/03\/logo-carideal-mandataire-automobile.png","contentUrl":"http:\/\/www.carideal.com\/blog\/wp-content\/uploads\/2016\/03\/logo-carideal-mandataire-automobile.png","width":300,"height":300,"caption":"Carideal"},"image":{"@id":"https:\/\/www.carideal.com\/blog\/#\/schema\/logo\/image\/"},"sameAs":["https:\/\/www.facebook.com\/Carideal.mandataire.automobile","https:\/\/x.com\/caridealauto","https:\/\/www.instagram.com\/carideal1\/","https:\/\/www.linkedin.com\/company\/carideal.com","https:\/\/fr.pinterest.com\/schiavonsas\/","https:\/\/www.youtube.com\/user\/caridealsas"]},{"@type":"Person","@id":"https:\/\/www.carideal.com\/blog\/#\/schema\/person\/985c7e757d1042d647f21bfaf8d41ebc","name":"N.S Carideal","image":{"@type":"ImageObject","inLanguage":"fr-FR","@id":"https:\/\/www.carideal.com\/blog\/#\/schema\/person\/image\/","url":"https:\/\/secure.gravatar.com\/avatar\/edb7ccdf1a4e3d14aef967760d354d0e?s=96&r=g","contentUrl":"https:\/\/secure.gravatar.com\/avatar\/edb7ccdf1a4e3d14aef967760d354d0e?s=96&r=g","caption":"N.S Carideal"},"description":"Depuis tout petit fan d'automobile. Il est question d'essayer et de comparer toutes ces voitures qui nous ont fait r\u00e9ver, avant que celles-ci ne devient uniquement des voitures de collection.","sameAs":["http:\/\/www.carideal.com\/blog","https:\/\/www.facebook.com\/Carideal.mandataire.automobile\/","https:\/\/www.linkedin.com\/in\/nschiavon\/","https:\/\/www.youtube.com\/user\/caridealsas\/"],"url":"https:\/\/www.carideal.com\/blog\/author\/admin_carideal\/"}]}},"uagb_featured_image_src":{"full":false,"thumbnail":false,"medium":false,"medium_large":false,"large":false,"1536x1536":false,"2048x2048":false,"wppr-widget":false},"uagb_author_info":{"display_name":"N.S Carideal","author_link":"https:\/\/www.carideal.com\/blog\/author\/admin_carideal\/"},"uagb_comment_info":0,"uagb_excerpt":"&nbsp; Citroen DS High Rider citroen monte monte Le concept car DS High Rider pr\u00e9figure la future Citroen C4 Comme dit l'adage, il faut battre le fer pendant qu'il est chaud, c'est exactement ce \u00e0 quoi Citroen s'emploie en se moment. Depuis son 90\u00b0 anniversaire f\u00e9t\u00e9 en F\u00e9vrier 2009, la marque surfe sur la vague\u2026","_links":{"self":[{"href":"https:\/\/www.carideal.com\/blog\/wp-json\/wp\/v2\/posts\/743"}],"collection":[{"href":"https:\/\/www.carideal.com\/blog\/wp-json\/wp\/v2\/posts"}],"about":[{"href":"https:\/\/www.carideal.com\/blog\/wp-json\/wp\/v2\/types\/post"}],"author":[{"embeddable":true,"href":"https:\/\/www.carideal.com\/blog\/wp-json\/wp\/v2\/users\/1"}],"replies":[{"embeddable":true,"href":"https:\/\/www.carideal.com\/blog\/wp-json\/wp\/v2\/comments?post=743"}],"version-history":[{"count":0,"href":"https:\/\/www.carideal.com\/blog\/wp-json\/wp\/v2\/posts\/743\/revisions"}],"wp:attachment":[{"href":"https:\/\/www.carideal.com\/blog\/wp-json\/wp\/v2\/media?parent=743"}],"wp:term":[{"taxonomy":"category","embeddable":true,"href":"https:\/\/www.carideal.com\/blog\/wp-json\/wp\/v2\/categories?post=743"},{"taxonomy":"post_tag","embeddable":true,"href":"https:\/\/www.carideal.com\/blog\/wp-json\/wp\/v2\/tags?post=743"}],"curies":[{"name":"wp","href":"https:\/\/api.w.org\/{rel}","templated":true}]}}