{"id":740,"date":"2010-02-20T14:54:00","date_gmt":"2010-02-20T14:54:00","guid":{"rendered":"http:\/\/carideal.com\/blog\/?p=740"},"modified":"2024-01-18T19:24:42","modified_gmt":"2024-01-18T18:24:42","slug":"voiture-d-occasion-citadine-polyvalente-a-9000-e","status":"publish","type":"post","link":"https:\/\/www.carideal.com\/blog\/2010\/02\/20\/voiture-d-occasion-citadine-polyvalente-a-9000-e\/","title":{"rendered":"Voiture citadine occasion \u00e0 9000 \u20ac"},"content":{"rendered":"\n<h2 class=\"wp-block-heading\">Voiture citadine d'occasion \u00e0 9000 \u20ac<\/h2>\n\n\n\n<p>Ce Budget,&nbsp;c'est la d\u00e9pense moyenne pour avoir acc\u00e8s \u00e0 une <strong>VOITURE&nbsp;CITADINE&nbsp;OCCASION \u00c0&nbsp;9000 \u20ac<\/strong>, de cette cat\u00e9gorie.&nbsp;Et&nbsp;pour ce budget le choix est abondant. Si le diesel devient&nbsp;accessible,&nbsp;&nbsp;les stars&nbsp;du&nbsp;march\u00e9&nbsp;afficheront de fort kilom\u00e9trage. On va vous guider pour bien <span style=\"text-decoration: underline;\">acheter votre voiture d'occasion<\/span>.<\/p>\n\n\n\n<figure class=\"wp-block-image alignnone size-full wp-image-20592\"><img loading=\"lazy\" decoding=\"async\" width=\"448\" height=\"336\" src=\"http:\/\/www.carideal.com\/blog\/wp-content\/uploads\/2010\/02\/image-8113-citroen-c3-hdi-70-pack-clim-schiavon-carideal-3_m.jpg\" alt=\"Voiture citadine occasion \u00e0 9000 \u20ac\" class=\"wp-image-20592\" srcset=\"https:\/\/www.carideal.com\/blog\/wp-content\/uploads\/2010\/02\/image-8113-citroen-c3-hdi-70-pack-clim-schiavon-carideal-3_m.jpg 448w, https:\/\/www.carideal.com\/blog\/wp-content\/uploads\/2010\/02\/image-8113-citroen-c3-hdi-70-pack-clim-schiavon-carideal-3_m-300x225.jpg 300w, https:\/\/www.carideal.com\/blog\/wp-content\/uploads\/2010\/02\/image-8113-citroen-c3-hdi-70-pack-clim-schiavon-carideal-3_m-50x38.jpg 50w, https:\/\/www.carideal.com\/blog\/wp-content\/uploads\/2010\/02\/image-8113-citroen-c3-hdi-70-pack-clim-schiavon-carideal-3_m-110x83.jpg 110w, https:\/\/www.carideal.com\/blog\/wp-content\/uploads\/2010\/02\/image-8113-citroen-c3-hdi-70-pack-clim-schiavon-carideal-3_m-420x315.jpg 420w\" sizes=\"(max-width: 448px) 100vw, 448px\" \/><figcaption class=\"wp-element-caption\">Voiture citadine occasion \u00e0 9000 \u20ac<\/figcaption><\/figure>\n\n\n\n<h2 class=\"wp-block-heading\">Voiture citadine occasion \u00e0 9000 \u20ac&nbsp;Citroen C3 la plus s\u00e9duisante<\/h2>\n\n\n\n<p>Citroen C3 occasion 1,4 hdi pack clim de 2006 55000 km&nbsp;Citroen c3 hdi d'occasion de 2007 \u00e0 8900 \u20ac<\/p>\n\n\n\n<p>Si la bonne petite bouille s\u00e9duit encore, elle n'a pas que \u00e7a \u00e0 faire valoir. Tout d'abord, cette voiture citadine d'occasion \u00e0 9000 \u20ac,&nbsp;profite d'un excellent compromis entre comportement routier, au-dessus de tout soup\u00e7on et confort de suspension tr\u00e8s honorable. Les grands espaces vitr\u00e9s et les couleurs claires des rev\u00eatements int\u00e9rieurs am\u00e9liorent l'ambiance \u00e0 bord.<br>Mais tout n'est pas rose. \u00c0 commencer par une finition m\u00e9diocre, des places arri\u00e8res manquant d'espace pour les genoux et un coffre tarabiscot\u00e9. Nombre de mod\u00e8les sont disponibles sur le march\u00e9, il ne faut donc pas h\u00e9siter \u00e0 faire jouer la concurrence.<br>Pour 9000 \u20ac on <span style=\"text-decoration: underline;\">ach\u00e8te une <a href=\"http:\/\/www.carideal.com\/blog\/2008\/05\/28\/citroen-c3-d-occasion-citroen-c3\/\">Citroen C3&nbsp;d'occasion<\/a><\/span>&nbsp;restyl\u00e9e, \u00e0 partir de septembre 2005, dont la pr\u00e9sentation int\u00e9rieure a progress\u00e9 tout comme la fiabilit\u00e9. Sur ce point la Citroen C3 a connu de nombreux soucis de jeunesse, notamment de turbo.<\/p>\n\n\n\n<h2 class=\"wp-block-heading\">Voiture citadine occasion \u00e0 9000 \u20ac Peugeot 206 la plus diffus\u00e9e<\/h2>\n\n\n\n<p>Achat Peugeot 206 d'occasion 2,0 hdi x line clim 5p de 2005 80 000 km<\/p>\n\n\n\n<figure class=\"wp-block-image alignnone size-full wp-image-20593\"><img loading=\"lazy\" decoding=\"async\" width=\"448\" height=\"260\" src=\"http:\/\/www.carideal.com\/blog\/wp-content\/uploads\/2010\/02\/peugeot_206_carideal-2_m.jpg\" alt=\"Voiture citadine occasion \u00e0 9000 \u20ac Peugeot 206\" class=\"wp-image-20593\" srcset=\"https:\/\/www.carideal.com\/blog\/wp-content\/uploads\/2010\/02\/peugeot_206_carideal-2_m.jpg 448w, https:\/\/www.carideal.com\/blog\/wp-content\/uploads\/2010\/02\/peugeot_206_carideal-2_m-300x174.jpg 300w, https:\/\/www.carideal.com\/blog\/wp-content\/uploads\/2010\/02\/peugeot_206_carideal-2_m-50x29.jpg 50w, https:\/\/www.carideal.com\/blog\/wp-content\/uploads\/2010\/02\/peugeot_206_carideal-2_m-110x64.jpg 110w, https:\/\/www.carideal.com\/blog\/wp-content\/uploads\/2010\/02\/peugeot_206_carideal-2_m-420x244.jpg 420w\" sizes=\"(max-width: 448px) 100vw, 448px\" \/><figcaption class=\"wp-element-caption\">Voiture citadine occasion \u00e0 9000 \u20ac Peugeot 206<\/figcaption><\/figure>\n\n\n\n<p>Ce best-seller des ventes&nbsp;<a href=\"http:\/\/www.carideal.com\/blog\/marque-de-voiture-actualites-essais\/peugeot\/\">Peugeot<\/a> est loin d'\u00eatre brad\u00e9. Il est donc pr\u00e9f\u00e9rable de prospecter dans les annonces afin de d\u00e9nicher le meilleur rapport entre prix et kilom\u00e9trage.<br>La voiture citadine occasion \u00e0 9000 \u20ac de Peugeot&nbsp;\u00e9quip\u00e9e du moteur 2,0 HDI de 90 ch allie souplesse et performances, lui permettant de sortir des centres urbains pour affirmer sa sportivit\u00e9. On peut d'ailleurs lui reprocher son train arri\u00e8re un peu vif.<br>Si la ligne ext\u00e9rieure de la <a href=\"http:\/\/www.carideal.com\/blog\/2008\/09\/23\/peugeot-206-occasion\/\">Peugeot 206<\/a> a bien vieilli, les mat\u00e9riaux de l'habitacle n'ont pas eu cette chance. Toutefois, avec ses cotes d'habitabilit\u00e9 qui se situe dans la moyenne, elle garde le sens de l'accueil. Au chapitre fiabilit\u00e9, le 2,0 HDI pose peu de probl\u00e8mes, hormis quelques suintements d'huile sur le circuit.<\/p>\n\n\n\n<p>Vous avez plus de Budget ? Lisez notre comparatif sur l'<span style=\"text-decoration: underline;\"><a href=\"http:\/\/www.carideal.com\/blog\/2010\/02\/24\/voiture-doccasion-citadine-polyvalente-a-12000e\/\" target=\"_blank\" rel=\"noopener noreferrer\">achat de voiture d'occasion citadine \u00e0 12000 \u20ac<\/a>,<\/span> ou consultez nos <span style=\"text-decoration: underline;\"><a href=\"http:\/\/www.carideal.com\/blog\/2008\/11\/07\/petites-annonces-gratuites-de-voitures-doccasions\/\" target=\"_blank\" rel=\"noopener noreferrer\">annonces gratuites de voitures d'occasions<\/a><\/span>.<\/p>\n\n\n\n<h2 class=\"wp-block-heading\">Renault Clio Campus d'occasion \u00e0 9000 \u20ac la plus homog\u00e8ne<\/h2>\n\n\n\n<p>Clio d'occasion 1.5 dci 65 Dynamique 5p 50000 km<\/p>\n\n\n\n<p>C'est la version restyl\u00e9e et simplifi\u00e9e de la <a href=\"http:\/\/www.carideal.com\/blog\/2010\/03\/21\/renault-clio-gordini-rs\/\">Clio phase II<\/a>. Fini les plastiques mouss\u00e9s de la planche de bord, place \u00e0 des mat\u00e9riaux plus basiques. Elle affiche un confort de suspension encore d'actualit\u00e9 tout en proposant un comportement rassurant et pr\u00e9venant.<br>Les places arri\u00e8res de la <a href=\"http:\/\/www.carideal.com\/blog\/marque-de-voiture-actualites-essais\/renault\/\">Renault<\/a> Clio Campus sont plut\u00f4t \u00e0 r\u00e9server aux personnes de taille moyenne, la garde au toit \u00e9tant limit\u00e9e. La bonne insonorisation permet d'envisager sereinement de long trajet. On peut toutefois regretter la puissance un peu juste de ce 1.5 dci de 65 ch sur route, mais la faible consommation lui fera pardonner cela.<br>Ayant connu moult probl\u00e8mes lors de sa sortie, les derniers mill\u00e9simes offrent une bonne tranquillit\u00e9 d'utilisation et les kilom\u00e9trages affich\u00e9s ne sont pas trop \u00e9lev\u00e9s. Enfin, les tarifs des pi\u00e8ces d\u00e9tach\u00e9es sont inf\u00e9rieurs \u00e0 la moyenne.<\/p>\n\n\n\n<h2 class=\"wp-block-heading\">Voiture citadine occasion \u00e0 9000 \u20ac&nbsp;Skoda Fabia 2&nbsp;la plus fiable<\/h2>\n\n\n\n<p>Dans ce comparatif de voiture citadine occasion \u00e0 9000 \u20ac, c'est\u00a0celle qui pr\u00e9sente le moins de kilom\u00e8tres du plateau \u00e0 ce tarif et ce n'est pas l\u00e0 son seul atout. Cette\u00a0<a href=\"http:\/\/www.carideal.com\/blog\/2014\/11\/13\/skoda-fabia-iii\/\">Skoda Fabia<\/a> d'occasion \u00e0 9000 \u20ac\u00a0b\u00e9n\u00e9ficie d'une tr\u00e8s bonne habitabilit\u00e9, d'une contenance de coffre importante de 300 litres et d'une tenue de route qui ne souffre aucune critique.<\/p>\n\n\n\n<ul class=\"wp-block-list\">\n<li><a href=\"http:\/\/www.carideal.com\/blog\/2019\/12\/03\/voitures-doccasion-les-plus-fiables-2019\/\">Voiture d'occasion les plus fiables<\/a><\/li>\n<\/ul>\n\n\n\n<p>Quoiqu' aust\u00e8re, l'ambiance int\u00e9rieure, propose un assemblage de qualit\u00e9 et une pr\u00e9sentation assez soign\u00e9e. La plupart des \u00e9l\u00e9ments m\u00e9caniques ne sont pas nouveaux et ont \u00e9t\u00e9 fiabilis\u00e9s avec le temps. Toutefois, elle ne pr\u00e9sente pas que des qualit\u00e9s. \u00c0 commencer par ce trois cylindres qui se r\u00e9v\u00e8le bruyant, vibrant et creux \u00e0 bas r\u00e9gime. Plut\u00f4t g\u00eanant en ville. Heureusement sa consommation est faible. Si vous parcourez peu de kilom\u00e8tres, dirigez-vous sans h\u00e9sitation vers une version \u00e0 essence quatre cylindres, bien plus agr\u00e9able.<\/p>\n\n\n\n<h2 class=\"wp-block-heading\">Opel Corsa d'occasion \u00e0 9000 \u20ac<\/h2>\n\n\n\n<p><span style=\"text-decoration: underline;\">Achat Opel Corsa occasion<\/span> 1.3 cdti 90 cosmo de 2006 60000km<\/p>\n\n\n\n<p>D\u00e9velopp\u00e9 sur la base de la <a href=\"http:\/\/www.carideal.com\/blog\/2009\/02\/13\/fiat-grande-punto-d-occasion\/\"><span style=\"text-decoration: underline;\">Fiat Grande Punto<\/span><\/a>, ce mod\u00e8le se d\u00e9fend bien sur la route sans toutefois atteindre le niveau des meilleures et son agr\u00e9ment reste limit\u00e9. L'habitabilit\u00e9 est bonne, l'acc\u00e8s au coffre moyen et le confort sans \u00e9clat.<br>Enfin, cette polyvalente se pare d'une finition moyenne alors que la fiabilit\u00e9 est d'un niveau correct.<\/p>\n\n\n\n<h2 class=\"wp-block-heading\">Toyota Yaris d'occasion \u00e0 9000 \u20ac<\/h2>\n\n\n\n<p><span style=\"text-decoration: underline;\">Toyota Yaris occasion<\/span> 90 D4D luna 5P de 2006 60000 km<\/p>\n\n\n\n<p>Cette voiture citadine d'occasion \u00e0 9000 \u20ac est&nbsp;l'un des mod\u00e8les les plus intelligents du march\u00e9. Compact \u00e0 l'ext\u00e9rieur, 3,75 m, la plus fran\u00e7aise des nippones propose un habitacle tr\u00e8s sp\u00e9cieux, modulable gr\u00e2ce \u00e0 la banquette coulissante et truff\u00e9 de rangements. Dommage que la qualit\u00e9 per\u00e7ue ne soit pas \u00e0 l'avenant sur cette <a href=\"http:\/\/www.carideal.com\/blog\/2012\/06\/26\/toyota-yaris\/\">Yaris<\/a>. \u00c0 l'aise en ville, elle l'est \u00e9galement sur route, mais au d\u00e9triment du confort. Un achat sans soucis en termes de fiabilit\u00e9. Circuit d'injection, et les rotules du train avant peuvent s'user rapidement.<\/p>\n","protected":false},"excerpt":{"rendered":"<p>Voiture citadine d&rsquo;occasion \u00e0 9000 \u20ac Ce Budget,&nbsp;c&rsquo;est la d\u00e9pense moyenne pour avoir acc\u00e8s \u00e0 une VOITURE&nbsp;CITADINE&nbsp;OCCASION \u00c0&nbsp;9000 \u20ac, de cette cat\u00e9gorie.&nbsp;Et&nbsp;pour ce budget le choix est abondant. Si le diesel devient&nbsp;accessible,&nbsp;&nbsp;les stars&nbsp;du&nbsp;march\u00e9&nbsp;afficheront de fort kilom\u00e9trage. On va vous guider pour bien acheter votre voiture d&rsquo;occasion. Voiture citadine occasion \u00e0 9000 \u20ac&nbsp;Citroen C3 la plus &#8230; <a title=\"Voiture citadine occasion \u00e0 9000 \u20ac\" class=\"read-more\" href=\"https:\/\/www.carideal.com\/blog\/2010\/02\/20\/voiture-d-occasion-citadine-polyvalente-a-9000-e\/\" aria-label=\"En savoir plus sur Voiture citadine occasion \u00e0 9000 \u20ac\">Lire plus<\/a><\/p>\n","protected":false},"author":1,"featured_media":20592,"comment_status":"open","ping_status":"open","sticky":false,"template":"","format":"standard","meta":{"_uag_custom_page_level_css":"","_themeisle_gutenberg_block_has_review":false,"footnotes":""},"categories":[6025,5974],"tags":[5044],"class_list":["post-740","post","type-post","status-publish","format-standard","has-post-thumbnail","hentry","category-occasion-type-de-vehicule-type-de-vehicule","category-type-de-vehicule","tag-guide-achat"],"wppr_data":{"cwp_meta_box_check":"No"},"yoast_head":"<!-- This site is optimized with the Yoast SEO plugin v24.8.1 - https:\/\/yoast.com\/wordpress\/plugins\/seo\/ -->\n<title>Voiture citadine occasion \u00e0 9000 \u20ac - Blog auto Carid\u00e9al<\/title>\n<meta name=\"description\" content=\"Ce Budget, c&#039;est la d\u00e9pense moyenne pour avoir acc\u00e8s \u00e0 une voiture citadine occasion \u00e0 9000 \u20ac, de cette cat\u00e9gorie. Et pour ce budget le choix est abondant.\" \/>\n<meta name=\"robots\" content=\"index, follow, max-snippet:-1, max-image-preview:large, max-video-preview:-1\" \/>\n<link rel=\"canonical\" href=\"https:\/\/www.carideal.com\/blog\/2010\/02\/20\/voiture-d-occasion-citadine-polyvalente-a-9000-e\/\" \/>\n<meta property=\"og:locale\" content=\"fr_FR\" \/>\n<meta property=\"og:type\" content=\"article\" \/>\n<meta property=\"og:title\" content=\"Voiture citadine occasion \u00e0 9000 \u20ac - Blog auto Carid\u00e9al\" \/>\n<meta property=\"og:description\" content=\"Ce Budget, c&#039;est la d\u00e9pense moyenne pour avoir acc\u00e8s \u00e0 une voiture citadine occasion \u00e0 9000 \u20ac, de cette cat\u00e9gorie. Et pour ce budget le choix est abondant.\" \/>\n<meta property=\"og:url\" content=\"https:\/\/www.carideal.com\/blog\/2010\/02\/20\/voiture-d-occasion-citadine-polyvalente-a-9000-e\/\" \/>\n<meta property=\"og:site_name\" content=\"Blog auto Carid\u00e9al\" \/>\n<meta property=\"article:publisher\" content=\"https:\/\/www.facebook.com\/Carideal.mandataire.automobile\" \/>\n<meta property=\"article:author\" content=\"https:\/\/www.facebook.com\/Carideal.mandataire.automobile\/\" \/>\n<meta property=\"article:published_time\" content=\"2010-02-20T14:54:00+00:00\" \/>\n<meta property=\"article:modified_time\" content=\"2024-01-18T18:24:42+00:00\" \/>\n<meta property=\"og:image\" content=\"https:\/\/www.carideal.com\/blog\/wp-content\/uploads\/2010\/02\/image-8113-citroen-c3-hdi-70-pack-clim-schiavon-carideal-3_m.jpg\" \/>\n\t<meta property=\"og:image:width\" content=\"448\" \/>\n\t<meta property=\"og:image:height\" content=\"336\" \/>\n\t<meta property=\"og:image:type\" content=\"image\/jpeg\" \/>\n<meta name=\"author\" content=\"N.S Carideal\" \/>\n<meta name=\"twitter:card\" content=\"summary_large_image\" \/>\n<meta name=\"twitter:creator\" content=\"@caridealauto\" \/>\n<meta name=\"twitter:site\" content=\"@caridealauto\" \/>\n<meta name=\"twitter:label1\" content=\"\u00c9crit par\" \/>\n\t<meta name=\"twitter:data1\" content=\"N.S Carideal\" \/>\n\t<meta name=\"twitter:label2\" content=\"Dur\u00e9e de lecture estim\u00e9e\" \/>\n\t<meta name=\"twitter:data2\" content=\"6 minutes\" \/>\n<script type=\"application\/ld+json\" class=\"yoast-schema-graph\">{\"@context\":\"https:\/\/schema.org\",\"@graph\":[{\"@type\":\"Article\",\"@id\":\"https:\/\/www.carideal.com\/blog\/2010\/02\/20\/voiture-d-occasion-citadine-polyvalente-a-9000-e\/#article\",\"isPartOf\":{\"@id\":\"https:\/\/www.carideal.com\/blog\/2010\/02\/20\/voiture-d-occasion-citadine-polyvalente-a-9000-e\/\"},\"author\":{\"name\":\"N.S Carideal\",\"@id\":\"https:\/\/www.carideal.com\/blog\/#\/schema\/person\/985c7e757d1042d647f21bfaf8d41ebc\"},\"headline\":\"Voiture citadine occasion \u00e0 9000 \u20ac\",\"datePublished\":\"2010-02-20T14:54:00+00:00\",\"dateModified\":\"2024-01-18T18:24:42+00:00\",\"mainEntityOfPage\":{\"@id\":\"https:\/\/www.carideal.com\/blog\/2010\/02\/20\/voiture-d-occasion-citadine-polyvalente-a-9000-e\/\"},\"wordCount\":922,\"commentCount\":0,\"publisher\":{\"@id\":\"https:\/\/www.carideal.com\/blog\/#organization\"},\"image\":{\"@id\":\"https:\/\/www.carideal.com\/blog\/2010\/02\/20\/voiture-d-occasion-citadine-polyvalente-a-9000-e\/#primaryimage\"},\"thumbnailUrl\":\"https:\/\/www.carideal.com\/blog\/wp-content\/uploads\/2010\/02\/image-8113-citroen-c3-hdi-70-pack-clim-schiavon-carideal-3_m.jpg\",\"keywords\":[\"Guide achat voiture\"],\"articleSection\":[\"Essai Voiture Occasion\",\"Type de v\u00e9hicule\"],\"inLanguage\":\"fr-FR\",\"potentialAction\":[{\"@type\":\"CommentAction\",\"name\":\"Comment\",\"target\":[\"https:\/\/www.carideal.com\/blog\/2010\/02\/20\/voiture-d-occasion-citadine-polyvalente-a-9000-e\/#respond\"]}]},{\"@type\":\"WebPage\",\"@id\":\"https:\/\/www.carideal.com\/blog\/2010\/02\/20\/voiture-d-occasion-citadine-polyvalente-a-9000-e\/\",\"url\":\"https:\/\/www.carideal.com\/blog\/2010\/02\/20\/voiture-d-occasion-citadine-polyvalente-a-9000-e\/\",\"name\":\"Voiture citadine occasion \u00e0 9000 \u20ac - Blog auto Carid\u00e9al\",\"isPartOf\":{\"@id\":\"https:\/\/www.carideal.com\/blog\/#website\"},\"primaryImageOfPage\":{\"@id\":\"https:\/\/www.carideal.com\/blog\/2010\/02\/20\/voiture-d-occasion-citadine-polyvalente-a-9000-e\/#primaryimage\"},\"image\":{\"@id\":\"https:\/\/www.carideal.com\/blog\/2010\/02\/20\/voiture-d-occasion-citadine-polyvalente-a-9000-e\/#primaryimage\"},\"thumbnailUrl\":\"https:\/\/www.carideal.com\/blog\/wp-content\/uploads\/2010\/02\/image-8113-citroen-c3-hdi-70-pack-clim-schiavon-carideal-3_m.jpg\",\"datePublished\":\"2010-02-20T14:54:00+00:00\",\"dateModified\":\"2024-01-18T18:24:42+00:00\",\"description\":\"Ce Budget, c'est la d\u00e9pense moyenne pour avoir acc\u00e8s \u00e0 une voiture citadine occasion \u00e0 9000 \u20ac, de cette cat\u00e9gorie. Et pour ce budget le choix est abondant.\",\"breadcrumb\":{\"@id\":\"https:\/\/www.carideal.com\/blog\/2010\/02\/20\/voiture-d-occasion-citadine-polyvalente-a-9000-e\/#breadcrumb\"},\"inLanguage\":\"fr-FR\",\"potentialAction\":[{\"@type\":\"ReadAction\",\"target\":[\"https:\/\/www.carideal.com\/blog\/2010\/02\/20\/voiture-d-occasion-citadine-polyvalente-a-9000-e\/\"]}]},{\"@type\":\"ImageObject\",\"inLanguage\":\"fr-FR\",\"@id\":\"https:\/\/www.carideal.com\/blog\/2010\/02\/20\/voiture-d-occasion-citadine-polyvalente-a-9000-e\/#primaryimage\",\"url\":\"https:\/\/www.carideal.com\/blog\/wp-content\/uploads\/2010\/02\/image-8113-citroen-c3-hdi-70-pack-clim-schiavon-carideal-3_m.jpg\",\"contentUrl\":\"https:\/\/www.carideal.com\/blog\/wp-content\/uploads\/2010\/02\/image-8113-citroen-c3-hdi-70-pack-clim-schiavon-carideal-3_m.jpg\",\"width\":448,\"height\":336,\"caption\":\"Voiture citadine occasion \u00e0 9000 \u20ac\"},{\"@type\":\"BreadcrumbList\",\"@id\":\"https:\/\/www.carideal.com\/blog\/2010\/02\/20\/voiture-d-occasion-citadine-polyvalente-a-9000-e\/#breadcrumb\",\"itemListElement\":[{\"@type\":\"ListItem\",\"position\":1,\"name\":\"Blog Carid\u00e9al\",\"item\":\"https:\/\/www.carideal.com\/blog\/\"},{\"@type\":\"ListItem\",\"position\":2,\"name\":\"Type de v\u00e9hicule\",\"item\":\"https:\/\/www.carideal.com\/blog\/type-de-vehicule\/\"},{\"@type\":\"ListItem\",\"position\":3,\"name\":\"Voiture citadine occasion \u00e0 9000 \u20ac\"}]},{\"@type\":\"WebSite\",\"@id\":\"https:\/\/www.carideal.com\/blog\/#website\",\"url\":\"https:\/\/www.carideal.com\/blog\/\",\"name\":\"Blog auto Carid\u00e9al\",\"description\":\"Actualit\u00e9 auto par des passionn\u00e9s\",\"publisher\":{\"@id\":\"https:\/\/www.carideal.com\/blog\/#organization\"},\"potentialAction\":[{\"@type\":\"SearchAction\",\"target\":{\"@type\":\"EntryPoint\",\"urlTemplate\":\"https:\/\/www.carideal.com\/blog\/?s={search_term_string}\"},\"query-input\":{\"@type\":\"PropertyValueSpecification\",\"valueRequired\":true,\"valueName\":\"search_term_string\"}}],\"inLanguage\":\"fr-FR\"},{\"@type\":\"Organization\",\"@id\":\"https:\/\/www.carideal.com\/blog\/#organization\",\"name\":\"Carideal\",\"url\":\"https:\/\/www.carideal.com\/blog\/\",\"logo\":{\"@type\":\"ImageObject\",\"inLanguage\":\"fr-FR\",\"@id\":\"https:\/\/www.carideal.com\/blog\/#\/schema\/logo\/image\/\",\"url\":\"http:\/\/www.carideal.com\/blog\/wp-content\/uploads\/2016\/03\/logo-carideal-mandataire-automobile.png\",\"contentUrl\":\"http:\/\/www.carideal.com\/blog\/wp-content\/uploads\/2016\/03\/logo-carideal-mandataire-automobile.png\",\"width\":300,\"height\":300,\"caption\":\"Carideal\"},\"image\":{\"@id\":\"https:\/\/www.carideal.com\/blog\/#\/schema\/logo\/image\/\"},\"sameAs\":[\"https:\/\/www.facebook.com\/Carideal.mandataire.automobile\",\"https:\/\/x.com\/caridealauto\",\"https:\/\/www.instagram.com\/carideal1\/\",\"https:\/\/www.linkedin.com\/company\/carideal.com\",\"https:\/\/fr.pinterest.com\/schiavonsas\/\",\"https:\/\/www.youtube.com\/user\/caridealsas\"]},{\"@type\":\"Person\",\"@id\":\"https:\/\/www.carideal.com\/blog\/#\/schema\/person\/985c7e757d1042d647f21bfaf8d41ebc\",\"name\":\"N.S Carideal\",\"image\":{\"@type\":\"ImageObject\",\"inLanguage\":\"fr-FR\",\"@id\":\"https:\/\/www.carideal.com\/blog\/#\/schema\/person\/image\/\",\"url\":\"https:\/\/secure.gravatar.com\/avatar\/edb7ccdf1a4e3d14aef967760d354d0e?s=96&r=g\",\"contentUrl\":\"https:\/\/secure.gravatar.com\/avatar\/edb7ccdf1a4e3d14aef967760d354d0e?s=96&r=g\",\"caption\":\"N.S Carideal\"},\"description\":\"Depuis tout petit fan d'automobile. Il est question d'essayer et de comparer toutes ces voitures qui nous ont fait r\u00e9ver, avant que celles-ci ne devient uniquement des voitures de collection.\",\"sameAs\":[\"http:\/\/www.carideal.com\/blog\",\"https:\/\/www.facebook.com\/Carideal.mandataire.automobile\/\",\"https:\/\/www.linkedin.com\/in\/nschiavon\/\",\"https:\/\/www.youtube.com\/user\/caridealsas\/\"],\"url\":\"https:\/\/www.carideal.com\/blog\/author\/admin_carideal\/\"}]}<\/script>\n<!-- \/ Yoast SEO plugin. -->","yoast_head_json":{"title":"Voiture citadine occasion \u00e0 9000 \u20ac - Blog auto Carid\u00e9al","description":"Ce Budget, c'est la d\u00e9pense moyenne pour avoir acc\u00e8s \u00e0 une voiture citadine occasion \u00e0 9000 \u20ac, de cette cat\u00e9gorie. Et pour ce budget le choix est abondant.","robots":{"index":"index","follow":"follow","max-snippet":"max-snippet:-1","max-image-preview":"max-image-preview:large","max-video-preview":"max-video-preview:-1"},"canonical":"https:\/\/www.carideal.com\/blog\/2010\/02\/20\/voiture-d-occasion-citadine-polyvalente-a-9000-e\/","og_locale":"fr_FR","og_type":"article","og_title":"Voiture citadine occasion \u00e0 9000 \u20ac - Blog auto Carid\u00e9al","og_description":"Ce Budget, c'est la d\u00e9pense moyenne pour avoir acc\u00e8s \u00e0 une voiture citadine occasion \u00e0 9000 \u20ac, de cette cat\u00e9gorie. Et pour ce budget le choix est abondant.","og_url":"https:\/\/www.carideal.com\/blog\/2010\/02\/20\/voiture-d-occasion-citadine-polyvalente-a-9000-e\/","og_site_name":"Blog auto Carid\u00e9al","article_publisher":"https:\/\/www.facebook.com\/Carideal.mandataire.automobile","article_author":"https:\/\/www.facebook.com\/Carideal.mandataire.automobile\/","article_published_time":"2010-02-20T14:54:00+00:00","article_modified_time":"2024-01-18T18:24:42+00:00","og_image":[{"width":448,"height":336,"url":"https:\/\/www.carideal.com\/blog\/wp-content\/uploads\/2010\/02\/image-8113-citroen-c3-hdi-70-pack-clim-schiavon-carideal-3_m.jpg","type":"image\/jpeg"}],"author":"N.S Carideal","twitter_card":"summary_large_image","twitter_creator":"@caridealauto","twitter_site":"@caridealauto","twitter_misc":{"\u00c9crit par":"N.S Carideal","Dur\u00e9e de lecture estim\u00e9e":"6 minutes"},"schema":{"@context":"https:\/\/schema.org","@graph":[{"@type":"Article","@id":"https:\/\/www.carideal.com\/blog\/2010\/02\/20\/voiture-d-occasion-citadine-polyvalente-a-9000-e\/#article","isPartOf":{"@id":"https:\/\/www.carideal.com\/blog\/2010\/02\/20\/voiture-d-occasion-citadine-polyvalente-a-9000-e\/"},"author":{"name":"N.S Carideal","@id":"https:\/\/www.carideal.com\/blog\/#\/schema\/person\/985c7e757d1042d647f21bfaf8d41ebc"},"headline":"Voiture citadine occasion \u00e0 9000 \u20ac","datePublished":"2010-02-20T14:54:00+00:00","dateModified":"2024-01-18T18:24:42+00:00","mainEntityOfPage":{"@id":"https:\/\/www.carideal.com\/blog\/2010\/02\/20\/voiture-d-occasion-citadine-polyvalente-a-9000-e\/"},"wordCount":922,"commentCount":0,"publisher":{"@id":"https:\/\/www.carideal.com\/blog\/#organization"},"image":{"@id":"https:\/\/www.carideal.com\/blog\/2010\/02\/20\/voiture-d-occasion-citadine-polyvalente-a-9000-e\/#primaryimage"},"thumbnailUrl":"https:\/\/www.carideal.com\/blog\/wp-content\/uploads\/2010\/02\/image-8113-citroen-c3-hdi-70-pack-clim-schiavon-carideal-3_m.jpg","keywords":["Guide achat voiture"],"articleSection":["Essai Voiture Occasion","Type de v\u00e9hicule"],"inLanguage":"fr-FR","potentialAction":[{"@type":"CommentAction","name":"Comment","target":["https:\/\/www.carideal.com\/blog\/2010\/02\/20\/voiture-d-occasion-citadine-polyvalente-a-9000-e\/#respond"]}]},{"@type":"WebPage","@id":"https:\/\/www.carideal.com\/blog\/2010\/02\/20\/voiture-d-occasion-citadine-polyvalente-a-9000-e\/","url":"https:\/\/www.carideal.com\/blog\/2010\/02\/20\/voiture-d-occasion-citadine-polyvalente-a-9000-e\/","name":"Voiture citadine occasion \u00e0 9000 \u20ac - Blog auto Carid\u00e9al","isPartOf":{"@id":"https:\/\/www.carideal.com\/blog\/#website"},"primaryImageOfPage":{"@id":"https:\/\/www.carideal.com\/blog\/2010\/02\/20\/voiture-d-occasion-citadine-polyvalente-a-9000-e\/#primaryimage"},"image":{"@id":"https:\/\/www.carideal.com\/blog\/2010\/02\/20\/voiture-d-occasion-citadine-polyvalente-a-9000-e\/#primaryimage"},"thumbnailUrl":"https:\/\/www.carideal.com\/blog\/wp-content\/uploads\/2010\/02\/image-8113-citroen-c3-hdi-70-pack-clim-schiavon-carideal-3_m.jpg","datePublished":"2010-02-20T14:54:00+00:00","dateModified":"2024-01-18T18:24:42+00:00","description":"Ce Budget, c'est la d\u00e9pense moyenne pour avoir acc\u00e8s \u00e0 une voiture citadine occasion \u00e0 9000 \u20ac, de cette cat\u00e9gorie. Et pour ce budget le choix est abondant.","breadcrumb":{"@id":"https:\/\/www.carideal.com\/blog\/2010\/02\/20\/voiture-d-occasion-citadine-polyvalente-a-9000-e\/#breadcrumb"},"inLanguage":"fr-FR","potentialAction":[{"@type":"ReadAction","target":["https:\/\/www.carideal.com\/blog\/2010\/02\/20\/voiture-d-occasion-citadine-polyvalente-a-9000-e\/"]}]},{"@type":"ImageObject","inLanguage":"fr-FR","@id":"https:\/\/www.carideal.com\/blog\/2010\/02\/20\/voiture-d-occasion-citadine-polyvalente-a-9000-e\/#primaryimage","url":"https:\/\/www.carideal.com\/blog\/wp-content\/uploads\/2010\/02\/image-8113-citroen-c3-hdi-70-pack-clim-schiavon-carideal-3_m.jpg","contentUrl":"https:\/\/www.carideal.com\/blog\/wp-content\/uploads\/2010\/02\/image-8113-citroen-c3-hdi-70-pack-clim-schiavon-carideal-3_m.jpg","width":448,"height":336,"caption":"Voiture citadine occasion \u00e0 9000 \u20ac"},{"@type":"BreadcrumbList","@id":"https:\/\/www.carideal.com\/blog\/2010\/02\/20\/voiture-d-occasion-citadine-polyvalente-a-9000-e\/#breadcrumb","itemListElement":[{"@type":"ListItem","position":1,"name":"Blog Carid\u00e9al","item":"https:\/\/www.carideal.com\/blog\/"},{"@type":"ListItem","position":2,"name":"Type de v\u00e9hicule","item":"https:\/\/www.carideal.com\/blog\/type-de-vehicule\/"},{"@type":"ListItem","position":3,"name":"Voiture citadine occasion \u00e0 9000 \u20ac"}]},{"@type":"WebSite","@id":"https:\/\/www.carideal.com\/blog\/#website","url":"https:\/\/www.carideal.com\/blog\/","name":"Blog auto Carid\u00e9al","description":"Actualit\u00e9 auto par des passionn\u00e9s","publisher":{"@id":"https:\/\/www.carideal.com\/blog\/#organization"},"potentialAction":[{"@type":"SearchAction","target":{"@type":"EntryPoint","urlTemplate":"https:\/\/www.carideal.com\/blog\/?s={search_term_string}"},"query-input":{"@type":"PropertyValueSpecification","valueRequired":true,"valueName":"search_term_string"}}],"inLanguage":"fr-FR"},{"@type":"Organization","@id":"https:\/\/www.carideal.com\/blog\/#organization","name":"Carideal","url":"https:\/\/www.carideal.com\/blog\/","logo":{"@type":"ImageObject","inLanguage":"fr-FR","@id":"https:\/\/www.carideal.com\/blog\/#\/schema\/logo\/image\/","url":"http:\/\/www.carideal.com\/blog\/wp-content\/uploads\/2016\/03\/logo-carideal-mandataire-automobile.png","contentUrl":"http:\/\/www.carideal.com\/blog\/wp-content\/uploads\/2016\/03\/logo-carideal-mandataire-automobile.png","width":300,"height":300,"caption":"Carideal"},"image":{"@id":"https:\/\/www.carideal.com\/blog\/#\/schema\/logo\/image\/"},"sameAs":["https:\/\/www.facebook.com\/Carideal.mandataire.automobile","https:\/\/x.com\/caridealauto","https:\/\/www.instagram.com\/carideal1\/","https:\/\/www.linkedin.com\/company\/carideal.com","https:\/\/fr.pinterest.com\/schiavonsas\/","https:\/\/www.youtube.com\/user\/caridealsas"]},{"@type":"Person","@id":"https:\/\/www.carideal.com\/blog\/#\/schema\/person\/985c7e757d1042d647f21bfaf8d41ebc","name":"N.S Carideal","image":{"@type":"ImageObject","inLanguage":"fr-FR","@id":"https:\/\/www.carideal.com\/blog\/#\/schema\/person\/image\/","url":"https:\/\/secure.gravatar.com\/avatar\/edb7ccdf1a4e3d14aef967760d354d0e?s=96&r=g","contentUrl":"https:\/\/secure.gravatar.com\/avatar\/edb7ccdf1a4e3d14aef967760d354d0e?s=96&r=g","caption":"N.S Carideal"},"description":"Depuis tout petit fan d'automobile. Il est question d'essayer et de comparer toutes ces voitures qui nous ont fait r\u00e9ver, avant que celles-ci ne devient uniquement des voitures de collection.","sameAs":["http:\/\/www.carideal.com\/blog","https:\/\/www.facebook.com\/Carideal.mandataire.automobile\/","https:\/\/www.linkedin.com\/in\/nschiavon\/","https:\/\/www.youtube.com\/user\/caridealsas\/"],"url":"https:\/\/www.carideal.com\/blog\/author\/admin_carideal\/"}]}},"uagb_featured_image_src":{"full":["https:\/\/www.carideal.com\/blog\/wp-content\/uploads\/2010\/02\/image-8113-citroen-c3-hdi-70-pack-clim-schiavon-carideal-3_m.jpg",448,336,false],"thumbnail":["https:\/\/www.carideal.com\/blog\/wp-content\/uploads\/2010\/02\/image-8113-citroen-c3-hdi-70-pack-clim-schiavon-carideal-3_m-150x150.jpg",150,150,true],"medium":["https:\/\/www.carideal.com\/blog\/wp-content\/uploads\/2010\/02\/image-8113-citroen-c3-hdi-70-pack-clim-schiavon-carideal-3_m-300x225.jpg",300,225,true],"medium_large":["https:\/\/www.carideal.com\/blog\/wp-content\/uploads\/2010\/02\/image-8113-citroen-c3-hdi-70-pack-clim-schiavon-carideal-3_m.jpg",448,336,false],"large":["https:\/\/www.carideal.com\/blog\/wp-content\/uploads\/2010\/02\/image-8113-citroen-c3-hdi-70-pack-clim-schiavon-carideal-3_m.jpg",448,336,false],"1536x1536":["https:\/\/www.carideal.com\/blog\/wp-content\/uploads\/2010\/02\/image-8113-citroen-c3-hdi-70-pack-clim-schiavon-carideal-3_m.jpg",448,336,false],"2048x2048":["https:\/\/www.carideal.com\/blog\/wp-content\/uploads\/2010\/02\/image-8113-citroen-c3-hdi-70-pack-clim-schiavon-carideal-3_m.jpg",448,336,false],"wppr-widget":["https:\/\/www.carideal.com\/blog\/wp-content\/uploads\/2010\/02\/image-8113-citroen-c3-hdi-70-pack-clim-schiavon-carideal-3_m-50x38.jpg",50,38,true]},"uagb_author_info":{"display_name":"N.S Carideal","author_link":"https:\/\/www.carideal.com\/blog\/author\/admin_carideal\/"},"uagb_comment_info":0,"uagb_excerpt":"Voiture citadine d'occasion \u00e0 9000 \u20ac Ce Budget,&nbsp;c'est la d\u00e9pense moyenne pour avoir acc\u00e8s \u00e0 une VOITURE&nbsp;CITADINE&nbsp;OCCASION \u00c0&nbsp;9000 \u20ac, de cette cat\u00e9gorie.&nbsp;Et&nbsp;pour ce budget le choix est abondant. Si le diesel devient&nbsp;accessible,&nbsp;&nbsp;les stars&nbsp;du&nbsp;march\u00e9&nbsp;afficheront de fort kilom\u00e9trage. On va vous guider pour bien acheter votre voiture d'occasion. Voiture citadine occasion \u00e0 9000 \u20ac&nbsp;Citroen C3 la plus\u2026","_links":{"self":[{"href":"https:\/\/www.carideal.com\/blog\/wp-json\/wp\/v2\/posts\/740"}],"collection":[{"href":"https:\/\/www.carideal.com\/blog\/wp-json\/wp\/v2\/posts"}],"about":[{"href":"https:\/\/www.carideal.com\/blog\/wp-json\/wp\/v2\/types\/post"}],"author":[{"embeddable":true,"href":"https:\/\/www.carideal.com\/blog\/wp-json\/wp\/v2\/users\/1"}],"replies":[{"embeddable":true,"href":"https:\/\/www.carideal.com\/blog\/wp-json\/wp\/v2\/comments?post=740"}],"version-history":[{"count":0,"href":"https:\/\/www.carideal.com\/blog\/wp-json\/wp\/v2\/posts\/740\/revisions"}],"wp:featuredmedia":[{"embeddable":true,"href":"https:\/\/www.carideal.com\/blog\/wp-json\/wp\/v2\/media\/20592"}],"wp:attachment":[{"href":"https:\/\/www.carideal.com\/blog\/wp-json\/wp\/v2\/media?parent=740"}],"wp:term":[{"taxonomy":"category","embeddable":true,"href":"https:\/\/www.carideal.com\/blog\/wp-json\/wp\/v2\/categories?post=740"},{"taxonomy":"post_tag","embeddable":true,"href":"https:\/\/www.carideal.com\/blog\/wp-json\/wp\/v2\/tags?post=740"}],"curies":[{"name":"wp","href":"https:\/\/api.w.org\/{rel}","templated":true}]}}