{"id":7349,"date":"2015-11-03T16:31:28","date_gmt":"2015-11-03T15:31:28","guid":{"rendered":"http:\/\/www.carideal.com\/blog\/?p=7349"},"modified":"2016-06-21T11:58:46","modified_gmt":"2016-06-21T09:58:46","slug":"essai-de-la-jaguar-f-type-coupe-v6-s","status":"publish","type":"post","link":"https:\/\/www.carideal.com\/blog\/2015\/11\/03\/essai-de-la-jaguar-f-type-coupe-v6-s\/","title":{"rendered":"Essai Jaguar F TYPE Coup\u00e9 V6 S"},"content":{"rendered":"<h1>Essai Jaguar F TYPE Coup\u00e9 V6 S<\/h1>\n<figure id=\"attachment_7350\" aria-describedby=\"caption-attachment-7350\" style=\"width: 290px\" class=\"wp-caption alignnone\"><a href=\"http:\/\/www.carideal.com\/blog\/wp-content\/uploads\/2015\/11\/jaguar-F_Type_Coupe_v6-s-carideal-blog-auto.jpg\"><img loading=\"lazy\" decoding=\"async\" class=\"wp-image-7350 size-medium\" title=\"Essai Jaguar F TYPE COUPE V6 S 380 ch\" src=\"http:\/\/www.carideal.com\/blog\/wp-content\/uploads\/2015\/11\/jaguar-F_Type_Coupe_v6-s-carideal-blog-auto-300x174.jpg\" alt=\"Essai Jaguar F TYPE COUPE V6 S 380 ch\" width=\"300\" height=\"174\" srcset=\"https:\/\/www.carideal.com\/blog\/wp-content\/uploads\/2015\/11\/jaguar-F_Type_Coupe_v6-s-carideal-blog-auto-300x174.jpg 300w, https:\/\/www.carideal.com\/blog\/wp-content\/uploads\/2015\/11\/jaguar-F_Type_Coupe_v6-s-carideal-blog-auto-624x362.jpg 624w, https:\/\/www.carideal.com\/blog\/wp-content\/uploads\/2015\/11\/jaguar-F_Type_Coupe_v6-s-carideal-blog-auto.jpg 706w\" sizes=\"(max-width: 300px) 100vw, 300px\" \/><\/a><figcaption id=\"caption-attachment-7350\" class=\"wp-caption-text\">Essai Jaguar F TYPE COUPE V6 S 380 ch<\/figcaption><\/figure>\n<p>Essai Jaguar F TYPE Coup\u00e9\u00a0V6 S 380 CH :\u00a0Une ligne \u00e0 se damner, une sonorit\u00e9 enivrante, de r\u00e9elles qualit\u00e9s dynamiques, le tout enrob\u00e9 d'un tarif loin de crever le plafond... Porsche 911, voici ton pire cauchemar!<\/p>\n<p>Il\u00a0semble loin, le temps o\u00f9\u00a0Jaguar commercialisait la\u00a0<span style=\"text-decoration: underline;\"><a href=\"http:\/\/www.carideal.com\/blog\/2012\/06\/15\/la-jaguar-x-type\/\">X-Type<\/a><\/span>, une familiale b\u00e2tie\u00a0sur des \u00e9l\u00e9ments... de Mond\u00e9o. Pass\u00e9e du giron de Ford\u00a0\u00e0 celui de Tata en 2008, la\u00a0marque anglaise a retrouv\u00e9 son\u00a0identit\u00e9, d\u00e9cupl\u00e9 ses ventes mondiales (+44% entre 2012\u00a0et 2013), et construit un plan\u00a0offensif pour 2015 : familiale premium d'un c\u00f4t\u00e9 (XE), luxueux\u00a0SUV de l'autre (CX-17). Dans\u00a0cette conqu\u00eate de nouveaux\u00a0clients, la F-Type Cabriolet a\u00a0jou\u00e9 un r\u00f4le pr\u00e9cieux: 75% de<br \/>\nses acheteurs n'avait jamais poss\u00e9d\u00e9 de Jaguar auparavant. Un\u00a0chiffre qui grimpera \u00e0 90% sur<br \/>\ncette carrosserie coup\u00e9, encore\u00a0plus d\u00e9sirable et 7000\u20ac moins\u00a0ch\u00e8re \u00e0 motorisation \u00e9gale. De<br \/>\nquoi gommer l'effrayant malus...<br \/>\nNous ne pensions pas la chose\u00a0possible, mais le coup\u00e9 sublime encore les atouts du cabriolet: la ligne perd en finesse ce qu'elle gagne en agressivit\u00e9. Le coffre devient bien plus logeable, avec 1301 de contenance suppl\u00e9men\u00adtaire. Le petit habitacle, toujours limit\u00e9 \u00e0 deux places, peut s'\u00e9gayer d'un pavillon vitr\u00e9. Enfin, la rigi\u00addit\u00e9 de sa coque en alu (qui ser\u00advira aussi \u00e0 la berline et au <span style=\"text-decoration: underline;\"><a href=\"http:\/\/www.carideal.com\/blog\/2015\/10\/13\/jaguar-lance-son-premier-suv-f-pace\/\">SUV<\/a><\/span> ) cro\u00eet de 80%. Seule d\u00e9ception ? Le faible gain de poids, limit\u00e9 \u00e0 20 kg seulement Mais \u00e0 dire vrai, entre l'agilit\u00e9 du ch\u00e2ssis et la vigueur du V6 de 380 ch, jamais nous n'avons eu l'impression de mouvoir un matou ob\u00e8se...<\/p>\n<h2><strong>Voix d'op\u00e9ra pour le V6 pour cet essai Jaguar F Type<\/strong><\/h2>\n<p>Suraliment\u00e9 par un compresseur, le V6 S pr\u00e9sente un caract\u00e8re plu\u00adt\u00f4t digne d'un bloc atmosph\u00e9\u00adrique. La pouss\u00e9e demeure gra\u2011<br \/>\nduelle au fil des tours\/minutes poss\u00e8de une bande-son terriffiante: du doux feulement \u00e0 bas r\u00e9gime au cri aigu pr\u00e8s de la zone rouge, sa voix envahit l'habitacle sans m\u00eame devoir presser la touche sport de l'\u00e9chappement actif (option \u00e0 240\u00a0\u20ac). Dans ce der\u00adnier mode, les silencieux ajoutent des cr\u00e9pitements \u00e0 la d\u00e9c\u00e9l\u00e9ra\u00adtion, et la sonorit\u00e9 encore d\u00e9cu\u00adpl\u00e9e confine \u00e0 l'auto de course ! Sur ce point, la F-Type n'a rien \u00e0 envier \u00e0 une <span style=\"text-decoration: underline;\"><a href=\"http:\/\/www.carideal.com\/blog\/2014\/05\/27\/la-porsche-911-targa\/\">Porsche 911<\/a><\/span> et d'ail\u00adleurs, en mati\u00e8re d'\u00e9quilibre non plus. Sur route lisse, la Jaguar s'ins\u00adcrit sans d\u00e9lai en virages, ma\u00eetrise parfaitement son roulis et en res\u00adsort efficacement gr\u00e2ce \u00e0 son dif\u00adf\u00e9rentiel autobloquant m\u00e9canique de s\u00e9rie. Par rapport \u00e0 l'allemande, l'amortissement pourtant pilot\u00e9 contient moins bien les mouve\u00adments de caisse sur les bosses, et\u00a0la boite automatique \u00e0 huit rap\u00adports demeure un peu moins r\u00e9active (robotis\u00e9e \u00e0 double embrayage sur la 911). De menus d\u00e9fauts envol\u00e9s \u00e0 la seconde o\u00f9 l'on se penche sur la ligne, l'agr\u00e9\u00adment de conduite... voire le prix.<\/p>\n<h2><strong>Bilan\u00a0essai Jaguar F TYPE<\/strong>.<\/h2>\n<p>\u00c0 79300\u20ac, la F-Type V6 S s'affiche 27500\u20ac moins ch\u00e8re qu'une 911 Carrera S PDK. Une quasi-affaire donc, bien que l'anglaise singe aussi l'alle\u00admande dans ses travers: clima\u00adtisation bizone, r\u00e9gulateur de vitesse, d\u00e9tecteur de pluie, Bluetooth, tout est \u00e0 cocher en option. Mais l'acheteur en prend conscience une fois ins\u00adtall\u00e9 face au bureau du ven\u00addeur, Donc, apr\u00e8s l'essai Jaguar F Type, quand il est d\u00e9j\u00e0 trop tard.<\/p>\n","protected":false},"excerpt":{"rendered":"<p>Essai Jaguar F TYPE Coup\u00e9 V6 S Essai Jaguar F TYPE Coup\u00e9\u00a0V6 S 380 CH :\u00a0Une ligne \u00e0 se damner, une sonorit\u00e9 enivrante, de r\u00e9elles qualit\u00e9s dynamiques, le tout enrob\u00e9 d&rsquo;un tarif loin de crever le plafond&#8230; Porsche 911, voici ton pire cauchemar! Il\u00a0semble loin, le temps o\u00f9\u00a0Jaguar commercialisait la\u00a0X-Type, une familiale b\u00e2tie\u00a0sur des \u00e9l\u00e9ments&#8230; &#8230; <a title=\"Essai Jaguar F TYPE Coup\u00e9 V6 S\" class=\"read-more\" href=\"https:\/\/www.carideal.com\/blog\/2015\/11\/03\/essai-de-la-jaguar-f-type-coupe-v6-s\/\" aria-label=\"En savoir plus sur Essai Jaguar F TYPE Coup\u00e9 V6 S\">Lire plus<\/a><\/p>\n","protected":false},"author":3,"featured_media":0,"comment_status":"open","ping_status":"open","sticky":false,"template":"","format":"standard","meta":{"_uag_custom_page_level_css":"","_themeisle_gutenberg_block_has_review":false,"footnotes":""},"categories":[21,5944,5987,5947,5988,10],"tags":[],"class_list":["post-7349","post","type-post","status-publish","format-standard","hentry","category-actualites-auto","category-constructeur","category-jaguar","category-essai","category-jaguar-essai","category-marche-automobile-voiture-neuve-occasion-4x4-suv"],"wppr_data":[],"yoast_head":"<!-- This site is optimized with the Yoast SEO plugin v24.8.1 - https:\/\/yoast.com\/wordpress\/plugins\/seo\/ -->\n<title>Essai Jaguar F TYPE Coup\u00e9 V6 S - Blog auto Carid\u00e9al<\/title>\n<meta name=\"description\" content=\"Essai Jaguar F Type Coup\u00e9 V6 S attention la Porsche 911 n&#039;a qu&#039;\u00e0 bien se tenir, car apr\u00e8s l&#039;essai il sera difficile de revenir en arri\u00e8re.\" \/>\n<meta name=\"robots\" content=\"index, follow, max-snippet:-1, max-image-preview:large, max-video-preview:-1\" \/>\n<link rel=\"canonical\" href=\"https:\/\/www.carideal.com\/blog\/2015\/11\/03\/essai-de-la-jaguar-f-type-coupe-v6-s\/\" \/>\n<meta property=\"og:locale\" content=\"fr_FR\" \/>\n<meta property=\"og:type\" content=\"article\" \/>\n<meta property=\"og:title\" content=\"Essai Jaguar F TYPE Coup\u00e9 V6 S - Blog auto Carid\u00e9al\" \/>\n<meta property=\"og:description\" content=\"Essai Jaguar F Type Coup\u00e9 V6 S attention la Porsche 911 n&#039;a qu&#039;\u00e0 bien se tenir, car apr\u00e8s l&#039;essai il sera difficile de revenir en arri\u00e8re.\" \/>\n<meta property=\"og:url\" content=\"https:\/\/www.carideal.com\/blog\/2015\/11\/03\/essai-de-la-jaguar-f-type-coupe-v6-s\/\" \/>\n<meta property=\"og:site_name\" content=\"Blog auto Carid\u00e9al\" \/>\n<meta property=\"article:publisher\" content=\"https:\/\/www.facebook.com\/Carideal.mandataire.automobile\" \/>\n<meta property=\"article:author\" content=\"https:\/\/www.facebook.com\/nicolas.schiavon.39\" \/>\n<meta property=\"article:published_time\" content=\"2015-11-03T15:31:28+00:00\" \/>\n<meta property=\"article:modified_time\" content=\"2016-06-21T09:58:46+00:00\" \/>\n<meta property=\"og:image\" content=\"http:\/\/www.carideal.com\/blog\/wp-content\/uploads\/2015\/11\/jaguar-F_Type_Coupe_v6-s-carideal-blog-auto-300x174.jpg\" \/>\n<meta name=\"author\" content=\"Nicolas SCHIAVON\" \/>\n<meta name=\"twitter:card\" content=\"summary_large_image\" \/>\n<meta name=\"twitter:creator\" content=\"@caridealauto\" \/>\n<meta name=\"twitter:site\" content=\"@caridealauto\" \/>\n<meta name=\"twitter:label1\" content=\"\u00c9crit par\" \/>\n\t<meta name=\"twitter:data1\" content=\"Nicolas SCHIAVON\" \/>\n\t<meta name=\"twitter:label2\" content=\"Dur\u00e9e de lecture estim\u00e9e\" \/>\n\t<meta name=\"twitter:data2\" content=\"3 minutes\" \/>\n<script type=\"application\/ld+json\" class=\"yoast-schema-graph\">{\"@context\":\"https:\/\/schema.org\",\"@graph\":[{\"@type\":\"Article\",\"@id\":\"https:\/\/www.carideal.com\/blog\/2015\/11\/03\/essai-de-la-jaguar-f-type-coupe-v6-s\/#article\",\"isPartOf\":{\"@id\":\"https:\/\/www.carideal.com\/blog\/2015\/11\/03\/essai-de-la-jaguar-f-type-coupe-v6-s\/\"},\"author\":{\"name\":\"Nicolas SCHIAVON\",\"@id\":\"https:\/\/www.carideal.com\/blog\/#\/schema\/person\/cd95dc7919660de90d31b366f85be1ec\"},\"headline\":\"Essai Jaguar F TYPE Coup\u00e9 V6 S\",\"datePublished\":\"2015-11-03T15:31:28+00:00\",\"dateModified\":\"2016-06-21T09:58:46+00:00\",\"mainEntityOfPage\":{\"@id\":\"https:\/\/www.carideal.com\/blog\/2015\/11\/03\/essai-de-la-jaguar-f-type-coupe-v6-s\/\"},\"wordCount\":583,\"commentCount\":0,\"publisher\":{\"@id\":\"https:\/\/www.carideal.com\/blog\/#organization\"},\"image\":{\"@id\":\"https:\/\/www.carideal.com\/blog\/2015\/11\/03\/essai-de-la-jaguar-f-type-coupe-v6-s\/#primaryimage\"},\"thumbnailUrl\":\"http:\/\/www.carideal.com\/blog\/wp-content\/uploads\/2015\/11\/jaguar-F_Type_Coupe_v6-s-carideal-blog-auto-300x174.jpg\",\"articleSection\":[\"Actualit\u00e9 automobile\",\"Actualit\u00e9 Constructeur automobile\",\"Actualit\u00e9s Jaguar\",\"Essais automobile\",\"Essais Jaguar\",\"March\u00e9 automobile\"],\"inLanguage\":\"fr-FR\",\"potentialAction\":[{\"@type\":\"CommentAction\",\"name\":\"Comment\",\"target\":[\"https:\/\/www.carideal.com\/blog\/2015\/11\/03\/essai-de-la-jaguar-f-type-coupe-v6-s\/#respond\"]}]},{\"@type\":\"WebPage\",\"@id\":\"https:\/\/www.carideal.com\/blog\/2015\/11\/03\/essai-de-la-jaguar-f-type-coupe-v6-s\/\",\"url\":\"https:\/\/www.carideal.com\/blog\/2015\/11\/03\/essai-de-la-jaguar-f-type-coupe-v6-s\/\",\"name\":\"Essai Jaguar F TYPE Coup\u00e9 V6 S - Blog auto Carid\u00e9al\",\"isPartOf\":{\"@id\":\"https:\/\/www.carideal.com\/blog\/#website\"},\"primaryImageOfPage\":{\"@id\":\"https:\/\/www.carideal.com\/blog\/2015\/11\/03\/essai-de-la-jaguar-f-type-coupe-v6-s\/#primaryimage\"},\"image\":{\"@id\":\"https:\/\/www.carideal.com\/blog\/2015\/11\/03\/essai-de-la-jaguar-f-type-coupe-v6-s\/#primaryimage\"},\"thumbnailUrl\":\"http:\/\/www.carideal.com\/blog\/wp-content\/uploads\/2015\/11\/jaguar-F_Type_Coupe_v6-s-carideal-blog-auto-300x174.jpg\",\"datePublished\":\"2015-11-03T15:31:28+00:00\",\"dateModified\":\"2016-06-21T09:58:46+00:00\",\"description\":\"Essai Jaguar F Type Coup\u00e9 V6 S attention la Porsche 911 n'a qu'\u00e0 bien se tenir, car apr\u00e8s l'essai il sera difficile de revenir en arri\u00e8re.\",\"breadcrumb\":{\"@id\":\"https:\/\/www.carideal.com\/blog\/2015\/11\/03\/essai-de-la-jaguar-f-type-coupe-v6-s\/#breadcrumb\"},\"inLanguage\":\"fr-FR\",\"potentialAction\":[{\"@type\":\"ReadAction\",\"target\":[\"https:\/\/www.carideal.com\/blog\/2015\/11\/03\/essai-de-la-jaguar-f-type-coupe-v6-s\/\"]}]},{\"@type\":\"ImageObject\",\"inLanguage\":\"fr-FR\",\"@id\":\"https:\/\/www.carideal.com\/blog\/2015\/11\/03\/essai-de-la-jaguar-f-type-coupe-v6-s\/#primaryimage\",\"url\":\"http:\/\/www.carideal.com\/blog\/wp-content\/uploads\/2015\/11\/jaguar-F_Type_Coupe_v6-s-carideal-blog-auto-300x174.jpg\",\"contentUrl\":\"http:\/\/www.carideal.com\/blog\/wp-content\/uploads\/2015\/11\/jaguar-F_Type_Coupe_v6-s-carideal-blog-auto-300x174.jpg\"},{\"@type\":\"BreadcrumbList\",\"@id\":\"https:\/\/www.carideal.com\/blog\/2015\/11\/03\/essai-de-la-jaguar-f-type-coupe-v6-s\/#breadcrumb\",\"itemListElement\":[{\"@type\":\"ListItem\",\"position\":1,\"name\":\"Blog Carid\u00e9al\",\"item\":\"https:\/\/www.carideal.com\/blog\/\"},{\"@type\":\"ListItem\",\"position\":2,\"name\":\"Actualit\u00e9 automobile\",\"item\":\"https:\/\/www.carideal.com\/blog\/actualites-auto\/\"},{\"@type\":\"ListItem\",\"position\":3,\"name\":\"Essai Jaguar F TYPE Coup\u00e9 V6 S\"}]},{\"@type\":\"WebSite\",\"@id\":\"https:\/\/www.carideal.com\/blog\/#website\",\"url\":\"https:\/\/www.carideal.com\/blog\/\",\"name\":\"Blog auto Carid\u00e9al\",\"description\":\"Actualit\u00e9 auto par des passionn\u00e9s\",\"publisher\":{\"@id\":\"https:\/\/www.carideal.com\/blog\/#organization\"},\"potentialAction\":[{\"@type\":\"SearchAction\",\"target\":{\"@type\":\"EntryPoint\",\"urlTemplate\":\"https:\/\/www.carideal.com\/blog\/?s={search_term_string}\"},\"query-input\":{\"@type\":\"PropertyValueSpecification\",\"valueRequired\":true,\"valueName\":\"search_term_string\"}}],\"inLanguage\":\"fr-FR\"},{\"@type\":\"Organization\",\"@id\":\"https:\/\/www.carideal.com\/blog\/#organization\",\"name\":\"Carideal\",\"url\":\"https:\/\/www.carideal.com\/blog\/\",\"logo\":{\"@type\":\"ImageObject\",\"inLanguage\":\"fr-FR\",\"@id\":\"https:\/\/www.carideal.com\/blog\/#\/schema\/logo\/image\/\",\"url\":\"http:\/\/www.carideal.com\/blog\/wp-content\/uploads\/2016\/03\/logo-carideal-mandataire-automobile.png\",\"contentUrl\":\"http:\/\/www.carideal.com\/blog\/wp-content\/uploads\/2016\/03\/logo-carideal-mandataire-automobile.png\",\"width\":300,\"height\":300,\"caption\":\"Carideal\"},\"image\":{\"@id\":\"https:\/\/www.carideal.com\/blog\/#\/schema\/logo\/image\/\"},\"sameAs\":[\"https:\/\/www.facebook.com\/Carideal.mandataire.automobile\",\"https:\/\/x.com\/caridealauto\",\"https:\/\/www.instagram.com\/carideal1\/\",\"https:\/\/www.linkedin.com\/company\/carideal.com\",\"https:\/\/fr.pinterest.com\/schiavonsas\/\",\"https:\/\/www.youtube.com\/user\/caridealsas\"]},{\"@type\":\"Person\",\"@id\":\"https:\/\/www.carideal.com\/blog\/#\/schema\/person\/cd95dc7919660de90d31b366f85be1ec\",\"name\":\"Nicolas SCHIAVON\",\"image\":{\"@type\":\"ImageObject\",\"inLanguage\":\"fr-FR\",\"@id\":\"https:\/\/www.carideal.com\/blog\/#\/schema\/person\/image\/\",\"url\":\"https:\/\/secure.gravatar.com\/avatar\/c17e55009e671d92cc7f5dc837dc418a?s=96&r=g\",\"contentUrl\":\"https:\/\/secure.gravatar.com\/avatar\/c17e55009e671d92cc7f5dc837dc418a?s=96&r=g\",\"caption\":\"Nicolas SCHIAVON\"},\"description\":\"Nicolas Schiavon est tomb\u00e9 tout petit dans la marmite automobile. Ayant eu un garage de marque automobile, mandataire automobile de la premi\u00e8re heure d\u00e8s 1999. Nicolas a cr\u00e9\u00e9 ces premiers sites de vente de voiture et blog automobile d\u00e8s 1994. Carideal est n\u00e9 le 15 d\u00e9cembre 2000 de la volont\u00e9 de vendre des voitures d'occasions en ligne puis des voitures neuves. Il a pu essayer beaucoup de voitures tr\u00e8s diff\u00e9rentes et ayant eu personnellement quelques belles autos, Subaru Impreza, Mitsubishi Lancer Evo 7, Porsche 911, Ferrari Testarrossa, Audi RS3, RS4 et j'en passe...\",\"sameAs\":[\"http:\/\/www.carideal.com\",\"https:\/\/www.facebook.com\/nicolas.schiavon.39\",\"https:\/\/www.instagram.com\/carideal1\/\",\"https:\/\/www.linkedin.com\/in\/nschiavon\/\",\"https:\/\/x.com\/caridealauto\",\"https:\/\/www.youtube.com\/user\/caridealsas\/\"],\"url\":\"https:\/\/www.carideal.com\/blog\/author\/nschiavon\/\"}]}<\/script>\n<!-- \/ Yoast SEO plugin. -->","yoast_head_json":{"title":"Essai Jaguar F TYPE Coup\u00e9 V6 S - Blog auto Carid\u00e9al","description":"Essai Jaguar F Type Coup\u00e9 V6 S attention la Porsche 911 n'a qu'\u00e0 bien se tenir, car apr\u00e8s l'essai il sera difficile de revenir en arri\u00e8re.","robots":{"index":"index","follow":"follow","max-snippet":"max-snippet:-1","max-image-preview":"max-image-preview:large","max-video-preview":"max-video-preview:-1"},"canonical":"https:\/\/www.carideal.com\/blog\/2015\/11\/03\/essai-de-la-jaguar-f-type-coupe-v6-s\/","og_locale":"fr_FR","og_type":"article","og_title":"Essai Jaguar F TYPE Coup\u00e9 V6 S - Blog auto Carid\u00e9al","og_description":"Essai Jaguar F Type Coup\u00e9 V6 S attention la Porsche 911 n'a qu'\u00e0 bien se tenir, car apr\u00e8s l'essai il sera difficile de revenir en arri\u00e8re.","og_url":"https:\/\/www.carideal.com\/blog\/2015\/11\/03\/essai-de-la-jaguar-f-type-coupe-v6-s\/","og_site_name":"Blog auto Carid\u00e9al","article_publisher":"https:\/\/www.facebook.com\/Carideal.mandataire.automobile","article_author":"https:\/\/www.facebook.com\/nicolas.schiavon.39","article_published_time":"2015-11-03T15:31:28+00:00","article_modified_time":"2016-06-21T09:58:46+00:00","og_image":[{"url":"http:\/\/www.carideal.com\/blog\/wp-content\/uploads\/2015\/11\/jaguar-F_Type_Coupe_v6-s-carideal-blog-auto-300x174.jpg","type":"","width":"","height":""}],"author":"Nicolas SCHIAVON","twitter_card":"summary_large_image","twitter_creator":"@caridealauto","twitter_site":"@caridealauto","twitter_misc":{"\u00c9crit par":"Nicolas SCHIAVON","Dur\u00e9e de lecture estim\u00e9e":"3 minutes"},"schema":{"@context":"https:\/\/schema.org","@graph":[{"@type":"Article","@id":"https:\/\/www.carideal.com\/blog\/2015\/11\/03\/essai-de-la-jaguar-f-type-coupe-v6-s\/#article","isPartOf":{"@id":"https:\/\/www.carideal.com\/blog\/2015\/11\/03\/essai-de-la-jaguar-f-type-coupe-v6-s\/"},"author":{"name":"Nicolas SCHIAVON","@id":"https:\/\/www.carideal.com\/blog\/#\/schema\/person\/cd95dc7919660de90d31b366f85be1ec"},"headline":"Essai Jaguar F TYPE Coup\u00e9 V6 S","datePublished":"2015-11-03T15:31:28+00:00","dateModified":"2016-06-21T09:58:46+00:00","mainEntityOfPage":{"@id":"https:\/\/www.carideal.com\/blog\/2015\/11\/03\/essai-de-la-jaguar-f-type-coupe-v6-s\/"},"wordCount":583,"commentCount":0,"publisher":{"@id":"https:\/\/www.carideal.com\/blog\/#organization"},"image":{"@id":"https:\/\/www.carideal.com\/blog\/2015\/11\/03\/essai-de-la-jaguar-f-type-coupe-v6-s\/#primaryimage"},"thumbnailUrl":"http:\/\/www.carideal.com\/blog\/wp-content\/uploads\/2015\/11\/jaguar-F_Type_Coupe_v6-s-carideal-blog-auto-300x174.jpg","articleSection":["Actualit\u00e9 automobile","Actualit\u00e9 Constructeur automobile","Actualit\u00e9s Jaguar","Essais automobile","Essais Jaguar","March\u00e9 automobile"],"inLanguage":"fr-FR","potentialAction":[{"@type":"CommentAction","name":"Comment","target":["https:\/\/www.carideal.com\/blog\/2015\/11\/03\/essai-de-la-jaguar-f-type-coupe-v6-s\/#respond"]}]},{"@type":"WebPage","@id":"https:\/\/www.carideal.com\/blog\/2015\/11\/03\/essai-de-la-jaguar-f-type-coupe-v6-s\/","url":"https:\/\/www.carideal.com\/blog\/2015\/11\/03\/essai-de-la-jaguar-f-type-coupe-v6-s\/","name":"Essai Jaguar F TYPE Coup\u00e9 V6 S - Blog auto Carid\u00e9al","isPartOf":{"@id":"https:\/\/www.carideal.com\/blog\/#website"},"primaryImageOfPage":{"@id":"https:\/\/www.carideal.com\/blog\/2015\/11\/03\/essai-de-la-jaguar-f-type-coupe-v6-s\/#primaryimage"},"image":{"@id":"https:\/\/www.carideal.com\/blog\/2015\/11\/03\/essai-de-la-jaguar-f-type-coupe-v6-s\/#primaryimage"},"thumbnailUrl":"http:\/\/www.carideal.com\/blog\/wp-content\/uploads\/2015\/11\/jaguar-F_Type_Coupe_v6-s-carideal-blog-auto-300x174.jpg","datePublished":"2015-11-03T15:31:28+00:00","dateModified":"2016-06-21T09:58:46+00:00","description":"Essai Jaguar F Type Coup\u00e9 V6 S attention la Porsche 911 n'a qu'\u00e0 bien se tenir, car apr\u00e8s l'essai il sera difficile de revenir en arri\u00e8re.","breadcrumb":{"@id":"https:\/\/www.carideal.com\/blog\/2015\/11\/03\/essai-de-la-jaguar-f-type-coupe-v6-s\/#breadcrumb"},"inLanguage":"fr-FR","potentialAction":[{"@type":"ReadAction","target":["https:\/\/www.carideal.com\/blog\/2015\/11\/03\/essai-de-la-jaguar-f-type-coupe-v6-s\/"]}]},{"@type":"ImageObject","inLanguage":"fr-FR","@id":"https:\/\/www.carideal.com\/blog\/2015\/11\/03\/essai-de-la-jaguar-f-type-coupe-v6-s\/#primaryimage","url":"http:\/\/www.carideal.com\/blog\/wp-content\/uploads\/2015\/11\/jaguar-F_Type_Coupe_v6-s-carideal-blog-auto-300x174.jpg","contentUrl":"http:\/\/www.carideal.com\/blog\/wp-content\/uploads\/2015\/11\/jaguar-F_Type_Coupe_v6-s-carideal-blog-auto-300x174.jpg"},{"@type":"BreadcrumbList","@id":"https:\/\/www.carideal.com\/blog\/2015\/11\/03\/essai-de-la-jaguar-f-type-coupe-v6-s\/#breadcrumb","itemListElement":[{"@type":"ListItem","position":1,"name":"Blog Carid\u00e9al","item":"https:\/\/www.carideal.com\/blog\/"},{"@type":"ListItem","position":2,"name":"Actualit\u00e9 automobile","item":"https:\/\/www.carideal.com\/blog\/actualites-auto\/"},{"@type":"ListItem","position":3,"name":"Essai Jaguar F TYPE Coup\u00e9 V6 S"}]},{"@type":"WebSite","@id":"https:\/\/www.carideal.com\/blog\/#website","url":"https:\/\/www.carideal.com\/blog\/","name":"Blog auto Carid\u00e9al","description":"Actualit\u00e9 auto par des passionn\u00e9s","publisher":{"@id":"https:\/\/www.carideal.com\/blog\/#organization"},"potentialAction":[{"@type":"SearchAction","target":{"@type":"EntryPoint","urlTemplate":"https:\/\/www.carideal.com\/blog\/?s={search_term_string}"},"query-input":{"@type":"PropertyValueSpecification","valueRequired":true,"valueName":"search_term_string"}}],"inLanguage":"fr-FR"},{"@type":"Organization","@id":"https:\/\/www.carideal.com\/blog\/#organization","name":"Carideal","url":"https:\/\/www.carideal.com\/blog\/","logo":{"@type":"ImageObject","inLanguage":"fr-FR","@id":"https:\/\/www.carideal.com\/blog\/#\/schema\/logo\/image\/","url":"http:\/\/www.carideal.com\/blog\/wp-content\/uploads\/2016\/03\/logo-carideal-mandataire-automobile.png","contentUrl":"http:\/\/www.carideal.com\/blog\/wp-content\/uploads\/2016\/03\/logo-carideal-mandataire-automobile.png","width":300,"height":300,"caption":"Carideal"},"image":{"@id":"https:\/\/www.carideal.com\/blog\/#\/schema\/logo\/image\/"},"sameAs":["https:\/\/www.facebook.com\/Carideal.mandataire.automobile","https:\/\/x.com\/caridealauto","https:\/\/www.instagram.com\/carideal1\/","https:\/\/www.linkedin.com\/company\/carideal.com","https:\/\/fr.pinterest.com\/schiavonsas\/","https:\/\/www.youtube.com\/user\/caridealsas"]},{"@type":"Person","@id":"https:\/\/www.carideal.com\/blog\/#\/schema\/person\/cd95dc7919660de90d31b366f85be1ec","name":"Nicolas SCHIAVON","image":{"@type":"ImageObject","inLanguage":"fr-FR","@id":"https:\/\/www.carideal.com\/blog\/#\/schema\/person\/image\/","url":"https:\/\/secure.gravatar.com\/avatar\/c17e55009e671d92cc7f5dc837dc418a?s=96&r=g","contentUrl":"https:\/\/secure.gravatar.com\/avatar\/c17e55009e671d92cc7f5dc837dc418a?s=96&r=g","caption":"Nicolas SCHIAVON"},"description":"Nicolas Schiavon est tomb\u00e9 tout petit dans la marmite automobile. Ayant eu un garage de marque automobile, mandataire automobile de la premi\u00e8re heure d\u00e8s 1999. Nicolas a cr\u00e9\u00e9 ces premiers sites de vente de voiture et blog automobile d\u00e8s 1994. Carideal est n\u00e9 le 15 d\u00e9cembre 2000 de la volont\u00e9 de vendre des voitures d'occasions en ligne puis des voitures neuves. Il a pu essayer beaucoup de voitures tr\u00e8s diff\u00e9rentes et ayant eu personnellement quelques belles autos, Subaru Impreza, Mitsubishi Lancer Evo 7, Porsche 911, Ferrari Testarrossa, Audi RS3, RS4 et j'en passe...","sameAs":["http:\/\/www.carideal.com","https:\/\/www.facebook.com\/nicolas.schiavon.39","https:\/\/www.instagram.com\/carideal1\/","https:\/\/www.linkedin.com\/in\/nschiavon\/","https:\/\/x.com\/caridealauto","https:\/\/www.youtube.com\/user\/caridealsas\/"],"url":"https:\/\/www.carideal.com\/blog\/author\/nschiavon\/"}]}},"uagb_featured_image_src":{"full":false,"thumbnail":false,"medium":false,"medium_large":false,"large":false,"1536x1536":false,"2048x2048":false,"wppr-widget":false},"uagb_author_info":{"display_name":"Nicolas SCHIAVON","author_link":"https:\/\/www.carideal.com\/blog\/author\/nschiavon\/"},"uagb_comment_info":2,"uagb_excerpt":"Essai Jaguar F TYPE Coup\u00e9 V6 S Essai Jaguar F TYPE Coup\u00e9\u00a0V6 S 380 CH :\u00a0Une ligne \u00e0 se damner, une sonorit\u00e9 enivrante, de r\u00e9elles qualit\u00e9s dynamiques, le tout enrob\u00e9 d'un tarif loin de crever le plafond... Porsche 911, voici ton pire cauchemar! Il\u00a0semble loin, le temps o\u00f9\u00a0Jaguar commercialisait la\u00a0X-Type, une familiale b\u00e2tie\u00a0sur des \u00e9l\u00e9ments...\u2026","_links":{"self":[{"href":"https:\/\/www.carideal.com\/blog\/wp-json\/wp\/v2\/posts\/7349"}],"collection":[{"href":"https:\/\/www.carideal.com\/blog\/wp-json\/wp\/v2\/posts"}],"about":[{"href":"https:\/\/www.carideal.com\/blog\/wp-json\/wp\/v2\/types\/post"}],"author":[{"embeddable":true,"href":"https:\/\/www.carideal.com\/blog\/wp-json\/wp\/v2\/users\/3"}],"replies":[{"embeddable":true,"href":"https:\/\/www.carideal.com\/blog\/wp-json\/wp\/v2\/comments?post=7349"}],"version-history":[{"count":0,"href":"https:\/\/www.carideal.com\/blog\/wp-json\/wp\/v2\/posts\/7349\/revisions"}],"wp:attachment":[{"href":"https:\/\/www.carideal.com\/blog\/wp-json\/wp\/v2\/media?parent=7349"}],"wp:term":[{"taxonomy":"category","embeddable":true,"href":"https:\/\/www.carideal.com\/blog\/wp-json\/wp\/v2\/categories?post=7349"},{"taxonomy":"post_tag","embeddable":true,"href":"https:\/\/www.carideal.com\/blog\/wp-json\/wp\/v2\/tags?post=7349"}],"curies":[{"name":"wp","href":"https:\/\/api.w.org\/{rel}","templated":true}]}}