{"id":731,"date":"2010-01-04T17:19:00","date_gmt":"2010-01-04T17:19:00","guid":{"rendered":"http:\/\/carideal.com\/blog\/?p=731"},"modified":"2020-03-07T16:55:26","modified_gmt":"2020-03-07T15:55:26","slug":"le-plus-haut-niveau-depuis-1990-le-marche-francais-affiche-un-record-avec-2-268-730-vehicules-immatricules-en-2009","status":"publish","type":"post","link":"https:\/\/www.carideal.com\/blog\/2010\/01\/04\/le-plus-haut-niveau-depuis-1990-le-marche-francais-affiche-un-record-avec-2-268-730-vehicules-immatricules-en-2009\/","title":{"rendered":"Le plus haut niveau depuis 1990. Le march\u00e9 fran\u00e7ais affiche un record avec 2 268 730 v\u00e9hicules immatricul\u00e9s, en 2009."},"content":{"rendered":"<\/p>\n<blockquote>\n<p>Les clients se sont pr\u00e9cipit\u00e9s sur le dernier trimestre de 2009 pour acheter des petites voitures<\/p>\n<\/blockquote>\n<p>Il faut remonter \u00e0 1990 pour retrouver un niveau de march\u00e9 aussi \u00e9lev\u00e9. A cette date, les immatriculations avaient atteint 2,309 millions de voitures.<\/p>\n<p>Rush en <a href=\"\/blog\/index.php?tag\/concession\">concession<\/a><\/p>\n<p>\u201cLes ventes de voitures neuves ont profit\u00e9 d\u2019une acc\u00e9l\u00e9ration incroyable sur le dernier trimestre, suite au rush dans les concessions jusqu\u2019\u00e0 la fin de l\u2019ann\u00e9e\u201d, a ajout\u00e9 le porte parole du <a href=\"\/blog\/index.php?tag\/CCFA\">CCFA<\/a>. Apr\u00e8s la progression de 48,4 % sur novembre, d\u00e9cembre affiche une hausse quasi identique de 48,6 % avec 228 451 immatriculations. Une nouvelle fois, les marques fran\u00e7aises tirent mieux leur \u00e9pingle du jeu et progressent sur d\u00e9cembre de 56,3 % et sur le bilan annuel de 13 %. La part de march\u00e9 des trois marques fran\u00e7aises passe ainsi \u00e0 53,9 % contre 52,8 % en 2008. La plus forte progression est enregistr\u00e9e par Citro\u00ebn (+17,4 %) puis par Renault avec 12,5 % de hausse de ses ventes. Sur le mois de d\u00e9cembre, tous les groupes connaissent des hausses assez fulgurantes de 62,2 % pour Ford, 53,4 % pour Toyota (avec Lexus) ou encore 42,8 % pour le groupe Fiat. Au total des marques \u00e9trang\u00e8res le bond atteint 41,4 % sur d\u00e9cembre et 8,1 % pour l\u2019ensemble de l\u2019ann\u00e9e.  Les marques haut de gamme ont, elles aussi, profit\u00e9 sur le mois de d\u00e9cembre de l\u2019afflux des automobilistes dans les concessions mais pas suffisamment pour compenser la d\u00e9saffection en cours d\u2019ann\u00e9e. Sur douze mois, BMW accuse un recul de ses ventes de 10,2% et dans une moindre mesure Mercedes avec -2,3 % <a href=\"\/blog\/index.php?post\/2009\/12\/28\/Une-ann%C3%A9e-record-en-terme-d-immatriculation\">\/\/Annee 2009 record d'imlmatriculation<\/a> <a href=\"\/blog\/index.php?post\/2009\/11\/19\/500000-primes-%C3%A0-la-casse\">\/\/\/Prime \u00e0 la casse<\/a><\/p>\n","protected":false},"excerpt":{"rendered":"<p>Les clients se sont pr\u00e9cipit\u00e9s sur le dernier trimestre de 2009 pour acheter des petites voitures Il faut remonter \u00e0 1990 pour retrouver un niveau de march\u00e9 aussi \u00e9lev\u00e9. A cette date, les immatriculations avaient atteint 2,309 millions de voitures. Rush en concession \u201cLes ventes de voitures neuves ont profit\u00e9 d\u2019une acc\u00e9l\u00e9ration incroyable sur le &#8230; <a title=\"Le plus haut niveau depuis 1990. Le march\u00e9 fran\u00e7ais affiche un record avec 2 268 730 v\u00e9hicules immatricul\u00e9s, en 2009.\" class=\"read-more\" href=\"https:\/\/www.carideal.com\/blog\/2010\/01\/04\/le-plus-haut-niveau-depuis-1990-le-marche-francais-affiche-un-record-avec-2-268-730-vehicules-immatricules-en-2009\/\" aria-label=\"En savoir plus sur Le plus haut niveau depuis 1990. Le march\u00e9 fran\u00e7ais affiche un record avec 2 268 730 v\u00e9hicules immatricul\u00e9s, en 2009.\">Lire plus<\/a><\/p>\n","protected":false},"author":1,"featured_media":0,"comment_status":"open","ping_status":"open","sticky":false,"template":"","format":"standard","meta":{"_uag_custom_page_level_css":"","_themeisle_gutenberg_block_has_review":false,"footnotes":""},"categories":[10],"tags":[2206,255],"class_list":["post-731","post","type-post","status-publish","format-standard","hentry","category-marche-automobile-voiture-neuve-occasion-4x4-suv","tag-concession","tag-prime-a-la-casse"],"wppr_data":[],"yoast_head":"<!-- This site is optimized with the Yoast SEO plugin v24.8.1 - https:\/\/yoast.com\/wordpress\/plugins\/seo\/ -->\n<title>Le plus haut niveau depuis 1990. Le march\u00e9 fran\u00e7ais affiche un record avec 2 268 730 v\u00e9hicules immatricul\u00e9s, en 2009. - Blog auto Carid\u00e9al<\/title>\n<meta name=\"robots\" content=\"index, follow, max-snippet:-1, max-image-preview:large, max-video-preview:-1\" \/>\n<link rel=\"canonical\" href=\"https:\/\/www.carideal.com\/blog\/2010\/01\/04\/le-plus-haut-niveau-depuis-1990-le-marche-francais-affiche-un-record-avec-2-268-730-vehicules-immatricules-en-2009\/\" \/>\n<meta property=\"og:locale\" content=\"fr_FR\" \/>\n<meta property=\"og:type\" content=\"article\" \/>\n<meta property=\"og:title\" content=\"Le plus haut niveau depuis 1990. Le march\u00e9 fran\u00e7ais affiche un record avec 2 268 730 v\u00e9hicules immatricul\u00e9s, en 2009. - Blog auto Carid\u00e9al\" \/>\n<meta property=\"og:description\" content=\"Les clients se sont pr\u00e9cipit\u00e9s sur le dernier trimestre de 2009 pour acheter des petites voitures Il faut remonter \u00e0 1990 pour retrouver un niveau de march\u00e9 aussi \u00e9lev\u00e9. A cette date, les immatriculations avaient atteint 2,309 millions de voitures. Rush en concession \u201cLes ventes de voitures neuves ont profit\u00e9 d\u2019une acc\u00e9l\u00e9ration incroyable sur le ... Lire plus\" \/>\n<meta property=\"og:url\" content=\"https:\/\/www.carideal.com\/blog\/2010\/01\/04\/le-plus-haut-niveau-depuis-1990-le-marche-francais-affiche-un-record-avec-2-268-730-vehicules-immatricules-en-2009\/\" \/>\n<meta property=\"og:site_name\" content=\"Blog auto Carid\u00e9al\" \/>\n<meta property=\"article:publisher\" content=\"https:\/\/www.facebook.com\/Carideal.mandataire.automobile\" \/>\n<meta property=\"article:author\" content=\"https:\/\/www.facebook.com\/Carideal.mandataire.automobile\/\" \/>\n<meta property=\"article:published_time\" content=\"2010-01-04T17:19:00+00:00\" \/>\n<meta property=\"article:modified_time\" content=\"2020-03-07T15:55:26+00:00\" \/>\n<meta property=\"og:image\" content=\"https:\/\/www.carideal.com\/blog\/wp-content\/uploads\/2016\/03\/logo-carideal-mandataire-automobile.png\" \/>\n\t<meta property=\"og:image:width\" content=\"300\" \/>\n\t<meta property=\"og:image:height\" content=\"300\" \/>\n\t<meta property=\"og:image:type\" content=\"image\/png\" \/>\n<meta name=\"author\" content=\"N.S Carideal\" \/>\n<meta name=\"twitter:card\" content=\"summary_large_image\" \/>\n<meta name=\"twitter:creator\" content=\"@caridealauto\" \/>\n<meta name=\"twitter:site\" content=\"@caridealauto\" \/>\n<meta name=\"twitter:label1\" content=\"\u00c9crit par\" \/>\n\t<meta name=\"twitter:data1\" content=\"N.S Carideal\" \/>\n\t<meta name=\"twitter:label2\" content=\"Dur\u00e9e de lecture estim\u00e9e\" \/>\n\t<meta name=\"twitter:data2\" content=\"1 minute\" \/>\n<script type=\"application\/ld+json\" class=\"yoast-schema-graph\">{\"@context\":\"https:\/\/schema.org\",\"@graph\":[{\"@type\":\"Article\",\"@id\":\"https:\/\/www.carideal.com\/blog\/2010\/01\/04\/le-plus-haut-niveau-depuis-1990-le-marche-francais-affiche-un-record-avec-2-268-730-vehicules-immatricules-en-2009\/#article\",\"isPartOf\":{\"@id\":\"https:\/\/www.carideal.com\/blog\/2010\/01\/04\/le-plus-haut-niveau-depuis-1990-le-marche-francais-affiche-un-record-avec-2-268-730-vehicules-immatricules-en-2009\/\"},\"author\":{\"name\":\"N.S Carideal\",\"@id\":\"https:\/\/www.carideal.com\/blog\/#\/schema\/person\/985c7e757d1042d647f21bfaf8d41ebc\"},\"headline\":\"Le plus haut niveau depuis 1990. Le march\u00e9 fran\u00e7ais affiche un record avec 2 268 730 v\u00e9hicules immatricul\u00e9s, en 2009.\",\"datePublished\":\"2010-01-04T17:19:00+00:00\",\"dateModified\":\"2020-03-07T15:55:26+00:00\",\"mainEntityOfPage\":{\"@id\":\"https:\/\/www.carideal.com\/blog\/2010\/01\/04\/le-plus-haut-niveau-depuis-1990-le-marche-francais-affiche-un-record-avec-2-268-730-vehicules-immatricules-en-2009\/\"},\"wordCount\":278,\"commentCount\":0,\"publisher\":{\"@id\":\"https:\/\/www.carideal.com\/blog\/#organization\"},\"keywords\":[\"Concession automobile\",\"prime \u00e0 la casse\"],\"articleSection\":[\"March\u00e9 automobile\"],\"inLanguage\":\"fr-FR\",\"potentialAction\":[{\"@type\":\"CommentAction\",\"name\":\"Comment\",\"target\":[\"https:\/\/www.carideal.com\/blog\/2010\/01\/04\/le-plus-haut-niveau-depuis-1990-le-marche-francais-affiche-un-record-avec-2-268-730-vehicules-immatricules-en-2009\/#respond\"]}]},{\"@type\":\"WebPage\",\"@id\":\"https:\/\/www.carideal.com\/blog\/2010\/01\/04\/le-plus-haut-niveau-depuis-1990-le-marche-francais-affiche-un-record-avec-2-268-730-vehicules-immatricules-en-2009\/\",\"url\":\"https:\/\/www.carideal.com\/blog\/2010\/01\/04\/le-plus-haut-niveau-depuis-1990-le-marche-francais-affiche-un-record-avec-2-268-730-vehicules-immatricules-en-2009\/\",\"name\":\"Le plus haut niveau depuis 1990. Le march\u00e9 fran\u00e7ais affiche un record avec 2 268 730 v\u00e9hicules immatricul\u00e9s, en 2009. - Blog auto Carid\u00e9al\",\"isPartOf\":{\"@id\":\"https:\/\/www.carideal.com\/blog\/#website\"},\"datePublished\":\"2010-01-04T17:19:00+00:00\",\"dateModified\":\"2020-03-07T15:55:26+00:00\",\"breadcrumb\":{\"@id\":\"https:\/\/www.carideal.com\/blog\/2010\/01\/04\/le-plus-haut-niveau-depuis-1990-le-marche-francais-affiche-un-record-avec-2-268-730-vehicules-immatricules-en-2009\/#breadcrumb\"},\"inLanguage\":\"fr-FR\",\"potentialAction\":[{\"@type\":\"ReadAction\",\"target\":[\"https:\/\/www.carideal.com\/blog\/2010\/01\/04\/le-plus-haut-niveau-depuis-1990-le-marche-francais-affiche-un-record-avec-2-268-730-vehicules-immatricules-en-2009\/\"]}]},{\"@type\":\"BreadcrumbList\",\"@id\":\"https:\/\/www.carideal.com\/blog\/2010\/01\/04\/le-plus-haut-niveau-depuis-1990-le-marche-francais-affiche-un-record-avec-2-268-730-vehicules-immatricules-en-2009\/#breadcrumb\",\"itemListElement\":[{\"@type\":\"ListItem\",\"position\":1,\"name\":\"Blog Carid\u00e9al\",\"item\":\"https:\/\/www.carideal.com\/blog\/\"},{\"@type\":\"ListItem\",\"position\":2,\"name\":\"March\u00e9 automobile\",\"item\":\"https:\/\/www.carideal.com\/blog\/marche-automobile-voiture-neuve-occasion-4x4-suv\/\"},{\"@type\":\"ListItem\",\"position\":3,\"name\":\"Le plus haut niveau depuis 1990. Le march\u00e9 fran\u00e7ais affiche un record avec 2 268 730 v\u00e9hicules immatricul\u00e9s, en 2009.\"}]},{\"@type\":\"WebSite\",\"@id\":\"https:\/\/www.carideal.com\/blog\/#website\",\"url\":\"https:\/\/www.carideal.com\/blog\/\",\"name\":\"Blog auto Carid\u00e9al\",\"description\":\"Actualit\u00e9 auto par des passionn\u00e9s\",\"publisher\":{\"@id\":\"https:\/\/www.carideal.com\/blog\/#organization\"},\"potentialAction\":[{\"@type\":\"SearchAction\",\"target\":{\"@type\":\"EntryPoint\",\"urlTemplate\":\"https:\/\/www.carideal.com\/blog\/?s={search_term_string}\"},\"query-input\":{\"@type\":\"PropertyValueSpecification\",\"valueRequired\":true,\"valueName\":\"search_term_string\"}}],\"inLanguage\":\"fr-FR\"},{\"@type\":\"Organization\",\"@id\":\"https:\/\/www.carideal.com\/blog\/#organization\",\"name\":\"Carideal\",\"url\":\"https:\/\/www.carideal.com\/blog\/\",\"logo\":{\"@type\":\"ImageObject\",\"inLanguage\":\"fr-FR\",\"@id\":\"https:\/\/www.carideal.com\/blog\/#\/schema\/logo\/image\/\",\"url\":\"http:\/\/www.carideal.com\/blog\/wp-content\/uploads\/2016\/03\/logo-carideal-mandataire-automobile.png\",\"contentUrl\":\"http:\/\/www.carideal.com\/blog\/wp-content\/uploads\/2016\/03\/logo-carideal-mandataire-automobile.png\",\"width\":300,\"height\":300,\"caption\":\"Carideal\"},\"image\":{\"@id\":\"https:\/\/www.carideal.com\/blog\/#\/schema\/logo\/image\/\"},\"sameAs\":[\"https:\/\/www.facebook.com\/Carideal.mandataire.automobile\",\"https:\/\/x.com\/caridealauto\",\"https:\/\/www.instagram.com\/carideal1\/\",\"https:\/\/www.linkedin.com\/company\/carideal.com\",\"https:\/\/fr.pinterest.com\/schiavonsas\/\",\"https:\/\/www.youtube.com\/user\/caridealsas\"]},{\"@type\":\"Person\",\"@id\":\"https:\/\/www.carideal.com\/blog\/#\/schema\/person\/985c7e757d1042d647f21bfaf8d41ebc\",\"name\":\"N.S Carideal\",\"image\":{\"@type\":\"ImageObject\",\"inLanguage\":\"fr-FR\",\"@id\":\"https:\/\/www.carideal.com\/blog\/#\/schema\/person\/image\/\",\"url\":\"https:\/\/secure.gravatar.com\/avatar\/edb7ccdf1a4e3d14aef967760d354d0e?s=96&r=g\",\"contentUrl\":\"https:\/\/secure.gravatar.com\/avatar\/edb7ccdf1a4e3d14aef967760d354d0e?s=96&r=g\",\"caption\":\"N.S Carideal\"},\"description\":\"Depuis tout petit fan d'automobile. Il est question d'essayer et de comparer toutes ces voitures qui nous ont fait r\u00e9ver, avant que celles-ci ne devient uniquement des voitures de collection.\",\"sameAs\":[\"http:\/\/www.carideal.com\/blog\",\"https:\/\/www.facebook.com\/Carideal.mandataire.automobile\/\",\"https:\/\/www.linkedin.com\/in\/nschiavon\/\",\"https:\/\/www.youtube.com\/user\/caridealsas\/\"],\"url\":\"https:\/\/www.carideal.com\/blog\/author\/admin_carideal\/\"}]}<\/script>\n<!-- \/ Yoast SEO plugin. -->","yoast_head_json":{"title":"Le plus haut niveau depuis 1990. Le march\u00e9 fran\u00e7ais affiche un record avec 2 268 730 v\u00e9hicules immatricul\u00e9s, en 2009. - Blog auto Carid\u00e9al","robots":{"index":"index","follow":"follow","max-snippet":"max-snippet:-1","max-image-preview":"max-image-preview:large","max-video-preview":"max-video-preview:-1"},"canonical":"https:\/\/www.carideal.com\/blog\/2010\/01\/04\/le-plus-haut-niveau-depuis-1990-le-marche-francais-affiche-un-record-avec-2-268-730-vehicules-immatricules-en-2009\/","og_locale":"fr_FR","og_type":"article","og_title":"Le plus haut niveau depuis 1990. Le march\u00e9 fran\u00e7ais affiche un record avec 2 268 730 v\u00e9hicules immatricul\u00e9s, en 2009. - Blog auto Carid\u00e9al","og_description":"Les clients se sont pr\u00e9cipit\u00e9s sur le dernier trimestre de 2009 pour acheter des petites voitures Il faut remonter \u00e0 1990 pour retrouver un niveau de march\u00e9 aussi \u00e9lev\u00e9. A cette date, les immatriculations avaient atteint 2,309 millions de voitures. Rush en concession \u201cLes ventes de voitures neuves ont profit\u00e9 d\u2019une acc\u00e9l\u00e9ration incroyable sur le ... Lire plus","og_url":"https:\/\/www.carideal.com\/blog\/2010\/01\/04\/le-plus-haut-niveau-depuis-1990-le-marche-francais-affiche-un-record-avec-2-268-730-vehicules-immatricules-en-2009\/","og_site_name":"Blog auto Carid\u00e9al","article_publisher":"https:\/\/www.facebook.com\/Carideal.mandataire.automobile","article_author":"https:\/\/www.facebook.com\/Carideal.mandataire.automobile\/","article_published_time":"2010-01-04T17:19:00+00:00","article_modified_time":"2020-03-07T15:55:26+00:00","og_image":[{"width":300,"height":300,"url":"https:\/\/www.carideal.com\/blog\/wp-content\/uploads\/2016\/03\/logo-carideal-mandataire-automobile.png","type":"image\/png"}],"author":"N.S Carideal","twitter_card":"summary_large_image","twitter_creator":"@caridealauto","twitter_site":"@caridealauto","twitter_misc":{"\u00c9crit par":"N.S Carideal","Dur\u00e9e de lecture estim\u00e9e":"1 minute"},"schema":{"@context":"https:\/\/schema.org","@graph":[{"@type":"Article","@id":"https:\/\/www.carideal.com\/blog\/2010\/01\/04\/le-plus-haut-niveau-depuis-1990-le-marche-francais-affiche-un-record-avec-2-268-730-vehicules-immatricules-en-2009\/#article","isPartOf":{"@id":"https:\/\/www.carideal.com\/blog\/2010\/01\/04\/le-plus-haut-niveau-depuis-1990-le-marche-francais-affiche-un-record-avec-2-268-730-vehicules-immatricules-en-2009\/"},"author":{"name":"N.S Carideal","@id":"https:\/\/www.carideal.com\/blog\/#\/schema\/person\/985c7e757d1042d647f21bfaf8d41ebc"},"headline":"Le plus haut niveau depuis 1990. Le march\u00e9 fran\u00e7ais affiche un record avec 2 268 730 v\u00e9hicules immatricul\u00e9s, en 2009.","datePublished":"2010-01-04T17:19:00+00:00","dateModified":"2020-03-07T15:55:26+00:00","mainEntityOfPage":{"@id":"https:\/\/www.carideal.com\/blog\/2010\/01\/04\/le-plus-haut-niveau-depuis-1990-le-marche-francais-affiche-un-record-avec-2-268-730-vehicules-immatricules-en-2009\/"},"wordCount":278,"commentCount":0,"publisher":{"@id":"https:\/\/www.carideal.com\/blog\/#organization"},"keywords":["Concession automobile","prime \u00e0 la casse"],"articleSection":["March\u00e9 automobile"],"inLanguage":"fr-FR","potentialAction":[{"@type":"CommentAction","name":"Comment","target":["https:\/\/www.carideal.com\/blog\/2010\/01\/04\/le-plus-haut-niveau-depuis-1990-le-marche-francais-affiche-un-record-avec-2-268-730-vehicules-immatricules-en-2009\/#respond"]}]},{"@type":"WebPage","@id":"https:\/\/www.carideal.com\/blog\/2010\/01\/04\/le-plus-haut-niveau-depuis-1990-le-marche-francais-affiche-un-record-avec-2-268-730-vehicules-immatricules-en-2009\/","url":"https:\/\/www.carideal.com\/blog\/2010\/01\/04\/le-plus-haut-niveau-depuis-1990-le-marche-francais-affiche-un-record-avec-2-268-730-vehicules-immatricules-en-2009\/","name":"Le plus haut niveau depuis 1990. Le march\u00e9 fran\u00e7ais affiche un record avec 2 268 730 v\u00e9hicules immatricul\u00e9s, en 2009. - Blog auto Carid\u00e9al","isPartOf":{"@id":"https:\/\/www.carideal.com\/blog\/#website"},"datePublished":"2010-01-04T17:19:00+00:00","dateModified":"2020-03-07T15:55:26+00:00","breadcrumb":{"@id":"https:\/\/www.carideal.com\/blog\/2010\/01\/04\/le-plus-haut-niveau-depuis-1990-le-marche-francais-affiche-un-record-avec-2-268-730-vehicules-immatricules-en-2009\/#breadcrumb"},"inLanguage":"fr-FR","potentialAction":[{"@type":"ReadAction","target":["https:\/\/www.carideal.com\/blog\/2010\/01\/04\/le-plus-haut-niveau-depuis-1990-le-marche-francais-affiche-un-record-avec-2-268-730-vehicules-immatricules-en-2009\/"]}]},{"@type":"BreadcrumbList","@id":"https:\/\/www.carideal.com\/blog\/2010\/01\/04\/le-plus-haut-niveau-depuis-1990-le-marche-francais-affiche-un-record-avec-2-268-730-vehicules-immatricules-en-2009\/#breadcrumb","itemListElement":[{"@type":"ListItem","position":1,"name":"Blog Carid\u00e9al","item":"https:\/\/www.carideal.com\/blog\/"},{"@type":"ListItem","position":2,"name":"March\u00e9 automobile","item":"https:\/\/www.carideal.com\/blog\/marche-automobile-voiture-neuve-occasion-4x4-suv\/"},{"@type":"ListItem","position":3,"name":"Le plus haut niveau depuis 1990. Le march\u00e9 fran\u00e7ais affiche un record avec 2 268 730 v\u00e9hicules immatricul\u00e9s, en 2009."}]},{"@type":"WebSite","@id":"https:\/\/www.carideal.com\/blog\/#website","url":"https:\/\/www.carideal.com\/blog\/","name":"Blog auto Carid\u00e9al","description":"Actualit\u00e9 auto par des passionn\u00e9s","publisher":{"@id":"https:\/\/www.carideal.com\/blog\/#organization"},"potentialAction":[{"@type":"SearchAction","target":{"@type":"EntryPoint","urlTemplate":"https:\/\/www.carideal.com\/blog\/?s={search_term_string}"},"query-input":{"@type":"PropertyValueSpecification","valueRequired":true,"valueName":"search_term_string"}}],"inLanguage":"fr-FR"},{"@type":"Organization","@id":"https:\/\/www.carideal.com\/blog\/#organization","name":"Carideal","url":"https:\/\/www.carideal.com\/blog\/","logo":{"@type":"ImageObject","inLanguage":"fr-FR","@id":"https:\/\/www.carideal.com\/blog\/#\/schema\/logo\/image\/","url":"http:\/\/www.carideal.com\/blog\/wp-content\/uploads\/2016\/03\/logo-carideal-mandataire-automobile.png","contentUrl":"http:\/\/www.carideal.com\/blog\/wp-content\/uploads\/2016\/03\/logo-carideal-mandataire-automobile.png","width":300,"height":300,"caption":"Carideal"},"image":{"@id":"https:\/\/www.carideal.com\/blog\/#\/schema\/logo\/image\/"},"sameAs":["https:\/\/www.facebook.com\/Carideal.mandataire.automobile","https:\/\/x.com\/caridealauto","https:\/\/www.instagram.com\/carideal1\/","https:\/\/www.linkedin.com\/company\/carideal.com","https:\/\/fr.pinterest.com\/schiavonsas\/","https:\/\/www.youtube.com\/user\/caridealsas"]},{"@type":"Person","@id":"https:\/\/www.carideal.com\/blog\/#\/schema\/person\/985c7e757d1042d647f21bfaf8d41ebc","name":"N.S Carideal","image":{"@type":"ImageObject","inLanguage":"fr-FR","@id":"https:\/\/www.carideal.com\/blog\/#\/schema\/person\/image\/","url":"https:\/\/secure.gravatar.com\/avatar\/edb7ccdf1a4e3d14aef967760d354d0e?s=96&r=g","contentUrl":"https:\/\/secure.gravatar.com\/avatar\/edb7ccdf1a4e3d14aef967760d354d0e?s=96&r=g","caption":"N.S Carideal"},"description":"Depuis tout petit fan d'automobile. Il est question d'essayer et de comparer toutes ces voitures qui nous ont fait r\u00e9ver, avant que celles-ci ne devient uniquement des voitures de collection.","sameAs":["http:\/\/www.carideal.com\/blog","https:\/\/www.facebook.com\/Carideal.mandataire.automobile\/","https:\/\/www.linkedin.com\/in\/nschiavon\/","https:\/\/www.youtube.com\/user\/caridealsas\/"],"url":"https:\/\/www.carideal.com\/blog\/author\/admin_carideal\/"}]}},"uagb_featured_image_src":{"full":false,"thumbnail":false,"medium":false,"medium_large":false,"large":false,"1536x1536":false,"2048x2048":false,"wppr-widget":false},"uagb_author_info":{"display_name":"N.S Carideal","author_link":"https:\/\/www.carideal.com\/blog\/author\/admin_carideal\/"},"uagb_comment_info":0,"uagb_excerpt":"Les clients se sont pr\u00e9cipit\u00e9s sur le dernier trimestre de 2009 pour acheter des petites voitures Il faut remonter \u00e0 1990 pour retrouver un niveau de march\u00e9 aussi \u00e9lev\u00e9. A cette date, les immatriculations avaient atteint 2,309 millions de voitures. Rush en concession \u201cLes ventes de voitures neuves ont profit\u00e9 d\u2019une acc\u00e9l\u00e9ration incroyable sur le\u2026","_links":{"self":[{"href":"https:\/\/www.carideal.com\/blog\/wp-json\/wp\/v2\/posts\/731"}],"collection":[{"href":"https:\/\/www.carideal.com\/blog\/wp-json\/wp\/v2\/posts"}],"about":[{"href":"https:\/\/www.carideal.com\/blog\/wp-json\/wp\/v2\/types\/post"}],"author":[{"embeddable":true,"href":"https:\/\/www.carideal.com\/blog\/wp-json\/wp\/v2\/users\/1"}],"replies":[{"embeddable":true,"href":"https:\/\/www.carideal.com\/blog\/wp-json\/wp\/v2\/comments?post=731"}],"version-history":[{"count":0,"href":"https:\/\/www.carideal.com\/blog\/wp-json\/wp\/v2\/posts\/731\/revisions"}],"wp:attachment":[{"href":"https:\/\/www.carideal.com\/blog\/wp-json\/wp\/v2\/media?parent=731"}],"wp:term":[{"taxonomy":"category","embeddable":true,"href":"https:\/\/www.carideal.com\/blog\/wp-json\/wp\/v2\/categories?post=731"},{"taxonomy":"post_tag","embeddable":true,"href":"https:\/\/www.carideal.com\/blog\/wp-json\/wp\/v2\/tags?post=731"}],"curies":[{"name":"wp","href":"https:\/\/api.w.org\/{rel}","templated":true}]}}