{"id":73,"date":"2009-12-18T15:35:00","date_gmt":"2009-12-18T15:35:00","guid":{"rendered":"http:\/\/carideal.com\/blog\/?p=73"},"modified":"2020-03-07T16:45:25","modified_gmt":"2020-03-07T15:45:25","slug":"le-malus-sur-les-voitures-importees-illegal","status":"publish","type":"post","link":"https:\/\/www.carideal.com\/blog\/2009\/12\/18\/le-malus-sur-les-voitures-importees-illegal\/","title":{"rendered":"le malus sur les voitures importees illegal !"},"content":{"rendered":"<p> Bruxelle vient de prendre le nerf&nbsp;! \"La commission a demand\u00e9 \u00e0 la France de modifier, dans un d\u00e9lai de 2 mois, un aspect particulier de sa l\u00e9gislation relative \u00e0 la taxe, dite malus, qu'elle consid\u00e8re discriminatoire \u00e0 l'\u00e9gard des v\u00e9hicules d'occasion en provenance d'un autre \u00e9tat membre\".<br \/>\nPour r\u00e9sumer, lors de l'instauration du <a href=\"\/blog\/index.php?tag\/bonus%20malus\">bonus malus<\/a>, le premier Janvier 2008, le minist\u00e8re de l'\u00e9cologie a choisi de taxer d'un malus les voitures d'occasionsprovenant d'un pays \u00e9tranger, en fonction de ses \u00e9missions de <a href=\"\/blog\/index.php?tag\/CO2\">CO2<\/a>. Dans le cas du malus d'une voiture import\u00e9e, la France consid\u00e8re que puisqu'il n'a pas \u00e9t\u00e9 pay\u00e9 sur la voiture neuve il est du au prorata de 10% par ann\u00e9e \u00e9coul\u00e9e depuis la premi\u00e8re imatriculation.<br \/>\nBruxelles n'apr\u00e9cie pas du tout&nbsp;: \"Cela ne refl\u00e8te pas du tout la d\u00e9pr\u00e9ciation r\u00e9elle subie, en particulier les premi\u00e8res ann\u00e9es\". explique un communiqu\u00e9 de la commission, qui demande aux personnes qui se sont injustement acquit\u00e9es du malus \u00e0 faire valoir leurs droits  devant les instances nationales comp\u00e9tentes.<\/p>\n<p>A ce jour, le minist\u00e8re de l'\u00e9conomie ne commente pas .<\/p>\n","protected":false},"excerpt":{"rendered":"<p>Bruxelle vient de prendre le nerf&nbsp;! \u00ab\u00a0La commission a demand\u00e9 \u00e0 la France de modifier, dans un d\u00e9lai de 2 mois, un aspect particulier de sa l\u00e9gislation relative \u00e0 la taxe, dite malus, qu&rsquo;elle consid\u00e8re discriminatoire \u00e0 l&rsquo;\u00e9gard des v\u00e9hicules d&rsquo;occasion en provenance d&rsquo;un autre \u00e9tat membre\u00a0\u00bb. Pour r\u00e9sumer, lors de l&rsquo;instauration du bonus malus, &#8230; <a title=\"le malus sur les voitures importees illegal !\" class=\"read-more\" href=\"https:\/\/www.carideal.com\/blog\/2009\/12\/18\/le-malus-sur-les-voitures-importees-illegal\/\" aria-label=\"En savoir plus sur le malus sur les voitures importees illegal !\">Lire plus<\/a><\/p>\n","protected":false},"author":1,"featured_media":0,"comment_status":"open","ping_status":"open","sticky":false,"template":"","format":"standard","meta":{"_uag_custom_page_level_css":"","_themeisle_gutenberg_block_has_review":false,"footnotes":""},"categories":[3],"tags":[248,60],"class_list":["post-73","post","type-post","status-publish","format-standard","hentry","category-actualites-financieres","tag-bonus-malus","tag-co2"],"wppr_data":[],"yoast_head":"<!-- This site is optimized with the Yoast SEO plugin v24.8.1 - https:\/\/yoast.com\/wordpress\/plugins\/seo\/ -->\n<title>le malus sur les voitures importees illegal ! - Blog auto Carid\u00e9al<\/title>\n<meta name=\"robots\" content=\"index, follow, max-snippet:-1, max-image-preview:large, max-video-preview:-1\" \/>\n<link rel=\"canonical\" href=\"https:\/\/www.carideal.com\/blog\/2009\/12\/18\/le-malus-sur-les-voitures-importees-illegal\/\" \/>\n<meta property=\"og:locale\" content=\"fr_FR\" \/>\n<meta property=\"og:type\" content=\"article\" \/>\n<meta property=\"og:title\" content=\"le malus sur les voitures importees illegal ! - Blog auto Carid\u00e9al\" \/>\n<meta property=\"og:description\" content=\"Bruxelle vient de prendre le nerf&nbsp;! &quot;La commission a demand\u00e9 \u00e0 la France de modifier, dans un d\u00e9lai de 2 mois, un aspect particulier de sa l\u00e9gislation relative \u00e0 la taxe, dite malus, qu&#039;elle consid\u00e8re discriminatoire \u00e0 l&#039;\u00e9gard des v\u00e9hicules d&#039;occasion en provenance d&#039;un autre \u00e9tat membre&quot;. Pour r\u00e9sumer, lors de l&#039;instauration du bonus malus, ... Lire plus\" \/>\n<meta property=\"og:url\" content=\"https:\/\/www.carideal.com\/blog\/2009\/12\/18\/le-malus-sur-les-voitures-importees-illegal\/\" \/>\n<meta property=\"og:site_name\" content=\"Blog auto Carid\u00e9al\" \/>\n<meta property=\"article:publisher\" content=\"https:\/\/www.facebook.com\/Carideal.mandataire.automobile\" \/>\n<meta property=\"article:author\" content=\"https:\/\/www.facebook.com\/Carideal.mandataire.automobile\/\" \/>\n<meta property=\"article:published_time\" content=\"2009-12-18T15:35:00+00:00\" \/>\n<meta property=\"article:modified_time\" content=\"2020-03-07T15:45:25+00:00\" \/>\n<meta property=\"og:image\" content=\"https:\/\/www.carideal.com\/blog\/wp-content\/uploads\/2016\/03\/logo-carideal-mandataire-automobile.png\" \/>\n\t<meta property=\"og:image:width\" content=\"300\" \/>\n\t<meta property=\"og:image:height\" content=\"300\" \/>\n\t<meta property=\"og:image:type\" content=\"image\/png\" \/>\n<meta name=\"author\" content=\"N.S Carideal\" \/>\n<meta name=\"twitter:card\" content=\"summary_large_image\" \/>\n<meta name=\"twitter:creator\" content=\"@caridealauto\" \/>\n<meta name=\"twitter:site\" content=\"@caridealauto\" \/>\n<meta name=\"twitter:label1\" content=\"\u00c9crit par\" \/>\n\t<meta name=\"twitter:data1\" content=\"N.S Carideal\" \/>\n\t<meta name=\"twitter:label2\" content=\"Dur\u00e9e de lecture estim\u00e9e\" \/>\n\t<meta name=\"twitter:data2\" content=\"1 minute\" \/>\n<script type=\"application\/ld+json\" class=\"yoast-schema-graph\">{\"@context\":\"https:\/\/schema.org\",\"@graph\":[{\"@type\":\"Article\",\"@id\":\"https:\/\/www.carideal.com\/blog\/2009\/12\/18\/le-malus-sur-les-voitures-importees-illegal\/#article\",\"isPartOf\":{\"@id\":\"https:\/\/www.carideal.com\/blog\/2009\/12\/18\/le-malus-sur-les-voitures-importees-illegal\/\"},\"author\":{\"name\":\"N.S Carideal\",\"@id\":\"https:\/\/www.carideal.com\/blog\/#\/schema\/person\/985c7e757d1042d647f21bfaf8d41ebc\"},\"headline\":\"le malus sur les voitures importees illegal !\",\"datePublished\":\"2009-12-18T15:35:00+00:00\",\"dateModified\":\"2020-03-07T15:45:25+00:00\",\"mainEntityOfPage\":{\"@id\":\"https:\/\/www.carideal.com\/blog\/2009\/12\/18\/le-malus-sur-les-voitures-importees-illegal\/\"},\"wordCount\":200,\"commentCount\":0,\"publisher\":{\"@id\":\"https:\/\/www.carideal.com\/blog\/#organization\"},\"keywords\":[\"Bonus malus\",\"CO2 \u00e9mission de CO2\"],\"articleSection\":[\"Actualit\u00e9 Financi\u00e8re\"],\"inLanguage\":\"fr-FR\",\"potentialAction\":[{\"@type\":\"CommentAction\",\"name\":\"Comment\",\"target\":[\"https:\/\/www.carideal.com\/blog\/2009\/12\/18\/le-malus-sur-les-voitures-importees-illegal\/#respond\"]}]},{\"@type\":\"WebPage\",\"@id\":\"https:\/\/www.carideal.com\/blog\/2009\/12\/18\/le-malus-sur-les-voitures-importees-illegal\/\",\"url\":\"https:\/\/www.carideal.com\/blog\/2009\/12\/18\/le-malus-sur-les-voitures-importees-illegal\/\",\"name\":\"le malus sur les voitures importees illegal ! - Blog auto Carid\u00e9al\",\"isPartOf\":{\"@id\":\"https:\/\/www.carideal.com\/blog\/#website\"},\"datePublished\":\"2009-12-18T15:35:00+00:00\",\"dateModified\":\"2020-03-07T15:45:25+00:00\",\"breadcrumb\":{\"@id\":\"https:\/\/www.carideal.com\/blog\/2009\/12\/18\/le-malus-sur-les-voitures-importees-illegal\/#breadcrumb\"},\"inLanguage\":\"fr-FR\",\"potentialAction\":[{\"@type\":\"ReadAction\",\"target\":[\"https:\/\/www.carideal.com\/blog\/2009\/12\/18\/le-malus-sur-les-voitures-importees-illegal\/\"]}]},{\"@type\":\"BreadcrumbList\",\"@id\":\"https:\/\/www.carideal.com\/blog\/2009\/12\/18\/le-malus-sur-les-voitures-importees-illegal\/#breadcrumb\",\"itemListElement\":[{\"@type\":\"ListItem\",\"position\":1,\"name\":\"Blog Carid\u00e9al\",\"item\":\"https:\/\/www.carideal.com\/blog\/\"},{\"@type\":\"ListItem\",\"position\":2,\"name\":\"Actualit\u00e9 Financi\u00e8re\",\"item\":\"https:\/\/www.carideal.com\/blog\/actualites-financieres\/\"},{\"@type\":\"ListItem\",\"position\":3,\"name\":\"le malus sur les voitures importees illegal !\"}]},{\"@type\":\"WebSite\",\"@id\":\"https:\/\/www.carideal.com\/blog\/#website\",\"url\":\"https:\/\/www.carideal.com\/blog\/\",\"name\":\"Blog auto Carid\u00e9al\",\"description\":\"Actualit\u00e9 auto par des passionn\u00e9s\",\"publisher\":{\"@id\":\"https:\/\/www.carideal.com\/blog\/#organization\"},\"potentialAction\":[{\"@type\":\"SearchAction\",\"target\":{\"@type\":\"EntryPoint\",\"urlTemplate\":\"https:\/\/www.carideal.com\/blog\/?s={search_term_string}\"},\"query-input\":{\"@type\":\"PropertyValueSpecification\",\"valueRequired\":true,\"valueName\":\"search_term_string\"}}],\"inLanguage\":\"fr-FR\"},{\"@type\":\"Organization\",\"@id\":\"https:\/\/www.carideal.com\/blog\/#organization\",\"name\":\"Carideal\",\"url\":\"https:\/\/www.carideal.com\/blog\/\",\"logo\":{\"@type\":\"ImageObject\",\"inLanguage\":\"fr-FR\",\"@id\":\"https:\/\/www.carideal.com\/blog\/#\/schema\/logo\/image\/\",\"url\":\"http:\/\/www.carideal.com\/blog\/wp-content\/uploads\/2016\/03\/logo-carideal-mandataire-automobile.png\",\"contentUrl\":\"http:\/\/www.carideal.com\/blog\/wp-content\/uploads\/2016\/03\/logo-carideal-mandataire-automobile.png\",\"width\":300,\"height\":300,\"caption\":\"Carideal\"},\"image\":{\"@id\":\"https:\/\/www.carideal.com\/blog\/#\/schema\/logo\/image\/\"},\"sameAs\":[\"https:\/\/www.facebook.com\/Carideal.mandataire.automobile\",\"https:\/\/x.com\/caridealauto\",\"https:\/\/www.instagram.com\/carideal1\/\",\"https:\/\/www.linkedin.com\/company\/carideal.com\",\"https:\/\/fr.pinterest.com\/schiavonsas\/\",\"https:\/\/www.youtube.com\/user\/caridealsas\"]},{\"@type\":\"Person\",\"@id\":\"https:\/\/www.carideal.com\/blog\/#\/schema\/person\/985c7e757d1042d647f21bfaf8d41ebc\",\"name\":\"N.S Carideal\",\"image\":{\"@type\":\"ImageObject\",\"inLanguage\":\"fr-FR\",\"@id\":\"https:\/\/www.carideal.com\/blog\/#\/schema\/person\/image\/\",\"url\":\"https:\/\/secure.gravatar.com\/avatar\/edb7ccdf1a4e3d14aef967760d354d0e?s=96&r=g\",\"contentUrl\":\"https:\/\/secure.gravatar.com\/avatar\/edb7ccdf1a4e3d14aef967760d354d0e?s=96&r=g\",\"caption\":\"N.S Carideal\"},\"description\":\"Depuis tout petit fan d'automobile. Il est question d'essayer et de comparer toutes ces voitures qui nous ont fait r\u00e9ver, avant que celles-ci ne devient uniquement des voitures de collection.\",\"sameAs\":[\"http:\/\/www.carideal.com\/blog\",\"https:\/\/www.facebook.com\/Carideal.mandataire.automobile\/\",\"https:\/\/www.linkedin.com\/in\/nschiavon\/\",\"https:\/\/www.youtube.com\/user\/caridealsas\/\"],\"url\":\"https:\/\/www.carideal.com\/blog\/author\/admin_carideal\/\"}]}<\/script>\n<!-- \/ Yoast SEO plugin. -->","yoast_head_json":{"title":"le malus sur les voitures importees illegal ! - Blog auto Carid\u00e9al","robots":{"index":"index","follow":"follow","max-snippet":"max-snippet:-1","max-image-preview":"max-image-preview:large","max-video-preview":"max-video-preview:-1"},"canonical":"https:\/\/www.carideal.com\/blog\/2009\/12\/18\/le-malus-sur-les-voitures-importees-illegal\/","og_locale":"fr_FR","og_type":"article","og_title":"le malus sur les voitures importees illegal ! - Blog auto Carid\u00e9al","og_description":"Bruxelle vient de prendre le nerf&nbsp;! \"La commission a demand\u00e9 \u00e0 la France de modifier, dans un d\u00e9lai de 2 mois, un aspect particulier de sa l\u00e9gislation relative \u00e0 la taxe, dite malus, qu'elle consid\u00e8re discriminatoire \u00e0 l'\u00e9gard des v\u00e9hicules d'occasion en provenance d'un autre \u00e9tat membre\". Pour r\u00e9sumer, lors de l'instauration du bonus malus, ... Lire plus","og_url":"https:\/\/www.carideal.com\/blog\/2009\/12\/18\/le-malus-sur-les-voitures-importees-illegal\/","og_site_name":"Blog auto Carid\u00e9al","article_publisher":"https:\/\/www.facebook.com\/Carideal.mandataire.automobile","article_author":"https:\/\/www.facebook.com\/Carideal.mandataire.automobile\/","article_published_time":"2009-12-18T15:35:00+00:00","article_modified_time":"2020-03-07T15:45:25+00:00","og_image":[{"width":300,"height":300,"url":"https:\/\/www.carideal.com\/blog\/wp-content\/uploads\/2016\/03\/logo-carideal-mandataire-automobile.png","type":"image\/png"}],"author":"N.S Carideal","twitter_card":"summary_large_image","twitter_creator":"@caridealauto","twitter_site":"@caridealauto","twitter_misc":{"\u00c9crit par":"N.S Carideal","Dur\u00e9e de lecture estim\u00e9e":"1 minute"},"schema":{"@context":"https:\/\/schema.org","@graph":[{"@type":"Article","@id":"https:\/\/www.carideal.com\/blog\/2009\/12\/18\/le-malus-sur-les-voitures-importees-illegal\/#article","isPartOf":{"@id":"https:\/\/www.carideal.com\/blog\/2009\/12\/18\/le-malus-sur-les-voitures-importees-illegal\/"},"author":{"name":"N.S Carideal","@id":"https:\/\/www.carideal.com\/blog\/#\/schema\/person\/985c7e757d1042d647f21bfaf8d41ebc"},"headline":"le malus sur les voitures importees illegal !","datePublished":"2009-12-18T15:35:00+00:00","dateModified":"2020-03-07T15:45:25+00:00","mainEntityOfPage":{"@id":"https:\/\/www.carideal.com\/blog\/2009\/12\/18\/le-malus-sur-les-voitures-importees-illegal\/"},"wordCount":200,"commentCount":0,"publisher":{"@id":"https:\/\/www.carideal.com\/blog\/#organization"},"keywords":["Bonus malus","CO2 \u00e9mission de CO2"],"articleSection":["Actualit\u00e9 Financi\u00e8re"],"inLanguage":"fr-FR","potentialAction":[{"@type":"CommentAction","name":"Comment","target":["https:\/\/www.carideal.com\/blog\/2009\/12\/18\/le-malus-sur-les-voitures-importees-illegal\/#respond"]}]},{"@type":"WebPage","@id":"https:\/\/www.carideal.com\/blog\/2009\/12\/18\/le-malus-sur-les-voitures-importees-illegal\/","url":"https:\/\/www.carideal.com\/blog\/2009\/12\/18\/le-malus-sur-les-voitures-importees-illegal\/","name":"le malus sur les voitures importees illegal ! - Blog auto Carid\u00e9al","isPartOf":{"@id":"https:\/\/www.carideal.com\/blog\/#website"},"datePublished":"2009-12-18T15:35:00+00:00","dateModified":"2020-03-07T15:45:25+00:00","breadcrumb":{"@id":"https:\/\/www.carideal.com\/blog\/2009\/12\/18\/le-malus-sur-les-voitures-importees-illegal\/#breadcrumb"},"inLanguage":"fr-FR","potentialAction":[{"@type":"ReadAction","target":["https:\/\/www.carideal.com\/blog\/2009\/12\/18\/le-malus-sur-les-voitures-importees-illegal\/"]}]},{"@type":"BreadcrumbList","@id":"https:\/\/www.carideal.com\/blog\/2009\/12\/18\/le-malus-sur-les-voitures-importees-illegal\/#breadcrumb","itemListElement":[{"@type":"ListItem","position":1,"name":"Blog Carid\u00e9al","item":"https:\/\/www.carideal.com\/blog\/"},{"@type":"ListItem","position":2,"name":"Actualit\u00e9 Financi\u00e8re","item":"https:\/\/www.carideal.com\/blog\/actualites-financieres\/"},{"@type":"ListItem","position":3,"name":"le malus sur les voitures importees illegal !"}]},{"@type":"WebSite","@id":"https:\/\/www.carideal.com\/blog\/#website","url":"https:\/\/www.carideal.com\/blog\/","name":"Blog auto Carid\u00e9al","description":"Actualit\u00e9 auto par des passionn\u00e9s","publisher":{"@id":"https:\/\/www.carideal.com\/blog\/#organization"},"potentialAction":[{"@type":"SearchAction","target":{"@type":"EntryPoint","urlTemplate":"https:\/\/www.carideal.com\/blog\/?s={search_term_string}"},"query-input":{"@type":"PropertyValueSpecification","valueRequired":true,"valueName":"search_term_string"}}],"inLanguage":"fr-FR"},{"@type":"Organization","@id":"https:\/\/www.carideal.com\/blog\/#organization","name":"Carideal","url":"https:\/\/www.carideal.com\/blog\/","logo":{"@type":"ImageObject","inLanguage":"fr-FR","@id":"https:\/\/www.carideal.com\/blog\/#\/schema\/logo\/image\/","url":"http:\/\/www.carideal.com\/blog\/wp-content\/uploads\/2016\/03\/logo-carideal-mandataire-automobile.png","contentUrl":"http:\/\/www.carideal.com\/blog\/wp-content\/uploads\/2016\/03\/logo-carideal-mandataire-automobile.png","width":300,"height":300,"caption":"Carideal"},"image":{"@id":"https:\/\/www.carideal.com\/blog\/#\/schema\/logo\/image\/"},"sameAs":["https:\/\/www.facebook.com\/Carideal.mandataire.automobile","https:\/\/x.com\/caridealauto","https:\/\/www.instagram.com\/carideal1\/","https:\/\/www.linkedin.com\/company\/carideal.com","https:\/\/fr.pinterest.com\/schiavonsas\/","https:\/\/www.youtube.com\/user\/caridealsas"]},{"@type":"Person","@id":"https:\/\/www.carideal.com\/blog\/#\/schema\/person\/985c7e757d1042d647f21bfaf8d41ebc","name":"N.S Carideal","image":{"@type":"ImageObject","inLanguage":"fr-FR","@id":"https:\/\/www.carideal.com\/blog\/#\/schema\/person\/image\/","url":"https:\/\/secure.gravatar.com\/avatar\/edb7ccdf1a4e3d14aef967760d354d0e?s=96&r=g","contentUrl":"https:\/\/secure.gravatar.com\/avatar\/edb7ccdf1a4e3d14aef967760d354d0e?s=96&r=g","caption":"N.S Carideal"},"description":"Depuis tout petit fan d'automobile. Il est question d'essayer et de comparer toutes ces voitures qui nous ont fait r\u00e9ver, avant que celles-ci ne devient uniquement des voitures de collection.","sameAs":["http:\/\/www.carideal.com\/blog","https:\/\/www.facebook.com\/Carideal.mandataire.automobile\/","https:\/\/www.linkedin.com\/in\/nschiavon\/","https:\/\/www.youtube.com\/user\/caridealsas\/"],"url":"https:\/\/www.carideal.com\/blog\/author\/admin_carideal\/"}]}},"uagb_featured_image_src":{"full":false,"thumbnail":false,"medium":false,"medium_large":false,"large":false,"1536x1536":false,"2048x2048":false,"wppr-widget":false},"uagb_author_info":{"display_name":"N.S Carideal","author_link":"https:\/\/www.carideal.com\/blog\/author\/admin_carideal\/"},"uagb_comment_info":0,"uagb_excerpt":"Bruxelle vient de prendre le nerf&nbsp;! \"La commission a demand\u00e9 \u00e0 la France de modifier, dans un d\u00e9lai de 2 mois, un aspect particulier de sa l\u00e9gislation relative \u00e0 la taxe, dite malus, qu'elle consid\u00e8re discriminatoire \u00e0 l'\u00e9gard des v\u00e9hicules d'occasion en provenance d'un autre \u00e9tat membre\". Pour r\u00e9sumer, lors de l'instauration du bonus malus,\u2026","_links":{"self":[{"href":"https:\/\/www.carideal.com\/blog\/wp-json\/wp\/v2\/posts\/73"}],"collection":[{"href":"https:\/\/www.carideal.com\/blog\/wp-json\/wp\/v2\/posts"}],"about":[{"href":"https:\/\/www.carideal.com\/blog\/wp-json\/wp\/v2\/types\/post"}],"author":[{"embeddable":true,"href":"https:\/\/www.carideal.com\/blog\/wp-json\/wp\/v2\/users\/1"}],"replies":[{"embeddable":true,"href":"https:\/\/www.carideal.com\/blog\/wp-json\/wp\/v2\/comments?post=73"}],"version-history":[{"count":0,"href":"https:\/\/www.carideal.com\/blog\/wp-json\/wp\/v2\/posts\/73\/revisions"}],"wp:attachment":[{"href":"https:\/\/www.carideal.com\/blog\/wp-json\/wp\/v2\/media?parent=73"}],"wp:term":[{"taxonomy":"category","embeddable":true,"href":"https:\/\/www.carideal.com\/blog\/wp-json\/wp\/v2\/categories?post=73"},{"taxonomy":"post_tag","embeddable":true,"href":"https:\/\/www.carideal.com\/blog\/wp-json\/wp\/v2\/tags?post=73"}],"curies":[{"name":"wp","href":"https:\/\/api.w.org\/{rel}","templated":true}]}}