{"id":724,"date":"2009-11-26T08:02:00","date_gmt":"2009-11-26T08:02:00","guid":{"rendered":"http:\/\/carideal.com\/blog\/?p=724"},"modified":"2020-05-21T10:55:46","modified_gmt":"2020-05-21T08:55:46","slug":"subaru-impreza-wrx-sti-special-edition","status":"publish","type":"post","link":"https:\/\/www.carideal.com\/blog\/2009\/11\/26\/subaru-impreza-wrx-sti-special-edition\/","title":{"rendered":"Subaru Impreza WRX STI Special Edition"},"content":{"rendered":"\n<h2 class=\"wp-block-heading\">Subaru Impreza WRX STI Special Edition, on en veut une pour aller au ski&nbsp;!<\/h2>\n\n\n\n<p class=\"has-medium-font-size\">Subaru veut garder un lien entre les Rally et le WRC et s'en sert pour s'en inspirer pour cette <strong>Subaru WRX STI Special Edition<\/strong> qui ne sera produite qu'\u00e0 125 exemplaires. <\/p>\n\n\n\n<figure class=\"wp-block-image size-full\"><img loading=\"lazy\" decoding=\"async\" width=\"600\" height=\"367\" src=\"http:\/\/www.carideal.com\/blog\/wp-content\/uploads\/2009\/11\/2010-subaru-wrx-sti-special-edition-photo.jpg\" alt=\"Subaru Impreza WRX STI Special Edition\" class=\"wp-image-25334\" srcset=\"https:\/\/www.carideal.com\/blog\/wp-content\/uploads\/2009\/11\/2010-subaru-wrx-sti-special-edition-photo.jpg 600w, https:\/\/www.carideal.com\/blog\/wp-content\/uploads\/2009\/11\/2010-subaru-wrx-sti-special-edition-photo-300x184.jpg 300w, https:\/\/www.carideal.com\/blog\/wp-content\/uploads\/2009\/11\/2010-subaru-wrx-sti-special-edition-photo-50x31.jpg 50w, https:\/\/www.carideal.com\/blog\/wp-content\/uploads\/2009\/11\/2010-subaru-wrx-sti-special-edition-photo-110x67.jpg 110w, https:\/\/www.carideal.com\/blog\/wp-content\/uploads\/2009\/11\/2010-subaru-wrx-sti-special-edition-photo-420x257.jpg 420w\" sizes=\"(max-width: 600px) 100vw, 600px\" \/><figcaption>Subaru Impreza WRX STI Special Edition<\/figcaption><\/figure>\n\n\n\n<ul class=\"wp-block-list\"><li><a href=\"http:\/\/www.carideal.com\/blog\/2019\/10\/17\/meilleures-voitures-de-sport\/\">Les meilleures voitures sportives<\/a><\/li><\/ul>\n\n\n\n<p>Elle dispose d'une nouvelle suspension, pr\u00e9sente sur la WRX STI Spec C qui n'est disponible qu'au Japon malheureusement. Des coloris sp\u00e9cifiques, de montants peints et une nouvelle couleur 'Aspen White'.<\/p>\n\n\n\n<p>Par rapport \u00e0 d'anciennes versions, le syst\u00e8me audio est am\u00e9lior\u00e9, les phares passent aux feux LED. Le moteur ne change pas, sous le capot, on retrouve le bloc 4 cylindres turbo de 305ch coupl\u00e9 \u00e0 une boite manuelle 6 vitesses. Cette Impreza WRX STI Special Edition pr\u00e9figure en fait l'arriv\u00e9 en s\u00e9rie de cette version pour 2010. L'ensemble des couleurs de la gamme devraient \u00eatre disponible. L'Impreza WRX STI Special Edition sera d\u00e9voil\u00e9e au Salon de Los Angeles.<\/p>\n\n\n\n<h4 class=\"wp-block-heading\">Articles similaires<\/h4>\n\n\n\n\n\n<h3 class=\"wp-block-heading\">Subaru Impreza 2.5i 2010 Prix officiel - \u00e0 partir de 17 495 \u20ac<\/h3>\n\n\n\n<p>Subaru a annonc\u00e9 aujourd'hui les prix de la gamme Subaru Impreza 2010 et a introduit un nouveau forfait d'\u00e9dition sp\u00e9ciale disponible sur l'Impreza 2.5i Premium.<\/p>\n\n\n\n<p>Le prix de l'Impreza 2.5i de 170 ch commence \u00e0 17 495 $, comme l'an dernier\u2026<\/p>\n\n\n\n<p>Communiqu\u00e9 de presse :<\/p>\n\n\n\n<p>Subaru annonce les prix de la nouvelle Impreza 2010<\/p>\n\n\n\n<p>Des prix record pour les mod\u00e8les, largement inchang\u00e9s en 2010<br>Le prix du mod\u00e8le premium a baiss\u00e9 de 1 000 dollars<\/p>\n\n\n\n<p>Subaru of America, Inc. a annonc\u00e9 le prix de la gamme Impreza de l'ann\u00e9e mod\u00e8le 2010, y compris un nouveau forfait d'\u00e9dition sp\u00e9ciale disponible sur l'Impreza 2.5i Premium.<\/p>\n\n\n\n<p>Le prix du mod\u00e8le Impreza, qui a \u00e9tabli un record de vente en 2008, commence \u00e0 17 495 dollars pour la 2.5i de 170 chevaux avec la transmission int\u00e9grale sym\u00e9trique de s\u00e9rie. (Tous les mod\u00e8les Subaru 2010 portent le nouveau badge de la transmission int\u00e9grale sym\u00e9trique).<\/p>\n\n\n\n<p>L'Impreza allie le plaisir de conduire, la s\u00e9curit\u00e9 et la fonctionnalit\u00e9 \u00e0 la transmission int\u00e9grale sym\u00e9trique de Subaru, ce qui en fait une valeur in\u00e9gal\u00e9e dans le segment des compactes. En plus d'avoir re\u00e7u les meilleures notes possibles dans les tests de collision de l'IIHS et d'avoir \u00e9t\u00e9 class\u00e9e \"Top Safety Pick\" 2009 par l'IIHS, l'Impreza a \u00e9galement obtenu cinq \u00e9toiles aux tests de collision de la NHTSA pour l'impact frontal du conducteur et du passager avant, cinq \u00e9toiles pour l'impact lat\u00e9ral du conducteur et quatre \u00e9toiles pour l'impact lat\u00e9ral du passager arri\u00e8re.<\/p>\n\n\n\n<p>L'Impreza 2.5i Premium est reconfigur\u00e9e pour 2010, avec un prix \u00e0 partir de 18 495 dollars, soit 1 000 dollars de moins que le mod\u00e8le 2009.<\/p>\n\n\n\n<p>Les mod\u00e8les Impreza 2.5i, 2.5GT et Outback Sport ajoutent une nouvelle calandre \u00e9l\u00e9gante et une nouvelle couleur ext\u00e9rieure attrayante, le rouge Cam\u00e9lia nacr\u00e9, est disponible sur les mod\u00e8les 2.5i et 2.5GT. Les mod\u00e8les GT sont \u00e9quip\u00e9s d'un moteur turbo Boxer de 224 ch \u00e0 refroidissement interm\u00e9diaire et sont associ\u00e9s \u00e0 une transmission automatique \u00e0 4 vitesses de s\u00e9rie et \u00e0 la version AWD active de la transmission int\u00e9grale sym\u00e9trique.<\/p>\n\n\n\n<p>La valeur se poursuit avec l'introduction du nouveau groupe d'\u00e9dition sp\u00e9ciale qui comprend un toit ouvrant \u00e9lectrique et des phares antibrouillard ainsi que le groupe toutes saisons. L'Impreza 2.5i Premium avec l'ensemble \u00e9dition sp\u00e9ciale est disponible \u00e0 partir de 18 995 $.<\/p>\n\n\n\n<p>La fonction de t\u00e9l\u00e9phonie cellulaire mains libres Bluetooth est d\u00e9sormais de s\u00e9rie sur les mod\u00e8les 2.5i Premium et WRX Premium avec le syst\u00e8me de navigation.<\/p>\n\n\n\n<p>Pour 2010, le mod\u00e8le Impreza <a href=\"http:\/\/www.carideal.com\/blog\/2015\/03\/11\/nouveau-subaru-outback\/\">Outback<\/a> Sport ajoute le rouge paprika nacr\u00e9\/argent acier m\u00e9tallis\u00e9 et une nouvelle couleur ext\u00e9rieure bicolore, et conserve son prix de d\u00e9part de 19 995 $.<\/p>\n\n\n\n<p>L'Impreza WRX 2010, ax\u00e9e sur la performance, a un prix de d\u00e9part de 24 995 $, toujours inchang\u00e9 par rapport \u00e0 l'ann\u00e9e derni\u00e8re et est disponible exclusivement avec une bo\u00eete manuelle \u00e0 5 vitesses. L'Impreza WRX \u00e0 traction int\u00e9grale est \u00e9quip\u00e9e d'un moteur turbocompress\u00e9 de 2,5 litres \u00e0 DACT et \u00e0 refroidissement interm\u00e9diaire d\u00e9veloppant 265 chevaux, d'un nouveau seuil lat\u00e9ral ext\u00e9rieur, de pneus d'\u00e9t\u00e9 225\/45 R17 \u00e0 profil plus bas, de jantes en alliage de 17 pouces, d'un ensemble a\u00e9rodynamique, d'une sellerie WRX avec surpiq\u00fbres rouges et logo WRX sur les si\u00e8ges avant, d'un volant gain\u00e9 de cuir et de surpiq\u00fbres rouges, et d'une grille de calandre de type STI avec \u00e9cusson WRX. <\/p>\n\n\n\n<p>Le mod\u00e8le Impreza WRX 5 portes poss\u00e8de les m\u00eames caract\u00e9ristiques que le mod\u00e8le 4 portes, plus un aileron arri\u00e8re, et est propos\u00e9 \u00e0 un prix de d\u00e9part de 25 495 dollars.<\/p>\n\n\n\n<p>Le prix du mod\u00e8le haute performance WRX STI, qui, pour 2010, se caract\u00e9rise par des garnitures en alcantara noir et une console centrale noire avec des coutures rouges, reste \u00e9galement inchang\u00e9 \u00e0 34 995 dollars.<\/p>\n","protected":false},"excerpt":{"rendered":"<p>Subaru Impreza WRX STI Special Edition, on en veut une pour aller au ski&nbsp;! Subaru veut garder un lien entre les Rally et le WRC et s&rsquo;en sert pour s&rsquo;en inspirer pour cette Subaru WRX STI Special Edition qui ne sera produite qu&rsquo;\u00e0 125 exemplaires. Les meilleures voitures sportives Elle dispose d&rsquo;une nouvelle suspension, pr\u00e9sente &#8230; <a title=\"Subaru Impreza WRX STI Special Edition\" class=\"read-more\" href=\"https:\/\/www.carideal.com\/blog\/2009\/11\/26\/subaru-impreza-wrx-sti-special-edition\/\" aria-label=\"En savoir plus sur Subaru Impreza WRX STI Special Edition\">Lire plus<\/a><\/p>\n","protected":false},"author":1,"featured_media":25334,"comment_status":"open","ping_status":"open","sticky":false,"template":"","format":"standard","meta":{"_uag_custom_page_level_css":"","_themeisle_gutenberg_block_has_review":false,"footnotes":""},"categories":[5944,6157,5998,5974],"tags":[],"class_list":["post-724","post","type-post","status-publish","format-standard","has-post-thumbnail","hentry","category-constructeur","category-actualite-subaru","category-sportive","category-type-de-vehicule"],"wppr_data":{"cwp_meta_box_check":"No"},"yoast_head":"<!-- This site is optimized with the Yoast SEO plugin v24.8.1 - https:\/\/yoast.com\/wordpress\/plugins\/seo\/ -->\n<title>Subaru Impreza WRX STI Special Edition - Blog auto Carid\u00e9al<\/title>\n<meta name=\"description\" content=\"Subaru veut garder un lien entre les Rally et le WRC et s&#039;en sert pour s&#039;en inspirer pour cette Subaru WRX STI Special Edition qui ne sera produite qu&#039;\u00e0 125 exemplaires.\" \/>\n<meta name=\"robots\" content=\"index, follow, max-snippet:-1, max-image-preview:large, max-video-preview:-1\" \/>\n<link rel=\"canonical\" href=\"https:\/\/www.carideal.com\/blog\/2009\/11\/26\/subaru-impreza-wrx-sti-special-edition\/\" \/>\n<meta property=\"og:locale\" content=\"fr_FR\" \/>\n<meta property=\"og:type\" content=\"article\" \/>\n<meta property=\"og:title\" content=\"Subaru Impreza WRX STI Special Edition - Blog auto Carid\u00e9al\" \/>\n<meta property=\"og:description\" content=\"Subaru veut garder un lien entre les Rally et le WRC et s&#039;en sert pour s&#039;en inspirer pour cette Subaru WRX STI Special Edition qui ne sera produite qu&#039;\u00e0 125 exemplaires.\" \/>\n<meta property=\"og:url\" content=\"https:\/\/www.carideal.com\/blog\/2009\/11\/26\/subaru-impreza-wrx-sti-special-edition\/\" \/>\n<meta property=\"og:site_name\" content=\"Blog auto Carid\u00e9al\" \/>\n<meta property=\"article:publisher\" content=\"https:\/\/www.facebook.com\/Carideal.mandataire.automobile\" \/>\n<meta property=\"article:author\" content=\"https:\/\/www.facebook.com\/Carideal.mandataire.automobile\/\" \/>\n<meta property=\"article:published_time\" content=\"2009-11-26T08:02:00+00:00\" \/>\n<meta property=\"article:modified_time\" content=\"2020-05-21T08:55:46+00:00\" \/>\n<meta property=\"og:image\" content=\"https:\/\/www.carideal.com\/blog\/wp-content\/uploads\/2009\/11\/2010-subaru-wrx-sti-special-edition-photo.jpg\" \/>\n\t<meta property=\"og:image:width\" content=\"600\" \/>\n\t<meta property=\"og:image:height\" content=\"367\" \/>\n\t<meta property=\"og:image:type\" content=\"image\/jpeg\" \/>\n<meta name=\"author\" content=\"N.S Carideal\" \/>\n<meta name=\"twitter:card\" content=\"summary_large_image\" \/>\n<meta name=\"twitter:creator\" content=\"@caridealauto\" \/>\n<meta name=\"twitter:site\" content=\"@caridealauto\" \/>\n<meta name=\"twitter:label1\" content=\"\u00c9crit par\" \/>\n\t<meta name=\"twitter:data1\" content=\"N.S Carideal\" \/>\n\t<meta name=\"twitter:label2\" content=\"Dur\u00e9e de lecture estim\u00e9e\" \/>\n\t<meta name=\"twitter:data2\" content=\"4 minutes\" \/>\n<script type=\"application\/ld+json\" class=\"yoast-schema-graph\">{\"@context\":\"https:\/\/schema.org\",\"@graph\":[{\"@type\":\"Article\",\"@id\":\"https:\/\/www.carideal.com\/blog\/2009\/11\/26\/subaru-impreza-wrx-sti-special-edition\/#article\",\"isPartOf\":{\"@id\":\"https:\/\/www.carideal.com\/blog\/2009\/11\/26\/subaru-impreza-wrx-sti-special-edition\/\"},\"author\":{\"name\":\"N.S Carideal\",\"@id\":\"https:\/\/www.carideal.com\/blog\/#\/schema\/person\/985c7e757d1042d647f21bfaf8d41ebc\"},\"headline\":\"Subaru Impreza WRX STI Special Edition\",\"datePublished\":\"2009-11-26T08:02:00+00:00\",\"dateModified\":\"2020-05-21T08:55:46+00:00\",\"mainEntityOfPage\":{\"@id\":\"https:\/\/www.carideal.com\/blog\/2009\/11\/26\/subaru-impreza-wrx-sti-special-edition\/\"},\"wordCount\":809,\"commentCount\":0,\"publisher\":{\"@id\":\"https:\/\/www.carideal.com\/blog\/#organization\"},\"image\":{\"@id\":\"https:\/\/www.carideal.com\/blog\/2009\/11\/26\/subaru-impreza-wrx-sti-special-edition\/#primaryimage\"},\"thumbnailUrl\":\"https:\/\/www.carideal.com\/blog\/wp-content\/uploads\/2009\/11\/2010-subaru-wrx-sti-special-edition-photo.jpg\",\"articleSection\":[\"Actualit\u00e9 Constructeur automobile\",\"Actualit\u00e9 Subaru\",\"Sportive\",\"Type de v\u00e9hicule\"],\"inLanguage\":\"fr-FR\",\"potentialAction\":[{\"@type\":\"CommentAction\",\"name\":\"Comment\",\"target\":[\"https:\/\/www.carideal.com\/blog\/2009\/11\/26\/subaru-impreza-wrx-sti-special-edition\/#respond\"]}]},{\"@type\":\"WebPage\",\"@id\":\"https:\/\/www.carideal.com\/blog\/2009\/11\/26\/subaru-impreza-wrx-sti-special-edition\/\",\"url\":\"https:\/\/www.carideal.com\/blog\/2009\/11\/26\/subaru-impreza-wrx-sti-special-edition\/\",\"name\":\"Subaru Impreza WRX STI Special Edition - Blog auto Carid\u00e9al\",\"isPartOf\":{\"@id\":\"https:\/\/www.carideal.com\/blog\/#website\"},\"primaryImageOfPage\":{\"@id\":\"https:\/\/www.carideal.com\/blog\/2009\/11\/26\/subaru-impreza-wrx-sti-special-edition\/#primaryimage\"},\"image\":{\"@id\":\"https:\/\/www.carideal.com\/blog\/2009\/11\/26\/subaru-impreza-wrx-sti-special-edition\/#primaryimage\"},\"thumbnailUrl\":\"https:\/\/www.carideal.com\/blog\/wp-content\/uploads\/2009\/11\/2010-subaru-wrx-sti-special-edition-photo.jpg\",\"datePublished\":\"2009-11-26T08:02:00+00:00\",\"dateModified\":\"2020-05-21T08:55:46+00:00\",\"description\":\"Subaru veut garder un lien entre les Rally et le WRC et s'en sert pour s'en inspirer pour cette Subaru WRX STI Special Edition qui ne sera produite qu'\u00e0 125 exemplaires.\",\"breadcrumb\":{\"@id\":\"https:\/\/www.carideal.com\/blog\/2009\/11\/26\/subaru-impreza-wrx-sti-special-edition\/#breadcrumb\"},\"inLanguage\":\"fr-FR\",\"potentialAction\":[{\"@type\":\"ReadAction\",\"target\":[\"https:\/\/www.carideal.com\/blog\/2009\/11\/26\/subaru-impreza-wrx-sti-special-edition\/\"]}]},{\"@type\":\"ImageObject\",\"inLanguage\":\"fr-FR\",\"@id\":\"https:\/\/www.carideal.com\/blog\/2009\/11\/26\/subaru-impreza-wrx-sti-special-edition\/#primaryimage\",\"url\":\"https:\/\/www.carideal.com\/blog\/wp-content\/uploads\/2009\/11\/2010-subaru-wrx-sti-special-edition-photo.jpg\",\"contentUrl\":\"https:\/\/www.carideal.com\/blog\/wp-content\/uploads\/2009\/11\/2010-subaru-wrx-sti-special-edition-photo.jpg\",\"width\":600,\"height\":367,\"caption\":\"Subaru Impreza WRX STI Special Edition\"},{\"@type\":\"BreadcrumbList\",\"@id\":\"https:\/\/www.carideal.com\/blog\/2009\/11\/26\/subaru-impreza-wrx-sti-special-edition\/#breadcrumb\",\"itemListElement\":[{\"@type\":\"ListItem\",\"position\":1,\"name\":\"Blog Carid\u00e9al\",\"item\":\"https:\/\/www.carideal.com\/blog\/\"},{\"@type\":\"ListItem\",\"position\":2,\"name\":\"Actualit\u00e9 constructeur automobile\",\"item\":\"https:\/\/www.carideal.com\/blog\/constructeur\/\"},{\"@type\":\"ListItem\",\"position\":3,\"name\":\"Actualit\u00e9 Subaru\",\"item\":\"https:\/\/www.carideal.com\/blog\/constructeur\/actualite-subaru\/\"},{\"@type\":\"ListItem\",\"position\":4,\"name\":\"Subaru Impreza WRX STI Special Edition\"}]},{\"@type\":\"WebSite\",\"@id\":\"https:\/\/www.carideal.com\/blog\/#website\",\"url\":\"https:\/\/www.carideal.com\/blog\/\",\"name\":\"Blog auto Carid\u00e9al\",\"description\":\"Actualit\u00e9 auto par des passionn\u00e9s\",\"publisher\":{\"@id\":\"https:\/\/www.carideal.com\/blog\/#organization\"},\"potentialAction\":[{\"@type\":\"SearchAction\",\"target\":{\"@type\":\"EntryPoint\",\"urlTemplate\":\"https:\/\/www.carideal.com\/blog\/?s={search_term_string}\"},\"query-input\":{\"@type\":\"PropertyValueSpecification\",\"valueRequired\":true,\"valueName\":\"search_term_string\"}}],\"inLanguage\":\"fr-FR\"},{\"@type\":\"Organization\",\"@id\":\"https:\/\/www.carideal.com\/blog\/#organization\",\"name\":\"Carideal\",\"url\":\"https:\/\/www.carideal.com\/blog\/\",\"logo\":{\"@type\":\"ImageObject\",\"inLanguage\":\"fr-FR\",\"@id\":\"https:\/\/www.carideal.com\/blog\/#\/schema\/logo\/image\/\",\"url\":\"http:\/\/www.carideal.com\/blog\/wp-content\/uploads\/2016\/03\/logo-carideal-mandataire-automobile.png\",\"contentUrl\":\"http:\/\/www.carideal.com\/blog\/wp-content\/uploads\/2016\/03\/logo-carideal-mandataire-automobile.png\",\"width\":300,\"height\":300,\"caption\":\"Carideal\"},\"image\":{\"@id\":\"https:\/\/www.carideal.com\/blog\/#\/schema\/logo\/image\/\"},\"sameAs\":[\"https:\/\/www.facebook.com\/Carideal.mandataire.automobile\",\"https:\/\/x.com\/caridealauto\",\"https:\/\/www.instagram.com\/carideal1\/\",\"https:\/\/www.linkedin.com\/company\/carideal.com\",\"https:\/\/fr.pinterest.com\/schiavonsas\/\",\"https:\/\/www.youtube.com\/user\/caridealsas\"]},{\"@type\":\"Person\",\"@id\":\"https:\/\/www.carideal.com\/blog\/#\/schema\/person\/985c7e757d1042d647f21bfaf8d41ebc\",\"name\":\"N.S Carideal\",\"image\":{\"@type\":\"ImageObject\",\"inLanguage\":\"fr-FR\",\"@id\":\"https:\/\/www.carideal.com\/blog\/#\/schema\/person\/image\/\",\"url\":\"https:\/\/secure.gravatar.com\/avatar\/edb7ccdf1a4e3d14aef967760d354d0e?s=96&r=g\",\"contentUrl\":\"https:\/\/secure.gravatar.com\/avatar\/edb7ccdf1a4e3d14aef967760d354d0e?s=96&r=g\",\"caption\":\"N.S Carideal\"},\"description\":\"Depuis tout petit fan d'automobile. Il est question d'essayer et de comparer toutes ces voitures qui nous ont fait r\u00e9ver, avant que celles-ci ne devient uniquement des voitures de collection.\",\"sameAs\":[\"http:\/\/www.carideal.com\/blog\",\"https:\/\/www.facebook.com\/Carideal.mandataire.automobile\/\",\"https:\/\/www.linkedin.com\/in\/nschiavon\/\",\"https:\/\/www.youtube.com\/user\/caridealsas\/\"],\"url\":\"https:\/\/www.carideal.com\/blog\/author\/admin_carideal\/\"}]}<\/script>\n<!-- \/ Yoast SEO plugin. -->","yoast_head_json":{"title":"Subaru Impreza WRX STI Special Edition - Blog auto Carid\u00e9al","description":"Subaru veut garder un lien entre les Rally et le WRC et s'en sert pour s'en inspirer pour cette Subaru WRX STI Special Edition qui ne sera produite qu'\u00e0 125 exemplaires.","robots":{"index":"index","follow":"follow","max-snippet":"max-snippet:-1","max-image-preview":"max-image-preview:large","max-video-preview":"max-video-preview:-1"},"canonical":"https:\/\/www.carideal.com\/blog\/2009\/11\/26\/subaru-impreza-wrx-sti-special-edition\/","og_locale":"fr_FR","og_type":"article","og_title":"Subaru Impreza WRX STI Special Edition - Blog auto Carid\u00e9al","og_description":"Subaru veut garder un lien entre les Rally et le WRC et s'en sert pour s'en inspirer pour cette Subaru WRX STI Special Edition qui ne sera produite qu'\u00e0 125 exemplaires.","og_url":"https:\/\/www.carideal.com\/blog\/2009\/11\/26\/subaru-impreza-wrx-sti-special-edition\/","og_site_name":"Blog auto Carid\u00e9al","article_publisher":"https:\/\/www.facebook.com\/Carideal.mandataire.automobile","article_author":"https:\/\/www.facebook.com\/Carideal.mandataire.automobile\/","article_published_time":"2009-11-26T08:02:00+00:00","article_modified_time":"2020-05-21T08:55:46+00:00","og_image":[{"width":600,"height":367,"url":"https:\/\/www.carideal.com\/blog\/wp-content\/uploads\/2009\/11\/2010-subaru-wrx-sti-special-edition-photo.jpg","type":"image\/jpeg"}],"author":"N.S Carideal","twitter_card":"summary_large_image","twitter_creator":"@caridealauto","twitter_site":"@caridealauto","twitter_misc":{"\u00c9crit par":"N.S Carideal","Dur\u00e9e de lecture estim\u00e9e":"4 minutes"},"schema":{"@context":"https:\/\/schema.org","@graph":[{"@type":"Article","@id":"https:\/\/www.carideal.com\/blog\/2009\/11\/26\/subaru-impreza-wrx-sti-special-edition\/#article","isPartOf":{"@id":"https:\/\/www.carideal.com\/blog\/2009\/11\/26\/subaru-impreza-wrx-sti-special-edition\/"},"author":{"name":"N.S Carideal","@id":"https:\/\/www.carideal.com\/blog\/#\/schema\/person\/985c7e757d1042d647f21bfaf8d41ebc"},"headline":"Subaru Impreza WRX STI Special Edition","datePublished":"2009-11-26T08:02:00+00:00","dateModified":"2020-05-21T08:55:46+00:00","mainEntityOfPage":{"@id":"https:\/\/www.carideal.com\/blog\/2009\/11\/26\/subaru-impreza-wrx-sti-special-edition\/"},"wordCount":809,"commentCount":0,"publisher":{"@id":"https:\/\/www.carideal.com\/blog\/#organization"},"image":{"@id":"https:\/\/www.carideal.com\/blog\/2009\/11\/26\/subaru-impreza-wrx-sti-special-edition\/#primaryimage"},"thumbnailUrl":"https:\/\/www.carideal.com\/blog\/wp-content\/uploads\/2009\/11\/2010-subaru-wrx-sti-special-edition-photo.jpg","articleSection":["Actualit\u00e9 Constructeur automobile","Actualit\u00e9 Subaru","Sportive","Type de v\u00e9hicule"],"inLanguage":"fr-FR","potentialAction":[{"@type":"CommentAction","name":"Comment","target":["https:\/\/www.carideal.com\/blog\/2009\/11\/26\/subaru-impreza-wrx-sti-special-edition\/#respond"]}]},{"@type":"WebPage","@id":"https:\/\/www.carideal.com\/blog\/2009\/11\/26\/subaru-impreza-wrx-sti-special-edition\/","url":"https:\/\/www.carideal.com\/blog\/2009\/11\/26\/subaru-impreza-wrx-sti-special-edition\/","name":"Subaru Impreza WRX STI Special Edition - Blog auto Carid\u00e9al","isPartOf":{"@id":"https:\/\/www.carideal.com\/blog\/#website"},"primaryImageOfPage":{"@id":"https:\/\/www.carideal.com\/blog\/2009\/11\/26\/subaru-impreza-wrx-sti-special-edition\/#primaryimage"},"image":{"@id":"https:\/\/www.carideal.com\/blog\/2009\/11\/26\/subaru-impreza-wrx-sti-special-edition\/#primaryimage"},"thumbnailUrl":"https:\/\/www.carideal.com\/blog\/wp-content\/uploads\/2009\/11\/2010-subaru-wrx-sti-special-edition-photo.jpg","datePublished":"2009-11-26T08:02:00+00:00","dateModified":"2020-05-21T08:55:46+00:00","description":"Subaru veut garder un lien entre les Rally et le WRC et s'en sert pour s'en inspirer pour cette Subaru WRX STI Special Edition qui ne sera produite qu'\u00e0 125 exemplaires.","breadcrumb":{"@id":"https:\/\/www.carideal.com\/blog\/2009\/11\/26\/subaru-impreza-wrx-sti-special-edition\/#breadcrumb"},"inLanguage":"fr-FR","potentialAction":[{"@type":"ReadAction","target":["https:\/\/www.carideal.com\/blog\/2009\/11\/26\/subaru-impreza-wrx-sti-special-edition\/"]}]},{"@type":"ImageObject","inLanguage":"fr-FR","@id":"https:\/\/www.carideal.com\/blog\/2009\/11\/26\/subaru-impreza-wrx-sti-special-edition\/#primaryimage","url":"https:\/\/www.carideal.com\/blog\/wp-content\/uploads\/2009\/11\/2010-subaru-wrx-sti-special-edition-photo.jpg","contentUrl":"https:\/\/www.carideal.com\/blog\/wp-content\/uploads\/2009\/11\/2010-subaru-wrx-sti-special-edition-photo.jpg","width":600,"height":367,"caption":"Subaru Impreza WRX STI Special Edition"},{"@type":"BreadcrumbList","@id":"https:\/\/www.carideal.com\/blog\/2009\/11\/26\/subaru-impreza-wrx-sti-special-edition\/#breadcrumb","itemListElement":[{"@type":"ListItem","position":1,"name":"Blog Carid\u00e9al","item":"https:\/\/www.carideal.com\/blog\/"},{"@type":"ListItem","position":2,"name":"Actualit\u00e9 constructeur automobile","item":"https:\/\/www.carideal.com\/blog\/constructeur\/"},{"@type":"ListItem","position":3,"name":"Actualit\u00e9 Subaru","item":"https:\/\/www.carideal.com\/blog\/constructeur\/actualite-subaru\/"},{"@type":"ListItem","position":4,"name":"Subaru Impreza WRX STI Special Edition"}]},{"@type":"WebSite","@id":"https:\/\/www.carideal.com\/blog\/#website","url":"https:\/\/www.carideal.com\/blog\/","name":"Blog auto Carid\u00e9al","description":"Actualit\u00e9 auto par des passionn\u00e9s","publisher":{"@id":"https:\/\/www.carideal.com\/blog\/#organization"},"potentialAction":[{"@type":"SearchAction","target":{"@type":"EntryPoint","urlTemplate":"https:\/\/www.carideal.com\/blog\/?s={search_term_string}"},"query-input":{"@type":"PropertyValueSpecification","valueRequired":true,"valueName":"search_term_string"}}],"inLanguage":"fr-FR"},{"@type":"Organization","@id":"https:\/\/www.carideal.com\/blog\/#organization","name":"Carideal","url":"https:\/\/www.carideal.com\/blog\/","logo":{"@type":"ImageObject","inLanguage":"fr-FR","@id":"https:\/\/www.carideal.com\/blog\/#\/schema\/logo\/image\/","url":"http:\/\/www.carideal.com\/blog\/wp-content\/uploads\/2016\/03\/logo-carideal-mandataire-automobile.png","contentUrl":"http:\/\/www.carideal.com\/blog\/wp-content\/uploads\/2016\/03\/logo-carideal-mandataire-automobile.png","width":300,"height":300,"caption":"Carideal"},"image":{"@id":"https:\/\/www.carideal.com\/blog\/#\/schema\/logo\/image\/"},"sameAs":["https:\/\/www.facebook.com\/Carideal.mandataire.automobile","https:\/\/x.com\/caridealauto","https:\/\/www.instagram.com\/carideal1\/","https:\/\/www.linkedin.com\/company\/carideal.com","https:\/\/fr.pinterest.com\/schiavonsas\/","https:\/\/www.youtube.com\/user\/caridealsas"]},{"@type":"Person","@id":"https:\/\/www.carideal.com\/blog\/#\/schema\/person\/985c7e757d1042d647f21bfaf8d41ebc","name":"N.S Carideal","image":{"@type":"ImageObject","inLanguage":"fr-FR","@id":"https:\/\/www.carideal.com\/blog\/#\/schema\/person\/image\/","url":"https:\/\/secure.gravatar.com\/avatar\/edb7ccdf1a4e3d14aef967760d354d0e?s=96&r=g","contentUrl":"https:\/\/secure.gravatar.com\/avatar\/edb7ccdf1a4e3d14aef967760d354d0e?s=96&r=g","caption":"N.S Carideal"},"description":"Depuis tout petit fan d'automobile. Il est question d'essayer et de comparer toutes ces voitures qui nous ont fait r\u00e9ver, avant que celles-ci ne devient uniquement des voitures de collection.","sameAs":["http:\/\/www.carideal.com\/blog","https:\/\/www.facebook.com\/Carideal.mandataire.automobile\/","https:\/\/www.linkedin.com\/in\/nschiavon\/","https:\/\/www.youtube.com\/user\/caridealsas\/"],"url":"https:\/\/www.carideal.com\/blog\/author\/admin_carideal\/"}]}},"uagb_featured_image_src":{"full":["https:\/\/www.carideal.com\/blog\/wp-content\/uploads\/2009\/11\/2010-subaru-wrx-sti-special-edition-photo.jpg",600,367,false],"thumbnail":["https:\/\/www.carideal.com\/blog\/wp-content\/uploads\/2009\/11\/2010-subaru-wrx-sti-special-edition-photo-150x150.jpg",150,150,true],"medium":["https:\/\/www.carideal.com\/blog\/wp-content\/uploads\/2009\/11\/2010-subaru-wrx-sti-special-edition-photo-300x184.jpg",300,184,true],"medium_large":["https:\/\/www.carideal.com\/blog\/wp-content\/uploads\/2009\/11\/2010-subaru-wrx-sti-special-edition-photo.jpg",600,367,false],"large":["https:\/\/www.carideal.com\/blog\/wp-content\/uploads\/2009\/11\/2010-subaru-wrx-sti-special-edition-photo.jpg",600,367,false],"1536x1536":["https:\/\/www.carideal.com\/blog\/wp-content\/uploads\/2009\/11\/2010-subaru-wrx-sti-special-edition-photo.jpg",600,367,false],"2048x2048":["https:\/\/www.carideal.com\/blog\/wp-content\/uploads\/2009\/11\/2010-subaru-wrx-sti-special-edition-photo.jpg",600,367,false],"wppr-widget":["https:\/\/www.carideal.com\/blog\/wp-content\/uploads\/2009\/11\/2010-subaru-wrx-sti-special-edition-photo-50x31.jpg",50,31,true]},"uagb_author_info":{"display_name":"N.S Carideal","author_link":"https:\/\/www.carideal.com\/blog\/author\/admin_carideal\/"},"uagb_comment_info":0,"uagb_excerpt":"Subaru Impreza WRX STI Special Edition, on en veut une pour aller au ski&nbsp;! Subaru veut garder un lien entre les Rally et le WRC et s'en sert pour s'en inspirer pour cette Subaru WRX STI Special Edition qui ne sera produite qu'\u00e0 125 exemplaires. Les meilleures voitures sportives Elle dispose d'une nouvelle suspension, pr\u00e9sente\u2026","_links":{"self":[{"href":"https:\/\/www.carideal.com\/blog\/wp-json\/wp\/v2\/posts\/724"}],"collection":[{"href":"https:\/\/www.carideal.com\/blog\/wp-json\/wp\/v2\/posts"}],"about":[{"href":"https:\/\/www.carideal.com\/blog\/wp-json\/wp\/v2\/types\/post"}],"author":[{"embeddable":true,"href":"https:\/\/www.carideal.com\/blog\/wp-json\/wp\/v2\/users\/1"}],"replies":[{"embeddable":true,"href":"https:\/\/www.carideal.com\/blog\/wp-json\/wp\/v2\/comments?post=724"}],"version-history":[{"count":0,"href":"https:\/\/www.carideal.com\/blog\/wp-json\/wp\/v2\/posts\/724\/revisions"}],"wp:featuredmedia":[{"embeddable":true,"href":"https:\/\/www.carideal.com\/blog\/wp-json\/wp\/v2\/media\/25334"}],"wp:attachment":[{"href":"https:\/\/www.carideal.com\/blog\/wp-json\/wp\/v2\/media?parent=724"}],"wp:term":[{"taxonomy":"category","embeddable":true,"href":"https:\/\/www.carideal.com\/blog\/wp-json\/wp\/v2\/categories?post=724"},{"taxonomy":"post_tag","embeddable":true,"href":"https:\/\/www.carideal.com\/blog\/wp-json\/wp\/v2\/tags?post=724"}],"curies":[{"name":"wp","href":"https:\/\/api.w.org\/{rel}","templated":true}]}}