{"id":7238,"date":"2015-10-30T15:38:28","date_gmt":"2015-10-30T14:38:28","guid":{"rendered":"http:\/\/www.carideal.com\/blog\/?p=7238"},"modified":"2020-03-08T18:02:29","modified_gmt":"2020-03-08T17:02:29","slug":"renault-communique-les-tarifs-et-la-gamme-de-sa-talisman","status":"publish","type":"post","link":"https:\/\/www.carideal.com\/blog\/2015\/10\/30\/renault-communique-les-tarifs-et-la-gamme-de-sa-talisman\/","title":{"rendered":"Tarif Renault Talisman"},"content":{"rendered":"<h1>Tarif Renault Talisman le constructeur communique les prix et\u00a0la gamme<\/h1>\n<figure id=\"attachment_7239\" aria-describedby=\"caption-attachment-7239\" style=\"width: 290px\" class=\"wp-caption alignnone\"><a href=\"http:\/\/www.carideal.com\/blog\/wp-content\/uploads\/2015\/10\/renault-talisman-2015-break-carideal-blog.jpg\"><img loading=\"lazy\" decoding=\"async\" class=\"wp-image-7239 size-medium\" title=\"Tarif Renault Talisman\" src=\"http:\/\/www.carideal.com\/blog\/wp-content\/uploads\/2015\/10\/renault-talisman-2015-break-carideal-blog-300x150.jpg\" alt=\"Tarif Renault Talisman les prix et la gamme\" width=\"300\" height=\"150\" srcset=\"https:\/\/www.carideal.com\/blog\/wp-content\/uploads\/2015\/10\/renault-talisman-2015-break-carideal-blog-300x150.jpg 300w, https:\/\/www.carideal.com\/blog\/wp-content\/uploads\/2015\/10\/renault-talisman-2015-break-carideal-blog-624x312.jpg 624w, https:\/\/www.carideal.com\/blog\/wp-content\/uploads\/2015\/10\/renault-talisman-2015-break-carideal-blog.jpg 800w\" sizes=\"(max-width: 300px) 100vw, 300px\" \/><\/a><figcaption id=\"caption-attachment-7239\" class=\"wp-caption-text\">Tarif Renault Talisman les prix et la gamme<\/figcaption><\/figure>\n<p><strong>Tarif Renault Talisman d\u00e9voile la gamme Talisman et Talisman Estate : les tarifs et la gamme en France<\/strong><\/p>\n<p>La Renault Talisman berline est vendu en France \u00e0 partir de 27 900 euros TTC.<br \/>\nLa Renault Talisman break Estate est vendu en France \u00e0 partir de 29 100 euros TTC.<\/p>\n<p>La Talisman sera disponible en Cinq niveaux de finition : Life, Zen, Business, Intens et Initiale Paris.<br \/>\nTrois motorisations Diesel sont disponibles sur Talisman au lancement : Energy dCi 110<br \/>\nEnergy dCi 130 avec une bo\u00eete de vitesses manuelle \u00e0 6 rapports, et Energy dCi 160<br \/>\nen version bo\u00eete de vitesses automatique \u00e0 double embrayage EDC \u00e0 6 rapports. Le<br \/>\nmoteur essence Energy TCe 200 sera uniquement disponible en bo\u00eete de vitesses<br \/>\nautomatique \u00e0 double embrayage EDC \u00e0 7 rapports.<\/p>\n<p>En France les commandes de <span style=\"text-decoration: underline;\">Talisman<\/span> sont ouvertes \u00e0 partir du 3 novembre<br \/>\nLes commandes de Talisman Estate au d\u00e9but de l'ann\u00e9e 2016.<\/p>\n<p>Le client aura le choix parmi cinq niveaux de finition pour Renault Talisman et Estate :<\/p>\n<p><strong>La finition Life<\/strong> propose en \u00e9quipements : nouvelle signature lumineuse avec des feux de jour \u00e0 LED, r\u00e9gulateur \/ limiteur de vitesse, frein de parking assist\u00e9, aide au d\u00e9marrage en c\u00f4te, capteur de pluie et de luminosit\u00e9, compteurs digitaux TFT, l\u00e8ve-vitre<br \/>\n\u00e9lectrique avant\/arri\u00e8re, r\u00e9troviseurs \u00e9lectriques, climatisation automatique bi-zone avec capteur de toxicit\u00e9,<br \/>\nvolant et pommeau de levier de vitesses en cuir\u2026<\/p>\n<p><strong>En finition Zen<\/strong>, la Renault Talisman recevront en sus la technologie Multi-Sense pour un plaisir de conduite personnalis\u00e9 et de la tablette connect\u00e9e R-Link 2 avec un \u00e9cran tactile de 7\u2019\u2019. Pour plus de confort, le niveau de finition Zen propose l\u2019aide au parking avant et arri\u00e8re, la carte mainslibres avec allumage des feux \u00e0 l\u2019approche et le si\u00e8ge conducteur avec une fonction massage des lombaires<br \/>\nainsi que des jantes alliage 17\u2019\u2019 Bayad\u00e8re.<\/p>\n<h2>Tarif Renault Talisman Business pour les entreprises :<\/h2>\n<p><strong>La finition Business<\/strong> offre en plus : cam\u00e9ra de recul et d\u00e9tecteur d\u2019angles mort (pack protection) et le<br \/>\nfreinage actif d\u2019urgence, l\u2019alerte de distance de s\u00e9curit\u00e9, le r\u00e9gulateur de vitesse adaptatif ainsi que l\u2019affichage<br \/>\nt\u00eate haute (pack aides \u00e0 la conduite).<\/p>\n<p><strong>La finition Intens<\/strong> propose en compl\u00e9ment : la tablette connect\u00e9e R-Link 2 avec un \u00e9cran tactile de 8,7\u2019\u2019, le<br \/>\npack aides \u00e0 la conduite (freinage actif d\u2019urgence, alerte de distance de s\u00e9curit\u00e9, r\u00e9gulateur de vitesse adaptatif<br \/>\net affichage t\u00eate haute), le pack Visio System (commutation automatique feux de route \/ feux de croisement,<br \/>\nalerte de survitesse avec reconnaissance des panneaux de signalisation, alerte de franchissement de ligne). La<br \/>\nfinition Intens b\u00e9n\u00e9ficie en outre d\u2019\u00e9l\u00e9ments de design distinctifs : feux Led Pure Vision, jantes alliage 18\u2019\u2019<br \/>\nDuetto et sellerie mixte similicuir\/tissus.<\/p>\n<h2>Tarif Renault Talisman sur la version haut d egamme Initiale Paris.<\/h2>\n<p><strong>Avec la finition Initiale Paris<\/strong> vous b\u00e9n\u00e9ficierez d'\u00e9quipements exclusifs : teinte<br \/>\nm\u00e9tallis\u00e9e Noir Am\u00e9thyste, jantes 19 pouces Initiale Paris, sellerie cuir Nappapleine fleur cama\u00efeu ou noire,<br \/>\nsi\u00e8ges avant \u00e9lectriques chauffants et ventil\u00e9s avec 10 voies de r\u00e9glage. Pour un confort acoustique optimal,<br \/>\nTalisman Initiale Paris est \u00e9quip\u00e9e de vitres lat\u00e9rales feuillet\u00e9es.<br \/>\nAvec ce niveau de finition Haut de gamme s'offre \u00e0 vous un concentr\u00e9 de technologies : ch\u00e2ssis 4Control \u00e0 4 roues directrices<br \/>\net amortissement pilot\u00e9 (pack 4Control) pour une utilisation optimale de la technologie Multi-Sense, cam\u00e9ra<br \/>\nde recul et avertisseur d\u2019angles morts, fonction easy park assist et ouverture mains-libres du coffre (pack City),<br \/>\nson Bose Surround System avec 13 haut-parleurs et active noise control (sur Enerdy dCi 130 et Energy dCi<br \/>\n160).<br \/>\nLa version Break Estate de la Talisman est \u00e9quip\u00e9e sur le niveau de finition Initiale Paris, d\u2019un hayon motoris\u00e9 avec<br \/>\nouverture et fermeture mains-libres.<\/p>\n<p><strong>MOTEURS et tarif Renault Talisman !<\/strong><br \/>\n<strong>Quatre motorisations efficientes disponibles au lancement sur Talisman<br \/>\n<\/strong><br \/>\nEnergy dCi 110 ECO2 boite manuelle \u00e0 6 rapports<br \/>\n(consommation en cycle mixte 3,6 l \/ 100 km, 95 grammes de CO2 \/ km).<\/p>\n<p>Energy dCi 130 boite manuelle \u00e0 6 rapports<br \/>\n(consommation en cycle mixte 3,9 l \/ 100 km, 102 grammes de CO2 \/ km).<\/p>\n<p>Energy dCi 160 bo\u00eete de vitesses automatique \u00e0 double embrayage EDC \u00e0 6 rapports<br \/>\n(consommation en cycle mixte 4,4 l \/ 100 km, 115 grammes de CO2 \/ km).<\/p>\n<p>Energy TCe 200 EDC essence bo\u00eete de vitesses automatique \u00e0 double embrayage EDC \u00e0 7 rapports<br \/>\n(consommation en cycle mixte 5,6 l \/ 100 km, 127 grammes de CO2 \/ km.<\/p>\n<p>Plus tard seront propos\u00e9es une motorisation essence et deux motorisations Diesel :<br \/>\nEnergy TCe 150 EDC bo\u00eete de vitesses automatique \u00e0 double embrayage EDC \u00e0 7 rapports<br \/>\n(consommation en cycle mixte 5,6 l \/ 100 km, 127 grammes de CO2 \/ km)<br \/>\nEnergy dCi110 ECO2 et Energy dCi 130 bo\u00eete de vitesses automatique \u00e0 double embrayage EDC \u00e0 6 rapports.<\/p>\n<p><strong>La Gamme &amp;\u00a0Tarif Renault Talisman\u00a0:<\/strong><br \/>\nRenault Talisman \u2013 Tarifs France (en euros \u2013 TTC)<br \/>\nVersion Moteur Prix TTC en Euros<br \/>\nLife Energy dCi 110 BVM ECO2 27 900<br \/>\nLife Energy dCi 110 EDC ECO2 29 400<br \/>\nZen Energy dCi 110 BVM ECO2 29 900<br \/>\nZen Energy dCi 110 EDC ECO2 31 400<br \/>\nZen Energy dCi 130 BVM 31 200<br \/>\nZen Energy dCi 130 EDC 32 700<br \/>\nZen Energy TCe 150 EDC 31 500<br \/>\nBusiness Energy dCi 110 BVM ECO2 31 300<br \/>\nBusiness Energy dCi 110 EDC ECO2 32 800<br \/>\nBusiness Energy dCi 130 BVM 32 600<br \/>\nBusiness Energy dCi 130 EDC 34 100<br \/>\nIntens Energy dCi 110 BVM ECO2 32 900<br \/>\nIntens Energy dCi 110 EDC ECO2 34 400<br \/>\nIntens Energy dCi 130 BVM 34 200<br \/>\nIntens Energy dCi 130 EDC 35 700<br \/>\nIntens Energy dCi 160 EDC 36 500<br \/>\nIntens Energy TCe 150 EDC 34 500<br \/>\nIntens Energy TCe 200 EDC 35 800<br \/>\nInitiale Paris Energy dCi 130 BVM 38 700<br \/>\nInitiale Paris Energy dCi 130 EDC 40 200<br \/>\nInitiale Paris Energy dCi 160 EDC 41 000<br \/>\nInitiale Paris Energy TCe 200 EDC 40 300<br \/>\nRenault Talisman Estate \u2013 Tarifs France (en euros \u2013 TTC)<br \/>\nVersion Moteur Prix TTC en Euros<br \/>\nLife Energy dCi 110 BVM ECO2 29 100<br \/>\nLife Energy dCi 110 EDC ECO2 30 600<br \/>\nZen Energy dCi 110 BVM ECO2 31 100<br \/>\nZen Energy dCi 110 EDC ECO2 32 600<br \/>\nZen Energy dCi 130 BVM 32 400<br \/>\nZen Energy dCi 130 EDC 33 900<br \/>\nZen Energy TCe 150 EDC 32 700<br \/>\nBusiness Energy dCi 110 BVM ECO2 32 500<br \/>\nBusiness Energy dCi 110 EDC ECO2 34 000<br \/>\nBusiness Energy dCi 130 BVM 33 800<br \/>\nBusiness Energy dCi 130 EDC 35 300<br \/>\nIntens Energy dCi 110 BVM ECO2 34 300<br \/>\nIntens Energy dCi 110 EDC ECO2 35 800<br \/>\nIntens Energy dCi 130 BVM 35 600<br \/>\nIntens Energy dCi 130 EDC 37 100<br \/>\nIntens Energy dCi 160 EDC 37 900<br \/>\nIntens Energy TCe 150 EDC 35 900<br \/>\nIntens Energy TCe 200 EDC 37 200<br \/>\nInitiale Paris Energy dCi 130 BVM 40 100<br \/>\nInitiale Paris Energy dCi 130 EDC 41 600<br \/>\nInitiale Paris Energy dCi 160 EDC 42 400<br \/>\nInitiale Paris Energy TCe 200 EDC 41 700<\/p>\n<p>Achetez votre Renault Talisman moins ch\u00e8re avec Carideal Mandataire automobile \u00e0 Chamb\u00e9ry en Savoie.<\/p>\n","protected":false},"excerpt":{"rendered":"<p>Tarif Renault Talisman le constructeur communique les prix et\u00a0la gamme Tarif Renault Talisman d\u00e9voile la gamme Talisman et Talisman Estate : les tarifs et la gamme en France La Renault Talisman berline est vendu en France \u00e0 partir de 27 900 euros TTC. La Renault Talisman break Estate est vendu en France \u00e0 partir de &#8230; <a title=\"Tarif Renault Talisman\" class=\"read-more\" href=\"https:\/\/www.carideal.com\/blog\/2015\/10\/30\/renault-communique-les-tarifs-et-la-gamme-de-sa-talisman\/\" aria-label=\"En savoir plus sur Tarif Renault Talisman\">Lire plus<\/a><\/p>\n","protected":false},"author":3,"featured_media":0,"comment_status":"open","ping_status":"open","sticky":false,"template":"","format":"standard","meta":{"_uag_custom_page_level_css":"","_themeisle_gutenberg_block_has_review":false,"footnotes":""},"categories":[5944,5963,10],"tags":[],"class_list":["post-7238","post","type-post","status-publish","format-standard","hentry","category-constructeur","category-renault","category-marche-automobile-voiture-neuve-occasion-4x4-suv"],"wppr_data":[],"yoast_head":"<!-- This site is optimized with the Yoast SEO plugin v24.8.1 - https:\/\/yoast.com\/wordpress\/plugins\/seo\/ -->\n<title>Tarif Renault Talisman - Blog auto Carid\u00e9al<\/title>\n<meta name=\"description\" content=\"Tarif Renault Talisman, le constructeur pr\u00e9sente ses mod\u00e8les ses finitions et les prix de sa nouvelle berline familiale et aussi en break\" \/>\n<meta name=\"robots\" content=\"index, follow, max-snippet:-1, max-image-preview:large, max-video-preview:-1\" \/>\n<link rel=\"canonical\" href=\"https:\/\/www.carideal.com\/blog\/2015\/10\/30\/renault-communique-les-tarifs-et-la-gamme-de-sa-talisman\/\" \/>\n<meta property=\"og:locale\" content=\"fr_FR\" \/>\n<meta property=\"og:type\" content=\"article\" \/>\n<meta property=\"og:title\" content=\"Tarif Renault Talisman - Blog auto Carid\u00e9al\" \/>\n<meta property=\"og:description\" content=\"Tarif Renault Talisman, le constructeur pr\u00e9sente ses mod\u00e8les ses finitions et les prix de sa nouvelle berline familiale et aussi en break\" \/>\n<meta property=\"og:url\" content=\"https:\/\/www.carideal.com\/blog\/2015\/10\/30\/renault-communique-les-tarifs-et-la-gamme-de-sa-talisman\/\" \/>\n<meta property=\"og:site_name\" content=\"Blog auto Carid\u00e9al\" \/>\n<meta property=\"article:publisher\" content=\"https:\/\/www.facebook.com\/Carideal.mandataire.automobile\" \/>\n<meta property=\"article:author\" content=\"https:\/\/www.facebook.com\/nicolas.schiavon.39\" \/>\n<meta property=\"article:published_time\" content=\"2015-10-30T14:38:28+00:00\" \/>\n<meta property=\"article:modified_time\" content=\"2020-03-08T17:02:29+00:00\" \/>\n<meta property=\"og:image\" content=\"http:\/\/www.carideal.com\/blog\/wp-content\/uploads\/2015\/10\/renault-talisman-2015-break-carideal-blog-300x150.jpg\" \/>\n<meta name=\"author\" content=\"Nicolas SCHIAVON\" \/>\n<meta name=\"twitter:card\" content=\"summary_large_image\" \/>\n<meta name=\"twitter:creator\" content=\"@caridealauto\" \/>\n<meta name=\"twitter:site\" content=\"@caridealauto\" \/>\n<meta name=\"twitter:label1\" content=\"\u00c9crit par\" \/>\n\t<meta name=\"twitter:data1\" content=\"Nicolas SCHIAVON\" \/>\n\t<meta name=\"twitter:label2\" content=\"Dur\u00e9e de lecture estim\u00e9e\" \/>\n\t<meta name=\"twitter:data2\" content=\"5 minutes\" \/>\n<script type=\"application\/ld+json\" class=\"yoast-schema-graph\">{\"@context\":\"https:\/\/schema.org\",\"@graph\":[{\"@type\":\"Article\",\"@id\":\"https:\/\/www.carideal.com\/blog\/2015\/10\/30\/renault-communique-les-tarifs-et-la-gamme-de-sa-talisman\/#article\",\"isPartOf\":{\"@id\":\"https:\/\/www.carideal.com\/blog\/2015\/10\/30\/renault-communique-les-tarifs-et-la-gamme-de-sa-talisman\/\"},\"author\":{\"name\":\"Nicolas SCHIAVON\",\"@id\":\"https:\/\/www.carideal.com\/blog\/#\/schema\/person\/cd95dc7919660de90d31b366f85be1ec\"},\"headline\":\"Tarif Renault Talisman\",\"datePublished\":\"2015-10-30T14:38:28+00:00\",\"dateModified\":\"2020-03-08T17:02:29+00:00\",\"mainEntityOfPage\":{\"@id\":\"https:\/\/www.carideal.com\/blog\/2015\/10\/30\/renault-communique-les-tarifs-et-la-gamme-de-sa-talisman\/\"},\"wordCount\":1018,\"commentCount\":0,\"publisher\":{\"@id\":\"https:\/\/www.carideal.com\/blog\/#organization\"},\"image\":{\"@id\":\"https:\/\/www.carideal.com\/blog\/2015\/10\/30\/renault-communique-les-tarifs-et-la-gamme-de-sa-talisman\/#primaryimage\"},\"thumbnailUrl\":\"http:\/\/www.carideal.com\/blog\/wp-content\/uploads\/2015\/10\/renault-talisman-2015-break-carideal-blog-300x150.jpg\",\"articleSection\":[\"Actualit\u00e9 Constructeur automobile\",\"Actualit\u00e9 Renault\",\"March\u00e9 automobile\"],\"inLanguage\":\"fr-FR\",\"potentialAction\":[{\"@type\":\"CommentAction\",\"name\":\"Comment\",\"target\":[\"https:\/\/www.carideal.com\/blog\/2015\/10\/30\/renault-communique-les-tarifs-et-la-gamme-de-sa-talisman\/#respond\"]}]},{\"@type\":\"WebPage\",\"@id\":\"https:\/\/www.carideal.com\/blog\/2015\/10\/30\/renault-communique-les-tarifs-et-la-gamme-de-sa-talisman\/\",\"url\":\"https:\/\/www.carideal.com\/blog\/2015\/10\/30\/renault-communique-les-tarifs-et-la-gamme-de-sa-talisman\/\",\"name\":\"Tarif Renault Talisman - Blog auto Carid\u00e9al\",\"isPartOf\":{\"@id\":\"https:\/\/www.carideal.com\/blog\/#website\"},\"primaryImageOfPage\":{\"@id\":\"https:\/\/www.carideal.com\/blog\/2015\/10\/30\/renault-communique-les-tarifs-et-la-gamme-de-sa-talisman\/#primaryimage\"},\"image\":{\"@id\":\"https:\/\/www.carideal.com\/blog\/2015\/10\/30\/renault-communique-les-tarifs-et-la-gamme-de-sa-talisman\/#primaryimage\"},\"thumbnailUrl\":\"http:\/\/www.carideal.com\/blog\/wp-content\/uploads\/2015\/10\/renault-talisman-2015-break-carideal-blog-300x150.jpg\",\"datePublished\":\"2015-10-30T14:38:28+00:00\",\"dateModified\":\"2020-03-08T17:02:29+00:00\",\"description\":\"Tarif Renault Talisman, le constructeur pr\u00e9sente ses mod\u00e8les ses finitions et les prix de sa nouvelle berline familiale et aussi en break\",\"breadcrumb\":{\"@id\":\"https:\/\/www.carideal.com\/blog\/2015\/10\/30\/renault-communique-les-tarifs-et-la-gamme-de-sa-talisman\/#breadcrumb\"},\"inLanguage\":\"fr-FR\",\"potentialAction\":[{\"@type\":\"ReadAction\",\"target\":[\"https:\/\/www.carideal.com\/blog\/2015\/10\/30\/renault-communique-les-tarifs-et-la-gamme-de-sa-talisman\/\"]}]},{\"@type\":\"ImageObject\",\"inLanguage\":\"fr-FR\",\"@id\":\"https:\/\/www.carideal.com\/blog\/2015\/10\/30\/renault-communique-les-tarifs-et-la-gamme-de-sa-talisman\/#primaryimage\",\"url\":\"http:\/\/www.carideal.com\/blog\/wp-content\/uploads\/2015\/10\/renault-talisman-2015-break-carideal-blog-300x150.jpg\",\"contentUrl\":\"http:\/\/www.carideal.com\/blog\/wp-content\/uploads\/2015\/10\/renault-talisman-2015-break-carideal-blog-300x150.jpg\"},{\"@type\":\"BreadcrumbList\",\"@id\":\"https:\/\/www.carideal.com\/blog\/2015\/10\/30\/renault-communique-les-tarifs-et-la-gamme-de-sa-talisman\/#breadcrumb\",\"itemListElement\":[{\"@type\":\"ListItem\",\"position\":1,\"name\":\"Blog Carid\u00e9al\",\"item\":\"https:\/\/www.carideal.com\/blog\/\"},{\"@type\":\"ListItem\",\"position\":2,\"name\":\"Actualit\u00e9 constructeur automobile\",\"item\":\"https:\/\/www.carideal.com\/blog\/constructeur\/\"},{\"@type\":\"ListItem\",\"position\":3,\"name\":\"Actualit\u00e9 Renault\",\"item\":\"https:\/\/www.carideal.com\/blog\/constructeur\/renault\/\"},{\"@type\":\"ListItem\",\"position\":4,\"name\":\"Tarif Renault Talisman\"}]},{\"@type\":\"WebSite\",\"@id\":\"https:\/\/www.carideal.com\/blog\/#website\",\"url\":\"https:\/\/www.carideal.com\/blog\/\",\"name\":\"Blog auto Carid\u00e9al\",\"description\":\"Actualit\u00e9 auto par des passionn\u00e9s\",\"publisher\":{\"@id\":\"https:\/\/www.carideal.com\/blog\/#organization\"},\"potentialAction\":[{\"@type\":\"SearchAction\",\"target\":{\"@type\":\"EntryPoint\",\"urlTemplate\":\"https:\/\/www.carideal.com\/blog\/?s={search_term_string}\"},\"query-input\":{\"@type\":\"PropertyValueSpecification\",\"valueRequired\":true,\"valueName\":\"search_term_string\"}}],\"inLanguage\":\"fr-FR\"},{\"@type\":\"Organization\",\"@id\":\"https:\/\/www.carideal.com\/blog\/#organization\",\"name\":\"Carideal\",\"url\":\"https:\/\/www.carideal.com\/blog\/\",\"logo\":{\"@type\":\"ImageObject\",\"inLanguage\":\"fr-FR\",\"@id\":\"https:\/\/www.carideal.com\/blog\/#\/schema\/logo\/image\/\",\"url\":\"http:\/\/www.carideal.com\/blog\/wp-content\/uploads\/2016\/03\/logo-carideal-mandataire-automobile.png\",\"contentUrl\":\"http:\/\/www.carideal.com\/blog\/wp-content\/uploads\/2016\/03\/logo-carideal-mandataire-automobile.png\",\"width\":300,\"height\":300,\"caption\":\"Carideal\"},\"image\":{\"@id\":\"https:\/\/www.carideal.com\/blog\/#\/schema\/logo\/image\/\"},\"sameAs\":[\"https:\/\/www.facebook.com\/Carideal.mandataire.automobile\",\"https:\/\/x.com\/caridealauto\",\"https:\/\/www.instagram.com\/carideal1\/\",\"https:\/\/www.linkedin.com\/company\/carideal.com\",\"https:\/\/fr.pinterest.com\/schiavonsas\/\",\"https:\/\/www.youtube.com\/user\/caridealsas\"]},{\"@type\":\"Person\",\"@id\":\"https:\/\/www.carideal.com\/blog\/#\/schema\/person\/cd95dc7919660de90d31b366f85be1ec\",\"name\":\"Nicolas SCHIAVON\",\"image\":{\"@type\":\"ImageObject\",\"inLanguage\":\"fr-FR\",\"@id\":\"https:\/\/www.carideal.com\/blog\/#\/schema\/person\/image\/\",\"url\":\"https:\/\/secure.gravatar.com\/avatar\/c17e55009e671d92cc7f5dc837dc418a?s=96&r=g\",\"contentUrl\":\"https:\/\/secure.gravatar.com\/avatar\/c17e55009e671d92cc7f5dc837dc418a?s=96&r=g\",\"caption\":\"Nicolas SCHIAVON\"},\"description\":\"Nicolas Schiavon est tomb\u00e9 tout petit dans la marmite automobile. Ayant eu un garage de marque automobile, mandataire automobile de la premi\u00e8re heure d\u00e8s 1999. Nicolas a cr\u00e9\u00e9 ces premiers sites de vente de voiture et blog automobile d\u00e8s 1994. Carideal est n\u00e9 le 15 d\u00e9cembre 2000 de la volont\u00e9 de vendre des voitures d'occasions en ligne puis des voitures neuves. Il a pu essayer beaucoup de voitures tr\u00e8s diff\u00e9rentes et ayant eu personnellement quelques belles autos, Subaru Impreza, Mitsubishi Lancer Evo 7, Porsche 911, Ferrari Testarrossa, Audi RS3, RS4 et j'en passe...\",\"sameAs\":[\"http:\/\/www.carideal.com\",\"https:\/\/www.facebook.com\/nicolas.schiavon.39\",\"https:\/\/www.instagram.com\/carideal1\/\",\"https:\/\/www.linkedin.com\/in\/nschiavon\/\",\"https:\/\/x.com\/caridealauto\",\"https:\/\/www.youtube.com\/user\/caridealsas\/\"],\"url\":\"https:\/\/www.carideal.com\/blog\/author\/nschiavon\/\"}]}<\/script>\n<!-- \/ Yoast SEO plugin. -->","yoast_head_json":{"title":"Tarif Renault Talisman - Blog auto Carid\u00e9al","description":"Tarif Renault Talisman, le constructeur pr\u00e9sente ses mod\u00e8les ses finitions et les prix de sa nouvelle berline familiale et aussi en break","robots":{"index":"index","follow":"follow","max-snippet":"max-snippet:-1","max-image-preview":"max-image-preview:large","max-video-preview":"max-video-preview:-1"},"canonical":"https:\/\/www.carideal.com\/blog\/2015\/10\/30\/renault-communique-les-tarifs-et-la-gamme-de-sa-talisman\/","og_locale":"fr_FR","og_type":"article","og_title":"Tarif Renault Talisman - Blog auto Carid\u00e9al","og_description":"Tarif Renault Talisman, le constructeur pr\u00e9sente ses mod\u00e8les ses finitions et les prix de sa nouvelle berline familiale et aussi en break","og_url":"https:\/\/www.carideal.com\/blog\/2015\/10\/30\/renault-communique-les-tarifs-et-la-gamme-de-sa-talisman\/","og_site_name":"Blog auto Carid\u00e9al","article_publisher":"https:\/\/www.facebook.com\/Carideal.mandataire.automobile","article_author":"https:\/\/www.facebook.com\/nicolas.schiavon.39","article_published_time":"2015-10-30T14:38:28+00:00","article_modified_time":"2020-03-08T17:02:29+00:00","og_image":[{"url":"http:\/\/www.carideal.com\/blog\/wp-content\/uploads\/2015\/10\/renault-talisman-2015-break-carideal-blog-300x150.jpg","type":"","width":"","height":""}],"author":"Nicolas SCHIAVON","twitter_card":"summary_large_image","twitter_creator":"@caridealauto","twitter_site":"@caridealauto","twitter_misc":{"\u00c9crit par":"Nicolas SCHIAVON","Dur\u00e9e de lecture estim\u00e9e":"5 minutes"},"schema":{"@context":"https:\/\/schema.org","@graph":[{"@type":"Article","@id":"https:\/\/www.carideal.com\/blog\/2015\/10\/30\/renault-communique-les-tarifs-et-la-gamme-de-sa-talisman\/#article","isPartOf":{"@id":"https:\/\/www.carideal.com\/blog\/2015\/10\/30\/renault-communique-les-tarifs-et-la-gamme-de-sa-talisman\/"},"author":{"name":"Nicolas SCHIAVON","@id":"https:\/\/www.carideal.com\/blog\/#\/schema\/person\/cd95dc7919660de90d31b366f85be1ec"},"headline":"Tarif Renault Talisman","datePublished":"2015-10-30T14:38:28+00:00","dateModified":"2020-03-08T17:02:29+00:00","mainEntityOfPage":{"@id":"https:\/\/www.carideal.com\/blog\/2015\/10\/30\/renault-communique-les-tarifs-et-la-gamme-de-sa-talisman\/"},"wordCount":1018,"commentCount":0,"publisher":{"@id":"https:\/\/www.carideal.com\/blog\/#organization"},"image":{"@id":"https:\/\/www.carideal.com\/blog\/2015\/10\/30\/renault-communique-les-tarifs-et-la-gamme-de-sa-talisman\/#primaryimage"},"thumbnailUrl":"http:\/\/www.carideal.com\/blog\/wp-content\/uploads\/2015\/10\/renault-talisman-2015-break-carideal-blog-300x150.jpg","articleSection":["Actualit\u00e9 Constructeur automobile","Actualit\u00e9 Renault","March\u00e9 automobile"],"inLanguage":"fr-FR","potentialAction":[{"@type":"CommentAction","name":"Comment","target":["https:\/\/www.carideal.com\/blog\/2015\/10\/30\/renault-communique-les-tarifs-et-la-gamme-de-sa-talisman\/#respond"]}]},{"@type":"WebPage","@id":"https:\/\/www.carideal.com\/blog\/2015\/10\/30\/renault-communique-les-tarifs-et-la-gamme-de-sa-talisman\/","url":"https:\/\/www.carideal.com\/blog\/2015\/10\/30\/renault-communique-les-tarifs-et-la-gamme-de-sa-talisman\/","name":"Tarif Renault Talisman - Blog auto Carid\u00e9al","isPartOf":{"@id":"https:\/\/www.carideal.com\/blog\/#website"},"primaryImageOfPage":{"@id":"https:\/\/www.carideal.com\/blog\/2015\/10\/30\/renault-communique-les-tarifs-et-la-gamme-de-sa-talisman\/#primaryimage"},"image":{"@id":"https:\/\/www.carideal.com\/blog\/2015\/10\/30\/renault-communique-les-tarifs-et-la-gamme-de-sa-talisman\/#primaryimage"},"thumbnailUrl":"http:\/\/www.carideal.com\/blog\/wp-content\/uploads\/2015\/10\/renault-talisman-2015-break-carideal-blog-300x150.jpg","datePublished":"2015-10-30T14:38:28+00:00","dateModified":"2020-03-08T17:02:29+00:00","description":"Tarif Renault Talisman, le constructeur pr\u00e9sente ses mod\u00e8les ses finitions et les prix de sa nouvelle berline familiale et aussi en break","breadcrumb":{"@id":"https:\/\/www.carideal.com\/blog\/2015\/10\/30\/renault-communique-les-tarifs-et-la-gamme-de-sa-talisman\/#breadcrumb"},"inLanguage":"fr-FR","potentialAction":[{"@type":"ReadAction","target":["https:\/\/www.carideal.com\/blog\/2015\/10\/30\/renault-communique-les-tarifs-et-la-gamme-de-sa-talisman\/"]}]},{"@type":"ImageObject","inLanguage":"fr-FR","@id":"https:\/\/www.carideal.com\/blog\/2015\/10\/30\/renault-communique-les-tarifs-et-la-gamme-de-sa-talisman\/#primaryimage","url":"http:\/\/www.carideal.com\/blog\/wp-content\/uploads\/2015\/10\/renault-talisman-2015-break-carideal-blog-300x150.jpg","contentUrl":"http:\/\/www.carideal.com\/blog\/wp-content\/uploads\/2015\/10\/renault-talisman-2015-break-carideal-blog-300x150.jpg"},{"@type":"BreadcrumbList","@id":"https:\/\/www.carideal.com\/blog\/2015\/10\/30\/renault-communique-les-tarifs-et-la-gamme-de-sa-talisman\/#breadcrumb","itemListElement":[{"@type":"ListItem","position":1,"name":"Blog Carid\u00e9al","item":"https:\/\/www.carideal.com\/blog\/"},{"@type":"ListItem","position":2,"name":"Actualit\u00e9 constructeur automobile","item":"https:\/\/www.carideal.com\/blog\/constructeur\/"},{"@type":"ListItem","position":3,"name":"Actualit\u00e9 Renault","item":"https:\/\/www.carideal.com\/blog\/constructeur\/renault\/"},{"@type":"ListItem","position":4,"name":"Tarif Renault Talisman"}]},{"@type":"WebSite","@id":"https:\/\/www.carideal.com\/blog\/#website","url":"https:\/\/www.carideal.com\/blog\/","name":"Blog auto Carid\u00e9al","description":"Actualit\u00e9 auto par des passionn\u00e9s","publisher":{"@id":"https:\/\/www.carideal.com\/blog\/#organization"},"potentialAction":[{"@type":"SearchAction","target":{"@type":"EntryPoint","urlTemplate":"https:\/\/www.carideal.com\/blog\/?s={search_term_string}"},"query-input":{"@type":"PropertyValueSpecification","valueRequired":true,"valueName":"search_term_string"}}],"inLanguage":"fr-FR"},{"@type":"Organization","@id":"https:\/\/www.carideal.com\/blog\/#organization","name":"Carideal","url":"https:\/\/www.carideal.com\/blog\/","logo":{"@type":"ImageObject","inLanguage":"fr-FR","@id":"https:\/\/www.carideal.com\/blog\/#\/schema\/logo\/image\/","url":"http:\/\/www.carideal.com\/blog\/wp-content\/uploads\/2016\/03\/logo-carideal-mandataire-automobile.png","contentUrl":"http:\/\/www.carideal.com\/blog\/wp-content\/uploads\/2016\/03\/logo-carideal-mandataire-automobile.png","width":300,"height":300,"caption":"Carideal"},"image":{"@id":"https:\/\/www.carideal.com\/blog\/#\/schema\/logo\/image\/"},"sameAs":["https:\/\/www.facebook.com\/Carideal.mandataire.automobile","https:\/\/x.com\/caridealauto","https:\/\/www.instagram.com\/carideal1\/","https:\/\/www.linkedin.com\/company\/carideal.com","https:\/\/fr.pinterest.com\/schiavonsas\/","https:\/\/www.youtube.com\/user\/caridealsas"]},{"@type":"Person","@id":"https:\/\/www.carideal.com\/blog\/#\/schema\/person\/cd95dc7919660de90d31b366f85be1ec","name":"Nicolas SCHIAVON","image":{"@type":"ImageObject","inLanguage":"fr-FR","@id":"https:\/\/www.carideal.com\/blog\/#\/schema\/person\/image\/","url":"https:\/\/secure.gravatar.com\/avatar\/c17e55009e671d92cc7f5dc837dc418a?s=96&r=g","contentUrl":"https:\/\/secure.gravatar.com\/avatar\/c17e55009e671d92cc7f5dc837dc418a?s=96&r=g","caption":"Nicolas SCHIAVON"},"description":"Nicolas Schiavon est tomb\u00e9 tout petit dans la marmite automobile. Ayant eu un garage de marque automobile, mandataire automobile de la premi\u00e8re heure d\u00e8s 1999. Nicolas a cr\u00e9\u00e9 ces premiers sites de vente de voiture et blog automobile d\u00e8s 1994. Carideal est n\u00e9 le 15 d\u00e9cembre 2000 de la volont\u00e9 de vendre des voitures d'occasions en ligne puis des voitures neuves. Il a pu essayer beaucoup de voitures tr\u00e8s diff\u00e9rentes et ayant eu personnellement quelques belles autos, Subaru Impreza, Mitsubishi Lancer Evo 7, Porsche 911, Ferrari Testarrossa, Audi RS3, RS4 et j'en passe...","sameAs":["http:\/\/www.carideal.com","https:\/\/www.facebook.com\/nicolas.schiavon.39","https:\/\/www.instagram.com\/carideal1\/","https:\/\/www.linkedin.com\/in\/nschiavon\/","https:\/\/x.com\/caridealauto","https:\/\/www.youtube.com\/user\/caridealsas\/"],"url":"https:\/\/www.carideal.com\/blog\/author\/nschiavon\/"}]}},"uagb_featured_image_src":{"full":false,"thumbnail":false,"medium":false,"medium_large":false,"large":false,"1536x1536":false,"2048x2048":false,"wppr-widget":false},"uagb_author_info":{"display_name":"Nicolas SCHIAVON","author_link":"https:\/\/www.carideal.com\/blog\/author\/nschiavon\/"},"uagb_comment_info":0,"uagb_excerpt":"Tarif Renault Talisman le constructeur communique les prix et\u00a0la gamme Tarif Renault Talisman d\u00e9voile la gamme Talisman et Talisman Estate : les tarifs et la gamme en France La Renault Talisman berline est vendu en France \u00e0 partir de 27 900 euros TTC. La Renault Talisman break Estate est vendu en France \u00e0 partir de\u2026","_links":{"self":[{"href":"https:\/\/www.carideal.com\/blog\/wp-json\/wp\/v2\/posts\/7238"}],"collection":[{"href":"https:\/\/www.carideal.com\/blog\/wp-json\/wp\/v2\/posts"}],"about":[{"href":"https:\/\/www.carideal.com\/blog\/wp-json\/wp\/v2\/types\/post"}],"author":[{"embeddable":true,"href":"https:\/\/www.carideal.com\/blog\/wp-json\/wp\/v2\/users\/3"}],"replies":[{"embeddable":true,"href":"https:\/\/www.carideal.com\/blog\/wp-json\/wp\/v2\/comments?post=7238"}],"version-history":[{"count":0,"href":"https:\/\/www.carideal.com\/blog\/wp-json\/wp\/v2\/posts\/7238\/revisions"}],"wp:attachment":[{"href":"https:\/\/www.carideal.com\/blog\/wp-json\/wp\/v2\/media?parent=7238"}],"wp:term":[{"taxonomy":"category","embeddable":true,"href":"https:\/\/www.carideal.com\/blog\/wp-json\/wp\/v2\/categories?post=7238"},{"taxonomy":"post_tag","embeddable":true,"href":"https:\/\/www.carideal.com\/blog\/wp-json\/wp\/v2\/tags?post=7238"}],"curies":[{"name":"wp","href":"https:\/\/api.w.org\/{rel}","templated":true}]}}