{"id":7200,"date":"2015-10-25T15:07:53","date_gmt":"2015-10-25T14:07:53","guid":{"rendered":"http:\/\/www.carideal.com\/blog\/?p=7200"},"modified":"2020-03-09T06:19:42","modified_gmt":"2020-03-09T05:19:42","slug":"jaguar-xf-2015","status":"publish","type":"post","link":"https:\/\/www.carideal.com\/blog\/2015\/10\/25\/jaguar-xf-2015\/","title":{"rendered":"Jaguar XF 2015 nouvelle berline"},"content":{"rendered":"<h1>Nouvelle Jaguar XF 2015<\/h1>\n<figure id=\"attachment_7201\" aria-describedby=\"caption-attachment-7201\" style=\"width: 290px\" class=\"wp-caption alignnone\"><a href=\"http:\/\/www.carideal.com\/blog\/wp-content\/uploads\/2015\/10\/jaguar-xf-2015-blog-carideal.jpg\"><img loading=\"lazy\" decoding=\"async\" class=\"wp-image-7201 size-medium\" title=\"Jaguar XF 2015\" src=\"http:\/\/www.carideal.com\/blog\/wp-content\/uploads\/2015\/10\/jaguar-xf-2015-blog-carideal-300x169.jpg\" alt=\"Jaguar XF 2015\" width=\"300\" height=\"169\" srcset=\"https:\/\/www.carideal.com\/blog\/wp-content\/uploads\/2015\/10\/jaguar-xf-2015-blog-carideal-300x169.jpg 300w, https:\/\/www.carideal.com\/blog\/wp-content\/uploads\/2015\/10\/jaguar-xf-2015-blog-carideal-624x351.jpg 624w, https:\/\/www.carideal.com\/blog\/wp-content\/uploads\/2015\/10\/jaguar-xf-2015-blog-carideal.jpg 720w\" sizes=\"(max-width: 300px) 100vw, 300px\" \/><\/a><figcaption id=\"caption-attachment-7201\" class=\"wp-caption-text\">Jaguar XF 2015<\/figcaption><\/figure>\n<p>Jaguar commercialise ce mois-ci une s\u00e9rieuse concurrente aux berlines Allemandes la Jaguar XF 2015, elle existe aussi en version diesel.<\/p>\n<p>La Jaguar XF existe depuis 2007 et a bien trouv\u00e9 son chemin depuis avec plus de 280 000 voitures vendues. Elle est une v\u00e9ritable alternatives aux concurrentes allemandes dans le haut de gamme telles les <span style=\"text-decoration: underline;\">Audi A6<\/span>, <span style=\"text-decoration: underline;\">BMW S\u00e9rie 5<\/span> et autre <span style=\"text-decoration: underline;\">Mercedes Classe E<\/span>. Pourtant que l'on ne s'y trompe pas, cette version 2015 est plus qu'une \u00e9volution esth\u00e9tique, elle est 100 % nouvelle, m\u00eame si on ne dirait pas. La carrosserie et la structure sont compos\u00e9s \u00e0 75 % d'aluminium, ce qui permet de perdre 190 kg sur la balance, elle perd 7 mm en longueur, sa face avant est plus brutale avec une calandre massive et verticale tandis que l'arri\u00e8re s'affine.<\/p>\n<p><strong>Une tenue de route de r\u00e9f\u00e9rence<\/strong><br \/>\nSon ch\u00e2ssis est pr\u00e9cis, dynamique, la voiture est docile, son train avant et sa direction pr\u00e9cise, du r\u00e9gal \u00e0 conduire. La voiture donne beaucoup de confort m\u00eame en conduite enlev\u00e9e.<\/p>\n<p>Le 2.0 diesel de 180 ch proposant 430 Nm de couple associ\u00e9 \u00e0 la boite automatique \u00e0 8 rapports apporte une belle lin\u00e9arit\u00e9 dans son acc\u00e9l\u00e9ration. Il resteun peu bruyant \u00e0 bas r\u00e9gime et n'est pas exempt de vibrations.<\/p>\n<p>La Jaguar est bien \u00e9quip\u00e9e la finition est d\u00e9cevante par endroits : les encadrements autour de la console cen\u00adtrale ont du jeu et il y a trop de les plastiques durs, ils n'ont rien \u00e0 faire dans ce haut de gamme. Derri\u00e8re le volant on se sent bien dans une ambiance sportive qui correspont avec les prestations dynamique de la voiture. L'ha\u00adbitabilit\u00e9 est en hausse + 24 mm pour l'espace aux genoux et +27 mm de garde au toit. Le tunnel de trans\u00admission g\u00eane le passager du millieu arri\u00e8re. Le coffre de 540 litres vous permettra de partir en week-end avec des bagages. Malheureusement la liste des options technologiques est longue.<\/p>\n","protected":false},"excerpt":{"rendered":"<p>Nouvelle Jaguar XF 2015 Jaguar commercialise ce mois-ci une s\u00e9rieuse concurrente aux berlines Allemandes la Jaguar XF 2015, elle existe aussi en version diesel. La Jaguar XF existe depuis 2007 et a bien trouv\u00e9 son chemin depuis avec plus de 280 000 voitures vendues. Elle est une v\u00e9ritable alternatives aux concurrentes allemandes dans le haut &#8230; <a title=\"Jaguar XF 2015 nouvelle berline\" class=\"read-more\" href=\"https:\/\/www.carideal.com\/blog\/2015\/10\/25\/jaguar-xf-2015\/\" aria-label=\"En savoir plus sur Jaguar XF 2015 nouvelle berline\">Lire plus<\/a><\/p>\n","protected":false},"author":3,"featured_media":0,"comment_status":"open","ping_status":"open","sticky":false,"template":"","format":"standard","meta":{"_uag_custom_page_level_css":"","_themeisle_gutenberg_block_has_review":false,"footnotes":""},"categories":[5944,5987,9,5947,5988,10],"tags":[1359],"class_list":["post-7200","post","type-post","status-publish","format-standard","hentry","category-constructeur","category-jaguar","category-divers","category-essai","category-jaguar-essai","category-marche-automobile-voiture-neuve-occasion-4x4-suv","tag-haut-de-gamme"],"wppr_data":[],"yoast_head":"<!-- This site is optimized with the Yoast SEO plugin v24.8.1 - https:\/\/yoast.com\/wordpress\/plugins\/seo\/ -->\n<title>Jaguar XF 2015 nouvelle berline - Blog auto Carid\u00e9al<\/title>\n<meta name=\"description\" content=\"Jaguar XF 2015 la nouvelle berline du Constructeur anglais qui risque de faire du mal \u00e0 la concurrence allemande Audi A6, BMW et Mercedes.\" \/>\n<meta name=\"robots\" content=\"index, follow, max-snippet:-1, max-image-preview:large, max-video-preview:-1\" \/>\n<link rel=\"canonical\" href=\"https:\/\/www.carideal.com\/blog\/2015\/10\/25\/jaguar-xf-2015\/\" \/>\n<meta property=\"og:locale\" content=\"fr_FR\" \/>\n<meta property=\"og:type\" content=\"article\" \/>\n<meta property=\"og:title\" content=\"Jaguar XF 2015 nouvelle berline - Blog auto Carid\u00e9al\" \/>\n<meta property=\"og:description\" content=\"Jaguar XF 2015 la nouvelle berline du Constructeur anglais qui risque de faire du mal \u00e0 la concurrence allemande Audi A6, BMW et Mercedes.\" \/>\n<meta property=\"og:url\" content=\"https:\/\/www.carideal.com\/blog\/2015\/10\/25\/jaguar-xf-2015\/\" \/>\n<meta property=\"og:site_name\" content=\"Blog auto Carid\u00e9al\" \/>\n<meta property=\"article:publisher\" content=\"https:\/\/www.facebook.com\/Carideal.mandataire.automobile\" \/>\n<meta property=\"article:author\" content=\"https:\/\/www.facebook.com\/nicolas.schiavon.39\" \/>\n<meta property=\"article:published_time\" content=\"2015-10-25T14:07:53+00:00\" \/>\n<meta property=\"article:modified_time\" content=\"2020-03-09T05:19:42+00:00\" \/>\n<meta property=\"og:image\" content=\"http:\/\/www.carideal.com\/blog\/wp-content\/uploads\/2015\/10\/jaguar-xf-2015-blog-carideal-300x169.jpg\" \/>\n<meta name=\"author\" content=\"Nicolas SCHIAVON\" \/>\n<meta name=\"twitter:card\" content=\"summary_large_image\" \/>\n<meta name=\"twitter:creator\" content=\"@caridealauto\" \/>\n<meta name=\"twitter:site\" content=\"@caridealauto\" \/>\n<meta name=\"twitter:label1\" content=\"\u00c9crit par\" \/>\n\t<meta name=\"twitter:data1\" content=\"Nicolas SCHIAVON\" \/>\n\t<meta name=\"twitter:label2\" content=\"Dur\u00e9e de lecture estim\u00e9e\" \/>\n\t<meta name=\"twitter:data2\" content=\"2 minutes\" \/>\n<script type=\"application\/ld+json\" class=\"yoast-schema-graph\">{\"@context\":\"https:\/\/schema.org\",\"@graph\":[{\"@type\":\"Article\",\"@id\":\"https:\/\/www.carideal.com\/blog\/2015\/10\/25\/jaguar-xf-2015\/#article\",\"isPartOf\":{\"@id\":\"https:\/\/www.carideal.com\/blog\/2015\/10\/25\/jaguar-xf-2015\/\"},\"author\":{\"name\":\"Nicolas SCHIAVON\",\"@id\":\"https:\/\/www.carideal.com\/blog\/#\/schema\/person\/cd95dc7919660de90d31b366f85be1ec\"},\"headline\":\"Jaguar XF 2015 nouvelle berline\",\"datePublished\":\"2015-10-25T14:07:53+00:00\",\"dateModified\":\"2020-03-09T05:19:42+00:00\",\"mainEntityOfPage\":{\"@id\":\"https:\/\/www.carideal.com\/blog\/2015\/10\/25\/jaguar-xf-2015\/\"},\"wordCount\":336,\"commentCount\":0,\"publisher\":{\"@id\":\"https:\/\/www.carideal.com\/blog\/#organization\"},\"image\":{\"@id\":\"https:\/\/www.carideal.com\/blog\/2015\/10\/25\/jaguar-xf-2015\/#primaryimage\"},\"thumbnailUrl\":\"http:\/\/www.carideal.com\/blog\/wp-content\/uploads\/2015\/10\/jaguar-xf-2015-blog-carideal-300x169.jpg\",\"keywords\":[\"haut de gamme\"],\"articleSection\":[\"Actualit\u00e9 Constructeur automobile\",\"Actualit\u00e9s Jaguar\",\"Divers\",\"Essais automobile\",\"Essais Jaguar\",\"March\u00e9 automobile\"],\"inLanguage\":\"fr-FR\",\"potentialAction\":[{\"@type\":\"CommentAction\",\"name\":\"Comment\",\"target\":[\"https:\/\/www.carideal.com\/blog\/2015\/10\/25\/jaguar-xf-2015\/#respond\"]}]},{\"@type\":\"WebPage\",\"@id\":\"https:\/\/www.carideal.com\/blog\/2015\/10\/25\/jaguar-xf-2015\/\",\"url\":\"https:\/\/www.carideal.com\/blog\/2015\/10\/25\/jaguar-xf-2015\/\",\"name\":\"Jaguar XF 2015 nouvelle berline - Blog auto Carid\u00e9al\",\"isPartOf\":{\"@id\":\"https:\/\/www.carideal.com\/blog\/#website\"},\"primaryImageOfPage\":{\"@id\":\"https:\/\/www.carideal.com\/blog\/2015\/10\/25\/jaguar-xf-2015\/#primaryimage\"},\"image\":{\"@id\":\"https:\/\/www.carideal.com\/blog\/2015\/10\/25\/jaguar-xf-2015\/#primaryimage\"},\"thumbnailUrl\":\"http:\/\/www.carideal.com\/blog\/wp-content\/uploads\/2015\/10\/jaguar-xf-2015-blog-carideal-300x169.jpg\",\"datePublished\":\"2015-10-25T14:07:53+00:00\",\"dateModified\":\"2020-03-09T05:19:42+00:00\",\"description\":\"Jaguar XF 2015 la nouvelle berline du Constructeur anglais qui risque de faire du mal \u00e0 la concurrence allemande Audi A6, BMW et Mercedes.\",\"breadcrumb\":{\"@id\":\"https:\/\/www.carideal.com\/blog\/2015\/10\/25\/jaguar-xf-2015\/#breadcrumb\"},\"inLanguage\":\"fr-FR\",\"potentialAction\":[{\"@type\":\"ReadAction\",\"target\":[\"https:\/\/www.carideal.com\/blog\/2015\/10\/25\/jaguar-xf-2015\/\"]}]},{\"@type\":\"ImageObject\",\"inLanguage\":\"fr-FR\",\"@id\":\"https:\/\/www.carideal.com\/blog\/2015\/10\/25\/jaguar-xf-2015\/#primaryimage\",\"url\":\"http:\/\/www.carideal.com\/blog\/wp-content\/uploads\/2015\/10\/jaguar-xf-2015-blog-carideal-300x169.jpg\",\"contentUrl\":\"http:\/\/www.carideal.com\/blog\/wp-content\/uploads\/2015\/10\/jaguar-xf-2015-blog-carideal-300x169.jpg\"},{\"@type\":\"BreadcrumbList\",\"@id\":\"https:\/\/www.carideal.com\/blog\/2015\/10\/25\/jaguar-xf-2015\/#breadcrumb\",\"itemListElement\":[{\"@type\":\"ListItem\",\"position\":1,\"name\":\"Blog Carid\u00e9al\",\"item\":\"https:\/\/www.carideal.com\/blog\/\"},{\"@type\":\"ListItem\",\"position\":2,\"name\":\"Actualit\u00e9 constructeur automobile\",\"item\":\"https:\/\/www.carideal.com\/blog\/constructeur\/\"},{\"@type\":\"ListItem\",\"position\":3,\"name\":\"Actualit\u00e9s Jaguar\",\"item\":\"https:\/\/www.carideal.com\/blog\/constructeur\/jaguar\/\"},{\"@type\":\"ListItem\",\"position\":4,\"name\":\"Jaguar XF 2015 nouvelle berline\"}]},{\"@type\":\"WebSite\",\"@id\":\"https:\/\/www.carideal.com\/blog\/#website\",\"url\":\"https:\/\/www.carideal.com\/blog\/\",\"name\":\"Blog auto Carid\u00e9al\",\"description\":\"Actualit\u00e9 auto par des passionn\u00e9s\",\"publisher\":{\"@id\":\"https:\/\/www.carideal.com\/blog\/#organization\"},\"potentialAction\":[{\"@type\":\"SearchAction\",\"target\":{\"@type\":\"EntryPoint\",\"urlTemplate\":\"https:\/\/www.carideal.com\/blog\/?s={search_term_string}\"},\"query-input\":{\"@type\":\"PropertyValueSpecification\",\"valueRequired\":true,\"valueName\":\"search_term_string\"}}],\"inLanguage\":\"fr-FR\"},{\"@type\":\"Organization\",\"@id\":\"https:\/\/www.carideal.com\/blog\/#organization\",\"name\":\"Carideal\",\"url\":\"https:\/\/www.carideal.com\/blog\/\",\"logo\":{\"@type\":\"ImageObject\",\"inLanguage\":\"fr-FR\",\"@id\":\"https:\/\/www.carideal.com\/blog\/#\/schema\/logo\/image\/\",\"url\":\"http:\/\/www.carideal.com\/blog\/wp-content\/uploads\/2016\/03\/logo-carideal-mandataire-automobile.png\",\"contentUrl\":\"http:\/\/www.carideal.com\/blog\/wp-content\/uploads\/2016\/03\/logo-carideal-mandataire-automobile.png\",\"width\":300,\"height\":300,\"caption\":\"Carideal\"},\"image\":{\"@id\":\"https:\/\/www.carideal.com\/blog\/#\/schema\/logo\/image\/\"},\"sameAs\":[\"https:\/\/www.facebook.com\/Carideal.mandataire.automobile\",\"https:\/\/x.com\/caridealauto\",\"https:\/\/www.instagram.com\/carideal1\/\",\"https:\/\/www.linkedin.com\/company\/carideal.com\",\"https:\/\/fr.pinterest.com\/schiavonsas\/\",\"https:\/\/www.youtube.com\/user\/caridealsas\"]},{\"@type\":\"Person\",\"@id\":\"https:\/\/www.carideal.com\/blog\/#\/schema\/person\/cd95dc7919660de90d31b366f85be1ec\",\"name\":\"Nicolas SCHIAVON\",\"image\":{\"@type\":\"ImageObject\",\"inLanguage\":\"fr-FR\",\"@id\":\"https:\/\/www.carideal.com\/blog\/#\/schema\/person\/image\/\",\"url\":\"https:\/\/secure.gravatar.com\/avatar\/c17e55009e671d92cc7f5dc837dc418a?s=96&r=g\",\"contentUrl\":\"https:\/\/secure.gravatar.com\/avatar\/c17e55009e671d92cc7f5dc837dc418a?s=96&r=g\",\"caption\":\"Nicolas SCHIAVON\"},\"description\":\"Nicolas Schiavon est tomb\u00e9 tout petit dans la marmite automobile. Ayant eu un garage de marque automobile, mandataire automobile de la premi\u00e8re heure d\u00e8s 1999. Nicolas a cr\u00e9\u00e9 ces premiers sites de vente de voiture et blog automobile d\u00e8s 1994. Carideal est n\u00e9 le 15 d\u00e9cembre 2000 de la volont\u00e9 de vendre des voitures d'occasions en ligne puis des voitures neuves. Il a pu essayer beaucoup de voitures tr\u00e8s diff\u00e9rentes et ayant eu personnellement quelques belles autos, Subaru Impreza, Mitsubishi Lancer Evo 7, Porsche 911, Ferrari Testarrossa, Audi RS3, RS4 et j'en passe...\",\"sameAs\":[\"http:\/\/www.carideal.com\",\"https:\/\/www.facebook.com\/nicolas.schiavon.39\",\"https:\/\/www.instagram.com\/carideal1\/\",\"https:\/\/www.linkedin.com\/in\/nschiavon\/\",\"https:\/\/x.com\/caridealauto\",\"https:\/\/www.youtube.com\/user\/caridealsas\/\"],\"url\":\"https:\/\/www.carideal.com\/blog\/author\/nschiavon\/\"}]}<\/script>\n<!-- \/ Yoast SEO plugin. -->","yoast_head_json":{"title":"Jaguar XF 2015 nouvelle berline - Blog auto Carid\u00e9al","description":"Jaguar XF 2015 la nouvelle berline du Constructeur anglais qui risque de faire du mal \u00e0 la concurrence allemande Audi A6, BMW et Mercedes.","robots":{"index":"index","follow":"follow","max-snippet":"max-snippet:-1","max-image-preview":"max-image-preview:large","max-video-preview":"max-video-preview:-1"},"canonical":"https:\/\/www.carideal.com\/blog\/2015\/10\/25\/jaguar-xf-2015\/","og_locale":"fr_FR","og_type":"article","og_title":"Jaguar XF 2015 nouvelle berline - Blog auto Carid\u00e9al","og_description":"Jaguar XF 2015 la nouvelle berline du Constructeur anglais qui risque de faire du mal \u00e0 la concurrence allemande Audi A6, BMW et Mercedes.","og_url":"https:\/\/www.carideal.com\/blog\/2015\/10\/25\/jaguar-xf-2015\/","og_site_name":"Blog auto Carid\u00e9al","article_publisher":"https:\/\/www.facebook.com\/Carideal.mandataire.automobile","article_author":"https:\/\/www.facebook.com\/nicolas.schiavon.39","article_published_time":"2015-10-25T14:07:53+00:00","article_modified_time":"2020-03-09T05:19:42+00:00","og_image":[{"url":"http:\/\/www.carideal.com\/blog\/wp-content\/uploads\/2015\/10\/jaguar-xf-2015-blog-carideal-300x169.jpg","type":"","width":"","height":""}],"author":"Nicolas SCHIAVON","twitter_card":"summary_large_image","twitter_creator":"@caridealauto","twitter_site":"@caridealauto","twitter_misc":{"\u00c9crit par":"Nicolas SCHIAVON","Dur\u00e9e de lecture estim\u00e9e":"2 minutes"},"schema":{"@context":"https:\/\/schema.org","@graph":[{"@type":"Article","@id":"https:\/\/www.carideal.com\/blog\/2015\/10\/25\/jaguar-xf-2015\/#article","isPartOf":{"@id":"https:\/\/www.carideal.com\/blog\/2015\/10\/25\/jaguar-xf-2015\/"},"author":{"name":"Nicolas SCHIAVON","@id":"https:\/\/www.carideal.com\/blog\/#\/schema\/person\/cd95dc7919660de90d31b366f85be1ec"},"headline":"Jaguar XF 2015 nouvelle berline","datePublished":"2015-10-25T14:07:53+00:00","dateModified":"2020-03-09T05:19:42+00:00","mainEntityOfPage":{"@id":"https:\/\/www.carideal.com\/blog\/2015\/10\/25\/jaguar-xf-2015\/"},"wordCount":336,"commentCount":0,"publisher":{"@id":"https:\/\/www.carideal.com\/blog\/#organization"},"image":{"@id":"https:\/\/www.carideal.com\/blog\/2015\/10\/25\/jaguar-xf-2015\/#primaryimage"},"thumbnailUrl":"http:\/\/www.carideal.com\/blog\/wp-content\/uploads\/2015\/10\/jaguar-xf-2015-blog-carideal-300x169.jpg","keywords":["haut de gamme"],"articleSection":["Actualit\u00e9 Constructeur automobile","Actualit\u00e9s Jaguar","Divers","Essais automobile","Essais Jaguar","March\u00e9 automobile"],"inLanguage":"fr-FR","potentialAction":[{"@type":"CommentAction","name":"Comment","target":["https:\/\/www.carideal.com\/blog\/2015\/10\/25\/jaguar-xf-2015\/#respond"]}]},{"@type":"WebPage","@id":"https:\/\/www.carideal.com\/blog\/2015\/10\/25\/jaguar-xf-2015\/","url":"https:\/\/www.carideal.com\/blog\/2015\/10\/25\/jaguar-xf-2015\/","name":"Jaguar XF 2015 nouvelle berline - Blog auto Carid\u00e9al","isPartOf":{"@id":"https:\/\/www.carideal.com\/blog\/#website"},"primaryImageOfPage":{"@id":"https:\/\/www.carideal.com\/blog\/2015\/10\/25\/jaguar-xf-2015\/#primaryimage"},"image":{"@id":"https:\/\/www.carideal.com\/blog\/2015\/10\/25\/jaguar-xf-2015\/#primaryimage"},"thumbnailUrl":"http:\/\/www.carideal.com\/blog\/wp-content\/uploads\/2015\/10\/jaguar-xf-2015-blog-carideal-300x169.jpg","datePublished":"2015-10-25T14:07:53+00:00","dateModified":"2020-03-09T05:19:42+00:00","description":"Jaguar XF 2015 la nouvelle berline du Constructeur anglais qui risque de faire du mal \u00e0 la concurrence allemande Audi A6, BMW et Mercedes.","breadcrumb":{"@id":"https:\/\/www.carideal.com\/blog\/2015\/10\/25\/jaguar-xf-2015\/#breadcrumb"},"inLanguage":"fr-FR","potentialAction":[{"@type":"ReadAction","target":["https:\/\/www.carideal.com\/blog\/2015\/10\/25\/jaguar-xf-2015\/"]}]},{"@type":"ImageObject","inLanguage":"fr-FR","@id":"https:\/\/www.carideal.com\/blog\/2015\/10\/25\/jaguar-xf-2015\/#primaryimage","url":"http:\/\/www.carideal.com\/blog\/wp-content\/uploads\/2015\/10\/jaguar-xf-2015-blog-carideal-300x169.jpg","contentUrl":"http:\/\/www.carideal.com\/blog\/wp-content\/uploads\/2015\/10\/jaguar-xf-2015-blog-carideal-300x169.jpg"},{"@type":"BreadcrumbList","@id":"https:\/\/www.carideal.com\/blog\/2015\/10\/25\/jaguar-xf-2015\/#breadcrumb","itemListElement":[{"@type":"ListItem","position":1,"name":"Blog Carid\u00e9al","item":"https:\/\/www.carideal.com\/blog\/"},{"@type":"ListItem","position":2,"name":"Actualit\u00e9 constructeur automobile","item":"https:\/\/www.carideal.com\/blog\/constructeur\/"},{"@type":"ListItem","position":3,"name":"Actualit\u00e9s Jaguar","item":"https:\/\/www.carideal.com\/blog\/constructeur\/jaguar\/"},{"@type":"ListItem","position":4,"name":"Jaguar XF 2015 nouvelle berline"}]},{"@type":"WebSite","@id":"https:\/\/www.carideal.com\/blog\/#website","url":"https:\/\/www.carideal.com\/blog\/","name":"Blog auto Carid\u00e9al","description":"Actualit\u00e9 auto par des passionn\u00e9s","publisher":{"@id":"https:\/\/www.carideal.com\/blog\/#organization"},"potentialAction":[{"@type":"SearchAction","target":{"@type":"EntryPoint","urlTemplate":"https:\/\/www.carideal.com\/blog\/?s={search_term_string}"},"query-input":{"@type":"PropertyValueSpecification","valueRequired":true,"valueName":"search_term_string"}}],"inLanguage":"fr-FR"},{"@type":"Organization","@id":"https:\/\/www.carideal.com\/blog\/#organization","name":"Carideal","url":"https:\/\/www.carideal.com\/blog\/","logo":{"@type":"ImageObject","inLanguage":"fr-FR","@id":"https:\/\/www.carideal.com\/blog\/#\/schema\/logo\/image\/","url":"http:\/\/www.carideal.com\/blog\/wp-content\/uploads\/2016\/03\/logo-carideal-mandataire-automobile.png","contentUrl":"http:\/\/www.carideal.com\/blog\/wp-content\/uploads\/2016\/03\/logo-carideal-mandataire-automobile.png","width":300,"height":300,"caption":"Carideal"},"image":{"@id":"https:\/\/www.carideal.com\/blog\/#\/schema\/logo\/image\/"},"sameAs":["https:\/\/www.facebook.com\/Carideal.mandataire.automobile","https:\/\/x.com\/caridealauto","https:\/\/www.instagram.com\/carideal1\/","https:\/\/www.linkedin.com\/company\/carideal.com","https:\/\/fr.pinterest.com\/schiavonsas\/","https:\/\/www.youtube.com\/user\/caridealsas"]},{"@type":"Person","@id":"https:\/\/www.carideal.com\/blog\/#\/schema\/person\/cd95dc7919660de90d31b366f85be1ec","name":"Nicolas SCHIAVON","image":{"@type":"ImageObject","inLanguage":"fr-FR","@id":"https:\/\/www.carideal.com\/blog\/#\/schema\/person\/image\/","url":"https:\/\/secure.gravatar.com\/avatar\/c17e55009e671d92cc7f5dc837dc418a?s=96&r=g","contentUrl":"https:\/\/secure.gravatar.com\/avatar\/c17e55009e671d92cc7f5dc837dc418a?s=96&r=g","caption":"Nicolas SCHIAVON"},"description":"Nicolas Schiavon est tomb\u00e9 tout petit dans la marmite automobile. Ayant eu un garage de marque automobile, mandataire automobile de la premi\u00e8re heure d\u00e8s 1999. Nicolas a cr\u00e9\u00e9 ces premiers sites de vente de voiture et blog automobile d\u00e8s 1994. Carideal est n\u00e9 le 15 d\u00e9cembre 2000 de la volont\u00e9 de vendre des voitures d'occasions en ligne puis des voitures neuves. Il a pu essayer beaucoup de voitures tr\u00e8s diff\u00e9rentes et ayant eu personnellement quelques belles autos, Subaru Impreza, Mitsubishi Lancer Evo 7, Porsche 911, Ferrari Testarrossa, Audi RS3, RS4 et j'en passe...","sameAs":["http:\/\/www.carideal.com","https:\/\/www.facebook.com\/nicolas.schiavon.39","https:\/\/www.instagram.com\/carideal1\/","https:\/\/www.linkedin.com\/in\/nschiavon\/","https:\/\/x.com\/caridealauto","https:\/\/www.youtube.com\/user\/caridealsas\/"],"url":"https:\/\/www.carideal.com\/blog\/author\/nschiavon\/"}]}},"uagb_featured_image_src":{"full":false,"thumbnail":false,"medium":false,"medium_large":false,"large":false,"1536x1536":false,"2048x2048":false,"wppr-widget":false},"uagb_author_info":{"display_name":"Nicolas SCHIAVON","author_link":"https:\/\/www.carideal.com\/blog\/author\/nschiavon\/"},"uagb_comment_info":0,"uagb_excerpt":"Nouvelle Jaguar XF 2015 Jaguar commercialise ce mois-ci une s\u00e9rieuse concurrente aux berlines Allemandes la Jaguar XF 2015, elle existe aussi en version diesel. La Jaguar XF existe depuis 2007 et a bien trouv\u00e9 son chemin depuis avec plus de 280 000 voitures vendues. Elle est une v\u00e9ritable alternatives aux concurrentes allemandes dans le haut\u2026","_links":{"self":[{"href":"https:\/\/www.carideal.com\/blog\/wp-json\/wp\/v2\/posts\/7200"}],"collection":[{"href":"https:\/\/www.carideal.com\/blog\/wp-json\/wp\/v2\/posts"}],"about":[{"href":"https:\/\/www.carideal.com\/blog\/wp-json\/wp\/v2\/types\/post"}],"author":[{"embeddable":true,"href":"https:\/\/www.carideal.com\/blog\/wp-json\/wp\/v2\/users\/3"}],"replies":[{"embeddable":true,"href":"https:\/\/www.carideal.com\/blog\/wp-json\/wp\/v2\/comments?post=7200"}],"version-history":[{"count":0,"href":"https:\/\/www.carideal.com\/blog\/wp-json\/wp\/v2\/posts\/7200\/revisions"}],"wp:attachment":[{"href":"https:\/\/www.carideal.com\/blog\/wp-json\/wp\/v2\/media?parent=7200"}],"wp:term":[{"taxonomy":"category","embeddable":true,"href":"https:\/\/www.carideal.com\/blog\/wp-json\/wp\/v2\/categories?post=7200"},{"taxonomy":"post_tag","embeddable":true,"href":"https:\/\/www.carideal.com\/blog\/wp-json\/wp\/v2\/tags?post=7200"}],"curies":[{"name":"wp","href":"https:\/\/api.w.org\/{rel}","templated":true}]}}