{"id":720,"date":"2009-11-14T14:57:00","date_gmt":"2009-11-14T14:57:00","guid":{"rendered":"http:\/\/carideal.com\/blog\/?p=720"},"modified":"2016-10-15T17:41:12","modified_gmt":"2016-10-15T15:41:12","slug":"mg-mg6","status":"publish","type":"post","link":"https:\/\/www.carideal.com\/blog\/2009\/11\/14\/mg-mg6\/","title":{"rendered":"MG6 pr\u00e9sentation de la nouvelle MG"},"content":{"rendered":"<h1><strong>MG6 le nouvelle MG apr\u00e8s le rachat par le groupe chinois SAIC<\/strong><\/h1>\n<p>La marque Anglaise MG a \u00e9t\u00e9 rachet\u00e9 par le groupe Chinois SAIC et annonce un nouveau mod\u00e8le au salon de Guanzhou, dans le sud du pays \u00e0 la fin du mois. La MG6 a d'abod \u00e9t\u00e9 d\u00e9voil\u00e9e sous forme de concept en d\u00e9but d'ann\u00e9e. Elle sera d'abord commercialis\u00e9e en Chine puis en Europe et enfin aux Etats unis. Elle sera adapt\u00e9 en fonction des diff\u00e9rents march\u00e9 dans lesquelle elle sera vendu. La MG MG6 a \u00e9t\u00e9 dessin\u00e9e en Angleterre dans les locaux du bureau design de SAIC. La marque se veut tourn\u00e9e vers des consommateurs plus jeunes, ce sera une 5 portes, tr\u00e8s tr\u00e8s proche de la Roewe 550. Elle sera \u00e9quip\u00e9e du 4 cylindres 1.8 en version 160 ch et 133 ch.<\/p>\n<p>&nbsp;<\/p>\n<blockquote><p>Elle ressemble \u00e0 la Roewe.<\/p><\/blockquote>\n<p>MG a pr\u00e9sent\u00e9 sa MG6 au salon de Shanghai et pr\u00e9voit de la commercialiser en Angleterre en 2010. Des rumeurs circulent que SAIC travaille actuellement sur une MG5 et une MG-TF roadster pour feter les 85 ans de MG.<\/p>\n<p><img decoding=\"async\" style=\"display: block; margin: 0 auto;\" title=\"mg mg6, nov. 2009\" src=\"\/blog\/public\/.mg-mg6-rear-carideal_m.jpg\" alt=\"mg mg6\" \/><\/p>\n<p>Source\u00a0: icars.sg<\/p>\n","protected":false},"excerpt":{"rendered":"<p>MG6 le nouvelle MG apr\u00e8s le rachat par le groupe chinois SAIC La marque Anglaise MG a \u00e9t\u00e9 rachet\u00e9 par le groupe Chinois SAIC et annonce un nouveau mod\u00e8le au salon de Guanzhou, dans le sud du pays \u00e0 la fin du mois. La MG6 a d&rsquo;abod \u00e9t\u00e9 d\u00e9voil\u00e9e sous forme de concept en d\u00e9but &#8230; <a title=\"MG6 pr\u00e9sentation de la nouvelle MG\" class=\"read-more\" href=\"https:\/\/www.carideal.com\/blog\/2009\/11\/14\/mg-mg6\/\" aria-label=\"En savoir plus sur MG6 pr\u00e9sentation de la nouvelle MG\">Lire plus<\/a><\/p>\n","protected":false},"author":1,"featured_media":0,"comment_status":"open","ping_status":"open","sticky":false,"template":"","format":"standard","meta":{"_uag_custom_page_level_css":"","_themeisle_gutenberg_block_has_review":false,"footnotes":""},"categories":[10],"tags":[],"class_list":["post-720","post","type-post","status-publish","format-standard","hentry","category-marche-automobile-voiture-neuve-occasion-4x4-suv"],"wppr_data":[],"yoast_head":"<!-- This site is optimized with the Yoast SEO plugin v24.8.1 - https:\/\/yoast.com\/wordpress\/plugins\/seo\/ -->\n<title>MG6 pr\u00e9sentation de la nouvelle MG - Blog auto Carid\u00e9al<\/title>\n<meta name=\"robots\" content=\"index, follow, max-snippet:-1, max-image-preview:large, max-video-preview:-1\" \/>\n<link rel=\"canonical\" href=\"https:\/\/www.carideal.com\/blog\/2009\/11\/14\/mg-mg6\/\" \/>\n<meta property=\"og:locale\" content=\"fr_FR\" \/>\n<meta property=\"og:type\" content=\"article\" \/>\n<meta property=\"og:title\" content=\"MG6 pr\u00e9sentation de la nouvelle MG - Blog auto Carid\u00e9al\" \/>\n<meta property=\"og:description\" content=\"MG6 le nouvelle MG apr\u00e8s le rachat par le groupe chinois SAIC La marque Anglaise MG a \u00e9t\u00e9 rachet\u00e9 par le groupe Chinois SAIC et annonce un nouveau mod\u00e8le au salon de Guanzhou, dans le sud du pays \u00e0 la fin du mois. La MG6 a d&#039;abod \u00e9t\u00e9 d\u00e9voil\u00e9e sous forme de concept en d\u00e9but ... Lire plus\" \/>\n<meta property=\"og:url\" content=\"https:\/\/www.carideal.com\/blog\/2009\/11\/14\/mg-mg6\/\" \/>\n<meta property=\"og:site_name\" content=\"Blog auto Carid\u00e9al\" \/>\n<meta property=\"article:publisher\" content=\"https:\/\/www.facebook.com\/Carideal.mandataire.automobile\" \/>\n<meta property=\"article:author\" content=\"https:\/\/www.facebook.com\/Carideal.mandataire.automobile\/\" \/>\n<meta property=\"article:published_time\" content=\"2009-11-14T14:57:00+00:00\" \/>\n<meta property=\"article:modified_time\" content=\"2016-10-15T15:41:12+00:00\" \/>\n<meta property=\"og:image\" content=\"https:\/\/www.carideal.com\/blog\/wp-content\/uploads\/2016\/03\/logo-carideal-mandataire-automobile.png\" \/>\n\t<meta property=\"og:image:width\" content=\"300\" \/>\n\t<meta property=\"og:image:height\" content=\"300\" \/>\n\t<meta property=\"og:image:type\" content=\"image\/png\" \/>\n<meta name=\"author\" content=\"N.S Carideal\" \/>\n<meta name=\"twitter:card\" content=\"summary_large_image\" \/>\n<meta name=\"twitter:creator\" content=\"@caridealauto\" \/>\n<meta name=\"twitter:site\" content=\"@caridealauto\" \/>\n<meta name=\"twitter:label1\" content=\"\u00c9crit par\" \/>\n\t<meta name=\"twitter:data1\" content=\"N.S Carideal\" \/>\n\t<meta name=\"twitter:label2\" content=\"Dur\u00e9e de lecture estim\u00e9e\" \/>\n\t<meta name=\"twitter:data2\" content=\"1 minute\" \/>\n<script type=\"application\/ld+json\" class=\"yoast-schema-graph\">{\"@context\":\"https:\/\/schema.org\",\"@graph\":[{\"@type\":\"Article\",\"@id\":\"https:\/\/www.carideal.com\/blog\/2009\/11\/14\/mg-mg6\/#article\",\"isPartOf\":{\"@id\":\"https:\/\/www.carideal.com\/blog\/2009\/11\/14\/mg-mg6\/\"},\"author\":{\"name\":\"N.S Carideal\",\"@id\":\"https:\/\/www.carideal.com\/blog\/#\/schema\/person\/985c7e757d1042d647f21bfaf8d41ebc\"},\"headline\":\"MG6 pr\u00e9sentation de la nouvelle MG\",\"datePublished\":\"2009-11-14T14:57:00+00:00\",\"dateModified\":\"2016-10-15T15:41:12+00:00\",\"mainEntityOfPage\":{\"@id\":\"https:\/\/www.carideal.com\/blog\/2009\/11\/14\/mg-mg6\/\"},\"wordCount\":195,\"commentCount\":0,\"publisher\":{\"@id\":\"https:\/\/www.carideal.com\/blog\/#organization\"},\"articleSection\":[\"March\u00e9 automobile\"],\"inLanguage\":\"fr-FR\",\"potentialAction\":[{\"@type\":\"CommentAction\",\"name\":\"Comment\",\"target\":[\"https:\/\/www.carideal.com\/blog\/2009\/11\/14\/mg-mg6\/#respond\"]}]},{\"@type\":\"WebPage\",\"@id\":\"https:\/\/www.carideal.com\/blog\/2009\/11\/14\/mg-mg6\/\",\"url\":\"https:\/\/www.carideal.com\/blog\/2009\/11\/14\/mg-mg6\/\",\"name\":\"MG6 pr\u00e9sentation de la nouvelle MG - Blog auto Carid\u00e9al\",\"isPartOf\":{\"@id\":\"https:\/\/www.carideal.com\/blog\/#website\"},\"datePublished\":\"2009-11-14T14:57:00+00:00\",\"dateModified\":\"2016-10-15T15:41:12+00:00\",\"breadcrumb\":{\"@id\":\"https:\/\/www.carideal.com\/blog\/2009\/11\/14\/mg-mg6\/#breadcrumb\"},\"inLanguage\":\"fr-FR\",\"potentialAction\":[{\"@type\":\"ReadAction\",\"target\":[\"https:\/\/www.carideal.com\/blog\/2009\/11\/14\/mg-mg6\/\"]}]},{\"@type\":\"BreadcrumbList\",\"@id\":\"https:\/\/www.carideal.com\/blog\/2009\/11\/14\/mg-mg6\/#breadcrumb\",\"itemListElement\":[{\"@type\":\"ListItem\",\"position\":1,\"name\":\"Blog Carid\u00e9al\",\"item\":\"https:\/\/www.carideal.com\/blog\/\"},{\"@type\":\"ListItem\",\"position\":2,\"name\":\"March\u00e9 automobile\",\"item\":\"https:\/\/www.carideal.com\/blog\/marche-automobile-voiture-neuve-occasion-4x4-suv\/\"},{\"@type\":\"ListItem\",\"position\":3,\"name\":\"MG6 pr\u00e9sentation de la nouvelle MG\"}]},{\"@type\":\"WebSite\",\"@id\":\"https:\/\/www.carideal.com\/blog\/#website\",\"url\":\"https:\/\/www.carideal.com\/blog\/\",\"name\":\"Blog auto Carid\u00e9al\",\"description\":\"Actualit\u00e9 auto par des passionn\u00e9s\",\"publisher\":{\"@id\":\"https:\/\/www.carideal.com\/blog\/#organization\"},\"potentialAction\":[{\"@type\":\"SearchAction\",\"target\":{\"@type\":\"EntryPoint\",\"urlTemplate\":\"https:\/\/www.carideal.com\/blog\/?s={search_term_string}\"},\"query-input\":{\"@type\":\"PropertyValueSpecification\",\"valueRequired\":true,\"valueName\":\"search_term_string\"}}],\"inLanguage\":\"fr-FR\"},{\"@type\":\"Organization\",\"@id\":\"https:\/\/www.carideal.com\/blog\/#organization\",\"name\":\"Carideal\",\"url\":\"https:\/\/www.carideal.com\/blog\/\",\"logo\":{\"@type\":\"ImageObject\",\"inLanguage\":\"fr-FR\",\"@id\":\"https:\/\/www.carideal.com\/blog\/#\/schema\/logo\/image\/\",\"url\":\"http:\/\/www.carideal.com\/blog\/wp-content\/uploads\/2016\/03\/logo-carideal-mandataire-automobile.png\",\"contentUrl\":\"http:\/\/www.carideal.com\/blog\/wp-content\/uploads\/2016\/03\/logo-carideal-mandataire-automobile.png\",\"width\":300,\"height\":300,\"caption\":\"Carideal\"},\"image\":{\"@id\":\"https:\/\/www.carideal.com\/blog\/#\/schema\/logo\/image\/\"},\"sameAs\":[\"https:\/\/www.facebook.com\/Carideal.mandataire.automobile\",\"https:\/\/x.com\/caridealauto\",\"https:\/\/www.instagram.com\/carideal1\/\",\"https:\/\/www.linkedin.com\/company\/carideal.com\",\"https:\/\/fr.pinterest.com\/schiavonsas\/\",\"https:\/\/www.youtube.com\/user\/caridealsas\"]},{\"@type\":\"Person\",\"@id\":\"https:\/\/www.carideal.com\/blog\/#\/schema\/person\/985c7e757d1042d647f21bfaf8d41ebc\",\"name\":\"N.S Carideal\",\"image\":{\"@type\":\"ImageObject\",\"inLanguage\":\"fr-FR\",\"@id\":\"https:\/\/www.carideal.com\/blog\/#\/schema\/person\/image\/\",\"url\":\"https:\/\/secure.gravatar.com\/avatar\/edb7ccdf1a4e3d14aef967760d354d0e?s=96&r=g\",\"contentUrl\":\"https:\/\/secure.gravatar.com\/avatar\/edb7ccdf1a4e3d14aef967760d354d0e?s=96&r=g\",\"caption\":\"N.S Carideal\"},\"description\":\"Depuis tout petit fan d'automobile. Il est question d'essayer et de comparer toutes ces voitures qui nous ont fait r\u00e9ver, avant que celles-ci ne devient uniquement des voitures de collection.\",\"sameAs\":[\"http:\/\/www.carideal.com\/blog\",\"https:\/\/www.facebook.com\/Carideal.mandataire.automobile\/\",\"https:\/\/www.linkedin.com\/in\/nschiavon\/\",\"https:\/\/www.youtube.com\/user\/caridealsas\/\"],\"url\":\"https:\/\/www.carideal.com\/blog\/author\/admin_carideal\/\"}]}<\/script>\n<!-- \/ Yoast SEO plugin. -->","yoast_head_json":{"title":"MG6 pr\u00e9sentation de la nouvelle MG - Blog auto Carid\u00e9al","robots":{"index":"index","follow":"follow","max-snippet":"max-snippet:-1","max-image-preview":"max-image-preview:large","max-video-preview":"max-video-preview:-1"},"canonical":"https:\/\/www.carideal.com\/blog\/2009\/11\/14\/mg-mg6\/","og_locale":"fr_FR","og_type":"article","og_title":"MG6 pr\u00e9sentation de la nouvelle MG - Blog auto Carid\u00e9al","og_description":"MG6 le nouvelle MG apr\u00e8s le rachat par le groupe chinois SAIC La marque Anglaise MG a \u00e9t\u00e9 rachet\u00e9 par le groupe Chinois SAIC et annonce un nouveau mod\u00e8le au salon de Guanzhou, dans le sud du pays \u00e0 la fin du mois. La MG6 a d'abod \u00e9t\u00e9 d\u00e9voil\u00e9e sous forme de concept en d\u00e9but ... Lire plus","og_url":"https:\/\/www.carideal.com\/blog\/2009\/11\/14\/mg-mg6\/","og_site_name":"Blog auto Carid\u00e9al","article_publisher":"https:\/\/www.facebook.com\/Carideal.mandataire.automobile","article_author":"https:\/\/www.facebook.com\/Carideal.mandataire.automobile\/","article_published_time":"2009-11-14T14:57:00+00:00","article_modified_time":"2016-10-15T15:41:12+00:00","og_image":[{"width":300,"height":300,"url":"https:\/\/www.carideal.com\/blog\/wp-content\/uploads\/2016\/03\/logo-carideal-mandataire-automobile.png","type":"image\/png"}],"author":"N.S Carideal","twitter_card":"summary_large_image","twitter_creator":"@caridealauto","twitter_site":"@caridealauto","twitter_misc":{"\u00c9crit par":"N.S Carideal","Dur\u00e9e de lecture estim\u00e9e":"1 minute"},"schema":{"@context":"https:\/\/schema.org","@graph":[{"@type":"Article","@id":"https:\/\/www.carideal.com\/blog\/2009\/11\/14\/mg-mg6\/#article","isPartOf":{"@id":"https:\/\/www.carideal.com\/blog\/2009\/11\/14\/mg-mg6\/"},"author":{"name":"N.S Carideal","@id":"https:\/\/www.carideal.com\/blog\/#\/schema\/person\/985c7e757d1042d647f21bfaf8d41ebc"},"headline":"MG6 pr\u00e9sentation de la nouvelle MG","datePublished":"2009-11-14T14:57:00+00:00","dateModified":"2016-10-15T15:41:12+00:00","mainEntityOfPage":{"@id":"https:\/\/www.carideal.com\/blog\/2009\/11\/14\/mg-mg6\/"},"wordCount":195,"commentCount":0,"publisher":{"@id":"https:\/\/www.carideal.com\/blog\/#organization"},"articleSection":["March\u00e9 automobile"],"inLanguage":"fr-FR","potentialAction":[{"@type":"CommentAction","name":"Comment","target":["https:\/\/www.carideal.com\/blog\/2009\/11\/14\/mg-mg6\/#respond"]}]},{"@type":"WebPage","@id":"https:\/\/www.carideal.com\/blog\/2009\/11\/14\/mg-mg6\/","url":"https:\/\/www.carideal.com\/blog\/2009\/11\/14\/mg-mg6\/","name":"MG6 pr\u00e9sentation de la nouvelle MG - Blog auto Carid\u00e9al","isPartOf":{"@id":"https:\/\/www.carideal.com\/blog\/#website"},"datePublished":"2009-11-14T14:57:00+00:00","dateModified":"2016-10-15T15:41:12+00:00","breadcrumb":{"@id":"https:\/\/www.carideal.com\/blog\/2009\/11\/14\/mg-mg6\/#breadcrumb"},"inLanguage":"fr-FR","potentialAction":[{"@type":"ReadAction","target":["https:\/\/www.carideal.com\/blog\/2009\/11\/14\/mg-mg6\/"]}]},{"@type":"BreadcrumbList","@id":"https:\/\/www.carideal.com\/blog\/2009\/11\/14\/mg-mg6\/#breadcrumb","itemListElement":[{"@type":"ListItem","position":1,"name":"Blog Carid\u00e9al","item":"https:\/\/www.carideal.com\/blog\/"},{"@type":"ListItem","position":2,"name":"March\u00e9 automobile","item":"https:\/\/www.carideal.com\/blog\/marche-automobile-voiture-neuve-occasion-4x4-suv\/"},{"@type":"ListItem","position":3,"name":"MG6 pr\u00e9sentation de la nouvelle MG"}]},{"@type":"WebSite","@id":"https:\/\/www.carideal.com\/blog\/#website","url":"https:\/\/www.carideal.com\/blog\/","name":"Blog auto Carid\u00e9al","description":"Actualit\u00e9 auto par des passionn\u00e9s","publisher":{"@id":"https:\/\/www.carideal.com\/blog\/#organization"},"potentialAction":[{"@type":"SearchAction","target":{"@type":"EntryPoint","urlTemplate":"https:\/\/www.carideal.com\/blog\/?s={search_term_string}"},"query-input":{"@type":"PropertyValueSpecification","valueRequired":true,"valueName":"search_term_string"}}],"inLanguage":"fr-FR"},{"@type":"Organization","@id":"https:\/\/www.carideal.com\/blog\/#organization","name":"Carideal","url":"https:\/\/www.carideal.com\/blog\/","logo":{"@type":"ImageObject","inLanguage":"fr-FR","@id":"https:\/\/www.carideal.com\/blog\/#\/schema\/logo\/image\/","url":"http:\/\/www.carideal.com\/blog\/wp-content\/uploads\/2016\/03\/logo-carideal-mandataire-automobile.png","contentUrl":"http:\/\/www.carideal.com\/blog\/wp-content\/uploads\/2016\/03\/logo-carideal-mandataire-automobile.png","width":300,"height":300,"caption":"Carideal"},"image":{"@id":"https:\/\/www.carideal.com\/blog\/#\/schema\/logo\/image\/"},"sameAs":["https:\/\/www.facebook.com\/Carideal.mandataire.automobile","https:\/\/x.com\/caridealauto","https:\/\/www.instagram.com\/carideal1\/","https:\/\/www.linkedin.com\/company\/carideal.com","https:\/\/fr.pinterest.com\/schiavonsas\/","https:\/\/www.youtube.com\/user\/caridealsas"]},{"@type":"Person","@id":"https:\/\/www.carideal.com\/blog\/#\/schema\/person\/985c7e757d1042d647f21bfaf8d41ebc","name":"N.S Carideal","image":{"@type":"ImageObject","inLanguage":"fr-FR","@id":"https:\/\/www.carideal.com\/blog\/#\/schema\/person\/image\/","url":"https:\/\/secure.gravatar.com\/avatar\/edb7ccdf1a4e3d14aef967760d354d0e?s=96&r=g","contentUrl":"https:\/\/secure.gravatar.com\/avatar\/edb7ccdf1a4e3d14aef967760d354d0e?s=96&r=g","caption":"N.S Carideal"},"description":"Depuis tout petit fan d'automobile. Il est question d'essayer et de comparer toutes ces voitures qui nous ont fait r\u00e9ver, avant que celles-ci ne devient uniquement des voitures de collection.","sameAs":["http:\/\/www.carideal.com\/blog","https:\/\/www.facebook.com\/Carideal.mandataire.automobile\/","https:\/\/www.linkedin.com\/in\/nschiavon\/","https:\/\/www.youtube.com\/user\/caridealsas\/"],"url":"https:\/\/www.carideal.com\/blog\/author\/admin_carideal\/"}]}},"uagb_featured_image_src":{"full":false,"thumbnail":false,"medium":false,"medium_large":false,"large":false,"1536x1536":false,"2048x2048":false,"wppr-widget":false},"uagb_author_info":{"display_name":"N.S Carideal","author_link":"https:\/\/www.carideal.com\/blog\/author\/admin_carideal\/"},"uagb_comment_info":0,"uagb_excerpt":"MG6 le nouvelle MG apr\u00e8s le rachat par le groupe chinois SAIC La marque Anglaise MG a \u00e9t\u00e9 rachet\u00e9 par le groupe Chinois SAIC et annonce un nouveau mod\u00e8le au salon de Guanzhou, dans le sud du pays \u00e0 la fin du mois. La MG6 a d'abod \u00e9t\u00e9 d\u00e9voil\u00e9e sous forme de concept en d\u00e9but\u2026","_links":{"self":[{"href":"https:\/\/www.carideal.com\/blog\/wp-json\/wp\/v2\/posts\/720"}],"collection":[{"href":"https:\/\/www.carideal.com\/blog\/wp-json\/wp\/v2\/posts"}],"about":[{"href":"https:\/\/www.carideal.com\/blog\/wp-json\/wp\/v2\/types\/post"}],"author":[{"embeddable":true,"href":"https:\/\/www.carideal.com\/blog\/wp-json\/wp\/v2\/users\/1"}],"replies":[{"embeddable":true,"href":"https:\/\/www.carideal.com\/blog\/wp-json\/wp\/v2\/comments?post=720"}],"version-history":[{"count":0,"href":"https:\/\/www.carideal.com\/blog\/wp-json\/wp\/v2\/posts\/720\/revisions"}],"wp:attachment":[{"href":"https:\/\/www.carideal.com\/blog\/wp-json\/wp\/v2\/media?parent=720"}],"wp:term":[{"taxonomy":"category","embeddable":true,"href":"https:\/\/www.carideal.com\/blog\/wp-json\/wp\/v2\/categories?post=720"},{"taxonomy":"post_tag","embeddable":true,"href":"https:\/\/www.carideal.com\/blog\/wp-json\/wp\/v2\/tags?post=720"}],"curies":[{"name":"wp","href":"https:\/\/api.w.org\/{rel}","templated":true}]}}