{"id":717,"date":"2009-10-24T16:20:00","date_gmt":"2009-10-24T16:20:00","guid":{"rendered":"http:\/\/carideal.com\/blog\/?p=717"},"modified":"2019-09-24T10:13:22","modified_gmt":"2019-09-24T08:13:22","slug":"mercedes-slr-hamann-volcano","status":"publish","type":"post","link":"https:\/\/www.carideal.com\/blog\/2009\/10\/24\/mercedes-slr-hamann-volcano\/","title":{"rendered":"Mercedes McLaren SLR Hamann Volcano"},"content":{"rendered":"<h2>Mercedes McLaren SLR Hamann Volcano<\/h2>\n<p>Je ne peux pas passer \u00e0 c\u00f4t\u00e9 de la pr\u00e9sentation de ce magnifique mod\u00e8le du pr\u00e9parateur Hamann, plein de d\u00e9mesure, et radicale. Hamann a modifi\u00e9 le moteur de cette Volcano sur base de Mercedes SLR. Le moteur a subi une l\u00e9g\u00e8re pr\u00e9paration\u00a0: Le V8 de l'allemande passe de 626 ch \u00e0 700 chevaux et 830 Nm de couple, gr\u00e2ce \u00e0 la reprogrammation de la carte moteur et \u00e0 un nouvel \u00e9chappement\u202f; Le 0 \u00e0 100 km\/h est liquid\u00e9 en 3.6 secondes.<\/p>\n<figure id=\"attachment_19858\" aria-describedby=\"caption-attachment-19858\" style=\"width: 590px\" class=\"wp-caption alignnone\"><img loading=\"lazy\" decoding=\"async\" class=\"wp-image-19858 size-full\" title=\"Mercedes McLaren SLR Hamann Volcano\" src=\"http:\/\/www.carideal.com\/blog\/wp-content\/uploads\/2009\/10\/hamannmercedesbenzslrvolcano2008carideal-1256399957-e1569311937551.jpg\" alt=\"Mercedes McLaren SLR Hamann Volcano\" width=\"600\" height=\"450\" \/><figcaption id=\"caption-attachment-19858\" class=\"wp-caption-text\">Mercedes McLaren SLR Hamann Volcano<\/figcaption><\/figure>\n<p>Supersizing une supercar - Le tuner allemand <a href=\"https:\/\/www.hamann-motorsport.com\/en\/\">Hamann-Motorsport<\/a> a transform\u00e9 la Mercedes McLaren SLR en un v\u00e9ritable volcan.<br \/>\nQuel est le couple d'une \u00e9ruption volcanique\u202f? Eh bien, il faut en effet beaucoup de vapeur pour faire fondre les roches et pousser la lave \u00e0 travers la cro\u00fbte terrestre, et Hamann-Motorsport r\u00e9ussit \u00e0 rivaliser avec son propre volcan.<\/p>\n<p>La Hamann Volcano est une version surdimensionn\u00e9e de ce qui est d\u00e9j\u00e0 l'une des supercars les plus renomm\u00e9es au monde - la Mercedes McClaren SLR. Les techniciens Hamann ont pu am\u00e9liorer le V8 de 5,4 litres, 626 ch, 780 Nm de <a href=\"http:\/\/www.carideal.com\/blog\/marque-de-voiture-actualites-essais\/mercedes\/\">Mercedes Benz<\/a> et porter ses performances \u00e0 700 ch et \u00e0 830 Nm de couple \u00e0 3 300 tr\/min\u202f; donnant \u00e0 la Hamann un temps de 0 \u00e0 100 km\/h de seulement 3,6 secondes.<\/p>\n<p>Cependant, les performances sont \u00e9galement am\u00e9lior\u00e9es par l'a\u00e9rodynamisme, avec l'ajout de nouvelles extensions d'ailes r\u00e9duisant la portance \u00e0 l'avant et \u00e0 l'arri\u00e8re, ainsi que de nouvelles fixations et rev\u00eatements de jupe lat\u00e9rale.<\/p>\n<p>Les int\u00e9rieurs b\u00e9n\u00e9ficient \u00e9galement d'un autre luxe luxueux. Il comprend des p\u00e9dales en aluminium, des repose-pieds, des appuis de porte, des appuie-t\u00eate et des si\u00e8ges avec le logo Hamann ainsi que l'utilisation du mat\u00e9riau de qualit\u00e9 sup\u00e9rieure Alcantara pour les \u00e9l\u00e9ments personnalis\u00e9s de la console centrale et du tableau de bord.<\/p>\n<p>Aucun d\u00e9tail sur les prix n'a \u00e9t\u00e9 publi\u00e9.<\/p>\n<p><iframe loading=\"lazy\" src=\"https:\/\/www.youtube.com\/embed\/S_0Hl12Qy4g\" width=\"560\" height=\"315\" frameborder=\"0\" allowfullscreen=\"allowfullscreen\"><\/iframe><\/p>\n","protected":false},"excerpt":{"rendered":"<p>Mercedes McLaren SLR Hamann Volcano Je ne peux pas passer \u00e0 c\u00f4t\u00e9 de la pr\u00e9sentation de ce magnifique mod\u00e8le du pr\u00e9parateur Hamann, plein de d\u00e9mesure, et radicale. Hamann a modifi\u00e9 le moteur de cette Volcano sur base de Mercedes SLR. Le moteur a subi une l\u00e9g\u00e8re pr\u00e9paration\u00a0: Le V8 de l&rsquo;allemande passe de 626 ch &#8230; <a title=\"Mercedes McLaren SLR Hamann Volcano\" class=\"read-more\" href=\"https:\/\/www.carideal.com\/blog\/2009\/10\/24\/mercedes-slr-hamann-volcano\/\" aria-label=\"En savoir plus sur Mercedes McLaren SLR Hamann Volcano\">Lire plus<\/a><\/p>\n","protected":false},"author":1,"featured_media":19858,"comment_status":"open","ping_status":"open","sticky":false,"template":"","format":"standard","meta":{"_uag_custom_page_level_css":"","_themeisle_gutenberg_block_has_review":false,"footnotes":""},"categories":[5995,6000],"tags":[],"class_list":["post-717","post","type-post","status-publish","format-standard","has-post-thumbnail","hentry","category-mercedes","category-supercar"],"wppr_data":{"cwp_meta_box_check":"No"},"yoast_head":"<!-- This site is optimized with the Yoast SEO plugin v24.8.1 - https:\/\/yoast.com\/wordpress\/plugins\/seo\/ -->\n<title>Mercedes McLaren SLR Hamann Volcano - Blog auto Carid\u00e9al<\/title>\n<meta name=\"description\" content=\"Retravailler une supercar - Le tuner allemand Hamann-Motorsport a transform\u00e9 la Mercedes McLaren SLR Volcano en un v\u00e9ritable volcan.\" \/>\n<meta name=\"robots\" content=\"index, follow, max-snippet:-1, max-image-preview:large, max-video-preview:-1\" \/>\n<link rel=\"canonical\" href=\"https:\/\/www.carideal.com\/blog\/2009\/10\/24\/mercedes-slr-hamann-volcano\/\" \/>\n<meta property=\"og:locale\" content=\"fr_FR\" \/>\n<meta property=\"og:type\" content=\"article\" \/>\n<meta property=\"og:title\" content=\"Mercedes McLaren SLR Hamann Volcano - Blog auto Carid\u00e9al\" \/>\n<meta property=\"og:description\" content=\"Retravailler une supercar - Le tuner allemand Hamann-Motorsport a transform\u00e9 la Mercedes McLaren SLR Volcano en un v\u00e9ritable volcan.\" \/>\n<meta property=\"og:url\" content=\"https:\/\/www.carideal.com\/blog\/2009\/10\/24\/mercedes-slr-hamann-volcano\/\" \/>\n<meta property=\"og:site_name\" content=\"Blog auto Carid\u00e9al\" \/>\n<meta property=\"article:publisher\" content=\"https:\/\/www.facebook.com\/Carideal.mandataire.automobile\" \/>\n<meta property=\"article:author\" content=\"https:\/\/www.facebook.com\/Carideal.mandataire.automobile\/\" \/>\n<meta property=\"article:published_time\" content=\"2009-10-24T16:20:00+00:00\" \/>\n<meta property=\"article:modified_time\" content=\"2019-09-24T08:13:22+00:00\" \/>\n<meta property=\"og:image\" content=\"https:\/\/www.carideal.com\/blog\/wp-content\/uploads\/2009\/10\/hamannmercedesbenzslrvolcano2008carideal-1256399957-e1569311937551.jpg\" \/>\n\t<meta property=\"og:image:width\" content=\"600\" \/>\n\t<meta property=\"og:image:height\" content=\"450\" \/>\n\t<meta property=\"og:image:type\" content=\"image\/jpeg\" \/>\n<meta name=\"author\" content=\"N.S Carideal\" \/>\n<meta name=\"twitter:card\" content=\"summary_large_image\" \/>\n<meta name=\"twitter:creator\" content=\"@caridealauto\" \/>\n<meta name=\"twitter:site\" content=\"@caridealauto\" \/>\n<meta name=\"twitter:label1\" content=\"\u00c9crit par\" \/>\n\t<meta name=\"twitter:data1\" content=\"N.S Carideal\" \/>\n\t<meta name=\"twitter:label2\" content=\"Dur\u00e9e de lecture estim\u00e9e\" \/>\n\t<meta name=\"twitter:data2\" content=\"2 minutes\" \/>\n<script type=\"application\/ld+json\" class=\"yoast-schema-graph\">{\"@context\":\"https:\/\/schema.org\",\"@graph\":[{\"@type\":\"Article\",\"@id\":\"https:\/\/www.carideal.com\/blog\/2009\/10\/24\/mercedes-slr-hamann-volcano\/#article\",\"isPartOf\":{\"@id\":\"https:\/\/www.carideal.com\/blog\/2009\/10\/24\/mercedes-slr-hamann-volcano\/\"},\"author\":{\"name\":\"N.S Carideal\",\"@id\":\"https:\/\/www.carideal.com\/blog\/#\/schema\/person\/985c7e757d1042d647f21bfaf8d41ebc\"},\"headline\":\"Mercedes McLaren SLR Hamann Volcano\",\"datePublished\":\"2009-10-24T16:20:00+00:00\",\"dateModified\":\"2019-09-24T08:13:22+00:00\",\"mainEntityOfPage\":{\"@id\":\"https:\/\/www.carideal.com\/blog\/2009\/10\/24\/mercedes-slr-hamann-volcano\/\"},\"wordCount\":333,\"commentCount\":0,\"publisher\":{\"@id\":\"https:\/\/www.carideal.com\/blog\/#organization\"},\"image\":{\"@id\":\"https:\/\/www.carideal.com\/blog\/2009\/10\/24\/mercedes-slr-hamann-volcano\/#primaryimage\"},\"thumbnailUrl\":\"https:\/\/www.carideal.com\/blog\/wp-content\/uploads\/2009\/10\/hamannmercedesbenzslrvolcano2008carideal-1256399957-e1569311937551.jpg\",\"articleSection\":[\"Actualit\u00e9 Mercedes\",\"Supercar\"],\"inLanguage\":\"fr-FR\",\"potentialAction\":[{\"@type\":\"CommentAction\",\"name\":\"Comment\",\"target\":[\"https:\/\/www.carideal.com\/blog\/2009\/10\/24\/mercedes-slr-hamann-volcano\/#respond\"]}]},{\"@type\":\"WebPage\",\"@id\":\"https:\/\/www.carideal.com\/blog\/2009\/10\/24\/mercedes-slr-hamann-volcano\/\",\"url\":\"https:\/\/www.carideal.com\/blog\/2009\/10\/24\/mercedes-slr-hamann-volcano\/\",\"name\":\"Mercedes McLaren SLR Hamann Volcano - Blog auto Carid\u00e9al\",\"isPartOf\":{\"@id\":\"https:\/\/www.carideal.com\/blog\/#website\"},\"primaryImageOfPage\":{\"@id\":\"https:\/\/www.carideal.com\/blog\/2009\/10\/24\/mercedes-slr-hamann-volcano\/#primaryimage\"},\"image\":{\"@id\":\"https:\/\/www.carideal.com\/blog\/2009\/10\/24\/mercedes-slr-hamann-volcano\/#primaryimage\"},\"thumbnailUrl\":\"https:\/\/www.carideal.com\/blog\/wp-content\/uploads\/2009\/10\/hamannmercedesbenzslrvolcano2008carideal-1256399957-e1569311937551.jpg\",\"datePublished\":\"2009-10-24T16:20:00+00:00\",\"dateModified\":\"2019-09-24T08:13:22+00:00\",\"description\":\"Retravailler une supercar - Le tuner allemand Hamann-Motorsport a transform\u00e9 la Mercedes McLaren SLR Volcano en un v\u00e9ritable volcan.\",\"breadcrumb\":{\"@id\":\"https:\/\/www.carideal.com\/blog\/2009\/10\/24\/mercedes-slr-hamann-volcano\/#breadcrumb\"},\"inLanguage\":\"fr-FR\",\"potentialAction\":[{\"@type\":\"ReadAction\",\"target\":[\"https:\/\/www.carideal.com\/blog\/2009\/10\/24\/mercedes-slr-hamann-volcano\/\"]}]},{\"@type\":\"ImageObject\",\"inLanguage\":\"fr-FR\",\"@id\":\"https:\/\/www.carideal.com\/blog\/2009\/10\/24\/mercedes-slr-hamann-volcano\/#primaryimage\",\"url\":\"https:\/\/www.carideal.com\/blog\/wp-content\/uploads\/2009\/10\/hamannmercedesbenzslrvolcano2008carideal-1256399957-e1569311937551.jpg\",\"contentUrl\":\"https:\/\/www.carideal.com\/blog\/wp-content\/uploads\/2009\/10\/hamannmercedesbenzslrvolcano2008carideal-1256399957-e1569311937551.jpg\",\"width\":600,\"height\":450,\"caption\":\"Mercedes McLaren SLR Hamann Volcano\"},{\"@type\":\"BreadcrumbList\",\"@id\":\"https:\/\/www.carideal.com\/blog\/2009\/10\/24\/mercedes-slr-hamann-volcano\/#breadcrumb\",\"itemListElement\":[{\"@type\":\"ListItem\",\"position\":1,\"name\":\"Blog Carid\u00e9al\",\"item\":\"https:\/\/www.carideal.com\/blog\/\"},{\"@type\":\"ListItem\",\"position\":2,\"name\":\"Actualit\u00e9 constructeur automobile\",\"item\":\"https:\/\/www.carideal.com\/blog\/constructeur\/\"},{\"@type\":\"ListItem\",\"position\":3,\"name\":\"Actualit\u00e9 Mercedes\",\"item\":\"https:\/\/www.carideal.com\/blog\/constructeur\/mercedes\/\"},{\"@type\":\"ListItem\",\"position\":4,\"name\":\"Mercedes McLaren SLR Hamann Volcano\"}]},{\"@type\":\"WebSite\",\"@id\":\"https:\/\/www.carideal.com\/blog\/#website\",\"url\":\"https:\/\/www.carideal.com\/blog\/\",\"name\":\"Blog auto Carid\u00e9al\",\"description\":\"Actualit\u00e9 auto par des passionn\u00e9s\",\"publisher\":{\"@id\":\"https:\/\/www.carideal.com\/blog\/#organization\"},\"potentialAction\":[{\"@type\":\"SearchAction\",\"target\":{\"@type\":\"EntryPoint\",\"urlTemplate\":\"https:\/\/www.carideal.com\/blog\/?s={search_term_string}\"},\"query-input\":{\"@type\":\"PropertyValueSpecification\",\"valueRequired\":true,\"valueName\":\"search_term_string\"}}],\"inLanguage\":\"fr-FR\"},{\"@type\":\"Organization\",\"@id\":\"https:\/\/www.carideal.com\/blog\/#organization\",\"name\":\"Carideal\",\"url\":\"https:\/\/www.carideal.com\/blog\/\",\"logo\":{\"@type\":\"ImageObject\",\"inLanguage\":\"fr-FR\",\"@id\":\"https:\/\/www.carideal.com\/blog\/#\/schema\/logo\/image\/\",\"url\":\"http:\/\/www.carideal.com\/blog\/wp-content\/uploads\/2016\/03\/logo-carideal-mandataire-automobile.png\",\"contentUrl\":\"http:\/\/www.carideal.com\/blog\/wp-content\/uploads\/2016\/03\/logo-carideal-mandataire-automobile.png\",\"width\":300,\"height\":300,\"caption\":\"Carideal\"},\"image\":{\"@id\":\"https:\/\/www.carideal.com\/blog\/#\/schema\/logo\/image\/\"},\"sameAs\":[\"https:\/\/www.facebook.com\/Carideal.mandataire.automobile\",\"https:\/\/x.com\/caridealauto\",\"https:\/\/www.instagram.com\/carideal1\/\",\"https:\/\/www.linkedin.com\/company\/carideal.com\",\"https:\/\/fr.pinterest.com\/schiavonsas\/\",\"https:\/\/www.youtube.com\/user\/caridealsas\"]},{\"@type\":\"Person\",\"@id\":\"https:\/\/www.carideal.com\/blog\/#\/schema\/person\/985c7e757d1042d647f21bfaf8d41ebc\",\"name\":\"N.S Carideal\",\"image\":{\"@type\":\"ImageObject\",\"inLanguage\":\"fr-FR\",\"@id\":\"https:\/\/www.carideal.com\/blog\/#\/schema\/person\/image\/\",\"url\":\"https:\/\/secure.gravatar.com\/avatar\/edb7ccdf1a4e3d14aef967760d354d0e?s=96&r=g\",\"contentUrl\":\"https:\/\/secure.gravatar.com\/avatar\/edb7ccdf1a4e3d14aef967760d354d0e?s=96&r=g\",\"caption\":\"N.S Carideal\"},\"description\":\"Depuis tout petit fan d'automobile. Il est question d'essayer et de comparer toutes ces voitures qui nous ont fait r\u00e9ver, avant que celles-ci ne devient uniquement des voitures de collection.\",\"sameAs\":[\"http:\/\/www.carideal.com\/blog\",\"https:\/\/www.facebook.com\/Carideal.mandataire.automobile\/\",\"https:\/\/www.linkedin.com\/in\/nschiavon\/\",\"https:\/\/www.youtube.com\/user\/caridealsas\/\"],\"url\":\"https:\/\/www.carideal.com\/blog\/author\/admin_carideal\/\"}]}<\/script>\n<!-- \/ Yoast SEO plugin. -->","yoast_head_json":{"title":"Mercedes McLaren SLR Hamann Volcano - Blog auto Carid\u00e9al","description":"Retravailler une supercar - Le tuner allemand Hamann-Motorsport a transform\u00e9 la Mercedes McLaren SLR Volcano en un v\u00e9ritable volcan.","robots":{"index":"index","follow":"follow","max-snippet":"max-snippet:-1","max-image-preview":"max-image-preview:large","max-video-preview":"max-video-preview:-1"},"canonical":"https:\/\/www.carideal.com\/blog\/2009\/10\/24\/mercedes-slr-hamann-volcano\/","og_locale":"fr_FR","og_type":"article","og_title":"Mercedes McLaren SLR Hamann Volcano - Blog auto Carid\u00e9al","og_description":"Retravailler une supercar - Le tuner allemand Hamann-Motorsport a transform\u00e9 la Mercedes McLaren SLR Volcano en un v\u00e9ritable volcan.","og_url":"https:\/\/www.carideal.com\/blog\/2009\/10\/24\/mercedes-slr-hamann-volcano\/","og_site_name":"Blog auto Carid\u00e9al","article_publisher":"https:\/\/www.facebook.com\/Carideal.mandataire.automobile","article_author":"https:\/\/www.facebook.com\/Carideal.mandataire.automobile\/","article_published_time":"2009-10-24T16:20:00+00:00","article_modified_time":"2019-09-24T08:13:22+00:00","og_image":[{"width":600,"height":450,"url":"https:\/\/www.carideal.com\/blog\/wp-content\/uploads\/2009\/10\/hamannmercedesbenzslrvolcano2008carideal-1256399957-e1569311937551.jpg","type":"image\/jpeg"}],"author":"N.S Carideal","twitter_card":"summary_large_image","twitter_creator":"@caridealauto","twitter_site":"@caridealauto","twitter_misc":{"\u00c9crit par":"N.S Carideal","Dur\u00e9e de lecture estim\u00e9e":"2 minutes"},"schema":{"@context":"https:\/\/schema.org","@graph":[{"@type":"Article","@id":"https:\/\/www.carideal.com\/blog\/2009\/10\/24\/mercedes-slr-hamann-volcano\/#article","isPartOf":{"@id":"https:\/\/www.carideal.com\/blog\/2009\/10\/24\/mercedes-slr-hamann-volcano\/"},"author":{"name":"N.S Carideal","@id":"https:\/\/www.carideal.com\/blog\/#\/schema\/person\/985c7e757d1042d647f21bfaf8d41ebc"},"headline":"Mercedes McLaren SLR Hamann Volcano","datePublished":"2009-10-24T16:20:00+00:00","dateModified":"2019-09-24T08:13:22+00:00","mainEntityOfPage":{"@id":"https:\/\/www.carideal.com\/blog\/2009\/10\/24\/mercedes-slr-hamann-volcano\/"},"wordCount":333,"commentCount":0,"publisher":{"@id":"https:\/\/www.carideal.com\/blog\/#organization"},"image":{"@id":"https:\/\/www.carideal.com\/blog\/2009\/10\/24\/mercedes-slr-hamann-volcano\/#primaryimage"},"thumbnailUrl":"https:\/\/www.carideal.com\/blog\/wp-content\/uploads\/2009\/10\/hamannmercedesbenzslrvolcano2008carideal-1256399957-e1569311937551.jpg","articleSection":["Actualit\u00e9 Mercedes","Supercar"],"inLanguage":"fr-FR","potentialAction":[{"@type":"CommentAction","name":"Comment","target":["https:\/\/www.carideal.com\/blog\/2009\/10\/24\/mercedes-slr-hamann-volcano\/#respond"]}]},{"@type":"WebPage","@id":"https:\/\/www.carideal.com\/blog\/2009\/10\/24\/mercedes-slr-hamann-volcano\/","url":"https:\/\/www.carideal.com\/blog\/2009\/10\/24\/mercedes-slr-hamann-volcano\/","name":"Mercedes McLaren SLR Hamann Volcano - Blog auto Carid\u00e9al","isPartOf":{"@id":"https:\/\/www.carideal.com\/blog\/#website"},"primaryImageOfPage":{"@id":"https:\/\/www.carideal.com\/blog\/2009\/10\/24\/mercedes-slr-hamann-volcano\/#primaryimage"},"image":{"@id":"https:\/\/www.carideal.com\/blog\/2009\/10\/24\/mercedes-slr-hamann-volcano\/#primaryimage"},"thumbnailUrl":"https:\/\/www.carideal.com\/blog\/wp-content\/uploads\/2009\/10\/hamannmercedesbenzslrvolcano2008carideal-1256399957-e1569311937551.jpg","datePublished":"2009-10-24T16:20:00+00:00","dateModified":"2019-09-24T08:13:22+00:00","description":"Retravailler une supercar - Le tuner allemand Hamann-Motorsport a transform\u00e9 la Mercedes McLaren SLR Volcano en un v\u00e9ritable volcan.","breadcrumb":{"@id":"https:\/\/www.carideal.com\/blog\/2009\/10\/24\/mercedes-slr-hamann-volcano\/#breadcrumb"},"inLanguage":"fr-FR","potentialAction":[{"@type":"ReadAction","target":["https:\/\/www.carideal.com\/blog\/2009\/10\/24\/mercedes-slr-hamann-volcano\/"]}]},{"@type":"ImageObject","inLanguage":"fr-FR","@id":"https:\/\/www.carideal.com\/blog\/2009\/10\/24\/mercedes-slr-hamann-volcano\/#primaryimage","url":"https:\/\/www.carideal.com\/blog\/wp-content\/uploads\/2009\/10\/hamannmercedesbenzslrvolcano2008carideal-1256399957-e1569311937551.jpg","contentUrl":"https:\/\/www.carideal.com\/blog\/wp-content\/uploads\/2009\/10\/hamannmercedesbenzslrvolcano2008carideal-1256399957-e1569311937551.jpg","width":600,"height":450,"caption":"Mercedes McLaren SLR Hamann Volcano"},{"@type":"BreadcrumbList","@id":"https:\/\/www.carideal.com\/blog\/2009\/10\/24\/mercedes-slr-hamann-volcano\/#breadcrumb","itemListElement":[{"@type":"ListItem","position":1,"name":"Blog Carid\u00e9al","item":"https:\/\/www.carideal.com\/blog\/"},{"@type":"ListItem","position":2,"name":"Actualit\u00e9 constructeur automobile","item":"https:\/\/www.carideal.com\/blog\/constructeur\/"},{"@type":"ListItem","position":3,"name":"Actualit\u00e9 Mercedes","item":"https:\/\/www.carideal.com\/blog\/constructeur\/mercedes\/"},{"@type":"ListItem","position":4,"name":"Mercedes McLaren SLR Hamann Volcano"}]},{"@type":"WebSite","@id":"https:\/\/www.carideal.com\/blog\/#website","url":"https:\/\/www.carideal.com\/blog\/","name":"Blog auto Carid\u00e9al","description":"Actualit\u00e9 auto par des passionn\u00e9s","publisher":{"@id":"https:\/\/www.carideal.com\/blog\/#organization"},"potentialAction":[{"@type":"SearchAction","target":{"@type":"EntryPoint","urlTemplate":"https:\/\/www.carideal.com\/blog\/?s={search_term_string}"},"query-input":{"@type":"PropertyValueSpecification","valueRequired":true,"valueName":"search_term_string"}}],"inLanguage":"fr-FR"},{"@type":"Organization","@id":"https:\/\/www.carideal.com\/blog\/#organization","name":"Carideal","url":"https:\/\/www.carideal.com\/blog\/","logo":{"@type":"ImageObject","inLanguage":"fr-FR","@id":"https:\/\/www.carideal.com\/blog\/#\/schema\/logo\/image\/","url":"http:\/\/www.carideal.com\/blog\/wp-content\/uploads\/2016\/03\/logo-carideal-mandataire-automobile.png","contentUrl":"http:\/\/www.carideal.com\/blog\/wp-content\/uploads\/2016\/03\/logo-carideal-mandataire-automobile.png","width":300,"height":300,"caption":"Carideal"},"image":{"@id":"https:\/\/www.carideal.com\/blog\/#\/schema\/logo\/image\/"},"sameAs":["https:\/\/www.facebook.com\/Carideal.mandataire.automobile","https:\/\/x.com\/caridealauto","https:\/\/www.instagram.com\/carideal1\/","https:\/\/www.linkedin.com\/company\/carideal.com","https:\/\/fr.pinterest.com\/schiavonsas\/","https:\/\/www.youtube.com\/user\/caridealsas"]},{"@type":"Person","@id":"https:\/\/www.carideal.com\/blog\/#\/schema\/person\/985c7e757d1042d647f21bfaf8d41ebc","name":"N.S Carideal","image":{"@type":"ImageObject","inLanguage":"fr-FR","@id":"https:\/\/www.carideal.com\/blog\/#\/schema\/person\/image\/","url":"https:\/\/secure.gravatar.com\/avatar\/edb7ccdf1a4e3d14aef967760d354d0e?s=96&r=g","contentUrl":"https:\/\/secure.gravatar.com\/avatar\/edb7ccdf1a4e3d14aef967760d354d0e?s=96&r=g","caption":"N.S Carideal"},"description":"Depuis tout petit fan d'automobile. Il est question d'essayer et de comparer toutes ces voitures qui nous ont fait r\u00e9ver, avant que celles-ci ne devient uniquement des voitures de collection.","sameAs":["http:\/\/www.carideal.com\/blog","https:\/\/www.facebook.com\/Carideal.mandataire.automobile\/","https:\/\/www.linkedin.com\/in\/nschiavon\/","https:\/\/www.youtube.com\/user\/caridealsas\/"],"url":"https:\/\/www.carideal.com\/blog\/author\/admin_carideal\/"}]}},"uagb_featured_image_src":{"full":["https:\/\/www.carideal.com\/blog\/wp-content\/uploads\/2009\/10\/hamannmercedesbenzslrvolcano2008carideal-1256399957-e1569311937551.jpg",600,450,false],"thumbnail":["https:\/\/www.carideal.com\/blog\/wp-content\/uploads\/2009\/10\/hamannmercedesbenzslrvolcano2008carideal-1256399957-150x150.jpg",150,150,true],"medium":["https:\/\/www.carideal.com\/blog\/wp-content\/uploads\/2009\/10\/hamannmercedesbenzslrvolcano2008carideal-1256399957-300x225.jpg",300,225,true],"medium_large":["https:\/\/www.carideal.com\/blog\/wp-content\/uploads\/2009\/10\/hamannmercedesbenzslrvolcano2008carideal-1256399957-768x576.jpg",768,576,true],"large":["https:\/\/www.carideal.com\/blog\/wp-content\/uploads\/2009\/10\/hamannmercedesbenzslrvolcano2008carideal-1256399957-e1569311937551.jpg",600,450,false],"1536x1536":["https:\/\/www.carideal.com\/blog\/wp-content\/uploads\/2009\/10\/hamannmercedesbenzslrvolcano2008carideal-1256399957-e1569311937551.jpg",600,450,false],"2048x2048":["https:\/\/www.carideal.com\/blog\/wp-content\/uploads\/2009\/10\/hamannmercedesbenzslrvolcano2008carideal-1256399957-e1569311937551.jpg",600,450,false],"wppr-widget":["https:\/\/www.carideal.com\/blog\/wp-content\/uploads\/2009\/10\/hamannmercedesbenzslrvolcano2008carideal-1256399957-50x38.jpg",50,38,true]},"uagb_author_info":{"display_name":"N.S Carideal","author_link":"https:\/\/www.carideal.com\/blog\/author\/admin_carideal\/"},"uagb_comment_info":0,"uagb_excerpt":"Mercedes McLaren SLR Hamann Volcano Je ne peux pas passer \u00e0 c\u00f4t\u00e9 de la pr\u00e9sentation de ce magnifique mod\u00e8le du pr\u00e9parateur Hamann, plein de d\u00e9mesure, et radicale. Hamann a modifi\u00e9 le moteur de cette Volcano sur base de Mercedes SLR. Le moteur a subi une l\u00e9g\u00e8re pr\u00e9paration\u00a0: Le V8 de l'allemande passe de 626 ch\u2026","_links":{"self":[{"href":"https:\/\/www.carideal.com\/blog\/wp-json\/wp\/v2\/posts\/717"}],"collection":[{"href":"https:\/\/www.carideal.com\/blog\/wp-json\/wp\/v2\/posts"}],"about":[{"href":"https:\/\/www.carideal.com\/blog\/wp-json\/wp\/v2\/types\/post"}],"author":[{"embeddable":true,"href":"https:\/\/www.carideal.com\/blog\/wp-json\/wp\/v2\/users\/1"}],"replies":[{"embeddable":true,"href":"https:\/\/www.carideal.com\/blog\/wp-json\/wp\/v2\/comments?post=717"}],"version-history":[{"count":0,"href":"https:\/\/www.carideal.com\/blog\/wp-json\/wp\/v2\/posts\/717\/revisions"}],"wp:featuredmedia":[{"embeddable":true,"href":"https:\/\/www.carideal.com\/blog\/wp-json\/wp\/v2\/media\/19858"}],"wp:attachment":[{"href":"https:\/\/www.carideal.com\/blog\/wp-json\/wp\/v2\/media?parent=717"}],"wp:term":[{"taxonomy":"category","embeddable":true,"href":"https:\/\/www.carideal.com\/blog\/wp-json\/wp\/v2\/categories?post=717"},{"taxonomy":"post_tag","embeddable":true,"href":"https:\/\/www.carideal.com\/blog\/wp-json\/wp\/v2\/tags?post=717"}],"curies":[{"name":"wp","href":"https:\/\/api.w.org\/{rel}","templated":true}]}}